{"id":8293,"date":"2024-07-16T13:20:19","date_gmt":"2024-07-16T16:20:19","guid":{"rendered":"https:\/\/autofans.com.ar\/?p=8293"},"modified":"2024-07-16T18:02:53","modified_gmt":"2024-07-16T21:02:53","slug":"scania-lanza-la-sexta-edicion-de-conductoras","status":"publish","type":"post","link":"https:\/\/autofans.com.ar\/index.php\/2024\/07\/16\/scania-lanza-la-sexta-edicion-de-conductoras\/","title":{"rendered":"Scania lanza la sexta edici\u00f3n de \u201cConductoras\u201d"},"content":{"rendered":"<p>Scania ha anunciado la apertura de inscripciones para la sexta edici\u00f3n de su programa \u00abConductoras\u00bb. Este proyecto, destinado a mujeres que desean integrarse profesionalmente al sector del transporte de carga, se ha convertido en un referente en la reducci\u00f3n de la brecha de g\u00e9nero en esta industria. Las inscripciones estar\u00e1n abiertas desde el 12 de julio hasta el 4 de agosto y podr\u00e1n realizarse a trav\u00e9s del sitio web oficial del programa.<\/p>\n<p>&nbsp;<\/p>\n<h2>Un programa con impacto<\/h2>\n<p>&nbsp;<\/p>\n<p><img fetchpriority=\"high\" decoding=\"async\" class=\"wp-image-8298 size-full aligncenter\" src=\"https:\/\/autofans.com.ar\/wp-content\/uploads\/2024\/07\/scania-4.jpg\" alt=\"Scania\" width=\"1000\" height=\"667\" srcset=\"https:\/\/autofans.com.ar\/wp-content\/uploads\/2024\/07\/scania-4.jpg 1000w, https:\/\/autofans.com.ar\/wp-content\/uploads\/2024\/07\/scania-4-300x200.jpg 300w, https:\/\/autofans.com.ar\/wp-content\/uploads\/2024\/07\/scania-4-768x512.jpg 768w\" sizes=\"(max-width: 1000px) 100vw, 1000px\" \/><\/p>\n<p>&nbsp;<\/p>\n<p>Desde su creaci\u00f3n, \u00abConductoras\u00bb ha contado con la participaci\u00f3n de m\u00e1s de 6000 mujeres en lista de espera y ha formado a 60 conductoras. Este a\u00f1o, 12 mujeres ser\u00e1n seleccionadas para realizar el curso de conductora profesional, el cual se dictar\u00e1 en la Fundaci\u00f3n Profesional para el Transporte de FADEEAC y en el Centro de Capacitaci\u00f3n de Scania Argentina. El curso incluye hospedaje, traslados y comidas.<\/p>\n<p>&nbsp;<\/p>\n<blockquote>\n<p style=\"text-align: center;\">\u201cConductoras\u201d, beca lanzada de forma precursora por Scania Argentina en Latinoam\u00e9rica, busca reducir la brecha de g\u00e9nero existente en el transporte y contribuir a la igualdad de g\u00e9nero en el sector. En la actualidad y seg\u00fan datos de la Agencia Nacional de Seguridad Vial, el 1% de las licencias profesionales de transporte emitidas corresponden a mujeres, y Scania, adherida a los Principios de Empoderamiento de las Mujeres (WEPs) de la ONU, realizar\u00e1 por sexta vez el ciclo con el objetivo de formar profesionalmente a aquellas que deseen ser parte de la industria del autotransporte de cargas e incentivar a muchas otras a sumarse a esta actividad laboral.<\/p>\n<\/blockquote>\n<p>&nbsp;<\/p>\n<h2>Gu\u00eda de buenas pr\u00e1cticas<\/h2>\n<p>&nbsp;<\/p>\n<p><img decoding=\"async\" class=\"aligncenter wp-image-8299 size-full\" src=\"https:\/\/autofans.com.ar\/wp-content\/uploads\/2024\/07\/scania-3.jpg\" alt=\"Scania\" width=\"1000\" height=\"667\" srcset=\"https:\/\/autofans.com.ar\/wp-content\/uploads\/2024\/07\/scania-3.jpg 1000w, https:\/\/autofans.com.ar\/wp-content\/uploads\/2024\/07\/scania-3-300x200.jpg 300w, https:\/\/autofans.com.ar\/wp-content\/uploads\/2024\/07\/scania-3-768x512.jpg 768w\" sizes=\"(max-width: 1000px) 100vw, 1000px\" \/><\/p>\n<p>&nbsp;<\/p>\n<p>Como parte de su compromiso con la inclusi\u00f3n, Scania ha desarrollado una Gu\u00eda de buenas pr\u00e1cticas que ofrece consejos para la inserci\u00f3n laboral de las mujeres en el transporte. Esta gu\u00eda est\u00e1 disponible para los clientes de Scania y para todo el ecosistema del sector. Entre los temas abordados se incluyen instalaciones e infraestructura, conducci\u00f3n segura de veh\u00edculos pesados, y protocolos y medici\u00f3n de pol\u00edticas.<\/p>\n<p>&nbsp;<\/p>\n<blockquote>\n<p style=\"text-align: center;\">\u201cAbrir la convocatoria a la sexta edici\u00f3n de este programa es un sin\u00f3nimo directo de su importancia y sus buenos resultados\u201d, indic\u00f3 Oscar Jaern, CEO de Scania Argentina, y agreg\u00f3: \u201cnuestro compromiso con la Diversidad e Inclusi\u00f3n se desarrolla tanto puertas adentro de la compa\u00f1\u00eda como hacia toda la sociedad y de cara a un sector tan estrat\u00e9gico en el pa\u00eds, como es el transporte\u201d.<\/p>\n<\/blockquote>\n<p>&nbsp;<\/p>\n<h2>C\u00f3mo participar<\/h2>\n<p>&nbsp;<\/p>\n<p><img decoding=\"async\" class=\"aligncenter wp-image-8297 size-full\" src=\"https:\/\/autofans.com.ar\/wp-content\/uploads\/2024\/07\/scania-5.jpg\" alt=\"Scania\" width=\"1000\" height=\"667\" srcset=\"https:\/\/autofans.com.ar\/wp-content\/uploads\/2024\/07\/scania-5.jpg 1000w, https:\/\/autofans.com.ar\/wp-content\/uploads\/2024\/07\/scania-5-300x200.jpg 300w, https:\/\/autofans.com.ar\/wp-content\/uploads\/2024\/07\/scania-5-768x512.jpg 768w\" sizes=\"(max-width: 1000px) 100vw, 1000px\" \/><\/p>\n<p>&nbsp;<\/p>\n<p>Las interesadas pueden registrarse en <a href=\"http:\/\/www.programamujeresconductoras.com.ar\/inscripcion\/\" target=\"_blank\" rel=\"noreferrer noopener\">www.programamujeresconductoras.com.ar\/inscripcion\/<\/a> donde encontrar\u00e1n las bases y condiciones del programa. Es crucial que al momento de acceder al formulario, dispongan de una hora para completar la prueba te\u00f3rica y el formulario de inscripci\u00f3n, ya que ambos pasos deben realizarse en una sola sesi\u00f3n para que la postulaci\u00f3n sea v\u00e1lida.<\/p>\n<p>&nbsp;<\/p>\n<p>&nbsp;<\/p>\n<p>&nbsp;<\/p>\n<p><i>Para enterarte de m\u00e1s novedades, no dejes de leer\u00a0<\/i><a href=\"https:\/\/autofans.thebrandsoup.com\/\"><i>nuestras notas<\/i><\/a><i>, de ver<\/i><b><i>\u00a0<\/i><\/b><a href=\"https:\/\/www.youtube.com\/channel\/UCgAC8UGHZYbT6P7PpmVnP7g\"><b><i>AUTOFANS TV<\/i><\/b><\/a><b><i>\u00a0<\/i><\/b><i>en nuestro\u00a0canal de Youtube. Adem\u00e1s seguinos en\u00a0<\/i><a href=\"https:\/\/www.instagram.com\/autofanstv\/\"><i>INSTAGRAM<\/i><\/a><i> y <\/i><a href=\"https:\/\/www.facebook.com\/autofansmas\/\"><i>FACEBOOK<\/i><\/a><i> para no perderte nada sobre las novedades del segmento automotor de Argentina y el mundo.<\/i><\/p>\n","protected":false},"excerpt":{"rendered":"<p>Scania ha anunciado la apertura de inscripciones para la sexta edici\u00f3n de su programa \u00abConductoras\u00bb&#8230;.<\/p>\n","protected":false},"author":2,"featured_media":8301,"comment_status":"closed","ping_status":"closed","sticky":false,"template":"","format":"standard","meta":{"footnotes":""},"categories":[292,16],"tags":[4425,3087,4426,1571,4423,4427,4421,4424,583,4422],"class_list":["post-8293","post","type-post","status-publish","format-standard","has-post-thumbnail","hentry","category-empresas","category-noticias","tag-capacitacion-en-transporte","tag-conductoras","tag-fadeeac","tag-igualdad-de-genero","tag-inclusion-femenina","tag-inscripcion-conductoras","tag-mujeres-en-transporte","tag-programa-de-scania","tag-scania","tag-transporte-pesado"],"yoast_head":"<!-- This site is optimized with the Yoast SEO plugin v27.5 - https:\/\/yoast.com\/product\/yoast-seo-wordpress\/ -->\n<title>Scania lanza la sexta edici\u00f3n de \u201cConductoras\u201d -<\/title>\n<meta name=\"description\" content=\"Scania ha anunciado la apertura de inscripciones para la sexta edici\u00f3n de su programa &quot;Conductoras&quot;. Este proyecto, destinado a mujeres...\" \/>\n<meta name=\"robots\" content=\"index, follow, max-snippet:-1, max-image-preview:large, max-video-preview:-1\" \/>\n<link rel=\"canonical\" href=\"https:\/\/autofans.com.ar\/index.php\/2024\/07\/16\/scania-lanza-la-sexta-edicion-de-conductoras\/\" \/>\n<meta property=\"og:locale\" content=\"es_ES\" \/>\n<meta property=\"og:type\" content=\"article\" \/>\n<meta property=\"og:title\" content=\"Scania lanza la sexta edici\u00f3n de \u201cConductoras\u201d -\" \/>\n<meta property=\"og:description\" content=\"Scania ha anunciado la apertura de inscripciones para la sexta edici\u00f3n de su programa &quot;Conductoras&quot;. Este proyecto, destinado a mujeres...\" \/>\n<meta property=\"og:url\" content=\"https:\/\/autofans.com.ar\/index.php\/2024\/07\/16\/scania-lanza-la-sexta-edicion-de-conductoras\/\" \/>\n<meta property=\"article:published_time\" content=\"2024-07-16T16:20:19+00:00\" \/>\n<meta property=\"article:modified_time\" content=\"2024-07-16T21:02:53+00:00\" \/>\n<meta property=\"og:image\" content=\"https:\/\/autofans.com.ar\/wp-content\/uploads\/2024\/07\/scania-1.jpg\" \/>\n\t<meta property=\"og:image:width\" content=\"640\" \/>\n\t<meta property=\"og:image:height\" content=\"427\" \/>\n\t<meta property=\"og:image:type\" content=\"image\/jpeg\" \/>\n<meta name=\"author\" content=\"Alejandro Gabriel Rosito\" \/>\n<meta name=\"twitter:card\" content=\"summary_large_image\" \/>\n<meta name=\"twitter:label1\" content=\"Escrito por\" \/>\n\t<meta name=\"twitter:data1\" content=\"Alejandro Gabriel Rosito\" \/>\n\t<meta name=\"twitter:label2\" content=\"Tiempo de lectura\" \/>\n\t<meta name=\"twitter:data2\" content=\"3 minutos\" \/>\n<script type=\"application\/ld+json\" class=\"yoast-schema-graph\">{\"@context\":\"https:\\\/\\\/schema.org\",\"@graph\":[{\"@type\":\"Article\",\"@id\":\"https:\\\/\\\/autofans.com.ar\\\/index.php\\\/2024\\\/07\\\/16\\\/scania-lanza-la-sexta-edicion-de-conductoras\\\/#article\",\"isPartOf\":{\"@id\":\"https:\\\/\\\/autofans.com.ar\\\/index.php\\\/2024\\\/07\\\/16\\\/scania-lanza-la-sexta-edicion-de-conductoras\\\/\"},\"author\":{\"name\":\"Alejandro Gabriel Rosito\",\"@id\":\"https:\\\/\\\/autofans.com.ar\\\/#\\\/schema\\\/person\\\/4a8dda0b6df83ac3d6723e921274c2aa\"},\"headline\":\"Scania lanza la sexta edici\u00f3n de \u201cConductoras\u201d\",\"datePublished\":\"2024-07-16T16:20:19+00:00\",\"dateModified\":\"2024-07-16T21:02:53+00:00\",\"mainEntityOfPage\":{\"@id\":\"https:\\\/\\\/autofans.com.ar\\\/index.php\\\/2024\\\/07\\\/16\\\/scania-lanza-la-sexta-edicion-de-conductoras\\\/\"},\"wordCount\":542,\"image\":{\"@id\":\"https:\\\/\\\/autofans.com.ar\\\/index.php\\\/2024\\\/07\\\/16\\\/scania-lanza-la-sexta-edicion-de-conductoras\\\/#primaryimage\"},\"thumbnailUrl\":\"https:\\\/\\\/autofans.com.ar\\\/wp-content\\\/uploads\\\/2024\\\/07\\\/scania-1.jpg\",\"keywords\":[\"capacitaci\u00f3n en transporte\",\"Conductoras\",\"FADEEAC\",\"igualdad de g\u00e9nero\",\"inclusi\u00f3n femenina\",\"inscripci\u00f3n Conductoras\",\"mujeres en transporte\",\"programa de Scania\",\"Scania\",\"transporte pesado\"],\"articleSection\":[\"EMPRESAS\",\"NOTICIAS\"],\"inLanguage\":\"es\"},{\"@type\":\"WebPage\",\"@id\":\"https:\\\/\\\/autofans.com.ar\\\/index.php\\\/2024\\\/07\\\/16\\\/scania-lanza-la-sexta-edicion-de-conductoras\\\/\",\"url\":\"https:\\\/\\\/autofans.com.ar\\\/index.php\\\/2024\\\/07\\\/16\\\/scania-lanza-la-sexta-edicion-de-conductoras\\\/\",\"name\":\"Scania lanza la sexta edici\u00f3n de \u201cConductoras\u201d -\",\"isPartOf\":{\"@id\":\"https:\\\/\\\/autofans.com.ar\\\/#website\"},\"primaryImageOfPage\":{\"@id\":\"https:\\\/\\\/autofans.com.ar\\\/index.php\\\/2024\\\/07\\\/16\\\/scania-lanza-la-sexta-edicion-de-conductoras\\\/#primaryimage\"},\"image\":{\"@id\":\"https:\\\/\\\/autofans.com.ar\\\/index.php\\\/2024\\\/07\\\/16\\\/scania-lanza-la-sexta-edicion-de-conductoras\\\/#primaryimage\"},\"thumbnailUrl\":\"https:\\\/\\\/autofans.com.ar\\\/wp-content\\\/uploads\\\/2024\\\/07\\\/scania-1.jpg\",\"datePublished\":\"2024-07-16T16:20:19+00:00\",\"dateModified\":\"2024-07-16T21:02:53+00:00\",\"author\":{\"@id\":\"https:\\\/\\\/autofans.com.ar\\\/#\\\/schema\\\/person\\\/4a8dda0b6df83ac3d6723e921274c2aa\"},\"description\":\"Scania ha anunciado la apertura de inscripciones para la sexta edici\u00f3n de su programa \\\"Conductoras\\\". Este proyecto, destinado a mujeres...\",\"breadcrumb\":{\"@id\":\"https:\\\/\\\/autofans.com.ar\\\/index.php\\\/2024\\\/07\\\/16\\\/scania-lanza-la-sexta-edicion-de-conductoras\\\/#breadcrumb\"},\"inLanguage\":\"es\",\"potentialAction\":[{\"@type\":\"ReadAction\",\"target\":[\"https:\\\/\\\/autofans.com.ar\\\/index.php\\\/2024\\\/07\\\/16\\\/scania-lanza-la-sexta-edicion-de-conductoras\\\/\"]}]},{\"@type\":\"ImageObject\",\"inLanguage\":\"es\",\"@id\":\"https:\\\/\\\/autofans.com.ar\\\/index.php\\\/2024\\\/07\\\/16\\\/scania-lanza-la-sexta-edicion-de-conductoras\\\/#primaryimage\",\"url\":\"https:\\\/\\\/autofans.com.ar\\\/wp-content\\\/uploads\\\/2024\\\/07\\\/scania-1.jpg\",\"contentUrl\":\"https:\\\/\\\/autofans.com.ar\\\/wp-content\\\/uploads\\\/2024\\\/07\\\/scania-1.jpg\",\"width\":1000,\"height\":667,\"caption\":\"Scania\"},{\"@type\":\"BreadcrumbList\",\"@id\":\"https:\\\/\\\/autofans.com.ar\\\/index.php\\\/2024\\\/07\\\/16\\\/scania-lanza-la-sexta-edicion-de-conductoras\\\/#breadcrumb\",\"itemListElement\":[{\"@type\":\"ListItem\",\"position\":1,\"name\":\"Inicio\",\"item\":\"https:\\\/\\\/autofans.com.ar\\\/\"},{\"@type\":\"ListItem\",\"position\":2,\"name\":\"Scania lanza la sexta edici\u00f3n de \u201cConductoras\u201d\"}]},{\"@type\":\"WebSite\",\"@id\":\"https:\\\/\\\/autofans.com.ar\\\/#website\",\"url\":\"https:\\\/\\\/autofans.com.ar\\\/\",\"name\":\"\",\"description\":\"El multimedio referente de la industria automotriz\",\"potentialAction\":[{\"@type\":\"SearchAction\",\"target\":{\"@type\":\"EntryPoint\",\"urlTemplate\":\"https:\\\/\\\/autofans.com.ar\\\/?s={search_term_string}\"},\"query-input\":{\"@type\":\"PropertyValueSpecification\",\"valueRequired\":true,\"valueName\":\"search_term_string\"}}],\"inLanguage\":\"es\"},{\"@type\":\"Person\",\"@id\":\"https:\\\/\\\/autofans.com.ar\\\/#\\\/schema\\\/person\\\/4a8dda0b6df83ac3d6723e921274c2aa\",\"name\":\"Alejandro Gabriel Rosito\",\"image\":{\"@type\":\"ImageObject\",\"inLanguage\":\"es\",\"@id\":\"https:\\\/\\\/secure.gravatar.com\\\/avatar\\\/16c5dda1489adfc62618084dcbb91cffd879c374b13fe5dd8e44ed6733852c88?s=96&d=mm&r=g\",\"url\":\"https:\\\/\\\/secure.gravatar.com\\\/avatar\\\/16c5dda1489adfc62618084dcbb91cffd879c374b13fe5dd8e44ed6733852c88?s=96&d=mm&r=g\",\"contentUrl\":\"https:\\\/\\\/secure.gravatar.com\\\/avatar\\\/16c5dda1489adfc62618084dcbb91cffd879c374b13fe5dd8e44ed6733852c88?s=96&d=mm&r=g\",\"caption\":\"Alejandro Gabriel Rosito\"},\"url\":\"https:\\\/\\\/autofans.com.ar\\\/index.php\\\/author\\\/gabrielr\\\/\"}]}<\/script>\n<!-- \/ Yoast SEO plugin. -->","yoast_head_json":{"title":"Scania lanza la sexta edici\u00f3n de \u201cConductoras\u201d -","description":"Scania ha anunciado la apertura de inscripciones para la sexta edici\u00f3n de su programa \"Conductoras\". Este proyecto, destinado a mujeres...","robots":{"index":"index","follow":"follow","max-snippet":"max-snippet:-1","max-image-preview":"max-image-preview:large","max-video-preview":"max-video-preview:-1"},"canonical":"https:\/\/autofans.com.ar\/index.php\/2024\/07\/16\/scania-lanza-la-sexta-edicion-de-conductoras\/","og_locale":"es_ES","og_type":"article","og_title":"Scania lanza la sexta edici\u00f3n de \u201cConductoras\u201d -","og_description":"Scania ha anunciado la apertura de inscripciones para la sexta edici\u00f3n de su programa \"Conductoras\". Este proyecto, destinado a mujeres...","og_url":"https:\/\/autofans.com.ar\/index.php\/2024\/07\/16\/scania-lanza-la-sexta-edicion-de-conductoras\/","article_published_time":"2024-07-16T16:20:19+00:00","article_modified_time":"2024-07-16T21:02:53+00:00","og_image":[{"url":"https:\/\/autofans.com.ar\/wp-content\/uploads\/2024\/07\/scania-1.jpg","width":640,"height":427,"type":"image\/jpeg"}],"author":"Alejandro Gabriel Rosito","twitter_card":"summary_large_image","twitter_misc":{"Escrito por":"Alejandro Gabriel Rosito","Tiempo de lectura":"3 minutos"},"schema":{"@context":"https:\/\/schema.org","@graph":[{"@type":"Article","@id":"https:\/\/autofans.com.ar\/index.php\/2024\/07\/16\/scania-lanza-la-sexta-edicion-de-conductoras\/#article","isPartOf":{"@id":"https:\/\/autofans.com.ar\/index.php\/2024\/07\/16\/scania-lanza-la-sexta-edicion-de-conductoras\/"},"author":{"name":"Alejandro Gabriel Rosito","@id":"https:\/\/autofans.com.ar\/#\/schema\/person\/4a8dda0b6df83ac3d6723e921274c2aa"},"headline":"Scania lanza la sexta edici\u00f3n de \u201cConductoras\u201d","datePublished":"2024-07-16T16:20:19+00:00","dateModified":"2024-07-16T21:02:53+00:00","mainEntityOfPage":{"@id":"https:\/\/autofans.com.ar\/index.php\/2024\/07\/16\/scania-lanza-la-sexta-edicion-de-conductoras\/"},"wordCount":542,"image":{"@id":"https:\/\/autofans.com.ar\/index.php\/2024\/07\/16\/scania-lanza-la-sexta-edicion-de-conductoras\/#primaryimage"},"thumbnailUrl":"https:\/\/autofans.com.ar\/wp-content\/uploads\/2024\/07\/scania-1.jpg","keywords":["capacitaci\u00f3n en transporte","Conductoras","FADEEAC","igualdad de g\u00e9nero","inclusi\u00f3n femenina","inscripci\u00f3n Conductoras","mujeres en transporte","programa de Scania","Scania","transporte pesado"],"articleSection":["EMPRESAS","NOTICIAS"],"inLanguage":"es"},{"@type":"WebPage","@id":"https:\/\/autofans.com.ar\/index.php\/2024\/07\/16\/scania-lanza-la-sexta-edicion-de-conductoras\/","url":"https:\/\/autofans.com.ar\/index.php\/2024\/07\/16\/scania-lanza-la-sexta-edicion-de-conductoras\/","name":"Scania lanza la sexta edici\u00f3n de \u201cConductoras\u201d -","isPartOf":{"@id":"https:\/\/autofans.com.ar\/#website"},"primaryImageOfPage":{"@id":"https:\/\/autofans.com.ar\/index.php\/2024\/07\/16\/scania-lanza-la-sexta-edicion-de-conductoras\/#primaryimage"},"image":{"@id":"https:\/\/autofans.com.ar\/index.php\/2024\/07\/16\/scania-lanza-la-sexta-edicion-de-conductoras\/#primaryimage"},"thumbnailUrl":"https:\/\/autofans.com.ar\/wp-content\/uploads\/2024\/07\/scania-1.jpg","datePublished":"2024-07-16T16:20:19+00:00","dateModified":"2024-07-16T21:02:53+00:00","author":{"@id":"https:\/\/autofans.com.ar\/#\/schema\/person\/4a8dda0b6df83ac3d6723e921274c2aa"},"description":"Scania ha anunciado la apertura de inscripciones para la sexta edici\u00f3n de su programa \"Conductoras\". Este proyecto, destinado a mujeres...","breadcrumb":{"@id":"https:\/\/autofans.com.ar\/index.php\/2024\/07\/16\/scania-lanza-la-sexta-edicion-de-conductoras\/#breadcrumb"},"inLanguage":"es","potentialAction":[{"@type":"ReadAction","target":["https:\/\/autofans.com.ar\/index.php\/2024\/07\/16\/scania-lanza-la-sexta-edicion-de-conductoras\/"]}]},{"@type":"ImageObject","inLanguage":"es","@id":"https:\/\/autofans.com.ar\/index.php\/2024\/07\/16\/scania-lanza-la-sexta-edicion-de-conductoras\/#primaryimage","url":"https:\/\/autofans.com.ar\/wp-content\/uploads\/2024\/07\/scania-1.jpg","contentUrl":"https:\/\/autofans.com.ar\/wp-content\/uploads\/2024\/07\/scania-1.jpg","width":1000,"height":667,"caption":"Scania"},{"@type":"BreadcrumbList","@id":"https:\/\/autofans.com.ar\/index.php\/2024\/07\/16\/scania-lanza-la-sexta-edicion-de-conductoras\/#breadcrumb","itemListElement":[{"@type":"ListItem","position":1,"name":"Inicio","item":"https:\/\/autofans.com.ar\/"},{"@type":"ListItem","position":2,"name":"Scania lanza la sexta edici\u00f3n de \u201cConductoras\u201d"}]},{"@type":"WebSite","@id":"https:\/\/autofans.com.ar\/#website","url":"https:\/\/autofans.com.ar\/","name":"","description":"El multimedio referente de la industria automotriz","potentialAction":[{"@type":"SearchAction","target":{"@type":"EntryPoint","urlTemplate":"https:\/\/autofans.com.ar\/?s={search_term_string}"},"query-input":{"@type":"PropertyValueSpecification","valueRequired":true,"valueName":"search_term_string"}}],"inLanguage":"es"},{"@type":"Person","@id":"https:\/\/autofans.com.ar\/#\/schema\/person\/4a8dda0b6df83ac3d6723e921274c2aa","name":"Alejandro Gabriel Rosito","image":{"@type":"ImageObject","inLanguage":"es","@id":"https:\/\/secure.gravatar.com\/avatar\/16c5dda1489adfc62618084dcbb91cffd879c374b13fe5dd8e44ed6733852c88?s=96&d=mm&r=g","url":"https:\/\/secure.gravatar.com\/avatar\/16c5dda1489adfc62618084dcbb91cffd879c374b13fe5dd8e44ed6733852c88?s=96&d=mm&r=g","contentUrl":"https:\/\/secure.gravatar.com\/avatar\/16c5dda1489adfc62618084dcbb91cffd879c374b13fe5dd8e44ed6733852c88?s=96&d=mm&r=g","caption":"Alejandro Gabriel Rosito"},"url":"https:\/\/autofans.com.ar\/index.php\/author\/gabrielr\/"}]}},"featured_image_urls":{"full":["https:\/\/autofans.com.ar\/wp-content\/uploads\/2024\/07\/scania-1.jpg",1000,667,false],"thumbnail":["https:\/\/autofans.com.ar\/wp-content\/uploads\/2024\/07\/scania-1-150x150.jpg",150,150,true],"medium":["https:\/\/autofans.com.ar\/wp-content\/uploads\/2024\/07\/scania-1-300x200.jpg",300,200,true],"medium_large":["https:\/\/autofans.com.ar\/wp-content\/uploads\/2024\/07\/scania-1-768x512.jpg",640,427,true],"large":["https:\/\/autofans.com.ar\/wp-content\/uploads\/2024\/07\/scania-1.jpg",640,427,false],"1536x1536":["https:\/\/autofans.com.ar\/wp-content\/uploads\/2024\/07\/scania-1.jpg",1000,667,false],"2048x2048":["https:\/\/autofans.com.ar\/wp-content\/uploads\/2024\/07\/scania-1.jpg",1000,667,false],"covernews-featured":["https:\/\/autofans.com.ar\/wp-content\/uploads\/2024\/07\/scania-1.jpg",1000,667,false],"covernews-medium":["https:\/\/autofans.com.ar\/wp-content\/uploads\/2024\/07\/scania-1-540x340.jpg",540,340,true]},"author_info":{"display_name":"Alejandro Gabriel Rosito","author_link":"https:\/\/autofans.com.ar\/index.php\/author\/gabrielr\/"},"category_info":"<a href=\"https:\/\/autofans.com.ar\/index.php\/category\/noticias\/empresas\/\" rel=\"category tag\">EMPRESAS<\/a> <a href=\"https:\/\/autofans.com.ar\/index.php\/category\/noticias\/\" rel=\"category tag\">NOTICIAS<\/a>","tag_info":"NOTICIAS","comment_count":0,"_links":{"self":[{"href":"https:\/\/autofans.com.ar\/index.php\/wp-json\/wp\/v2\/posts\/8293","targetHints":{"allow":["GET"]}}],"collection":[{"href":"https:\/\/autofans.com.ar\/index.php\/wp-json\/wp\/v2\/posts"}],"about":[{"href":"https:\/\/autofans.com.ar\/index.php\/wp-json\/wp\/v2\/types\/post"}],"author":[{"embeddable":true,"href":"https:\/\/autofans.com.ar\/index.php\/wp-json\/wp\/v2\/users\/2"}],"replies":[{"embeddable":true,"href":"https:\/\/autofans.com.ar\/index.php\/wp-json\/wp\/v2\/comments?post=8293"}],"version-history":[{"count":7,"href":"https:\/\/autofans.com.ar\/index.php\/wp-json\/wp\/v2\/posts\/8293\/revisions"}],"predecessor-version":[{"id":8305,"href":"https:\/\/autofans.com.ar\/index.php\/wp-json\/wp\/v2\/posts\/8293\/revisions\/8305"}],"wp:featuredmedia":[{"embeddable":true,"href":"https:\/\/autofans.com.ar\/index.php\/wp-json\/wp\/v2\/media\/8301"}],"wp:attachment":[{"href":"https:\/\/autofans.com.ar\/index.php\/wp-json\/wp\/v2\/media?parent=8293"}],"wp:term":[{"taxonomy":"category","embeddable":true,"href":"https:\/\/autofans.com.ar\/index.php\/wp-json\/wp\/v2\/categories?post=8293"},{"taxonomy":"post_tag","embeddable":true,"href":"https:\/\/autofans.com.ar\/index.php\/wp-json\/wp\/v2\/tags?post=8293"}],"curies":[{"name":"wp","href":"https:\/\/api.w.org\/{rel}","templated":true}]}}