{"id":8306,"date":"2024-07-16T18:16:41","date_gmt":"2024-07-16T21:16:41","guid":{"rendered":"https:\/\/autofans.com.ar\/?p=8306"},"modified":"2024-07-16T18:16:41","modified_gmt":"2024-07-16T21:16:41","slug":"mercedes-benz-celebra-la-fabricacion-de-10-millones-de-vehiculos-en-bremen","status":"publish","type":"post","link":"https:\/\/autofans.com.ar\/index.php\/2024\/07\/16\/mercedes-benz-celebra-la-fabricacion-de-10-millones-de-vehiculos-en-bremen\/","title":{"rendered":"Mercedes-Benz, celebra la fabricaci\u00f3n de 10 millones de veh\u00edculos en Bremen"},"content":{"rendered":"<p>En sus 46 a\u00f1os de historia, la planta de Mercedes-Benz en Bremen, Alemania, marca un hito significativo al alcanzar la producci\u00f3n de su unidad n\u00famero 10 millones. Este logro fue conmemorado con la fabricaci\u00f3n de un EQE completamente el\u00e9ctrico. Continuando as\u00ed su legado de excelencia en veh\u00edculos convencionales y el\u00e9ctricos.<\/p>\n<p>&nbsp;<\/p>\n<blockquote>\n<p style=\"text-align: center;\">\u00abEl aniversario de la producci\u00f3n de 10 millones de veh\u00edculos subraya una vez m\u00e1s la eficiencia y flexibilidad de la sede de Bremen. Felicito a todos los colegas por este excelente desempe\u00f1o del equipo. Su pasi\u00f3n y compromiso por construir el Mercedes-Benz perfecto para cada cliente hacen posible la historia de \u00e9xito de esta planta\u201d sostuvo J\u00f6rg Burzer, miembro del Consejo de Administraci\u00f3n de Mercedes-Benz Group AG, responsable de Producci\u00f3n, Calidad y Gesti\u00f3n de la Cadena de Suministro.<span class=\"Apple-converted-space\">\u00a0<\/span><\/p>\n<\/blockquote>\n<p>&nbsp;<\/p>\n<h2>Mercedes-Benz &#8211; innovaci\u00f3n y sostenibilidad en acci\u00f3n<\/h2>\n<p>&nbsp;<\/p>\n<p><img fetchpriority=\"high\" decoding=\"async\" class=\"wp-image-8307 size-full aligncenter\" src=\"https:\/\/autofans.com.ar\/wp-content\/uploads\/2024\/07\/mecedes-5.jpg\" alt=\"Mercedes-Benz\" width=\"1000\" height=\"667\" srcset=\"https:\/\/autofans.com.ar\/wp-content\/uploads\/2024\/07\/mecedes-5.jpg 1000w, https:\/\/autofans.com.ar\/wp-content\/uploads\/2024\/07\/mecedes-5-300x200.jpg 300w, https:\/\/autofans.com.ar\/wp-content\/uploads\/2024\/07\/mecedes-5-768x512.jpg 768w\" sizes=\"(max-width: 1000px) 100vw, 1000px\" \/><\/p>\n<p>&nbsp;<\/p>\n<p>Bremen, Alemania, julio de 2024 \u2013 La unidad 10 millones, un Mercedes-Benz EQE, sali\u00f3 de la l\u00ednea de producci\u00f3n en la planta emblem\u00e1tica de Mercedes-Benz en Bremen. Esta instalaci\u00f3n no solo fabrica modelos ic\u00f3nicos como la Clase C, el GLC y el SL, sino que tambi\u00e9n se destaca por su compromiso con la innovaci\u00f3n y la sostenibilidad en la producci\u00f3n de veh\u00edculos.<\/p>\n<p>&nbsp;<\/p>\n<blockquote>\n<p style=\"text-align: center;\">Michael Peters, Presidente del Comit\u00e9 de empresa de la planta expres\u00f3: \u201cEs realmente un motivo de celebraci\u00f3n para todos en Bremen que hayamos podido fabricar tantos veh\u00edculos en tan poco tiempo. Los 10 millones de veh\u00edculos es una cifra impresionante. Hemos demostrado de manera palpable que aqu\u00ed en Bremen la construcci\u00f3n de autom\u00f3viles es una tarea en equipo\u201d.<\/p>\n<\/blockquote>\n<p>&nbsp;<\/p>\n<h2>Pilar econ\u00f3mico y tecnol\u00f3gico desde 1978<\/h2>\n<p>Desde el primer Mercedes-Benz S123 T en 1978 hasta el avanzado EQE el\u00e9ctrico de hoy. La planta de Bremen ha sido un pilar clave en la econom\u00eda local, empleando a m\u00e1s de 11.500 personas y estableciendo est\u00e1ndares de calidad y tecnolog\u00eda en la industria automotriz.<\/p>\n<p>&nbsp;<\/p>\n<p><img decoding=\"async\" class=\"aligncenter wp-image-8311 size-full\" src=\"https:\/\/autofans.com.ar\/wp-content\/uploads\/2024\/07\/mecedes-1.jpg\" alt=\"\" width=\"1000\" height=\"667\" srcset=\"https:\/\/autofans.com.ar\/wp-content\/uploads\/2024\/07\/mecedes-1.jpg 1000w, https:\/\/autofans.com.ar\/wp-content\/uploads\/2024\/07\/mecedes-1-300x200.jpg 300w, https:\/\/autofans.com.ar\/wp-content\/uploads\/2024\/07\/mecedes-1-768x512.jpg 768w\" sizes=\"(max-width: 1000px) 100vw, 1000px\" \/><\/p>\n<p>&nbsp;<\/p>\n<p>La planta de Bremen contin\u00faa siendo un l\u00edder en innovaci\u00f3n, destac\u00e1ndose por su producci\u00f3n pionera de veh\u00edculos el\u00e9ctricos y su compromiso con la calidad suprema, reflejado en la satisfacci\u00f3n constante de sus clientes.<\/p>\n<p>&nbsp;<\/p>\n<p>&nbsp;<\/p>\n<p>&nbsp;<\/p>\n<p><i>Para enterarte de m\u00e1s novedades, no dejes de leer\u00a0<\/i><a href=\"https:\/\/autofans.thebrandsoup.com\/\"><i>nuestras notas<\/i><\/a><i>, de ver<\/i><b><i>\u00a0<\/i><\/b><a href=\"https:\/\/www.youtube.com\/channel\/UCgAC8UGHZYbT6P7PpmVnP7g\"><b><i>AUTOFANS TV<\/i><\/b><\/a><b><i>\u00a0<\/i><\/b><i>en nuestro\u00a0canal de Youtube. Adem\u00e1s seguinos en\u00a0<\/i><a href=\"https:\/\/www.instagram.com\/autofanstv\/\"><i>INSTAGRAM<\/i><\/a><i> y <\/i><a href=\"https:\/\/www.facebook.com\/autofansmas\/\"><i>FACEBOOK<\/i><\/a><i> para no perderte nada sobre las novedades del segmento automotor de Argentina y el mundo.<\/i><\/p>\n","protected":false},"excerpt":{"rendered":"<p>En sus 46 a\u00f1os de historia, la planta de Mercedes-Benz en Bremen, Alemania, marca un&#8230;<\/p>\n","protected":false},"author":2,"featured_media":8308,"comment_status":"closed","ping_status":"closed","sticky":false,"template":"","format":"standard","meta":{"footnotes":""},"categories":[292,16],"tags":[4429,2163,4428,2627,1622],"class_list":["post-8306","post","type-post","status-publish","format-standard","has-post-thumbnail","hentry","category-empresas","category-noticias","tag-eqe-electrico","tag-innovacion-en-automoviles","tag-mercedes-benz-bremen","tag-produccion-de-vehiculos","tag-sostenibilidad-automotriz"],"yoast_head":"<!-- This site is optimized with the Yoast SEO plugin v27.5 - https:\/\/yoast.com\/product\/yoast-seo-wordpress\/ -->\n<title>Mercedes-Benz, celebra la fabricaci\u00f3n de 10 millones de veh\u00edculos en Bremen -<\/title>\n<meta name=\"description\" content=\"La planta de Mercedes-Benz en Bremen, Alemania, marca un hito significativo al alcanzar la producci\u00f3n de su unidad n\u00famero 10 millones...\" \/>\n<meta name=\"robots\" content=\"index, follow, max-snippet:-1, max-image-preview:large, max-video-preview:-1\" \/>\n<link rel=\"canonical\" href=\"https:\/\/autofans.com.ar\/index.php\/2024\/07\/16\/mercedes-benz-celebra-la-fabricacion-de-10-millones-de-vehiculos-en-bremen\/\" \/>\n<meta property=\"og:locale\" content=\"es_ES\" \/>\n<meta property=\"og:type\" content=\"article\" \/>\n<meta property=\"og:title\" content=\"Mercedes-Benz, celebra la fabricaci\u00f3n de 10 millones de veh\u00edculos en Bremen -\" \/>\n<meta property=\"og:description\" content=\"La planta de Mercedes-Benz en Bremen, Alemania, marca un hito significativo al alcanzar la producci\u00f3n de su unidad n\u00famero 10 millones...\" \/>\n<meta property=\"og:url\" content=\"https:\/\/autofans.com.ar\/index.php\/2024\/07\/16\/mercedes-benz-celebra-la-fabricacion-de-10-millones-de-vehiculos-en-bremen\/\" \/>\n<meta property=\"article:published_time\" content=\"2024-07-16T21:16:41+00:00\" \/>\n<meta property=\"og:image\" content=\"https:\/\/autofans.com.ar\/wp-content\/uploads\/2024\/07\/mecedes-4.jpg\" \/>\n\t<meta property=\"og:image:width\" content=\"640\" \/>\n\t<meta property=\"og:image:height\" content=\"427\" \/>\n\t<meta property=\"og:image:type\" content=\"image\/jpeg\" \/>\n<meta name=\"author\" content=\"Alejandro Gabriel Rosito\" \/>\n<meta name=\"twitter:card\" content=\"summary_large_image\" \/>\n<meta name=\"twitter:label1\" content=\"Escrito por\" \/>\n\t<meta name=\"twitter:data1\" content=\"Alejandro Gabriel Rosito\" \/>\n\t<meta name=\"twitter:label2\" content=\"Tiempo de lectura\" \/>\n\t<meta name=\"twitter:data2\" content=\"2 minutos\" \/>\n<script type=\"application\/ld+json\" class=\"yoast-schema-graph\">{\"@context\":\"https:\\\/\\\/schema.org\",\"@graph\":[{\"@type\":\"Article\",\"@id\":\"https:\\\/\\\/autofans.com.ar\\\/index.php\\\/2024\\\/07\\\/16\\\/mercedes-benz-celebra-la-fabricacion-de-10-millones-de-vehiculos-en-bremen\\\/#article\",\"isPartOf\":{\"@id\":\"https:\\\/\\\/autofans.com.ar\\\/index.php\\\/2024\\\/07\\\/16\\\/mercedes-benz-celebra-la-fabricacion-de-10-millones-de-vehiculos-en-bremen\\\/\"},\"author\":{\"name\":\"Alejandro Gabriel Rosito\",\"@id\":\"https:\\\/\\\/autofans.com.ar\\\/#\\\/schema\\\/person\\\/4a8dda0b6df83ac3d6723e921274c2aa\"},\"headline\":\"Mercedes-Benz, celebra la fabricaci\u00f3n de 10 millones de veh\u00edculos en Bremen\",\"datePublished\":\"2024-07-16T21:16:41+00:00\",\"mainEntityOfPage\":{\"@id\":\"https:\\\/\\\/autofans.com.ar\\\/index.php\\\/2024\\\/07\\\/16\\\/mercedes-benz-celebra-la-fabricacion-de-10-millones-de-vehiculos-en-bremen\\\/\"},\"wordCount\":442,\"image\":{\"@id\":\"https:\\\/\\\/autofans.com.ar\\\/index.php\\\/2024\\\/07\\\/16\\\/mercedes-benz-celebra-la-fabricacion-de-10-millones-de-vehiculos-en-bremen\\\/#primaryimage\"},\"thumbnailUrl\":\"https:\\\/\\\/autofans.com.ar\\\/wp-content\\\/uploads\\\/2024\\\/07\\\/mecedes-4.jpg\",\"keywords\":[\"EQE el\u00e9ctrico\",\"Innovaci\u00f3n en autom\u00f3viles\",\"Mercedes-Benz Bremen\",\"Producci\u00f3n de Veh\u00edculos\",\"Sostenibilidad automotriz\"],\"articleSection\":[\"EMPRESAS\",\"NOTICIAS\"],\"inLanguage\":\"es\"},{\"@type\":\"WebPage\",\"@id\":\"https:\\\/\\\/autofans.com.ar\\\/index.php\\\/2024\\\/07\\\/16\\\/mercedes-benz-celebra-la-fabricacion-de-10-millones-de-vehiculos-en-bremen\\\/\",\"url\":\"https:\\\/\\\/autofans.com.ar\\\/index.php\\\/2024\\\/07\\\/16\\\/mercedes-benz-celebra-la-fabricacion-de-10-millones-de-vehiculos-en-bremen\\\/\",\"name\":\"Mercedes-Benz, celebra la fabricaci\u00f3n de 10 millones de veh\u00edculos en Bremen -\",\"isPartOf\":{\"@id\":\"https:\\\/\\\/autofans.com.ar\\\/#website\"},\"primaryImageOfPage\":{\"@id\":\"https:\\\/\\\/autofans.com.ar\\\/index.php\\\/2024\\\/07\\\/16\\\/mercedes-benz-celebra-la-fabricacion-de-10-millones-de-vehiculos-en-bremen\\\/#primaryimage\"},\"image\":{\"@id\":\"https:\\\/\\\/autofans.com.ar\\\/index.php\\\/2024\\\/07\\\/16\\\/mercedes-benz-celebra-la-fabricacion-de-10-millones-de-vehiculos-en-bremen\\\/#primaryimage\"},\"thumbnailUrl\":\"https:\\\/\\\/autofans.com.ar\\\/wp-content\\\/uploads\\\/2024\\\/07\\\/mecedes-4.jpg\",\"datePublished\":\"2024-07-16T21:16:41+00:00\",\"author\":{\"@id\":\"https:\\\/\\\/autofans.com.ar\\\/#\\\/schema\\\/person\\\/4a8dda0b6df83ac3d6723e921274c2aa\"},\"description\":\"La planta de Mercedes-Benz en Bremen, Alemania, marca un hito significativo al alcanzar la producci\u00f3n de su unidad n\u00famero 10 millones...\",\"breadcrumb\":{\"@id\":\"https:\\\/\\\/autofans.com.ar\\\/index.php\\\/2024\\\/07\\\/16\\\/mercedes-benz-celebra-la-fabricacion-de-10-millones-de-vehiculos-en-bremen\\\/#breadcrumb\"},\"inLanguage\":\"es\",\"potentialAction\":[{\"@type\":\"ReadAction\",\"target\":[\"https:\\\/\\\/autofans.com.ar\\\/index.php\\\/2024\\\/07\\\/16\\\/mercedes-benz-celebra-la-fabricacion-de-10-millones-de-vehiculos-en-bremen\\\/\"]}]},{\"@type\":\"ImageObject\",\"inLanguage\":\"es\",\"@id\":\"https:\\\/\\\/autofans.com.ar\\\/index.php\\\/2024\\\/07\\\/16\\\/mercedes-benz-celebra-la-fabricacion-de-10-millones-de-vehiculos-en-bremen\\\/#primaryimage\",\"url\":\"https:\\\/\\\/autofans.com.ar\\\/wp-content\\\/uploads\\\/2024\\\/07\\\/mecedes-4.jpg\",\"contentUrl\":\"https:\\\/\\\/autofans.com.ar\\\/wp-content\\\/uploads\\\/2024\\\/07\\\/mecedes-4.jpg\",\"width\":1000,\"height\":667},{\"@type\":\"BreadcrumbList\",\"@id\":\"https:\\\/\\\/autofans.com.ar\\\/index.php\\\/2024\\\/07\\\/16\\\/mercedes-benz-celebra-la-fabricacion-de-10-millones-de-vehiculos-en-bremen\\\/#breadcrumb\",\"itemListElement\":[{\"@type\":\"ListItem\",\"position\":1,\"name\":\"Inicio\",\"item\":\"https:\\\/\\\/autofans.com.ar\\\/\"},{\"@type\":\"ListItem\",\"position\":2,\"name\":\"Mercedes-Benz, celebra la fabricaci\u00f3n de 10 millones de veh\u00edculos en Bremen\"}]},{\"@type\":\"WebSite\",\"@id\":\"https:\\\/\\\/autofans.com.ar\\\/#website\",\"url\":\"https:\\\/\\\/autofans.com.ar\\\/\",\"name\":\"\",\"description\":\"El multimedio referente de la industria automotriz\",\"potentialAction\":[{\"@type\":\"SearchAction\",\"target\":{\"@type\":\"EntryPoint\",\"urlTemplate\":\"https:\\\/\\\/autofans.com.ar\\\/?s={search_term_string}\"},\"query-input\":{\"@type\":\"PropertyValueSpecification\",\"valueRequired\":true,\"valueName\":\"search_term_string\"}}],\"inLanguage\":\"es\"},{\"@type\":\"Person\",\"@id\":\"https:\\\/\\\/autofans.com.ar\\\/#\\\/schema\\\/person\\\/4a8dda0b6df83ac3d6723e921274c2aa\",\"name\":\"Alejandro Gabriel Rosito\",\"image\":{\"@type\":\"ImageObject\",\"inLanguage\":\"es\",\"@id\":\"https:\\\/\\\/secure.gravatar.com\\\/avatar\\\/16c5dda1489adfc62618084dcbb91cffd879c374b13fe5dd8e44ed6733852c88?s=96&d=mm&r=g\",\"url\":\"https:\\\/\\\/secure.gravatar.com\\\/avatar\\\/16c5dda1489adfc62618084dcbb91cffd879c374b13fe5dd8e44ed6733852c88?s=96&d=mm&r=g\",\"contentUrl\":\"https:\\\/\\\/secure.gravatar.com\\\/avatar\\\/16c5dda1489adfc62618084dcbb91cffd879c374b13fe5dd8e44ed6733852c88?s=96&d=mm&r=g\",\"caption\":\"Alejandro Gabriel Rosito\"},\"url\":\"https:\\\/\\\/autofans.com.ar\\\/index.php\\\/author\\\/gabrielr\\\/\"}]}<\/script>\n<!-- \/ Yoast SEO plugin. -->","yoast_head_json":{"title":"Mercedes-Benz, celebra la fabricaci\u00f3n de 10 millones de veh\u00edculos en Bremen -","description":"La planta de Mercedes-Benz en Bremen, Alemania, marca un hito significativo al alcanzar la producci\u00f3n de su unidad n\u00famero 10 millones...","robots":{"index":"index","follow":"follow","max-snippet":"max-snippet:-1","max-image-preview":"max-image-preview:large","max-video-preview":"max-video-preview:-1"},"canonical":"https:\/\/autofans.com.ar\/index.php\/2024\/07\/16\/mercedes-benz-celebra-la-fabricacion-de-10-millones-de-vehiculos-en-bremen\/","og_locale":"es_ES","og_type":"article","og_title":"Mercedes-Benz, celebra la fabricaci\u00f3n de 10 millones de veh\u00edculos en Bremen -","og_description":"La planta de Mercedes-Benz en Bremen, Alemania, marca un hito significativo al alcanzar la producci\u00f3n de su unidad n\u00famero 10 millones...","og_url":"https:\/\/autofans.com.ar\/index.php\/2024\/07\/16\/mercedes-benz-celebra-la-fabricacion-de-10-millones-de-vehiculos-en-bremen\/","article_published_time":"2024-07-16T21:16:41+00:00","og_image":[{"url":"https:\/\/autofans.com.ar\/wp-content\/uploads\/2024\/07\/mecedes-4.jpg","width":640,"height":427,"type":"image\/jpeg"}],"author":"Alejandro Gabriel Rosito","twitter_card":"summary_large_image","twitter_misc":{"Escrito por":"Alejandro Gabriel Rosito","Tiempo de lectura":"2 minutos"},"schema":{"@context":"https:\/\/schema.org","@graph":[{"@type":"Article","@id":"https:\/\/autofans.com.ar\/index.php\/2024\/07\/16\/mercedes-benz-celebra-la-fabricacion-de-10-millones-de-vehiculos-en-bremen\/#article","isPartOf":{"@id":"https:\/\/autofans.com.ar\/index.php\/2024\/07\/16\/mercedes-benz-celebra-la-fabricacion-de-10-millones-de-vehiculos-en-bremen\/"},"author":{"name":"Alejandro Gabriel Rosito","@id":"https:\/\/autofans.com.ar\/#\/schema\/person\/4a8dda0b6df83ac3d6723e921274c2aa"},"headline":"Mercedes-Benz, celebra la fabricaci\u00f3n de 10 millones de veh\u00edculos en Bremen","datePublished":"2024-07-16T21:16:41+00:00","mainEntityOfPage":{"@id":"https:\/\/autofans.com.ar\/index.php\/2024\/07\/16\/mercedes-benz-celebra-la-fabricacion-de-10-millones-de-vehiculos-en-bremen\/"},"wordCount":442,"image":{"@id":"https:\/\/autofans.com.ar\/index.php\/2024\/07\/16\/mercedes-benz-celebra-la-fabricacion-de-10-millones-de-vehiculos-en-bremen\/#primaryimage"},"thumbnailUrl":"https:\/\/autofans.com.ar\/wp-content\/uploads\/2024\/07\/mecedes-4.jpg","keywords":["EQE el\u00e9ctrico","Innovaci\u00f3n en autom\u00f3viles","Mercedes-Benz Bremen","Producci\u00f3n de Veh\u00edculos","Sostenibilidad automotriz"],"articleSection":["EMPRESAS","NOTICIAS"],"inLanguage":"es"},{"@type":"WebPage","@id":"https:\/\/autofans.com.ar\/index.php\/2024\/07\/16\/mercedes-benz-celebra-la-fabricacion-de-10-millones-de-vehiculos-en-bremen\/","url":"https:\/\/autofans.com.ar\/index.php\/2024\/07\/16\/mercedes-benz-celebra-la-fabricacion-de-10-millones-de-vehiculos-en-bremen\/","name":"Mercedes-Benz, celebra la fabricaci\u00f3n de 10 millones de veh\u00edculos en Bremen -","isPartOf":{"@id":"https:\/\/autofans.com.ar\/#website"},"primaryImageOfPage":{"@id":"https:\/\/autofans.com.ar\/index.php\/2024\/07\/16\/mercedes-benz-celebra-la-fabricacion-de-10-millones-de-vehiculos-en-bremen\/#primaryimage"},"image":{"@id":"https:\/\/autofans.com.ar\/index.php\/2024\/07\/16\/mercedes-benz-celebra-la-fabricacion-de-10-millones-de-vehiculos-en-bremen\/#primaryimage"},"thumbnailUrl":"https:\/\/autofans.com.ar\/wp-content\/uploads\/2024\/07\/mecedes-4.jpg","datePublished":"2024-07-16T21:16:41+00:00","author":{"@id":"https:\/\/autofans.com.ar\/#\/schema\/person\/4a8dda0b6df83ac3d6723e921274c2aa"},"description":"La planta de Mercedes-Benz en Bremen, Alemania, marca un hito significativo al alcanzar la producci\u00f3n de su unidad n\u00famero 10 millones...","breadcrumb":{"@id":"https:\/\/autofans.com.ar\/index.php\/2024\/07\/16\/mercedes-benz-celebra-la-fabricacion-de-10-millones-de-vehiculos-en-bremen\/#breadcrumb"},"inLanguage":"es","potentialAction":[{"@type":"ReadAction","target":["https:\/\/autofans.com.ar\/index.php\/2024\/07\/16\/mercedes-benz-celebra-la-fabricacion-de-10-millones-de-vehiculos-en-bremen\/"]}]},{"@type":"ImageObject","inLanguage":"es","@id":"https:\/\/autofans.com.ar\/index.php\/2024\/07\/16\/mercedes-benz-celebra-la-fabricacion-de-10-millones-de-vehiculos-en-bremen\/#primaryimage","url":"https:\/\/autofans.com.ar\/wp-content\/uploads\/2024\/07\/mecedes-4.jpg","contentUrl":"https:\/\/autofans.com.ar\/wp-content\/uploads\/2024\/07\/mecedes-4.jpg","width":1000,"height":667},{"@type":"BreadcrumbList","@id":"https:\/\/autofans.com.ar\/index.php\/2024\/07\/16\/mercedes-benz-celebra-la-fabricacion-de-10-millones-de-vehiculos-en-bremen\/#breadcrumb","itemListElement":[{"@type":"ListItem","position":1,"name":"Inicio","item":"https:\/\/autofans.com.ar\/"},{"@type":"ListItem","position":2,"name":"Mercedes-Benz, celebra la fabricaci\u00f3n de 10 millones de veh\u00edculos en Bremen"}]},{"@type":"WebSite","@id":"https:\/\/autofans.com.ar\/#website","url":"https:\/\/autofans.com.ar\/","name":"","description":"El multimedio referente de la industria automotriz","potentialAction":[{"@type":"SearchAction","target":{"@type":"EntryPoint","urlTemplate":"https:\/\/autofans.com.ar\/?s={search_term_string}"},"query-input":{"@type":"PropertyValueSpecification","valueRequired":true,"valueName":"search_term_string"}}],"inLanguage":"es"},{"@type":"Person","@id":"https:\/\/autofans.com.ar\/#\/schema\/person\/4a8dda0b6df83ac3d6723e921274c2aa","name":"Alejandro Gabriel Rosito","image":{"@type":"ImageObject","inLanguage":"es","@id":"https:\/\/secure.gravatar.com\/avatar\/16c5dda1489adfc62618084dcbb91cffd879c374b13fe5dd8e44ed6733852c88?s=96&d=mm&r=g","url":"https:\/\/secure.gravatar.com\/avatar\/16c5dda1489adfc62618084dcbb91cffd879c374b13fe5dd8e44ed6733852c88?s=96&d=mm&r=g","contentUrl":"https:\/\/secure.gravatar.com\/avatar\/16c5dda1489adfc62618084dcbb91cffd879c374b13fe5dd8e44ed6733852c88?s=96&d=mm&r=g","caption":"Alejandro Gabriel Rosito"},"url":"https:\/\/autofans.com.ar\/index.php\/author\/gabrielr\/"}]}},"featured_image_urls":{"full":["https:\/\/autofans.com.ar\/wp-content\/uploads\/2024\/07\/mecedes-4.jpg",1000,667,false],"thumbnail":["https:\/\/autofans.com.ar\/wp-content\/uploads\/2024\/07\/mecedes-4-150x150.jpg",150,150,true],"medium":["https:\/\/autofans.com.ar\/wp-content\/uploads\/2024\/07\/mecedes-4-300x200.jpg",300,200,true],"medium_large":["https:\/\/autofans.com.ar\/wp-content\/uploads\/2024\/07\/mecedes-4-768x512.jpg",640,427,true],"large":["https:\/\/autofans.com.ar\/wp-content\/uploads\/2024\/07\/mecedes-4.jpg",640,427,false],"1536x1536":["https:\/\/autofans.com.ar\/wp-content\/uploads\/2024\/07\/mecedes-4.jpg",1000,667,false],"2048x2048":["https:\/\/autofans.com.ar\/wp-content\/uploads\/2024\/07\/mecedes-4.jpg",1000,667,false],"covernews-featured":["https:\/\/autofans.com.ar\/wp-content\/uploads\/2024\/07\/mecedes-4.jpg",1000,667,false],"covernews-medium":["https:\/\/autofans.com.ar\/wp-content\/uploads\/2024\/07\/mecedes-4-540x340.jpg",540,340,true]},"author_info":{"display_name":"Alejandro Gabriel Rosito","author_link":"https:\/\/autofans.com.ar\/index.php\/author\/gabrielr\/"},"category_info":"<a href=\"https:\/\/autofans.com.ar\/index.php\/category\/noticias\/empresas\/\" rel=\"category tag\">EMPRESAS<\/a> <a href=\"https:\/\/autofans.com.ar\/index.php\/category\/noticias\/\" rel=\"category tag\">NOTICIAS<\/a>","tag_info":"NOTICIAS","comment_count":0,"_links":{"self":[{"href":"https:\/\/autofans.com.ar\/index.php\/wp-json\/wp\/v2\/posts\/8306","targetHints":{"allow":["GET"]}}],"collection":[{"href":"https:\/\/autofans.com.ar\/index.php\/wp-json\/wp\/v2\/posts"}],"about":[{"href":"https:\/\/autofans.com.ar\/index.php\/wp-json\/wp\/v2\/types\/post"}],"author":[{"embeddable":true,"href":"https:\/\/autofans.com.ar\/index.php\/wp-json\/wp\/v2\/users\/2"}],"replies":[{"embeddable":true,"href":"https:\/\/autofans.com.ar\/index.php\/wp-json\/wp\/v2\/comments?post=8306"}],"version-history":[{"count":2,"href":"https:\/\/autofans.com.ar\/index.php\/wp-json\/wp\/v2\/posts\/8306\/revisions"}],"predecessor-version":[{"id":8314,"href":"https:\/\/autofans.com.ar\/index.php\/wp-json\/wp\/v2\/posts\/8306\/revisions\/8314"}],"wp:featuredmedia":[{"embeddable":true,"href":"https:\/\/autofans.com.ar\/index.php\/wp-json\/wp\/v2\/media\/8308"}],"wp:attachment":[{"href":"https:\/\/autofans.com.ar\/index.php\/wp-json\/wp\/v2\/media?parent=8306"}],"wp:term":[{"taxonomy":"category","embeddable":true,"href":"https:\/\/autofans.com.ar\/index.php\/wp-json\/wp\/v2\/categories?post=8306"},{"taxonomy":"post_tag","embeddable":true,"href":"https:\/\/autofans.com.ar\/index.php\/wp-json\/wp\/v2\/tags?post=8306"}],"curies":[{"name":"wp","href":"https:\/\/api.w.org\/{rel}","templated":true}]}}