{"id":8339,"date":"2024-07-18T20:28:43","date_gmt":"2024-07-18T23:28:43","guid":{"rendered":"https:\/\/autofans.com.ar\/?p=8339"},"modified":"2024-07-18T20:28:43","modified_gmt":"2024-07-18T23:28:43","slug":"mercedes-benz-buses-y-camiones-innovacion-y-sustentabilidad-en-el-transporte-argentino","status":"publish","type":"post","link":"https:\/\/autofans.com.ar\/index.php\/2024\/07\/18\/mercedes-benz-buses-y-camiones-innovacion-y-sustentabilidad-en-el-transporte-argentino\/","title":{"rendered":"Mercedes-Benz Buses y Camiones innovaci\u00f3n y sustentabilidad en el transporte Argentino"},"content":{"rendered":"<p>Mercedes-Benz Camiones y Buses lanz\u00f3 la tercera edici\u00f3n de Di\u00e1logos de Movilidad Sustentable y Rentabilidad, una iniciativa que forma parte de la campa\u00f1a \u00abKil\u00f3metro a Kil\u00f3metro\u00bb. Este espacio, que se inici\u00f3 en 2022, busca promover el intercambio de ideas y la construcci\u00f3n de una agenda conjunta entre actores clave del sector.<\/p>\n<p>&nbsp;<\/p>\n<h2>Tercera edici\u00f3n de di\u00e1logos sobre gesti\u00f3n de flotas y capacitaci\u00f3n<\/h2>\n<p>Desde su creaci\u00f3n, 35 clientes de diversos rubros como log\u00edstica, transporte de pasajeros y carga han participado en estos di\u00e1logos, que se han convertido en un referente para los l\u00edderes del sector. En esta tercera edici\u00f3n, se abordaron temas cr\u00edticos sobre la gesti\u00f3n de flotas y el impacto de la capacitaci\u00f3n en el desarrollo del negocio. Los asistentes discutieron variables importantes en sustentabilidad y rentabilidad y propusieron ideas innovadoras para mejorar la movilidad.<\/p>\n<p>&nbsp;<\/p>\n<figure id=\"attachment_8340\" aria-describedby=\"caption-attachment-8340\" style=\"width: 1000px\" class=\"wp-caption aligncenter\"><img fetchpriority=\"high\" decoding=\"async\" class=\"wp-image-8340 size-full\" src=\"https:\/\/autofans.com.ar\/wp-content\/uploads\/2024\/07\/mercedes-3-1.jpg\" alt=\"Mercedes-Benz Buses\" width=\"1000\" height=\"667\" srcset=\"https:\/\/autofans.com.ar\/wp-content\/uploads\/2024\/07\/mercedes-3-1.jpg 1000w, https:\/\/autofans.com.ar\/wp-content\/uploads\/2024\/07\/mercedes-3-1-300x200.jpg 300w, https:\/\/autofans.com.ar\/wp-content\/uploads\/2024\/07\/mercedes-3-1-768x512.jpg 768w\" sizes=\"(max-width: 1000px) 100vw, 1000px\" \/><figcaption id=\"caption-attachment-8340\" class=\"wp-caption-text\">Paula D\u00edaz, Gerenta de Servicios al Cliente y Conectividad de Mercedes-Benz Camiones y Buses<\/figcaption><\/figure>\n<p>&nbsp;<\/p>\n<blockquote>\n<p style=\"text-align: center;\">\u00abEstos di\u00e1logos son importantes para construir un futuro de movilidad m\u00e1s seguro y sostenible junto a nuestros clientes\u00bb, enfatiza Paula D\u00edaz, Gerenta de Servicios al Cliente y Conectividad de Mercedes-Benz Camiones y Buses, \u00abNuestro compromiso con la excelencia y la sostenibilidad se refleja en cada aspecto de nuestro servicio 360\u00b0, basado en tres pilares, uno que es la eficiencia y rentabilidad, la seguridad y el cuidado ambiental.\u201d<\/p>\n<\/blockquote>\n<p>&nbsp;<\/p>\n<h2>Mercedes-Benz Buses y Camiones &#8211; liderazgo en electromovilidad<\/h2>\n<p>La primera edici\u00f3n se centr\u00f3 en la conducci\u00f3n segura y sustentable, mientras que la segunda enfatiz\u00f3 la gesti\u00f3n eficiente de flotas. Este enfoque evolutivo muestra el compromiso constante de Mercedes-Benz con sus clientes y la industria.<\/p>\n<p>&nbsp;<\/p>\n<p><img decoding=\"async\" class=\"aligncenter wp-image-8342 size-full\" src=\"https:\/\/autofans.com.ar\/wp-content\/uploads\/2024\/07\/mercedes-1-1.jpg\" alt=\"Mercedes-Benz Buses\" width=\"1000\" height=\"667\" srcset=\"https:\/\/autofans.com.ar\/wp-content\/uploads\/2024\/07\/mercedes-1-1.jpg 1000w, https:\/\/autofans.com.ar\/wp-content\/uploads\/2024\/07\/mercedes-1-1-300x200.jpg 300w, https:\/\/autofans.com.ar\/wp-content\/uploads\/2024\/07\/mercedes-1-1-768x512.jpg 768w\" sizes=\"(max-width: 1000px) 100vw, 1000px\" \/><\/p>\n<p>&nbsp;<\/p>\n<p><a href=\"https:\/\/autofans.com.ar\/index.php\/2024\/06\/10\/mercedes-benz-camiones-y-buses-en-agroactiva-2024\/\" target=\"_blank\" rel=\"noopener\">Mercedes-Benz Camiones y Buses<\/a> tambi\u00e9n est\u00e1 alineada con la agenda del Pacto Global \u201cCero emisiones\u201d de Daimler Truck, desarrollando veh\u00edculos el\u00e9ctricos como el chasis de bus el\u00e9ctrico, demostrando su liderazgo en electromovilidad.<\/p>\n<p>Con la campa\u00f1a \u00abKil\u00f3metro a Kil\u00f3metro\u00bb, Mercedes-Benz sigue innovando y satisfaciendo las necesidades del mercado y de sus clientes, consolidando su liderazgo en la industria del transporte en Argentina.<\/p>\n<p>&nbsp;<\/p>\n<p>&nbsp;<\/p>\n<p>&nbsp;<\/p>\n<p><i>Para enterarte de m\u00e1s novedades, no dejes de leer\u00a0<\/i><a href=\"https:\/\/autofans.thebrandsoup.com\/\"><i>nuestras notas<\/i><\/a><i>, de ver<\/i><b><i>\u00a0<\/i><\/b><a href=\"https:\/\/www.youtube.com\/channel\/UCgAC8UGHZYbT6P7PpmVnP7g\"><b><i>AUTOFANS TV<\/i><\/b><\/a><b><i>\u00a0<\/i><\/b><i>en nuestro\u00a0canal de Youtube. Adem\u00e1s seguinos en\u00a0<\/i><a href=\"https:\/\/www.instagram.com\/autofanstv\/\"><i>INSTAGRAM<\/i><\/a><i> y <\/i><a href=\"https:\/\/www.facebook.com\/autofansmas\/\"><i>FACEBOOK<\/i><\/a><i> para no perderte nada sobre las novedades del segmento automotor de Argentina y el mundo.<\/i><\/p>\n","protected":false},"excerpt":{"rendered":"<p>Mercedes-Benz Camiones y Buses lanz\u00f3 la tercera edici\u00f3n de Di\u00e1logos de Movilidad Sustentable y Rentabilidad,&#8230;<\/p>\n","protected":false},"author":2,"featured_media":8341,"comment_status":"closed","ping_status":"closed","sticky":false,"template":"","format":"standard","meta":{"footnotes":""},"categories":[371,16],"tags":[3566,4447,2210,364,1460,1224,4446,359],"class_list":["post-8339","post","type-post","status-publish","format-standard","has-post-thumbnail","hentry","category-hibridos-electricos-y","category-noticias","tag-daimler-truck","tag-dialogos-de-movilidad","tag-innovacion-en-transporte","tag-mercedes-benz","tag-movilidad-sustentable","tag-rentabilidad","tag-transporte-argentino","tag-vehiculos-electricos"],"yoast_head":"<!-- This site is optimized with the Yoast SEO plugin v27.5 - https:\/\/yoast.com\/product\/yoast-seo-wordpress\/ -->\n<title>Mercedes-Benz Buses y Camiones innovaci\u00f3n y sustentabilidad en el transporte Argentino -<\/title>\n<meta name=\"description\" content=\"La tercera edici\u00f3n de Di\u00e1logos de Movilidad Sustentable y Rentabilidad reafirma el compromiso de Mercedes-Benz con un futuro m\u00e1s limpio..\" \/>\n<meta name=\"robots\" content=\"index, follow, max-snippet:-1, max-image-preview:large, max-video-preview:-1\" \/>\n<link rel=\"canonical\" href=\"https:\/\/autofans.com.ar\/index.php\/2024\/07\/18\/mercedes-benz-buses-y-camiones-innovacion-y-sustentabilidad-en-el-transporte-argentino\/\" \/>\n<meta property=\"og:locale\" content=\"es_ES\" \/>\n<meta property=\"og:type\" content=\"article\" \/>\n<meta property=\"og:title\" content=\"Mercedes-Benz Buses y Camiones innovaci\u00f3n y sustentabilidad en el transporte Argentino -\" \/>\n<meta property=\"og:description\" content=\"La tercera edici\u00f3n de Di\u00e1logos de Movilidad Sustentable y Rentabilidad reafirma el compromiso de Mercedes-Benz con un futuro m\u00e1s limpio..\" \/>\n<meta property=\"og:url\" content=\"https:\/\/autofans.com.ar\/index.php\/2024\/07\/18\/mercedes-benz-buses-y-camiones-innovacion-y-sustentabilidad-en-el-transporte-argentino\/\" \/>\n<meta property=\"article:published_time\" content=\"2024-07-18T23:28:43+00:00\" \/>\n<meta property=\"og:image\" content=\"https:\/\/autofans.com.ar\/wp-content\/uploads\/2024\/07\/mercedes-2-1.jpg\" \/>\n\t<meta property=\"og:image:width\" content=\"640\" \/>\n\t<meta property=\"og:image:height\" content=\"427\" \/>\n\t<meta property=\"og:image:type\" content=\"image\/jpeg\" \/>\n<meta name=\"author\" content=\"Alejandro Gabriel Rosito\" \/>\n<meta name=\"twitter:card\" content=\"summary_large_image\" \/>\n<meta name=\"twitter:label1\" content=\"Escrito por\" \/>\n\t<meta name=\"twitter:data1\" content=\"Alejandro Gabriel Rosito\" \/>\n\t<meta name=\"twitter:label2\" content=\"Tiempo de lectura\" \/>\n\t<meta name=\"twitter:data2\" content=\"2 minutos\" \/>\n<script type=\"application\/ld+json\" class=\"yoast-schema-graph\">{\"@context\":\"https:\\\/\\\/schema.org\",\"@graph\":[{\"@type\":\"Article\",\"@id\":\"https:\\\/\\\/autofans.com.ar\\\/index.php\\\/2024\\\/07\\\/18\\\/mercedes-benz-buses-y-camiones-innovacion-y-sustentabilidad-en-el-transporte-argentino\\\/#article\",\"isPartOf\":{\"@id\":\"https:\\\/\\\/autofans.com.ar\\\/index.php\\\/2024\\\/07\\\/18\\\/mercedes-benz-buses-y-camiones-innovacion-y-sustentabilidad-en-el-transporte-argentino\\\/\"},\"author\":{\"name\":\"Alejandro Gabriel Rosito\",\"@id\":\"https:\\\/\\\/autofans.com.ar\\\/#\\\/schema\\\/person\\\/4a8dda0b6df83ac3d6723e921274c2aa\"},\"headline\":\"Mercedes-Benz Buses y Camiones innovaci\u00f3n y sustentabilidad en el transporte Argentino\",\"datePublished\":\"2024-07-18T23:28:43+00:00\",\"mainEntityOfPage\":{\"@id\":\"https:\\\/\\\/autofans.com.ar\\\/index.php\\\/2024\\\/07\\\/18\\\/mercedes-benz-buses-y-camiones-innovacion-y-sustentabilidad-en-el-transporte-argentino\\\/\"},\"wordCount\":420,\"image\":{\"@id\":\"https:\\\/\\\/autofans.com.ar\\\/index.php\\\/2024\\\/07\\\/18\\\/mercedes-benz-buses-y-camiones-innovacion-y-sustentabilidad-en-el-transporte-argentino\\\/#primaryimage\"},\"thumbnailUrl\":\"https:\\\/\\\/autofans.com.ar\\\/wp-content\\\/uploads\\\/2024\\\/07\\\/mercedes-2-1.jpg\",\"keywords\":[\"Daimler Truck\",\"Di\u00e1logos de Movilidad\",\"innovaci\u00f3n en transporte\",\"Mercedes-Benz\",\"movilidad sustentable\",\"rentabilidad\",\"transporte argentino\",\"veh\u00edculos el\u00e9ctricos\"],\"articleSection\":[\"H\u00edbridos, El\u00e9ctricos y +\",\"NOTICIAS\"],\"inLanguage\":\"es\"},{\"@type\":\"WebPage\",\"@id\":\"https:\\\/\\\/autofans.com.ar\\\/index.php\\\/2024\\\/07\\\/18\\\/mercedes-benz-buses-y-camiones-innovacion-y-sustentabilidad-en-el-transporte-argentino\\\/\",\"url\":\"https:\\\/\\\/autofans.com.ar\\\/index.php\\\/2024\\\/07\\\/18\\\/mercedes-benz-buses-y-camiones-innovacion-y-sustentabilidad-en-el-transporte-argentino\\\/\",\"name\":\"Mercedes-Benz Buses y Camiones innovaci\u00f3n y sustentabilidad en el transporte Argentino -\",\"isPartOf\":{\"@id\":\"https:\\\/\\\/autofans.com.ar\\\/#website\"},\"primaryImageOfPage\":{\"@id\":\"https:\\\/\\\/autofans.com.ar\\\/index.php\\\/2024\\\/07\\\/18\\\/mercedes-benz-buses-y-camiones-innovacion-y-sustentabilidad-en-el-transporte-argentino\\\/#primaryimage\"},\"image\":{\"@id\":\"https:\\\/\\\/autofans.com.ar\\\/index.php\\\/2024\\\/07\\\/18\\\/mercedes-benz-buses-y-camiones-innovacion-y-sustentabilidad-en-el-transporte-argentino\\\/#primaryimage\"},\"thumbnailUrl\":\"https:\\\/\\\/autofans.com.ar\\\/wp-content\\\/uploads\\\/2024\\\/07\\\/mercedes-2-1.jpg\",\"datePublished\":\"2024-07-18T23:28:43+00:00\",\"author\":{\"@id\":\"https:\\\/\\\/autofans.com.ar\\\/#\\\/schema\\\/person\\\/4a8dda0b6df83ac3d6723e921274c2aa\"},\"description\":\"La tercera edici\u00f3n de Di\u00e1logos de Movilidad Sustentable y Rentabilidad reafirma el compromiso de Mercedes-Benz con un futuro m\u00e1s limpio..\",\"breadcrumb\":{\"@id\":\"https:\\\/\\\/autofans.com.ar\\\/index.php\\\/2024\\\/07\\\/18\\\/mercedes-benz-buses-y-camiones-innovacion-y-sustentabilidad-en-el-transporte-argentino\\\/#breadcrumb\"},\"inLanguage\":\"es\",\"potentialAction\":[{\"@type\":\"ReadAction\",\"target\":[\"https:\\\/\\\/autofans.com.ar\\\/index.php\\\/2024\\\/07\\\/18\\\/mercedes-benz-buses-y-camiones-innovacion-y-sustentabilidad-en-el-transporte-argentino\\\/\"]}]},{\"@type\":\"ImageObject\",\"inLanguage\":\"es\",\"@id\":\"https:\\\/\\\/autofans.com.ar\\\/index.php\\\/2024\\\/07\\\/18\\\/mercedes-benz-buses-y-camiones-innovacion-y-sustentabilidad-en-el-transporte-argentino\\\/#primaryimage\",\"url\":\"https:\\\/\\\/autofans.com.ar\\\/wp-content\\\/uploads\\\/2024\\\/07\\\/mercedes-2-1.jpg\",\"contentUrl\":\"https:\\\/\\\/autofans.com.ar\\\/wp-content\\\/uploads\\\/2024\\\/07\\\/mercedes-2-1.jpg\",\"width\":1000,\"height\":667,\"caption\":\"Mercedes-Benz Buses\"},{\"@type\":\"BreadcrumbList\",\"@id\":\"https:\\\/\\\/autofans.com.ar\\\/index.php\\\/2024\\\/07\\\/18\\\/mercedes-benz-buses-y-camiones-innovacion-y-sustentabilidad-en-el-transporte-argentino\\\/#breadcrumb\",\"itemListElement\":[{\"@type\":\"ListItem\",\"position\":1,\"name\":\"Inicio\",\"item\":\"https:\\\/\\\/autofans.com.ar\\\/\"},{\"@type\":\"ListItem\",\"position\":2,\"name\":\"Mercedes-Benz Buses y Camiones innovaci\u00f3n y sustentabilidad en el transporte Argentino\"}]},{\"@type\":\"WebSite\",\"@id\":\"https:\\\/\\\/autofans.com.ar\\\/#website\",\"url\":\"https:\\\/\\\/autofans.com.ar\\\/\",\"name\":\"\",\"description\":\"El multimedio referente de la industria automotriz\",\"potentialAction\":[{\"@type\":\"SearchAction\",\"target\":{\"@type\":\"EntryPoint\",\"urlTemplate\":\"https:\\\/\\\/autofans.com.ar\\\/?s={search_term_string}\"},\"query-input\":{\"@type\":\"PropertyValueSpecification\",\"valueRequired\":true,\"valueName\":\"search_term_string\"}}],\"inLanguage\":\"es\"},{\"@type\":\"Person\",\"@id\":\"https:\\\/\\\/autofans.com.ar\\\/#\\\/schema\\\/person\\\/4a8dda0b6df83ac3d6723e921274c2aa\",\"name\":\"Alejandro Gabriel Rosito\",\"image\":{\"@type\":\"ImageObject\",\"inLanguage\":\"es\",\"@id\":\"https:\\\/\\\/secure.gravatar.com\\\/avatar\\\/16c5dda1489adfc62618084dcbb91cffd879c374b13fe5dd8e44ed6733852c88?s=96&d=mm&r=g\",\"url\":\"https:\\\/\\\/secure.gravatar.com\\\/avatar\\\/16c5dda1489adfc62618084dcbb91cffd879c374b13fe5dd8e44ed6733852c88?s=96&d=mm&r=g\",\"contentUrl\":\"https:\\\/\\\/secure.gravatar.com\\\/avatar\\\/16c5dda1489adfc62618084dcbb91cffd879c374b13fe5dd8e44ed6733852c88?s=96&d=mm&r=g\",\"caption\":\"Alejandro Gabriel Rosito\"},\"url\":\"https:\\\/\\\/autofans.com.ar\\\/index.php\\\/author\\\/gabrielr\\\/\"}]}<\/script>\n<!-- \/ Yoast SEO plugin. -->","yoast_head_json":{"title":"Mercedes-Benz Buses y Camiones innovaci\u00f3n y sustentabilidad en el transporte Argentino -","description":"La tercera edici\u00f3n de Di\u00e1logos de Movilidad Sustentable y Rentabilidad reafirma el compromiso de Mercedes-Benz con un futuro m\u00e1s limpio..","robots":{"index":"index","follow":"follow","max-snippet":"max-snippet:-1","max-image-preview":"max-image-preview:large","max-video-preview":"max-video-preview:-1"},"canonical":"https:\/\/autofans.com.ar\/index.php\/2024\/07\/18\/mercedes-benz-buses-y-camiones-innovacion-y-sustentabilidad-en-el-transporte-argentino\/","og_locale":"es_ES","og_type":"article","og_title":"Mercedes-Benz Buses y Camiones innovaci\u00f3n y sustentabilidad en el transporte Argentino -","og_description":"La tercera edici\u00f3n de Di\u00e1logos de Movilidad Sustentable y Rentabilidad reafirma el compromiso de Mercedes-Benz con un futuro m\u00e1s limpio..","og_url":"https:\/\/autofans.com.ar\/index.php\/2024\/07\/18\/mercedes-benz-buses-y-camiones-innovacion-y-sustentabilidad-en-el-transporte-argentino\/","article_published_time":"2024-07-18T23:28:43+00:00","og_image":[{"url":"https:\/\/autofans.com.ar\/wp-content\/uploads\/2024\/07\/mercedes-2-1.jpg","width":640,"height":427,"type":"image\/jpeg"}],"author":"Alejandro Gabriel Rosito","twitter_card":"summary_large_image","twitter_misc":{"Escrito por":"Alejandro Gabriel Rosito","Tiempo de lectura":"2 minutos"},"schema":{"@context":"https:\/\/schema.org","@graph":[{"@type":"Article","@id":"https:\/\/autofans.com.ar\/index.php\/2024\/07\/18\/mercedes-benz-buses-y-camiones-innovacion-y-sustentabilidad-en-el-transporte-argentino\/#article","isPartOf":{"@id":"https:\/\/autofans.com.ar\/index.php\/2024\/07\/18\/mercedes-benz-buses-y-camiones-innovacion-y-sustentabilidad-en-el-transporte-argentino\/"},"author":{"name":"Alejandro Gabriel Rosito","@id":"https:\/\/autofans.com.ar\/#\/schema\/person\/4a8dda0b6df83ac3d6723e921274c2aa"},"headline":"Mercedes-Benz Buses y Camiones innovaci\u00f3n y sustentabilidad en el transporte Argentino","datePublished":"2024-07-18T23:28:43+00:00","mainEntityOfPage":{"@id":"https:\/\/autofans.com.ar\/index.php\/2024\/07\/18\/mercedes-benz-buses-y-camiones-innovacion-y-sustentabilidad-en-el-transporte-argentino\/"},"wordCount":420,"image":{"@id":"https:\/\/autofans.com.ar\/index.php\/2024\/07\/18\/mercedes-benz-buses-y-camiones-innovacion-y-sustentabilidad-en-el-transporte-argentino\/#primaryimage"},"thumbnailUrl":"https:\/\/autofans.com.ar\/wp-content\/uploads\/2024\/07\/mercedes-2-1.jpg","keywords":["Daimler Truck","Di\u00e1logos de Movilidad","innovaci\u00f3n en transporte","Mercedes-Benz","movilidad sustentable","rentabilidad","transporte argentino","veh\u00edculos el\u00e9ctricos"],"articleSection":["H\u00edbridos, El\u00e9ctricos y +","NOTICIAS"],"inLanguage":"es"},{"@type":"WebPage","@id":"https:\/\/autofans.com.ar\/index.php\/2024\/07\/18\/mercedes-benz-buses-y-camiones-innovacion-y-sustentabilidad-en-el-transporte-argentino\/","url":"https:\/\/autofans.com.ar\/index.php\/2024\/07\/18\/mercedes-benz-buses-y-camiones-innovacion-y-sustentabilidad-en-el-transporte-argentino\/","name":"Mercedes-Benz Buses y Camiones innovaci\u00f3n y sustentabilidad en el transporte Argentino -","isPartOf":{"@id":"https:\/\/autofans.com.ar\/#website"},"primaryImageOfPage":{"@id":"https:\/\/autofans.com.ar\/index.php\/2024\/07\/18\/mercedes-benz-buses-y-camiones-innovacion-y-sustentabilidad-en-el-transporte-argentino\/#primaryimage"},"image":{"@id":"https:\/\/autofans.com.ar\/index.php\/2024\/07\/18\/mercedes-benz-buses-y-camiones-innovacion-y-sustentabilidad-en-el-transporte-argentino\/#primaryimage"},"thumbnailUrl":"https:\/\/autofans.com.ar\/wp-content\/uploads\/2024\/07\/mercedes-2-1.jpg","datePublished":"2024-07-18T23:28:43+00:00","author":{"@id":"https:\/\/autofans.com.ar\/#\/schema\/person\/4a8dda0b6df83ac3d6723e921274c2aa"},"description":"La tercera edici\u00f3n de Di\u00e1logos de Movilidad Sustentable y Rentabilidad reafirma el compromiso de Mercedes-Benz con un futuro m\u00e1s limpio..","breadcrumb":{"@id":"https:\/\/autofans.com.ar\/index.php\/2024\/07\/18\/mercedes-benz-buses-y-camiones-innovacion-y-sustentabilidad-en-el-transporte-argentino\/#breadcrumb"},"inLanguage":"es","potentialAction":[{"@type":"ReadAction","target":["https:\/\/autofans.com.ar\/index.php\/2024\/07\/18\/mercedes-benz-buses-y-camiones-innovacion-y-sustentabilidad-en-el-transporte-argentino\/"]}]},{"@type":"ImageObject","inLanguage":"es","@id":"https:\/\/autofans.com.ar\/index.php\/2024\/07\/18\/mercedes-benz-buses-y-camiones-innovacion-y-sustentabilidad-en-el-transporte-argentino\/#primaryimage","url":"https:\/\/autofans.com.ar\/wp-content\/uploads\/2024\/07\/mercedes-2-1.jpg","contentUrl":"https:\/\/autofans.com.ar\/wp-content\/uploads\/2024\/07\/mercedes-2-1.jpg","width":1000,"height":667,"caption":"Mercedes-Benz Buses"},{"@type":"BreadcrumbList","@id":"https:\/\/autofans.com.ar\/index.php\/2024\/07\/18\/mercedes-benz-buses-y-camiones-innovacion-y-sustentabilidad-en-el-transporte-argentino\/#breadcrumb","itemListElement":[{"@type":"ListItem","position":1,"name":"Inicio","item":"https:\/\/autofans.com.ar\/"},{"@type":"ListItem","position":2,"name":"Mercedes-Benz Buses y Camiones innovaci\u00f3n y sustentabilidad en el transporte Argentino"}]},{"@type":"WebSite","@id":"https:\/\/autofans.com.ar\/#website","url":"https:\/\/autofans.com.ar\/","name":"","description":"El multimedio referente de la industria automotriz","potentialAction":[{"@type":"SearchAction","target":{"@type":"EntryPoint","urlTemplate":"https:\/\/autofans.com.ar\/?s={search_term_string}"},"query-input":{"@type":"PropertyValueSpecification","valueRequired":true,"valueName":"search_term_string"}}],"inLanguage":"es"},{"@type":"Person","@id":"https:\/\/autofans.com.ar\/#\/schema\/person\/4a8dda0b6df83ac3d6723e921274c2aa","name":"Alejandro Gabriel Rosito","image":{"@type":"ImageObject","inLanguage":"es","@id":"https:\/\/secure.gravatar.com\/avatar\/16c5dda1489adfc62618084dcbb91cffd879c374b13fe5dd8e44ed6733852c88?s=96&d=mm&r=g","url":"https:\/\/secure.gravatar.com\/avatar\/16c5dda1489adfc62618084dcbb91cffd879c374b13fe5dd8e44ed6733852c88?s=96&d=mm&r=g","contentUrl":"https:\/\/secure.gravatar.com\/avatar\/16c5dda1489adfc62618084dcbb91cffd879c374b13fe5dd8e44ed6733852c88?s=96&d=mm&r=g","caption":"Alejandro Gabriel Rosito"},"url":"https:\/\/autofans.com.ar\/index.php\/author\/gabrielr\/"}]}},"featured_image_urls":{"full":["https:\/\/autofans.com.ar\/wp-content\/uploads\/2024\/07\/mercedes-2-1.jpg",1000,667,false],"thumbnail":["https:\/\/autofans.com.ar\/wp-content\/uploads\/2024\/07\/mercedes-2-1-150x150.jpg",150,150,true],"medium":["https:\/\/autofans.com.ar\/wp-content\/uploads\/2024\/07\/mercedes-2-1-300x200.jpg",300,200,true],"medium_large":["https:\/\/autofans.com.ar\/wp-content\/uploads\/2024\/07\/mercedes-2-1-768x512.jpg",640,427,true],"large":["https:\/\/autofans.com.ar\/wp-content\/uploads\/2024\/07\/mercedes-2-1.jpg",640,427,false],"1536x1536":["https:\/\/autofans.com.ar\/wp-content\/uploads\/2024\/07\/mercedes-2-1.jpg",1000,667,false],"2048x2048":["https:\/\/autofans.com.ar\/wp-content\/uploads\/2024\/07\/mercedes-2-1.jpg",1000,667,false],"covernews-featured":["https:\/\/autofans.com.ar\/wp-content\/uploads\/2024\/07\/mercedes-2-1.jpg",1000,667,false],"covernews-medium":["https:\/\/autofans.com.ar\/wp-content\/uploads\/2024\/07\/mercedes-2-1-540x340.jpg",540,340,true]},"author_info":{"display_name":"Alejandro Gabriel Rosito","author_link":"https:\/\/autofans.com.ar\/index.php\/author\/gabrielr\/"},"category_info":"<a href=\"https:\/\/autofans.com.ar\/index.php\/category\/lanzamientos\/hibridos-electricos-y\/\" rel=\"category tag\">H\u00edbridos, El\u00e9ctricos y +<\/a> <a href=\"https:\/\/autofans.com.ar\/index.php\/category\/noticias\/\" rel=\"category tag\">NOTICIAS<\/a>","tag_info":"NOTICIAS","comment_count":0,"_links":{"self":[{"href":"https:\/\/autofans.com.ar\/index.php\/wp-json\/wp\/v2\/posts\/8339","targetHints":{"allow":["GET"]}}],"collection":[{"href":"https:\/\/autofans.com.ar\/index.php\/wp-json\/wp\/v2\/posts"}],"about":[{"href":"https:\/\/autofans.com.ar\/index.php\/wp-json\/wp\/v2\/types\/post"}],"author":[{"embeddable":true,"href":"https:\/\/autofans.com.ar\/index.php\/wp-json\/wp\/v2\/users\/2"}],"replies":[{"embeddable":true,"href":"https:\/\/autofans.com.ar\/index.php\/wp-json\/wp\/v2\/comments?post=8339"}],"version-history":[{"count":2,"href":"https:\/\/autofans.com.ar\/index.php\/wp-json\/wp\/v2\/posts\/8339\/revisions"}],"predecessor-version":[{"id":8344,"href":"https:\/\/autofans.com.ar\/index.php\/wp-json\/wp\/v2\/posts\/8339\/revisions\/8344"}],"wp:featuredmedia":[{"embeddable":true,"href":"https:\/\/autofans.com.ar\/index.php\/wp-json\/wp\/v2\/media\/8341"}],"wp:attachment":[{"href":"https:\/\/autofans.com.ar\/index.php\/wp-json\/wp\/v2\/media?parent=8339"}],"wp:term":[{"taxonomy":"category","embeddable":true,"href":"https:\/\/autofans.com.ar\/index.php\/wp-json\/wp\/v2\/categories?post=8339"},{"taxonomy":"post_tag","embeddable":true,"href":"https:\/\/autofans.com.ar\/index.php\/wp-json\/wp\/v2\/tags?post=8339"}],"curies":[{"name":"wp","href":"https:\/\/api.w.org\/{rel}","templated":true}]}}