{"id":8358,"date":"2024-07-19T20:05:14","date_gmt":"2024-07-19T23:05:14","guid":{"rendered":"https:\/\/autofans.com.ar\/?p=8358"},"modified":"2024-07-19T20:09:28","modified_gmt":"2024-07-19T23:09:28","slug":"el-compromiso-de-nissan-los-jovenes-y-el-futuro-de-la-movilidad-electrica","status":"publish","type":"post","link":"https:\/\/autofans.com.ar\/index.php\/2024\/07\/19\/el-compromiso-de-nissan-los-jovenes-y-el-futuro-de-la-movilidad-electrica\/","title":{"rendered":"El compromiso de Nissan, los J\u00f3venes y el futuro de la movilidad el\u00e9ctrica"},"content":{"rendered":"<p>Nissan, en colaboraci\u00f3n con OnePoll, ha revelado a trav\u00e9s de un estudio el inter\u00e9s de los j\u00f3venes en la movilidad el\u00e9ctrica. La encuesta, realizada entre 6.000 participantes de 8 a 16 a\u00f1os de Brasil, Italia, Jap\u00f3n, M\u00e9xico, Reino Unido y Estados Unidos, muestra que m\u00e1s de la mitad desea conducir veh\u00edculos el\u00e9ctricos para ayudar al medio ambiente, y el 68% considera importante luchar contra el cambio clim\u00e1tico.<\/p>\n<p>&nbsp;<\/p>\n<h2>Departamento de futuros de Nissan<\/h2>\n<p>Estos resultados refuerzan la campa\u00f1a \u00abDepartamento de Futuros\u00bb de Nissan, que destaca el compromiso de la marca con un futuro electrificado. En un divertido video publicado en redes sociales, ni\u00f1os de 7 a 10 a\u00f1os preguntan a los pilotos Oliver Rowland y Sacha Fenestraz y al director del equipo, Tommaso Volpe, sobre el futuro de los veh\u00edculos el\u00e9ctricos. Esta interacci\u00f3n refleja la preocupaci\u00f3n de las nuevas generaciones y la responsabilidad de Nissan de cumplir con sus promesas de sostenibilidad.<\/p>\n<p>&nbsp;<\/p>\n<blockquote>\n<p style=\"text-align: center;\">Tommaso Volpe, consejero delegado y director del equipo Nissan de F\u00f3rmula E, ha comentado: \u00abSomos conscientes de la importancia de proporcionar a la pr\u00f3xima generaci\u00f3n las herramientas para seguir luchando contra el cambio clim\u00e1tico a trav\u00e9s de la movilidad el\u00e9ctrica. La encuesta demuestra el deseo de los j\u00f3venes de ayudar al medio ambiente a trav\u00e9s de su elecci\u00f3n de veh\u00edculos, por lo que en el equipo Nissan de F\u00f3rmula E sabemos que tenemos que seguir desarrollando tecnolog\u00edas importantes\u00bb. Los miembros del &#8216;Departamento de Futuros&#8217; saben lo que hacen sobre electrificaci\u00f3n, y nuestro objetivo es asegurarnos de que les ayudamos a disfrutar de un futuro mejor y m\u00e1s ecol\u00f3gico.\u00bb<\/p>\n<\/blockquote>\n<p>&nbsp;<\/p>\n<h2>Educando a las Futuras Generaciones<\/h2>\n<p>El estudio revela que casi la mitad de los j\u00f3venes no entiende qu\u00e9 significa ser \u00abrespetuoso con el medio ambiente\u00bb. Solo el 30% se considera respetuoso actualmente. Nissan, pionera en electrificaci\u00f3n, asume la responsabilidad de educar a las futuras generaciones, liderando el desarrollo de tecnolog\u00edas el\u00e9ctricas a trav\u00e9s de su participaci\u00f3n en la F\u00f3rmula E.<\/p>\n<p>&nbsp;<\/p>\n<p><center><iframe title=\"A Surprise inspection by The Department of Futures | Nissan NISMO\" width=\"640\" height=\"360\" src=\"https:\/\/www.youtube.com\/embed\/02yxKtEg4is?feature=oembed\" frameborder=\"0\" allow=\"accelerometer; autoplay; clipboard-write; encrypted-media; gyroscope; picture-in-picture; web-share\" referrerpolicy=\"strict-origin-when-cross-origin\" allowfullscreen><\/iframe><\/p>\n<p>&nbsp;<\/p>\n<p><\/center><a href=\"https:\/\/autofans.com.ar\/index.php\/2024\/07\/12\/disfruta-de-un-test-drive-con-nissan-en-nordelta-estas-vacaciones\/\" target=\"_blank\" rel=\"noopener\">Nissan<\/a> ha estado presente en la F\u00f3rmula E desde la temporada 5 (2018\/19) y se ha comprometido a largo plazo con la era Gen3 de la serie. Adem\u00e1s, ha adquirido el equipo de carreras e.dams y suministrar\u00e1 su tecnolog\u00eda EV a McLaren Racing durante toda la era Gen3. Este compromiso refuerza la intenci\u00f3n de Nissan de electrificar todos sus nuevos modelos para principios de la d\u00e9cada de 2030 en mercados clave. Contribuyendo a su objetivo de neutralidad de carbono para 2050.<\/p>\n<p>&nbsp;<\/p>\n<p>&nbsp;<\/p>\n<p><i>Para enterarte de m\u00e1s novedades, no dejes de leer\u00a0<\/i><a href=\"https:\/\/autofans.thebrandsoup.com\/\"><i>nuestras notas<\/i><\/a><i>, de ver<\/i><b><i>\u00a0<\/i><\/b><a href=\"https:\/\/www.youtube.com\/channel\/UCgAC8UGHZYbT6P7PpmVnP7g\"><b><i>AUTOFANS TV<\/i><\/b><\/a><b><i>\u00a0<\/i><\/b><i>en nuestro\u00a0canal de Youtube. Adem\u00e1s seguinos en\u00a0<\/i><a href=\"https:\/\/www.instagram.com\/autofanstv\/\"><i>INSTAGRAM<\/i><\/a><i> y <\/i><a href=\"https:\/\/www.facebook.com\/autofansmas\/\"><i>FACEBOOK<\/i><\/a><i> para no perderte nada sobre las novedades del segmento automotor de Argentina y el mundo.<\/i><\/p>\n","protected":false},"excerpt":{"rendered":"<p>Nissan, en colaboraci\u00f3n con OnePoll, ha revelado a trav\u00e9s de un estudio el inter\u00e9s de&#8230;<\/p>\n","protected":false},"author":2,"featured_media":8360,"comment_status":"closed","ping_status":"closed","sticky":false,"template":"","format":"standard","meta":{"footnotes":""},"categories":[341,16],"tags":[],"class_list":["post-8358","post","type-post","status-publish","format-standard","has-post-thumbnail","hentry","category-hibridos-y-electricos","category-noticias"],"yoast_head":"<!-- This site is optimized with the Yoast SEO plugin v27.5 - https:\/\/yoast.com\/product\/yoast-seo-wordpress\/ -->\n<title>El compromiso de Nissan, los J\u00f3venes y el futuro de la movilidad el\u00e9ctrica -<\/title>\n<meta name=\"description\" content=\"Nissan, en colaboraci\u00f3n con OnePoll, ha revelado a trav\u00e9s de un estudio el inter\u00e9s de los j\u00f3venes en la movilidad el\u00e9ctrica...\" \/>\n<meta name=\"robots\" content=\"index, follow, max-snippet:-1, max-image-preview:large, max-video-preview:-1\" \/>\n<link rel=\"canonical\" href=\"https:\/\/autofans.com.ar\/index.php\/2024\/07\/19\/el-compromiso-de-nissan-los-jovenes-y-el-futuro-de-la-movilidad-electrica\/\" \/>\n<meta property=\"og:locale\" content=\"es_ES\" \/>\n<meta property=\"og:type\" content=\"article\" \/>\n<meta property=\"og:title\" content=\"El compromiso de Nissan, los J\u00f3venes y el futuro de la movilidad el\u00e9ctrica -\" \/>\n<meta property=\"og:description\" content=\"Nissan, en colaboraci\u00f3n con OnePoll, ha revelado a trav\u00e9s de un estudio el inter\u00e9s de los j\u00f3venes en la movilidad el\u00e9ctrica...\" \/>\n<meta property=\"og:url\" content=\"https:\/\/autofans.com.ar\/index.php\/2024\/07\/19\/el-compromiso-de-nissan-los-jovenes-y-el-futuro-de-la-movilidad-electrica\/\" \/>\n<meta property=\"article:published_time\" content=\"2024-07-19T23:05:14+00:00\" \/>\n<meta property=\"article:modified_time\" content=\"2024-07-19T23:09:28+00:00\" \/>\n<meta property=\"og:image\" content=\"https:\/\/autofans.com.ar\/wp-content\/uploads\/2024\/07\/nissan.jpg\" \/>\n\t<meta property=\"og:image:width\" content=\"640\" \/>\n\t<meta property=\"og:image:height\" content=\"427\" \/>\n\t<meta property=\"og:image:type\" content=\"image\/jpeg\" \/>\n<meta name=\"author\" content=\"Alejandro Gabriel Rosito\" \/>\n<meta name=\"twitter:card\" content=\"summary_large_image\" \/>\n<meta name=\"twitter:label1\" content=\"Escrito por\" \/>\n\t<meta name=\"twitter:data1\" content=\"Alejandro Gabriel Rosito\" \/>\n\t<meta name=\"twitter:label2\" content=\"Tiempo de lectura\" \/>\n\t<meta name=\"twitter:data2\" content=\"2 minutos\" \/>\n<script type=\"application\/ld+json\" class=\"yoast-schema-graph\">{\"@context\":\"https:\\\/\\\/schema.org\",\"@graph\":[{\"@type\":\"Article\",\"@id\":\"https:\\\/\\\/autofans.com.ar\\\/index.php\\\/2024\\\/07\\\/19\\\/el-compromiso-de-nissan-los-jovenes-y-el-futuro-de-la-movilidad-electrica\\\/#article\",\"isPartOf\":{\"@id\":\"https:\\\/\\\/autofans.com.ar\\\/index.php\\\/2024\\\/07\\\/19\\\/el-compromiso-de-nissan-los-jovenes-y-el-futuro-de-la-movilidad-electrica\\\/\"},\"author\":{\"name\":\"Alejandro Gabriel Rosito\",\"@id\":\"https:\\\/\\\/autofans.com.ar\\\/#\\\/schema\\\/person\\\/4a8dda0b6df83ac3d6723e921274c2aa\"},\"headline\":\"El compromiso de Nissan, los J\u00f3venes y el futuro de la movilidad el\u00e9ctrica\",\"datePublished\":\"2024-07-19T23:05:14+00:00\",\"dateModified\":\"2024-07-19T23:09:28+00:00\",\"mainEntityOfPage\":{\"@id\":\"https:\\\/\\\/autofans.com.ar\\\/index.php\\\/2024\\\/07\\\/19\\\/el-compromiso-de-nissan-los-jovenes-y-el-futuro-de-la-movilidad-electrica\\\/\"},\"wordCount\":511,\"image\":{\"@id\":\"https:\\\/\\\/autofans.com.ar\\\/index.php\\\/2024\\\/07\\\/19\\\/el-compromiso-de-nissan-los-jovenes-y-el-futuro-de-la-movilidad-electrica\\\/#primaryimage\"},\"thumbnailUrl\":\"https:\\\/\\\/autofans.com.ar\\\/wp-content\\\/uploads\\\/2024\\\/07\\\/nissan.jpg\",\"articleSection\":[\"HIBRIDOS, ELECTRICOS y otros\",\"NOTICIAS\"],\"inLanguage\":\"es\"},{\"@type\":\"WebPage\",\"@id\":\"https:\\\/\\\/autofans.com.ar\\\/index.php\\\/2024\\\/07\\\/19\\\/el-compromiso-de-nissan-los-jovenes-y-el-futuro-de-la-movilidad-electrica\\\/\",\"url\":\"https:\\\/\\\/autofans.com.ar\\\/index.php\\\/2024\\\/07\\\/19\\\/el-compromiso-de-nissan-los-jovenes-y-el-futuro-de-la-movilidad-electrica\\\/\",\"name\":\"El compromiso de Nissan, los J\u00f3venes y el futuro de la movilidad el\u00e9ctrica -\",\"isPartOf\":{\"@id\":\"https:\\\/\\\/autofans.com.ar\\\/#website\"},\"primaryImageOfPage\":{\"@id\":\"https:\\\/\\\/autofans.com.ar\\\/index.php\\\/2024\\\/07\\\/19\\\/el-compromiso-de-nissan-los-jovenes-y-el-futuro-de-la-movilidad-electrica\\\/#primaryimage\"},\"image\":{\"@id\":\"https:\\\/\\\/autofans.com.ar\\\/index.php\\\/2024\\\/07\\\/19\\\/el-compromiso-de-nissan-los-jovenes-y-el-futuro-de-la-movilidad-electrica\\\/#primaryimage\"},\"thumbnailUrl\":\"https:\\\/\\\/autofans.com.ar\\\/wp-content\\\/uploads\\\/2024\\\/07\\\/nissan.jpg\",\"datePublished\":\"2024-07-19T23:05:14+00:00\",\"dateModified\":\"2024-07-19T23:09:28+00:00\",\"author\":{\"@id\":\"https:\\\/\\\/autofans.com.ar\\\/#\\\/schema\\\/person\\\/4a8dda0b6df83ac3d6723e921274c2aa\"},\"description\":\"Nissan, en colaboraci\u00f3n con OnePoll, ha revelado a trav\u00e9s de un estudio el inter\u00e9s de los j\u00f3venes en la movilidad el\u00e9ctrica...\",\"breadcrumb\":{\"@id\":\"https:\\\/\\\/autofans.com.ar\\\/index.php\\\/2024\\\/07\\\/19\\\/el-compromiso-de-nissan-los-jovenes-y-el-futuro-de-la-movilidad-electrica\\\/#breadcrumb\"},\"inLanguage\":\"es\",\"potentialAction\":[{\"@type\":\"ReadAction\",\"target\":[\"https:\\\/\\\/autofans.com.ar\\\/index.php\\\/2024\\\/07\\\/19\\\/el-compromiso-de-nissan-los-jovenes-y-el-futuro-de-la-movilidad-electrica\\\/\"]}]},{\"@type\":\"ImageObject\",\"inLanguage\":\"es\",\"@id\":\"https:\\\/\\\/autofans.com.ar\\\/index.php\\\/2024\\\/07\\\/19\\\/el-compromiso-de-nissan-los-jovenes-y-el-futuro-de-la-movilidad-electrica\\\/#primaryimage\",\"url\":\"https:\\\/\\\/autofans.com.ar\\\/wp-content\\\/uploads\\\/2024\\\/07\\\/nissan.jpg\",\"contentUrl\":\"https:\\\/\\\/autofans.com.ar\\\/wp-content\\\/uploads\\\/2024\\\/07\\\/nissan.jpg\",\"width\":1000,\"height\":667,\"caption\":\"Nissan\"},{\"@type\":\"BreadcrumbList\",\"@id\":\"https:\\\/\\\/autofans.com.ar\\\/index.php\\\/2024\\\/07\\\/19\\\/el-compromiso-de-nissan-los-jovenes-y-el-futuro-de-la-movilidad-electrica\\\/#breadcrumb\",\"itemListElement\":[{\"@type\":\"ListItem\",\"position\":1,\"name\":\"Inicio\",\"item\":\"https:\\\/\\\/autofans.com.ar\\\/\"},{\"@type\":\"ListItem\",\"position\":2,\"name\":\"El compromiso de Nissan, los J\u00f3venes y el futuro de la movilidad el\u00e9ctrica\"}]},{\"@type\":\"WebSite\",\"@id\":\"https:\\\/\\\/autofans.com.ar\\\/#website\",\"url\":\"https:\\\/\\\/autofans.com.ar\\\/\",\"name\":\"\",\"description\":\"El multimedio referente de la industria automotriz\",\"potentialAction\":[{\"@type\":\"SearchAction\",\"target\":{\"@type\":\"EntryPoint\",\"urlTemplate\":\"https:\\\/\\\/autofans.com.ar\\\/?s={search_term_string}\"},\"query-input\":{\"@type\":\"PropertyValueSpecification\",\"valueRequired\":true,\"valueName\":\"search_term_string\"}}],\"inLanguage\":\"es\"},{\"@type\":\"Person\",\"@id\":\"https:\\\/\\\/autofans.com.ar\\\/#\\\/schema\\\/person\\\/4a8dda0b6df83ac3d6723e921274c2aa\",\"name\":\"Alejandro Gabriel Rosito\",\"image\":{\"@type\":\"ImageObject\",\"inLanguage\":\"es\",\"@id\":\"https:\\\/\\\/secure.gravatar.com\\\/avatar\\\/16c5dda1489adfc62618084dcbb91cffd879c374b13fe5dd8e44ed6733852c88?s=96&d=mm&r=g\",\"url\":\"https:\\\/\\\/secure.gravatar.com\\\/avatar\\\/16c5dda1489adfc62618084dcbb91cffd879c374b13fe5dd8e44ed6733852c88?s=96&d=mm&r=g\",\"contentUrl\":\"https:\\\/\\\/secure.gravatar.com\\\/avatar\\\/16c5dda1489adfc62618084dcbb91cffd879c374b13fe5dd8e44ed6733852c88?s=96&d=mm&r=g\",\"caption\":\"Alejandro Gabriel Rosito\"},\"url\":\"https:\\\/\\\/autofans.com.ar\\\/index.php\\\/author\\\/gabrielr\\\/\"}]}<\/script>\n<!-- \/ Yoast SEO plugin. -->","yoast_head_json":{"title":"El compromiso de Nissan, los J\u00f3venes y el futuro de la movilidad el\u00e9ctrica -","description":"Nissan, en colaboraci\u00f3n con OnePoll, ha revelado a trav\u00e9s de un estudio el inter\u00e9s de los j\u00f3venes en la movilidad el\u00e9ctrica...","robots":{"index":"index","follow":"follow","max-snippet":"max-snippet:-1","max-image-preview":"max-image-preview:large","max-video-preview":"max-video-preview:-1"},"canonical":"https:\/\/autofans.com.ar\/index.php\/2024\/07\/19\/el-compromiso-de-nissan-los-jovenes-y-el-futuro-de-la-movilidad-electrica\/","og_locale":"es_ES","og_type":"article","og_title":"El compromiso de Nissan, los J\u00f3venes y el futuro de la movilidad el\u00e9ctrica -","og_description":"Nissan, en colaboraci\u00f3n con OnePoll, ha revelado a trav\u00e9s de un estudio el inter\u00e9s de los j\u00f3venes en la movilidad el\u00e9ctrica...","og_url":"https:\/\/autofans.com.ar\/index.php\/2024\/07\/19\/el-compromiso-de-nissan-los-jovenes-y-el-futuro-de-la-movilidad-electrica\/","article_published_time":"2024-07-19T23:05:14+00:00","article_modified_time":"2024-07-19T23:09:28+00:00","og_image":[{"url":"https:\/\/autofans.com.ar\/wp-content\/uploads\/2024\/07\/nissan.jpg","width":640,"height":427,"type":"image\/jpeg"}],"author":"Alejandro Gabriel Rosito","twitter_card":"summary_large_image","twitter_misc":{"Escrito por":"Alejandro Gabriel Rosito","Tiempo de lectura":"2 minutos"},"schema":{"@context":"https:\/\/schema.org","@graph":[{"@type":"Article","@id":"https:\/\/autofans.com.ar\/index.php\/2024\/07\/19\/el-compromiso-de-nissan-los-jovenes-y-el-futuro-de-la-movilidad-electrica\/#article","isPartOf":{"@id":"https:\/\/autofans.com.ar\/index.php\/2024\/07\/19\/el-compromiso-de-nissan-los-jovenes-y-el-futuro-de-la-movilidad-electrica\/"},"author":{"name":"Alejandro Gabriel Rosito","@id":"https:\/\/autofans.com.ar\/#\/schema\/person\/4a8dda0b6df83ac3d6723e921274c2aa"},"headline":"El compromiso de Nissan, los J\u00f3venes y el futuro de la movilidad el\u00e9ctrica","datePublished":"2024-07-19T23:05:14+00:00","dateModified":"2024-07-19T23:09:28+00:00","mainEntityOfPage":{"@id":"https:\/\/autofans.com.ar\/index.php\/2024\/07\/19\/el-compromiso-de-nissan-los-jovenes-y-el-futuro-de-la-movilidad-electrica\/"},"wordCount":511,"image":{"@id":"https:\/\/autofans.com.ar\/index.php\/2024\/07\/19\/el-compromiso-de-nissan-los-jovenes-y-el-futuro-de-la-movilidad-electrica\/#primaryimage"},"thumbnailUrl":"https:\/\/autofans.com.ar\/wp-content\/uploads\/2024\/07\/nissan.jpg","articleSection":["HIBRIDOS, ELECTRICOS y otros","NOTICIAS"],"inLanguage":"es"},{"@type":"WebPage","@id":"https:\/\/autofans.com.ar\/index.php\/2024\/07\/19\/el-compromiso-de-nissan-los-jovenes-y-el-futuro-de-la-movilidad-electrica\/","url":"https:\/\/autofans.com.ar\/index.php\/2024\/07\/19\/el-compromiso-de-nissan-los-jovenes-y-el-futuro-de-la-movilidad-electrica\/","name":"El compromiso de Nissan, los J\u00f3venes y el futuro de la movilidad el\u00e9ctrica -","isPartOf":{"@id":"https:\/\/autofans.com.ar\/#website"},"primaryImageOfPage":{"@id":"https:\/\/autofans.com.ar\/index.php\/2024\/07\/19\/el-compromiso-de-nissan-los-jovenes-y-el-futuro-de-la-movilidad-electrica\/#primaryimage"},"image":{"@id":"https:\/\/autofans.com.ar\/index.php\/2024\/07\/19\/el-compromiso-de-nissan-los-jovenes-y-el-futuro-de-la-movilidad-electrica\/#primaryimage"},"thumbnailUrl":"https:\/\/autofans.com.ar\/wp-content\/uploads\/2024\/07\/nissan.jpg","datePublished":"2024-07-19T23:05:14+00:00","dateModified":"2024-07-19T23:09:28+00:00","author":{"@id":"https:\/\/autofans.com.ar\/#\/schema\/person\/4a8dda0b6df83ac3d6723e921274c2aa"},"description":"Nissan, en colaboraci\u00f3n con OnePoll, ha revelado a trav\u00e9s de un estudio el inter\u00e9s de los j\u00f3venes en la movilidad el\u00e9ctrica...","breadcrumb":{"@id":"https:\/\/autofans.com.ar\/index.php\/2024\/07\/19\/el-compromiso-de-nissan-los-jovenes-y-el-futuro-de-la-movilidad-electrica\/#breadcrumb"},"inLanguage":"es","potentialAction":[{"@type":"ReadAction","target":["https:\/\/autofans.com.ar\/index.php\/2024\/07\/19\/el-compromiso-de-nissan-los-jovenes-y-el-futuro-de-la-movilidad-electrica\/"]}]},{"@type":"ImageObject","inLanguage":"es","@id":"https:\/\/autofans.com.ar\/index.php\/2024\/07\/19\/el-compromiso-de-nissan-los-jovenes-y-el-futuro-de-la-movilidad-electrica\/#primaryimage","url":"https:\/\/autofans.com.ar\/wp-content\/uploads\/2024\/07\/nissan.jpg","contentUrl":"https:\/\/autofans.com.ar\/wp-content\/uploads\/2024\/07\/nissan.jpg","width":1000,"height":667,"caption":"Nissan"},{"@type":"BreadcrumbList","@id":"https:\/\/autofans.com.ar\/index.php\/2024\/07\/19\/el-compromiso-de-nissan-los-jovenes-y-el-futuro-de-la-movilidad-electrica\/#breadcrumb","itemListElement":[{"@type":"ListItem","position":1,"name":"Inicio","item":"https:\/\/autofans.com.ar\/"},{"@type":"ListItem","position":2,"name":"El compromiso de Nissan, los J\u00f3venes y el futuro de la movilidad el\u00e9ctrica"}]},{"@type":"WebSite","@id":"https:\/\/autofans.com.ar\/#website","url":"https:\/\/autofans.com.ar\/","name":"","description":"El multimedio referente de la industria automotriz","potentialAction":[{"@type":"SearchAction","target":{"@type":"EntryPoint","urlTemplate":"https:\/\/autofans.com.ar\/?s={search_term_string}"},"query-input":{"@type":"PropertyValueSpecification","valueRequired":true,"valueName":"search_term_string"}}],"inLanguage":"es"},{"@type":"Person","@id":"https:\/\/autofans.com.ar\/#\/schema\/person\/4a8dda0b6df83ac3d6723e921274c2aa","name":"Alejandro Gabriel Rosito","image":{"@type":"ImageObject","inLanguage":"es","@id":"https:\/\/secure.gravatar.com\/avatar\/16c5dda1489adfc62618084dcbb91cffd879c374b13fe5dd8e44ed6733852c88?s=96&d=mm&r=g","url":"https:\/\/secure.gravatar.com\/avatar\/16c5dda1489adfc62618084dcbb91cffd879c374b13fe5dd8e44ed6733852c88?s=96&d=mm&r=g","contentUrl":"https:\/\/secure.gravatar.com\/avatar\/16c5dda1489adfc62618084dcbb91cffd879c374b13fe5dd8e44ed6733852c88?s=96&d=mm&r=g","caption":"Alejandro Gabriel Rosito"},"url":"https:\/\/autofans.com.ar\/index.php\/author\/gabrielr\/"}]}},"featured_image_urls":{"full":["https:\/\/autofans.com.ar\/wp-content\/uploads\/2024\/07\/nissan.jpg",1000,667,false],"thumbnail":["https:\/\/autofans.com.ar\/wp-content\/uploads\/2024\/07\/nissan-150x150.jpg",150,150,true],"medium":["https:\/\/autofans.com.ar\/wp-content\/uploads\/2024\/07\/nissan-300x200.jpg",300,200,true],"medium_large":["https:\/\/autofans.com.ar\/wp-content\/uploads\/2024\/07\/nissan-768x512.jpg",640,427,true],"large":["https:\/\/autofans.com.ar\/wp-content\/uploads\/2024\/07\/nissan.jpg",640,427,false],"1536x1536":["https:\/\/autofans.com.ar\/wp-content\/uploads\/2024\/07\/nissan.jpg",1000,667,false],"2048x2048":["https:\/\/autofans.com.ar\/wp-content\/uploads\/2024\/07\/nissan.jpg",1000,667,false],"covernews-featured":["https:\/\/autofans.com.ar\/wp-content\/uploads\/2024\/07\/nissan.jpg",1000,667,false],"covernews-medium":["https:\/\/autofans.com.ar\/wp-content\/uploads\/2024\/07\/nissan-540x340.jpg",540,340,true]},"author_info":{"display_name":"Alejandro Gabriel Rosito","author_link":"https:\/\/autofans.com.ar\/index.php\/author\/gabrielr\/"},"category_info":"<a href=\"https:\/\/autofans.com.ar\/index.php\/category\/noticias\/hibridos-y-electricos\/\" rel=\"category tag\">HIBRIDOS, ELECTRICOS y otros<\/a> <a href=\"https:\/\/autofans.com.ar\/index.php\/category\/noticias\/\" rel=\"category tag\">NOTICIAS<\/a>","tag_info":"NOTICIAS","comment_count":0,"_links":{"self":[{"href":"https:\/\/autofans.com.ar\/index.php\/wp-json\/wp\/v2\/posts\/8358","targetHints":{"allow":["GET"]}}],"collection":[{"href":"https:\/\/autofans.com.ar\/index.php\/wp-json\/wp\/v2\/posts"}],"about":[{"href":"https:\/\/autofans.com.ar\/index.php\/wp-json\/wp\/v2\/types\/post"}],"author":[{"embeddable":true,"href":"https:\/\/autofans.com.ar\/index.php\/wp-json\/wp\/v2\/users\/2"}],"replies":[{"embeddable":true,"href":"https:\/\/autofans.com.ar\/index.php\/wp-json\/wp\/v2\/comments?post=8358"}],"version-history":[{"count":8,"href":"https:\/\/autofans.com.ar\/index.php\/wp-json\/wp\/v2\/posts\/8358\/revisions"}],"predecessor-version":[{"id":8367,"href":"https:\/\/autofans.com.ar\/index.php\/wp-json\/wp\/v2\/posts\/8358\/revisions\/8367"}],"wp:featuredmedia":[{"embeddable":true,"href":"https:\/\/autofans.com.ar\/index.php\/wp-json\/wp\/v2\/media\/8360"}],"wp:attachment":[{"href":"https:\/\/autofans.com.ar\/index.php\/wp-json\/wp\/v2\/media?parent=8358"}],"wp:term":[{"taxonomy":"category","embeddable":true,"href":"https:\/\/autofans.com.ar\/index.php\/wp-json\/wp\/v2\/categories?post=8358"},{"taxonomy":"post_tag","embeddable":true,"href":"https:\/\/autofans.com.ar\/index.php\/wp-json\/wp\/v2\/tags?post=8358"}],"curies":[{"name":"wp","href":"https:\/\/api.w.org\/{rel}","templated":true}]}}