{"id":8369,"date":"2024-07-22T13:20:24","date_gmt":"2024-07-22T16:20:24","guid":{"rendered":"https:\/\/autofans.com.ar\/?p=8369"},"modified":"2024-07-22T22:01:03","modified_gmt":"2024-07-23T01:01:03","slug":"volkswagen-brilla-en-la-exposicion-rural-2024","status":"publish","type":"post","link":"https:\/\/autofans.com.ar\/index.php\/2024\/07\/22\/volkswagen-brilla-en-la-exposicion-rural-2024\/","title":{"rendered":"Volkswagen brilla en la Exposici\u00f3n Rural 2024"},"content":{"rendered":"<p>Volkswagen reafirma su compromiso con el campo argentino participando de la edici\u00f3n N\u00b0 136 de la Exposici\u00f3n Rural en Palermo, del 18 al 28 de julio. La marca exhibe sus reconocidos SUVW como el Nivus, el ic\u00f3nico Taos y el nuevo T-Cross en su versi\u00f3n \u201cHighline Bitono\u201d. Tambi\u00e9n destacan el nuevo Saveiro y la pick-up Amarok, ambos en versi\u00f3n \u201cExtreme\u201d, junto al extrapesado Volkswagen Meteor.<\/p>\n<p>El espacio cuenta con un \u00e1rea para ni\u00f1os, donde los peque\u00f1os pueden colorear veh\u00edculos emblem\u00e1ticos de Volkswagen y llevarse un recuerdo.<\/p>\n<p>&nbsp;<\/p>\n<h2>Postventa y bicicletas<\/h2>\n<p>En el \u00e1rea de postventa, se muestra la Unidad de Servicio M\u00f3vil, una Amarok convertida en taller m\u00f3vil, ideal para asistencia remota a clientes particulares y flotas. Adem\u00e1s, Volkswagen presenta su colecci\u00f3n de bicicletas de producci\u00f3n local, disponibles en los concesionarios oficiales.<\/p>\n<p>&nbsp;<\/p>\n<div id='gallery-1' class='gallery galleryid-8369 gallery-columns-3 gallery-size-full'><figure class='gallery-item'>\n\t\t\t<div class='gallery-icon landscape'>\n\t\t\t\t<a href='https:\/\/autofans.com.ar\/index.php\/2024\/07\/22\/volkswagen-brilla-en-la-exposicion-rural-2024\/volkswagen-2-2\/'><img loading=\"lazy\" width=\"1000\" height=\"667\" src=\"https:\/\/autofans.com.ar\/wp-content\/uploads\/2024\/07\/volkswagen-2.jpg\" class=\"attachment-full size-full\" alt=\"Volkswagen\" srcset=\"https:\/\/autofans.com.ar\/wp-content\/uploads\/2024\/07\/volkswagen-2.jpg 1000w, https:\/\/autofans.com.ar\/wp-content\/uploads\/2024\/07\/volkswagen-2-300x200.jpg 300w, https:\/\/autofans.com.ar\/wp-content\/uploads\/2024\/07\/volkswagen-2-768x512.jpg 768w\" sizes=\"auto, (max-width: 1000px) 100vw, 1000px\" loading=\"lazy\" decoding=\"async\" \/><\/a>\n\t\t\t<\/div><\/figure><figure class='gallery-item'>\n\t\t\t<div class='gallery-icon landscape'>\n\t\t\t\t<a href='https:\/\/autofans.com.ar\/index.php\/2024\/07\/22\/volkswagen-brilla-en-la-exposicion-rural-2024\/volkswagen-3-2\/'><img loading=\"lazy\" width=\"1000\" height=\"667\" src=\"https:\/\/autofans.com.ar\/wp-content\/uploads\/2024\/07\/volkswagen-3.jpg\" class=\"attachment-full size-full\" alt=\"Volkswagen\" srcset=\"https:\/\/autofans.com.ar\/wp-content\/uploads\/2024\/07\/volkswagen-3.jpg 1000w, https:\/\/autofans.com.ar\/wp-content\/uploads\/2024\/07\/volkswagen-3-300x200.jpg 300w, https:\/\/autofans.com.ar\/wp-content\/uploads\/2024\/07\/volkswagen-3-768x512.jpg 768w\" sizes=\"auto, (max-width: 1000px) 100vw, 1000px\" loading=\"lazy\" decoding=\"async\" \/><\/a>\n\t\t\t<\/div><\/figure><figure class='gallery-item'>\n\t\t\t<div class='gallery-icon landscape'>\n\t\t\t\t<a href='https:\/\/autofans.com.ar\/index.php\/2024\/07\/22\/volkswagen-brilla-en-la-exposicion-rural-2024\/volkswagen-4\/'><img loading=\"lazy\" width=\"1000\" height=\"667\" src=\"https:\/\/autofans.com.ar\/wp-content\/uploads\/2024\/07\/volkswagen-4.jpg\" class=\"attachment-full size-full\" alt=\"Volkswagen\" srcset=\"https:\/\/autofans.com.ar\/wp-content\/uploads\/2024\/07\/volkswagen-4.jpg 1000w, https:\/\/autofans.com.ar\/wp-content\/uploads\/2024\/07\/volkswagen-4-300x200.jpg 300w, https:\/\/autofans.com.ar\/wp-content\/uploads\/2024\/07\/volkswagen-4-768x512.jpg 768w\" sizes=\"auto, (max-width: 1000px) 100vw, 1000px\" loading=\"lazy\" decoding=\"async\" \/><\/a>\n\t\t\t<\/div><\/figure>\n\t\t<\/div>\n\n<p>&nbsp;<\/p>\n<p>El stand incluye un \u00e1rea para la exhibici\u00f3n y venta de accesorios Lifestyle, disponibles tambi\u00e9n en la tienda oficial de Mercado Libre. Adem\u00e1s, todos los modelos expuestos incluyen el primer servicio de mantenimiento bonificado y opciones de financiamiento para contratos de mantenimiento.<\/p>\n<p>&nbsp;<\/p>\n<blockquote>\n<p style=\"text-align: center;\">Martin Massimino, director comercial del grupo Volkswagen Argentina, sostuvo: \u201cEn Volkswagen nos encanta participar de las ferias m\u00e1s emblem\u00e1ticas y representativas de la industria agropecuaria, como ser esta nueva edici\u00f3n de la Exposici\u00f3n Rural de Palermo. Esperamos que todos los fan\u00e1ticos de la marca VW puedan acercarse y conocer las novedades que tenemos exhibidas este a\u00f1o.\u201d<span class=\"Apple-converted-space\">\u00a0<\/span><\/p>\n<\/blockquote>\n<p>&nbsp;<\/p>\n<h2><strong>Camiones y Buses Volkswagen<\/strong><\/h2>\n<p>La divisi\u00f3n Camiones y Buses presenta el Volkswagen Meteor, con garant\u00eda de 2 a\u00f1os sin l\u00edmite de kilometraje. Tambi\u00e9n se promociona \u201cMi Plan Cami\u00f3n VW\u201d, un plan de ahorro 70\/30 con hasta 50 cuotas accesibles, y un nuevo plan de financiaci\u00f3n a tasas competitivas para toda la gama de productos.<\/p>\n<p>&nbsp;<\/p>\n<div id='gallery-2' class='gallery galleryid-8369 gallery-columns-2 gallery-size-full'><figure class='gallery-item'>\n\t\t\t<div class='gallery-icon landscape'>\n\t\t\t\t<a href='https:\/\/autofans.com.ar\/index.php\/2024\/07\/22\/volkswagen-brilla-en-la-exposicion-rural-2024\/volkswagen-5\/'><img loading=\"lazy\" width=\"1000\" height=\"667\" src=\"https:\/\/autofans.com.ar\/wp-content\/uploads\/2024\/07\/volkswagen-5.jpg\" class=\"attachment-full size-full\" alt=\"Volkswagen\" srcset=\"https:\/\/autofans.com.ar\/wp-content\/uploads\/2024\/07\/volkswagen-5.jpg 1000w, https:\/\/autofans.com.ar\/wp-content\/uploads\/2024\/07\/volkswagen-5-300x200.jpg 300w, https:\/\/autofans.com.ar\/wp-content\/uploads\/2024\/07\/volkswagen-5-768x512.jpg 768w\" sizes=\"auto, (max-width: 1000px) 100vw, 1000px\" loading=\"lazy\" decoding=\"async\" \/><\/a>\n\t\t\t<\/div><\/figure><figure class='gallery-item'>\n\t\t\t<div class='gallery-icon landscape'>\n\t\t\t\t<a href='https:\/\/autofans.com.ar\/index.php\/2024\/07\/22\/volkswagen-brilla-en-la-exposicion-rural-2024\/volkswagen-6\/'><img loading=\"lazy\" width=\"1000\" height=\"667\" src=\"https:\/\/autofans.com.ar\/wp-content\/uploads\/2024\/07\/volkswagen-6.jpg\" class=\"attachment-full size-full\" alt=\"Volkswagen\" srcset=\"https:\/\/autofans.com.ar\/wp-content\/uploads\/2024\/07\/volkswagen-6.jpg 1000w, https:\/\/autofans.com.ar\/wp-content\/uploads\/2024\/07\/volkswagen-6-300x200.jpg 300w, https:\/\/autofans.com.ar\/wp-content\/uploads\/2024\/07\/volkswagen-6-768x512.jpg 768w\" sizes=\"auto, (max-width: 1000px) 100vw, 1000px\" loading=\"lazy\" decoding=\"async\" \/><\/a>\n\t\t\t<\/div><\/figure>\n\t\t<\/div>\n\n<p>&nbsp;<\/p>\n<p>La financiera del Grupo Volkswagen ofrece productos atractivos como financiaci\u00f3n a tasa 0% para el nuevo T-Cross, y tasas competitivas para modelos como Polo, Nivus, Saveiro, Taos y Amarok. Adem\u00e1s, se incluye un seguro contra terceros y protecci\u00f3n integral en algunos planes.<\/p>\n<p>&nbsp;<\/p>\n<p>&nbsp;<\/p>\n<p>&nbsp;<\/p>\n<p><i>Para enterarte de m\u00e1s novedades, no dejes de leer\u00a0<\/i><a href=\"https:\/\/autofans.thebrandsoup.com\/\"><i>nuestras notas<\/i><\/a><i>, de ver<\/i><b><i>\u00a0<\/i><\/b><a href=\"https:\/\/www.youtube.com\/channel\/UCgAC8UGHZYbT6P7PpmVnP7g\"><b><i>AUTOFANS TV<\/i><\/b><\/a><b><i>\u00a0<\/i><\/b><i>en nuestro\u00a0canal de Youtube. Adem\u00e1s seguinos en\u00a0<\/i><a href=\"https:\/\/www.instagram.com\/autofanstv\/\"><i>INSTAGRAM<\/i><\/a><i> y <\/i><a href=\"https:\/\/www.facebook.com\/autofansmas\/\"><i>FACEBOOK<\/i><\/a><i> para no perderte nada sobre las novedades del segmento automotor de Argentina y el mundo.<\/i><\/p>\n","protected":false},"excerpt":{"rendered":"<p>Volkswagen reafirma su compromiso con el campo argentino participando de la edici\u00f3n N\u00b0 136 de&#8230;<\/p>\n","protected":false},"author":2,"featured_media":8376,"comment_status":"closed","ping_status":"closed","sticky":false,"template":"","format":"standard","meta":{"footnotes":""},"categories":[16,10],"tags":[4467,2075,1551,4453,2077,4469,4466,522,4465,4468,3055,382,2078,793],"class_list":["post-8369","post","type-post","status-publish","format-standard","has-post-thumbnail","hentry","category-noticias","category-utilitarios-y-pesados-lanzamientos","tag-amarok-extreme","tag-bicicletas-volkswagen","tag-camiones-volkswagen","tag-exposicion-rural-2024","tag-financiamiento-volkswagen","tag-mi-plan-camion-vw","tag-saveiro-extreme","tag-suvw","tag-t-cross-highline-bitono","tag-unidad-de-servicio-movil","tag-vehiculos-volkswagen","tag-volkswagen","tag-volkswagen-financial-services","tag-volkswagen-meteor"],"yoast_head":"<!-- This site is optimized with the Yoast SEO plugin v27.5 - https:\/\/yoast.com\/product\/yoast-seo-wordpress\/ -->\n<title>Volkswagen brilla en la Exposici\u00f3n Rural 2024 -<\/title>\n<meta name=\"description\" content=\"Volkswagen reafirma su compromiso con el campo argentino participando de la edici\u00f3n N\u00b0 136 de la Exposici\u00f3n Rural en Palermo, del 18 al 28\/07\" \/>\n<meta name=\"robots\" content=\"index, follow, max-snippet:-1, max-image-preview:large, max-video-preview:-1\" \/>\n<link rel=\"canonical\" href=\"https:\/\/autofans.com.ar\/index.php\/2024\/07\/22\/volkswagen-brilla-en-la-exposicion-rural-2024\/\" \/>\n<meta property=\"og:locale\" content=\"es_ES\" \/>\n<meta property=\"og:type\" content=\"article\" \/>\n<meta property=\"og:title\" content=\"Volkswagen brilla en la Exposici\u00f3n Rural 2024 -\" \/>\n<meta property=\"og:description\" content=\"Volkswagen reafirma su compromiso con el campo argentino participando de la edici\u00f3n N\u00b0 136 de la Exposici\u00f3n Rural en Palermo, del 18 al 28\/07\" \/>\n<meta property=\"og:url\" content=\"https:\/\/autofans.com.ar\/index.php\/2024\/07\/22\/volkswagen-brilla-en-la-exposicion-rural-2024\/\" \/>\n<meta property=\"article:published_time\" content=\"2024-07-22T16:20:24+00:00\" \/>\n<meta property=\"article:modified_time\" content=\"2024-07-23T01:01:03+00:00\" \/>\n<meta property=\"og:image\" content=\"https:\/\/autofans.com.ar\/wp-content\/uploads\/2024\/07\/volkswagen-1.jpg\" \/>\n\t<meta property=\"og:image:width\" content=\"640\" \/>\n\t<meta property=\"og:image:height\" content=\"427\" \/>\n\t<meta property=\"og:image:type\" content=\"image\/jpeg\" \/>\n<meta name=\"author\" content=\"Alejandro Gabriel Rosito\" \/>\n<meta name=\"twitter:card\" content=\"summary_large_image\" \/>\n<meta name=\"twitter:label1\" content=\"Escrito por\" \/>\n\t<meta name=\"twitter:data1\" content=\"Alejandro Gabriel Rosito\" \/>\n\t<meta name=\"twitter:label2\" content=\"Tiempo de lectura\" \/>\n\t<meta name=\"twitter:data2\" content=\"2 minutos\" \/>\n<script type=\"application\/ld+json\" class=\"yoast-schema-graph\">{\"@context\":\"https:\\\/\\\/schema.org\",\"@graph\":[{\"@type\":\"Article\",\"@id\":\"https:\\\/\\\/autofans.com.ar\\\/index.php\\\/2024\\\/07\\\/22\\\/volkswagen-brilla-en-la-exposicion-rural-2024\\\/#article\",\"isPartOf\":{\"@id\":\"https:\\\/\\\/autofans.com.ar\\\/index.php\\\/2024\\\/07\\\/22\\\/volkswagen-brilla-en-la-exposicion-rural-2024\\\/\"},\"author\":{\"name\":\"Alejandro Gabriel Rosito\",\"@id\":\"https:\\\/\\\/autofans.com.ar\\\/#\\\/schema\\\/person\\\/4a8dda0b6df83ac3d6723e921274c2aa\"},\"headline\":\"Volkswagen brilla en la Exposici\u00f3n Rural 2024\",\"datePublished\":\"2024-07-22T16:20:24+00:00\",\"dateModified\":\"2024-07-23T01:01:03+00:00\",\"mainEntityOfPage\":{\"@id\":\"https:\\\/\\\/autofans.com.ar\\\/index.php\\\/2024\\\/07\\\/22\\\/volkswagen-brilla-en-la-exposicion-rural-2024\\\/\"},\"wordCount\":421,\"image\":{\"@id\":\"https:\\\/\\\/autofans.com.ar\\\/index.php\\\/2024\\\/07\\\/22\\\/volkswagen-brilla-en-la-exposicion-rural-2024\\\/#primaryimage\"},\"thumbnailUrl\":\"https:\\\/\\\/autofans.com.ar\\\/wp-content\\\/uploads\\\/2024\\\/07\\\/volkswagen-1.jpg\",\"keywords\":[\"Amarok Extreme\",\"Bicicletas Volkswagen\",\"camiones Volkswagen\",\"Exposici\u00f3n Rural 2024\",\"Financiamiento Volkswagen\",\"Mi Plan Cami\u00f3n VW\",\"Saveiro Extreme\",\"SUVW\",\"T-Cross Highline Bitono\",\"Unidad de Servicio M\u00f3vil\",\"Veh\u00edculos Volkswagen\",\"Volkswagen\",\"Volkswagen Financial Services\",\"Volkswagen Meteor\"],\"articleSection\":[\"NOTICIAS\",\"Pick Ups, Utilitarios y Pesados\"],\"inLanguage\":\"es\"},{\"@type\":\"WebPage\",\"@id\":\"https:\\\/\\\/autofans.com.ar\\\/index.php\\\/2024\\\/07\\\/22\\\/volkswagen-brilla-en-la-exposicion-rural-2024\\\/\",\"url\":\"https:\\\/\\\/autofans.com.ar\\\/index.php\\\/2024\\\/07\\\/22\\\/volkswagen-brilla-en-la-exposicion-rural-2024\\\/\",\"name\":\"Volkswagen brilla en la Exposici\u00f3n Rural 2024 -\",\"isPartOf\":{\"@id\":\"https:\\\/\\\/autofans.com.ar\\\/#website\"},\"primaryImageOfPage\":{\"@id\":\"https:\\\/\\\/autofans.com.ar\\\/index.php\\\/2024\\\/07\\\/22\\\/volkswagen-brilla-en-la-exposicion-rural-2024\\\/#primaryimage\"},\"image\":{\"@id\":\"https:\\\/\\\/autofans.com.ar\\\/index.php\\\/2024\\\/07\\\/22\\\/volkswagen-brilla-en-la-exposicion-rural-2024\\\/#primaryimage\"},\"thumbnailUrl\":\"https:\\\/\\\/autofans.com.ar\\\/wp-content\\\/uploads\\\/2024\\\/07\\\/volkswagen-1.jpg\",\"datePublished\":\"2024-07-22T16:20:24+00:00\",\"dateModified\":\"2024-07-23T01:01:03+00:00\",\"author\":{\"@id\":\"https:\\\/\\\/autofans.com.ar\\\/#\\\/schema\\\/person\\\/4a8dda0b6df83ac3d6723e921274c2aa\"},\"description\":\"Volkswagen reafirma su compromiso con el campo argentino participando de la edici\u00f3n N\u00b0 136 de la Exposici\u00f3n Rural en Palermo, del 18 al 28\\\/07\",\"breadcrumb\":{\"@id\":\"https:\\\/\\\/autofans.com.ar\\\/index.php\\\/2024\\\/07\\\/22\\\/volkswagen-brilla-en-la-exposicion-rural-2024\\\/#breadcrumb\"},\"inLanguage\":\"es\",\"potentialAction\":[{\"@type\":\"ReadAction\",\"target\":[\"https:\\\/\\\/autofans.com.ar\\\/index.php\\\/2024\\\/07\\\/22\\\/volkswagen-brilla-en-la-exposicion-rural-2024\\\/\"]}]},{\"@type\":\"ImageObject\",\"inLanguage\":\"es\",\"@id\":\"https:\\\/\\\/autofans.com.ar\\\/index.php\\\/2024\\\/07\\\/22\\\/volkswagen-brilla-en-la-exposicion-rural-2024\\\/#primaryimage\",\"url\":\"https:\\\/\\\/autofans.com.ar\\\/wp-content\\\/uploads\\\/2024\\\/07\\\/volkswagen-1.jpg\",\"contentUrl\":\"https:\\\/\\\/autofans.com.ar\\\/wp-content\\\/uploads\\\/2024\\\/07\\\/volkswagen-1.jpg\",\"width\":1000,\"height\":667,\"caption\":\"Volkswagen\"},{\"@type\":\"BreadcrumbList\",\"@id\":\"https:\\\/\\\/autofans.com.ar\\\/index.php\\\/2024\\\/07\\\/22\\\/volkswagen-brilla-en-la-exposicion-rural-2024\\\/#breadcrumb\",\"itemListElement\":[{\"@type\":\"ListItem\",\"position\":1,\"name\":\"Inicio\",\"item\":\"https:\\\/\\\/autofans.com.ar\\\/\"},{\"@type\":\"ListItem\",\"position\":2,\"name\":\"Volkswagen brilla en la Exposici\u00f3n Rural 2024\"}]},{\"@type\":\"WebSite\",\"@id\":\"https:\\\/\\\/autofans.com.ar\\\/#website\",\"url\":\"https:\\\/\\\/autofans.com.ar\\\/\",\"name\":\"\",\"description\":\"El multimedio referente de la industria automotriz\",\"potentialAction\":[{\"@type\":\"SearchAction\",\"target\":{\"@type\":\"EntryPoint\",\"urlTemplate\":\"https:\\\/\\\/autofans.com.ar\\\/?s={search_term_string}\"},\"query-input\":{\"@type\":\"PropertyValueSpecification\",\"valueRequired\":true,\"valueName\":\"search_term_string\"}}],\"inLanguage\":\"es\"},{\"@type\":\"Person\",\"@id\":\"https:\\\/\\\/autofans.com.ar\\\/#\\\/schema\\\/person\\\/4a8dda0b6df83ac3d6723e921274c2aa\",\"name\":\"Alejandro Gabriel Rosito\",\"image\":{\"@type\":\"ImageObject\",\"inLanguage\":\"es\",\"@id\":\"https:\\\/\\\/secure.gravatar.com\\\/avatar\\\/16c5dda1489adfc62618084dcbb91cffd879c374b13fe5dd8e44ed6733852c88?s=96&d=mm&r=g\",\"url\":\"https:\\\/\\\/secure.gravatar.com\\\/avatar\\\/16c5dda1489adfc62618084dcbb91cffd879c374b13fe5dd8e44ed6733852c88?s=96&d=mm&r=g\",\"contentUrl\":\"https:\\\/\\\/secure.gravatar.com\\\/avatar\\\/16c5dda1489adfc62618084dcbb91cffd879c374b13fe5dd8e44ed6733852c88?s=96&d=mm&r=g\",\"caption\":\"Alejandro Gabriel Rosito\"},\"url\":\"https:\\\/\\\/autofans.com.ar\\\/index.php\\\/author\\\/gabrielr\\\/\"}]}<\/script>\n<!-- \/ Yoast SEO plugin. -->","yoast_head_json":{"title":"Volkswagen brilla en la Exposici\u00f3n Rural 2024 -","description":"Volkswagen reafirma su compromiso con el campo argentino participando de la edici\u00f3n N\u00b0 136 de la Exposici\u00f3n Rural en Palermo, del 18 al 28\/07","robots":{"index":"index","follow":"follow","max-snippet":"max-snippet:-1","max-image-preview":"max-image-preview:large","max-video-preview":"max-video-preview:-1"},"canonical":"https:\/\/autofans.com.ar\/index.php\/2024\/07\/22\/volkswagen-brilla-en-la-exposicion-rural-2024\/","og_locale":"es_ES","og_type":"article","og_title":"Volkswagen brilla en la Exposici\u00f3n Rural 2024 -","og_description":"Volkswagen reafirma su compromiso con el campo argentino participando de la edici\u00f3n N\u00b0 136 de la Exposici\u00f3n Rural en Palermo, del 18 al 28\/07","og_url":"https:\/\/autofans.com.ar\/index.php\/2024\/07\/22\/volkswagen-brilla-en-la-exposicion-rural-2024\/","article_published_time":"2024-07-22T16:20:24+00:00","article_modified_time":"2024-07-23T01:01:03+00:00","og_image":[{"url":"https:\/\/autofans.com.ar\/wp-content\/uploads\/2024\/07\/volkswagen-1.jpg","width":640,"height":427,"type":"image\/jpeg"}],"author":"Alejandro Gabriel Rosito","twitter_card":"summary_large_image","twitter_misc":{"Escrito por":"Alejandro Gabriel Rosito","Tiempo de lectura":"2 minutos"},"schema":{"@context":"https:\/\/schema.org","@graph":[{"@type":"Article","@id":"https:\/\/autofans.com.ar\/index.php\/2024\/07\/22\/volkswagen-brilla-en-la-exposicion-rural-2024\/#article","isPartOf":{"@id":"https:\/\/autofans.com.ar\/index.php\/2024\/07\/22\/volkswagen-brilla-en-la-exposicion-rural-2024\/"},"author":{"name":"Alejandro Gabriel Rosito","@id":"https:\/\/autofans.com.ar\/#\/schema\/person\/4a8dda0b6df83ac3d6723e921274c2aa"},"headline":"Volkswagen brilla en la Exposici\u00f3n Rural 2024","datePublished":"2024-07-22T16:20:24+00:00","dateModified":"2024-07-23T01:01:03+00:00","mainEntityOfPage":{"@id":"https:\/\/autofans.com.ar\/index.php\/2024\/07\/22\/volkswagen-brilla-en-la-exposicion-rural-2024\/"},"wordCount":421,"image":{"@id":"https:\/\/autofans.com.ar\/index.php\/2024\/07\/22\/volkswagen-brilla-en-la-exposicion-rural-2024\/#primaryimage"},"thumbnailUrl":"https:\/\/autofans.com.ar\/wp-content\/uploads\/2024\/07\/volkswagen-1.jpg","keywords":["Amarok Extreme","Bicicletas Volkswagen","camiones Volkswagen","Exposici\u00f3n Rural 2024","Financiamiento Volkswagen","Mi Plan Cami\u00f3n VW","Saveiro Extreme","SUVW","T-Cross Highline Bitono","Unidad de Servicio M\u00f3vil","Veh\u00edculos Volkswagen","Volkswagen","Volkswagen Financial Services","Volkswagen Meteor"],"articleSection":["NOTICIAS","Pick Ups, Utilitarios y Pesados"],"inLanguage":"es"},{"@type":"WebPage","@id":"https:\/\/autofans.com.ar\/index.php\/2024\/07\/22\/volkswagen-brilla-en-la-exposicion-rural-2024\/","url":"https:\/\/autofans.com.ar\/index.php\/2024\/07\/22\/volkswagen-brilla-en-la-exposicion-rural-2024\/","name":"Volkswagen brilla en la Exposici\u00f3n Rural 2024 -","isPartOf":{"@id":"https:\/\/autofans.com.ar\/#website"},"primaryImageOfPage":{"@id":"https:\/\/autofans.com.ar\/index.php\/2024\/07\/22\/volkswagen-brilla-en-la-exposicion-rural-2024\/#primaryimage"},"image":{"@id":"https:\/\/autofans.com.ar\/index.php\/2024\/07\/22\/volkswagen-brilla-en-la-exposicion-rural-2024\/#primaryimage"},"thumbnailUrl":"https:\/\/autofans.com.ar\/wp-content\/uploads\/2024\/07\/volkswagen-1.jpg","datePublished":"2024-07-22T16:20:24+00:00","dateModified":"2024-07-23T01:01:03+00:00","author":{"@id":"https:\/\/autofans.com.ar\/#\/schema\/person\/4a8dda0b6df83ac3d6723e921274c2aa"},"description":"Volkswagen reafirma su compromiso con el campo argentino participando de la edici\u00f3n N\u00b0 136 de la Exposici\u00f3n Rural en Palermo, del 18 al 28\/07","breadcrumb":{"@id":"https:\/\/autofans.com.ar\/index.php\/2024\/07\/22\/volkswagen-brilla-en-la-exposicion-rural-2024\/#breadcrumb"},"inLanguage":"es","potentialAction":[{"@type":"ReadAction","target":["https:\/\/autofans.com.ar\/index.php\/2024\/07\/22\/volkswagen-brilla-en-la-exposicion-rural-2024\/"]}]},{"@type":"ImageObject","inLanguage":"es","@id":"https:\/\/autofans.com.ar\/index.php\/2024\/07\/22\/volkswagen-brilla-en-la-exposicion-rural-2024\/#primaryimage","url":"https:\/\/autofans.com.ar\/wp-content\/uploads\/2024\/07\/volkswagen-1.jpg","contentUrl":"https:\/\/autofans.com.ar\/wp-content\/uploads\/2024\/07\/volkswagen-1.jpg","width":1000,"height":667,"caption":"Volkswagen"},{"@type":"BreadcrumbList","@id":"https:\/\/autofans.com.ar\/index.php\/2024\/07\/22\/volkswagen-brilla-en-la-exposicion-rural-2024\/#breadcrumb","itemListElement":[{"@type":"ListItem","position":1,"name":"Inicio","item":"https:\/\/autofans.com.ar\/"},{"@type":"ListItem","position":2,"name":"Volkswagen brilla en la Exposici\u00f3n Rural 2024"}]},{"@type":"WebSite","@id":"https:\/\/autofans.com.ar\/#website","url":"https:\/\/autofans.com.ar\/","name":"","description":"El multimedio referente de la industria automotriz","potentialAction":[{"@type":"SearchAction","target":{"@type":"EntryPoint","urlTemplate":"https:\/\/autofans.com.ar\/?s={search_term_string}"},"query-input":{"@type":"PropertyValueSpecification","valueRequired":true,"valueName":"search_term_string"}}],"inLanguage":"es"},{"@type":"Person","@id":"https:\/\/autofans.com.ar\/#\/schema\/person\/4a8dda0b6df83ac3d6723e921274c2aa","name":"Alejandro Gabriel Rosito","image":{"@type":"ImageObject","inLanguage":"es","@id":"https:\/\/secure.gravatar.com\/avatar\/16c5dda1489adfc62618084dcbb91cffd879c374b13fe5dd8e44ed6733852c88?s=96&d=mm&r=g","url":"https:\/\/secure.gravatar.com\/avatar\/16c5dda1489adfc62618084dcbb91cffd879c374b13fe5dd8e44ed6733852c88?s=96&d=mm&r=g","contentUrl":"https:\/\/secure.gravatar.com\/avatar\/16c5dda1489adfc62618084dcbb91cffd879c374b13fe5dd8e44ed6733852c88?s=96&d=mm&r=g","caption":"Alejandro Gabriel Rosito"},"url":"https:\/\/autofans.com.ar\/index.php\/author\/gabrielr\/"}]}},"featured_image_urls":{"full":["https:\/\/autofans.com.ar\/wp-content\/uploads\/2024\/07\/volkswagen-1.jpg",1000,667,false],"thumbnail":["https:\/\/autofans.com.ar\/wp-content\/uploads\/2024\/07\/volkswagen-1-150x150.jpg",150,150,true],"medium":["https:\/\/autofans.com.ar\/wp-content\/uploads\/2024\/07\/volkswagen-1-300x200.jpg",300,200,true],"medium_large":["https:\/\/autofans.com.ar\/wp-content\/uploads\/2024\/07\/volkswagen-1-768x512.jpg",640,427,true],"large":["https:\/\/autofans.com.ar\/wp-content\/uploads\/2024\/07\/volkswagen-1.jpg",640,427,false],"1536x1536":["https:\/\/autofans.com.ar\/wp-content\/uploads\/2024\/07\/volkswagen-1.jpg",1000,667,false],"2048x2048":["https:\/\/autofans.com.ar\/wp-content\/uploads\/2024\/07\/volkswagen-1.jpg",1000,667,false],"covernews-featured":["https:\/\/autofans.com.ar\/wp-content\/uploads\/2024\/07\/volkswagen-1.jpg",1000,667,false],"covernews-medium":["https:\/\/autofans.com.ar\/wp-content\/uploads\/2024\/07\/volkswagen-1-540x340.jpg",540,340,true]},"author_info":{"display_name":"Alejandro Gabriel Rosito","author_link":"https:\/\/autofans.com.ar\/index.php\/author\/gabrielr\/"},"category_info":"<a href=\"https:\/\/autofans.com.ar\/index.php\/category\/noticias\/\" rel=\"category tag\">NOTICIAS<\/a> <a href=\"https:\/\/autofans.com.ar\/index.php\/category\/lanzamientos\/utilitarios-y-pesados-lanzamientos\/\" rel=\"category tag\">Pick Ups, Utilitarios y Pesados<\/a>","tag_info":"Pick Ups, Utilitarios y Pesados","comment_count":0,"_links":{"self":[{"href":"https:\/\/autofans.com.ar\/index.php\/wp-json\/wp\/v2\/posts\/8369","targetHints":{"allow":["GET"]}}],"collection":[{"href":"https:\/\/autofans.com.ar\/index.php\/wp-json\/wp\/v2\/posts"}],"about":[{"href":"https:\/\/autofans.com.ar\/index.php\/wp-json\/wp\/v2\/types\/post"}],"author":[{"embeddable":true,"href":"https:\/\/autofans.com.ar\/index.php\/wp-json\/wp\/v2\/users\/2"}],"replies":[{"embeddable":true,"href":"https:\/\/autofans.com.ar\/index.php\/wp-json\/wp\/v2\/comments?post=8369"}],"version-history":[{"count":3,"href":"https:\/\/autofans.com.ar\/index.php\/wp-json\/wp\/v2\/posts\/8369\/revisions"}],"predecessor-version":[{"id":8407,"href":"https:\/\/autofans.com.ar\/index.php\/wp-json\/wp\/v2\/posts\/8369\/revisions\/8407"}],"wp:featuredmedia":[{"embeddable":true,"href":"https:\/\/autofans.com.ar\/index.php\/wp-json\/wp\/v2\/media\/8376"}],"wp:attachment":[{"href":"https:\/\/autofans.com.ar\/index.php\/wp-json\/wp\/v2\/media?parent=8369"}],"wp:term":[{"taxonomy":"category","embeddable":true,"href":"https:\/\/autofans.com.ar\/index.php\/wp-json\/wp\/v2\/categories?post=8369"},{"taxonomy":"post_tag","embeddable":true,"href":"https:\/\/autofans.com.ar\/index.php\/wp-json\/wp\/v2\/tags?post=8369"}],"curies":[{"name":"wp","href":"https:\/\/api.w.org\/{rel}","templated":true}]}}