{"id":8408,"date":"2024-07-23T13:43:56","date_gmt":"2024-07-23T16:43:56","guid":{"rendered":"https:\/\/autofans.com.ar\/?p=8408"},"modified":"2024-07-23T14:00:16","modified_gmt":"2024-07-23T17:00:16","slug":"gasgas-presenta-en-la-argentina-las-nuevas-ec-250f-y-mc-250f","status":"publish","type":"post","link":"https:\/\/autofans.com.ar\/index.php\/2024\/07\/23\/gasgas-presenta-en-la-argentina-las-nuevas-ec-250f-y-mc-250f\/","title":{"rendered":"GASGAS presenta en la Argentina las nuevas EC 250F y MC 250F"},"content":{"rendered":"<p>GASGAS Argentina, parte del Grupo KTM a nivel mundial y del Grupo Simpa S.A. en nuestro pa\u00eds, presenta las nuevas motocicletas EC 250F y MC 250F 2024. Estos modelos llegan con importantes actualizaciones que buscan revolucionar la experiencia de conducci\u00f3n deportiva en Argentina.<\/p>\n<p>&nbsp;<\/p>\n<h2>GASGAS &#8211; novedades destacadas<\/h2>\n<p>&nbsp;<\/p>\n<p><img fetchpriority=\"high\" decoding=\"async\" class=\"aligncenter wp-image-8414 size-full\" src=\"https:\/\/autofans.com.ar\/wp-content\/uploads\/2024\/07\/gasgas-2.jpg\" alt=\"GASGAS\" width=\"1000\" height=\"667\" srcset=\"https:\/\/autofans.com.ar\/wp-content\/uploads\/2024\/07\/gasgas-2.jpg 1000w, https:\/\/autofans.com.ar\/wp-content\/uploads\/2024\/07\/gasgas-2-300x200.jpg 300w, https:\/\/autofans.com.ar\/wp-content\/uploads\/2024\/07\/gasgas-2-768x512.jpg 768w\" sizes=\"(max-width: 1000px) 100vw, 1000px\" \/><\/p>\n<p>&nbsp;<\/p>\n<p>Las EC 250F y MC 250F destacan por sus chasis redise\u00f1ados de acero 25CrMo4, m\u00e1s ligeros y r\u00edgidos, proporcionando una mejor maniobrabilidad y estabilidad en terrenos dif\u00edciles. El subchasis y el basculante de aluminio mejoran la flexibilidad y el control.<\/p>\n<p>&nbsp;<\/p>\n<h4>Modelos y Caracter\u00edsticas<\/h4>\n<p><a href=\"https:\/\/autofans.com.ar\/wp-content\/uploads\/2024\/07\/GASGAS-EC-250F.pdf\" target=\"_blank\" rel=\"noopener\">Ficha T\u00e9cnica GASGAS EC 250F \/ MC 250F<\/a><\/p>\n<p>&nbsp;<\/p>\n<p><img decoding=\"async\" class=\"aligncenter wp-image-8413 size-full\" src=\"https:\/\/autofans.com.ar\/wp-content\/uploads\/2024\/07\/gasgas-3.jpg\" alt=\"GASGAS\" width=\"1000\" height=\"667\" srcset=\"https:\/\/autofans.com.ar\/wp-content\/uploads\/2024\/07\/gasgas-3.jpg 1000w, https:\/\/autofans.com.ar\/wp-content\/uploads\/2024\/07\/gasgas-3-300x200.jpg 300w, https:\/\/autofans.com.ar\/wp-content\/uploads\/2024\/07\/gasgas-3-768x512.jpg 768w\" sizes=\"(max-width: 1000px) 100vw, 1000px\" \/><\/p>\n<ul>\n<li><strong>EC 250F:<\/strong> Ideal para enduro, cuenta con un motor monocil\u00edndrico de 4T y 249,9cc, con eje de balance para reducir vibraciones, embrague DDS y arranque el\u00e9ctrico. Su sistema de suspensi\u00f3n WP-USD Xplor y amortiguador WP XACT garantizan una conducci\u00f3n precisa. Adem\u00e1s, tiene frenos Braktec con discos Galfer y llantas Excel con neum\u00e1ticos Maxxis MaxxEnduro.<\/li>\n<\/ul>\n<p>&nbsp;<\/p>\n<p><img decoding=\"async\" class=\"aligncenter wp-image-8412 size-full\" src=\"https:\/\/autofans.com.ar\/wp-content\/uploads\/2024\/07\/gasgas-4.jpg\" alt=\"GASGAS\" width=\"1000\" height=\"667\" srcset=\"https:\/\/autofans.com.ar\/wp-content\/uploads\/2024\/07\/gasgas-4.jpg 1000w, https:\/\/autofans.com.ar\/wp-content\/uploads\/2024\/07\/gasgas-4-300x200.jpg 300w, https:\/\/autofans.com.ar\/wp-content\/uploads\/2024\/07\/gasgas-4-768x512.jpg 768w\" sizes=\"(max-width: 1000px) 100vw, 1000px\" \/><\/p>\n<ul>\n<li><strong>MC 250F:<\/strong> Dise\u00f1ada para motocross, su motor de 249,9cc y 45 CV a 14.000 rpm ofrece un rendimiento excepcional. La posici\u00f3n del motor mejora la estabilidad y aceleraci\u00f3n. Incluye frenos Braktec, sistema de suspensi\u00f3n WP-Xact y un manillar Neken de alta resistencia.<\/li>\n<\/ul>\n<p>&nbsp;<\/p>\n<h4>Novedades 2024<\/h4>\n<ul>\n<li>EC 250F: Motor con nuevas medidas, interruptor de mapa motor, horquilla WP Xplor y amortiguador WP Xact.<\/li>\n<li>MC 250F: Ajustes de horquilla, amortiguador m\u00e1s ligero, nuevas abrazaderas de triple anclaje, y mayor superficie de estriberas.<\/li>\n<\/ul>\n<p>&nbsp;<\/p>\n<h2>Precios y disponibilidad<\/h2>\n<p>&nbsp;<\/p>\n<div id='gallery-1' class='gallery galleryid-8408 gallery-columns-2 gallery-size-full'><figure class='gallery-item'>\n\t\t\t<div class='gallery-icon landscape'>\n\t\t\t\t<a href='https:\/\/autofans.com.ar\/index.php\/2024\/07\/23\/gasgas-presenta-en-la-argentina-las-nuevas-ec-250f-y-mc-250f\/gasgas-5\/'><img loading=\"lazy\" width=\"1000\" height=\"667\" src=\"https:\/\/autofans.com.ar\/wp-content\/uploads\/2024\/07\/gasgas-5.jpg\" class=\"attachment-full size-full\" alt=\"GASGAS\" aria-describedby=\"gallery-1-8411\" srcset=\"https:\/\/autofans.com.ar\/wp-content\/uploads\/2024\/07\/gasgas-5.jpg 1000w, https:\/\/autofans.com.ar\/wp-content\/uploads\/2024\/07\/gasgas-5-300x200.jpg 300w, https:\/\/autofans.com.ar\/wp-content\/uploads\/2024\/07\/gasgas-5-768x512.jpg 768w\" sizes=\"auto, (max-width: 1000px) 100vw, 1000px\" loading=\"lazy\" decoding=\"async\" \/><\/a>\n\t\t\t<\/div>\n\t\t\t\t<figcaption class='wp-caption-text gallery-caption' id='gallery-1-8411'>\n\t\t\t\tMC 250F\n\t\t\t\t<\/figcaption><\/figure><figure class='gallery-item'>\n\t\t\t<div class='gallery-icon landscape'>\n\t\t\t\t<a href='https:\/\/autofans.com.ar\/index.php\/2024\/07\/23\/gasgas-presenta-en-la-argentina-las-nuevas-ec-250f-y-mc-250f\/gasgas-6\/'><img loading=\"lazy\" width=\"1000\" height=\"667\" src=\"https:\/\/autofans.com.ar\/wp-content\/uploads\/2024\/07\/gasgas-6.jpg\" class=\"attachment-full size-full\" alt=\"GASGAS\" aria-describedby=\"gallery-1-8410\" srcset=\"https:\/\/autofans.com.ar\/wp-content\/uploads\/2024\/07\/gasgas-6.jpg 1000w, https:\/\/autofans.com.ar\/wp-content\/uploads\/2024\/07\/gasgas-6-300x200.jpg 300w, https:\/\/autofans.com.ar\/wp-content\/uploads\/2024\/07\/gasgas-6-768x512.jpg 768w\" sizes=\"auto, (max-width: 1000px) 100vw, 1000px\" loading=\"lazy\" decoding=\"async\" \/><\/a>\n\t\t\t<\/div>\n\t\t\t\t<figcaption class='wp-caption-text gallery-caption' id='gallery-1-8410'>\n\t\t\t\tEC 250F\n\t\t\t\t<\/figcaption><\/figure>\n\t\t<\/div>\n\n<p>&nbsp;<\/p>\n<p>La EC 250F est\u00e1 disponible por USD 23.400 y la MC 250F por USD 19.820. Se pueden encontrar en concesionarios de Buenos Aires, C\u00f3rdoba, Santa Fe, Mendoza, Tucum\u00e1n, Salta, y San Juan, junto con un amplio cat\u00e1logo de accesorios t\u00e9cnicos GASGAS. La llegada de estas motocicletas al mercado argentino marca un nuevo cap\u00edtulo en la historia de la competici\u00f3n nacional, ofreciendo a los entusiastas del motociclismo una experiencia de alta calidad y tecnolog\u00eda.<\/p>\n<p>&nbsp;<\/p>\n<p>&nbsp;<\/p>\n<p><i>Para enterarte de m\u00e1s novedades, no dejes de leer\u00a0<\/i><a href=\"https:\/\/autofans.thebrandsoup.com\/\"><i>nuestras notas<\/i><\/a><i>, de ver<\/i><b><i>\u00a0<\/i><\/b><a href=\"https:\/\/www.youtube.com\/channel\/UCgAC8UGHZYbT6P7PpmVnP7g\"><b><i>AUTOFANS TV<\/i><\/b><\/a><b><i>\u00a0<\/i><\/b><i>en nuestro\u00a0canal de Youtube. Adem\u00e1s seguinos en\u00a0<\/i><a href=\"https:\/\/www.instagram.com\/autofanstv\/\"><i>INSTAGRAM<\/i><\/a><i> y <\/i><a href=\"https:\/\/www.facebook.com\/autofansmas\/\"><i>FACEBOOK<\/i><\/a><i> para no perderte nada sobre las novedades del segmento automotor de Argentina y el mundo.<\/i><\/p>\n","protected":false},"excerpt":{"rendered":"<p>GASGAS Argentina, parte del Grupo KTM a nivel mundial y del Grupo Simpa S.A. en&#8230;<\/p>\n","protected":false},"author":2,"featured_media":8415,"comment_status":"closed","ping_status":"closed","sticky":false,"template":"","format":"standard","meta":{"footnotes":""},"categories":[1,9],"tags":[1233,4470,4473,1944,4472,4471,812,4474,4475],"class_list":["post-8408","post","type-post","status-publish","format-standard","has-post-thumbnail","hentry","category-lanzamientos","category-motos-lanzamientos","tag-enduro","tag-gasgas-argentina","tag-grupo-ktm","tag-grupo-simpa-s-a","tag-mc-250f","tag-motocicletas-ec-250f","tag-motocross","tag-motos-de-competicion","tag-novedades-2024"],"yoast_head":"<!-- This site is optimized with the Yoast SEO plugin v27.5 - https:\/\/yoast.com\/product\/yoast-seo-wordpress\/ -->\n<title>GASGAS presenta en la Argentina las nuevas EC 250F y MC 250F -<\/title>\n<meta name=\"description\" content=\"GASGAS Argentina, parte del Grupo KTM a nivel mundial y del Grupo Simpa S.A. en nuestro pa\u00eds, presenta las nuevas EC 250F y MC 250F 2024...\" \/>\n<meta name=\"robots\" content=\"index, follow, max-snippet:-1, max-image-preview:large, max-video-preview:-1\" \/>\n<link rel=\"canonical\" href=\"https:\/\/autofans.com.ar\/index.php\/2024\/07\/23\/gasgas-presenta-en-la-argentina-las-nuevas-ec-250f-y-mc-250f\/\" \/>\n<meta property=\"og:locale\" content=\"es_ES\" \/>\n<meta property=\"og:type\" content=\"article\" \/>\n<meta property=\"og:title\" content=\"GASGAS presenta en la Argentina las nuevas EC 250F y MC 250F -\" \/>\n<meta property=\"og:description\" content=\"GASGAS Argentina, parte del Grupo KTM a nivel mundial y del Grupo Simpa S.A. en nuestro pa\u00eds, presenta las nuevas EC 250F y MC 250F 2024...\" \/>\n<meta property=\"og:url\" content=\"https:\/\/autofans.com.ar\/index.php\/2024\/07\/23\/gasgas-presenta-en-la-argentina-las-nuevas-ec-250f-y-mc-250f\/\" \/>\n<meta property=\"article:published_time\" content=\"2024-07-23T16:43:56+00:00\" \/>\n<meta property=\"article:modified_time\" content=\"2024-07-23T17:00:16+00:00\" \/>\n<meta property=\"og:image\" content=\"https:\/\/autofans.com.ar\/wp-content\/uploads\/2024\/07\/gasgas-1.jpg\" \/>\n\t<meta property=\"og:image:width\" content=\"640\" \/>\n\t<meta property=\"og:image:height\" content=\"427\" \/>\n\t<meta property=\"og:image:type\" content=\"image\/jpeg\" \/>\n<meta name=\"author\" content=\"Alejandro Gabriel Rosito\" \/>\n<meta name=\"twitter:card\" content=\"summary_large_image\" \/>\n<meta name=\"twitter:label1\" content=\"Escrito por\" \/>\n\t<meta name=\"twitter:data1\" content=\"Alejandro Gabriel Rosito\" \/>\n\t<meta name=\"twitter:label2\" content=\"Tiempo de lectura\" \/>\n\t<meta name=\"twitter:data2\" content=\"3 minutos\" \/>\n<script type=\"application\/ld+json\" class=\"yoast-schema-graph\">{\"@context\":\"https:\\\/\\\/schema.org\",\"@graph\":[{\"@type\":\"Article\",\"@id\":\"https:\\\/\\\/autofans.com.ar\\\/index.php\\\/2024\\\/07\\\/23\\\/gasgas-presenta-en-la-argentina-las-nuevas-ec-250f-y-mc-250f\\\/#article\",\"isPartOf\":{\"@id\":\"https:\\\/\\\/autofans.com.ar\\\/index.php\\\/2024\\\/07\\\/23\\\/gasgas-presenta-en-la-argentina-las-nuevas-ec-250f-y-mc-250f\\\/\"},\"author\":{\"name\":\"Alejandro Gabriel Rosito\",\"@id\":\"https:\\\/\\\/autofans.com.ar\\\/#\\\/schema\\\/person\\\/4a8dda0b6df83ac3d6723e921274c2aa\"},\"headline\":\"GASGAS presenta en la Argentina las nuevas EC 250F y MC 250F\",\"datePublished\":\"2024-07-23T16:43:56+00:00\",\"dateModified\":\"2024-07-23T17:00:16+00:00\",\"mainEntityOfPage\":{\"@id\":\"https:\\\/\\\/autofans.com.ar\\\/index.php\\\/2024\\\/07\\\/23\\\/gasgas-presenta-en-la-argentina-las-nuevas-ec-250f-y-mc-250f\\\/\"},\"wordCount\":399,\"image\":{\"@id\":\"https:\\\/\\\/autofans.com.ar\\\/index.php\\\/2024\\\/07\\\/23\\\/gasgas-presenta-en-la-argentina-las-nuevas-ec-250f-y-mc-250f\\\/#primaryimage\"},\"thumbnailUrl\":\"https:\\\/\\\/autofans.com.ar\\\/wp-content\\\/uploads\\\/2024\\\/07\\\/gasgas-1.jpg\",\"keywords\":[\"enduro\",\"GASGAS Argentina\",\"Grupo KTM\",\"Grupo Simpa S.A.\",\"MC 250F\",\"motocicletas EC 250F\",\"Motocross\",\"motos de competici\u00f3n\",\"novedades 2024\"],\"articleSection\":[\"LANZAMIENTOS\",\"Motos\"],\"inLanguage\":\"es\"},{\"@type\":\"WebPage\",\"@id\":\"https:\\\/\\\/autofans.com.ar\\\/index.php\\\/2024\\\/07\\\/23\\\/gasgas-presenta-en-la-argentina-las-nuevas-ec-250f-y-mc-250f\\\/\",\"url\":\"https:\\\/\\\/autofans.com.ar\\\/index.php\\\/2024\\\/07\\\/23\\\/gasgas-presenta-en-la-argentina-las-nuevas-ec-250f-y-mc-250f\\\/\",\"name\":\"GASGAS presenta en la Argentina las nuevas EC 250F y MC 250F -\",\"isPartOf\":{\"@id\":\"https:\\\/\\\/autofans.com.ar\\\/#website\"},\"primaryImageOfPage\":{\"@id\":\"https:\\\/\\\/autofans.com.ar\\\/index.php\\\/2024\\\/07\\\/23\\\/gasgas-presenta-en-la-argentina-las-nuevas-ec-250f-y-mc-250f\\\/#primaryimage\"},\"image\":{\"@id\":\"https:\\\/\\\/autofans.com.ar\\\/index.php\\\/2024\\\/07\\\/23\\\/gasgas-presenta-en-la-argentina-las-nuevas-ec-250f-y-mc-250f\\\/#primaryimage\"},\"thumbnailUrl\":\"https:\\\/\\\/autofans.com.ar\\\/wp-content\\\/uploads\\\/2024\\\/07\\\/gasgas-1.jpg\",\"datePublished\":\"2024-07-23T16:43:56+00:00\",\"dateModified\":\"2024-07-23T17:00:16+00:00\",\"author\":{\"@id\":\"https:\\\/\\\/autofans.com.ar\\\/#\\\/schema\\\/person\\\/4a8dda0b6df83ac3d6723e921274c2aa\"},\"description\":\"GASGAS Argentina, parte del Grupo KTM a nivel mundial y del Grupo Simpa S.A. en nuestro pa\u00eds, presenta las nuevas EC 250F y MC 250F 2024...\",\"breadcrumb\":{\"@id\":\"https:\\\/\\\/autofans.com.ar\\\/index.php\\\/2024\\\/07\\\/23\\\/gasgas-presenta-en-la-argentina-las-nuevas-ec-250f-y-mc-250f\\\/#breadcrumb\"},\"inLanguage\":\"es\",\"potentialAction\":[{\"@type\":\"ReadAction\",\"target\":[\"https:\\\/\\\/autofans.com.ar\\\/index.php\\\/2024\\\/07\\\/23\\\/gasgas-presenta-en-la-argentina-las-nuevas-ec-250f-y-mc-250f\\\/\"]}]},{\"@type\":\"ImageObject\",\"inLanguage\":\"es\",\"@id\":\"https:\\\/\\\/autofans.com.ar\\\/index.php\\\/2024\\\/07\\\/23\\\/gasgas-presenta-en-la-argentina-las-nuevas-ec-250f-y-mc-250f\\\/#primaryimage\",\"url\":\"https:\\\/\\\/autofans.com.ar\\\/wp-content\\\/uploads\\\/2024\\\/07\\\/gasgas-1.jpg\",\"contentUrl\":\"https:\\\/\\\/autofans.com.ar\\\/wp-content\\\/uploads\\\/2024\\\/07\\\/gasgas-1.jpg\",\"width\":1000,\"height\":667,\"caption\":\"GASGAS\"},{\"@type\":\"BreadcrumbList\",\"@id\":\"https:\\\/\\\/autofans.com.ar\\\/index.php\\\/2024\\\/07\\\/23\\\/gasgas-presenta-en-la-argentina-las-nuevas-ec-250f-y-mc-250f\\\/#breadcrumb\",\"itemListElement\":[{\"@type\":\"ListItem\",\"position\":1,\"name\":\"Inicio\",\"item\":\"https:\\\/\\\/autofans.com.ar\\\/\"},{\"@type\":\"ListItem\",\"position\":2,\"name\":\"GASGAS presenta en la Argentina las nuevas EC 250F y MC 250F\"}]},{\"@type\":\"WebSite\",\"@id\":\"https:\\\/\\\/autofans.com.ar\\\/#website\",\"url\":\"https:\\\/\\\/autofans.com.ar\\\/\",\"name\":\"\",\"description\":\"El multimedio referente de la industria automotriz\",\"potentialAction\":[{\"@type\":\"SearchAction\",\"target\":{\"@type\":\"EntryPoint\",\"urlTemplate\":\"https:\\\/\\\/autofans.com.ar\\\/?s={search_term_string}\"},\"query-input\":{\"@type\":\"PropertyValueSpecification\",\"valueRequired\":true,\"valueName\":\"search_term_string\"}}],\"inLanguage\":\"es\"},{\"@type\":\"Person\",\"@id\":\"https:\\\/\\\/autofans.com.ar\\\/#\\\/schema\\\/person\\\/4a8dda0b6df83ac3d6723e921274c2aa\",\"name\":\"Alejandro Gabriel Rosito\",\"image\":{\"@type\":\"ImageObject\",\"inLanguage\":\"es\",\"@id\":\"https:\\\/\\\/secure.gravatar.com\\\/avatar\\\/16c5dda1489adfc62618084dcbb91cffd879c374b13fe5dd8e44ed6733852c88?s=96&d=mm&r=g\",\"url\":\"https:\\\/\\\/secure.gravatar.com\\\/avatar\\\/16c5dda1489adfc62618084dcbb91cffd879c374b13fe5dd8e44ed6733852c88?s=96&d=mm&r=g\",\"contentUrl\":\"https:\\\/\\\/secure.gravatar.com\\\/avatar\\\/16c5dda1489adfc62618084dcbb91cffd879c374b13fe5dd8e44ed6733852c88?s=96&d=mm&r=g\",\"caption\":\"Alejandro Gabriel Rosito\"},\"url\":\"https:\\\/\\\/autofans.com.ar\\\/index.php\\\/author\\\/gabrielr\\\/\"}]}<\/script>\n<!-- \/ Yoast SEO plugin. -->","yoast_head_json":{"title":"GASGAS presenta en la Argentina las nuevas EC 250F y MC 250F -","description":"GASGAS Argentina, parte del Grupo KTM a nivel mundial y del Grupo Simpa S.A. en nuestro pa\u00eds, presenta las nuevas EC 250F y MC 250F 2024...","robots":{"index":"index","follow":"follow","max-snippet":"max-snippet:-1","max-image-preview":"max-image-preview:large","max-video-preview":"max-video-preview:-1"},"canonical":"https:\/\/autofans.com.ar\/index.php\/2024\/07\/23\/gasgas-presenta-en-la-argentina-las-nuevas-ec-250f-y-mc-250f\/","og_locale":"es_ES","og_type":"article","og_title":"GASGAS presenta en la Argentina las nuevas EC 250F y MC 250F -","og_description":"GASGAS Argentina, parte del Grupo KTM a nivel mundial y del Grupo Simpa S.A. en nuestro pa\u00eds, presenta las nuevas EC 250F y MC 250F 2024...","og_url":"https:\/\/autofans.com.ar\/index.php\/2024\/07\/23\/gasgas-presenta-en-la-argentina-las-nuevas-ec-250f-y-mc-250f\/","article_published_time":"2024-07-23T16:43:56+00:00","article_modified_time":"2024-07-23T17:00:16+00:00","og_image":[{"url":"https:\/\/autofans.com.ar\/wp-content\/uploads\/2024\/07\/gasgas-1.jpg","width":640,"height":427,"type":"image\/jpeg"}],"author":"Alejandro Gabriel Rosito","twitter_card":"summary_large_image","twitter_misc":{"Escrito por":"Alejandro Gabriel Rosito","Tiempo de lectura":"3 minutos"},"schema":{"@context":"https:\/\/schema.org","@graph":[{"@type":"Article","@id":"https:\/\/autofans.com.ar\/index.php\/2024\/07\/23\/gasgas-presenta-en-la-argentina-las-nuevas-ec-250f-y-mc-250f\/#article","isPartOf":{"@id":"https:\/\/autofans.com.ar\/index.php\/2024\/07\/23\/gasgas-presenta-en-la-argentina-las-nuevas-ec-250f-y-mc-250f\/"},"author":{"name":"Alejandro Gabriel Rosito","@id":"https:\/\/autofans.com.ar\/#\/schema\/person\/4a8dda0b6df83ac3d6723e921274c2aa"},"headline":"GASGAS presenta en la Argentina las nuevas EC 250F y MC 250F","datePublished":"2024-07-23T16:43:56+00:00","dateModified":"2024-07-23T17:00:16+00:00","mainEntityOfPage":{"@id":"https:\/\/autofans.com.ar\/index.php\/2024\/07\/23\/gasgas-presenta-en-la-argentina-las-nuevas-ec-250f-y-mc-250f\/"},"wordCount":399,"image":{"@id":"https:\/\/autofans.com.ar\/index.php\/2024\/07\/23\/gasgas-presenta-en-la-argentina-las-nuevas-ec-250f-y-mc-250f\/#primaryimage"},"thumbnailUrl":"https:\/\/autofans.com.ar\/wp-content\/uploads\/2024\/07\/gasgas-1.jpg","keywords":["enduro","GASGAS Argentina","Grupo KTM","Grupo Simpa S.A.","MC 250F","motocicletas EC 250F","Motocross","motos de competici\u00f3n","novedades 2024"],"articleSection":["LANZAMIENTOS","Motos"],"inLanguage":"es"},{"@type":"WebPage","@id":"https:\/\/autofans.com.ar\/index.php\/2024\/07\/23\/gasgas-presenta-en-la-argentina-las-nuevas-ec-250f-y-mc-250f\/","url":"https:\/\/autofans.com.ar\/index.php\/2024\/07\/23\/gasgas-presenta-en-la-argentina-las-nuevas-ec-250f-y-mc-250f\/","name":"GASGAS presenta en la Argentina las nuevas EC 250F y MC 250F -","isPartOf":{"@id":"https:\/\/autofans.com.ar\/#website"},"primaryImageOfPage":{"@id":"https:\/\/autofans.com.ar\/index.php\/2024\/07\/23\/gasgas-presenta-en-la-argentina-las-nuevas-ec-250f-y-mc-250f\/#primaryimage"},"image":{"@id":"https:\/\/autofans.com.ar\/index.php\/2024\/07\/23\/gasgas-presenta-en-la-argentina-las-nuevas-ec-250f-y-mc-250f\/#primaryimage"},"thumbnailUrl":"https:\/\/autofans.com.ar\/wp-content\/uploads\/2024\/07\/gasgas-1.jpg","datePublished":"2024-07-23T16:43:56+00:00","dateModified":"2024-07-23T17:00:16+00:00","author":{"@id":"https:\/\/autofans.com.ar\/#\/schema\/person\/4a8dda0b6df83ac3d6723e921274c2aa"},"description":"GASGAS Argentina, parte del Grupo KTM a nivel mundial y del Grupo Simpa S.A. en nuestro pa\u00eds, presenta las nuevas EC 250F y MC 250F 2024...","breadcrumb":{"@id":"https:\/\/autofans.com.ar\/index.php\/2024\/07\/23\/gasgas-presenta-en-la-argentina-las-nuevas-ec-250f-y-mc-250f\/#breadcrumb"},"inLanguage":"es","potentialAction":[{"@type":"ReadAction","target":["https:\/\/autofans.com.ar\/index.php\/2024\/07\/23\/gasgas-presenta-en-la-argentina-las-nuevas-ec-250f-y-mc-250f\/"]}]},{"@type":"ImageObject","inLanguage":"es","@id":"https:\/\/autofans.com.ar\/index.php\/2024\/07\/23\/gasgas-presenta-en-la-argentina-las-nuevas-ec-250f-y-mc-250f\/#primaryimage","url":"https:\/\/autofans.com.ar\/wp-content\/uploads\/2024\/07\/gasgas-1.jpg","contentUrl":"https:\/\/autofans.com.ar\/wp-content\/uploads\/2024\/07\/gasgas-1.jpg","width":1000,"height":667,"caption":"GASGAS"},{"@type":"BreadcrumbList","@id":"https:\/\/autofans.com.ar\/index.php\/2024\/07\/23\/gasgas-presenta-en-la-argentina-las-nuevas-ec-250f-y-mc-250f\/#breadcrumb","itemListElement":[{"@type":"ListItem","position":1,"name":"Inicio","item":"https:\/\/autofans.com.ar\/"},{"@type":"ListItem","position":2,"name":"GASGAS presenta en la Argentina las nuevas EC 250F y MC 250F"}]},{"@type":"WebSite","@id":"https:\/\/autofans.com.ar\/#website","url":"https:\/\/autofans.com.ar\/","name":"","description":"El multimedio referente de la industria automotriz","potentialAction":[{"@type":"SearchAction","target":{"@type":"EntryPoint","urlTemplate":"https:\/\/autofans.com.ar\/?s={search_term_string}"},"query-input":{"@type":"PropertyValueSpecification","valueRequired":true,"valueName":"search_term_string"}}],"inLanguage":"es"},{"@type":"Person","@id":"https:\/\/autofans.com.ar\/#\/schema\/person\/4a8dda0b6df83ac3d6723e921274c2aa","name":"Alejandro Gabriel Rosito","image":{"@type":"ImageObject","inLanguage":"es","@id":"https:\/\/secure.gravatar.com\/avatar\/16c5dda1489adfc62618084dcbb91cffd879c374b13fe5dd8e44ed6733852c88?s=96&d=mm&r=g","url":"https:\/\/secure.gravatar.com\/avatar\/16c5dda1489adfc62618084dcbb91cffd879c374b13fe5dd8e44ed6733852c88?s=96&d=mm&r=g","contentUrl":"https:\/\/secure.gravatar.com\/avatar\/16c5dda1489adfc62618084dcbb91cffd879c374b13fe5dd8e44ed6733852c88?s=96&d=mm&r=g","caption":"Alejandro Gabriel Rosito"},"url":"https:\/\/autofans.com.ar\/index.php\/author\/gabrielr\/"}]}},"featured_image_urls":{"full":["https:\/\/autofans.com.ar\/wp-content\/uploads\/2024\/07\/gasgas-1.jpg",1000,667,false],"thumbnail":["https:\/\/autofans.com.ar\/wp-content\/uploads\/2024\/07\/gasgas-1-150x150.jpg",150,150,true],"medium":["https:\/\/autofans.com.ar\/wp-content\/uploads\/2024\/07\/gasgas-1-300x200.jpg",300,200,true],"medium_large":["https:\/\/autofans.com.ar\/wp-content\/uploads\/2024\/07\/gasgas-1-768x512.jpg",640,427,true],"large":["https:\/\/autofans.com.ar\/wp-content\/uploads\/2024\/07\/gasgas-1.jpg",640,427,false],"1536x1536":["https:\/\/autofans.com.ar\/wp-content\/uploads\/2024\/07\/gasgas-1.jpg",1000,667,false],"2048x2048":["https:\/\/autofans.com.ar\/wp-content\/uploads\/2024\/07\/gasgas-1.jpg",1000,667,false],"covernews-featured":["https:\/\/autofans.com.ar\/wp-content\/uploads\/2024\/07\/gasgas-1.jpg",1000,667,false],"covernews-medium":["https:\/\/autofans.com.ar\/wp-content\/uploads\/2024\/07\/gasgas-1-540x340.jpg",540,340,true]},"author_info":{"display_name":"Alejandro Gabriel Rosito","author_link":"https:\/\/autofans.com.ar\/index.php\/author\/gabrielr\/"},"category_info":"<a href=\"https:\/\/autofans.com.ar\/index.php\/category\/lanzamientos\/\" rel=\"category tag\">LANZAMIENTOS<\/a> <a href=\"https:\/\/autofans.com.ar\/index.php\/category\/lanzamientos\/motos-lanzamientos\/\" rel=\"category tag\">Motos<\/a>","tag_info":"Motos","comment_count":0,"_links":{"self":[{"href":"https:\/\/autofans.com.ar\/index.php\/wp-json\/wp\/v2\/posts\/8408","targetHints":{"allow":["GET"]}}],"collection":[{"href":"https:\/\/autofans.com.ar\/index.php\/wp-json\/wp\/v2\/posts"}],"about":[{"href":"https:\/\/autofans.com.ar\/index.php\/wp-json\/wp\/v2\/types\/post"}],"author":[{"embeddable":true,"href":"https:\/\/autofans.com.ar\/index.php\/wp-json\/wp\/v2\/users\/2"}],"replies":[{"embeddable":true,"href":"https:\/\/autofans.com.ar\/index.php\/wp-json\/wp\/v2\/comments?post=8408"}],"version-history":[{"count":5,"href":"https:\/\/autofans.com.ar\/index.php\/wp-json\/wp\/v2\/posts\/8408\/revisions"}],"predecessor-version":[{"id":8420,"href":"https:\/\/autofans.com.ar\/index.php\/wp-json\/wp\/v2\/posts\/8408\/revisions\/8420"}],"wp:featuredmedia":[{"embeddable":true,"href":"https:\/\/autofans.com.ar\/index.php\/wp-json\/wp\/v2\/media\/8415"}],"wp:attachment":[{"href":"https:\/\/autofans.com.ar\/index.php\/wp-json\/wp\/v2\/media?parent=8408"}],"wp:term":[{"taxonomy":"category","embeddable":true,"href":"https:\/\/autofans.com.ar\/index.php\/wp-json\/wp\/v2\/categories?post=8408"},{"taxonomy":"post_tag","embeddable":true,"href":"https:\/\/autofans.com.ar\/index.php\/wp-json\/wp\/v2\/tags?post=8408"}],"curies":[{"name":"wp","href":"https:\/\/api.w.org\/{rel}","templated":true}]}}