{"id":842,"date":"2023-03-16T13:35:03","date_gmt":"2023-03-16T16:35:03","guid":{"rendered":"https:\/\/autofans.com.ar\/?p=842"},"modified":"2023-03-16T14:34:12","modified_gmt":"2023-03-16T17:34:12","slug":"mercedes-benz-celebra-el-60-aniversario-del-pagoda","status":"publish","type":"post","link":"https:\/\/autofans.com.ar\/index.php\/2023\/03\/16\/mercedes-benz-celebra-el-60-aniversario-del-pagoda\/","title":{"rendered":"Mercedes-Benz celebra el 60 aniversario del Pagoda"},"content":{"rendered":"<p>&nbsp;<\/p>\n<p>Mercedes-Benz celebra el 60 aniversario del \u00abPagoda\u00bb, el sucesor del 300 SL y el 190 SL. Present\u00f3 en el Sal\u00f3n del Autom\u00f3vil de Ginebra en 1963. Este veh\u00edculo, considerado uno de los deportivos m\u00e1s emblem\u00e1ticos de la marca. Es m\u00e1s, es un hito en el desarrollo de la seguridad, ya que fue el primer deportivo del mundo con carrocer\u00eda de seguridad. Los modelos 230 SL, 250 SL y 280 SL son codiciados cl\u00e1sicos de Mercedes-Benz, con precios de ejemplares bien conservados de la serie W 113.<\/p>\n<p><img fetchpriority=\"high\" decoding=\"async\" class=\"aligncenter wp-image-844 size-full\" src=\"https:\/\/autofans.com.ar\/wp-content\/uploads\/2023\/03\/foto-3-jpg.webp\" alt=\"Pagoda\" width=\"1000\" height=\"667\" srcset=\"https:\/\/autofans.com.ar\/wp-content\/uploads\/2023\/03\/foto-3-jpg.webp 1000w, https:\/\/autofans.com.ar\/wp-content\/uploads\/2023\/03\/foto-3-300x200.webp 300w, https:\/\/autofans.com.ar\/wp-content\/uploads\/2023\/03\/foto-3-768x512.webp 768w\" sizes=\"(max-width: 1000px) 100vw, 1000px\" \/><\/p>\n<p>&nbsp;<\/p>\n<p>El Mercedes-Benz 230 SL impresion\u00f3 en su presentaci\u00f3n como un confortable veh\u00edculo de altas prestaciones. Ademas con un dise\u00f1o creado bajo la direcci\u00f3n de Friedrich Geiger, combinando l\u00edneas limpias con el cl\u00e1sico del SL. Adem\u00e1s, el techo r\u00edgido opcional le otorg\u00f3 el sobrenombre de \u00abPagoda\u00bb. Tambi\u00e9n la superficie de techo curvada hacia el interior recordaba a los templos asi\u00e1ticos. El nivel de seguridad del W 113 fue pionero entre los deportivos de la \u00e9poca: fue el primero en tener un habit\u00e1culo estable con zonas de deformaci\u00f3n delanteras y traseras.<\/p>\n<p>&nbsp;<\/p>\n<div id='gallery-1' class='gallery galleryid-842 gallery-columns-2 gallery-size-large'><figure class='gallery-item'>\n\t\t\t<div class='gallery-icon landscape'>\n\t\t\t\t<a href='https:\/\/autofans.com.ar\/index.php\/2023\/03\/16\/mercedes-benz-celebra-el-60-aniversario-del-pagoda\/foto-2\/'><img loading=\"lazy\" width=\"640\" height=\"427\" src=\"https:\/\/autofans.com.ar\/wp-content\/uploads\/2023\/03\/foto-2-jpg.webp\" class=\"attachment-large size-large\" alt=\"Pagoda\" srcset=\"https:\/\/autofans.com.ar\/wp-content\/uploads\/2023\/03\/foto-2-jpg.webp 1000w, https:\/\/autofans.com.ar\/wp-content\/uploads\/2023\/03\/foto-2-300x200.webp 300w, https:\/\/autofans.com.ar\/wp-content\/uploads\/2023\/03\/foto-2-768x512.webp 768w\" sizes=\"auto, (max-width: 640px) 100vw, 640px\" loading=\"lazy\" decoding=\"async\" \/><\/a>\n\t\t\t<\/div><\/figure><figure class='gallery-item'>\n\t\t\t<div class='gallery-icon landscape'>\n\t\t\t\t<a href='https:\/\/autofans.com.ar\/index.php\/2023\/03\/16\/mercedes-benz-celebra-el-60-aniversario-del-pagoda\/foto-4\/'><img loading=\"lazy\" width=\"640\" height=\"427\" src=\"https:\/\/autofans.com.ar\/wp-content\/uploads\/2023\/03\/foto-4-jpg.webp\" class=\"attachment-large size-large\" alt=\"Pagoda\" srcset=\"https:\/\/autofans.com.ar\/wp-content\/uploads\/2023\/03\/foto-4-jpg.webp 1000w, https:\/\/autofans.com.ar\/wp-content\/uploads\/2023\/03\/foto-4-300x200.webp 300w, https:\/\/autofans.com.ar\/wp-content\/uploads\/2023\/03\/foto-4-768x512.webp 768w\" sizes=\"auto, (max-width: 640px) 100vw, 640px\" loading=\"lazy\" decoding=\"async\" \/><\/a>\n\t\t\t<\/div><\/figure>\n\t\t<\/div>\n\n<p>Mercedes-Benz ofreci\u00f3 este SL sucesivamente con tres motores diferentes durante sus ocho a\u00f1os de producci\u00f3n, lo que lo distingu\u00eda de los modelos 300 SL y 190 SL. Adem\u00e1s Los motores de estos dos primeros deportivos de serie SL permanecieron pr\u00e1cticamente sin cambios hasta 1963. Por eso el motor deportivo M 127 de seis cilindros del 230 SL se basaba en el motor M 180 del 220 SE. La cilindrada aument\u00f3 a 2.306 cent\u00edmetros c\u00fabicos para el SL. El propulsor rend\u00eda 110 kW (150 CV), la velocidad m\u00e1xima era de 200 km\/h y el deportivo aceleraba de 0 a 100 km\/h en 11,1 segundos.<\/p>\n<p>Este cl\u00e1sico deportivo tambi\u00e9n fue utilizado por Mercedes-Benz en el automovilismo con victorias alcanzadas. Como en el rally marat\u00f3n Spa-Sof\u00eda-Lieja, de m\u00e1s de 5.000 km, que se corri\u00f3 en 1963. Al a\u00f1o siguiente, el d\u00fao de pilotos logr\u00f3 el tercer puesto en este rally de larga distancia tambi\u00e9n con el 230 SL.<\/p>\n<p>&nbsp;<\/p>\n<p>&nbsp;<\/p>\n<p><i>Para enterarte de m\u00e1s novedades, no dejes de leer\u00a0<\/i><a href=\"https:\/\/autofans.thebrandsoup.com\/\"><i>nuestras notas<\/i><\/a><i>, de ver<\/i><b><i>\u00a0<\/i><\/b><a href=\"https:\/\/www.youtube.com\/channel\/UCgAC8UGHZYbT6P7PpmVnP7g\"><b><i>AUTOFANS TV<\/i><\/b><\/a><b><i>\u00a0<\/i><\/b><i>en nuestro\u00a0canal de Youtube. Adem\u00e1s seguinos en\u00a0<\/i><a href=\"https:\/\/www.instagram.com\/autofanstv\/\"><i>INSTAGRAM<\/i><\/a><i> y <\/i><a href=\"https:\/\/www.facebook.com\/autofansmas\/\"><i>FACEBOOK<\/i><\/a><i> para no perderte nada sobre las novedades del segmento automotor de Argentina y el mundo.<\/i><\/p>\n<p>&nbsp;<\/p>\n<p>&nbsp;<\/p>\n","protected":false},"excerpt":{"rendered":"<p>&nbsp; Mercedes-Benz celebra el 60 aniversario del \u00abPagoda\u00bb, el sucesor del 300 SL y el&#8230;<\/p>\n","protected":false},"author":2,"featured_media":846,"comment_status":"closed","ping_status":"closed","sticky":false,"template":"","format":"standard","meta":{"footnotes":""},"categories":[292,16],"tags":[185,367,366,368,17,364,365,369],"class_list":["post-842","post","type-post","status-publish","format-standard","has-post-thumbnail","hentry","category-empresas","category-noticias","tag-automovilismo","tag-clasico","tag-deportivo","tag-historia","tag-mercedes-benz-argentina","tag-mercedes-benz","tag-pagoda","tag-seguridad"],"yoast_head":"<!-- This site is optimized with the Yoast SEO plugin v27.5 - https:\/\/yoast.com\/product\/yoast-seo-wordpress\/ -->\n<title>Mercedes-Benz celebra el 60 aniversario del Pagoda -<\/title>\n<meta name=\"description\" content=\"Mercedes-Benz celebra el 60 aniversario del &quot;Pagoda&quot;, el sucesor del 300 SL y el 190 SL, se present\u00f3 en el Sal\u00f3n del Autom\u00f3vil de 1963...\" \/>\n<meta name=\"robots\" content=\"index, follow, max-snippet:-1, max-image-preview:large, max-video-preview:-1\" \/>\n<link rel=\"canonical\" href=\"https:\/\/autofans.com.ar\/index.php\/2023\/03\/16\/mercedes-benz-celebra-el-60-aniversario-del-pagoda\/\" \/>\n<meta property=\"og:locale\" content=\"es_ES\" \/>\n<meta property=\"og:type\" content=\"article\" \/>\n<meta property=\"og:title\" content=\"Mercedes-Benz celebra el 60 aniversario del Pagoda -\" \/>\n<meta property=\"og:description\" content=\"Mercedes-Benz celebra el 60 aniversario del &quot;Pagoda&quot;, el sucesor del 300 SL y el 190 SL, se present\u00f3 en el Sal\u00f3n del Autom\u00f3vil de 1963...\" \/>\n<meta property=\"og:url\" content=\"https:\/\/autofans.com.ar\/index.php\/2023\/03\/16\/mercedes-benz-celebra-el-60-aniversario-del-pagoda\/\" \/>\n<meta property=\"article:published_time\" content=\"2023-03-16T16:35:03+00:00\" \/>\n<meta property=\"article:modified_time\" content=\"2023-03-16T17:34:12+00:00\" \/>\n<meta property=\"og:image\" content=\"https:\/\/autofans.com.ar\/wp-content\/uploads\/2023\/03\/foto-1-jpg.webp\" \/>\n\t<meta property=\"og:image:width\" content=\"1000\" \/>\n\t<meta property=\"og:image:height\" content=\"667\" \/>\n\t<meta property=\"og:image:type\" content=\"image\/jpeg\" \/>\n<meta name=\"author\" content=\"Alejandro Gabriel Rosito\" \/>\n<meta name=\"twitter:card\" content=\"summary_large_image\" \/>\n<meta name=\"twitter:label1\" content=\"Escrito por\" \/>\n\t<meta name=\"twitter:data1\" content=\"Alejandro Gabriel Rosito\" \/>\n\t<meta name=\"twitter:label2\" content=\"Tiempo de lectura\" \/>\n\t<meta name=\"twitter:data2\" content=\"2 minutos\" \/>\n<script type=\"application\/ld+json\" class=\"yoast-schema-graph\">{\"@context\":\"https:\\\/\\\/schema.org\",\"@graph\":[{\"@type\":\"Article\",\"@id\":\"https:\\\/\\\/autofans.com.ar\\\/index.php\\\/2023\\\/03\\\/16\\\/mercedes-benz-celebra-el-60-aniversario-del-pagoda\\\/#article\",\"isPartOf\":{\"@id\":\"https:\\\/\\\/autofans.com.ar\\\/index.php\\\/2023\\\/03\\\/16\\\/mercedes-benz-celebra-el-60-aniversario-del-pagoda\\\/\"},\"author\":{\"name\":\"Alejandro Gabriel Rosito\",\"@id\":\"https:\\\/\\\/autofans.com.ar\\\/#\\\/schema\\\/person\\\/4a8dda0b6df83ac3d6723e921274c2aa\"},\"headline\":\"Mercedes-Benz celebra el 60 aniversario del Pagoda\",\"datePublished\":\"2023-03-16T16:35:03+00:00\",\"dateModified\":\"2023-03-16T17:34:12+00:00\",\"mainEntityOfPage\":{\"@id\":\"https:\\\/\\\/autofans.com.ar\\\/index.php\\\/2023\\\/03\\\/16\\\/mercedes-benz-celebra-el-60-aniversario-del-pagoda\\\/\"},\"wordCount\":403,\"image\":{\"@id\":\"https:\\\/\\\/autofans.com.ar\\\/index.php\\\/2023\\\/03\\\/16\\\/mercedes-benz-celebra-el-60-aniversario-del-pagoda\\\/#primaryimage\"},\"thumbnailUrl\":\"https:\\\/\\\/autofans.com.ar\\\/wp-content\\\/uploads\\\/2023\\\/03\\\/foto-1-jpg.webp\",\"keywords\":[\"#automovilismo\",\"cl\u00e1sico\",\"deportivo\",\"historia\",\"Mercedes Benz Argentina\",\"Mercedes-Benz\",\"Pagoda\",\"seguridad\"],\"articleSection\":[\"EMPRESAS\",\"NOTICIAS\"],\"inLanguage\":\"es\"},{\"@type\":\"WebPage\",\"@id\":\"https:\\\/\\\/autofans.com.ar\\\/index.php\\\/2023\\\/03\\\/16\\\/mercedes-benz-celebra-el-60-aniversario-del-pagoda\\\/\",\"url\":\"https:\\\/\\\/autofans.com.ar\\\/index.php\\\/2023\\\/03\\\/16\\\/mercedes-benz-celebra-el-60-aniversario-del-pagoda\\\/\",\"name\":\"Mercedes-Benz celebra el 60 aniversario del Pagoda -\",\"isPartOf\":{\"@id\":\"https:\\\/\\\/autofans.com.ar\\\/#website\"},\"primaryImageOfPage\":{\"@id\":\"https:\\\/\\\/autofans.com.ar\\\/index.php\\\/2023\\\/03\\\/16\\\/mercedes-benz-celebra-el-60-aniversario-del-pagoda\\\/#primaryimage\"},\"image\":{\"@id\":\"https:\\\/\\\/autofans.com.ar\\\/index.php\\\/2023\\\/03\\\/16\\\/mercedes-benz-celebra-el-60-aniversario-del-pagoda\\\/#primaryimage\"},\"thumbnailUrl\":\"https:\\\/\\\/autofans.com.ar\\\/wp-content\\\/uploads\\\/2023\\\/03\\\/foto-1-jpg.webp\",\"datePublished\":\"2023-03-16T16:35:03+00:00\",\"dateModified\":\"2023-03-16T17:34:12+00:00\",\"author\":{\"@id\":\"https:\\\/\\\/autofans.com.ar\\\/#\\\/schema\\\/person\\\/4a8dda0b6df83ac3d6723e921274c2aa\"},\"description\":\"Mercedes-Benz celebra el 60 aniversario del \\\"Pagoda\\\", el sucesor del 300 SL y el 190 SL, se present\u00f3 en el Sal\u00f3n del Autom\u00f3vil de 1963...\",\"breadcrumb\":{\"@id\":\"https:\\\/\\\/autofans.com.ar\\\/index.php\\\/2023\\\/03\\\/16\\\/mercedes-benz-celebra-el-60-aniversario-del-pagoda\\\/#breadcrumb\"},\"inLanguage\":\"es\",\"potentialAction\":[{\"@type\":\"ReadAction\",\"target\":[\"https:\\\/\\\/autofans.com.ar\\\/index.php\\\/2023\\\/03\\\/16\\\/mercedes-benz-celebra-el-60-aniversario-del-pagoda\\\/\"]}]},{\"@type\":\"ImageObject\",\"inLanguage\":\"es\",\"@id\":\"https:\\\/\\\/autofans.com.ar\\\/index.php\\\/2023\\\/03\\\/16\\\/mercedes-benz-celebra-el-60-aniversario-del-pagoda\\\/#primaryimage\",\"url\":\"https:\\\/\\\/autofans.com.ar\\\/wp-content\\\/uploads\\\/2023\\\/03\\\/foto-1-jpg.webp\",\"contentUrl\":\"https:\\\/\\\/autofans.com.ar\\\/wp-content\\\/uploads\\\/2023\\\/03\\\/foto-1-jpg.webp\",\"width\":1000,\"height\":667,\"caption\":\"Pagoda\"},{\"@type\":\"BreadcrumbList\",\"@id\":\"https:\\\/\\\/autofans.com.ar\\\/index.php\\\/2023\\\/03\\\/16\\\/mercedes-benz-celebra-el-60-aniversario-del-pagoda\\\/#breadcrumb\",\"itemListElement\":[{\"@type\":\"ListItem\",\"position\":1,\"name\":\"Inicio\",\"item\":\"https:\\\/\\\/autofans.com.ar\\\/\"},{\"@type\":\"ListItem\",\"position\":2,\"name\":\"Mercedes-Benz celebra el 60 aniversario del Pagoda\"}]},{\"@type\":\"WebSite\",\"@id\":\"https:\\\/\\\/autofans.com.ar\\\/#website\",\"url\":\"https:\\\/\\\/autofans.com.ar\\\/\",\"name\":\"\",\"description\":\"El multimedio referente de la industria automotriz\",\"potentialAction\":[{\"@type\":\"SearchAction\",\"target\":{\"@type\":\"EntryPoint\",\"urlTemplate\":\"https:\\\/\\\/autofans.com.ar\\\/?s={search_term_string}\"},\"query-input\":{\"@type\":\"PropertyValueSpecification\",\"valueRequired\":true,\"valueName\":\"search_term_string\"}}],\"inLanguage\":\"es\"},{\"@type\":\"Person\",\"@id\":\"https:\\\/\\\/autofans.com.ar\\\/#\\\/schema\\\/person\\\/4a8dda0b6df83ac3d6723e921274c2aa\",\"name\":\"Alejandro Gabriel Rosito\",\"image\":{\"@type\":\"ImageObject\",\"inLanguage\":\"es\",\"@id\":\"https:\\\/\\\/secure.gravatar.com\\\/avatar\\\/16c5dda1489adfc62618084dcbb91cffd879c374b13fe5dd8e44ed6733852c88?s=96&d=mm&r=g\",\"url\":\"https:\\\/\\\/secure.gravatar.com\\\/avatar\\\/16c5dda1489adfc62618084dcbb91cffd879c374b13fe5dd8e44ed6733852c88?s=96&d=mm&r=g\",\"contentUrl\":\"https:\\\/\\\/secure.gravatar.com\\\/avatar\\\/16c5dda1489adfc62618084dcbb91cffd879c374b13fe5dd8e44ed6733852c88?s=96&d=mm&r=g\",\"caption\":\"Alejandro Gabriel Rosito\"},\"url\":\"https:\\\/\\\/autofans.com.ar\\\/index.php\\\/author\\\/gabrielr\\\/\"}]}<\/script>\n<!-- \/ Yoast SEO plugin. -->","yoast_head_json":{"title":"Mercedes-Benz celebra el 60 aniversario del Pagoda -","description":"Mercedes-Benz celebra el 60 aniversario del \"Pagoda\", el sucesor del 300 SL y el 190 SL, se present\u00f3 en el Sal\u00f3n del Autom\u00f3vil de 1963...","robots":{"index":"index","follow":"follow","max-snippet":"max-snippet:-1","max-image-preview":"max-image-preview:large","max-video-preview":"max-video-preview:-1"},"canonical":"https:\/\/autofans.com.ar\/index.php\/2023\/03\/16\/mercedes-benz-celebra-el-60-aniversario-del-pagoda\/","og_locale":"es_ES","og_type":"article","og_title":"Mercedes-Benz celebra el 60 aniversario del Pagoda -","og_description":"Mercedes-Benz celebra el 60 aniversario del \"Pagoda\", el sucesor del 300 SL y el 190 SL, se present\u00f3 en el Sal\u00f3n del Autom\u00f3vil de 1963...","og_url":"https:\/\/autofans.com.ar\/index.php\/2023\/03\/16\/mercedes-benz-celebra-el-60-aniversario-del-pagoda\/","article_published_time":"2023-03-16T16:35:03+00:00","article_modified_time":"2023-03-16T17:34:12+00:00","og_image":[{"width":1000,"height":667,"url":"https:\/\/autofans.com.ar\/wp-content\/uploads\/2023\/03\/foto-1-jpg.webp","type":"image\/jpeg"}],"author":"Alejandro Gabriel Rosito","twitter_card":"summary_large_image","twitter_misc":{"Escrito por":"Alejandro Gabriel Rosito","Tiempo de lectura":"2 minutos"},"schema":{"@context":"https:\/\/schema.org","@graph":[{"@type":"Article","@id":"https:\/\/autofans.com.ar\/index.php\/2023\/03\/16\/mercedes-benz-celebra-el-60-aniversario-del-pagoda\/#article","isPartOf":{"@id":"https:\/\/autofans.com.ar\/index.php\/2023\/03\/16\/mercedes-benz-celebra-el-60-aniversario-del-pagoda\/"},"author":{"name":"Alejandro Gabriel Rosito","@id":"https:\/\/autofans.com.ar\/#\/schema\/person\/4a8dda0b6df83ac3d6723e921274c2aa"},"headline":"Mercedes-Benz celebra el 60 aniversario del Pagoda","datePublished":"2023-03-16T16:35:03+00:00","dateModified":"2023-03-16T17:34:12+00:00","mainEntityOfPage":{"@id":"https:\/\/autofans.com.ar\/index.php\/2023\/03\/16\/mercedes-benz-celebra-el-60-aniversario-del-pagoda\/"},"wordCount":403,"image":{"@id":"https:\/\/autofans.com.ar\/index.php\/2023\/03\/16\/mercedes-benz-celebra-el-60-aniversario-del-pagoda\/#primaryimage"},"thumbnailUrl":"https:\/\/autofans.com.ar\/wp-content\/uploads\/2023\/03\/foto-1-jpg.webp","keywords":["#automovilismo","cl\u00e1sico","deportivo","historia","Mercedes Benz Argentina","Mercedes-Benz","Pagoda","seguridad"],"articleSection":["EMPRESAS","NOTICIAS"],"inLanguage":"es"},{"@type":"WebPage","@id":"https:\/\/autofans.com.ar\/index.php\/2023\/03\/16\/mercedes-benz-celebra-el-60-aniversario-del-pagoda\/","url":"https:\/\/autofans.com.ar\/index.php\/2023\/03\/16\/mercedes-benz-celebra-el-60-aniversario-del-pagoda\/","name":"Mercedes-Benz celebra el 60 aniversario del Pagoda -","isPartOf":{"@id":"https:\/\/autofans.com.ar\/#website"},"primaryImageOfPage":{"@id":"https:\/\/autofans.com.ar\/index.php\/2023\/03\/16\/mercedes-benz-celebra-el-60-aniversario-del-pagoda\/#primaryimage"},"image":{"@id":"https:\/\/autofans.com.ar\/index.php\/2023\/03\/16\/mercedes-benz-celebra-el-60-aniversario-del-pagoda\/#primaryimage"},"thumbnailUrl":"https:\/\/autofans.com.ar\/wp-content\/uploads\/2023\/03\/foto-1-jpg.webp","datePublished":"2023-03-16T16:35:03+00:00","dateModified":"2023-03-16T17:34:12+00:00","author":{"@id":"https:\/\/autofans.com.ar\/#\/schema\/person\/4a8dda0b6df83ac3d6723e921274c2aa"},"description":"Mercedes-Benz celebra el 60 aniversario del \"Pagoda\", el sucesor del 300 SL y el 190 SL, se present\u00f3 en el Sal\u00f3n del Autom\u00f3vil de 1963...","breadcrumb":{"@id":"https:\/\/autofans.com.ar\/index.php\/2023\/03\/16\/mercedes-benz-celebra-el-60-aniversario-del-pagoda\/#breadcrumb"},"inLanguage":"es","potentialAction":[{"@type":"ReadAction","target":["https:\/\/autofans.com.ar\/index.php\/2023\/03\/16\/mercedes-benz-celebra-el-60-aniversario-del-pagoda\/"]}]},{"@type":"ImageObject","inLanguage":"es","@id":"https:\/\/autofans.com.ar\/index.php\/2023\/03\/16\/mercedes-benz-celebra-el-60-aniversario-del-pagoda\/#primaryimage","url":"https:\/\/autofans.com.ar\/wp-content\/uploads\/2023\/03\/foto-1-jpg.webp","contentUrl":"https:\/\/autofans.com.ar\/wp-content\/uploads\/2023\/03\/foto-1-jpg.webp","width":1000,"height":667,"caption":"Pagoda"},{"@type":"BreadcrumbList","@id":"https:\/\/autofans.com.ar\/index.php\/2023\/03\/16\/mercedes-benz-celebra-el-60-aniversario-del-pagoda\/#breadcrumb","itemListElement":[{"@type":"ListItem","position":1,"name":"Inicio","item":"https:\/\/autofans.com.ar\/"},{"@type":"ListItem","position":2,"name":"Mercedes-Benz celebra el 60 aniversario del Pagoda"}]},{"@type":"WebSite","@id":"https:\/\/autofans.com.ar\/#website","url":"https:\/\/autofans.com.ar\/","name":"","description":"El multimedio referente de la industria automotriz","potentialAction":[{"@type":"SearchAction","target":{"@type":"EntryPoint","urlTemplate":"https:\/\/autofans.com.ar\/?s={search_term_string}"},"query-input":{"@type":"PropertyValueSpecification","valueRequired":true,"valueName":"search_term_string"}}],"inLanguage":"es"},{"@type":"Person","@id":"https:\/\/autofans.com.ar\/#\/schema\/person\/4a8dda0b6df83ac3d6723e921274c2aa","name":"Alejandro Gabriel Rosito","image":{"@type":"ImageObject","inLanguage":"es","@id":"https:\/\/secure.gravatar.com\/avatar\/16c5dda1489adfc62618084dcbb91cffd879c374b13fe5dd8e44ed6733852c88?s=96&d=mm&r=g","url":"https:\/\/secure.gravatar.com\/avatar\/16c5dda1489adfc62618084dcbb91cffd879c374b13fe5dd8e44ed6733852c88?s=96&d=mm&r=g","contentUrl":"https:\/\/secure.gravatar.com\/avatar\/16c5dda1489adfc62618084dcbb91cffd879c374b13fe5dd8e44ed6733852c88?s=96&d=mm&r=g","caption":"Alejandro Gabriel Rosito"},"url":"https:\/\/autofans.com.ar\/index.php\/author\/gabrielr\/"}]}},"featured_image_urls":{"full":["https:\/\/autofans.com.ar\/wp-content\/uploads\/2023\/03\/foto-1-jpg.webp",1000,667,false],"thumbnail":["https:\/\/autofans.com.ar\/wp-content\/uploads\/2023\/03\/foto-1-150x150.webp",150,150,true],"medium":["https:\/\/autofans.com.ar\/wp-content\/uploads\/2023\/03\/foto-1-300x200.webp",300,200,true],"medium_large":["https:\/\/autofans.com.ar\/wp-content\/uploads\/2023\/03\/foto-1-768x512.webp",640,427,true],"large":["https:\/\/autofans.com.ar\/wp-content\/uploads\/2023\/03\/foto-1-jpg.webp",640,427,false],"1536x1536":["https:\/\/autofans.com.ar\/wp-content\/uploads\/2023\/03\/foto-1-jpg.webp",1000,667,false],"2048x2048":["https:\/\/autofans.com.ar\/wp-content\/uploads\/2023\/03\/foto-1-jpg.webp",1000,667,false],"covernews-featured":["https:\/\/autofans.com.ar\/wp-content\/uploads\/2023\/03\/foto-1-jpg.webp",1000,667,false],"covernews-medium":["https:\/\/autofans.com.ar\/wp-content\/uploads\/2023\/03\/foto-1-540x340.webp",540,340,true]},"author_info":{"display_name":"Alejandro Gabriel Rosito","author_link":"https:\/\/autofans.com.ar\/index.php\/author\/gabrielr\/"},"category_info":"<a href=\"https:\/\/autofans.com.ar\/index.php\/category\/noticias\/empresas\/\" rel=\"category tag\">EMPRESAS<\/a> <a href=\"https:\/\/autofans.com.ar\/index.php\/category\/noticias\/\" rel=\"category tag\">NOTICIAS<\/a>","tag_info":"NOTICIAS","comment_count":0,"_links":{"self":[{"href":"https:\/\/autofans.com.ar\/index.php\/wp-json\/wp\/v2\/posts\/842","targetHints":{"allow":["GET"]}}],"collection":[{"href":"https:\/\/autofans.com.ar\/index.php\/wp-json\/wp\/v2\/posts"}],"about":[{"href":"https:\/\/autofans.com.ar\/index.php\/wp-json\/wp\/v2\/types\/post"}],"author":[{"embeddable":true,"href":"https:\/\/autofans.com.ar\/index.php\/wp-json\/wp\/v2\/users\/2"}],"replies":[{"embeddable":true,"href":"https:\/\/autofans.com.ar\/index.php\/wp-json\/wp\/v2\/comments?post=842"}],"version-history":[{"count":3,"href":"https:\/\/autofans.com.ar\/index.php\/wp-json\/wp\/v2\/posts\/842\/revisions"}],"predecessor-version":[{"id":849,"href":"https:\/\/autofans.com.ar\/index.php\/wp-json\/wp\/v2\/posts\/842\/revisions\/849"}],"wp:featuredmedia":[{"embeddable":true,"href":"https:\/\/autofans.com.ar\/index.php\/wp-json\/wp\/v2\/media\/846"}],"wp:attachment":[{"href":"https:\/\/autofans.com.ar\/index.php\/wp-json\/wp\/v2\/media?parent=842"}],"wp:term":[{"taxonomy":"category","embeddable":true,"href":"https:\/\/autofans.com.ar\/index.php\/wp-json\/wp\/v2\/categories?post=842"},{"taxonomy":"post_tag","embeddable":true,"href":"https:\/\/autofans.com.ar\/index.php\/wp-json\/wp\/v2\/tags?post=842"}],"curies":[{"name":"wp","href":"https:\/\/api.w.org\/{rel}","templated":true}]}}