{"id":8463,"date":"2024-07-25T19:31:53","date_gmt":"2024-07-25T22:31:53","guid":{"rendered":"https:\/\/autofans.com.ar\/?p=8463"},"modified":"2024-07-25T19:31:53","modified_gmt":"2024-07-25T22:31:53","slug":"fiat-argentina-celebro-sus-125-anos-de-historia","status":"publish","type":"post","link":"https:\/\/autofans.com.ar\/index.php\/2024\/07\/25\/fiat-argentina-celebro-sus-125-anos-de-historia\/","title":{"rendered":"FIAT Argentina celebr\u00f3 sus 125 a\u00f1os de Historia"},"content":{"rendered":"<p>En una celebraci\u00f3n cargada de historia y emociones, FIAT Argentina festej\u00f3 sus 125 a\u00f1os de presencia global y 105 a\u00f1os en el pa\u00eds. El evento se llev\u00f3 a cabo en el Museo del Fitito, en el Partido de Tres de Febrero, y cont\u00f3 con la presencia de m\u00e1s de 100 invitados especiales y 15 modelos emblem\u00e1ticos del Club de Cl\u00e1sicos Fiat Argentina.<\/p>\n<p>&nbsp;<\/p>\n<h2>Un recorrido por la historia de FIAT<\/h2>\n<p>&nbsp;<\/p>\n<div id='gallery-1' class='gallery galleryid-8463 gallery-columns-2 gallery-size-full'><figure class='gallery-item'>\n\t\t\t<div class='gallery-icon landscape'>\n\t\t\t\t<a href='https:\/\/autofans.com.ar\/index.php\/2024\/07\/25\/fiat-argentina-celebro-sus-125-anos-de-historia\/fitito-1-2\/'><img loading=\"lazy\" width=\"1000\" height=\"667\" src=\"https:\/\/autofans.com.ar\/wp-content\/uploads\/2024\/07\/fitito-1.jpg\" class=\"attachment-full size-full\" alt=\"FIAT Argentina\" srcset=\"https:\/\/autofans.com.ar\/wp-content\/uploads\/2024\/07\/fitito-1.jpg 1000w, https:\/\/autofans.com.ar\/wp-content\/uploads\/2024\/07\/fitito-1-300x200.jpg 300w, https:\/\/autofans.com.ar\/wp-content\/uploads\/2024\/07\/fitito-1-768x512.jpg 768w\" sizes=\"auto, (max-width: 1000px) 100vw, 1000px\" loading=\"lazy\" decoding=\"async\" \/><\/a>\n\t\t\t<\/div><\/figure><figure class='gallery-item'>\n\t\t\t<div class='gallery-icon landscape'>\n\t\t\t\t<a href='https:\/\/autofans.com.ar\/index.php\/2024\/07\/25\/fiat-argentina-celebro-sus-125-anos-de-historia\/fitito-2-2\/'><img loading=\"lazy\" width=\"1000\" height=\"667\" src=\"https:\/\/autofans.com.ar\/wp-content\/uploads\/2024\/07\/fitito-2.jpg\" class=\"attachment-full size-full\" alt=\"FIAT Argentina\" srcset=\"https:\/\/autofans.com.ar\/wp-content\/uploads\/2024\/07\/fitito-2.jpg 1000w, https:\/\/autofans.com.ar\/wp-content\/uploads\/2024\/07\/fitito-2-300x200.jpg 300w, https:\/\/autofans.com.ar\/wp-content\/uploads\/2024\/07\/fitito-2-768x512.jpg 768w\" sizes=\"auto, (max-width: 1000px) 100vw, 1000px\" loading=\"lazy\" decoding=\"async\" \/><\/a>\n\t\t\t<\/div><\/figure>\n\t\t<\/div>\n\n<p>&nbsp;<\/p>\n<p>La marca, reconocida por su car\u00e1cter \u00fanico y popularidad, ha logrado convertir sus modelos en verdaderos \u00edconos del dise\u00f1o automotriz. Durante la jornada, se exhibieron modelos representativos de distintas \u00e9pocas, como el 508 S Balilla, el Topolino, el 1500, el 800 Spider, el cl\u00e1sico 600, el 128, el 147 Sorpasso y el m\u00e1s reciente FIAT Fastback.<\/p>\n<p>&nbsp;<\/p>\n<h2>FIAT Argentina &#8211; deportivo y nostalgia<\/h2>\n<p>Uno de los momentos destacados del evento fue la presencia del emblem\u00e1tico Regatta, conducido por Osvaldo \u201cCocho\u201d L\u00f3pez, quien record\u00f3 sus cinco victorias en los inicios del STC2000. Este modelo es un s\u00edmbolo de la rica historia deportiva de FIAT en Argentina.<\/p>\n<p>&nbsp;<\/p>\n<div id='gallery-2' class='gallery galleryid-8463 gallery-columns-3 gallery-size-full'><figure class='gallery-item'>\n\t\t\t<div class='gallery-icon landscape'>\n\t\t\t\t<a href='https:\/\/autofans.com.ar\/index.php\/2024\/07\/25\/fiat-argentina-celebro-sus-125-anos-de-historia\/fitito-6\/'><img loading=\"lazy\" width=\"1000\" height=\"667\" src=\"https:\/\/autofans.com.ar\/wp-content\/uploads\/2024\/07\/fitito-6.jpg\" class=\"attachment-full size-full\" alt=\"FIAT Argentina\" srcset=\"https:\/\/autofans.com.ar\/wp-content\/uploads\/2024\/07\/fitito-6.jpg 1000w, https:\/\/autofans.com.ar\/wp-content\/uploads\/2024\/07\/fitito-6-300x200.jpg 300w, https:\/\/autofans.com.ar\/wp-content\/uploads\/2024\/07\/fitito-6-768x512.jpg 768w\" sizes=\"auto, (max-width: 1000px) 100vw, 1000px\" loading=\"lazy\" decoding=\"async\" \/><\/a>\n\t\t\t<\/div><\/figure><figure class='gallery-item'>\n\t\t\t<div class='gallery-icon landscape'>\n\t\t\t\t<a href='https:\/\/autofans.com.ar\/index.php\/2024\/07\/25\/fiat-argentina-celebro-sus-125-anos-de-historia\/fitito-3-2\/'><img loading=\"lazy\" width=\"1000\" height=\"667\" src=\"https:\/\/autofans.com.ar\/wp-content\/uploads\/2024\/07\/fitito-3.jpg\" class=\"attachment-full size-full\" alt=\"FIAT Argentina\" srcset=\"https:\/\/autofans.com.ar\/wp-content\/uploads\/2024\/07\/fitito-3.jpg 1000w, https:\/\/autofans.com.ar\/wp-content\/uploads\/2024\/07\/fitito-3-300x200.jpg 300w, https:\/\/autofans.com.ar\/wp-content\/uploads\/2024\/07\/fitito-3-768x512.jpg 768w\" sizes=\"auto, (max-width: 1000px) 100vw, 1000px\" loading=\"lazy\" decoding=\"async\" \/><\/a>\n\t\t\t<\/div><\/figure><figure class='gallery-item'>\n\t\t\t<div class='gallery-icon landscape'>\n\t\t\t\t<a href='https:\/\/autofans.com.ar\/index.php\/2024\/07\/25\/fiat-argentina-celebro-sus-125-anos-de-historia\/fitito-4-2\/'><img loading=\"lazy\" width=\"1000\" height=\"667\" src=\"https:\/\/autofans.com.ar\/wp-content\/uploads\/2024\/07\/fitito-4.jpg\" class=\"attachment-full size-full\" alt=\"FIAT Argentina\" srcset=\"https:\/\/autofans.com.ar\/wp-content\/uploads\/2024\/07\/fitito-4.jpg 1000w, https:\/\/autofans.com.ar\/wp-content\/uploads\/2024\/07\/fitito-4-300x200.jpg 300w, https:\/\/autofans.com.ar\/wp-content\/uploads\/2024\/07\/fitito-4-768x512.jpg 768w\" sizes=\"auto, (max-width: 1000px) 100vw, 1000px\" loading=\"lazy\" decoding=\"async\" \/><\/a>\n\t\t\t<\/div><\/figure>\n\t\t<\/div>\n\n<p>&nbsp;<\/p>\n<p>El evento reuni\u00f3 a empleados hist\u00f3ricos de los a\u00f1os 60, miembros de distintos clubes de cl\u00e1sicos, autoridades municipales de Tres de Febrero y de Stellantis. Todos compartieron an\u00e9cdotas y celebraron los hitos de una marca que sigue dejando huella en el pa\u00eds.<\/p>\n<p>&nbsp;<\/p>\n<p>&nbsp;<\/p>\n<p><i>Para enterarte de m\u00e1s novedades, no dejes de leer\u00a0<\/i><a href=\"https:\/\/autofans.thebrandsoup.com\/\"><i>nuestras notas<\/i><\/a><i>, de ver<\/i><b><i>\u00a0<\/i><\/b><a href=\"https:\/\/www.youtube.com\/channel\/UCgAC8UGHZYbT6P7PpmVnP7g\"><b><i>AUTOFANS TV<\/i><\/b><\/a><b><i>\u00a0<\/i><\/b><i>en nuestro\u00a0canal de Youtube. Adem\u00e1s seguinos en\u00a0<\/i><a href=\"https:\/\/www.instagram.com\/autofanstv\/\"><i>INSTAGRAM<\/i><\/a><i> y <\/i><a href=\"https:\/\/www.facebook.com\/autofansmas\/\"><i>FACEBOOK<\/i><\/a><i> para no perderte nada sobre las novedades del segmento automotor de Argentina y el mundo.<\/i><\/p>\n","protected":false},"excerpt":{"rendered":"<p>En una celebraci\u00f3n cargada de historia y emociones, FIAT Argentina festej\u00f3 sus 125 a\u00f1os de&#8230;<\/p>\n","protected":false},"author":2,"featured_media":8464,"comment_status":"closed","ping_status":"closed","sticky":false,"template":"","format":"standard","meta":{"footnotes":""},"categories":[292,16],"tags":[4508,4510,499,4513,4407,258,4511,4095,4405,4509,3914,4512,108],"class_list":["post-8463","post","type-post","status-publish","format-standard","has-post-thumbnail","hentry","category-empresas","category-noticias","tag-aniversario-fiat","tag-automoviles-historicos","tag-autos-clasicos","tag-club-de-clasicos-fiat","tag-fiat-125-anos","tag-fiat-argentina","tag-fiat-en-argentina","tag-fiat-fastback","tag-historia-fiat","tag-museo-del-fitito","tag-osvaldo-cocho-lopez","tag-stc2000","tag-stellantis-argentina"],"yoast_head":"<!-- This site is optimized with the Yoast SEO plugin v27.5 - https:\/\/yoast.com\/product\/yoast-seo-wordpress\/ -->\n<title>FIAT Argentina celebr\u00f3 sus 125 a\u00f1os de Historia -<\/title>\n<meta name=\"description\" content=\"FIAT festej\u00f3 125 a\u00f1os de presencia y 105 a\u00f1os en el pa\u00eds. El evento se llev\u00f3 a cabo en el Museo del Fitito, en el Partido de Tres de Febrero.\" \/>\n<meta name=\"robots\" content=\"index, follow, max-snippet:-1, max-image-preview:large, max-video-preview:-1\" \/>\n<link rel=\"canonical\" href=\"https:\/\/autofans.com.ar\/index.php\/2024\/07\/25\/fiat-argentina-celebro-sus-125-anos-de-historia\/\" \/>\n<meta property=\"og:locale\" content=\"es_ES\" \/>\n<meta property=\"og:type\" content=\"article\" \/>\n<meta property=\"og:title\" content=\"FIAT Argentina celebr\u00f3 sus 125 a\u00f1os de Historia -\" \/>\n<meta property=\"og:description\" content=\"FIAT festej\u00f3 125 a\u00f1os de presencia y 105 a\u00f1os en el pa\u00eds. El evento se llev\u00f3 a cabo en el Museo del Fitito, en el Partido de Tres de Febrero.\" \/>\n<meta property=\"og:url\" content=\"https:\/\/autofans.com.ar\/index.php\/2024\/07\/25\/fiat-argentina-celebro-sus-125-anos-de-historia\/\" \/>\n<meta property=\"article:published_time\" content=\"2024-07-25T22:31:53+00:00\" \/>\n<meta property=\"og:image\" content=\"https:\/\/autofans.com.ar\/wp-content\/uploads\/2024\/07\/fitito-5.jpg\" \/>\n\t<meta property=\"og:image:width\" content=\"640\" \/>\n\t<meta property=\"og:image:height\" content=\"427\" \/>\n\t<meta property=\"og:image:type\" content=\"image\/jpeg\" \/>\n<meta name=\"author\" content=\"Alejandro Gabriel Rosito\" \/>\n<meta name=\"twitter:card\" content=\"summary_large_image\" \/>\n<meta name=\"twitter:label1\" content=\"Escrito por\" \/>\n\t<meta name=\"twitter:data1\" content=\"Alejandro Gabriel Rosito\" \/>\n\t<meta name=\"twitter:label2\" content=\"Tiempo de lectura\" \/>\n\t<meta name=\"twitter:data2\" content=\"2 minutos\" \/>\n<script type=\"application\/ld+json\" class=\"yoast-schema-graph\">{\"@context\":\"https:\\\/\\\/schema.org\",\"@graph\":[{\"@type\":\"Article\",\"@id\":\"https:\\\/\\\/autofans.com.ar\\\/index.php\\\/2024\\\/07\\\/25\\\/fiat-argentina-celebro-sus-125-anos-de-historia\\\/#article\",\"isPartOf\":{\"@id\":\"https:\\\/\\\/autofans.com.ar\\\/index.php\\\/2024\\\/07\\\/25\\\/fiat-argentina-celebro-sus-125-anos-de-historia\\\/\"},\"author\":{\"name\":\"Alejandro Gabriel Rosito\",\"@id\":\"https:\\\/\\\/autofans.com.ar\\\/#\\\/schema\\\/person\\\/4a8dda0b6df83ac3d6723e921274c2aa\"},\"headline\":\"FIAT Argentina celebr\u00f3 sus 125 a\u00f1os de Historia\",\"datePublished\":\"2024-07-25T22:31:53+00:00\",\"mainEntityOfPage\":{\"@id\":\"https:\\\/\\\/autofans.com.ar\\\/index.php\\\/2024\\\/07\\\/25\\\/fiat-argentina-celebro-sus-125-anos-de-historia\\\/\"},\"wordCount\":291,\"image\":{\"@id\":\"https:\\\/\\\/autofans.com.ar\\\/index.php\\\/2024\\\/07\\\/25\\\/fiat-argentina-celebro-sus-125-anos-de-historia\\\/#primaryimage\"},\"thumbnailUrl\":\"https:\\\/\\\/autofans.com.ar\\\/wp-content\\\/uploads\\\/2024\\\/07\\\/fitito-5.jpg\",\"keywords\":[\"aniversario Fiat\",\"autom\u00f3viles hist\u00f3ricos\",\"autos cl\u00e1sicos\",\"Club de Cl\u00e1sicos Fiat\",\"Fiat 125 a\u00f1os\",\"fiat argentina\",\"Fiat en Argentina\",\"Fiat Fastback\",\"historia Fiat\",\"museo del Fitito\",\"Osvaldo Cocho L\u00f3pez\",\"STC2000\",\"Stellantis Argentina\"],\"articleSection\":[\"EMPRESAS\",\"NOTICIAS\"],\"inLanguage\":\"es\"},{\"@type\":\"WebPage\",\"@id\":\"https:\\\/\\\/autofans.com.ar\\\/index.php\\\/2024\\\/07\\\/25\\\/fiat-argentina-celebro-sus-125-anos-de-historia\\\/\",\"url\":\"https:\\\/\\\/autofans.com.ar\\\/index.php\\\/2024\\\/07\\\/25\\\/fiat-argentina-celebro-sus-125-anos-de-historia\\\/\",\"name\":\"FIAT Argentina celebr\u00f3 sus 125 a\u00f1os de Historia -\",\"isPartOf\":{\"@id\":\"https:\\\/\\\/autofans.com.ar\\\/#website\"},\"primaryImageOfPage\":{\"@id\":\"https:\\\/\\\/autofans.com.ar\\\/index.php\\\/2024\\\/07\\\/25\\\/fiat-argentina-celebro-sus-125-anos-de-historia\\\/#primaryimage\"},\"image\":{\"@id\":\"https:\\\/\\\/autofans.com.ar\\\/index.php\\\/2024\\\/07\\\/25\\\/fiat-argentina-celebro-sus-125-anos-de-historia\\\/#primaryimage\"},\"thumbnailUrl\":\"https:\\\/\\\/autofans.com.ar\\\/wp-content\\\/uploads\\\/2024\\\/07\\\/fitito-5.jpg\",\"datePublished\":\"2024-07-25T22:31:53+00:00\",\"author\":{\"@id\":\"https:\\\/\\\/autofans.com.ar\\\/#\\\/schema\\\/person\\\/4a8dda0b6df83ac3d6723e921274c2aa\"},\"description\":\"FIAT festej\u00f3 125 a\u00f1os de presencia y 105 a\u00f1os en el pa\u00eds. El evento se llev\u00f3 a cabo en el Museo del Fitito, en el Partido de Tres de Febrero.\",\"breadcrumb\":{\"@id\":\"https:\\\/\\\/autofans.com.ar\\\/index.php\\\/2024\\\/07\\\/25\\\/fiat-argentina-celebro-sus-125-anos-de-historia\\\/#breadcrumb\"},\"inLanguage\":\"es\",\"potentialAction\":[{\"@type\":\"ReadAction\",\"target\":[\"https:\\\/\\\/autofans.com.ar\\\/index.php\\\/2024\\\/07\\\/25\\\/fiat-argentina-celebro-sus-125-anos-de-historia\\\/\"]}]},{\"@type\":\"ImageObject\",\"inLanguage\":\"es\",\"@id\":\"https:\\\/\\\/autofans.com.ar\\\/index.php\\\/2024\\\/07\\\/25\\\/fiat-argentina-celebro-sus-125-anos-de-historia\\\/#primaryimage\",\"url\":\"https:\\\/\\\/autofans.com.ar\\\/wp-content\\\/uploads\\\/2024\\\/07\\\/fitito-5.jpg\",\"contentUrl\":\"https:\\\/\\\/autofans.com.ar\\\/wp-content\\\/uploads\\\/2024\\\/07\\\/fitito-5.jpg\",\"width\":1000,\"height\":667,\"caption\":\"FIAT Argentina\"},{\"@type\":\"BreadcrumbList\",\"@id\":\"https:\\\/\\\/autofans.com.ar\\\/index.php\\\/2024\\\/07\\\/25\\\/fiat-argentina-celebro-sus-125-anos-de-historia\\\/#breadcrumb\",\"itemListElement\":[{\"@type\":\"ListItem\",\"position\":1,\"name\":\"Inicio\",\"item\":\"https:\\\/\\\/autofans.com.ar\\\/\"},{\"@type\":\"ListItem\",\"position\":2,\"name\":\"FIAT Argentina celebr\u00f3 sus 125 a\u00f1os de Historia\"}]},{\"@type\":\"WebSite\",\"@id\":\"https:\\\/\\\/autofans.com.ar\\\/#website\",\"url\":\"https:\\\/\\\/autofans.com.ar\\\/\",\"name\":\"\",\"description\":\"El multimedio referente de la industria automotriz\",\"potentialAction\":[{\"@type\":\"SearchAction\",\"target\":{\"@type\":\"EntryPoint\",\"urlTemplate\":\"https:\\\/\\\/autofans.com.ar\\\/?s={search_term_string}\"},\"query-input\":{\"@type\":\"PropertyValueSpecification\",\"valueRequired\":true,\"valueName\":\"search_term_string\"}}],\"inLanguage\":\"es\"},{\"@type\":\"Person\",\"@id\":\"https:\\\/\\\/autofans.com.ar\\\/#\\\/schema\\\/person\\\/4a8dda0b6df83ac3d6723e921274c2aa\",\"name\":\"Alejandro Gabriel Rosito\",\"image\":{\"@type\":\"ImageObject\",\"inLanguage\":\"es\",\"@id\":\"https:\\\/\\\/secure.gravatar.com\\\/avatar\\\/16c5dda1489adfc62618084dcbb91cffd879c374b13fe5dd8e44ed6733852c88?s=96&d=mm&r=g\",\"url\":\"https:\\\/\\\/secure.gravatar.com\\\/avatar\\\/16c5dda1489adfc62618084dcbb91cffd879c374b13fe5dd8e44ed6733852c88?s=96&d=mm&r=g\",\"contentUrl\":\"https:\\\/\\\/secure.gravatar.com\\\/avatar\\\/16c5dda1489adfc62618084dcbb91cffd879c374b13fe5dd8e44ed6733852c88?s=96&d=mm&r=g\",\"caption\":\"Alejandro Gabriel Rosito\"},\"url\":\"https:\\\/\\\/autofans.com.ar\\\/index.php\\\/author\\\/gabrielr\\\/\"}]}<\/script>\n<!-- \/ Yoast SEO plugin. -->","yoast_head_json":{"title":"FIAT Argentina celebr\u00f3 sus 125 a\u00f1os de Historia -","description":"FIAT festej\u00f3 125 a\u00f1os de presencia y 105 a\u00f1os en el pa\u00eds. El evento se llev\u00f3 a cabo en el Museo del Fitito, en el Partido de Tres de Febrero.","robots":{"index":"index","follow":"follow","max-snippet":"max-snippet:-1","max-image-preview":"max-image-preview:large","max-video-preview":"max-video-preview:-1"},"canonical":"https:\/\/autofans.com.ar\/index.php\/2024\/07\/25\/fiat-argentina-celebro-sus-125-anos-de-historia\/","og_locale":"es_ES","og_type":"article","og_title":"FIAT Argentina celebr\u00f3 sus 125 a\u00f1os de Historia -","og_description":"FIAT festej\u00f3 125 a\u00f1os de presencia y 105 a\u00f1os en el pa\u00eds. El evento se llev\u00f3 a cabo en el Museo del Fitito, en el Partido de Tres de Febrero.","og_url":"https:\/\/autofans.com.ar\/index.php\/2024\/07\/25\/fiat-argentina-celebro-sus-125-anos-de-historia\/","article_published_time":"2024-07-25T22:31:53+00:00","og_image":[{"url":"https:\/\/autofans.com.ar\/wp-content\/uploads\/2024\/07\/fitito-5.jpg","width":640,"height":427,"type":"image\/jpeg"}],"author":"Alejandro Gabriel Rosito","twitter_card":"summary_large_image","twitter_misc":{"Escrito por":"Alejandro Gabriel Rosito","Tiempo de lectura":"2 minutos"},"schema":{"@context":"https:\/\/schema.org","@graph":[{"@type":"Article","@id":"https:\/\/autofans.com.ar\/index.php\/2024\/07\/25\/fiat-argentina-celebro-sus-125-anos-de-historia\/#article","isPartOf":{"@id":"https:\/\/autofans.com.ar\/index.php\/2024\/07\/25\/fiat-argentina-celebro-sus-125-anos-de-historia\/"},"author":{"name":"Alejandro Gabriel Rosito","@id":"https:\/\/autofans.com.ar\/#\/schema\/person\/4a8dda0b6df83ac3d6723e921274c2aa"},"headline":"FIAT Argentina celebr\u00f3 sus 125 a\u00f1os de Historia","datePublished":"2024-07-25T22:31:53+00:00","mainEntityOfPage":{"@id":"https:\/\/autofans.com.ar\/index.php\/2024\/07\/25\/fiat-argentina-celebro-sus-125-anos-de-historia\/"},"wordCount":291,"image":{"@id":"https:\/\/autofans.com.ar\/index.php\/2024\/07\/25\/fiat-argentina-celebro-sus-125-anos-de-historia\/#primaryimage"},"thumbnailUrl":"https:\/\/autofans.com.ar\/wp-content\/uploads\/2024\/07\/fitito-5.jpg","keywords":["aniversario Fiat","autom\u00f3viles hist\u00f3ricos","autos cl\u00e1sicos","Club de Cl\u00e1sicos Fiat","Fiat 125 a\u00f1os","fiat argentina","Fiat en Argentina","Fiat Fastback","historia Fiat","museo del Fitito","Osvaldo Cocho L\u00f3pez","STC2000","Stellantis Argentina"],"articleSection":["EMPRESAS","NOTICIAS"],"inLanguage":"es"},{"@type":"WebPage","@id":"https:\/\/autofans.com.ar\/index.php\/2024\/07\/25\/fiat-argentina-celebro-sus-125-anos-de-historia\/","url":"https:\/\/autofans.com.ar\/index.php\/2024\/07\/25\/fiat-argentina-celebro-sus-125-anos-de-historia\/","name":"FIAT Argentina celebr\u00f3 sus 125 a\u00f1os de Historia -","isPartOf":{"@id":"https:\/\/autofans.com.ar\/#website"},"primaryImageOfPage":{"@id":"https:\/\/autofans.com.ar\/index.php\/2024\/07\/25\/fiat-argentina-celebro-sus-125-anos-de-historia\/#primaryimage"},"image":{"@id":"https:\/\/autofans.com.ar\/index.php\/2024\/07\/25\/fiat-argentina-celebro-sus-125-anos-de-historia\/#primaryimage"},"thumbnailUrl":"https:\/\/autofans.com.ar\/wp-content\/uploads\/2024\/07\/fitito-5.jpg","datePublished":"2024-07-25T22:31:53+00:00","author":{"@id":"https:\/\/autofans.com.ar\/#\/schema\/person\/4a8dda0b6df83ac3d6723e921274c2aa"},"description":"FIAT festej\u00f3 125 a\u00f1os de presencia y 105 a\u00f1os en el pa\u00eds. El evento se llev\u00f3 a cabo en el Museo del Fitito, en el Partido de Tres de Febrero.","breadcrumb":{"@id":"https:\/\/autofans.com.ar\/index.php\/2024\/07\/25\/fiat-argentina-celebro-sus-125-anos-de-historia\/#breadcrumb"},"inLanguage":"es","potentialAction":[{"@type":"ReadAction","target":["https:\/\/autofans.com.ar\/index.php\/2024\/07\/25\/fiat-argentina-celebro-sus-125-anos-de-historia\/"]}]},{"@type":"ImageObject","inLanguage":"es","@id":"https:\/\/autofans.com.ar\/index.php\/2024\/07\/25\/fiat-argentina-celebro-sus-125-anos-de-historia\/#primaryimage","url":"https:\/\/autofans.com.ar\/wp-content\/uploads\/2024\/07\/fitito-5.jpg","contentUrl":"https:\/\/autofans.com.ar\/wp-content\/uploads\/2024\/07\/fitito-5.jpg","width":1000,"height":667,"caption":"FIAT Argentina"},{"@type":"BreadcrumbList","@id":"https:\/\/autofans.com.ar\/index.php\/2024\/07\/25\/fiat-argentina-celebro-sus-125-anos-de-historia\/#breadcrumb","itemListElement":[{"@type":"ListItem","position":1,"name":"Inicio","item":"https:\/\/autofans.com.ar\/"},{"@type":"ListItem","position":2,"name":"FIAT Argentina celebr\u00f3 sus 125 a\u00f1os de Historia"}]},{"@type":"WebSite","@id":"https:\/\/autofans.com.ar\/#website","url":"https:\/\/autofans.com.ar\/","name":"","description":"El multimedio referente de la industria automotriz","potentialAction":[{"@type":"SearchAction","target":{"@type":"EntryPoint","urlTemplate":"https:\/\/autofans.com.ar\/?s={search_term_string}"},"query-input":{"@type":"PropertyValueSpecification","valueRequired":true,"valueName":"search_term_string"}}],"inLanguage":"es"},{"@type":"Person","@id":"https:\/\/autofans.com.ar\/#\/schema\/person\/4a8dda0b6df83ac3d6723e921274c2aa","name":"Alejandro Gabriel Rosito","image":{"@type":"ImageObject","inLanguage":"es","@id":"https:\/\/secure.gravatar.com\/avatar\/16c5dda1489adfc62618084dcbb91cffd879c374b13fe5dd8e44ed6733852c88?s=96&d=mm&r=g","url":"https:\/\/secure.gravatar.com\/avatar\/16c5dda1489adfc62618084dcbb91cffd879c374b13fe5dd8e44ed6733852c88?s=96&d=mm&r=g","contentUrl":"https:\/\/secure.gravatar.com\/avatar\/16c5dda1489adfc62618084dcbb91cffd879c374b13fe5dd8e44ed6733852c88?s=96&d=mm&r=g","caption":"Alejandro Gabriel Rosito"},"url":"https:\/\/autofans.com.ar\/index.php\/author\/gabrielr\/"}]}},"featured_image_urls":{"full":["https:\/\/autofans.com.ar\/wp-content\/uploads\/2024\/07\/fitito-5.jpg",1000,667,false],"thumbnail":["https:\/\/autofans.com.ar\/wp-content\/uploads\/2024\/07\/fitito-5-150x150.jpg",150,150,true],"medium":["https:\/\/autofans.com.ar\/wp-content\/uploads\/2024\/07\/fitito-5-300x200.jpg",300,200,true],"medium_large":["https:\/\/autofans.com.ar\/wp-content\/uploads\/2024\/07\/fitito-5-768x512.jpg",640,427,true],"large":["https:\/\/autofans.com.ar\/wp-content\/uploads\/2024\/07\/fitito-5.jpg",640,427,false],"1536x1536":["https:\/\/autofans.com.ar\/wp-content\/uploads\/2024\/07\/fitito-5.jpg",1000,667,false],"2048x2048":["https:\/\/autofans.com.ar\/wp-content\/uploads\/2024\/07\/fitito-5.jpg",1000,667,false],"covernews-featured":["https:\/\/autofans.com.ar\/wp-content\/uploads\/2024\/07\/fitito-5.jpg",1000,667,false],"covernews-medium":["https:\/\/autofans.com.ar\/wp-content\/uploads\/2024\/07\/fitito-5-540x340.jpg",540,340,true]},"author_info":{"display_name":"Alejandro Gabriel Rosito","author_link":"https:\/\/autofans.com.ar\/index.php\/author\/gabrielr\/"},"category_info":"<a href=\"https:\/\/autofans.com.ar\/index.php\/category\/noticias\/empresas\/\" rel=\"category tag\">EMPRESAS<\/a> <a href=\"https:\/\/autofans.com.ar\/index.php\/category\/noticias\/\" rel=\"category tag\">NOTICIAS<\/a>","tag_info":"NOTICIAS","comment_count":0,"_links":{"self":[{"href":"https:\/\/autofans.com.ar\/index.php\/wp-json\/wp\/v2\/posts\/8463","targetHints":{"allow":["GET"]}}],"collection":[{"href":"https:\/\/autofans.com.ar\/index.php\/wp-json\/wp\/v2\/posts"}],"about":[{"href":"https:\/\/autofans.com.ar\/index.php\/wp-json\/wp\/v2\/types\/post"}],"author":[{"embeddable":true,"href":"https:\/\/autofans.com.ar\/index.php\/wp-json\/wp\/v2\/users\/2"}],"replies":[{"embeddable":true,"href":"https:\/\/autofans.com.ar\/index.php\/wp-json\/wp\/v2\/comments?post=8463"}],"version-history":[{"count":1,"href":"https:\/\/autofans.com.ar\/index.php\/wp-json\/wp\/v2\/posts\/8463\/revisions"}],"predecessor-version":[{"id":8470,"href":"https:\/\/autofans.com.ar\/index.php\/wp-json\/wp\/v2\/posts\/8463\/revisions\/8470"}],"wp:featuredmedia":[{"embeddable":true,"href":"https:\/\/autofans.com.ar\/index.php\/wp-json\/wp\/v2\/media\/8464"}],"wp:attachment":[{"href":"https:\/\/autofans.com.ar\/index.php\/wp-json\/wp\/v2\/media?parent=8463"}],"wp:term":[{"taxonomy":"category","embeddable":true,"href":"https:\/\/autofans.com.ar\/index.php\/wp-json\/wp\/v2\/categories?post=8463"},{"taxonomy":"post_tag","embeddable":true,"href":"https:\/\/autofans.com.ar\/index.php\/wp-json\/wp\/v2\/tags?post=8463"}],"curies":[{"name":"wp","href":"https:\/\/api.w.org\/{rel}","templated":true}]}}