{"id":8498,"date":"2024-07-31T21:16:29","date_gmt":"2024-08-01T00:16:29","guid":{"rendered":"https:\/\/autofans.com.ar\/?p=8498"},"modified":"2024-07-31T21:16:29","modified_gmt":"2024-08-01T00:16:29","slug":"scania-presenta-su-camion-a-gas-en-expored-ypf-2024","status":"publish","type":"post","link":"https:\/\/autofans.com.ar\/index.php\/2024\/07\/31\/scania-presenta-su-camion-a-gas-en-expored-ypf-2024\/","title":{"rendered":"Scania presenta su cami\u00f3n a gas en ExpoRed YPF 2024"},"content":{"rendered":"<p>Scania participar\u00e1 en la cuarta edici\u00f3n de ExpoRed YPF 2024, evento que organiza la Asociaci\u00f3n de Operadores Privados de YPF (AOYPF) y que cuenta con el apoyo de YPF SA. La exposici\u00f3n se realizar\u00e1 los d\u00edas 1 y 2 de agosto en Costa Salguero, Buenos Aires.<\/p>\n<p>&nbsp;<\/p>\n<blockquote>\n<p style=\"text-align: center;\">Como l\u00edder en el cambio hacia un sistema de transporte sustentable, Scania Argentina participar\u00e1 de un panel el jueves 1\u00b0 de agosto a las 13:00 hs en el Auditorio principal. Por Scania participar\u00e1 Lucas Woinilowicz, Gerente de Desarrollo de Negocios: \u201cestaremos conversando sobre \u2018Avances y Desaf\u00edos del GNC en Argentina\u2019, un tema que convoca profundamente a Scania, debido a nuestro compromiso con el desarrollo de opciones alternativas que cuiden el medio ambiente y respeten la matriz energ\u00e9tica local\u201d.<\/p>\n<\/blockquote>\n<p>&nbsp;<\/p>\n<h2>M\u00e1s de 1600 estaciones de servicio en ExpoRed YPF<\/h2>\n<p>&nbsp;<\/p>\n<p><img fetchpriority=\"high\" decoding=\"async\" class=\"alignnone wp-image-8499 size-full\" src=\"https:\/\/autofans.com.ar\/wp-content\/uploads\/2024\/07\/scania-3-2.jpg\" alt=\"ExpoRed YPF\" width=\"1000\" height=\"667\" srcset=\"https:\/\/autofans.com.ar\/wp-content\/uploads\/2024\/07\/scania-3-2.jpg 1000w, https:\/\/autofans.com.ar\/wp-content\/uploads\/2024\/07\/scania-3-2-300x200.jpg 300w, https:\/\/autofans.com.ar\/wp-content\/uploads\/2024\/07\/scania-3-2-768x512.jpg 768w\" sizes=\"(max-width: 1000px) 100vw, 1000px\" \/><\/p>\n<p>&nbsp;<\/p>\n<p>La ExpoRed YPF es una cita clave para el sector del retail de combustibles, donde m\u00e1s de 1600 estaciones de servicio se re\u00fanen con proveedores y distribuidores de equipamientos e insumos. La industria alimentaria, medios de pago, y entidades financieras, entre otros actores del sector.<\/p>\n<p>&nbsp;<\/p>\n<blockquote>\n<p style=\"text-align: center;\">\u201cEl GNC representa una gran oportunidad para el transporte argentino, ya que es la puerta de entrada al biometano, combustible renovable que reduce en un 90% las emisiones de gases de efecto invernadero\u201d, destac\u00f3 Woinilowicz.<\/p>\n<\/blockquote>\n<p>&nbsp;<\/p>\n<h2>Green Efficiency de Scania<\/h2>\n<p>Scania, empresa de origen sueco, exhibir\u00e1 en el stand 161 su cami\u00f3n R410 A6x2 NB propulsado a GNC, perteneciente a la l\u00ednea Green Efficiency. Esta l\u00ednea incluye camiones, buses y motores propulsados a gas y biog\u00e1s, enfoc\u00e1ndose en la disminuci\u00f3n de emisiones contaminantes y la reducci\u00f3n de costos operativos.<\/p>\n<p>&nbsp;<\/p>\n<p><img decoding=\"async\" class=\"aligncenter wp-image-8501 size-full\" src=\"https:\/\/autofans.com.ar\/wp-content\/uploads\/2024\/07\/scania-1-2.jpg\" alt=\"ExpoRed YPF\" width=\"1000\" height=\"667\" srcset=\"https:\/\/autofans.com.ar\/wp-content\/uploads\/2024\/07\/scania-1-2.jpg 1000w, https:\/\/autofans.com.ar\/wp-content\/uploads\/2024\/07\/scania-1-2-300x200.jpg 300w, https:\/\/autofans.com.ar\/wp-content\/uploads\/2024\/07\/scania-1-2-768x512.jpg 768w\" sizes=\"(max-width: 1000px) 100vw, 1000px\" \/><\/p>\n<p>&nbsp;<\/p>\n<p>La utilizaci\u00f3n de GNC como combustible ha demostrado ser una soluci\u00f3n eficiente y econ\u00f3mica para empresas de transporte de carga y pasajeros. Reduciendo as\u00ed notablemente las emisiones contaminantes y los costos operativos.<\/p>\n<p>&nbsp;<\/p>\n<p>&nbsp;<\/p>\n<p><i>Para enterarte de m\u00e1s novedades, no dejes de leer\u00a0<\/i><a href=\"https:\/\/autofans.thebrandsoup.com\/\"><i>nuestras notas<\/i><\/a><i>, de ver<\/i><b><i>\u00a0<\/i><\/b><a href=\"https:\/\/www.youtube.com\/channel\/UCgAC8UGHZYbT6P7PpmVnP7g\"><b><i>AUTOFANS TV<\/i><\/b><\/a><b><i>\u00a0<\/i><\/b><i>en nuestro\u00a0canal de Youtube. Adem\u00e1s seguinos en\u00a0<\/i><a href=\"https:\/\/www.instagram.com\/autofanstv\/\"><i>INSTAGRAM<\/i><\/a><i> y <\/i><a href=\"https:\/\/www.facebook.com\/autofansmas\/\"><i>FACEBOOK<\/i><\/a><i> para no perderte nada sobre las novedades del segmento automotor de Argentina y el mundo.<\/i><\/p>\n","protected":false},"excerpt":{"rendered":"<p>Scania participar\u00e1 en la cuarta edici\u00f3n de ExpoRed YPF 2024, evento que organiza la Asociaci\u00f3n&#8230;<\/p>\n","protected":false},"author":2,"featured_media":8500,"comment_status":"closed","ping_status":"closed","sticky":false,"template":"","format":"standard","meta":{"footnotes":""},"categories":[341,16],"tags":[],"class_list":["post-8498","post","type-post","status-publish","format-standard","has-post-thumbnail","hentry","category-hibridos-y-electricos","category-noticias"],"yoast_head":"<!-- This site is optimized with the Yoast SEO plugin v27.5 - https:\/\/yoast.com\/product\/yoast-seo-wordpress\/ -->\n<title>Scania presenta su cami\u00f3n a gas en ExpoRed YPF 2024 -<\/title>\n<meta name=\"description\" content=\"Scania participar\u00e1 en la cuarta edici\u00f3n de ExpoRed YPF 2024, evento que organiza la Asociaci\u00f3n de Operadores Privados de YPF (AOYPF)...\" \/>\n<meta name=\"robots\" content=\"index, follow, max-snippet:-1, max-image-preview:large, max-video-preview:-1\" \/>\n<link rel=\"canonical\" href=\"https:\/\/autofans.com.ar\/index.php\/2024\/07\/31\/scania-presenta-su-camion-a-gas-en-expored-ypf-2024\/\" \/>\n<meta property=\"og:locale\" content=\"es_ES\" \/>\n<meta property=\"og:type\" content=\"article\" \/>\n<meta property=\"og:title\" content=\"Scania presenta su cami\u00f3n a gas en ExpoRed YPF 2024 -\" \/>\n<meta property=\"og:description\" content=\"Scania participar\u00e1 en la cuarta edici\u00f3n de ExpoRed YPF 2024, evento que organiza la Asociaci\u00f3n de Operadores Privados de YPF (AOYPF)...\" \/>\n<meta property=\"og:url\" content=\"https:\/\/autofans.com.ar\/index.php\/2024\/07\/31\/scania-presenta-su-camion-a-gas-en-expored-ypf-2024\/\" \/>\n<meta property=\"article:published_time\" content=\"2024-08-01T00:16:29+00:00\" \/>\n<meta property=\"og:image\" content=\"https:\/\/autofans.com.ar\/wp-content\/uploads\/2024\/07\/scania-2-2.jpg\" \/>\n\t<meta property=\"og:image:width\" content=\"640\" \/>\n\t<meta property=\"og:image:height\" content=\"427\" \/>\n\t<meta property=\"og:image:type\" content=\"image\/jpeg\" \/>\n<meta name=\"author\" content=\"Alejandro Gabriel Rosito\" \/>\n<meta name=\"twitter:card\" content=\"summary_large_image\" \/>\n<meta name=\"twitter:label1\" content=\"Escrito por\" \/>\n\t<meta name=\"twitter:data1\" content=\"Alejandro Gabriel Rosito\" \/>\n\t<meta name=\"twitter:label2\" content=\"Tiempo de lectura\" \/>\n\t<meta name=\"twitter:data2\" content=\"2 minutos\" \/>\n<script type=\"application\/ld+json\" class=\"yoast-schema-graph\">{\"@context\":\"https:\\\/\\\/schema.org\",\"@graph\":[{\"@type\":\"Article\",\"@id\":\"https:\\\/\\\/autofans.com.ar\\\/index.php\\\/2024\\\/07\\\/31\\\/scania-presenta-su-camion-a-gas-en-expored-ypf-2024\\\/#article\",\"isPartOf\":{\"@id\":\"https:\\\/\\\/autofans.com.ar\\\/index.php\\\/2024\\\/07\\\/31\\\/scania-presenta-su-camion-a-gas-en-expored-ypf-2024\\\/\"},\"author\":{\"name\":\"Alejandro Gabriel Rosito\",\"@id\":\"https:\\\/\\\/autofans.com.ar\\\/#\\\/schema\\\/person\\\/4a8dda0b6df83ac3d6723e921274c2aa\"},\"headline\":\"Scania presenta su cami\u00f3n a gas en ExpoRed YPF 2024\",\"datePublished\":\"2024-08-01T00:16:29+00:00\",\"mainEntityOfPage\":{\"@id\":\"https:\\\/\\\/autofans.com.ar\\\/index.php\\\/2024\\\/07\\\/31\\\/scania-presenta-su-camion-a-gas-en-expored-ypf-2024\\\/\"},\"wordCount\":373,\"image\":{\"@id\":\"https:\\\/\\\/autofans.com.ar\\\/index.php\\\/2024\\\/07\\\/31\\\/scania-presenta-su-camion-a-gas-en-expored-ypf-2024\\\/#primaryimage\"},\"thumbnailUrl\":\"https:\\\/\\\/autofans.com.ar\\\/wp-content\\\/uploads\\\/2024\\\/07\\\/scania-2-2.jpg\",\"articleSection\":[\"HIBRIDOS, ELECTRICOS y otros\",\"NOTICIAS\"],\"inLanguage\":\"es\"},{\"@type\":\"WebPage\",\"@id\":\"https:\\\/\\\/autofans.com.ar\\\/index.php\\\/2024\\\/07\\\/31\\\/scania-presenta-su-camion-a-gas-en-expored-ypf-2024\\\/\",\"url\":\"https:\\\/\\\/autofans.com.ar\\\/index.php\\\/2024\\\/07\\\/31\\\/scania-presenta-su-camion-a-gas-en-expored-ypf-2024\\\/\",\"name\":\"Scania presenta su cami\u00f3n a gas en ExpoRed YPF 2024 -\",\"isPartOf\":{\"@id\":\"https:\\\/\\\/autofans.com.ar\\\/#website\"},\"primaryImageOfPage\":{\"@id\":\"https:\\\/\\\/autofans.com.ar\\\/index.php\\\/2024\\\/07\\\/31\\\/scania-presenta-su-camion-a-gas-en-expored-ypf-2024\\\/#primaryimage\"},\"image\":{\"@id\":\"https:\\\/\\\/autofans.com.ar\\\/index.php\\\/2024\\\/07\\\/31\\\/scania-presenta-su-camion-a-gas-en-expored-ypf-2024\\\/#primaryimage\"},\"thumbnailUrl\":\"https:\\\/\\\/autofans.com.ar\\\/wp-content\\\/uploads\\\/2024\\\/07\\\/scania-2-2.jpg\",\"datePublished\":\"2024-08-01T00:16:29+00:00\",\"author\":{\"@id\":\"https:\\\/\\\/autofans.com.ar\\\/#\\\/schema\\\/person\\\/4a8dda0b6df83ac3d6723e921274c2aa\"},\"description\":\"Scania participar\u00e1 en la cuarta edici\u00f3n de ExpoRed YPF 2024, evento que organiza la Asociaci\u00f3n de Operadores Privados de YPF (AOYPF)...\",\"breadcrumb\":{\"@id\":\"https:\\\/\\\/autofans.com.ar\\\/index.php\\\/2024\\\/07\\\/31\\\/scania-presenta-su-camion-a-gas-en-expored-ypf-2024\\\/#breadcrumb\"},\"inLanguage\":\"es\",\"potentialAction\":[{\"@type\":\"ReadAction\",\"target\":[\"https:\\\/\\\/autofans.com.ar\\\/index.php\\\/2024\\\/07\\\/31\\\/scania-presenta-su-camion-a-gas-en-expored-ypf-2024\\\/\"]}]},{\"@type\":\"ImageObject\",\"inLanguage\":\"es\",\"@id\":\"https:\\\/\\\/autofans.com.ar\\\/index.php\\\/2024\\\/07\\\/31\\\/scania-presenta-su-camion-a-gas-en-expored-ypf-2024\\\/#primaryimage\",\"url\":\"https:\\\/\\\/autofans.com.ar\\\/wp-content\\\/uploads\\\/2024\\\/07\\\/scania-2-2.jpg\",\"contentUrl\":\"https:\\\/\\\/autofans.com.ar\\\/wp-content\\\/uploads\\\/2024\\\/07\\\/scania-2-2.jpg\",\"width\":1000,\"height\":667,\"caption\":\"ExpoRed YPF\"},{\"@type\":\"BreadcrumbList\",\"@id\":\"https:\\\/\\\/autofans.com.ar\\\/index.php\\\/2024\\\/07\\\/31\\\/scania-presenta-su-camion-a-gas-en-expored-ypf-2024\\\/#breadcrumb\",\"itemListElement\":[{\"@type\":\"ListItem\",\"position\":1,\"name\":\"Inicio\",\"item\":\"https:\\\/\\\/autofans.com.ar\\\/\"},{\"@type\":\"ListItem\",\"position\":2,\"name\":\"Scania presenta su cami\u00f3n a gas en ExpoRed YPF 2024\"}]},{\"@type\":\"WebSite\",\"@id\":\"https:\\\/\\\/autofans.com.ar\\\/#website\",\"url\":\"https:\\\/\\\/autofans.com.ar\\\/\",\"name\":\"\",\"description\":\"El multimedio referente de la industria automotriz\",\"potentialAction\":[{\"@type\":\"SearchAction\",\"target\":{\"@type\":\"EntryPoint\",\"urlTemplate\":\"https:\\\/\\\/autofans.com.ar\\\/?s={search_term_string}\"},\"query-input\":{\"@type\":\"PropertyValueSpecification\",\"valueRequired\":true,\"valueName\":\"search_term_string\"}}],\"inLanguage\":\"es\"},{\"@type\":\"Person\",\"@id\":\"https:\\\/\\\/autofans.com.ar\\\/#\\\/schema\\\/person\\\/4a8dda0b6df83ac3d6723e921274c2aa\",\"name\":\"Alejandro Gabriel Rosito\",\"image\":{\"@type\":\"ImageObject\",\"inLanguage\":\"es\",\"@id\":\"https:\\\/\\\/secure.gravatar.com\\\/avatar\\\/16c5dda1489adfc62618084dcbb91cffd879c374b13fe5dd8e44ed6733852c88?s=96&d=mm&r=g\",\"url\":\"https:\\\/\\\/secure.gravatar.com\\\/avatar\\\/16c5dda1489adfc62618084dcbb91cffd879c374b13fe5dd8e44ed6733852c88?s=96&d=mm&r=g\",\"contentUrl\":\"https:\\\/\\\/secure.gravatar.com\\\/avatar\\\/16c5dda1489adfc62618084dcbb91cffd879c374b13fe5dd8e44ed6733852c88?s=96&d=mm&r=g\",\"caption\":\"Alejandro Gabriel Rosito\"},\"url\":\"https:\\\/\\\/autofans.com.ar\\\/index.php\\\/author\\\/gabrielr\\\/\"}]}<\/script>\n<!-- \/ Yoast SEO plugin. -->","yoast_head_json":{"title":"Scania presenta su cami\u00f3n a gas en ExpoRed YPF 2024 -","description":"Scania participar\u00e1 en la cuarta edici\u00f3n de ExpoRed YPF 2024, evento que organiza la Asociaci\u00f3n de Operadores Privados de YPF (AOYPF)...","robots":{"index":"index","follow":"follow","max-snippet":"max-snippet:-1","max-image-preview":"max-image-preview:large","max-video-preview":"max-video-preview:-1"},"canonical":"https:\/\/autofans.com.ar\/index.php\/2024\/07\/31\/scania-presenta-su-camion-a-gas-en-expored-ypf-2024\/","og_locale":"es_ES","og_type":"article","og_title":"Scania presenta su cami\u00f3n a gas en ExpoRed YPF 2024 -","og_description":"Scania participar\u00e1 en la cuarta edici\u00f3n de ExpoRed YPF 2024, evento que organiza la Asociaci\u00f3n de Operadores Privados de YPF (AOYPF)...","og_url":"https:\/\/autofans.com.ar\/index.php\/2024\/07\/31\/scania-presenta-su-camion-a-gas-en-expored-ypf-2024\/","article_published_time":"2024-08-01T00:16:29+00:00","og_image":[{"url":"https:\/\/autofans.com.ar\/wp-content\/uploads\/2024\/07\/scania-2-2.jpg","width":640,"height":427,"type":"image\/jpeg"}],"author":"Alejandro Gabriel Rosito","twitter_card":"summary_large_image","twitter_misc":{"Escrito por":"Alejandro Gabriel Rosito","Tiempo de lectura":"2 minutos"},"schema":{"@context":"https:\/\/schema.org","@graph":[{"@type":"Article","@id":"https:\/\/autofans.com.ar\/index.php\/2024\/07\/31\/scania-presenta-su-camion-a-gas-en-expored-ypf-2024\/#article","isPartOf":{"@id":"https:\/\/autofans.com.ar\/index.php\/2024\/07\/31\/scania-presenta-su-camion-a-gas-en-expored-ypf-2024\/"},"author":{"name":"Alejandro Gabriel Rosito","@id":"https:\/\/autofans.com.ar\/#\/schema\/person\/4a8dda0b6df83ac3d6723e921274c2aa"},"headline":"Scania presenta su cami\u00f3n a gas en ExpoRed YPF 2024","datePublished":"2024-08-01T00:16:29+00:00","mainEntityOfPage":{"@id":"https:\/\/autofans.com.ar\/index.php\/2024\/07\/31\/scania-presenta-su-camion-a-gas-en-expored-ypf-2024\/"},"wordCount":373,"image":{"@id":"https:\/\/autofans.com.ar\/index.php\/2024\/07\/31\/scania-presenta-su-camion-a-gas-en-expored-ypf-2024\/#primaryimage"},"thumbnailUrl":"https:\/\/autofans.com.ar\/wp-content\/uploads\/2024\/07\/scania-2-2.jpg","articleSection":["HIBRIDOS, ELECTRICOS y otros","NOTICIAS"],"inLanguage":"es"},{"@type":"WebPage","@id":"https:\/\/autofans.com.ar\/index.php\/2024\/07\/31\/scania-presenta-su-camion-a-gas-en-expored-ypf-2024\/","url":"https:\/\/autofans.com.ar\/index.php\/2024\/07\/31\/scania-presenta-su-camion-a-gas-en-expored-ypf-2024\/","name":"Scania presenta su cami\u00f3n a gas en ExpoRed YPF 2024 -","isPartOf":{"@id":"https:\/\/autofans.com.ar\/#website"},"primaryImageOfPage":{"@id":"https:\/\/autofans.com.ar\/index.php\/2024\/07\/31\/scania-presenta-su-camion-a-gas-en-expored-ypf-2024\/#primaryimage"},"image":{"@id":"https:\/\/autofans.com.ar\/index.php\/2024\/07\/31\/scania-presenta-su-camion-a-gas-en-expored-ypf-2024\/#primaryimage"},"thumbnailUrl":"https:\/\/autofans.com.ar\/wp-content\/uploads\/2024\/07\/scania-2-2.jpg","datePublished":"2024-08-01T00:16:29+00:00","author":{"@id":"https:\/\/autofans.com.ar\/#\/schema\/person\/4a8dda0b6df83ac3d6723e921274c2aa"},"description":"Scania participar\u00e1 en la cuarta edici\u00f3n de ExpoRed YPF 2024, evento que organiza la Asociaci\u00f3n de Operadores Privados de YPF (AOYPF)...","breadcrumb":{"@id":"https:\/\/autofans.com.ar\/index.php\/2024\/07\/31\/scania-presenta-su-camion-a-gas-en-expored-ypf-2024\/#breadcrumb"},"inLanguage":"es","potentialAction":[{"@type":"ReadAction","target":["https:\/\/autofans.com.ar\/index.php\/2024\/07\/31\/scania-presenta-su-camion-a-gas-en-expored-ypf-2024\/"]}]},{"@type":"ImageObject","inLanguage":"es","@id":"https:\/\/autofans.com.ar\/index.php\/2024\/07\/31\/scania-presenta-su-camion-a-gas-en-expored-ypf-2024\/#primaryimage","url":"https:\/\/autofans.com.ar\/wp-content\/uploads\/2024\/07\/scania-2-2.jpg","contentUrl":"https:\/\/autofans.com.ar\/wp-content\/uploads\/2024\/07\/scania-2-2.jpg","width":1000,"height":667,"caption":"ExpoRed YPF"},{"@type":"BreadcrumbList","@id":"https:\/\/autofans.com.ar\/index.php\/2024\/07\/31\/scania-presenta-su-camion-a-gas-en-expored-ypf-2024\/#breadcrumb","itemListElement":[{"@type":"ListItem","position":1,"name":"Inicio","item":"https:\/\/autofans.com.ar\/"},{"@type":"ListItem","position":2,"name":"Scania presenta su cami\u00f3n a gas en ExpoRed YPF 2024"}]},{"@type":"WebSite","@id":"https:\/\/autofans.com.ar\/#website","url":"https:\/\/autofans.com.ar\/","name":"","description":"El multimedio referente de la industria automotriz","potentialAction":[{"@type":"SearchAction","target":{"@type":"EntryPoint","urlTemplate":"https:\/\/autofans.com.ar\/?s={search_term_string}"},"query-input":{"@type":"PropertyValueSpecification","valueRequired":true,"valueName":"search_term_string"}}],"inLanguage":"es"},{"@type":"Person","@id":"https:\/\/autofans.com.ar\/#\/schema\/person\/4a8dda0b6df83ac3d6723e921274c2aa","name":"Alejandro Gabriel Rosito","image":{"@type":"ImageObject","inLanguage":"es","@id":"https:\/\/secure.gravatar.com\/avatar\/16c5dda1489adfc62618084dcbb91cffd879c374b13fe5dd8e44ed6733852c88?s=96&d=mm&r=g","url":"https:\/\/secure.gravatar.com\/avatar\/16c5dda1489adfc62618084dcbb91cffd879c374b13fe5dd8e44ed6733852c88?s=96&d=mm&r=g","contentUrl":"https:\/\/secure.gravatar.com\/avatar\/16c5dda1489adfc62618084dcbb91cffd879c374b13fe5dd8e44ed6733852c88?s=96&d=mm&r=g","caption":"Alejandro Gabriel Rosito"},"url":"https:\/\/autofans.com.ar\/index.php\/author\/gabrielr\/"}]}},"featured_image_urls":{"full":["https:\/\/autofans.com.ar\/wp-content\/uploads\/2024\/07\/scania-2-2.jpg",1000,667,false],"thumbnail":["https:\/\/autofans.com.ar\/wp-content\/uploads\/2024\/07\/scania-2-2-150x150.jpg",150,150,true],"medium":["https:\/\/autofans.com.ar\/wp-content\/uploads\/2024\/07\/scania-2-2-300x200.jpg",300,200,true],"medium_large":["https:\/\/autofans.com.ar\/wp-content\/uploads\/2024\/07\/scania-2-2-768x512.jpg",640,427,true],"large":["https:\/\/autofans.com.ar\/wp-content\/uploads\/2024\/07\/scania-2-2.jpg",640,427,false],"1536x1536":["https:\/\/autofans.com.ar\/wp-content\/uploads\/2024\/07\/scania-2-2.jpg",1000,667,false],"2048x2048":["https:\/\/autofans.com.ar\/wp-content\/uploads\/2024\/07\/scania-2-2.jpg",1000,667,false],"covernews-featured":["https:\/\/autofans.com.ar\/wp-content\/uploads\/2024\/07\/scania-2-2.jpg",1000,667,false],"covernews-medium":["https:\/\/autofans.com.ar\/wp-content\/uploads\/2024\/07\/scania-2-2-540x340.jpg",540,340,true]},"author_info":{"display_name":"Alejandro Gabriel Rosito","author_link":"https:\/\/autofans.com.ar\/index.php\/author\/gabrielr\/"},"category_info":"<a href=\"https:\/\/autofans.com.ar\/index.php\/category\/noticias\/hibridos-y-electricos\/\" rel=\"category tag\">HIBRIDOS, ELECTRICOS y otros<\/a> <a href=\"https:\/\/autofans.com.ar\/index.php\/category\/noticias\/\" rel=\"category tag\">NOTICIAS<\/a>","tag_info":"NOTICIAS","comment_count":0,"_links":{"self":[{"href":"https:\/\/autofans.com.ar\/index.php\/wp-json\/wp\/v2\/posts\/8498","targetHints":{"allow":["GET"]}}],"collection":[{"href":"https:\/\/autofans.com.ar\/index.php\/wp-json\/wp\/v2\/posts"}],"about":[{"href":"https:\/\/autofans.com.ar\/index.php\/wp-json\/wp\/v2\/types\/post"}],"author":[{"embeddable":true,"href":"https:\/\/autofans.com.ar\/index.php\/wp-json\/wp\/v2\/users\/2"}],"replies":[{"embeddable":true,"href":"https:\/\/autofans.com.ar\/index.php\/wp-json\/wp\/v2\/comments?post=8498"}],"version-history":[{"count":1,"href":"https:\/\/autofans.com.ar\/index.php\/wp-json\/wp\/v2\/posts\/8498\/revisions"}],"predecessor-version":[{"id":8502,"href":"https:\/\/autofans.com.ar\/index.php\/wp-json\/wp\/v2\/posts\/8498\/revisions\/8502"}],"wp:featuredmedia":[{"embeddable":true,"href":"https:\/\/autofans.com.ar\/index.php\/wp-json\/wp\/v2\/media\/8500"}],"wp:attachment":[{"href":"https:\/\/autofans.com.ar\/index.php\/wp-json\/wp\/v2\/media?parent=8498"}],"wp:term":[{"taxonomy":"category","embeddable":true,"href":"https:\/\/autofans.com.ar\/index.php\/wp-json\/wp\/v2\/categories?post=8498"},{"taxonomy":"post_tag","embeddable":true,"href":"https:\/\/autofans.com.ar\/index.php\/wp-json\/wp\/v2\/tags?post=8498"}],"curies":[{"name":"wp","href":"https:\/\/api.w.org\/{rel}","templated":true}]}}