{"id":8547,"date":"2024-08-05T17:34:33","date_gmt":"2024-08-05T20:34:33","guid":{"rendered":"https:\/\/autofans.com.ar\/?p=8547"},"modified":"2024-08-05T17:51:53","modified_gmt":"2024-08-05T20:51:53","slug":"mercedes-benz-impulsa-la-formacion-de-jovenes-en-la-industria-con-truckcionar-futuro","status":"publish","type":"post","link":"https:\/\/autofans.com.ar\/index.php\/2024\/08\/05\/mercedes-benz-impulsa-la-formacion-de-jovenes-en-la-industria-con-truckcionar-futuro\/","title":{"rendered":"Mercedes-Benz impulsa la formaci\u00f3n de j\u00f3venes en la industria con TruckCionar Futuro"},"content":{"rendered":"<p>Mercedes-Benz Camiones y Buses, en colaboraci\u00f3n con la Fundaci\u00f3n Pescar y concesionarios aliados, ha lanzado la segunda edici\u00f3n del programa de becas TruckCionar Futuro. Este programa forma parte de la estrategia global de ESG de la marca, enfocada en el cuidado ambiental, compromiso social y cumplimiento normativo, buscando generar un impacto positivo en la sociedad.<\/p>\n<p>&nbsp;<\/p>\n<blockquote>\n<p style=\"text-align: center;\">Esta edici\u00f3n tiene 21 beneficiarios, 5 mujeres y 16 varones, que residen en Neuqu\u00e9n, Rosario, Mendoza, C\u00f3rdoba y Tucum\u00e1n. Josefina Furlong, Responsable de Prensa, RSE y Relaciones P\u00fablicas de Mercedes-Benz Camiones y Buses, expres\u00f3: \u201cDimos inicio a la segunda edici\u00f3n de TruckCionar Futuro, con el objetivo de lograr llegar a m\u00e1s provincias, esto refuerza nuestro compromiso con la capacitaci\u00f3n de j\u00f3venes en la industria automotriz. Este proyecto es un ejemplo del impacto positivo que puede lograrse mediante la colaboraci\u00f3n entre la empresa, sus concesionarios y la Fundaci\u00f3n Pescar.\u201d<\/p>\n<\/blockquote>\n<p>&nbsp;<\/p>\n<h2>Fundaci\u00f3n Pescar y Mercedes-Benz lanzan el segundo ciclo de TruckCionar Futuro<\/h2>\n<p>El programa comenz\u00f3 con una jornada inaugural donde 21 j\u00f3venes seleccionados fueron recibidos en los concesionarios Rolcar (Tucum\u00e1n), Truckstore (Rosario), Taraborelli (Neuqu\u00e9n), Yacopini (Maip\u00fa, Mendoza) y Colcar (C\u00f3rdoba). La Fundaci\u00f3n Pescar coordin\u00f3 las actividades, que incluyeron una introducci\u00f3n detallada del programa. Visitas guiadas y talleres interactivos con tutores y expertos del sector.<\/p>\n<p>&nbsp;<\/p>\n<div id='gallery-1' class='gallery galleryid-8547 gallery-columns-2 gallery-size-full'><figure class='gallery-item'>\n\t\t\t<div class='gallery-icon landscape'>\n\t\t\t\t<a href='https:\/\/autofans.com.ar\/index.php\/2024\/08\/05\/mercedes-benz-impulsa-la-formacion-de-jovenes-en-la-industria-con-truckcionar-futuro\/mercedes-3-19\/'><img loading=\"lazy\" width=\"1000\" height=\"667\" src=\"https:\/\/autofans.com.ar\/wp-content\/uploads\/2024\/08\/mercedes-3.jpg\" class=\"attachment-full size-full\" alt=\"TruckCionar Futuro\" srcset=\"https:\/\/autofans.com.ar\/wp-content\/uploads\/2024\/08\/mercedes-3.jpg 1000w, https:\/\/autofans.com.ar\/wp-content\/uploads\/2024\/08\/mercedes-3-300x200.jpg 300w, https:\/\/autofans.com.ar\/wp-content\/uploads\/2024\/08\/mercedes-3-768x512.jpg 768w\" sizes=\"auto, (max-width: 1000px) 100vw, 1000px\" loading=\"lazy\" decoding=\"async\" \/><\/a>\n\t\t\t<\/div><\/figure><figure class='gallery-item'>\n\t\t\t<div class='gallery-icon landscape'>\n\t\t\t\t<a href='https:\/\/autofans.com.ar\/index.php\/2024\/08\/05\/mercedes-benz-impulsa-la-formacion-de-jovenes-en-la-industria-con-truckcionar-futuro\/mercedes-2-21\/'><img loading=\"lazy\" width=\"1000\" height=\"667\" src=\"https:\/\/autofans.com.ar\/wp-content\/uploads\/2024\/08\/mercedes-2.jpg\" class=\"attachment-full size-full\" alt=\"TruckCionar Futuro\" srcset=\"https:\/\/autofans.com.ar\/wp-content\/uploads\/2024\/08\/mercedes-2.jpg 1000w, https:\/\/autofans.com.ar\/wp-content\/uploads\/2024\/08\/mercedes-2-300x200.jpg 300w, https:\/\/autofans.com.ar\/wp-content\/uploads\/2024\/08\/mercedes-2-768x512.jpg 768w\" sizes=\"auto, (max-width: 1000px) 100vw, 1000px\" loading=\"lazy\" decoding=\"async\" \/><\/a>\n\t\t\t<\/div><\/figure>\n\t\t<\/div>\n\n<p>&nbsp;<\/p>\n<p>La formaci\u00f3n, que se extender\u00e1 hasta enero de 2025, abarca diversas \u00e1reas t\u00e9cnicas y pr\u00e1cticas. Los j\u00f3venes recibir\u00e1n capacitaci\u00f3n en ventas, postventa, marketing, finanzas, log\u00edstica, limpieza y orden del taller, sustentabilidad, sistemas de seguridad de los veh\u00edculos y seguridad personal. Tambi\u00e9n se incluir\u00e1n temas como dibujo t\u00e9cnico y planos, herramientas y mediciones, motores a gasolina y di\u00e9sel, mantenimiento, electricidad b\u00e1sica, componentes el\u00e9ctricos y atenci\u00f3n al cliente, entre otros.<\/p>\n<p>&nbsp;<\/p>\n<blockquote>\n<p style=\"text-align: center;\">Silvia Uranga, Directora de la Fundaci\u00f3n Pescar, se\u00f1al\u00f3: \u201cEstamos encantados de continuar con TruckCionar Futuro y expandir nuestro impacto en nuevas regiones. Nuestro objetivo es proporcionar a los j\u00f3venes las herramientas necesarias para su crecimiento profesional y personal, contribuyendo a su formaci\u00f3n t\u00e9cnica, al desarrollo de sus habilidades socio- emocionales; y al aprendizaje y uso de nuevas tecnolog\u00edas.\u201d<\/p>\n<\/blockquote>\n<p>&nbsp;<\/p>\n<h2>Formaci\u00f3n Integral para j\u00f3venes en la industria automotriz<\/h2>\n<p>&nbsp;<\/p>\n<p><img fetchpriority=\"high\" decoding=\"async\" class=\"aligncenter wp-image-8551 size-full\" src=\"https:\/\/autofans.com.ar\/wp-content\/uploads\/2024\/08\/mercedes-1.jpg\" alt=\"TruckCionar Futuro\" width=\"1000\" height=\"667\" srcset=\"https:\/\/autofans.com.ar\/wp-content\/uploads\/2024\/08\/mercedes-1.jpg 1000w, https:\/\/autofans.com.ar\/wp-content\/uploads\/2024\/08\/mercedes-1-300x200.jpg 300w, https:\/\/autofans.com.ar\/wp-content\/uploads\/2024\/08\/mercedes-1-768x512.jpg 768w\" sizes=\"(max-width: 1000px) 100vw, 1000px\" \/><\/p>\n<p>&nbsp;<\/p>\n<p>&nbsp;<\/p>\n<p>Gracias al \u00e9xito de la primera edici\u00f3n, <a href=\"https:\/\/autofans.com.ar\/index.php\/2024\/04\/25\/mercedes-benz-camiones-y-buses-graduacion-de-los-truckcionar-futuro\/\" target=\"_blank\" rel=\"noopener\">Mercedes-Benz Camiones y Buses<\/a> decidi\u00f3 continuar con TruckCionar Futuro, ofreciendo una formaci\u00f3n integral que combina capacitaci\u00f3n t\u00e9cnica, aplicaciones pr\u00e1cticas y desarrollo de habilidades personales, con el apoyo financiero de la empresa y sus concesionarios. Esta iniciativa brinda a los j\u00f3venes una valiosa oportunidad de formaci\u00f3n en la industria automotriz.<\/p>\n<p>&nbsp;<\/p>\n<p>&nbsp;<\/p>\n<p>&nbsp;<\/p>\n<p><i>Para enterarte de m\u00e1s novedades, no dejes de leer\u00a0<\/i><a href=\"https:\/\/autofans.thebrandsoup.com\/\"><i>nuestras notas<\/i><\/a><i>, de ver<\/i><b><i>\u00a0<\/i><\/b><a href=\"https:\/\/www.youtube.com\/channel\/UCgAC8UGHZYbT6P7PpmVnP7g\"><b><i>AUTOFANS TV<\/i><\/b><\/a><b><i>\u00a0<\/i><\/b><i>en nuestro\u00a0canal de Youtube. Adem\u00e1s seguinos en\u00a0<\/i><a href=\"https:\/\/www.instagram.com\/autofanstv\/\"><i>INSTAGRAM<\/i><\/a><i> y <\/i><a href=\"https:\/\/www.facebook.com\/autofansmas\/\"><i>FACEBOOK<\/i><\/a><i> para no perderte nada sobre las novedades del segmento automotor de Argentina y el mundo.<\/i><\/p>\n","protected":false},"excerpt":{"rendered":"<p>Mercedes-Benz Camiones y Buses, en colaboraci\u00f3n con la Fundaci\u00f3n Pescar y concesionarios aliados, ha lanzado&#8230;<\/p>\n","protected":false},"author":2,"featured_media":8548,"comment_status":"closed","ping_status":"closed","sticky":false,"template":"","format":"standard","meta":{"footnotes":""},"categories":[6,16],"tags":[],"class_list":["post-8547","post","type-post","status-publish","format-standard","has-post-thumbnail","hentry","category-bizstyle","category-noticias"],"yoast_head":"<!-- This site is optimized with the Yoast SEO plugin v27.5 - https:\/\/yoast.com\/product\/yoast-seo-wordpress\/ -->\n<title>Mercedes-Benz impulsa la formaci\u00f3n de j\u00f3venes en la industria con TruckCionar Futuro -<\/title>\n<meta name=\"description\" content=\"21 j\u00f3venes inician su formaci\u00f3n en TruckCionarFuturo Descubr\u00ed todo sobre este programa de becas que ofrece una formaci\u00f3n t\u00e9cnica integral...\" \/>\n<meta name=\"robots\" content=\"index, follow, max-snippet:-1, max-image-preview:large, max-video-preview:-1\" \/>\n<link rel=\"canonical\" href=\"https:\/\/autofans.com.ar\/index.php\/2024\/08\/05\/mercedes-benz-impulsa-la-formacion-de-jovenes-en-la-industria-con-truckcionar-futuro\/\" \/>\n<meta property=\"og:locale\" content=\"es_ES\" \/>\n<meta property=\"og:type\" content=\"article\" \/>\n<meta property=\"og:title\" content=\"Mercedes-Benz impulsa la formaci\u00f3n de j\u00f3venes en la industria con TruckCionar Futuro -\" \/>\n<meta property=\"og:description\" content=\"21 j\u00f3venes inician su formaci\u00f3n en TruckCionarFuturo Descubr\u00ed todo sobre este programa de becas que ofrece una formaci\u00f3n t\u00e9cnica integral...\" \/>\n<meta property=\"og:url\" content=\"https:\/\/autofans.com.ar\/index.php\/2024\/08\/05\/mercedes-benz-impulsa-la-formacion-de-jovenes-en-la-industria-con-truckcionar-futuro\/\" \/>\n<meta property=\"article:published_time\" content=\"2024-08-05T20:34:33+00:00\" \/>\n<meta property=\"article:modified_time\" content=\"2024-08-05T20:51:53+00:00\" \/>\n<meta property=\"og:image\" content=\"https:\/\/autofans.com.ar\/wp-content\/uploads\/2024\/08\/mercedes-4.jpg\" \/>\n\t<meta property=\"og:image:width\" content=\"640\" \/>\n\t<meta property=\"og:image:height\" content=\"427\" \/>\n\t<meta property=\"og:image:type\" content=\"image\/jpeg\" \/>\n<meta name=\"author\" content=\"Alejandro Gabriel Rosito\" \/>\n<meta name=\"twitter:card\" content=\"summary_large_image\" \/>\n<meta name=\"twitter:label1\" content=\"Escrito por\" \/>\n\t<meta name=\"twitter:data1\" content=\"Alejandro Gabriel Rosito\" \/>\n\t<meta name=\"twitter:label2\" content=\"Tiempo de lectura\" \/>\n\t<meta name=\"twitter:data2\" content=\"3 minutos\" \/>\n<script type=\"application\/ld+json\" class=\"yoast-schema-graph\">{\"@context\":\"https:\\\/\\\/schema.org\",\"@graph\":[{\"@type\":\"Article\",\"@id\":\"https:\\\/\\\/autofans.com.ar\\\/index.php\\\/2024\\\/08\\\/05\\\/mercedes-benz-impulsa-la-formacion-de-jovenes-en-la-industria-con-truckcionar-futuro\\\/#article\",\"isPartOf\":{\"@id\":\"https:\\\/\\\/autofans.com.ar\\\/index.php\\\/2024\\\/08\\\/05\\\/mercedes-benz-impulsa-la-formacion-de-jovenes-en-la-industria-con-truckcionar-futuro\\\/\"},\"author\":{\"name\":\"Alejandro Gabriel Rosito\",\"@id\":\"https:\\\/\\\/autofans.com.ar\\\/#\\\/schema\\\/person\\\/4a8dda0b6df83ac3d6723e921274c2aa\"},\"headline\":\"Mercedes-Benz impulsa la formaci\u00f3n de j\u00f3venes en la industria con TruckCionar Futuro\",\"datePublished\":\"2024-08-05T20:34:33+00:00\",\"dateModified\":\"2024-08-05T20:51:53+00:00\",\"mainEntityOfPage\":{\"@id\":\"https:\\\/\\\/autofans.com.ar\\\/index.php\\\/2024\\\/08\\\/05\\\/mercedes-benz-impulsa-la-formacion-de-jovenes-en-la-industria-con-truckcionar-futuro\\\/\"},\"wordCount\":516,\"image\":{\"@id\":\"https:\\\/\\\/autofans.com.ar\\\/index.php\\\/2024\\\/08\\\/05\\\/mercedes-benz-impulsa-la-formacion-de-jovenes-en-la-industria-con-truckcionar-futuro\\\/#primaryimage\"},\"thumbnailUrl\":\"https:\\\/\\\/autofans.com.ar\\\/wp-content\\\/uploads\\\/2024\\\/08\\\/mercedes-4.jpg\",\"articleSection\":[\"BIZSTYLE\",\"NOTICIAS\"],\"inLanguage\":\"es\"},{\"@type\":\"WebPage\",\"@id\":\"https:\\\/\\\/autofans.com.ar\\\/index.php\\\/2024\\\/08\\\/05\\\/mercedes-benz-impulsa-la-formacion-de-jovenes-en-la-industria-con-truckcionar-futuro\\\/\",\"url\":\"https:\\\/\\\/autofans.com.ar\\\/index.php\\\/2024\\\/08\\\/05\\\/mercedes-benz-impulsa-la-formacion-de-jovenes-en-la-industria-con-truckcionar-futuro\\\/\",\"name\":\"Mercedes-Benz impulsa la formaci\u00f3n de j\u00f3venes en la industria con TruckCionar Futuro -\",\"isPartOf\":{\"@id\":\"https:\\\/\\\/autofans.com.ar\\\/#website\"},\"primaryImageOfPage\":{\"@id\":\"https:\\\/\\\/autofans.com.ar\\\/index.php\\\/2024\\\/08\\\/05\\\/mercedes-benz-impulsa-la-formacion-de-jovenes-en-la-industria-con-truckcionar-futuro\\\/#primaryimage\"},\"image\":{\"@id\":\"https:\\\/\\\/autofans.com.ar\\\/index.php\\\/2024\\\/08\\\/05\\\/mercedes-benz-impulsa-la-formacion-de-jovenes-en-la-industria-con-truckcionar-futuro\\\/#primaryimage\"},\"thumbnailUrl\":\"https:\\\/\\\/autofans.com.ar\\\/wp-content\\\/uploads\\\/2024\\\/08\\\/mercedes-4.jpg\",\"datePublished\":\"2024-08-05T20:34:33+00:00\",\"dateModified\":\"2024-08-05T20:51:53+00:00\",\"author\":{\"@id\":\"https:\\\/\\\/autofans.com.ar\\\/#\\\/schema\\\/person\\\/4a8dda0b6df83ac3d6723e921274c2aa\"},\"description\":\"21 j\u00f3venes inician su formaci\u00f3n en TruckCionarFuturo Descubr\u00ed todo sobre este programa de becas que ofrece una formaci\u00f3n t\u00e9cnica integral...\",\"breadcrumb\":{\"@id\":\"https:\\\/\\\/autofans.com.ar\\\/index.php\\\/2024\\\/08\\\/05\\\/mercedes-benz-impulsa-la-formacion-de-jovenes-en-la-industria-con-truckcionar-futuro\\\/#breadcrumb\"},\"inLanguage\":\"es\",\"potentialAction\":[{\"@type\":\"ReadAction\",\"target\":[\"https:\\\/\\\/autofans.com.ar\\\/index.php\\\/2024\\\/08\\\/05\\\/mercedes-benz-impulsa-la-formacion-de-jovenes-en-la-industria-con-truckcionar-futuro\\\/\"]}]},{\"@type\":\"ImageObject\",\"inLanguage\":\"es\",\"@id\":\"https:\\\/\\\/autofans.com.ar\\\/index.php\\\/2024\\\/08\\\/05\\\/mercedes-benz-impulsa-la-formacion-de-jovenes-en-la-industria-con-truckcionar-futuro\\\/#primaryimage\",\"url\":\"https:\\\/\\\/autofans.com.ar\\\/wp-content\\\/uploads\\\/2024\\\/08\\\/mercedes-4.jpg\",\"contentUrl\":\"https:\\\/\\\/autofans.com.ar\\\/wp-content\\\/uploads\\\/2024\\\/08\\\/mercedes-4.jpg\",\"width\":1000,\"height\":667,\"caption\":\"TruckCionar Futuro\"},{\"@type\":\"BreadcrumbList\",\"@id\":\"https:\\\/\\\/autofans.com.ar\\\/index.php\\\/2024\\\/08\\\/05\\\/mercedes-benz-impulsa-la-formacion-de-jovenes-en-la-industria-con-truckcionar-futuro\\\/#breadcrumb\",\"itemListElement\":[{\"@type\":\"ListItem\",\"position\":1,\"name\":\"Inicio\",\"item\":\"https:\\\/\\\/autofans.com.ar\\\/\"},{\"@type\":\"ListItem\",\"position\":2,\"name\":\"Mercedes-Benz impulsa la formaci\u00f3n de j\u00f3venes en la industria con TruckCionar Futuro\"}]},{\"@type\":\"WebSite\",\"@id\":\"https:\\\/\\\/autofans.com.ar\\\/#website\",\"url\":\"https:\\\/\\\/autofans.com.ar\\\/\",\"name\":\"\",\"description\":\"El multimedio referente de la industria automotriz\",\"potentialAction\":[{\"@type\":\"SearchAction\",\"target\":{\"@type\":\"EntryPoint\",\"urlTemplate\":\"https:\\\/\\\/autofans.com.ar\\\/?s={search_term_string}\"},\"query-input\":{\"@type\":\"PropertyValueSpecification\",\"valueRequired\":true,\"valueName\":\"search_term_string\"}}],\"inLanguage\":\"es\"},{\"@type\":\"Person\",\"@id\":\"https:\\\/\\\/autofans.com.ar\\\/#\\\/schema\\\/person\\\/4a8dda0b6df83ac3d6723e921274c2aa\",\"name\":\"Alejandro Gabriel Rosito\",\"image\":{\"@type\":\"ImageObject\",\"inLanguage\":\"es\",\"@id\":\"https:\\\/\\\/secure.gravatar.com\\\/avatar\\\/16c5dda1489adfc62618084dcbb91cffd879c374b13fe5dd8e44ed6733852c88?s=96&d=mm&r=g\",\"url\":\"https:\\\/\\\/secure.gravatar.com\\\/avatar\\\/16c5dda1489adfc62618084dcbb91cffd879c374b13fe5dd8e44ed6733852c88?s=96&d=mm&r=g\",\"contentUrl\":\"https:\\\/\\\/secure.gravatar.com\\\/avatar\\\/16c5dda1489adfc62618084dcbb91cffd879c374b13fe5dd8e44ed6733852c88?s=96&d=mm&r=g\",\"caption\":\"Alejandro Gabriel Rosito\"},\"url\":\"https:\\\/\\\/autofans.com.ar\\\/index.php\\\/author\\\/gabrielr\\\/\"}]}<\/script>\n<!-- \/ Yoast SEO plugin. -->","yoast_head_json":{"title":"Mercedes-Benz impulsa la formaci\u00f3n de j\u00f3venes en la industria con TruckCionar Futuro -","description":"21 j\u00f3venes inician su formaci\u00f3n en TruckCionarFuturo Descubr\u00ed todo sobre este programa de becas que ofrece una formaci\u00f3n t\u00e9cnica integral...","robots":{"index":"index","follow":"follow","max-snippet":"max-snippet:-1","max-image-preview":"max-image-preview:large","max-video-preview":"max-video-preview:-1"},"canonical":"https:\/\/autofans.com.ar\/index.php\/2024\/08\/05\/mercedes-benz-impulsa-la-formacion-de-jovenes-en-la-industria-con-truckcionar-futuro\/","og_locale":"es_ES","og_type":"article","og_title":"Mercedes-Benz impulsa la formaci\u00f3n de j\u00f3venes en la industria con TruckCionar Futuro -","og_description":"21 j\u00f3venes inician su formaci\u00f3n en TruckCionarFuturo Descubr\u00ed todo sobre este programa de becas que ofrece una formaci\u00f3n t\u00e9cnica integral...","og_url":"https:\/\/autofans.com.ar\/index.php\/2024\/08\/05\/mercedes-benz-impulsa-la-formacion-de-jovenes-en-la-industria-con-truckcionar-futuro\/","article_published_time":"2024-08-05T20:34:33+00:00","article_modified_time":"2024-08-05T20:51:53+00:00","og_image":[{"url":"https:\/\/autofans.com.ar\/wp-content\/uploads\/2024\/08\/mercedes-4.jpg","width":640,"height":427,"type":"image\/jpeg"}],"author":"Alejandro Gabriel Rosito","twitter_card":"summary_large_image","twitter_misc":{"Escrito por":"Alejandro Gabriel Rosito","Tiempo de lectura":"3 minutos"},"schema":{"@context":"https:\/\/schema.org","@graph":[{"@type":"Article","@id":"https:\/\/autofans.com.ar\/index.php\/2024\/08\/05\/mercedes-benz-impulsa-la-formacion-de-jovenes-en-la-industria-con-truckcionar-futuro\/#article","isPartOf":{"@id":"https:\/\/autofans.com.ar\/index.php\/2024\/08\/05\/mercedes-benz-impulsa-la-formacion-de-jovenes-en-la-industria-con-truckcionar-futuro\/"},"author":{"name":"Alejandro Gabriel Rosito","@id":"https:\/\/autofans.com.ar\/#\/schema\/person\/4a8dda0b6df83ac3d6723e921274c2aa"},"headline":"Mercedes-Benz impulsa la formaci\u00f3n de j\u00f3venes en la industria con TruckCionar Futuro","datePublished":"2024-08-05T20:34:33+00:00","dateModified":"2024-08-05T20:51:53+00:00","mainEntityOfPage":{"@id":"https:\/\/autofans.com.ar\/index.php\/2024\/08\/05\/mercedes-benz-impulsa-la-formacion-de-jovenes-en-la-industria-con-truckcionar-futuro\/"},"wordCount":516,"image":{"@id":"https:\/\/autofans.com.ar\/index.php\/2024\/08\/05\/mercedes-benz-impulsa-la-formacion-de-jovenes-en-la-industria-con-truckcionar-futuro\/#primaryimage"},"thumbnailUrl":"https:\/\/autofans.com.ar\/wp-content\/uploads\/2024\/08\/mercedes-4.jpg","articleSection":["BIZSTYLE","NOTICIAS"],"inLanguage":"es"},{"@type":"WebPage","@id":"https:\/\/autofans.com.ar\/index.php\/2024\/08\/05\/mercedes-benz-impulsa-la-formacion-de-jovenes-en-la-industria-con-truckcionar-futuro\/","url":"https:\/\/autofans.com.ar\/index.php\/2024\/08\/05\/mercedes-benz-impulsa-la-formacion-de-jovenes-en-la-industria-con-truckcionar-futuro\/","name":"Mercedes-Benz impulsa la formaci\u00f3n de j\u00f3venes en la industria con TruckCionar Futuro -","isPartOf":{"@id":"https:\/\/autofans.com.ar\/#website"},"primaryImageOfPage":{"@id":"https:\/\/autofans.com.ar\/index.php\/2024\/08\/05\/mercedes-benz-impulsa-la-formacion-de-jovenes-en-la-industria-con-truckcionar-futuro\/#primaryimage"},"image":{"@id":"https:\/\/autofans.com.ar\/index.php\/2024\/08\/05\/mercedes-benz-impulsa-la-formacion-de-jovenes-en-la-industria-con-truckcionar-futuro\/#primaryimage"},"thumbnailUrl":"https:\/\/autofans.com.ar\/wp-content\/uploads\/2024\/08\/mercedes-4.jpg","datePublished":"2024-08-05T20:34:33+00:00","dateModified":"2024-08-05T20:51:53+00:00","author":{"@id":"https:\/\/autofans.com.ar\/#\/schema\/person\/4a8dda0b6df83ac3d6723e921274c2aa"},"description":"21 j\u00f3venes inician su formaci\u00f3n en TruckCionarFuturo Descubr\u00ed todo sobre este programa de becas que ofrece una formaci\u00f3n t\u00e9cnica integral...","breadcrumb":{"@id":"https:\/\/autofans.com.ar\/index.php\/2024\/08\/05\/mercedes-benz-impulsa-la-formacion-de-jovenes-en-la-industria-con-truckcionar-futuro\/#breadcrumb"},"inLanguage":"es","potentialAction":[{"@type":"ReadAction","target":["https:\/\/autofans.com.ar\/index.php\/2024\/08\/05\/mercedes-benz-impulsa-la-formacion-de-jovenes-en-la-industria-con-truckcionar-futuro\/"]}]},{"@type":"ImageObject","inLanguage":"es","@id":"https:\/\/autofans.com.ar\/index.php\/2024\/08\/05\/mercedes-benz-impulsa-la-formacion-de-jovenes-en-la-industria-con-truckcionar-futuro\/#primaryimage","url":"https:\/\/autofans.com.ar\/wp-content\/uploads\/2024\/08\/mercedes-4.jpg","contentUrl":"https:\/\/autofans.com.ar\/wp-content\/uploads\/2024\/08\/mercedes-4.jpg","width":1000,"height":667,"caption":"TruckCionar Futuro"},{"@type":"BreadcrumbList","@id":"https:\/\/autofans.com.ar\/index.php\/2024\/08\/05\/mercedes-benz-impulsa-la-formacion-de-jovenes-en-la-industria-con-truckcionar-futuro\/#breadcrumb","itemListElement":[{"@type":"ListItem","position":1,"name":"Inicio","item":"https:\/\/autofans.com.ar\/"},{"@type":"ListItem","position":2,"name":"Mercedes-Benz impulsa la formaci\u00f3n de j\u00f3venes en la industria con TruckCionar Futuro"}]},{"@type":"WebSite","@id":"https:\/\/autofans.com.ar\/#website","url":"https:\/\/autofans.com.ar\/","name":"","description":"El multimedio referente de la industria automotriz","potentialAction":[{"@type":"SearchAction","target":{"@type":"EntryPoint","urlTemplate":"https:\/\/autofans.com.ar\/?s={search_term_string}"},"query-input":{"@type":"PropertyValueSpecification","valueRequired":true,"valueName":"search_term_string"}}],"inLanguage":"es"},{"@type":"Person","@id":"https:\/\/autofans.com.ar\/#\/schema\/person\/4a8dda0b6df83ac3d6723e921274c2aa","name":"Alejandro Gabriel Rosito","image":{"@type":"ImageObject","inLanguage":"es","@id":"https:\/\/secure.gravatar.com\/avatar\/16c5dda1489adfc62618084dcbb91cffd879c374b13fe5dd8e44ed6733852c88?s=96&d=mm&r=g","url":"https:\/\/secure.gravatar.com\/avatar\/16c5dda1489adfc62618084dcbb91cffd879c374b13fe5dd8e44ed6733852c88?s=96&d=mm&r=g","contentUrl":"https:\/\/secure.gravatar.com\/avatar\/16c5dda1489adfc62618084dcbb91cffd879c374b13fe5dd8e44ed6733852c88?s=96&d=mm&r=g","caption":"Alejandro Gabriel Rosito"},"url":"https:\/\/autofans.com.ar\/index.php\/author\/gabrielr\/"}]}},"featured_image_urls":{"full":["https:\/\/autofans.com.ar\/wp-content\/uploads\/2024\/08\/mercedes-4.jpg",1000,667,false],"thumbnail":["https:\/\/autofans.com.ar\/wp-content\/uploads\/2024\/08\/mercedes-4-150x150.jpg",150,150,true],"medium":["https:\/\/autofans.com.ar\/wp-content\/uploads\/2024\/08\/mercedes-4-300x200.jpg",300,200,true],"medium_large":["https:\/\/autofans.com.ar\/wp-content\/uploads\/2024\/08\/mercedes-4-768x512.jpg",640,427,true],"large":["https:\/\/autofans.com.ar\/wp-content\/uploads\/2024\/08\/mercedes-4.jpg",640,427,false],"1536x1536":["https:\/\/autofans.com.ar\/wp-content\/uploads\/2024\/08\/mercedes-4.jpg",1000,667,false],"2048x2048":["https:\/\/autofans.com.ar\/wp-content\/uploads\/2024\/08\/mercedes-4.jpg",1000,667,false],"covernews-featured":["https:\/\/autofans.com.ar\/wp-content\/uploads\/2024\/08\/mercedes-4.jpg",1000,667,false],"covernews-medium":["https:\/\/autofans.com.ar\/wp-content\/uploads\/2024\/08\/mercedes-4-540x340.jpg",540,340,true]},"author_info":{"display_name":"Alejandro Gabriel Rosito","author_link":"https:\/\/autofans.com.ar\/index.php\/author\/gabrielr\/"},"category_info":"<a href=\"https:\/\/autofans.com.ar\/index.php\/category\/noticias\/bizstyle\/\" rel=\"category tag\">BIZSTYLE<\/a> <a href=\"https:\/\/autofans.com.ar\/index.php\/category\/noticias\/\" rel=\"category tag\">NOTICIAS<\/a>","tag_info":"NOTICIAS","comment_count":0,"_links":{"self":[{"href":"https:\/\/autofans.com.ar\/index.php\/wp-json\/wp\/v2\/posts\/8547","targetHints":{"allow":["GET"]}}],"collection":[{"href":"https:\/\/autofans.com.ar\/index.php\/wp-json\/wp\/v2\/posts"}],"about":[{"href":"https:\/\/autofans.com.ar\/index.php\/wp-json\/wp\/v2\/types\/post"}],"author":[{"embeddable":true,"href":"https:\/\/autofans.com.ar\/index.php\/wp-json\/wp\/v2\/users\/2"}],"replies":[{"embeddable":true,"href":"https:\/\/autofans.com.ar\/index.php\/wp-json\/wp\/v2\/comments?post=8547"}],"version-history":[{"count":3,"href":"https:\/\/autofans.com.ar\/index.php\/wp-json\/wp\/v2\/posts\/8547\/revisions"}],"predecessor-version":[{"id":8553,"href":"https:\/\/autofans.com.ar\/index.php\/wp-json\/wp\/v2\/posts\/8547\/revisions\/8553"}],"wp:featuredmedia":[{"embeddable":true,"href":"https:\/\/autofans.com.ar\/index.php\/wp-json\/wp\/v2\/media\/8548"}],"wp:attachment":[{"href":"https:\/\/autofans.com.ar\/index.php\/wp-json\/wp\/v2\/media?parent=8547"}],"wp:term":[{"taxonomy":"category","embeddable":true,"href":"https:\/\/autofans.com.ar\/index.php\/wp-json\/wp\/v2\/categories?post=8547"},{"taxonomy":"post_tag","embeddable":true,"href":"https:\/\/autofans.com.ar\/index.php\/wp-json\/wp\/v2\/tags?post=8547"}],"curies":[{"name":"wp","href":"https:\/\/api.w.org\/{rel}","templated":true}]}}