{"id":8580,"date":"2024-08-07T17:04:53","date_gmt":"2024-08-07T20:04:53","guid":{"rendered":"https:\/\/autofans.com.ar\/?p=8580"},"modified":"2024-08-07T17:04:53","modified_gmt":"2024-08-07T20:04:53","slug":"el-renacimiento-del-honda-hp-x-concept","status":"publish","type":"post","link":"https:\/\/autofans.com.ar\/index.php\/2024\/08\/07\/el-renacimiento-del-honda-hp-x-concept\/","title":{"rendered":"El Renacimiento del Honda HP-X Concept"},"content":{"rendered":"<p>El Honda HP-X Concept, una maravilla del dise\u00f1o automotriz, har\u00e1 su tan esperado debut en el Concurso de Elegancia de Pebble Beach 2024. Este superdeportivo, que originalmente se present\u00f3 en el Sal\u00f3n del Autom\u00f3vil de Tur\u00edn en 1984, refleja la ambici\u00f3n de Honda de lanzar un veh\u00edculo con motor central que revolucionara el mercado.<\/p>\n<p>&nbsp;<\/p>\n<h2>Honda HP-X Concept deslumbra en Pebble Beach<\/h2>\n<p>Desarrollado en colaboraci\u00f3n con la ic\u00f3nica firma de dise\u00f1o Pininfarina, el HP-X se destaca por su perfil de cu\u00f1a espectacular y su cabina inspirada en aviones de combate. Este veh\u00edculo no solo es un testimonio de la avanzada aerodin\u00e1mica de la \u00e9poca, sino tambi\u00e9n de la capacidad de innovaci\u00f3n de Honda.<\/p>\n<p>&nbsp;<\/p>\n<p><img fetchpriority=\"high\" decoding=\"async\" class=\"aligncenter wp-image-8583 size-full\" src=\"https:\/\/autofans.com.ar\/wp-content\/uploads\/2024\/08\/honda-5.jpg\" alt=\"Honda HP-X\" width=\"1000\" height=\"667\" srcset=\"https:\/\/autofans.com.ar\/wp-content\/uploads\/2024\/08\/honda-5.jpg 1000w, https:\/\/autofans.com.ar\/wp-content\/uploads\/2024\/08\/honda-5-300x200.jpg 300w, https:\/\/autofans.com.ar\/wp-content\/uploads\/2024\/08\/honda-5-768x512.jpg 768w\" sizes=\"(max-width: 1000px) 100vw, 1000px\" \/><\/p>\n<p>&nbsp;<\/p>\n<p>La restauraci\u00f3n del HP-X se llev\u00f3 a cabo en el taller de Pininfarina en Italia, y su presentaci\u00f3n en Pebble Beach marca la primera vez en m\u00e1s de 50 a\u00f1os que un veh\u00edculo japon\u00e9s participa en este evento de renombre. Este radical concepto, que precedi\u00f3 al famoso NSX de primera generaci\u00f3n, ser\u00e1 exhibido en la clase de prototipos y autos conceptuales en forma de cu\u00f1a.<\/p>\n<p>&nbsp;<\/p>\n<h2>Un vistazo al futuro de la tecnolog\u00eda automotriz<\/h2>\n<p>El HP-X Concept emplea una aerodin\u00e1mica avanzada, incluyendo \u00abefectos de suelo\u00bb y soluciones innovadoras de refrigeraci\u00f3n para su motor V6 de 2,0 litros DOHC de 24 v\u00e1lvulas, basado en un motor de carreras Honda F2. Destaca por su cubierta de metacrilato estilo avi\u00f3n de combate, en lugar de puertas convencionales, y un carenado trasero que mejora la aerodin\u00e1mica y act\u00faa como freno de aire controlado por el conductor.<\/p>\n<p>&nbsp;<\/p>\n<div id='gallery-1' class='gallery galleryid-8580 gallery-columns-2 gallery-size-full'><figure class='gallery-item'>\n\t\t\t<div class='gallery-icon landscape'>\n\t\t\t\t<a href='https:\/\/autofans.com.ar\/index.php\/2024\/08\/07\/el-renacimiento-del-honda-hp-x-concept\/honda-3-6\/'><img loading=\"lazy\" width=\"1000\" height=\"667\" src=\"https:\/\/autofans.com.ar\/wp-content\/uploads\/2024\/08\/honda-3.jpg\" class=\"attachment-full size-full\" alt=\"Honda HP-X\" srcset=\"https:\/\/autofans.com.ar\/wp-content\/uploads\/2024\/08\/honda-3.jpg 1000w, https:\/\/autofans.com.ar\/wp-content\/uploads\/2024\/08\/honda-3-300x200.jpg 300w, https:\/\/autofans.com.ar\/wp-content\/uploads\/2024\/08\/honda-3-768x512.jpg 768w\" sizes=\"auto, (max-width: 1000px) 100vw, 1000px\" loading=\"lazy\" decoding=\"async\" \/><\/a>\n\t\t\t<\/div><\/figure><figure class='gallery-item'>\n\t\t\t<div class='gallery-icon landscape'>\n\t\t\t\t<a href='https:\/\/autofans.com.ar\/index.php\/2024\/08\/07\/el-renacimiento-del-honda-hp-x-concept\/honda-4-4\/'><img loading=\"lazy\" width=\"1000\" height=\"667\" src=\"https:\/\/autofans.com.ar\/wp-content\/uploads\/2024\/08\/honda-4.jpg\" class=\"attachment-full size-full\" alt=\"Honda HP-X\" srcset=\"https:\/\/autofans.com.ar\/wp-content\/uploads\/2024\/08\/honda-4.jpg 1000w, https:\/\/autofans.com.ar\/wp-content\/uploads\/2024\/08\/honda-4-300x200.jpg 300w, https:\/\/autofans.com.ar\/wp-content\/uploads\/2024\/08\/honda-4-768x512.jpg 768w\" sizes=\"auto, (max-width: 1000px) 100vw, 1000px\" loading=\"lazy\" decoding=\"async\" \/><\/a>\n\t\t\t<\/div><\/figure>\n\t\t<\/div>\n\n<p>&nbsp;<\/p>\n<p>El interior del HP-X tambi\u00e9n fue revolucionario, ofreciendo nuevos niveles de comodidad, ergonom\u00eda y funcionalidad gracias a una investigaci\u00f3n exhaustiva. Contaba con un \u00absistema electr\u00f3nico de asistencia a la conducci\u00f3n\u00bb que anticipaba tecnolog\u00edas como telemetr\u00eda en tiempo real, GPS y advertencias sobre el estado de la carretera, todas ahora comunes en los veh\u00edculos modernos.<\/p>\n<p>El HP-X Concept fue dise\u00f1ado para avanzar en la tecnolog\u00eda automotriz, sirviendo como un banco de pruebas para ideas y principios de ingenier\u00eda que m\u00e1s tarde se implementar\u00edan en el NSX de Honda y Acura. Este concepto innovador consolid\u00f3 su lugar en la historia del autom\u00f3vil, influyendo significativamente en los modelos posteriores.<\/p>\n<p>&nbsp;<\/p>\n<h4>Dimensiones del HP-X Concept<\/h4>\n<ul>\n<li><strong>Longitud total:<\/strong> 4,160 mm (163,8 pulgadas)<\/li>\n<li><strong>Ancho total:<\/strong> 1,780 mm (70,1 pulgadas)<\/li>\n<li><strong>Altura total:<\/strong> 1,110 mm (43,7 pulgadas)<\/li>\n<\/ul>\n<p>&nbsp;<\/p>\n<p>&nbsp;<\/p>\n<p>&nbsp;<\/p>\n<p><i>Para enterarte de m\u00e1s novedades, no dejes de leer\u00a0<\/i><a href=\"https:\/\/autofans.thebrandsoup.com\/\"><i>nuestras notas<\/i><\/a><i>, de ver<\/i><b><i>\u00a0<\/i><\/b><a href=\"https:\/\/www.youtube.com\/channel\/UCgAC8UGHZYbT6P7PpmVnP7g\"><b><i>AUTOFANS TV<\/i><\/b><\/a><b><i>\u00a0<\/i><\/b><i>en nuestro\u00a0canal de Youtube. Adem\u00e1s seguinos en\u00a0<\/i><a href=\"https:\/\/www.instagram.com\/autofanstv\/\"><i>INSTAGRAM<\/i><\/a><i> y <\/i><a href=\"https:\/\/www.facebook.com\/autofansmas\/\"><i>FACEBOOK<\/i><\/a><i> para no perderte nada sobre las novedades del segmento automotor de Argentina y el mundo.<\/i><\/p>\n","protected":false},"excerpt":{"rendered":"<p>El Honda HP-X Concept, una maravilla del dise\u00f1o automotriz, har\u00e1 su tan esperado debut en&#8230;<\/p>\n","protected":false},"author":2,"featured_media":8587,"comment_status":"closed","ping_status":"closed","sticky":false,"template":"","format":"standard","meta":{"footnotes":""},"categories":[8,16],"tags":[4577,4576,4579,4572,4573,4574,4578,4575],"class_list":["post-8580","post","type-post","status-publish","format-standard","has-post-thumbnail","hentry","category-autos-y-suv","category-noticias","tag-aerodinamica-avanzada","tag-autos-conceptuales","tag-diseno-automotriz-japones","tag-honda-hp-x-concept","tag-pebble-beach-2024","tag-pininfarina","tag-restauracion-de-autos","tag-superdeportivo-honda"],"yoast_head":"<!-- This site is optimized with the Yoast SEO plugin v27.5 - https:\/\/yoast.com\/product\/yoast-seo-wordpress\/ -->\n<title>El Renacimiento del Honda HP-X Concept -<\/title>\n<meta name=\"description\" content=\"El Honda HP-X Concept, una maravilla del dise\u00f1o automotriz, har\u00e1 su tan esperado debut en el Concurso de Elegancia de Pebble Beach 2024...\" \/>\n<meta name=\"robots\" content=\"index, follow, max-snippet:-1, max-image-preview:large, max-video-preview:-1\" \/>\n<link rel=\"canonical\" href=\"https:\/\/autofans.com.ar\/index.php\/2024\/08\/07\/el-renacimiento-del-honda-hp-x-concept\/\" \/>\n<meta property=\"og:locale\" content=\"es_ES\" \/>\n<meta property=\"og:type\" content=\"article\" \/>\n<meta property=\"og:title\" content=\"El Renacimiento del Honda HP-X Concept -\" \/>\n<meta property=\"og:description\" content=\"El Honda HP-X Concept, una maravilla del dise\u00f1o automotriz, har\u00e1 su tan esperado debut en el Concurso de Elegancia de Pebble Beach 2024...\" \/>\n<meta property=\"og:url\" content=\"https:\/\/autofans.com.ar\/index.php\/2024\/08\/07\/el-renacimiento-del-honda-hp-x-concept\/\" \/>\n<meta property=\"article:published_time\" content=\"2024-08-07T20:04:53+00:00\" \/>\n<meta property=\"og:image\" content=\"https:\/\/autofans.com.ar\/wp-content\/uploads\/2024\/08\/honda-1.jpg\" \/>\n\t<meta property=\"og:image:width\" content=\"640\" \/>\n\t<meta property=\"og:image:height\" content=\"427\" \/>\n\t<meta property=\"og:image:type\" content=\"image\/jpeg\" \/>\n<meta name=\"author\" content=\"Alejandro Gabriel Rosito\" \/>\n<meta name=\"twitter:card\" content=\"summary_large_image\" \/>\n<meta name=\"twitter:label1\" content=\"Escrito por\" \/>\n\t<meta name=\"twitter:data1\" content=\"Alejandro Gabriel Rosito\" \/>\n\t<meta name=\"twitter:label2\" content=\"Tiempo de lectura\" \/>\n\t<meta name=\"twitter:data2\" content=\"3 minutos\" \/>\n<script type=\"application\/ld+json\" class=\"yoast-schema-graph\">{\"@context\":\"https:\\\/\\\/schema.org\",\"@graph\":[{\"@type\":\"Article\",\"@id\":\"https:\\\/\\\/autofans.com.ar\\\/index.php\\\/2024\\\/08\\\/07\\\/el-renacimiento-del-honda-hp-x-concept\\\/#article\",\"isPartOf\":{\"@id\":\"https:\\\/\\\/autofans.com.ar\\\/index.php\\\/2024\\\/08\\\/07\\\/el-renacimiento-del-honda-hp-x-concept\\\/\"},\"author\":{\"name\":\"Alejandro Gabriel Rosito\",\"@id\":\"https:\\\/\\\/autofans.com.ar\\\/#\\\/schema\\\/person\\\/4a8dda0b6df83ac3d6723e921274c2aa\"},\"headline\":\"El Renacimiento del Honda HP-X Concept\",\"datePublished\":\"2024-08-07T20:04:53+00:00\",\"mainEntityOfPage\":{\"@id\":\"https:\\\/\\\/autofans.com.ar\\\/index.php\\\/2024\\\/08\\\/07\\\/el-renacimiento-del-honda-hp-x-concept\\\/\"},\"wordCount\":477,\"image\":{\"@id\":\"https:\\\/\\\/autofans.com.ar\\\/index.php\\\/2024\\\/08\\\/07\\\/el-renacimiento-del-honda-hp-x-concept\\\/#primaryimage\"},\"thumbnailUrl\":\"https:\\\/\\\/autofans.com.ar\\\/wp-content\\\/uploads\\\/2024\\\/08\\\/honda-1.jpg\",\"keywords\":[\"aerodin\u00e1mica avanzada\",\"autos conceptuales\",\"dise\u00f1o automotriz japon\u00e9s\",\"Honda HP-X Concept\",\"Pebble Beach 2024\",\"Pininfarina\",\"restauraci\u00f3n de autos\",\"superdeportivo Honda\"],\"articleSection\":[\"Autos y SUV\",\"NOTICIAS\"],\"inLanguage\":\"es\"},{\"@type\":\"WebPage\",\"@id\":\"https:\\\/\\\/autofans.com.ar\\\/index.php\\\/2024\\\/08\\\/07\\\/el-renacimiento-del-honda-hp-x-concept\\\/\",\"url\":\"https:\\\/\\\/autofans.com.ar\\\/index.php\\\/2024\\\/08\\\/07\\\/el-renacimiento-del-honda-hp-x-concept\\\/\",\"name\":\"El Renacimiento del Honda HP-X Concept -\",\"isPartOf\":{\"@id\":\"https:\\\/\\\/autofans.com.ar\\\/#website\"},\"primaryImageOfPage\":{\"@id\":\"https:\\\/\\\/autofans.com.ar\\\/index.php\\\/2024\\\/08\\\/07\\\/el-renacimiento-del-honda-hp-x-concept\\\/#primaryimage\"},\"image\":{\"@id\":\"https:\\\/\\\/autofans.com.ar\\\/index.php\\\/2024\\\/08\\\/07\\\/el-renacimiento-del-honda-hp-x-concept\\\/#primaryimage\"},\"thumbnailUrl\":\"https:\\\/\\\/autofans.com.ar\\\/wp-content\\\/uploads\\\/2024\\\/08\\\/honda-1.jpg\",\"datePublished\":\"2024-08-07T20:04:53+00:00\",\"author\":{\"@id\":\"https:\\\/\\\/autofans.com.ar\\\/#\\\/schema\\\/person\\\/4a8dda0b6df83ac3d6723e921274c2aa\"},\"description\":\"El Honda HP-X Concept, una maravilla del dise\u00f1o automotriz, har\u00e1 su tan esperado debut en el Concurso de Elegancia de Pebble Beach 2024...\",\"breadcrumb\":{\"@id\":\"https:\\\/\\\/autofans.com.ar\\\/index.php\\\/2024\\\/08\\\/07\\\/el-renacimiento-del-honda-hp-x-concept\\\/#breadcrumb\"},\"inLanguage\":\"es\",\"potentialAction\":[{\"@type\":\"ReadAction\",\"target\":[\"https:\\\/\\\/autofans.com.ar\\\/index.php\\\/2024\\\/08\\\/07\\\/el-renacimiento-del-honda-hp-x-concept\\\/\"]}]},{\"@type\":\"ImageObject\",\"inLanguage\":\"es\",\"@id\":\"https:\\\/\\\/autofans.com.ar\\\/index.php\\\/2024\\\/08\\\/07\\\/el-renacimiento-del-honda-hp-x-concept\\\/#primaryimage\",\"url\":\"https:\\\/\\\/autofans.com.ar\\\/wp-content\\\/uploads\\\/2024\\\/08\\\/honda-1.jpg\",\"contentUrl\":\"https:\\\/\\\/autofans.com.ar\\\/wp-content\\\/uploads\\\/2024\\\/08\\\/honda-1.jpg\",\"width\":1000,\"height\":667,\"caption\":\"Honda HP-X\"},{\"@type\":\"BreadcrumbList\",\"@id\":\"https:\\\/\\\/autofans.com.ar\\\/index.php\\\/2024\\\/08\\\/07\\\/el-renacimiento-del-honda-hp-x-concept\\\/#breadcrumb\",\"itemListElement\":[{\"@type\":\"ListItem\",\"position\":1,\"name\":\"Inicio\",\"item\":\"https:\\\/\\\/autofans.com.ar\\\/\"},{\"@type\":\"ListItem\",\"position\":2,\"name\":\"El Renacimiento del Honda HP-X Concept\"}]},{\"@type\":\"WebSite\",\"@id\":\"https:\\\/\\\/autofans.com.ar\\\/#website\",\"url\":\"https:\\\/\\\/autofans.com.ar\\\/\",\"name\":\"\",\"description\":\"El multimedio referente de la industria automotriz\",\"potentialAction\":[{\"@type\":\"SearchAction\",\"target\":{\"@type\":\"EntryPoint\",\"urlTemplate\":\"https:\\\/\\\/autofans.com.ar\\\/?s={search_term_string}\"},\"query-input\":{\"@type\":\"PropertyValueSpecification\",\"valueRequired\":true,\"valueName\":\"search_term_string\"}}],\"inLanguage\":\"es\"},{\"@type\":\"Person\",\"@id\":\"https:\\\/\\\/autofans.com.ar\\\/#\\\/schema\\\/person\\\/4a8dda0b6df83ac3d6723e921274c2aa\",\"name\":\"Alejandro Gabriel Rosito\",\"image\":{\"@type\":\"ImageObject\",\"inLanguage\":\"es\",\"@id\":\"https:\\\/\\\/secure.gravatar.com\\\/avatar\\\/16c5dda1489adfc62618084dcbb91cffd879c374b13fe5dd8e44ed6733852c88?s=96&d=mm&r=g\",\"url\":\"https:\\\/\\\/secure.gravatar.com\\\/avatar\\\/16c5dda1489adfc62618084dcbb91cffd879c374b13fe5dd8e44ed6733852c88?s=96&d=mm&r=g\",\"contentUrl\":\"https:\\\/\\\/secure.gravatar.com\\\/avatar\\\/16c5dda1489adfc62618084dcbb91cffd879c374b13fe5dd8e44ed6733852c88?s=96&d=mm&r=g\",\"caption\":\"Alejandro Gabriel Rosito\"},\"url\":\"https:\\\/\\\/autofans.com.ar\\\/index.php\\\/author\\\/gabrielr\\\/\"}]}<\/script>\n<!-- \/ Yoast SEO plugin. -->","yoast_head_json":{"title":"El Renacimiento del Honda HP-X Concept -","description":"El Honda HP-X Concept, una maravilla del dise\u00f1o automotriz, har\u00e1 su tan esperado debut en el Concurso de Elegancia de Pebble Beach 2024...","robots":{"index":"index","follow":"follow","max-snippet":"max-snippet:-1","max-image-preview":"max-image-preview:large","max-video-preview":"max-video-preview:-1"},"canonical":"https:\/\/autofans.com.ar\/index.php\/2024\/08\/07\/el-renacimiento-del-honda-hp-x-concept\/","og_locale":"es_ES","og_type":"article","og_title":"El Renacimiento del Honda HP-X Concept -","og_description":"El Honda HP-X Concept, una maravilla del dise\u00f1o automotriz, har\u00e1 su tan esperado debut en el Concurso de Elegancia de Pebble Beach 2024...","og_url":"https:\/\/autofans.com.ar\/index.php\/2024\/08\/07\/el-renacimiento-del-honda-hp-x-concept\/","article_published_time":"2024-08-07T20:04:53+00:00","og_image":[{"url":"https:\/\/autofans.com.ar\/wp-content\/uploads\/2024\/08\/honda-1.jpg","width":640,"height":427,"type":"image\/jpeg"}],"author":"Alejandro Gabriel Rosito","twitter_card":"summary_large_image","twitter_misc":{"Escrito por":"Alejandro Gabriel Rosito","Tiempo de lectura":"3 minutos"},"schema":{"@context":"https:\/\/schema.org","@graph":[{"@type":"Article","@id":"https:\/\/autofans.com.ar\/index.php\/2024\/08\/07\/el-renacimiento-del-honda-hp-x-concept\/#article","isPartOf":{"@id":"https:\/\/autofans.com.ar\/index.php\/2024\/08\/07\/el-renacimiento-del-honda-hp-x-concept\/"},"author":{"name":"Alejandro Gabriel Rosito","@id":"https:\/\/autofans.com.ar\/#\/schema\/person\/4a8dda0b6df83ac3d6723e921274c2aa"},"headline":"El Renacimiento del Honda HP-X Concept","datePublished":"2024-08-07T20:04:53+00:00","mainEntityOfPage":{"@id":"https:\/\/autofans.com.ar\/index.php\/2024\/08\/07\/el-renacimiento-del-honda-hp-x-concept\/"},"wordCount":477,"image":{"@id":"https:\/\/autofans.com.ar\/index.php\/2024\/08\/07\/el-renacimiento-del-honda-hp-x-concept\/#primaryimage"},"thumbnailUrl":"https:\/\/autofans.com.ar\/wp-content\/uploads\/2024\/08\/honda-1.jpg","keywords":["aerodin\u00e1mica avanzada","autos conceptuales","dise\u00f1o automotriz japon\u00e9s","Honda HP-X Concept","Pebble Beach 2024","Pininfarina","restauraci\u00f3n de autos","superdeportivo Honda"],"articleSection":["Autos y SUV","NOTICIAS"],"inLanguage":"es"},{"@type":"WebPage","@id":"https:\/\/autofans.com.ar\/index.php\/2024\/08\/07\/el-renacimiento-del-honda-hp-x-concept\/","url":"https:\/\/autofans.com.ar\/index.php\/2024\/08\/07\/el-renacimiento-del-honda-hp-x-concept\/","name":"El Renacimiento del Honda HP-X Concept -","isPartOf":{"@id":"https:\/\/autofans.com.ar\/#website"},"primaryImageOfPage":{"@id":"https:\/\/autofans.com.ar\/index.php\/2024\/08\/07\/el-renacimiento-del-honda-hp-x-concept\/#primaryimage"},"image":{"@id":"https:\/\/autofans.com.ar\/index.php\/2024\/08\/07\/el-renacimiento-del-honda-hp-x-concept\/#primaryimage"},"thumbnailUrl":"https:\/\/autofans.com.ar\/wp-content\/uploads\/2024\/08\/honda-1.jpg","datePublished":"2024-08-07T20:04:53+00:00","author":{"@id":"https:\/\/autofans.com.ar\/#\/schema\/person\/4a8dda0b6df83ac3d6723e921274c2aa"},"description":"El Honda HP-X Concept, una maravilla del dise\u00f1o automotriz, har\u00e1 su tan esperado debut en el Concurso de Elegancia de Pebble Beach 2024...","breadcrumb":{"@id":"https:\/\/autofans.com.ar\/index.php\/2024\/08\/07\/el-renacimiento-del-honda-hp-x-concept\/#breadcrumb"},"inLanguage":"es","potentialAction":[{"@type":"ReadAction","target":["https:\/\/autofans.com.ar\/index.php\/2024\/08\/07\/el-renacimiento-del-honda-hp-x-concept\/"]}]},{"@type":"ImageObject","inLanguage":"es","@id":"https:\/\/autofans.com.ar\/index.php\/2024\/08\/07\/el-renacimiento-del-honda-hp-x-concept\/#primaryimage","url":"https:\/\/autofans.com.ar\/wp-content\/uploads\/2024\/08\/honda-1.jpg","contentUrl":"https:\/\/autofans.com.ar\/wp-content\/uploads\/2024\/08\/honda-1.jpg","width":1000,"height":667,"caption":"Honda HP-X"},{"@type":"BreadcrumbList","@id":"https:\/\/autofans.com.ar\/index.php\/2024\/08\/07\/el-renacimiento-del-honda-hp-x-concept\/#breadcrumb","itemListElement":[{"@type":"ListItem","position":1,"name":"Inicio","item":"https:\/\/autofans.com.ar\/"},{"@type":"ListItem","position":2,"name":"El Renacimiento del Honda HP-X Concept"}]},{"@type":"WebSite","@id":"https:\/\/autofans.com.ar\/#website","url":"https:\/\/autofans.com.ar\/","name":"","description":"El multimedio referente de la industria automotriz","potentialAction":[{"@type":"SearchAction","target":{"@type":"EntryPoint","urlTemplate":"https:\/\/autofans.com.ar\/?s={search_term_string}"},"query-input":{"@type":"PropertyValueSpecification","valueRequired":true,"valueName":"search_term_string"}}],"inLanguage":"es"},{"@type":"Person","@id":"https:\/\/autofans.com.ar\/#\/schema\/person\/4a8dda0b6df83ac3d6723e921274c2aa","name":"Alejandro Gabriel Rosito","image":{"@type":"ImageObject","inLanguage":"es","@id":"https:\/\/secure.gravatar.com\/avatar\/16c5dda1489adfc62618084dcbb91cffd879c374b13fe5dd8e44ed6733852c88?s=96&d=mm&r=g","url":"https:\/\/secure.gravatar.com\/avatar\/16c5dda1489adfc62618084dcbb91cffd879c374b13fe5dd8e44ed6733852c88?s=96&d=mm&r=g","contentUrl":"https:\/\/secure.gravatar.com\/avatar\/16c5dda1489adfc62618084dcbb91cffd879c374b13fe5dd8e44ed6733852c88?s=96&d=mm&r=g","caption":"Alejandro Gabriel Rosito"},"url":"https:\/\/autofans.com.ar\/index.php\/author\/gabrielr\/"}]}},"featured_image_urls":{"full":["https:\/\/autofans.com.ar\/wp-content\/uploads\/2024\/08\/honda-1.jpg",1000,667,false],"thumbnail":["https:\/\/autofans.com.ar\/wp-content\/uploads\/2024\/08\/honda-1-150x150.jpg",150,150,true],"medium":["https:\/\/autofans.com.ar\/wp-content\/uploads\/2024\/08\/honda-1-300x200.jpg",300,200,true],"medium_large":["https:\/\/autofans.com.ar\/wp-content\/uploads\/2024\/08\/honda-1-768x512.jpg",640,427,true],"large":["https:\/\/autofans.com.ar\/wp-content\/uploads\/2024\/08\/honda-1.jpg",640,427,false],"1536x1536":["https:\/\/autofans.com.ar\/wp-content\/uploads\/2024\/08\/honda-1.jpg",1000,667,false],"2048x2048":["https:\/\/autofans.com.ar\/wp-content\/uploads\/2024\/08\/honda-1.jpg",1000,667,false],"covernews-featured":["https:\/\/autofans.com.ar\/wp-content\/uploads\/2024\/08\/honda-1.jpg",1000,667,false],"covernews-medium":["https:\/\/autofans.com.ar\/wp-content\/uploads\/2024\/08\/honda-1-540x340.jpg",540,340,true]},"author_info":{"display_name":"Alejandro Gabriel Rosito","author_link":"https:\/\/autofans.com.ar\/index.php\/author\/gabrielr\/"},"category_info":"<a href=\"https:\/\/autofans.com.ar\/index.php\/category\/lanzamientos\/autos-y-suv\/\" rel=\"category tag\">Autos y SUV<\/a> <a href=\"https:\/\/autofans.com.ar\/index.php\/category\/noticias\/\" rel=\"category tag\">NOTICIAS<\/a>","tag_info":"NOTICIAS","comment_count":0,"_links":{"self":[{"href":"https:\/\/autofans.com.ar\/index.php\/wp-json\/wp\/v2\/posts\/8580","targetHints":{"allow":["GET"]}}],"collection":[{"href":"https:\/\/autofans.com.ar\/index.php\/wp-json\/wp\/v2\/posts"}],"about":[{"href":"https:\/\/autofans.com.ar\/index.php\/wp-json\/wp\/v2\/types\/post"}],"author":[{"embeddable":true,"href":"https:\/\/autofans.com.ar\/index.php\/wp-json\/wp\/v2\/users\/2"}],"replies":[{"embeddable":true,"href":"https:\/\/autofans.com.ar\/index.php\/wp-json\/wp\/v2\/comments?post=8580"}],"version-history":[{"count":4,"href":"https:\/\/autofans.com.ar\/index.php\/wp-json\/wp\/v2\/posts\/8580\/revisions"}],"predecessor-version":[{"id":8589,"href":"https:\/\/autofans.com.ar\/index.php\/wp-json\/wp\/v2\/posts\/8580\/revisions\/8589"}],"wp:featuredmedia":[{"embeddable":true,"href":"https:\/\/autofans.com.ar\/index.php\/wp-json\/wp\/v2\/media\/8587"}],"wp:attachment":[{"href":"https:\/\/autofans.com.ar\/index.php\/wp-json\/wp\/v2\/media?parent=8580"}],"wp:term":[{"taxonomy":"category","embeddable":true,"href":"https:\/\/autofans.com.ar\/index.php\/wp-json\/wp\/v2\/categories?post=8580"},{"taxonomy":"post_tag","embeddable":true,"href":"https:\/\/autofans.com.ar\/index.php\/wp-json\/wp\/v2\/tags?post=8580"}],"curies":[{"name":"wp","href":"https:\/\/api.w.org\/{rel}","templated":true}]}}