{"id":8622,"date":"2024-08-09T16:00:20","date_gmt":"2024-08-09T19:00:20","guid":{"rendered":"https:\/\/autofans.com.ar\/?p=8622"},"modified":"2024-08-09T11:07:55","modified_gmt":"2024-08-09T14:07:55","slug":"la-nueva-bmw-x4-xdrive30i-lci-m-sport","status":"publish","type":"post","link":"https:\/\/autofans.com.ar\/index.php\/2024\/08\/09\/la-nueva-bmw-x4-xdrive30i-lci-m-sport\/","title":{"rendered":"La nueva BMW X4 xDrive30i LCI M Sport"},"content":{"rendered":"<p>BMW Group Argentina ampl\u00eda su portafolio con la llegada de la nueva BMW X4 xDrive30i, un modelo que se suma a la oferta de la serie X en el pa\u00eds, abarcando desde la X1 hasta la X7. Este Sport Activity Coup\u00e9 (SAC) de segunda generaci\u00f3n llega con un redise\u00f1o que refuerza su car\u00e1cter deportivo, moderniza su aspecto y a\u00f1ade un conjunto de tecnolog\u00edas avanzadas que mejoran la experiencia de conducci\u00f3n.<\/p>\n<p>&nbsp;<\/p>\n<h2>BMW X4 xDrive30i &#8211; el equilibrio perfecto entre rendimiento y dise\u00f1o innovador<\/h2>\n<p>La BMW X4 xDrive30i, fabricada en Spartanburg, Estados Unidos, se destaca por su eficiente motor BMW TwinPower Turbo de cuatro cilindros en l\u00ednea, capaz de entregar 252 cv y 350 Nm de torque. Esta mec\u00e1nica, acoplada a una transmisi\u00f3n Steptronic Sport de ocho velocidades y a la tracci\u00f3n integral BMW xDrive, permite acelerar de 0 a 100 km\/h en 6,6 segundos y alcanzar una velocidad m\u00e1xima de 240 km\/h. Estas caracter\u00edsticas posicionan a la X4 como una opci\u00f3n ideal para quienes buscan una combinaci\u00f3n de potencia y eficiencia en un formato deportivo.<\/p>\n<p>&nbsp;<\/p>\n<div id='gallery-1' class='gallery galleryid-8622 gallery-columns-2 gallery-size-full'><figure class='gallery-item'>\n\t\t\t<div class='gallery-icon landscape'>\n\t\t\t\t<a href='https:\/\/autofans.com.ar\/index.php\/2024\/08\/09\/la-nueva-bmw-x4-xdrive30i-lci-m-sport\/bmw-x4-2\/'><img loading=\"lazy\" width=\"1000\" height=\"667\" src=\"https:\/\/autofans.com.ar\/wp-content\/uploads\/2024\/08\/BMW-X4-2.jpg\" class=\"attachment-full size-full\" alt=\"BMW X4-2\" srcset=\"https:\/\/autofans.com.ar\/wp-content\/uploads\/2024\/08\/BMW-X4-2.jpg 1000w, https:\/\/autofans.com.ar\/wp-content\/uploads\/2024\/08\/BMW-X4-2-300x200.jpg 300w, https:\/\/autofans.com.ar\/wp-content\/uploads\/2024\/08\/BMW-X4-2-768x512.jpg 768w\" sizes=\"auto, (max-width: 1000px) 100vw, 1000px\" loading=\"lazy\" decoding=\"async\" \/><\/a>\n\t\t\t<\/div><\/figure><figure class='gallery-item'>\n\t\t\t<div class='gallery-icon landscape'>\n\t\t\t\t<a href='https:\/\/autofans.com.ar\/index.php\/2024\/08\/09\/la-nueva-bmw-x4-xdrive30i-lci-m-sport\/bmw-x4-3\/'><img loading=\"lazy\" width=\"1000\" height=\"667\" src=\"https:\/\/autofans.com.ar\/wp-content\/uploads\/2024\/08\/BMW-X4-3.jpg\" class=\"attachment-full size-full\" alt=\"BMW X4-3\" srcset=\"https:\/\/autofans.com.ar\/wp-content\/uploads\/2024\/08\/BMW-X4-3.jpg 1000w, https:\/\/autofans.com.ar\/wp-content\/uploads\/2024\/08\/BMW-X4-3-300x200.jpg 300w, https:\/\/autofans.com.ar\/wp-content\/uploads\/2024\/08\/BMW-X4-3-768x512.jpg 768w\" sizes=\"auto, (max-width: 1000px) 100vw, 1000px\" loading=\"lazy\" decoding=\"async\" \/><\/a>\n\t\t\t<\/div><\/figure>\n\t\t<\/div>\n\n<p>&nbsp;<\/p>\n<p>El dise\u00f1o exterior de la nueva BMW X4 presenta una parrilla distintiva con un entramado \u00fanico, paragolpes m\u00e1s robustos y \u00f3pticas LED adaptativas con una fisonom\u00eda m\u00e1s plana. El lateral mantiene los elementos cl\u00e1sicos de la gama X, como el prominente fald\u00f3n, mientras que en la parte trasera, las \u00f3pticas tridimensionales acent\u00faan el ancho del veh\u00edculo, destacando su presencia en la ruta. Adem\u00e1s, el paquete aerodin\u00e1mico M, incluido de serie en esta versi\u00f3n, a\u00f1ade llantas de aleaci\u00f3n M de 20\u201d y detalles en negro brillante que realzan su aspecto deportivo.<\/p>\n<p>&nbsp;<\/p>\n<h2>Innovaci\u00f3n tecnol\u00f3gica y seguridad avanzada en un interior de lujo<\/h2>\n<p>El interior de la X4 ha sido significativamente reformulado, centrado en la digitalizaci\u00f3n y el confort. La consola central ahora cuenta con terminaciones galvanizadas y un dise\u00f1o m\u00e1s elegante que resalta las l\u00edneas horizontales del habit\u00e1culo. Entre las caracter\u00edsticas destacadas se incluyen un techo panor\u00e1mico, butacas deportivas de regulaci\u00f3n el\u00e9ctrica, climatizador autom\u00e1tico de tres zonas y un sistema de sonido de alta definici\u00f3n con doce parlantes. La tecnolog\u00eda tambi\u00e9n est\u00e1 presente con el BMW Live Cockpit Professional, que incluye un tablero de instrumentos digital de 12,3\u201d y una pantalla central t\u00e1ctil de igual tama\u00f1o, compatible con Apple CarPlay y Android Auto. El asistente BMW Intelligent Personal, por su parte, permite controlar funciones del veh\u00edculo mediante comandos de voz, facilitando la interacci\u00f3n entre el conductor y el coche.<\/p>\n<p>&nbsp;<\/p>\n<div id='gallery-2' class='gallery galleryid-8622 gallery-columns-2 gallery-size-full'><figure class='gallery-item'>\n\t\t\t<div class='gallery-icon landscape'>\n\t\t\t\t<a href='https:\/\/autofans.com.ar\/index.php\/2024\/08\/09\/la-nueva-bmw-x4-xdrive30i-lci-m-sport\/bmw-x4-5\/'><img loading=\"lazy\" width=\"1000\" height=\"667\" src=\"https:\/\/autofans.com.ar\/wp-content\/uploads\/2024\/08\/BMW-X4-5.jpg\" class=\"attachment-full size-full\" alt=\"BMW X4-5\" srcset=\"https:\/\/autofans.com.ar\/wp-content\/uploads\/2024\/08\/BMW-X4-5.jpg 1000w, https:\/\/autofans.com.ar\/wp-content\/uploads\/2024\/08\/BMW-X4-5-300x200.jpg 300w, https:\/\/autofans.com.ar\/wp-content\/uploads\/2024\/08\/BMW-X4-5-768x512.jpg 768w\" sizes=\"auto, (max-width: 1000px) 100vw, 1000px\" loading=\"lazy\" decoding=\"async\" \/><\/a>\n\t\t\t<\/div><\/figure><figure class='gallery-item'>\n\t\t\t<div class='gallery-icon landscape'>\n\t\t\t\t<a href='https:\/\/autofans.com.ar\/index.php\/2024\/08\/09\/la-nueva-bmw-x4-xdrive30i-lci-m-sport\/bmw-x4-4\/'><img loading=\"lazy\" width=\"1000\" height=\"667\" src=\"https:\/\/autofans.com.ar\/wp-content\/uploads\/2024\/08\/BMW-X4-4.jpg\" class=\"attachment-full size-full\" alt=\"BMW X4-4\" srcset=\"https:\/\/autofans.com.ar\/wp-content\/uploads\/2024\/08\/BMW-X4-4.jpg 1000w, https:\/\/autofans.com.ar\/wp-content\/uploads\/2024\/08\/BMW-X4-4-300x200.jpg 300w, https:\/\/autofans.com.ar\/wp-content\/uploads\/2024\/08\/BMW-X4-4-768x512.jpg 768w\" sizes=\"auto, (max-width: 1000px) 100vw, 1000px\" loading=\"lazy\" decoding=\"async\" \/><\/a>\n\t\t\t<\/div><\/figure>\n\t\t<\/div>\n\n<p>&nbsp;<\/p>\n<p>En t\u00e9rminos de seguridad, la BMW X4 xDrive30i ofrece un completo paquete de dispositivos y asistencias. Entre ellos, destacan los ocho airbags distribuidos en todo el habit\u00e1culo, los controles din\u00e1micos de estabilidad y tracci\u00f3n, y un sensor de colisi\u00f3n que activa medidas de protecci\u00f3n en caso de accidente. Adem\u00e1s, el paquete Driving Assistant incluye tecnolog\u00edas como el aviso de salida de carril, el sensor de punto ciego y el frenado aut\u00f3nomo, dise\u00f1ados para prevenir accidentes y mejorar la seguridad en la conducci\u00f3n diaria. El modelo tambi\u00e9n cuenta con asistente de estacionamiento, sensores delanteros y traseros, y c\u00e1mara de marcha atr\u00e1s para facilitar las maniobras en espacios reducidos.<\/p>\n<p>&nbsp;<\/p>\n<h2>Versatilidad y estilo en el segmento mediano premium<\/h2>\n<p>La llegada de la BMW X4 completa la gama num\u00e9rica de la serie X en Argentina, ofreciendo una opci\u00f3n para cada tipo de conductor, desde la X1 m\u00e1s compacta hasta la imponente X7. Ubicada entre la BMW X2 y la BMW X6, la X4 se presenta como una alternativa equilibrada y vers\u00e1til para el segmento mediano Premium, combinando dinamismo, habitabilidad y practicidad en un solo veh\u00edculo.<\/p>\n<p>&nbsp;<\/p>\n<p><img fetchpriority=\"high\" decoding=\"async\" class=\"aligncenter wp-image-8634 size-full\" src=\"https:\/\/autofans.com.ar\/wp-content\/uploads\/2024\/08\/BMW-X4-1.jpg\" alt=\"\" width=\"1000\" height=\"667\" srcset=\"https:\/\/autofans.com.ar\/wp-content\/uploads\/2024\/08\/BMW-X4-1.jpg 1000w, https:\/\/autofans.com.ar\/wp-content\/uploads\/2024\/08\/BMW-X4-1-300x200.jpg 300w, https:\/\/autofans.com.ar\/wp-content\/uploads\/2024\/08\/BMW-X4-1-768x512.jpg 768w\" sizes=\"(max-width: 1000px) 100vw, 1000px\" \/><\/p>\n<p>&nbsp;<\/p>\n<p>La BMW X4 xDrive30i M Sport est\u00e1 disponible en los concesionarios oficiales de BMW en Argentina a un precio de USD 126.900, con una garant\u00eda de tres a\u00f1os o 200.000 kil\u00f3metros.<\/p>\n<p>&nbsp;<\/p>\n<p>&nbsp;<\/p>\n<p>&nbsp;<\/p>\n<p><i>Para enterarte de m\u00e1s novedades, no dejes de leer\u00a0<\/i><a href=\"https:\/\/autofans.thebrandsoup.com\/\"><i>nuestras notas<\/i><\/a><i>, de ver<\/i><b><i>\u00a0<\/i><\/b><a href=\"https:\/\/www.youtube.com\/channel\/UCgAC8UGHZYbT6P7PpmVnP7g\"><b><i>AUTOFANS TV<\/i><\/b><\/a><b><i>\u00a0<\/i><\/b><i>en nuestro\u00a0canal de Youtube. Adem\u00e1s seguinos en\u00a0<\/i><a href=\"https:\/\/www.instagram.com\/autofanstv\/\"><i>INSTAGRAM<\/i><\/a><i> y <\/i><a href=\"https:\/\/www.facebook.com\/autofansmas\/\"><i>FACEBOOK<\/i><\/a><i> para no perderte nada sobre las novedades del segmento automotor de Argentina y el mundo.<\/i><\/p>\n","protected":false},"excerpt":{"rendered":"<p>BMW Group Argentina ampl\u00eda su portafolio con la llegada de la nueva BMW X4 xDrive30i,&#8230;<\/p>\n","protected":false},"author":2,"featured_media":8629,"comment_status":"closed","ping_status":"closed","sticky":false,"template":"","format":"standard","meta":{"footnotes":""},"categories":[3,1],"tags":[4401,1281,2106,4599,4602,4600,4603,4601],"class_list":["post-8622","post","type-post","status-publish","format-standard","has-post-thumbnail","hentry","category-autos","category-lanzamientos","tag-autos-de-lujo","tag-autos-deportivos","tag-bmw-argentina","tag-bmw-x4","tag-serie-x-bmw","tag-sport-activity-coupe","tag-suv-premium","tag-xdrive30i"],"yoast_head":"<!-- This site is optimized with the Yoast SEO plugin v27.5 - https:\/\/yoast.com\/product\/yoast-seo-wordpress\/ -->\n<title>La nueva BMW X4 xDrive30i LCI M Sport -<\/title>\n<meta name=\"description\" content=\"BMW Group ampl\u00eda su portafolio con la llegada de la nueva BMW X4 xDrive30i, un modelo que se suma a la oferta de la serie X en el pa\u00eds...\" \/>\n<meta name=\"robots\" content=\"index, follow, max-snippet:-1, max-image-preview:large, max-video-preview:-1\" \/>\n<link rel=\"canonical\" href=\"https:\/\/autofans.com.ar\/index.php\/2024\/08\/09\/la-nueva-bmw-x4-xdrive30i-lci-m-sport\/\" \/>\n<meta property=\"og:locale\" content=\"es_ES\" \/>\n<meta property=\"og:type\" content=\"article\" \/>\n<meta property=\"og:title\" content=\"La nueva BMW X4 xDrive30i LCI M Sport -\" \/>\n<meta property=\"og:description\" content=\"BMW Group ampl\u00eda su portafolio con la llegada de la nueva BMW X4 xDrive30i, un modelo que se suma a la oferta de la serie X en el pa\u00eds...\" \/>\n<meta property=\"og:url\" content=\"https:\/\/autofans.com.ar\/index.php\/2024\/08\/09\/la-nueva-bmw-x4-xdrive30i-lci-m-sport\/\" \/>\n<meta property=\"article:published_time\" content=\"2024-08-09T19:00:20+00:00\" \/>\n<meta property=\"og:image\" content=\"https:\/\/autofans.com.ar\/wp-content\/uploads\/2024\/08\/BMW-X4-6.jpg\" \/>\n\t<meta property=\"og:image:width\" content=\"640\" \/>\n\t<meta property=\"og:image:height\" content=\"427\" \/>\n\t<meta property=\"og:image:type\" content=\"image\/jpeg\" \/>\n<meta name=\"author\" content=\"Alejandro Gabriel Rosito\" \/>\n<meta name=\"twitter:card\" content=\"summary_large_image\" \/>\n<meta name=\"twitter:label1\" content=\"Escrito por\" \/>\n\t<meta name=\"twitter:data1\" content=\"Alejandro Gabriel Rosito\" \/>\n\t<meta name=\"twitter:label2\" content=\"Tiempo de lectura\" \/>\n\t<meta name=\"twitter:data2\" content=\"4 minutos\" \/>\n<script type=\"application\/ld+json\" class=\"yoast-schema-graph\">{\"@context\":\"https:\\\/\\\/schema.org\",\"@graph\":[{\"@type\":\"Article\",\"@id\":\"https:\\\/\\\/autofans.com.ar\\\/index.php\\\/2024\\\/08\\\/09\\\/la-nueva-bmw-x4-xdrive30i-lci-m-sport\\\/#article\",\"isPartOf\":{\"@id\":\"https:\\\/\\\/autofans.com.ar\\\/index.php\\\/2024\\\/08\\\/09\\\/la-nueva-bmw-x4-xdrive30i-lci-m-sport\\\/\"},\"author\":{\"name\":\"Alejandro Gabriel Rosito\",\"@id\":\"https:\\\/\\\/autofans.com.ar\\\/#\\\/schema\\\/person\\\/4a8dda0b6df83ac3d6723e921274c2aa\"},\"headline\":\"La nueva BMW X4 xDrive30i LCI M Sport\",\"datePublished\":\"2024-08-09T19:00:20+00:00\",\"mainEntityOfPage\":{\"@id\":\"https:\\\/\\\/autofans.com.ar\\\/index.php\\\/2024\\\/08\\\/09\\\/la-nueva-bmw-x4-xdrive30i-lci-m-sport\\\/\"},\"wordCount\":755,\"image\":{\"@id\":\"https:\\\/\\\/autofans.com.ar\\\/index.php\\\/2024\\\/08\\\/09\\\/la-nueva-bmw-x4-xdrive30i-lci-m-sport\\\/#primaryimage\"},\"thumbnailUrl\":\"https:\\\/\\\/autofans.com.ar\\\/wp-content\\\/uploads\\\/2024\\\/08\\\/BMW-X4-6.jpg\",\"keywords\":[\"autos de lujo\",\"Autos deportivos\",\"BMW Argentina\",\"BMW X4\",\"Serie X BMW\",\"Sport Activity Coup\u00e9\",\"SUV Premium\",\"xDrive30i\"],\"articleSection\":[\"AUTOS y SUV\",\"LANZAMIENTOS\"],\"inLanguage\":\"es\"},{\"@type\":\"WebPage\",\"@id\":\"https:\\\/\\\/autofans.com.ar\\\/index.php\\\/2024\\\/08\\\/09\\\/la-nueva-bmw-x4-xdrive30i-lci-m-sport\\\/\",\"url\":\"https:\\\/\\\/autofans.com.ar\\\/index.php\\\/2024\\\/08\\\/09\\\/la-nueva-bmw-x4-xdrive30i-lci-m-sport\\\/\",\"name\":\"La nueva BMW X4 xDrive30i LCI M Sport -\",\"isPartOf\":{\"@id\":\"https:\\\/\\\/autofans.com.ar\\\/#website\"},\"primaryImageOfPage\":{\"@id\":\"https:\\\/\\\/autofans.com.ar\\\/index.php\\\/2024\\\/08\\\/09\\\/la-nueva-bmw-x4-xdrive30i-lci-m-sport\\\/#primaryimage\"},\"image\":{\"@id\":\"https:\\\/\\\/autofans.com.ar\\\/index.php\\\/2024\\\/08\\\/09\\\/la-nueva-bmw-x4-xdrive30i-lci-m-sport\\\/#primaryimage\"},\"thumbnailUrl\":\"https:\\\/\\\/autofans.com.ar\\\/wp-content\\\/uploads\\\/2024\\\/08\\\/BMW-X4-6.jpg\",\"datePublished\":\"2024-08-09T19:00:20+00:00\",\"author\":{\"@id\":\"https:\\\/\\\/autofans.com.ar\\\/#\\\/schema\\\/person\\\/4a8dda0b6df83ac3d6723e921274c2aa\"},\"description\":\"BMW Group ampl\u00eda su portafolio con la llegada de la nueva BMW X4 xDrive30i, un modelo que se suma a la oferta de la serie X en el pa\u00eds...\",\"breadcrumb\":{\"@id\":\"https:\\\/\\\/autofans.com.ar\\\/index.php\\\/2024\\\/08\\\/09\\\/la-nueva-bmw-x4-xdrive30i-lci-m-sport\\\/#breadcrumb\"},\"inLanguage\":\"es\",\"potentialAction\":[{\"@type\":\"ReadAction\",\"target\":[\"https:\\\/\\\/autofans.com.ar\\\/index.php\\\/2024\\\/08\\\/09\\\/la-nueva-bmw-x4-xdrive30i-lci-m-sport\\\/\"]}]},{\"@type\":\"ImageObject\",\"inLanguage\":\"es\",\"@id\":\"https:\\\/\\\/autofans.com.ar\\\/index.php\\\/2024\\\/08\\\/09\\\/la-nueva-bmw-x4-xdrive30i-lci-m-sport\\\/#primaryimage\",\"url\":\"https:\\\/\\\/autofans.com.ar\\\/wp-content\\\/uploads\\\/2024\\\/08\\\/BMW-X4-6.jpg\",\"contentUrl\":\"https:\\\/\\\/autofans.com.ar\\\/wp-content\\\/uploads\\\/2024\\\/08\\\/BMW-X4-6.jpg\",\"width\":1000,\"height\":667},{\"@type\":\"BreadcrumbList\",\"@id\":\"https:\\\/\\\/autofans.com.ar\\\/index.php\\\/2024\\\/08\\\/09\\\/la-nueva-bmw-x4-xdrive30i-lci-m-sport\\\/#breadcrumb\",\"itemListElement\":[{\"@type\":\"ListItem\",\"position\":1,\"name\":\"Inicio\",\"item\":\"https:\\\/\\\/autofans.com.ar\\\/\"},{\"@type\":\"ListItem\",\"position\":2,\"name\":\"La nueva BMW X4 xDrive30i LCI M Sport\"}]},{\"@type\":\"WebSite\",\"@id\":\"https:\\\/\\\/autofans.com.ar\\\/#website\",\"url\":\"https:\\\/\\\/autofans.com.ar\\\/\",\"name\":\"\",\"description\":\"El multimedio referente de la industria automotriz\",\"potentialAction\":[{\"@type\":\"SearchAction\",\"target\":{\"@type\":\"EntryPoint\",\"urlTemplate\":\"https:\\\/\\\/autofans.com.ar\\\/?s={search_term_string}\"},\"query-input\":{\"@type\":\"PropertyValueSpecification\",\"valueRequired\":true,\"valueName\":\"search_term_string\"}}],\"inLanguage\":\"es\"},{\"@type\":\"Person\",\"@id\":\"https:\\\/\\\/autofans.com.ar\\\/#\\\/schema\\\/person\\\/4a8dda0b6df83ac3d6723e921274c2aa\",\"name\":\"Alejandro Gabriel Rosito\",\"image\":{\"@type\":\"ImageObject\",\"inLanguage\":\"es\",\"@id\":\"https:\\\/\\\/secure.gravatar.com\\\/avatar\\\/16c5dda1489adfc62618084dcbb91cffd879c374b13fe5dd8e44ed6733852c88?s=96&d=mm&r=g\",\"url\":\"https:\\\/\\\/secure.gravatar.com\\\/avatar\\\/16c5dda1489adfc62618084dcbb91cffd879c374b13fe5dd8e44ed6733852c88?s=96&d=mm&r=g\",\"contentUrl\":\"https:\\\/\\\/secure.gravatar.com\\\/avatar\\\/16c5dda1489adfc62618084dcbb91cffd879c374b13fe5dd8e44ed6733852c88?s=96&d=mm&r=g\",\"caption\":\"Alejandro Gabriel Rosito\"},\"url\":\"https:\\\/\\\/autofans.com.ar\\\/index.php\\\/author\\\/gabrielr\\\/\"}]}<\/script>\n<!-- \/ Yoast SEO plugin. -->","yoast_head_json":{"title":"La nueva BMW X4 xDrive30i LCI M Sport -","description":"BMW Group ampl\u00eda su portafolio con la llegada de la nueva BMW X4 xDrive30i, un modelo que se suma a la oferta de la serie X en el pa\u00eds...","robots":{"index":"index","follow":"follow","max-snippet":"max-snippet:-1","max-image-preview":"max-image-preview:large","max-video-preview":"max-video-preview:-1"},"canonical":"https:\/\/autofans.com.ar\/index.php\/2024\/08\/09\/la-nueva-bmw-x4-xdrive30i-lci-m-sport\/","og_locale":"es_ES","og_type":"article","og_title":"La nueva BMW X4 xDrive30i LCI M Sport -","og_description":"BMW Group ampl\u00eda su portafolio con la llegada de la nueva BMW X4 xDrive30i, un modelo que se suma a la oferta de la serie X en el pa\u00eds...","og_url":"https:\/\/autofans.com.ar\/index.php\/2024\/08\/09\/la-nueva-bmw-x4-xdrive30i-lci-m-sport\/","article_published_time":"2024-08-09T19:00:20+00:00","og_image":[{"url":"https:\/\/autofans.com.ar\/wp-content\/uploads\/2024\/08\/BMW-X4-6.jpg","width":640,"height":427,"type":"image\/jpeg"}],"author":"Alejandro Gabriel Rosito","twitter_card":"summary_large_image","twitter_misc":{"Escrito por":"Alejandro Gabriel Rosito","Tiempo de lectura":"4 minutos"},"schema":{"@context":"https:\/\/schema.org","@graph":[{"@type":"Article","@id":"https:\/\/autofans.com.ar\/index.php\/2024\/08\/09\/la-nueva-bmw-x4-xdrive30i-lci-m-sport\/#article","isPartOf":{"@id":"https:\/\/autofans.com.ar\/index.php\/2024\/08\/09\/la-nueva-bmw-x4-xdrive30i-lci-m-sport\/"},"author":{"name":"Alejandro Gabriel Rosito","@id":"https:\/\/autofans.com.ar\/#\/schema\/person\/4a8dda0b6df83ac3d6723e921274c2aa"},"headline":"La nueva BMW X4 xDrive30i LCI M Sport","datePublished":"2024-08-09T19:00:20+00:00","mainEntityOfPage":{"@id":"https:\/\/autofans.com.ar\/index.php\/2024\/08\/09\/la-nueva-bmw-x4-xdrive30i-lci-m-sport\/"},"wordCount":755,"image":{"@id":"https:\/\/autofans.com.ar\/index.php\/2024\/08\/09\/la-nueva-bmw-x4-xdrive30i-lci-m-sport\/#primaryimage"},"thumbnailUrl":"https:\/\/autofans.com.ar\/wp-content\/uploads\/2024\/08\/BMW-X4-6.jpg","keywords":["autos de lujo","Autos deportivos","BMW Argentina","BMW X4","Serie X BMW","Sport Activity Coup\u00e9","SUV Premium","xDrive30i"],"articleSection":["AUTOS y SUV","LANZAMIENTOS"],"inLanguage":"es"},{"@type":"WebPage","@id":"https:\/\/autofans.com.ar\/index.php\/2024\/08\/09\/la-nueva-bmw-x4-xdrive30i-lci-m-sport\/","url":"https:\/\/autofans.com.ar\/index.php\/2024\/08\/09\/la-nueva-bmw-x4-xdrive30i-lci-m-sport\/","name":"La nueva BMW X4 xDrive30i LCI M Sport -","isPartOf":{"@id":"https:\/\/autofans.com.ar\/#website"},"primaryImageOfPage":{"@id":"https:\/\/autofans.com.ar\/index.php\/2024\/08\/09\/la-nueva-bmw-x4-xdrive30i-lci-m-sport\/#primaryimage"},"image":{"@id":"https:\/\/autofans.com.ar\/index.php\/2024\/08\/09\/la-nueva-bmw-x4-xdrive30i-lci-m-sport\/#primaryimage"},"thumbnailUrl":"https:\/\/autofans.com.ar\/wp-content\/uploads\/2024\/08\/BMW-X4-6.jpg","datePublished":"2024-08-09T19:00:20+00:00","author":{"@id":"https:\/\/autofans.com.ar\/#\/schema\/person\/4a8dda0b6df83ac3d6723e921274c2aa"},"description":"BMW Group ampl\u00eda su portafolio con la llegada de la nueva BMW X4 xDrive30i, un modelo que se suma a la oferta de la serie X en el pa\u00eds...","breadcrumb":{"@id":"https:\/\/autofans.com.ar\/index.php\/2024\/08\/09\/la-nueva-bmw-x4-xdrive30i-lci-m-sport\/#breadcrumb"},"inLanguage":"es","potentialAction":[{"@type":"ReadAction","target":["https:\/\/autofans.com.ar\/index.php\/2024\/08\/09\/la-nueva-bmw-x4-xdrive30i-lci-m-sport\/"]}]},{"@type":"ImageObject","inLanguage":"es","@id":"https:\/\/autofans.com.ar\/index.php\/2024\/08\/09\/la-nueva-bmw-x4-xdrive30i-lci-m-sport\/#primaryimage","url":"https:\/\/autofans.com.ar\/wp-content\/uploads\/2024\/08\/BMW-X4-6.jpg","contentUrl":"https:\/\/autofans.com.ar\/wp-content\/uploads\/2024\/08\/BMW-X4-6.jpg","width":1000,"height":667},{"@type":"BreadcrumbList","@id":"https:\/\/autofans.com.ar\/index.php\/2024\/08\/09\/la-nueva-bmw-x4-xdrive30i-lci-m-sport\/#breadcrumb","itemListElement":[{"@type":"ListItem","position":1,"name":"Inicio","item":"https:\/\/autofans.com.ar\/"},{"@type":"ListItem","position":2,"name":"La nueva BMW X4 xDrive30i LCI M Sport"}]},{"@type":"WebSite","@id":"https:\/\/autofans.com.ar\/#website","url":"https:\/\/autofans.com.ar\/","name":"","description":"El multimedio referente de la industria automotriz","potentialAction":[{"@type":"SearchAction","target":{"@type":"EntryPoint","urlTemplate":"https:\/\/autofans.com.ar\/?s={search_term_string}"},"query-input":{"@type":"PropertyValueSpecification","valueRequired":true,"valueName":"search_term_string"}}],"inLanguage":"es"},{"@type":"Person","@id":"https:\/\/autofans.com.ar\/#\/schema\/person\/4a8dda0b6df83ac3d6723e921274c2aa","name":"Alejandro Gabriel Rosito","image":{"@type":"ImageObject","inLanguage":"es","@id":"https:\/\/secure.gravatar.com\/avatar\/16c5dda1489adfc62618084dcbb91cffd879c374b13fe5dd8e44ed6733852c88?s=96&d=mm&r=g","url":"https:\/\/secure.gravatar.com\/avatar\/16c5dda1489adfc62618084dcbb91cffd879c374b13fe5dd8e44ed6733852c88?s=96&d=mm&r=g","contentUrl":"https:\/\/secure.gravatar.com\/avatar\/16c5dda1489adfc62618084dcbb91cffd879c374b13fe5dd8e44ed6733852c88?s=96&d=mm&r=g","caption":"Alejandro Gabriel Rosito"},"url":"https:\/\/autofans.com.ar\/index.php\/author\/gabrielr\/"}]}},"featured_image_urls":{"full":["https:\/\/autofans.com.ar\/wp-content\/uploads\/2024\/08\/BMW-X4-6.jpg",1000,667,false],"thumbnail":["https:\/\/autofans.com.ar\/wp-content\/uploads\/2024\/08\/BMW-X4-6-150x150.jpg",150,150,true],"medium":["https:\/\/autofans.com.ar\/wp-content\/uploads\/2024\/08\/BMW-X4-6-300x200.jpg",300,200,true],"medium_large":["https:\/\/autofans.com.ar\/wp-content\/uploads\/2024\/08\/BMW-X4-6-768x512.jpg",640,427,true],"large":["https:\/\/autofans.com.ar\/wp-content\/uploads\/2024\/08\/BMW-X4-6.jpg",640,427,false],"1536x1536":["https:\/\/autofans.com.ar\/wp-content\/uploads\/2024\/08\/BMW-X4-6.jpg",1000,667,false],"2048x2048":["https:\/\/autofans.com.ar\/wp-content\/uploads\/2024\/08\/BMW-X4-6.jpg",1000,667,false],"covernews-featured":["https:\/\/autofans.com.ar\/wp-content\/uploads\/2024\/08\/BMW-X4-6.jpg",1000,667,false],"covernews-medium":["https:\/\/autofans.com.ar\/wp-content\/uploads\/2024\/08\/BMW-X4-6-540x340.jpg",540,340,true]},"author_info":{"display_name":"Alejandro Gabriel Rosito","author_link":"https:\/\/autofans.com.ar\/index.php\/author\/gabrielr\/"},"category_info":"<a href=\"https:\/\/autofans.com.ar\/index.php\/category\/noticias\/autos\/\" rel=\"category tag\">AUTOS y SUV<\/a> <a href=\"https:\/\/autofans.com.ar\/index.php\/category\/lanzamientos\/\" rel=\"category tag\">LANZAMIENTOS<\/a>","tag_info":"LANZAMIENTOS","comment_count":0,"_links":{"self":[{"href":"https:\/\/autofans.com.ar\/index.php\/wp-json\/wp\/v2\/posts\/8622","targetHints":{"allow":["GET"]}}],"collection":[{"href":"https:\/\/autofans.com.ar\/index.php\/wp-json\/wp\/v2\/posts"}],"about":[{"href":"https:\/\/autofans.com.ar\/index.php\/wp-json\/wp\/v2\/types\/post"}],"author":[{"embeddable":true,"href":"https:\/\/autofans.com.ar\/index.php\/wp-json\/wp\/v2\/users\/2"}],"replies":[{"embeddable":true,"href":"https:\/\/autofans.com.ar\/index.php\/wp-json\/wp\/v2\/comments?post=8622"}],"version-history":[{"count":1,"href":"https:\/\/autofans.com.ar\/index.php\/wp-json\/wp\/v2\/posts\/8622\/revisions"}],"predecessor-version":[{"id":8635,"href":"https:\/\/autofans.com.ar\/index.php\/wp-json\/wp\/v2\/posts\/8622\/revisions\/8635"}],"wp:featuredmedia":[{"embeddable":true,"href":"https:\/\/autofans.com.ar\/index.php\/wp-json\/wp\/v2\/media\/8629"}],"wp:attachment":[{"href":"https:\/\/autofans.com.ar\/index.php\/wp-json\/wp\/v2\/media?parent=8622"}],"wp:term":[{"taxonomy":"category","embeddable":true,"href":"https:\/\/autofans.com.ar\/index.php\/wp-json\/wp\/v2\/categories?post=8622"},{"taxonomy":"post_tag","embeddable":true,"href":"https:\/\/autofans.com.ar\/index.php\/wp-json\/wp\/v2\/tags?post=8622"}],"curies":[{"name":"wp","href":"https:\/\/api.w.org\/{rel}","templated":true}]}}