{"id":8636,"date":"2024-08-12T17:13:22","date_gmt":"2024-08-12T20:13:22","guid":{"rendered":"https:\/\/autofans.com.ar\/?p=8636"},"modified":"2024-08-12T17:13:22","modified_gmt":"2024-08-12T20:13:22","slug":"comienza-el-xxi-gran-premio-argentino-historico","status":"publish","type":"post","link":"https:\/\/autofans.com.ar\/index.php\/2024\/08\/12\/comienza-el-xxi-gran-premio-argentino-historico\/","title":{"rendered":"Comienza el XXI Gran Premio Argentino Hist\u00f3rico"},"content":{"rendered":"<p>Hace unas horas se llev\u00f3 a cabo la conferencia de prensa para lanzar la XXI edici\u00f3n del Gran Premio Argentino Hist\u00f3rico en el sal\u00f3n del 9\u00b0 piso de la Sede Central, ubicada en Av. del Libertador 1.850. Durante el evento, se revel\u00f3 el recorrido que seguir\u00e1 la caravana de veh\u00edculos hist\u00f3ricos.<\/p>\n<p>&nbsp;<\/p>\n<h2>El gran premio argentino hist\u00f3rico inicia el 18 de octubre<\/h2>\n<p>La carrera iniciar\u00e1 el 18 de octubre en la Sede Central del Autom\u00f3vil Club Argentino (ACA) con una exposici\u00f3n de los veh\u00edculos en el parque cerrado frente al Club. El primer tramo los llevar\u00e1 a Jun\u00edn, y al d\u00eda siguiente continuar\u00e1n hacia Santa Rosa, La Pampa, para luego dirigirse a Neuqu\u00e9n. Desde all\u00ed, la caravana partir\u00e1 hacia San Mart\u00edn de los Andes, donde se tomar\u00e1 un d\u00eda de descanso. El regreso a Neuqu\u00e9n marcar\u00e1 el inicio del tramo hacia Bah\u00eda Blanca, Provincia de Buenos Aires. Finalmente, el \u00faltimo recorrido ser\u00e1 de Bah\u00eda Blanca a Mar del Plata, donde culminar\u00e1 la carrera con la ceremonia de premiaci\u00f3n.<\/p>\n<p>&nbsp;<\/p>\n<p><img fetchpriority=\"high\" decoding=\"async\" class=\"aligncenter wp-image-8637 size-full\" src=\"https:\/\/autofans.com.ar\/wp-content\/uploads\/2024\/08\/premio-4.jpg\" alt=\"Gran Premio Argentino\" width=\"1000\" height=\"667\" srcset=\"https:\/\/autofans.com.ar\/wp-content\/uploads\/2024\/08\/premio-4.jpg 1000w, https:\/\/autofans.com.ar\/wp-content\/uploads\/2024\/08\/premio-4-300x200.jpg 300w, https:\/\/autofans.com.ar\/wp-content\/uploads\/2024\/08\/premio-4-768x512.jpg 768w\" sizes=\"(max-width: 1000px) 100vw, 1000px\" \/><\/p>\n<p>&nbsp;<\/p>\n<p>Durante la conferencia, tambi\u00e9n se destacaron las diferentes categor\u00edas que participar\u00e1n en la prueba, junto con un panel de destacados invitados que acompa\u00f1aron el evento.<\/p>\n<p>&nbsp;<\/p>\n<figure id=\"attachment_8638\" aria-describedby=\"caption-attachment-8638\" style=\"width: 1000px\" class=\"wp-caption aligncenter\"><img decoding=\"async\" class=\"wp-image-8638 size-full\" src=\"https:\/\/autofans.com.ar\/wp-content\/uploads\/2024\/08\/premio-3.jpg\" alt=\"Gran Premio Argentino\" width=\"1000\" height=\"667\" srcset=\"https:\/\/autofans.com.ar\/wp-content\/uploads\/2024\/08\/premio-3.jpg 1000w, https:\/\/autofans.com.ar\/wp-content\/uploads\/2024\/08\/premio-3-300x200.jpg 300w, https:\/\/autofans.com.ar\/wp-content\/uploads\/2024\/08\/premio-3-768x512.jpg 768w\" sizes=\"(max-width: 1000px) 100vw, 1000px\" \/><figcaption id=\"caption-attachment-8638\" class=\"wp-caption-text\">De izquierda a derecha: Valeria Mendez, Directora de Turismo de Mar del Plata; Federico Susbielles, intendente de Bah\u00eda Blanca; Sandra Rey, diputada CABA; Jorge Revello, Vicepresidente 2\u00b0ACA y presidente de comit\u00e9 organizador GPAH; Carlos Gonz\u00e1lez Cambaceres, Vicepresidente 1\u00b0 ACA; Facundo Barrea Casal, Gerente comercial de Retail, regi\u00f3n Metro YPF; Mat\u00edas Lacoste, Director comercial corporativo y de alianzas de La Caja; Sof\u00eda Zadara, directora ejecutiva de Caritas Argentina.<\/figcaption><\/figure>\n<p>&nbsp;<\/p>\n<p>El 09 del agosto a las 8 hs se abri\u00f3 la preinscripci\u00f3n para participar en el evento. Los interesados podr\u00e1n inscribirse en la web oficial del Gran Premio Argentino Hist\u00f3rico hasta el 18 de agosto a las 20 hs.<\/p>\n<p>&nbsp;<\/p>\n<p>&nbsp;<\/p>\n<p><i>Para enterarte de m\u00e1s novedades, no dejes de leer\u00a0<\/i><a href=\"https:\/\/autofans.thebrandsoup.com\/\"><i>nuestras notas<\/i><\/a><i>, de ver<\/i><b><i>\u00a0<\/i><\/b><a href=\"https:\/\/www.youtube.com\/channel\/UCgAC8UGHZYbT6P7PpmVnP7g\"><b><i>AUTOFANS TV<\/i><\/b><\/a><b><i>\u00a0<\/i><\/b><i>en nuestro\u00a0canal de Youtube. Adem\u00e1s seguinos en\u00a0<\/i><a href=\"https:\/\/www.instagram.com\/autofanstv\/\"><i>INSTAGRAM<\/i><\/a><i> y <\/i><a href=\"https:\/\/www.facebook.com\/autofansmas\/\"><i>FACEBOOK<\/i><\/a><i> para no perderte nada sobre las novedades del segmento automotor de Argentina y el mundo.<\/i><\/p>\n","protected":false},"excerpt":{"rendered":"<p>Hace unas horas se llev\u00f3 a cabo la conferencia de prensa para lanzar la XXI&#8230;<\/p>\n","protected":false},"author":2,"featured_media":8639,"comment_status":"closed","ping_status":"closed","sticky":false,"template":"","format":"standard","meta":{"footnotes":""},"categories":[127,16],"tags":[2103,4606,2095,4605,4604],"class_list":["post-8636","post","type-post","status-publish","format-standard","has-post-thumbnail","hentry","category-deporte","category-noticias","tag-automovil-club-argentino","tag-carrera-de-vehiculos-historicos","tag-gran-premio-argentino-historico","tag-recorrido-gran-premio-historico","tag-xxi-edicion"],"yoast_head":"<!-- This site is optimized with the Yoast SEO plugin v27.5 - https:\/\/yoast.com\/product\/yoast-seo-wordpress\/ -->\n<title>Comienza el XXI Gran Premio Argentino Hist\u00f3rico -<\/title>\n<meta name=\"description\" content=\"Se llev\u00f3 a cabo la conferencia de prensa para lanzar la XXI edici\u00f3n del Gran Premio Argentino Hist\u00f3rico en el sal\u00f3n del 9\u00b0 piso...\" \/>\n<meta name=\"robots\" content=\"index, follow, max-snippet:-1, max-image-preview:large, max-video-preview:-1\" \/>\n<link rel=\"canonical\" href=\"https:\/\/autofans.com.ar\/index.php\/2024\/08\/12\/comienza-el-xxi-gran-premio-argentino-historico\/\" \/>\n<meta property=\"og:locale\" content=\"es_ES\" \/>\n<meta property=\"og:type\" content=\"article\" \/>\n<meta property=\"og:title\" content=\"Comienza el XXI Gran Premio Argentino Hist\u00f3rico -\" \/>\n<meta property=\"og:description\" content=\"Se llev\u00f3 a cabo la conferencia de prensa para lanzar la XXI edici\u00f3n del Gran Premio Argentino Hist\u00f3rico en el sal\u00f3n del 9\u00b0 piso...\" \/>\n<meta property=\"og:url\" content=\"https:\/\/autofans.com.ar\/index.php\/2024\/08\/12\/comienza-el-xxi-gran-premio-argentino-historico\/\" \/>\n<meta property=\"article:published_time\" content=\"2024-08-12T20:13:22+00:00\" \/>\n<meta property=\"og:image\" content=\"https:\/\/autofans.com.ar\/wp-content\/uploads\/2024\/08\/premio-2.jpg\" \/>\n\t<meta property=\"og:image:width\" content=\"640\" \/>\n\t<meta property=\"og:image:height\" content=\"427\" \/>\n\t<meta property=\"og:image:type\" content=\"image\/jpeg\" \/>\n<meta name=\"author\" content=\"Alejandro Gabriel Rosito\" \/>\n<meta name=\"twitter:card\" content=\"summary_large_image\" \/>\n<meta name=\"twitter:label1\" content=\"Escrito por\" \/>\n\t<meta name=\"twitter:data1\" content=\"Alejandro Gabriel Rosito\" \/>\n\t<meta name=\"twitter:label2\" content=\"Tiempo de lectura\" \/>\n\t<meta name=\"twitter:data2\" content=\"3 minutos\" \/>\n<script type=\"application\/ld+json\" class=\"yoast-schema-graph\">{\"@context\":\"https:\\\/\\\/schema.org\",\"@graph\":[{\"@type\":\"Article\",\"@id\":\"https:\\\/\\\/autofans.com.ar\\\/index.php\\\/2024\\\/08\\\/12\\\/comienza-el-xxi-gran-premio-argentino-historico\\\/#article\",\"isPartOf\":{\"@id\":\"https:\\\/\\\/autofans.com.ar\\\/index.php\\\/2024\\\/08\\\/12\\\/comienza-el-xxi-gran-premio-argentino-historico\\\/\"},\"author\":{\"name\":\"Alejandro Gabriel Rosito\",\"@id\":\"https:\\\/\\\/autofans.com.ar\\\/#\\\/schema\\\/person\\\/4a8dda0b6df83ac3d6723e921274c2aa\"},\"headline\":\"Comienza el XXI Gran Premio Argentino Hist\u00f3rico\",\"datePublished\":\"2024-08-12T20:13:22+00:00\",\"mainEntityOfPage\":{\"@id\":\"https:\\\/\\\/autofans.com.ar\\\/index.php\\\/2024\\\/08\\\/12\\\/comienza-el-xxi-gran-premio-argentino-historico\\\/\"},\"wordCount\":385,\"image\":{\"@id\":\"https:\\\/\\\/autofans.com.ar\\\/index.php\\\/2024\\\/08\\\/12\\\/comienza-el-xxi-gran-premio-argentino-historico\\\/#primaryimage\"},\"thumbnailUrl\":\"https:\\\/\\\/autofans.com.ar\\\/wp-content\\\/uploads\\\/2024\\\/08\\\/premio-2.jpg\",\"keywords\":[\"Automovil Club Argentino\",\"carrera de veh\u00edculos hist\u00f3ricos\",\"Gran Premio Argentino Hist\u00f3rico\",\"recorrido Gran Premio Hist\u00f3rico\",\"XXI edici\u00f3n\"],\"articleSection\":[\"DEPORTE MOTOR\",\"NOTICIAS\"],\"inLanguage\":\"es\"},{\"@type\":\"WebPage\",\"@id\":\"https:\\\/\\\/autofans.com.ar\\\/index.php\\\/2024\\\/08\\\/12\\\/comienza-el-xxi-gran-premio-argentino-historico\\\/\",\"url\":\"https:\\\/\\\/autofans.com.ar\\\/index.php\\\/2024\\\/08\\\/12\\\/comienza-el-xxi-gran-premio-argentino-historico\\\/\",\"name\":\"Comienza el XXI Gran Premio Argentino Hist\u00f3rico -\",\"isPartOf\":{\"@id\":\"https:\\\/\\\/autofans.com.ar\\\/#website\"},\"primaryImageOfPage\":{\"@id\":\"https:\\\/\\\/autofans.com.ar\\\/index.php\\\/2024\\\/08\\\/12\\\/comienza-el-xxi-gran-premio-argentino-historico\\\/#primaryimage\"},\"image\":{\"@id\":\"https:\\\/\\\/autofans.com.ar\\\/index.php\\\/2024\\\/08\\\/12\\\/comienza-el-xxi-gran-premio-argentino-historico\\\/#primaryimage\"},\"thumbnailUrl\":\"https:\\\/\\\/autofans.com.ar\\\/wp-content\\\/uploads\\\/2024\\\/08\\\/premio-2.jpg\",\"datePublished\":\"2024-08-12T20:13:22+00:00\",\"author\":{\"@id\":\"https:\\\/\\\/autofans.com.ar\\\/#\\\/schema\\\/person\\\/4a8dda0b6df83ac3d6723e921274c2aa\"},\"description\":\"Se llev\u00f3 a cabo la conferencia de prensa para lanzar la XXI edici\u00f3n del Gran Premio Argentino Hist\u00f3rico en el sal\u00f3n del 9\u00b0 piso...\",\"breadcrumb\":{\"@id\":\"https:\\\/\\\/autofans.com.ar\\\/index.php\\\/2024\\\/08\\\/12\\\/comienza-el-xxi-gran-premio-argentino-historico\\\/#breadcrumb\"},\"inLanguage\":\"es\",\"potentialAction\":[{\"@type\":\"ReadAction\",\"target\":[\"https:\\\/\\\/autofans.com.ar\\\/index.php\\\/2024\\\/08\\\/12\\\/comienza-el-xxi-gran-premio-argentino-historico\\\/\"]}]},{\"@type\":\"ImageObject\",\"inLanguage\":\"es\",\"@id\":\"https:\\\/\\\/autofans.com.ar\\\/index.php\\\/2024\\\/08\\\/12\\\/comienza-el-xxi-gran-premio-argentino-historico\\\/#primaryimage\",\"url\":\"https:\\\/\\\/autofans.com.ar\\\/wp-content\\\/uploads\\\/2024\\\/08\\\/premio-2.jpg\",\"contentUrl\":\"https:\\\/\\\/autofans.com.ar\\\/wp-content\\\/uploads\\\/2024\\\/08\\\/premio-2.jpg\",\"width\":1000,\"height\":667,\"caption\":\"Gran Premio Argentino\"},{\"@type\":\"BreadcrumbList\",\"@id\":\"https:\\\/\\\/autofans.com.ar\\\/index.php\\\/2024\\\/08\\\/12\\\/comienza-el-xxi-gran-premio-argentino-historico\\\/#breadcrumb\",\"itemListElement\":[{\"@type\":\"ListItem\",\"position\":1,\"name\":\"Inicio\",\"item\":\"https:\\\/\\\/autofans.com.ar\\\/\"},{\"@type\":\"ListItem\",\"position\":2,\"name\":\"Comienza el XXI Gran Premio Argentino Hist\u00f3rico\"}]},{\"@type\":\"WebSite\",\"@id\":\"https:\\\/\\\/autofans.com.ar\\\/#website\",\"url\":\"https:\\\/\\\/autofans.com.ar\\\/\",\"name\":\"\",\"description\":\"El multimedio referente de la industria automotriz\",\"potentialAction\":[{\"@type\":\"SearchAction\",\"target\":{\"@type\":\"EntryPoint\",\"urlTemplate\":\"https:\\\/\\\/autofans.com.ar\\\/?s={search_term_string}\"},\"query-input\":{\"@type\":\"PropertyValueSpecification\",\"valueRequired\":true,\"valueName\":\"search_term_string\"}}],\"inLanguage\":\"es\"},{\"@type\":\"Person\",\"@id\":\"https:\\\/\\\/autofans.com.ar\\\/#\\\/schema\\\/person\\\/4a8dda0b6df83ac3d6723e921274c2aa\",\"name\":\"Alejandro Gabriel Rosito\",\"image\":{\"@type\":\"ImageObject\",\"inLanguage\":\"es\",\"@id\":\"https:\\\/\\\/secure.gravatar.com\\\/avatar\\\/16c5dda1489adfc62618084dcbb91cffd879c374b13fe5dd8e44ed6733852c88?s=96&d=mm&r=g\",\"url\":\"https:\\\/\\\/secure.gravatar.com\\\/avatar\\\/16c5dda1489adfc62618084dcbb91cffd879c374b13fe5dd8e44ed6733852c88?s=96&d=mm&r=g\",\"contentUrl\":\"https:\\\/\\\/secure.gravatar.com\\\/avatar\\\/16c5dda1489adfc62618084dcbb91cffd879c374b13fe5dd8e44ed6733852c88?s=96&d=mm&r=g\",\"caption\":\"Alejandro Gabriel Rosito\"},\"url\":\"https:\\\/\\\/autofans.com.ar\\\/index.php\\\/author\\\/gabrielr\\\/\"}]}<\/script>\n<!-- \/ Yoast SEO plugin. -->","yoast_head_json":{"title":"Comienza el XXI Gran Premio Argentino Hist\u00f3rico -","description":"Se llev\u00f3 a cabo la conferencia de prensa para lanzar la XXI edici\u00f3n del Gran Premio Argentino Hist\u00f3rico en el sal\u00f3n del 9\u00b0 piso...","robots":{"index":"index","follow":"follow","max-snippet":"max-snippet:-1","max-image-preview":"max-image-preview:large","max-video-preview":"max-video-preview:-1"},"canonical":"https:\/\/autofans.com.ar\/index.php\/2024\/08\/12\/comienza-el-xxi-gran-premio-argentino-historico\/","og_locale":"es_ES","og_type":"article","og_title":"Comienza el XXI Gran Premio Argentino Hist\u00f3rico -","og_description":"Se llev\u00f3 a cabo la conferencia de prensa para lanzar la XXI edici\u00f3n del Gran Premio Argentino Hist\u00f3rico en el sal\u00f3n del 9\u00b0 piso...","og_url":"https:\/\/autofans.com.ar\/index.php\/2024\/08\/12\/comienza-el-xxi-gran-premio-argentino-historico\/","article_published_time":"2024-08-12T20:13:22+00:00","og_image":[{"url":"https:\/\/autofans.com.ar\/wp-content\/uploads\/2024\/08\/premio-2.jpg","width":640,"height":427,"type":"image\/jpeg"}],"author":"Alejandro Gabriel Rosito","twitter_card":"summary_large_image","twitter_misc":{"Escrito por":"Alejandro Gabriel Rosito","Tiempo de lectura":"3 minutos"},"schema":{"@context":"https:\/\/schema.org","@graph":[{"@type":"Article","@id":"https:\/\/autofans.com.ar\/index.php\/2024\/08\/12\/comienza-el-xxi-gran-premio-argentino-historico\/#article","isPartOf":{"@id":"https:\/\/autofans.com.ar\/index.php\/2024\/08\/12\/comienza-el-xxi-gran-premio-argentino-historico\/"},"author":{"name":"Alejandro Gabriel Rosito","@id":"https:\/\/autofans.com.ar\/#\/schema\/person\/4a8dda0b6df83ac3d6723e921274c2aa"},"headline":"Comienza el XXI Gran Premio Argentino Hist\u00f3rico","datePublished":"2024-08-12T20:13:22+00:00","mainEntityOfPage":{"@id":"https:\/\/autofans.com.ar\/index.php\/2024\/08\/12\/comienza-el-xxi-gran-premio-argentino-historico\/"},"wordCount":385,"image":{"@id":"https:\/\/autofans.com.ar\/index.php\/2024\/08\/12\/comienza-el-xxi-gran-premio-argentino-historico\/#primaryimage"},"thumbnailUrl":"https:\/\/autofans.com.ar\/wp-content\/uploads\/2024\/08\/premio-2.jpg","keywords":["Automovil Club Argentino","carrera de veh\u00edculos hist\u00f3ricos","Gran Premio Argentino Hist\u00f3rico","recorrido Gran Premio Hist\u00f3rico","XXI edici\u00f3n"],"articleSection":["DEPORTE MOTOR","NOTICIAS"],"inLanguage":"es"},{"@type":"WebPage","@id":"https:\/\/autofans.com.ar\/index.php\/2024\/08\/12\/comienza-el-xxi-gran-premio-argentino-historico\/","url":"https:\/\/autofans.com.ar\/index.php\/2024\/08\/12\/comienza-el-xxi-gran-premio-argentino-historico\/","name":"Comienza el XXI Gran Premio Argentino Hist\u00f3rico -","isPartOf":{"@id":"https:\/\/autofans.com.ar\/#website"},"primaryImageOfPage":{"@id":"https:\/\/autofans.com.ar\/index.php\/2024\/08\/12\/comienza-el-xxi-gran-premio-argentino-historico\/#primaryimage"},"image":{"@id":"https:\/\/autofans.com.ar\/index.php\/2024\/08\/12\/comienza-el-xxi-gran-premio-argentino-historico\/#primaryimage"},"thumbnailUrl":"https:\/\/autofans.com.ar\/wp-content\/uploads\/2024\/08\/premio-2.jpg","datePublished":"2024-08-12T20:13:22+00:00","author":{"@id":"https:\/\/autofans.com.ar\/#\/schema\/person\/4a8dda0b6df83ac3d6723e921274c2aa"},"description":"Se llev\u00f3 a cabo la conferencia de prensa para lanzar la XXI edici\u00f3n del Gran Premio Argentino Hist\u00f3rico en el sal\u00f3n del 9\u00b0 piso...","breadcrumb":{"@id":"https:\/\/autofans.com.ar\/index.php\/2024\/08\/12\/comienza-el-xxi-gran-premio-argentino-historico\/#breadcrumb"},"inLanguage":"es","potentialAction":[{"@type":"ReadAction","target":["https:\/\/autofans.com.ar\/index.php\/2024\/08\/12\/comienza-el-xxi-gran-premio-argentino-historico\/"]}]},{"@type":"ImageObject","inLanguage":"es","@id":"https:\/\/autofans.com.ar\/index.php\/2024\/08\/12\/comienza-el-xxi-gran-premio-argentino-historico\/#primaryimage","url":"https:\/\/autofans.com.ar\/wp-content\/uploads\/2024\/08\/premio-2.jpg","contentUrl":"https:\/\/autofans.com.ar\/wp-content\/uploads\/2024\/08\/premio-2.jpg","width":1000,"height":667,"caption":"Gran Premio Argentino"},{"@type":"BreadcrumbList","@id":"https:\/\/autofans.com.ar\/index.php\/2024\/08\/12\/comienza-el-xxi-gran-premio-argentino-historico\/#breadcrumb","itemListElement":[{"@type":"ListItem","position":1,"name":"Inicio","item":"https:\/\/autofans.com.ar\/"},{"@type":"ListItem","position":2,"name":"Comienza el XXI Gran Premio Argentino Hist\u00f3rico"}]},{"@type":"WebSite","@id":"https:\/\/autofans.com.ar\/#website","url":"https:\/\/autofans.com.ar\/","name":"","description":"El multimedio referente de la industria automotriz","potentialAction":[{"@type":"SearchAction","target":{"@type":"EntryPoint","urlTemplate":"https:\/\/autofans.com.ar\/?s={search_term_string}"},"query-input":{"@type":"PropertyValueSpecification","valueRequired":true,"valueName":"search_term_string"}}],"inLanguage":"es"},{"@type":"Person","@id":"https:\/\/autofans.com.ar\/#\/schema\/person\/4a8dda0b6df83ac3d6723e921274c2aa","name":"Alejandro Gabriel Rosito","image":{"@type":"ImageObject","inLanguage":"es","@id":"https:\/\/secure.gravatar.com\/avatar\/16c5dda1489adfc62618084dcbb91cffd879c374b13fe5dd8e44ed6733852c88?s=96&d=mm&r=g","url":"https:\/\/secure.gravatar.com\/avatar\/16c5dda1489adfc62618084dcbb91cffd879c374b13fe5dd8e44ed6733852c88?s=96&d=mm&r=g","contentUrl":"https:\/\/secure.gravatar.com\/avatar\/16c5dda1489adfc62618084dcbb91cffd879c374b13fe5dd8e44ed6733852c88?s=96&d=mm&r=g","caption":"Alejandro Gabriel Rosito"},"url":"https:\/\/autofans.com.ar\/index.php\/author\/gabrielr\/"}]}},"featured_image_urls":{"full":["https:\/\/autofans.com.ar\/wp-content\/uploads\/2024\/08\/premio-2.jpg",1000,667,false],"thumbnail":["https:\/\/autofans.com.ar\/wp-content\/uploads\/2024\/08\/premio-2-150x150.jpg",150,150,true],"medium":["https:\/\/autofans.com.ar\/wp-content\/uploads\/2024\/08\/premio-2-300x200.jpg",300,200,true],"medium_large":["https:\/\/autofans.com.ar\/wp-content\/uploads\/2024\/08\/premio-2-768x512.jpg",640,427,true],"large":["https:\/\/autofans.com.ar\/wp-content\/uploads\/2024\/08\/premio-2.jpg",640,427,false],"1536x1536":["https:\/\/autofans.com.ar\/wp-content\/uploads\/2024\/08\/premio-2.jpg",1000,667,false],"2048x2048":["https:\/\/autofans.com.ar\/wp-content\/uploads\/2024\/08\/premio-2.jpg",1000,667,false],"covernews-featured":["https:\/\/autofans.com.ar\/wp-content\/uploads\/2024\/08\/premio-2.jpg",1000,667,false],"covernews-medium":["https:\/\/autofans.com.ar\/wp-content\/uploads\/2024\/08\/premio-2-540x340.jpg",540,340,true]},"author_info":{"display_name":"Alejandro Gabriel Rosito","author_link":"https:\/\/autofans.com.ar\/index.php\/author\/gabrielr\/"},"category_info":"<a href=\"https:\/\/autofans.com.ar\/index.php\/category\/noticias\/deporte\/\" rel=\"category tag\">DEPORTE MOTOR<\/a> <a href=\"https:\/\/autofans.com.ar\/index.php\/category\/noticias\/\" rel=\"category tag\">NOTICIAS<\/a>","tag_info":"NOTICIAS","comment_count":0,"_links":{"self":[{"href":"https:\/\/autofans.com.ar\/index.php\/wp-json\/wp\/v2\/posts\/8636","targetHints":{"allow":["GET"]}}],"collection":[{"href":"https:\/\/autofans.com.ar\/index.php\/wp-json\/wp\/v2\/posts"}],"about":[{"href":"https:\/\/autofans.com.ar\/index.php\/wp-json\/wp\/v2\/types\/post"}],"author":[{"embeddable":true,"href":"https:\/\/autofans.com.ar\/index.php\/wp-json\/wp\/v2\/users\/2"}],"replies":[{"embeddable":true,"href":"https:\/\/autofans.com.ar\/index.php\/wp-json\/wp\/v2\/comments?post=8636"}],"version-history":[{"count":4,"href":"https:\/\/autofans.com.ar\/index.php\/wp-json\/wp\/v2\/posts\/8636\/revisions"}],"predecessor-version":[{"id":8644,"href":"https:\/\/autofans.com.ar\/index.php\/wp-json\/wp\/v2\/posts\/8636\/revisions\/8644"}],"wp:featuredmedia":[{"embeddable":true,"href":"https:\/\/autofans.com.ar\/index.php\/wp-json\/wp\/v2\/media\/8639"}],"wp:attachment":[{"href":"https:\/\/autofans.com.ar\/index.php\/wp-json\/wp\/v2\/media?parent=8636"}],"wp:term":[{"taxonomy":"category","embeddable":true,"href":"https:\/\/autofans.com.ar\/index.php\/wp-json\/wp\/v2\/categories?post=8636"},{"taxonomy":"post_tag","embeddable":true,"href":"https:\/\/autofans.com.ar\/index.php\/wp-json\/wp\/v2\/tags?post=8636"}],"curies":[{"name":"wp","href":"https:\/\/api.w.org\/{rel}","templated":true}]}}