{"id":8706,"date":"2024-08-19T19:41:11","date_gmt":"2024-08-19T22:41:11","guid":{"rendered":"https:\/\/autofans.com.ar\/?p=8706"},"modified":"2024-08-19T19:41:11","modified_gmt":"2024-08-19T22:41:11","slug":"el-nuevo-renault-kardian-el-suv-que-revoluciona-el-mercado","status":"publish","type":"post","link":"https:\/\/autofans.com.ar\/index.php\/2024\/08\/19\/el-nuevo-renault-kardian-el-suv-que-revoluciona-el-mercado\/","title":{"rendered":"El nuevo Renault Kardian el SUV que Revoluciona el mercado"},"content":{"rendered":"<p>Renault inicia una nueva etapa en Argentina con el lanzamiento del Renault Kardian, el primer modelo en Latinoam\u00e9rica bajo la nueva identidad visual de la marca y el primer veh\u00edculo del Renault International Game Plan 2027. Este SUV compacto no solo marca un cambio de era para Renault en el pa\u00eds, sino que tambi\u00e9n introduce varias innovaciones tecnol\u00f3gicas y de dise\u00f1o.<\/p>\n<p>&nbsp;<\/p>\n<h2><span style=\"color: #000080;\">Innovaciones y tecnolog\u00eda<\/span><\/h2>\n<p>El Kardian se presenta con la nueva Renault Group Modular Platform (RGMP), dise\u00f1ada para ofrecer una mayor flexibilidad y adaptabilidad. Esta plataforma permite el desarrollo de veh\u00edculos con diferentes motorizaciones, incluyendo opciones h\u00edbridas y el\u00e9ctricas. Adem\u00e1s, el Kardian incorpora un motor turbo TCe de 120 cv con 200 Nm de torque y un cambio autom\u00e1tico de doble embrague h\u00famedo, proporcionando un mejor rendimiento y eficiencia en comparaci\u00f3n con sus competidores directos.<\/p>\n<p>&nbsp;<\/p>\n<p><img fetchpriority=\"high\" decoding=\"async\" class=\"aligncenter wp-image-8711 size-full\" src=\"https:\/\/autofans.com.ar\/wp-content\/uploads\/2024\/08\/renault-3-1.jpg\" alt=\"Renault Kardian\" width=\"1000\" height=\"667\" srcset=\"https:\/\/autofans.com.ar\/wp-content\/uploads\/2024\/08\/renault-3-1.jpg 1000w, https:\/\/autofans.com.ar\/wp-content\/uploads\/2024\/08\/renault-3-1-300x200.jpg 300w, https:\/\/autofans.com.ar\/wp-content\/uploads\/2024\/08\/renault-3-1-768x512.jpg 768w\" sizes=\"(max-width: 1000px) 100vw, 1000px\" \/><\/p>\n<p>&nbsp;<\/p>\n<p>En t\u00e9rminos de tecnolog\u00eda, el Kardian est\u00e1 equipado con 13 sistemas avanzados de asistencia a la conducci\u00f3n (ADAS) y 6 airbags, garantizando un alto nivel de seguridad. Su interior sofisticado incluye el freno de estacionamiento electr\u00f3nico y una palanca de cambios tipo e-shifter, elementos que normalmente se encuentran en segmentos superiores.<\/p>\n<p>&nbsp;<\/p>\n<h2><span style=\"color: #000080;\">Renault Kardian &#8211; dise\u00f1o exterior e interior<\/span><\/h2>\n<p>El Kardian destaca por su dise\u00f1o robusto y moderno. Su parrilla frontal con el nuevo emblema de la marca y las luces LED proporcionan una apariencia distintiva. La parte trasera tambi\u00e9n presenta luces en formato de C, acentuando el car\u00e1cter SUV del modelo. El veh\u00edculo mide 4,12 m de largo y cuenta con una generosa distancia entre ejes de 2,60 m, lo que maximiza el espacio interior y el volumen del ba\u00fal, que es de 358 litros.<\/p>\n<p>&nbsp;<\/p>\n<div id='gallery-1' class='gallery galleryid-8706 gallery-columns-2 gallery-size-full'><figure class='gallery-item'>\n\t\t\t<div class='gallery-icon landscape'>\n\t\t\t\t<a href='https:\/\/autofans.com.ar\/index.php\/2024\/08\/19\/el-nuevo-renault-kardian-el-suv-que-revoluciona-el-mercado\/renault-2-10\/'><img loading=\"lazy\" width=\"1000\" height=\"667\" src=\"https:\/\/autofans.com.ar\/wp-content\/uploads\/2024\/08\/renault-2-2.jpg\" class=\"attachment-full size-full\" alt=\"Renault Kardian\" srcset=\"https:\/\/autofans.com.ar\/wp-content\/uploads\/2024\/08\/renault-2-2.jpg 1000w, https:\/\/autofans.com.ar\/wp-content\/uploads\/2024\/08\/renault-2-2-300x200.jpg 300w, https:\/\/autofans.com.ar\/wp-content\/uploads\/2024\/08\/renault-2-2-768x512.jpg 768w\" sizes=\"auto, (max-width: 1000px) 100vw, 1000px\" loading=\"lazy\" decoding=\"async\" \/><\/a>\n\t\t\t<\/div><\/figure><figure class='gallery-item'>\n\t\t\t<div class='gallery-icon landscape'>\n\t\t\t\t<a href='https:\/\/autofans.com.ar\/index.php\/2024\/08\/19\/el-nuevo-renault-kardian-el-suv-que-revoluciona-el-mercado\/renault-6\/'><img loading=\"lazy\" width=\"1000\" height=\"667\" src=\"https:\/\/autofans.com.ar\/wp-content\/uploads\/2024\/08\/renault-6.jpg\" class=\"attachment-full size-full\" alt=\"Renault Kardian\" srcset=\"https:\/\/autofans.com.ar\/wp-content\/uploads\/2024\/08\/renault-6.jpg 1000w, https:\/\/autofans.com.ar\/wp-content\/uploads\/2024\/08\/renault-6-300x200.jpg 300w, https:\/\/autofans.com.ar\/wp-content\/uploads\/2024\/08\/renault-6-768x512.jpg 768w\" sizes=\"auto, (max-width: 1000px) 100vw, 1000px\" loading=\"lazy\" decoding=\"async\" \/><\/a>\n\t\t\t<\/div><\/figure>\n\t\t<\/div>\n\n<p>&nbsp;<\/p>\n<p>El interior combina confort y funcionalidad con una consola central de 8 litros de capacidad y puertos USB disponibles en todas las versiones. La pantalla multimedia de 8\u201d es compatible con Android Auto y Apple CarPlay, y ofrece tres modos de conducci\u00f3n: Eco, Sport y MySense.<\/p>\n<p>&nbsp;<\/p>\n<h2><span style=\"color: #000080;\">Plataforma modular avanzada y motor turbo<\/span><\/h2>\n<p>La Renault Group Modular Platform (RGMP) es una plataforma global y flexible que permite la aplicaci\u00f3n de diversas motorizaciones y tecnolog\u00edas avanzadas. Esta plataforma incluye una arquitectura electro-electr\u00f3nica in\u00e9dita y una estructura de seguridad avanzada, que asegura una conducci\u00f3n c\u00f3moda y segura.<\/p>\n<p>El Kardian incluye 13 dispositivos ADAS, como el control de crucero adaptativo y el frenado activo de emergencia. Estos sistemas avanzados trabajan en conjunto para mejorar la seguridad del conductor y los pasajeros, haciendo de cada viaje una experiencia m\u00e1s segura y confiable.<\/p>\n<p>&nbsp;<\/p>\n<div id='gallery-2' class='gallery galleryid-8706 gallery-columns-2 gallery-size-full'><figure class='gallery-item'>\n\t\t\t<div class='gallery-icon landscape'>\n\t\t\t\t<a href='https:\/\/autofans.com.ar\/index.php\/2024\/08\/19\/el-nuevo-renault-kardian-el-suv-que-revoluciona-el-mercado\/renault-4-5\/'><img loading=\"lazy\" width=\"1000\" height=\"667\" src=\"https:\/\/autofans.com.ar\/wp-content\/uploads\/2024\/08\/renault-4-1.jpg\" class=\"attachment-full size-full\" alt=\"Renault Kardian\" srcset=\"https:\/\/autofans.com.ar\/wp-content\/uploads\/2024\/08\/renault-4-1.jpg 1000w, https:\/\/autofans.com.ar\/wp-content\/uploads\/2024\/08\/renault-4-1-300x200.jpg 300w, https:\/\/autofans.com.ar\/wp-content\/uploads\/2024\/08\/renault-4-1-768x512.jpg 768w\" sizes=\"auto, (max-width: 1000px) 100vw, 1000px\" loading=\"lazy\" decoding=\"async\" \/><\/a>\n\t\t\t<\/div><\/figure><figure class='gallery-item'>\n\t\t\t<div class='gallery-icon landscape'>\n\t\t\t\t<a href='https:\/\/autofans.com.ar\/index.php\/2024\/08\/19\/el-nuevo-renault-kardian-el-suv-que-revoluciona-el-mercado\/renault-5-3\/'><img loading=\"lazy\" width=\"1000\" height=\"667\" src=\"https:\/\/autofans.com.ar\/wp-content\/uploads\/2024\/08\/renault-5-1.jpg\" class=\"attachment-full size-full\" alt=\"Renault Kardian\" srcset=\"https:\/\/autofans.com.ar\/wp-content\/uploads\/2024\/08\/renault-5-1.jpg 1000w, https:\/\/autofans.com.ar\/wp-content\/uploads\/2024\/08\/renault-5-1-300x200.jpg 300w, https:\/\/autofans.com.ar\/wp-content\/uploads\/2024\/08\/renault-5-1-768x512.jpg 768w\" sizes=\"auto, (max-width: 1000px) 100vw, 1000px\" loading=\"lazy\" decoding=\"async\" \/><\/a>\n\t\t\t<\/div><\/figure>\n\t\t<\/div>\n\n<p>&nbsp;<\/p>\n<p>El motor turbo TCe 1.0 del Kardian ofrece una combinaci\u00f3n de alta performance y eficiencia. Con 120 cv de potencia y 200 Nm de torque, este motor ha sido desarrollado para brindar una conducci\u00f3n placentera y con bajas emisiones. La tecnolog\u00eda empleada en su fabricaci\u00f3n incluye componentes de \u00faltima generaci\u00f3n, heredados de la F\u00f3rmula 1.<\/p>\n<p>El Renault Kardian estar\u00e1 disponible a partir de $26.110.000, con precios que pueden llegar hasta $31.100.000 dependiendo de la versi\u00f3n. Con su llegada, Renault no solo reafirma su compromiso con la innovaci\u00f3n, sino que tambi\u00e9n redefine lo que un SUV compacto puede ser en t\u00e9rminos de rendimiento, dise\u00f1o y tecnolog\u00eda.<\/p>\n<p>&nbsp;<\/p>\n<p><span style=\"color: #000000;\">Versiones de Kardigan y precios de lanzamiento<\/span><\/p>\n<p>&nbsp;<\/p>\n<ul>\n<li>Evolution 156 MT \u2013 <strong>$<\/strong><strong>26.110.000\u00a0<\/strong><\/li>\n<li>Evolution 200 EDC &#8211; <strong>$<\/strong><strong>28.400.000\u00a0<\/strong><\/li>\n<li>Techno 200 EDC &#8211; <strong>$<\/strong><strong>29.550.000\u00a0<\/strong><\/li>\n<li>Premiere Edition 200 EDC &#8211; <strong>$<\/strong><strong>31.100.000\u00a0<\/strong><\/li>\n<li>Techno 200 EDC &#8211; $<strong>29.550.000<\/strong><\/li>\n<li>Premiere Edition 200 EDC &#8211;<strong> $<\/strong><strong>31.100.000<\/strong><\/li>\n<\/ul>\n<p>&nbsp;<\/p>\n<p>Est\u00e1 disponible en los siguientes colores, con techo negro nacr\u00e9 en la versi\u00f3n Premiere Edition:<\/p>\n<ul>\n<li>\u00a0Naranja Energy<\/li>\n<li>\u00a0Blanco Glaciar<\/li>\n<li>\u00a0Gris Estrella<\/li>\n<li>\u00a0Gris Cassiop\u00e9e<\/li>\n<li>\u00a0Negro Nacr\u00e9<\/li>\n<\/ul>\n<p>&nbsp;<\/p>\n<p>Para m\u00e1s informaci\u00f3n, ingresar a: <a href=\"https:\/\/www.renault.com.ar\/automoviles\/renault-kardian.html\" target=\"_blank\" rel=\"noopener\"><u>https:\/\/www.renault.com.ar\/automoviles\/renault-kardian.html<\/u><\/a><\/p>\n<p>&nbsp;<\/p>\n<p><i>Para enterarte de m\u00e1s novedades, no dejes de leer\u00a0<\/i><a href=\"https:\/\/autofans.thebrandsoup.com\/\"><i>nuestras notas<\/i><\/a><i>, de ver<\/i><b><i>\u00a0<\/i><\/b><a href=\"https:\/\/www.youtube.com\/channel\/UCgAC8UGHZYbT6P7PpmVnP7g\"><b><i>AUTOFANS TV<\/i><\/b><\/a><b><i>\u00a0<\/i><\/b><i>en nuestro\u00a0canal de Youtube. Adem\u00e1s seguinos en\u00a0<\/i><a href=\"https:\/\/www.instagram.com\/autofanstv\/\"><i>INSTAGRAM<\/i><\/a><i> y <\/i><a href=\"https:\/\/www.facebook.com\/autofansmas\/\"><i>FACEBOOK<\/i><\/a><i> para no perderte nada sobre las novedades del segmento automotor de Argentina y el mundo.<\/i><\/p>\n","protected":false},"excerpt":{"rendered":"<p>Renault inicia una nueva etapa en Argentina con el lanzamiento del Renault Kardian, el primer&#8230;<\/p>\n","protected":false},"author":2,"featured_media":8713,"comment_status":"closed","ping_status":"closed","sticky":false,"template":"","format":"standard","meta":{"footnotes":""},"categories":[8,1],"tags":[4644,2163,4642,4641,4645,4640,2899,3341,4486,4643],"class_list":["post-8706","post","type-post","status-publish","format-standard","has-post-thumbnail","hentry","category-autos-y-suv","category-lanzamientos","tag-diseno-renault","tag-innovacion-en-automoviles","tag-motor-turbo-tce","tag-plataforma-rgmp","tag-renault-en-argentina","tag-renault-international-game-plan-2027","tag-renault-kardian","tag-seguridad-en-vehiculos","tag-suv-compacto-renault","tag-tecnologia-adas"],"yoast_head":"<!-- This site is optimized with the Yoast SEO plugin v27.5 - https:\/\/yoast.com\/product\/yoast-seo-wordpress\/ -->\n<title>El nuevo Renault Kardian el SUV que Revoluciona el mercado -<\/title>\n<meta name=\"description\" content=\"Renault inicia una nueva etapa con el lanzamiento del Renault Kardian, el primer modelo en Latinoam\u00e9rica bajo la nueva identidad visual...\" \/>\n<meta name=\"robots\" content=\"index, follow, max-snippet:-1, max-image-preview:large, max-video-preview:-1\" \/>\n<link rel=\"canonical\" href=\"https:\/\/autofans.com.ar\/index.php\/2024\/08\/19\/el-nuevo-renault-kardian-el-suv-que-revoluciona-el-mercado\/\" \/>\n<meta property=\"og:locale\" content=\"es_ES\" \/>\n<meta property=\"og:type\" content=\"article\" \/>\n<meta property=\"og:title\" content=\"El nuevo Renault Kardian el SUV que Revoluciona el mercado -\" \/>\n<meta property=\"og:description\" content=\"Renault inicia una nueva etapa con el lanzamiento del Renault Kardian, el primer modelo en Latinoam\u00e9rica bajo la nueva identidad visual...\" \/>\n<meta property=\"og:url\" content=\"https:\/\/autofans.com.ar\/index.php\/2024\/08\/19\/el-nuevo-renault-kardian-el-suv-que-revoluciona-el-mercado\/\" \/>\n<meta property=\"article:published_time\" content=\"2024-08-19T22:41:11+00:00\" \/>\n<meta property=\"og:image\" content=\"https:\/\/autofans.com.ar\/wp-content\/uploads\/2024\/08\/renault-1-2.jpg\" \/>\n\t<meta property=\"og:image:width\" content=\"640\" \/>\n\t<meta property=\"og:image:height\" content=\"427\" \/>\n\t<meta property=\"og:image:type\" content=\"image\/jpeg\" \/>\n<meta name=\"author\" content=\"Alejandro Gabriel Rosito\" \/>\n<meta name=\"twitter:card\" content=\"summary_large_image\" \/>\n<meta name=\"twitter:label1\" content=\"Escrito por\" \/>\n\t<meta name=\"twitter:data1\" content=\"Alejandro Gabriel Rosito\" \/>\n\t<meta name=\"twitter:label2\" content=\"Tiempo de lectura\" \/>\n\t<meta name=\"twitter:data2\" content=\"4 minutos\" \/>\n<script type=\"application\/ld+json\" class=\"yoast-schema-graph\">{\"@context\":\"https:\\\/\\\/schema.org\",\"@graph\":[{\"@type\":\"Article\",\"@id\":\"https:\\\/\\\/autofans.com.ar\\\/index.php\\\/2024\\\/08\\\/19\\\/el-nuevo-renault-kardian-el-suv-que-revoluciona-el-mercado\\\/#article\",\"isPartOf\":{\"@id\":\"https:\\\/\\\/autofans.com.ar\\\/index.php\\\/2024\\\/08\\\/19\\\/el-nuevo-renault-kardian-el-suv-que-revoluciona-el-mercado\\\/\"},\"author\":{\"name\":\"Alejandro Gabriel Rosito\",\"@id\":\"https:\\\/\\\/autofans.com.ar\\\/#\\\/schema\\\/person\\\/4a8dda0b6df83ac3d6723e921274c2aa\"},\"headline\":\"El nuevo Renault Kardian el SUV que Revoluciona el mercado\",\"datePublished\":\"2024-08-19T22:41:11+00:00\",\"mainEntityOfPage\":{\"@id\":\"https:\\\/\\\/autofans.com.ar\\\/index.php\\\/2024\\\/08\\\/19\\\/el-nuevo-renault-kardian-el-suv-que-revoluciona-el-mercado\\\/\"},\"wordCount\":685,\"image\":{\"@id\":\"https:\\\/\\\/autofans.com.ar\\\/index.php\\\/2024\\\/08\\\/19\\\/el-nuevo-renault-kardian-el-suv-que-revoluciona-el-mercado\\\/#primaryimage\"},\"thumbnailUrl\":\"https:\\\/\\\/autofans.com.ar\\\/wp-content\\\/uploads\\\/2024\\\/08\\\/renault-1-2.jpg\",\"keywords\":[\"dise\u00f1o Renault\",\"Innovaci\u00f3n en autom\u00f3viles\",\"motor turbo TCe\",\"plataforma RGMP\",\"Renault en Argentina\",\"Renault International Game Plan 2027\",\"Renault Kardian\",\"Seguridad en Veh\u00edculos\",\"SUV compacto Renault\",\"tecnolog\u00eda ADAS\"],\"articleSection\":[\"Autos y SUV\",\"LANZAMIENTOS\"],\"inLanguage\":\"es\"},{\"@type\":\"WebPage\",\"@id\":\"https:\\\/\\\/autofans.com.ar\\\/index.php\\\/2024\\\/08\\\/19\\\/el-nuevo-renault-kardian-el-suv-que-revoluciona-el-mercado\\\/\",\"url\":\"https:\\\/\\\/autofans.com.ar\\\/index.php\\\/2024\\\/08\\\/19\\\/el-nuevo-renault-kardian-el-suv-que-revoluciona-el-mercado\\\/\",\"name\":\"El nuevo Renault Kardian el SUV que Revoluciona el mercado -\",\"isPartOf\":{\"@id\":\"https:\\\/\\\/autofans.com.ar\\\/#website\"},\"primaryImageOfPage\":{\"@id\":\"https:\\\/\\\/autofans.com.ar\\\/index.php\\\/2024\\\/08\\\/19\\\/el-nuevo-renault-kardian-el-suv-que-revoluciona-el-mercado\\\/#primaryimage\"},\"image\":{\"@id\":\"https:\\\/\\\/autofans.com.ar\\\/index.php\\\/2024\\\/08\\\/19\\\/el-nuevo-renault-kardian-el-suv-que-revoluciona-el-mercado\\\/#primaryimage\"},\"thumbnailUrl\":\"https:\\\/\\\/autofans.com.ar\\\/wp-content\\\/uploads\\\/2024\\\/08\\\/renault-1-2.jpg\",\"datePublished\":\"2024-08-19T22:41:11+00:00\",\"author\":{\"@id\":\"https:\\\/\\\/autofans.com.ar\\\/#\\\/schema\\\/person\\\/4a8dda0b6df83ac3d6723e921274c2aa\"},\"description\":\"Renault inicia una nueva etapa con el lanzamiento del Renault Kardian, el primer modelo en Latinoam\u00e9rica bajo la nueva identidad visual...\",\"breadcrumb\":{\"@id\":\"https:\\\/\\\/autofans.com.ar\\\/index.php\\\/2024\\\/08\\\/19\\\/el-nuevo-renault-kardian-el-suv-que-revoluciona-el-mercado\\\/#breadcrumb\"},\"inLanguage\":\"es\",\"potentialAction\":[{\"@type\":\"ReadAction\",\"target\":[\"https:\\\/\\\/autofans.com.ar\\\/index.php\\\/2024\\\/08\\\/19\\\/el-nuevo-renault-kardian-el-suv-que-revoluciona-el-mercado\\\/\"]}]},{\"@type\":\"ImageObject\",\"inLanguage\":\"es\",\"@id\":\"https:\\\/\\\/autofans.com.ar\\\/index.php\\\/2024\\\/08\\\/19\\\/el-nuevo-renault-kardian-el-suv-que-revoluciona-el-mercado\\\/#primaryimage\",\"url\":\"https:\\\/\\\/autofans.com.ar\\\/wp-content\\\/uploads\\\/2024\\\/08\\\/renault-1-2.jpg\",\"contentUrl\":\"https:\\\/\\\/autofans.com.ar\\\/wp-content\\\/uploads\\\/2024\\\/08\\\/renault-1-2.jpg\",\"width\":1000,\"height\":667,\"caption\":\"Renault Kardian\"},{\"@type\":\"BreadcrumbList\",\"@id\":\"https:\\\/\\\/autofans.com.ar\\\/index.php\\\/2024\\\/08\\\/19\\\/el-nuevo-renault-kardian-el-suv-que-revoluciona-el-mercado\\\/#breadcrumb\",\"itemListElement\":[{\"@type\":\"ListItem\",\"position\":1,\"name\":\"Inicio\",\"item\":\"https:\\\/\\\/autofans.com.ar\\\/\"},{\"@type\":\"ListItem\",\"position\":2,\"name\":\"El nuevo Renault Kardian el SUV que Revoluciona el mercado\"}]},{\"@type\":\"WebSite\",\"@id\":\"https:\\\/\\\/autofans.com.ar\\\/#website\",\"url\":\"https:\\\/\\\/autofans.com.ar\\\/\",\"name\":\"\",\"description\":\"El multimedio referente de la industria automotriz\",\"potentialAction\":[{\"@type\":\"SearchAction\",\"target\":{\"@type\":\"EntryPoint\",\"urlTemplate\":\"https:\\\/\\\/autofans.com.ar\\\/?s={search_term_string}\"},\"query-input\":{\"@type\":\"PropertyValueSpecification\",\"valueRequired\":true,\"valueName\":\"search_term_string\"}}],\"inLanguage\":\"es\"},{\"@type\":\"Person\",\"@id\":\"https:\\\/\\\/autofans.com.ar\\\/#\\\/schema\\\/person\\\/4a8dda0b6df83ac3d6723e921274c2aa\",\"name\":\"Alejandro Gabriel Rosito\",\"image\":{\"@type\":\"ImageObject\",\"inLanguage\":\"es\",\"@id\":\"https:\\\/\\\/secure.gravatar.com\\\/avatar\\\/16c5dda1489adfc62618084dcbb91cffd879c374b13fe5dd8e44ed6733852c88?s=96&d=mm&r=g\",\"url\":\"https:\\\/\\\/secure.gravatar.com\\\/avatar\\\/16c5dda1489adfc62618084dcbb91cffd879c374b13fe5dd8e44ed6733852c88?s=96&d=mm&r=g\",\"contentUrl\":\"https:\\\/\\\/secure.gravatar.com\\\/avatar\\\/16c5dda1489adfc62618084dcbb91cffd879c374b13fe5dd8e44ed6733852c88?s=96&d=mm&r=g\",\"caption\":\"Alejandro Gabriel Rosito\"},\"url\":\"https:\\\/\\\/autofans.com.ar\\\/index.php\\\/author\\\/gabrielr\\\/\"}]}<\/script>\n<!-- \/ Yoast SEO plugin. -->","yoast_head_json":{"title":"El nuevo Renault Kardian el SUV que Revoluciona el mercado -","description":"Renault inicia una nueva etapa con el lanzamiento del Renault Kardian, el primer modelo en Latinoam\u00e9rica bajo la nueva identidad visual...","robots":{"index":"index","follow":"follow","max-snippet":"max-snippet:-1","max-image-preview":"max-image-preview:large","max-video-preview":"max-video-preview:-1"},"canonical":"https:\/\/autofans.com.ar\/index.php\/2024\/08\/19\/el-nuevo-renault-kardian-el-suv-que-revoluciona-el-mercado\/","og_locale":"es_ES","og_type":"article","og_title":"El nuevo Renault Kardian el SUV que Revoluciona el mercado -","og_description":"Renault inicia una nueva etapa con el lanzamiento del Renault Kardian, el primer modelo en Latinoam\u00e9rica bajo la nueva identidad visual...","og_url":"https:\/\/autofans.com.ar\/index.php\/2024\/08\/19\/el-nuevo-renault-kardian-el-suv-que-revoluciona-el-mercado\/","article_published_time":"2024-08-19T22:41:11+00:00","og_image":[{"url":"https:\/\/autofans.com.ar\/wp-content\/uploads\/2024\/08\/renault-1-2.jpg","width":640,"height":427,"type":"image\/jpeg"}],"author":"Alejandro Gabriel Rosito","twitter_card":"summary_large_image","twitter_misc":{"Escrito por":"Alejandro Gabriel Rosito","Tiempo de lectura":"4 minutos"},"schema":{"@context":"https:\/\/schema.org","@graph":[{"@type":"Article","@id":"https:\/\/autofans.com.ar\/index.php\/2024\/08\/19\/el-nuevo-renault-kardian-el-suv-que-revoluciona-el-mercado\/#article","isPartOf":{"@id":"https:\/\/autofans.com.ar\/index.php\/2024\/08\/19\/el-nuevo-renault-kardian-el-suv-que-revoluciona-el-mercado\/"},"author":{"name":"Alejandro Gabriel Rosito","@id":"https:\/\/autofans.com.ar\/#\/schema\/person\/4a8dda0b6df83ac3d6723e921274c2aa"},"headline":"El nuevo Renault Kardian el SUV que Revoluciona el mercado","datePublished":"2024-08-19T22:41:11+00:00","mainEntityOfPage":{"@id":"https:\/\/autofans.com.ar\/index.php\/2024\/08\/19\/el-nuevo-renault-kardian-el-suv-que-revoluciona-el-mercado\/"},"wordCount":685,"image":{"@id":"https:\/\/autofans.com.ar\/index.php\/2024\/08\/19\/el-nuevo-renault-kardian-el-suv-que-revoluciona-el-mercado\/#primaryimage"},"thumbnailUrl":"https:\/\/autofans.com.ar\/wp-content\/uploads\/2024\/08\/renault-1-2.jpg","keywords":["dise\u00f1o Renault","Innovaci\u00f3n en autom\u00f3viles","motor turbo TCe","plataforma RGMP","Renault en Argentina","Renault International Game Plan 2027","Renault Kardian","Seguridad en Veh\u00edculos","SUV compacto Renault","tecnolog\u00eda ADAS"],"articleSection":["Autos y SUV","LANZAMIENTOS"],"inLanguage":"es"},{"@type":"WebPage","@id":"https:\/\/autofans.com.ar\/index.php\/2024\/08\/19\/el-nuevo-renault-kardian-el-suv-que-revoluciona-el-mercado\/","url":"https:\/\/autofans.com.ar\/index.php\/2024\/08\/19\/el-nuevo-renault-kardian-el-suv-que-revoluciona-el-mercado\/","name":"El nuevo Renault Kardian el SUV que Revoluciona el mercado -","isPartOf":{"@id":"https:\/\/autofans.com.ar\/#website"},"primaryImageOfPage":{"@id":"https:\/\/autofans.com.ar\/index.php\/2024\/08\/19\/el-nuevo-renault-kardian-el-suv-que-revoluciona-el-mercado\/#primaryimage"},"image":{"@id":"https:\/\/autofans.com.ar\/index.php\/2024\/08\/19\/el-nuevo-renault-kardian-el-suv-que-revoluciona-el-mercado\/#primaryimage"},"thumbnailUrl":"https:\/\/autofans.com.ar\/wp-content\/uploads\/2024\/08\/renault-1-2.jpg","datePublished":"2024-08-19T22:41:11+00:00","author":{"@id":"https:\/\/autofans.com.ar\/#\/schema\/person\/4a8dda0b6df83ac3d6723e921274c2aa"},"description":"Renault inicia una nueva etapa con el lanzamiento del Renault Kardian, el primer modelo en Latinoam\u00e9rica bajo la nueva identidad visual...","breadcrumb":{"@id":"https:\/\/autofans.com.ar\/index.php\/2024\/08\/19\/el-nuevo-renault-kardian-el-suv-que-revoluciona-el-mercado\/#breadcrumb"},"inLanguage":"es","potentialAction":[{"@type":"ReadAction","target":["https:\/\/autofans.com.ar\/index.php\/2024\/08\/19\/el-nuevo-renault-kardian-el-suv-que-revoluciona-el-mercado\/"]}]},{"@type":"ImageObject","inLanguage":"es","@id":"https:\/\/autofans.com.ar\/index.php\/2024\/08\/19\/el-nuevo-renault-kardian-el-suv-que-revoluciona-el-mercado\/#primaryimage","url":"https:\/\/autofans.com.ar\/wp-content\/uploads\/2024\/08\/renault-1-2.jpg","contentUrl":"https:\/\/autofans.com.ar\/wp-content\/uploads\/2024\/08\/renault-1-2.jpg","width":1000,"height":667,"caption":"Renault Kardian"},{"@type":"BreadcrumbList","@id":"https:\/\/autofans.com.ar\/index.php\/2024\/08\/19\/el-nuevo-renault-kardian-el-suv-que-revoluciona-el-mercado\/#breadcrumb","itemListElement":[{"@type":"ListItem","position":1,"name":"Inicio","item":"https:\/\/autofans.com.ar\/"},{"@type":"ListItem","position":2,"name":"El nuevo Renault Kardian el SUV que Revoluciona el mercado"}]},{"@type":"WebSite","@id":"https:\/\/autofans.com.ar\/#website","url":"https:\/\/autofans.com.ar\/","name":"","description":"El multimedio referente de la industria automotriz","potentialAction":[{"@type":"SearchAction","target":{"@type":"EntryPoint","urlTemplate":"https:\/\/autofans.com.ar\/?s={search_term_string}"},"query-input":{"@type":"PropertyValueSpecification","valueRequired":true,"valueName":"search_term_string"}}],"inLanguage":"es"},{"@type":"Person","@id":"https:\/\/autofans.com.ar\/#\/schema\/person\/4a8dda0b6df83ac3d6723e921274c2aa","name":"Alejandro Gabriel Rosito","image":{"@type":"ImageObject","inLanguage":"es","@id":"https:\/\/secure.gravatar.com\/avatar\/16c5dda1489adfc62618084dcbb91cffd879c374b13fe5dd8e44ed6733852c88?s=96&d=mm&r=g","url":"https:\/\/secure.gravatar.com\/avatar\/16c5dda1489adfc62618084dcbb91cffd879c374b13fe5dd8e44ed6733852c88?s=96&d=mm&r=g","contentUrl":"https:\/\/secure.gravatar.com\/avatar\/16c5dda1489adfc62618084dcbb91cffd879c374b13fe5dd8e44ed6733852c88?s=96&d=mm&r=g","caption":"Alejandro Gabriel Rosito"},"url":"https:\/\/autofans.com.ar\/index.php\/author\/gabrielr\/"}]}},"featured_image_urls":{"full":["https:\/\/autofans.com.ar\/wp-content\/uploads\/2024\/08\/renault-1-2.jpg",1000,667,false],"thumbnail":["https:\/\/autofans.com.ar\/wp-content\/uploads\/2024\/08\/renault-1-2-150x150.jpg",150,150,true],"medium":["https:\/\/autofans.com.ar\/wp-content\/uploads\/2024\/08\/renault-1-2-300x200.jpg",300,200,true],"medium_large":["https:\/\/autofans.com.ar\/wp-content\/uploads\/2024\/08\/renault-1-2-768x512.jpg",640,427,true],"large":["https:\/\/autofans.com.ar\/wp-content\/uploads\/2024\/08\/renault-1-2.jpg",640,427,false],"1536x1536":["https:\/\/autofans.com.ar\/wp-content\/uploads\/2024\/08\/renault-1-2.jpg",1000,667,false],"2048x2048":["https:\/\/autofans.com.ar\/wp-content\/uploads\/2024\/08\/renault-1-2.jpg",1000,667,false],"covernews-featured":["https:\/\/autofans.com.ar\/wp-content\/uploads\/2024\/08\/renault-1-2.jpg",1000,667,false],"covernews-medium":["https:\/\/autofans.com.ar\/wp-content\/uploads\/2024\/08\/renault-1-2-540x340.jpg",540,340,true]},"author_info":{"display_name":"Alejandro Gabriel Rosito","author_link":"https:\/\/autofans.com.ar\/index.php\/author\/gabrielr\/"},"category_info":"<a href=\"https:\/\/autofans.com.ar\/index.php\/category\/lanzamientos\/autos-y-suv\/\" rel=\"category tag\">Autos y SUV<\/a> <a href=\"https:\/\/autofans.com.ar\/index.php\/category\/lanzamientos\/\" rel=\"category tag\">LANZAMIENTOS<\/a>","tag_info":"LANZAMIENTOS","comment_count":0,"_links":{"self":[{"href":"https:\/\/autofans.com.ar\/index.php\/wp-json\/wp\/v2\/posts\/8706","targetHints":{"allow":["GET"]}}],"collection":[{"href":"https:\/\/autofans.com.ar\/index.php\/wp-json\/wp\/v2\/posts"}],"about":[{"href":"https:\/\/autofans.com.ar\/index.php\/wp-json\/wp\/v2\/types\/post"}],"author":[{"embeddable":true,"href":"https:\/\/autofans.com.ar\/index.php\/wp-json\/wp\/v2\/users\/2"}],"replies":[{"embeddable":true,"href":"https:\/\/autofans.com.ar\/index.php\/wp-json\/wp\/v2\/comments?post=8706"}],"version-history":[{"count":3,"href":"https:\/\/autofans.com.ar\/index.php\/wp-json\/wp\/v2\/posts\/8706\/revisions"}],"predecessor-version":[{"id":8715,"href":"https:\/\/autofans.com.ar\/index.php\/wp-json\/wp\/v2\/posts\/8706\/revisions\/8715"}],"wp:featuredmedia":[{"embeddable":true,"href":"https:\/\/autofans.com.ar\/index.php\/wp-json\/wp\/v2\/media\/8713"}],"wp:attachment":[{"href":"https:\/\/autofans.com.ar\/index.php\/wp-json\/wp\/v2\/media?parent=8706"}],"wp:term":[{"taxonomy":"category","embeddable":true,"href":"https:\/\/autofans.com.ar\/index.php\/wp-json\/wp\/v2\/categories?post=8706"},{"taxonomy":"post_tag","embeddable":true,"href":"https:\/\/autofans.com.ar\/index.php\/wp-json\/wp\/v2\/tags?post=8706"}],"curies":[{"name":"wp","href":"https:\/\/api.w.org\/{rel}","templated":true}]}}