{"id":8727,"date":"2024-08-20T18:24:49","date_gmt":"2024-08-20T21:24:49","guid":{"rendered":"https:\/\/autofans.com.ar\/?p=8727"},"modified":"2024-08-20T18:24:49","modified_gmt":"2024-08-20T21:24:49","slug":"toyota-y-vos-kids-seguridad-vial-para-los-mas-chicos-en-zarate","status":"publish","type":"post","link":"https:\/\/autofans.com.ar\/index.php\/2024\/08\/20\/toyota-y-vos-kids-seguridad-vial-para-los-mas-chicos-en-zarate\/","title":{"rendered":"Toyota y Vos Kids, seguridad vial para los m\u00e1s chicos en Z\u00e1rate"},"content":{"rendered":"<p>Toyota Argentina organiz\u00f3 en Z\u00e1rate la edici\u00f3n 2024 de su programa \u00abToyota y Vos Kids\u00bb, una iniciativa dedicada a la educaci\u00f3n vial para ni\u00f1os de entre 6 y 9 a\u00f1os. A lo largo de cuatro jornadas, 800 alumnos de 19 escuelas primarias participaron en actividades l\u00fadicas y educativas dise\u00f1adas para concientizar sobre la seguridad en el tr\u00e1nsito.<\/p>\n<p>&nbsp;<\/p>\n<h2>Toyota Impulsa la Seguridad Vial Infantil en Z\u00e1rate<\/h2>\n<p>&nbsp;<\/p>\n<p><img fetchpriority=\"high\" decoding=\"async\" class=\"aligncenter wp-image-8729 size-full\" src=\"https:\/\/autofans.com.ar\/wp-content\/uploads\/2024\/08\/toyota-3-1.jpg\" alt=\"Toyota\" width=\"1000\" height=\"667\" srcset=\"https:\/\/autofans.com.ar\/wp-content\/uploads\/2024\/08\/toyota-3-1.jpg 1000w, https:\/\/autofans.com.ar\/wp-content\/uploads\/2024\/08\/toyota-3-1-300x200.jpg 300w, https:\/\/autofans.com.ar\/wp-content\/uploads\/2024\/08\/toyota-3-1-768x512.jpg 768w\" sizes=\"(max-width: 1000px) 100vw, 1000px\" \/><\/p>\n<p>&nbsp;<\/p>\n<p>&nbsp;<\/p>\n<p>Las actividades se llevaron a cabo en el Espacio DAM, gracias al apoyo del Municipio de Z\u00e1rate y la colaboraci\u00f3n de diversas instituciones. Durante las cl\u00ednicas diarias, los chicos pudieron conducir mini Hilux en una pista especial y asistir a una obra de teatro que les ense\u00f1\u00f3 sobre la seguridad peatonal, incluyendo el uso correcto del sem\u00e1foro y el respeto por las se\u00f1ales de tr\u00e1nsito.<\/p>\n<p>&nbsp;<\/p>\n<blockquote>\n<p style=\"text-align: center;\"><span class=\"s17\">\u201cNuestro objetivo con Toyota y Vos Kids no es solo formar a los ni\u00f1os como peatones responsables, sino tambi\u00e9n inspirar a sus familias a adoptar pr\u00e1cticas de tr\u00e1nsito m\u00e1s seguras. Estamos comprometidos con continuar nuestras actividades de promoci\u00f3n de la Seguridad Vial para construir un futuro con menos accidentes. Nos entusiasma ver c\u00f3mo los ni\u00f1os se convierten en ejemplos de buenas pr\u00e1cticas desde peque\u00f1os\u201d<\/span><span class=\"s15\"> expres\u00f3 <\/span><span class=\"s14\">Eduardo Kronberg, gerente general regional de Sustentabilidad.<\/span><\/p>\n<\/blockquote>\n<p>&nbsp;<\/p>\n<h2>Compromiso con la seguridad vial<\/h2>\n<p>&nbsp;<\/p>\n<p><img decoding=\"async\" class=\"aligncenter wp-image-8728 size-full\" src=\"https:\/\/autofans.com.ar\/wp-content\/uploads\/2024\/08\/toyota-4.jpg\" alt=\"Toyota\" width=\"1000\" height=\"667\" srcset=\"https:\/\/autofans.com.ar\/wp-content\/uploads\/2024\/08\/toyota-4.jpg 1000w, https:\/\/autofans.com.ar\/wp-content\/uploads\/2024\/08\/toyota-4-300x200.jpg 300w, https:\/\/autofans.com.ar\/wp-content\/uploads\/2024\/08\/toyota-4-768x512.jpg 768w\" sizes=\"(max-width: 1000px) 100vw, 1000px\" \/><\/p>\n<p>&nbsp;<\/p>\n<p>El programa tambi\u00e9n incluy\u00f3 talleres interactivos donde agentes de tr\u00e1nsito locales explicaron las se\u00f1ales de tr\u00e1nsito, Defensa Civil comparti\u00f3 sus procedimientos de emergencia, y los Bomberos Voluntarios de Z\u00e1rate realizaron demostraciones de primeros auxilios. La participaci\u00f3n de la Cruz Roja y la Asociaci\u00f3n Civil Varicletas, que promueve la movilidad inclusiva, completaron una propuesta integral que busc\u00f3 formar a los ni\u00f1os como agentes de cambio en la seguridad vial.<\/p>\n<p>Este a\u00f1o, Toyota tambi\u00e9n lanzar\u00e1 \u201cToyota y Vos Teens\u201d, una nueva edici\u00f3n del programa dirigida a adolescentes, reafirmando su compromiso con la educaci\u00f3n vial para todas las edades.<\/p>\n<p>&nbsp;<\/p>\n<p>&nbsp;<\/p>\n<p>&nbsp;<\/p>\n<p><i>Para enterarte de m\u00e1s novedades, no dejes de leer\u00a0<\/i><a href=\"https:\/\/autofans.thebrandsoup.com\/\"><i>nuestras notas<\/i><\/a><i>, de ver<\/i><b><i>\u00a0<\/i><\/b><a href=\"https:\/\/www.youtube.com\/channel\/UCgAC8UGHZYbT6P7PpmVnP7g\"><b><i>AUTOFANS TV<\/i><\/b><\/a><b><i>\u00a0<\/i><\/b><i>en nuestro\u00a0canal de Youtube. Adem\u00e1s seguinos en\u00a0<\/i><a href=\"https:\/\/www.instagram.com\/autofanstv\/\"><i>INSTAGRAM<\/i><\/a><i> y <\/i><a href=\"https:\/\/www.facebook.com\/autofansmas\/\"><i>FACEBOOK<\/i><\/a><i> para no perderte nada sobre las novedades del segmento automotor de Argentina y el mundo.<\/i><\/p>\n","protected":false},"excerpt":{"rendered":"<p>Toyota Argentina organiz\u00f3 en Z\u00e1rate la edici\u00f3n 2024 de su programa \u00abToyota y Vos Kids\u00bb,&#8230;<\/p>\n","protected":false},"author":2,"featured_media":8731,"comment_status":"closed","ping_status":"closed","sticky":false,"template":"","format":"standard","meta":{"footnotes":""},"categories":[6,16],"tags":[2553,4659,4658,698,51,4657,740],"class_list":["post-8727","post","type-post","status-publish","format-standard","has-post-thumbnail","hentry","category-bizstyle","category-noticias","tag-educacion-vial","tag-ninos-y-educacion-vial","tag-programas-educativos","tag-seguridad-vial","tag-toyota-argentina","tag-toyota-y-vos-kids","tag-zarate"],"yoast_head":"<!-- This site is optimized with the Yoast SEO plugin v27.5 - https:\/\/yoast.com\/product\/yoast-seo-wordpress\/ -->\n<title>Toyota y Vos Kids, seguridad vial para los m\u00e1s chicos en Z\u00e1rate -<\/title>\n<meta name=\"description\" content=\"Toyota Argentina organiz\u00f3 en Z\u00e1rate la edici\u00f3n 2024 de su programa &quot;Toyota y Vos Kids&quot; una iniciativa dedicada a la educaci\u00f3n vial para ni\u00f1os\" \/>\n<meta name=\"robots\" content=\"index, follow, max-snippet:-1, max-image-preview:large, max-video-preview:-1\" \/>\n<link rel=\"canonical\" href=\"https:\/\/autofans.com.ar\/index.php\/2024\/08\/20\/toyota-y-vos-kids-seguridad-vial-para-los-mas-chicos-en-zarate\/\" \/>\n<meta property=\"og:locale\" content=\"es_ES\" \/>\n<meta property=\"og:type\" content=\"article\" \/>\n<meta property=\"og:title\" content=\"Toyota y Vos Kids, seguridad vial para los m\u00e1s chicos en Z\u00e1rate -\" \/>\n<meta property=\"og:description\" content=\"Toyota Argentina organiz\u00f3 en Z\u00e1rate la edici\u00f3n 2024 de su programa &quot;Toyota y Vos Kids&quot; una iniciativa dedicada a la educaci\u00f3n vial para ni\u00f1os\" \/>\n<meta property=\"og:url\" content=\"https:\/\/autofans.com.ar\/index.php\/2024\/08\/20\/toyota-y-vos-kids-seguridad-vial-para-los-mas-chicos-en-zarate\/\" \/>\n<meta property=\"article:published_time\" content=\"2024-08-20T21:24:49+00:00\" \/>\n<meta property=\"og:image\" content=\"https:\/\/autofans.com.ar\/wp-content\/uploads\/2024\/08\/toyota-1-1.jpg\" \/>\n\t<meta property=\"og:image:width\" content=\"640\" \/>\n\t<meta property=\"og:image:height\" content=\"427\" \/>\n\t<meta property=\"og:image:type\" content=\"image\/jpeg\" \/>\n<meta name=\"author\" content=\"Alejandro Gabriel Rosito\" \/>\n<meta name=\"twitter:card\" content=\"summary_large_image\" \/>\n<meta name=\"twitter:label1\" content=\"Escrito por\" \/>\n\t<meta name=\"twitter:data1\" content=\"Alejandro Gabriel Rosito\" \/>\n\t<meta name=\"twitter:label2\" content=\"Tiempo de lectura\" \/>\n\t<meta name=\"twitter:data2\" content=\"2 minutos\" \/>\n<script type=\"application\/ld+json\" class=\"yoast-schema-graph\">{\"@context\":\"https:\\\/\\\/schema.org\",\"@graph\":[{\"@type\":\"Article\",\"@id\":\"https:\\\/\\\/autofans.com.ar\\\/index.php\\\/2024\\\/08\\\/20\\\/toyota-y-vos-kids-seguridad-vial-para-los-mas-chicos-en-zarate\\\/#article\",\"isPartOf\":{\"@id\":\"https:\\\/\\\/autofans.com.ar\\\/index.php\\\/2024\\\/08\\\/20\\\/toyota-y-vos-kids-seguridad-vial-para-los-mas-chicos-en-zarate\\\/\"},\"author\":{\"name\":\"Alejandro Gabriel Rosito\",\"@id\":\"https:\\\/\\\/autofans.com.ar\\\/#\\\/schema\\\/person\\\/4a8dda0b6df83ac3d6723e921274c2aa\"},\"headline\":\"Toyota y Vos Kids, seguridad vial para los m\u00e1s chicos en Z\u00e1rate\",\"datePublished\":\"2024-08-20T21:24:49+00:00\",\"mainEntityOfPage\":{\"@id\":\"https:\\\/\\\/autofans.com.ar\\\/index.php\\\/2024\\\/08\\\/20\\\/toyota-y-vos-kids-seguridad-vial-para-los-mas-chicos-en-zarate\\\/\"},\"wordCount\":403,\"image\":{\"@id\":\"https:\\\/\\\/autofans.com.ar\\\/index.php\\\/2024\\\/08\\\/20\\\/toyota-y-vos-kids-seguridad-vial-para-los-mas-chicos-en-zarate\\\/#primaryimage\"},\"thumbnailUrl\":\"https:\\\/\\\/autofans.com.ar\\\/wp-content\\\/uploads\\\/2024\\\/08\\\/toyota-1-1.jpg\",\"keywords\":[\"educaci\u00f3n vial\",\"ni\u00f1os y educaci\u00f3n vial.\",\"programas educativos\",\"Seguridad Vial\",\"Toyota Argentina\",\"Toyota y Vos Kids\",\"Zarate\"],\"articleSection\":[\"BIZSTYLE\",\"NOTICIAS\"],\"inLanguage\":\"es\"},{\"@type\":\"WebPage\",\"@id\":\"https:\\\/\\\/autofans.com.ar\\\/index.php\\\/2024\\\/08\\\/20\\\/toyota-y-vos-kids-seguridad-vial-para-los-mas-chicos-en-zarate\\\/\",\"url\":\"https:\\\/\\\/autofans.com.ar\\\/index.php\\\/2024\\\/08\\\/20\\\/toyota-y-vos-kids-seguridad-vial-para-los-mas-chicos-en-zarate\\\/\",\"name\":\"Toyota y Vos Kids, seguridad vial para los m\u00e1s chicos en Z\u00e1rate -\",\"isPartOf\":{\"@id\":\"https:\\\/\\\/autofans.com.ar\\\/#website\"},\"primaryImageOfPage\":{\"@id\":\"https:\\\/\\\/autofans.com.ar\\\/index.php\\\/2024\\\/08\\\/20\\\/toyota-y-vos-kids-seguridad-vial-para-los-mas-chicos-en-zarate\\\/#primaryimage\"},\"image\":{\"@id\":\"https:\\\/\\\/autofans.com.ar\\\/index.php\\\/2024\\\/08\\\/20\\\/toyota-y-vos-kids-seguridad-vial-para-los-mas-chicos-en-zarate\\\/#primaryimage\"},\"thumbnailUrl\":\"https:\\\/\\\/autofans.com.ar\\\/wp-content\\\/uploads\\\/2024\\\/08\\\/toyota-1-1.jpg\",\"datePublished\":\"2024-08-20T21:24:49+00:00\",\"author\":{\"@id\":\"https:\\\/\\\/autofans.com.ar\\\/#\\\/schema\\\/person\\\/4a8dda0b6df83ac3d6723e921274c2aa\"},\"description\":\"Toyota Argentina organiz\u00f3 en Z\u00e1rate la edici\u00f3n 2024 de su programa \\\"Toyota y Vos Kids\\\" una iniciativa dedicada a la educaci\u00f3n vial para ni\u00f1os\",\"breadcrumb\":{\"@id\":\"https:\\\/\\\/autofans.com.ar\\\/index.php\\\/2024\\\/08\\\/20\\\/toyota-y-vos-kids-seguridad-vial-para-los-mas-chicos-en-zarate\\\/#breadcrumb\"},\"inLanguage\":\"es\",\"potentialAction\":[{\"@type\":\"ReadAction\",\"target\":[\"https:\\\/\\\/autofans.com.ar\\\/index.php\\\/2024\\\/08\\\/20\\\/toyota-y-vos-kids-seguridad-vial-para-los-mas-chicos-en-zarate\\\/\"]}]},{\"@type\":\"ImageObject\",\"inLanguage\":\"es\",\"@id\":\"https:\\\/\\\/autofans.com.ar\\\/index.php\\\/2024\\\/08\\\/20\\\/toyota-y-vos-kids-seguridad-vial-para-los-mas-chicos-en-zarate\\\/#primaryimage\",\"url\":\"https:\\\/\\\/autofans.com.ar\\\/wp-content\\\/uploads\\\/2024\\\/08\\\/toyota-1-1.jpg\",\"contentUrl\":\"https:\\\/\\\/autofans.com.ar\\\/wp-content\\\/uploads\\\/2024\\\/08\\\/toyota-1-1.jpg\",\"width\":1000,\"height\":667,\"caption\":\"Toyota\"},{\"@type\":\"BreadcrumbList\",\"@id\":\"https:\\\/\\\/autofans.com.ar\\\/index.php\\\/2024\\\/08\\\/20\\\/toyota-y-vos-kids-seguridad-vial-para-los-mas-chicos-en-zarate\\\/#breadcrumb\",\"itemListElement\":[{\"@type\":\"ListItem\",\"position\":1,\"name\":\"Inicio\",\"item\":\"https:\\\/\\\/autofans.com.ar\\\/\"},{\"@type\":\"ListItem\",\"position\":2,\"name\":\"Toyota y Vos Kids, seguridad vial para los m\u00e1s chicos en Z\u00e1rate\"}]},{\"@type\":\"WebSite\",\"@id\":\"https:\\\/\\\/autofans.com.ar\\\/#website\",\"url\":\"https:\\\/\\\/autofans.com.ar\\\/\",\"name\":\"\",\"description\":\"El multimedio referente de la industria automotriz\",\"potentialAction\":[{\"@type\":\"SearchAction\",\"target\":{\"@type\":\"EntryPoint\",\"urlTemplate\":\"https:\\\/\\\/autofans.com.ar\\\/?s={search_term_string}\"},\"query-input\":{\"@type\":\"PropertyValueSpecification\",\"valueRequired\":true,\"valueName\":\"search_term_string\"}}],\"inLanguage\":\"es\"},{\"@type\":\"Person\",\"@id\":\"https:\\\/\\\/autofans.com.ar\\\/#\\\/schema\\\/person\\\/4a8dda0b6df83ac3d6723e921274c2aa\",\"name\":\"Alejandro Gabriel Rosito\",\"image\":{\"@type\":\"ImageObject\",\"inLanguage\":\"es\",\"@id\":\"https:\\\/\\\/secure.gravatar.com\\\/avatar\\\/16c5dda1489adfc62618084dcbb91cffd879c374b13fe5dd8e44ed6733852c88?s=96&d=mm&r=g\",\"url\":\"https:\\\/\\\/secure.gravatar.com\\\/avatar\\\/16c5dda1489adfc62618084dcbb91cffd879c374b13fe5dd8e44ed6733852c88?s=96&d=mm&r=g\",\"contentUrl\":\"https:\\\/\\\/secure.gravatar.com\\\/avatar\\\/16c5dda1489adfc62618084dcbb91cffd879c374b13fe5dd8e44ed6733852c88?s=96&d=mm&r=g\",\"caption\":\"Alejandro Gabriel Rosito\"},\"url\":\"https:\\\/\\\/autofans.com.ar\\\/index.php\\\/author\\\/gabrielr\\\/\"}]}<\/script>\n<!-- \/ Yoast SEO plugin. -->","yoast_head_json":{"title":"Toyota y Vos Kids, seguridad vial para los m\u00e1s chicos en Z\u00e1rate -","description":"Toyota Argentina organiz\u00f3 en Z\u00e1rate la edici\u00f3n 2024 de su programa \"Toyota y Vos Kids\" una iniciativa dedicada a la educaci\u00f3n vial para ni\u00f1os","robots":{"index":"index","follow":"follow","max-snippet":"max-snippet:-1","max-image-preview":"max-image-preview:large","max-video-preview":"max-video-preview:-1"},"canonical":"https:\/\/autofans.com.ar\/index.php\/2024\/08\/20\/toyota-y-vos-kids-seguridad-vial-para-los-mas-chicos-en-zarate\/","og_locale":"es_ES","og_type":"article","og_title":"Toyota y Vos Kids, seguridad vial para los m\u00e1s chicos en Z\u00e1rate -","og_description":"Toyota Argentina organiz\u00f3 en Z\u00e1rate la edici\u00f3n 2024 de su programa \"Toyota y Vos Kids\" una iniciativa dedicada a la educaci\u00f3n vial para ni\u00f1os","og_url":"https:\/\/autofans.com.ar\/index.php\/2024\/08\/20\/toyota-y-vos-kids-seguridad-vial-para-los-mas-chicos-en-zarate\/","article_published_time":"2024-08-20T21:24:49+00:00","og_image":[{"url":"https:\/\/autofans.com.ar\/wp-content\/uploads\/2024\/08\/toyota-1-1.jpg","width":640,"height":427,"type":"image\/jpeg"}],"author":"Alejandro Gabriel Rosito","twitter_card":"summary_large_image","twitter_misc":{"Escrito por":"Alejandro Gabriel Rosito","Tiempo de lectura":"2 minutos"},"schema":{"@context":"https:\/\/schema.org","@graph":[{"@type":"Article","@id":"https:\/\/autofans.com.ar\/index.php\/2024\/08\/20\/toyota-y-vos-kids-seguridad-vial-para-los-mas-chicos-en-zarate\/#article","isPartOf":{"@id":"https:\/\/autofans.com.ar\/index.php\/2024\/08\/20\/toyota-y-vos-kids-seguridad-vial-para-los-mas-chicos-en-zarate\/"},"author":{"name":"Alejandro Gabriel Rosito","@id":"https:\/\/autofans.com.ar\/#\/schema\/person\/4a8dda0b6df83ac3d6723e921274c2aa"},"headline":"Toyota y Vos Kids, seguridad vial para los m\u00e1s chicos en Z\u00e1rate","datePublished":"2024-08-20T21:24:49+00:00","mainEntityOfPage":{"@id":"https:\/\/autofans.com.ar\/index.php\/2024\/08\/20\/toyota-y-vos-kids-seguridad-vial-para-los-mas-chicos-en-zarate\/"},"wordCount":403,"image":{"@id":"https:\/\/autofans.com.ar\/index.php\/2024\/08\/20\/toyota-y-vos-kids-seguridad-vial-para-los-mas-chicos-en-zarate\/#primaryimage"},"thumbnailUrl":"https:\/\/autofans.com.ar\/wp-content\/uploads\/2024\/08\/toyota-1-1.jpg","keywords":["educaci\u00f3n vial","ni\u00f1os y educaci\u00f3n vial.","programas educativos","Seguridad Vial","Toyota Argentina","Toyota y Vos Kids","Zarate"],"articleSection":["BIZSTYLE","NOTICIAS"],"inLanguage":"es"},{"@type":"WebPage","@id":"https:\/\/autofans.com.ar\/index.php\/2024\/08\/20\/toyota-y-vos-kids-seguridad-vial-para-los-mas-chicos-en-zarate\/","url":"https:\/\/autofans.com.ar\/index.php\/2024\/08\/20\/toyota-y-vos-kids-seguridad-vial-para-los-mas-chicos-en-zarate\/","name":"Toyota y Vos Kids, seguridad vial para los m\u00e1s chicos en Z\u00e1rate -","isPartOf":{"@id":"https:\/\/autofans.com.ar\/#website"},"primaryImageOfPage":{"@id":"https:\/\/autofans.com.ar\/index.php\/2024\/08\/20\/toyota-y-vos-kids-seguridad-vial-para-los-mas-chicos-en-zarate\/#primaryimage"},"image":{"@id":"https:\/\/autofans.com.ar\/index.php\/2024\/08\/20\/toyota-y-vos-kids-seguridad-vial-para-los-mas-chicos-en-zarate\/#primaryimage"},"thumbnailUrl":"https:\/\/autofans.com.ar\/wp-content\/uploads\/2024\/08\/toyota-1-1.jpg","datePublished":"2024-08-20T21:24:49+00:00","author":{"@id":"https:\/\/autofans.com.ar\/#\/schema\/person\/4a8dda0b6df83ac3d6723e921274c2aa"},"description":"Toyota Argentina organiz\u00f3 en Z\u00e1rate la edici\u00f3n 2024 de su programa \"Toyota y Vos Kids\" una iniciativa dedicada a la educaci\u00f3n vial para ni\u00f1os","breadcrumb":{"@id":"https:\/\/autofans.com.ar\/index.php\/2024\/08\/20\/toyota-y-vos-kids-seguridad-vial-para-los-mas-chicos-en-zarate\/#breadcrumb"},"inLanguage":"es","potentialAction":[{"@type":"ReadAction","target":["https:\/\/autofans.com.ar\/index.php\/2024\/08\/20\/toyota-y-vos-kids-seguridad-vial-para-los-mas-chicos-en-zarate\/"]}]},{"@type":"ImageObject","inLanguage":"es","@id":"https:\/\/autofans.com.ar\/index.php\/2024\/08\/20\/toyota-y-vos-kids-seguridad-vial-para-los-mas-chicos-en-zarate\/#primaryimage","url":"https:\/\/autofans.com.ar\/wp-content\/uploads\/2024\/08\/toyota-1-1.jpg","contentUrl":"https:\/\/autofans.com.ar\/wp-content\/uploads\/2024\/08\/toyota-1-1.jpg","width":1000,"height":667,"caption":"Toyota"},{"@type":"BreadcrumbList","@id":"https:\/\/autofans.com.ar\/index.php\/2024\/08\/20\/toyota-y-vos-kids-seguridad-vial-para-los-mas-chicos-en-zarate\/#breadcrumb","itemListElement":[{"@type":"ListItem","position":1,"name":"Inicio","item":"https:\/\/autofans.com.ar\/"},{"@type":"ListItem","position":2,"name":"Toyota y Vos Kids, seguridad vial para los m\u00e1s chicos en Z\u00e1rate"}]},{"@type":"WebSite","@id":"https:\/\/autofans.com.ar\/#website","url":"https:\/\/autofans.com.ar\/","name":"","description":"El multimedio referente de la industria automotriz","potentialAction":[{"@type":"SearchAction","target":{"@type":"EntryPoint","urlTemplate":"https:\/\/autofans.com.ar\/?s={search_term_string}"},"query-input":{"@type":"PropertyValueSpecification","valueRequired":true,"valueName":"search_term_string"}}],"inLanguage":"es"},{"@type":"Person","@id":"https:\/\/autofans.com.ar\/#\/schema\/person\/4a8dda0b6df83ac3d6723e921274c2aa","name":"Alejandro Gabriel Rosito","image":{"@type":"ImageObject","inLanguage":"es","@id":"https:\/\/secure.gravatar.com\/avatar\/16c5dda1489adfc62618084dcbb91cffd879c374b13fe5dd8e44ed6733852c88?s=96&d=mm&r=g","url":"https:\/\/secure.gravatar.com\/avatar\/16c5dda1489adfc62618084dcbb91cffd879c374b13fe5dd8e44ed6733852c88?s=96&d=mm&r=g","contentUrl":"https:\/\/secure.gravatar.com\/avatar\/16c5dda1489adfc62618084dcbb91cffd879c374b13fe5dd8e44ed6733852c88?s=96&d=mm&r=g","caption":"Alejandro Gabriel Rosito"},"url":"https:\/\/autofans.com.ar\/index.php\/author\/gabrielr\/"}]}},"featured_image_urls":{"full":["https:\/\/autofans.com.ar\/wp-content\/uploads\/2024\/08\/toyota-1-1.jpg",1000,667,false],"thumbnail":["https:\/\/autofans.com.ar\/wp-content\/uploads\/2024\/08\/toyota-1-1-150x150.jpg",150,150,true],"medium":["https:\/\/autofans.com.ar\/wp-content\/uploads\/2024\/08\/toyota-1-1-300x200.jpg",300,200,true],"medium_large":["https:\/\/autofans.com.ar\/wp-content\/uploads\/2024\/08\/toyota-1-1-768x512.jpg",640,427,true],"large":["https:\/\/autofans.com.ar\/wp-content\/uploads\/2024\/08\/toyota-1-1.jpg",640,427,false],"1536x1536":["https:\/\/autofans.com.ar\/wp-content\/uploads\/2024\/08\/toyota-1-1.jpg",1000,667,false],"2048x2048":["https:\/\/autofans.com.ar\/wp-content\/uploads\/2024\/08\/toyota-1-1.jpg",1000,667,false],"covernews-featured":["https:\/\/autofans.com.ar\/wp-content\/uploads\/2024\/08\/toyota-1-1.jpg",1000,667,false],"covernews-medium":["https:\/\/autofans.com.ar\/wp-content\/uploads\/2024\/08\/toyota-1-1-540x340.jpg",540,340,true]},"author_info":{"display_name":"Alejandro Gabriel Rosito","author_link":"https:\/\/autofans.com.ar\/index.php\/author\/gabrielr\/"},"category_info":"<a href=\"https:\/\/autofans.com.ar\/index.php\/category\/noticias\/bizstyle\/\" rel=\"category tag\">BIZSTYLE<\/a> <a href=\"https:\/\/autofans.com.ar\/index.php\/category\/noticias\/\" rel=\"category tag\">NOTICIAS<\/a>","tag_info":"NOTICIAS","comment_count":0,"_links":{"self":[{"href":"https:\/\/autofans.com.ar\/index.php\/wp-json\/wp\/v2\/posts\/8727","targetHints":{"allow":["GET"]}}],"collection":[{"href":"https:\/\/autofans.com.ar\/index.php\/wp-json\/wp\/v2\/posts"}],"about":[{"href":"https:\/\/autofans.com.ar\/index.php\/wp-json\/wp\/v2\/types\/post"}],"author":[{"embeddable":true,"href":"https:\/\/autofans.com.ar\/index.php\/wp-json\/wp\/v2\/users\/2"}],"replies":[{"embeddable":true,"href":"https:\/\/autofans.com.ar\/index.php\/wp-json\/wp\/v2\/comments?post=8727"}],"version-history":[{"count":5,"href":"https:\/\/autofans.com.ar\/index.php\/wp-json\/wp\/v2\/posts\/8727\/revisions"}],"predecessor-version":[{"id":8736,"href":"https:\/\/autofans.com.ar\/index.php\/wp-json\/wp\/v2\/posts\/8727\/revisions\/8736"}],"wp:featuredmedia":[{"embeddable":true,"href":"https:\/\/autofans.com.ar\/index.php\/wp-json\/wp\/v2\/media\/8731"}],"wp:attachment":[{"href":"https:\/\/autofans.com.ar\/index.php\/wp-json\/wp\/v2\/media?parent=8727"}],"wp:term":[{"taxonomy":"category","embeddable":true,"href":"https:\/\/autofans.com.ar\/index.php\/wp-json\/wp\/v2\/categories?post=8727"},{"taxonomy":"post_tag","embeddable":true,"href":"https:\/\/autofans.com.ar\/index.php\/wp-json\/wp\/v2\/tags?post=8727"}],"curies":[{"name":"wp","href":"https:\/\/api.w.org\/{rel}","templated":true}]}}