{"id":875,"date":"2023-03-16T20:56:00","date_gmt":"2023-03-16T23:56:00","guid":{"rendered":"https:\/\/autofans.com.ar\/?p=875"},"modified":"2023-03-16T20:56:00","modified_gmt":"2023-03-16T23:56:00","slug":"volkswagen-presenta-su-nuevo-prototipo-id-2all","status":"publish","type":"post","link":"https:\/\/autofans.com.ar\/index.php\/2023\/03\/16\/volkswagen-presenta-su-nuevo-prototipo-id-2all\/","title":{"rendered":"Volkswagen presenta su nuevo prototipo ID. 2all"},"content":{"rendered":"<p>Volkswagen presenta su nuevo prototipo ID. 2all. Ser\u00e1 el primer modelo completamente el\u00e9ctrico de la marca que costar\u00e1 menos de 25.000 euros. Con la tracci\u00f3n delantera, este nuevo modelo ofrece una autonom\u00eda de hasta 450 kil\u00f3metros, funciones tecnol\u00f3gicas innovadoras y un nuevo dise\u00f1o.<\/p>\n<p>&nbsp;<\/p>\n<p><img fetchpriority=\"high\" decoding=\"async\" class=\"aligncenter wp-image-879 size-full\" src=\"https:\/\/autofans.com.ar\/wp-content\/uploads\/2023\/03\/id-2all-3-jpg.webp\" alt=\"ID-2all\" width=\"1000\" height=\"667\" srcset=\"https:\/\/autofans.com.ar\/wp-content\/uploads\/2023\/03\/id-2all-3-jpg.webp 1000w, https:\/\/autofans.com.ar\/wp-content\/uploads\/2023\/03\/id-2all-3-300x200.webp 300w, https:\/\/autofans.com.ar\/wp-content\/uploads\/2023\/03\/id-2all-3-768x512.webp 768w\" sizes=\"(max-width: 1000px) 100vw, 1000px\" \/><\/p>\n<p>La plataforma MEB Entry se ha mejorado con una tecnolog\u00eda de propulsi\u00f3n, bater\u00eda y carga especialmente eficiente. Adem\u00e1s, este veh\u00edculo es uno de los diez nuevos modelos el\u00e9ctricos que la marca lanzar\u00e1 de aqu\u00ed a 2026. Cabe destacar que la versi\u00f3n de serie se presentar\u00e1 para el mercado europeo en 2025 y se espera que tenga un precio de entrada inferior a los 25.000 euros. Por lo tanto Andreas Mindt, dise\u00f1ador jefe de la marca Volkswagen, destaca que el ID. 2all ofrece un anticipo del nuevo lenguaje de dise\u00f1o de la marca, que se basa en las tres piedras angulares de la continuidad, la simpat\u00eda y el entusiasmo. Por esa raz\u00f3n Volkswagen contin\u00faa su estrategia de transformaci\u00f3n de la empresa para hacer de Volkswagen una verdadera Love Brand.<\/p>\n<blockquote>\n<p style=\"text-align: center;\">\u00abEstamos acelerando la transformaci\u00f3n para llevar la movilidad el\u00e9ctrica al siguiente nivel\u00bb, afirma Thomas Sch\u00e4fer, CEO de la marca Volkswagen.<\/p>\n<\/blockquote>\n<p>&nbsp;<\/p>\n<div id='gallery-1' class='gallery galleryid-875 gallery-columns-2 gallery-size-large'><figure class='gallery-item'>\n\t\t\t<div class='gallery-icon landscape'>\n\t\t\t\t<a href='https:\/\/autofans.com.ar\/index.php\/2023\/03\/16\/volkswagen-presenta-su-nuevo-prototipo-id-2all\/id-2all-5\/'><img loading=\"lazy\" width=\"640\" height=\"427\" src=\"https:\/\/autofans.com.ar\/wp-content\/uploads\/2023\/03\/id-2all-5-jpg.webp\" class=\"attachment-large size-large\" alt=\"ID-2all\" srcset=\"https:\/\/autofans.com.ar\/wp-content\/uploads\/2023\/03\/id-2all-5-jpg.webp 1000w, https:\/\/autofans.com.ar\/wp-content\/uploads\/2023\/03\/id-2all-5-300x200.webp 300w, https:\/\/autofans.com.ar\/wp-content\/uploads\/2023\/03\/id-2all-5-768x512.webp 768w\" sizes=\"auto, (max-width: 640px) 100vw, 640px\" loading=\"lazy\" decoding=\"async\" \/><\/a>\n\t\t\t<\/div><\/figure><figure class='gallery-item'>\n\t\t\t<div class='gallery-icon landscape'>\n\t\t\t\t<a href='https:\/\/autofans.com.ar\/index.php\/2023\/03\/16\/volkswagen-presenta-su-nuevo-prototipo-id-2all\/id-2all-6\/'><img loading=\"lazy\" width=\"640\" height=\"427\" src=\"https:\/\/autofans.com.ar\/wp-content\/uploads\/2023\/03\/id-2all-6-jpg.webp\" class=\"attachment-large size-large\" alt=\"ID-2all\" srcset=\"https:\/\/autofans.com.ar\/wp-content\/uploads\/2023\/03\/id-2all-6-jpg.webp 1000w, https:\/\/autofans.com.ar\/wp-content\/uploads\/2023\/03\/id-2all-6-300x200.webp 300w, https:\/\/autofans.com.ar\/wp-content\/uploads\/2023\/03\/id-2all-6-768x512.webp 768w\" sizes=\"auto, (max-width: 640px) 100vw, 640px\" loading=\"lazy\" decoding=\"async\" \/><\/a>\n\t\t\t<\/div><\/figure><figure class='gallery-item'>\n\t\t\t<div class='gallery-icon landscape'>\n\t\t\t\t<a href='https:\/\/autofans.com.ar\/index.php\/2023\/03\/16\/volkswagen-presenta-su-nuevo-prototipo-id-2all\/id-2all-2\/'><img loading=\"lazy\" width=\"640\" height=\"427\" src=\"https:\/\/autofans.com.ar\/wp-content\/uploads\/2023\/03\/id-2all-2-jpg.webp\" class=\"attachment-large size-large\" alt=\"ID-2all\" srcset=\"https:\/\/autofans.com.ar\/wp-content\/uploads\/2023\/03\/id-2all-2-jpg.webp 1000w, https:\/\/autofans.com.ar\/wp-content\/uploads\/2023\/03\/id-2all-2-300x200.webp 300w, https:\/\/autofans.com.ar\/wp-content\/uploads\/2023\/03\/id-2all-2-768x512.webp 768w\" sizes=\"auto, (max-width: 640px) 100vw, 640px\" loading=\"lazy\" decoding=\"async\" \/><\/a>\n\t\t\t<\/div><\/figure><figure class='gallery-item'>\n\t\t\t<div class='gallery-icon landscape'>\n\t\t\t\t<a href='https:\/\/autofans.com.ar\/index.php\/2023\/03\/16\/volkswagen-presenta-su-nuevo-prototipo-id-2all\/id-2all-4\/'><img loading=\"lazy\" width=\"640\" height=\"427\" src=\"https:\/\/autofans.com.ar\/wp-content\/uploads\/2023\/03\/id-2all-4-jpg.webp\" class=\"attachment-large size-large\" alt=\"ID-2all\" srcset=\"https:\/\/autofans.com.ar\/wp-content\/uploads\/2023\/03\/id-2all-4-jpg.webp 1000w, https:\/\/autofans.com.ar\/wp-content\/uploads\/2023\/03\/id-2all-4-300x200.webp 300w, https:\/\/autofans.com.ar\/wp-content\/uploads\/2023\/03\/id-2all-4-768x512.webp 768w\" sizes=\"auto, (max-width: 640px) 100vw, 640px\" loading=\"lazy\" decoding=\"async\" \/><\/a>\n\t\t\t<\/div><\/figure>\n\t\t<\/div>\n\n<p>Por lo tanto Volkswagen est\u00e1 trasladando las virtudes t\u00edpicas de VW al nuevo mundo de la movilidad: m\u00e1xima calidad y procesamiento, software convincente y servicios digitales con aut\u00e9ntico valor a\u00f1adido.<\/p>\n<p>La presentaci\u00f3n del ID. 2all es un claro ejemplo de que la marca Volkswagen se est\u00e1 centrando en la movilidad el\u00e9ctrica y la innovaci\u00f3n tecnol\u00f3gica. Esta presentaci\u00f3n de un nuevo modelo completamente el\u00e9ctrico a un precio asequible demuestra la estrategia de la marca de llegar a un p\u00fablico m\u00e1s amplio con la movilidad el\u00e9ctrica. Por ello est\u00e1 apostando por la electrificaci\u00f3n de su gama de modelos y pretende liderar la transici\u00f3n hacia la movilidad sostenible.<\/p>\n<p>&nbsp;<\/p>\n<p><i>Para enterarte de m\u00e1s novedades, no dejes de leer\u00a0<\/i><a href=\"https:\/\/autofans.thebrandsoup.com\/\"><i>nuestras notas<\/i><\/a><i>, de ver<\/i><b><i>\u00a0<\/i><\/b><a href=\"https:\/\/www.youtube.com\/channel\/UCgAC8UGHZYbT6P7PpmVnP7g\"><b><i>AUTOFANS TV<\/i><\/b><\/a><b><i>\u00a0<\/i><\/b><i>en nuestro\u00a0canal de Youtube. Adem\u00e1s seguinos en\u00a0<\/i><a href=\"https:\/\/www.instagram.com\/autofanstv\/\"><i>INSTAGRAM<\/i><\/a><i> y <\/i><a href=\"https:\/\/www.facebook.com\/autofansmas\/\"><i>FACEBOOK<\/i><\/a><i> para no perderte nada sobre las novedades del segmento automotor de Argentina y el mundo.<\/i><\/p>\n","protected":false},"excerpt":{"rendered":"<p>Volkswagen presenta su nuevo prototipo ID. 2all. Ser\u00e1 el primer modelo completamente el\u00e9ctrico de la&#8230;<\/p>\n","protected":false},"author":2,"featured_media":881,"comment_status":"closed","ping_status":"closed","sticky":false,"template":"","format":"standard","meta":{"footnotes":""},"categories":[341,16],"tags":[378,380,379,381,32,382,75],"class_list":["post-875","post","type-post","status-publish","format-standard","has-post-thumbnail","hentry","category-hibridos-y-electricos","category-noticias","tag-id-2all","tag-innovacion-tecnologica","tag-movilidad-electrica","tag-plataforma-meb-entry","tag-vehiculo-electrico","tag-volkswagen","tag-volkswagen-argentina"],"yoast_head":"<!-- This site is optimized with the Yoast SEO plugin v27.5 - https:\/\/yoast.com\/product\/yoast-seo-wordpress\/ -->\n<title>Volkswagen presenta su nuevo prototipo ID. 2all -<\/title>\n<meta name=\"description\" content=\"Volkswagen presenta su nuevo prototipo ID. 2all, el primer modelo completamente el\u00e9ctrico de la marca que costar\u00e1 menos de 25.000 euros.\" \/>\n<meta name=\"robots\" content=\"index, follow, max-snippet:-1, max-image-preview:large, max-video-preview:-1\" \/>\n<link rel=\"canonical\" href=\"https:\/\/autofans.com.ar\/index.php\/2023\/03\/16\/volkswagen-presenta-su-nuevo-prototipo-id-2all\/\" \/>\n<meta property=\"og:locale\" content=\"es_ES\" \/>\n<meta property=\"og:type\" content=\"article\" \/>\n<meta property=\"og:title\" content=\"Volkswagen presenta su nuevo prototipo ID. 2all -\" \/>\n<meta property=\"og:description\" content=\"Volkswagen presenta su nuevo prototipo ID. 2all, el primer modelo completamente el\u00e9ctrico de la marca que costar\u00e1 menos de 25.000 euros.\" \/>\n<meta property=\"og:url\" content=\"https:\/\/autofans.com.ar\/index.php\/2023\/03\/16\/volkswagen-presenta-su-nuevo-prototipo-id-2all\/\" \/>\n<meta property=\"article:published_time\" content=\"2023-03-16T23:56:00+00:00\" \/>\n<meta property=\"og:image\" content=\"https:\/\/autofans.com.ar\/wp-content\/uploads\/2023\/03\/id-2all-1-jpg.webp\" \/>\n\t<meta property=\"og:image:width\" content=\"1000\" \/>\n\t<meta property=\"og:image:height\" content=\"667\" \/>\n\t<meta property=\"og:image:type\" content=\"image\/jpeg\" \/>\n<meta name=\"author\" content=\"Alejandro Gabriel Rosito\" \/>\n<meta name=\"twitter:card\" content=\"summary_large_image\" \/>\n<meta name=\"twitter:label1\" content=\"Escrito por\" \/>\n\t<meta name=\"twitter:data1\" content=\"Alejandro Gabriel Rosito\" \/>\n\t<meta name=\"twitter:label2\" content=\"Tiempo de lectura\" \/>\n\t<meta name=\"twitter:data2\" content=\"2 minutos\" \/>\n<script type=\"application\/ld+json\" class=\"yoast-schema-graph\">{\"@context\":\"https:\\\/\\\/schema.org\",\"@graph\":[{\"@type\":\"Article\",\"@id\":\"https:\\\/\\\/autofans.com.ar\\\/index.php\\\/2023\\\/03\\\/16\\\/volkswagen-presenta-su-nuevo-prototipo-id-2all\\\/#article\",\"isPartOf\":{\"@id\":\"https:\\\/\\\/autofans.com.ar\\\/index.php\\\/2023\\\/03\\\/16\\\/volkswagen-presenta-su-nuevo-prototipo-id-2all\\\/\"},\"author\":{\"name\":\"Alejandro Gabriel Rosito\",\"@id\":\"https:\\\/\\\/autofans.com.ar\\\/#\\\/schema\\\/person\\\/4a8dda0b6df83ac3d6723e921274c2aa\"},\"headline\":\"Volkswagen presenta su nuevo prototipo ID. 2all\",\"datePublished\":\"2023-03-16T23:56:00+00:00\",\"mainEntityOfPage\":{\"@id\":\"https:\\\/\\\/autofans.com.ar\\\/index.php\\\/2023\\\/03\\\/16\\\/volkswagen-presenta-su-nuevo-prototipo-id-2all\\\/\"},\"wordCount\":386,\"image\":{\"@id\":\"https:\\\/\\\/autofans.com.ar\\\/index.php\\\/2023\\\/03\\\/16\\\/volkswagen-presenta-su-nuevo-prototipo-id-2all\\\/#primaryimage\"},\"thumbnailUrl\":\"https:\\\/\\\/autofans.com.ar\\\/wp-content\\\/uploads\\\/2023\\\/03\\\/id-2all-1-jpg.webp\",\"keywords\":[\"ID. 2all\",\"innovaci\u00f3n tecnol\u00f3gica\",\"movilidad el\u00e9ctrica\",\"plataforma MEB Entry\",\"Vehiculo electrico\",\"Volkswagen\",\"Volkswagen Argentina\"],\"articleSection\":[\"HIBRIDOS, ELECTRICOS y otros\",\"NOTICIAS\"],\"inLanguage\":\"es\"},{\"@type\":\"WebPage\",\"@id\":\"https:\\\/\\\/autofans.com.ar\\\/index.php\\\/2023\\\/03\\\/16\\\/volkswagen-presenta-su-nuevo-prototipo-id-2all\\\/\",\"url\":\"https:\\\/\\\/autofans.com.ar\\\/index.php\\\/2023\\\/03\\\/16\\\/volkswagen-presenta-su-nuevo-prototipo-id-2all\\\/\",\"name\":\"Volkswagen presenta su nuevo prototipo ID. 2all -\",\"isPartOf\":{\"@id\":\"https:\\\/\\\/autofans.com.ar\\\/#website\"},\"primaryImageOfPage\":{\"@id\":\"https:\\\/\\\/autofans.com.ar\\\/index.php\\\/2023\\\/03\\\/16\\\/volkswagen-presenta-su-nuevo-prototipo-id-2all\\\/#primaryimage\"},\"image\":{\"@id\":\"https:\\\/\\\/autofans.com.ar\\\/index.php\\\/2023\\\/03\\\/16\\\/volkswagen-presenta-su-nuevo-prototipo-id-2all\\\/#primaryimage\"},\"thumbnailUrl\":\"https:\\\/\\\/autofans.com.ar\\\/wp-content\\\/uploads\\\/2023\\\/03\\\/id-2all-1-jpg.webp\",\"datePublished\":\"2023-03-16T23:56:00+00:00\",\"author\":{\"@id\":\"https:\\\/\\\/autofans.com.ar\\\/#\\\/schema\\\/person\\\/4a8dda0b6df83ac3d6723e921274c2aa\"},\"description\":\"Volkswagen presenta su nuevo prototipo ID. 2all, el primer modelo completamente el\u00e9ctrico de la marca que costar\u00e1 menos de 25.000 euros.\",\"breadcrumb\":{\"@id\":\"https:\\\/\\\/autofans.com.ar\\\/index.php\\\/2023\\\/03\\\/16\\\/volkswagen-presenta-su-nuevo-prototipo-id-2all\\\/#breadcrumb\"},\"inLanguage\":\"es\",\"potentialAction\":[{\"@type\":\"ReadAction\",\"target\":[\"https:\\\/\\\/autofans.com.ar\\\/index.php\\\/2023\\\/03\\\/16\\\/volkswagen-presenta-su-nuevo-prototipo-id-2all\\\/\"]}]},{\"@type\":\"ImageObject\",\"inLanguage\":\"es\",\"@id\":\"https:\\\/\\\/autofans.com.ar\\\/index.php\\\/2023\\\/03\\\/16\\\/volkswagen-presenta-su-nuevo-prototipo-id-2all\\\/#primaryimage\",\"url\":\"https:\\\/\\\/autofans.com.ar\\\/wp-content\\\/uploads\\\/2023\\\/03\\\/id-2all-1-jpg.webp\",\"contentUrl\":\"https:\\\/\\\/autofans.com.ar\\\/wp-content\\\/uploads\\\/2023\\\/03\\\/id-2all-1-jpg.webp\",\"width\":1000,\"height\":667,\"caption\":\"ID-2all\"},{\"@type\":\"BreadcrumbList\",\"@id\":\"https:\\\/\\\/autofans.com.ar\\\/index.php\\\/2023\\\/03\\\/16\\\/volkswagen-presenta-su-nuevo-prototipo-id-2all\\\/#breadcrumb\",\"itemListElement\":[{\"@type\":\"ListItem\",\"position\":1,\"name\":\"Inicio\",\"item\":\"https:\\\/\\\/autofans.com.ar\\\/\"},{\"@type\":\"ListItem\",\"position\":2,\"name\":\"Volkswagen presenta su nuevo prototipo ID. 2all\"}]},{\"@type\":\"WebSite\",\"@id\":\"https:\\\/\\\/autofans.com.ar\\\/#website\",\"url\":\"https:\\\/\\\/autofans.com.ar\\\/\",\"name\":\"\",\"description\":\"El multimedio referente de la industria automotriz\",\"potentialAction\":[{\"@type\":\"SearchAction\",\"target\":{\"@type\":\"EntryPoint\",\"urlTemplate\":\"https:\\\/\\\/autofans.com.ar\\\/?s={search_term_string}\"},\"query-input\":{\"@type\":\"PropertyValueSpecification\",\"valueRequired\":true,\"valueName\":\"search_term_string\"}}],\"inLanguage\":\"es\"},{\"@type\":\"Person\",\"@id\":\"https:\\\/\\\/autofans.com.ar\\\/#\\\/schema\\\/person\\\/4a8dda0b6df83ac3d6723e921274c2aa\",\"name\":\"Alejandro Gabriel Rosito\",\"image\":{\"@type\":\"ImageObject\",\"inLanguage\":\"es\",\"@id\":\"https:\\\/\\\/secure.gravatar.com\\\/avatar\\\/16c5dda1489adfc62618084dcbb91cffd879c374b13fe5dd8e44ed6733852c88?s=96&d=mm&r=g\",\"url\":\"https:\\\/\\\/secure.gravatar.com\\\/avatar\\\/16c5dda1489adfc62618084dcbb91cffd879c374b13fe5dd8e44ed6733852c88?s=96&d=mm&r=g\",\"contentUrl\":\"https:\\\/\\\/secure.gravatar.com\\\/avatar\\\/16c5dda1489adfc62618084dcbb91cffd879c374b13fe5dd8e44ed6733852c88?s=96&d=mm&r=g\",\"caption\":\"Alejandro Gabriel Rosito\"},\"url\":\"https:\\\/\\\/autofans.com.ar\\\/index.php\\\/author\\\/gabrielr\\\/\"}]}<\/script>\n<!-- \/ Yoast SEO plugin. -->","yoast_head_json":{"title":"Volkswagen presenta su nuevo prototipo ID. 2all -","description":"Volkswagen presenta su nuevo prototipo ID. 2all, el primer modelo completamente el\u00e9ctrico de la marca que costar\u00e1 menos de 25.000 euros.","robots":{"index":"index","follow":"follow","max-snippet":"max-snippet:-1","max-image-preview":"max-image-preview:large","max-video-preview":"max-video-preview:-1"},"canonical":"https:\/\/autofans.com.ar\/index.php\/2023\/03\/16\/volkswagen-presenta-su-nuevo-prototipo-id-2all\/","og_locale":"es_ES","og_type":"article","og_title":"Volkswagen presenta su nuevo prototipo ID. 2all -","og_description":"Volkswagen presenta su nuevo prototipo ID. 2all, el primer modelo completamente el\u00e9ctrico de la marca que costar\u00e1 menos de 25.000 euros.","og_url":"https:\/\/autofans.com.ar\/index.php\/2023\/03\/16\/volkswagen-presenta-su-nuevo-prototipo-id-2all\/","article_published_time":"2023-03-16T23:56:00+00:00","og_image":[{"width":1000,"height":667,"url":"https:\/\/autofans.com.ar\/wp-content\/uploads\/2023\/03\/id-2all-1-jpg.webp","type":"image\/jpeg"}],"author":"Alejandro Gabriel Rosito","twitter_card":"summary_large_image","twitter_misc":{"Escrito por":"Alejandro Gabriel Rosito","Tiempo de lectura":"2 minutos"},"schema":{"@context":"https:\/\/schema.org","@graph":[{"@type":"Article","@id":"https:\/\/autofans.com.ar\/index.php\/2023\/03\/16\/volkswagen-presenta-su-nuevo-prototipo-id-2all\/#article","isPartOf":{"@id":"https:\/\/autofans.com.ar\/index.php\/2023\/03\/16\/volkswagen-presenta-su-nuevo-prototipo-id-2all\/"},"author":{"name":"Alejandro Gabriel Rosito","@id":"https:\/\/autofans.com.ar\/#\/schema\/person\/4a8dda0b6df83ac3d6723e921274c2aa"},"headline":"Volkswagen presenta su nuevo prototipo ID. 2all","datePublished":"2023-03-16T23:56:00+00:00","mainEntityOfPage":{"@id":"https:\/\/autofans.com.ar\/index.php\/2023\/03\/16\/volkswagen-presenta-su-nuevo-prototipo-id-2all\/"},"wordCount":386,"image":{"@id":"https:\/\/autofans.com.ar\/index.php\/2023\/03\/16\/volkswagen-presenta-su-nuevo-prototipo-id-2all\/#primaryimage"},"thumbnailUrl":"https:\/\/autofans.com.ar\/wp-content\/uploads\/2023\/03\/id-2all-1-jpg.webp","keywords":["ID. 2all","innovaci\u00f3n tecnol\u00f3gica","movilidad el\u00e9ctrica","plataforma MEB Entry","Vehiculo electrico","Volkswagen","Volkswagen Argentina"],"articleSection":["HIBRIDOS, ELECTRICOS y otros","NOTICIAS"],"inLanguage":"es"},{"@type":"WebPage","@id":"https:\/\/autofans.com.ar\/index.php\/2023\/03\/16\/volkswagen-presenta-su-nuevo-prototipo-id-2all\/","url":"https:\/\/autofans.com.ar\/index.php\/2023\/03\/16\/volkswagen-presenta-su-nuevo-prototipo-id-2all\/","name":"Volkswagen presenta su nuevo prototipo ID. 2all -","isPartOf":{"@id":"https:\/\/autofans.com.ar\/#website"},"primaryImageOfPage":{"@id":"https:\/\/autofans.com.ar\/index.php\/2023\/03\/16\/volkswagen-presenta-su-nuevo-prototipo-id-2all\/#primaryimage"},"image":{"@id":"https:\/\/autofans.com.ar\/index.php\/2023\/03\/16\/volkswagen-presenta-su-nuevo-prototipo-id-2all\/#primaryimage"},"thumbnailUrl":"https:\/\/autofans.com.ar\/wp-content\/uploads\/2023\/03\/id-2all-1-jpg.webp","datePublished":"2023-03-16T23:56:00+00:00","author":{"@id":"https:\/\/autofans.com.ar\/#\/schema\/person\/4a8dda0b6df83ac3d6723e921274c2aa"},"description":"Volkswagen presenta su nuevo prototipo ID. 2all, el primer modelo completamente el\u00e9ctrico de la marca que costar\u00e1 menos de 25.000 euros.","breadcrumb":{"@id":"https:\/\/autofans.com.ar\/index.php\/2023\/03\/16\/volkswagen-presenta-su-nuevo-prototipo-id-2all\/#breadcrumb"},"inLanguage":"es","potentialAction":[{"@type":"ReadAction","target":["https:\/\/autofans.com.ar\/index.php\/2023\/03\/16\/volkswagen-presenta-su-nuevo-prototipo-id-2all\/"]}]},{"@type":"ImageObject","inLanguage":"es","@id":"https:\/\/autofans.com.ar\/index.php\/2023\/03\/16\/volkswagen-presenta-su-nuevo-prototipo-id-2all\/#primaryimage","url":"https:\/\/autofans.com.ar\/wp-content\/uploads\/2023\/03\/id-2all-1-jpg.webp","contentUrl":"https:\/\/autofans.com.ar\/wp-content\/uploads\/2023\/03\/id-2all-1-jpg.webp","width":1000,"height":667,"caption":"ID-2all"},{"@type":"BreadcrumbList","@id":"https:\/\/autofans.com.ar\/index.php\/2023\/03\/16\/volkswagen-presenta-su-nuevo-prototipo-id-2all\/#breadcrumb","itemListElement":[{"@type":"ListItem","position":1,"name":"Inicio","item":"https:\/\/autofans.com.ar\/"},{"@type":"ListItem","position":2,"name":"Volkswagen presenta su nuevo prototipo ID. 2all"}]},{"@type":"WebSite","@id":"https:\/\/autofans.com.ar\/#website","url":"https:\/\/autofans.com.ar\/","name":"","description":"El multimedio referente de la industria automotriz","potentialAction":[{"@type":"SearchAction","target":{"@type":"EntryPoint","urlTemplate":"https:\/\/autofans.com.ar\/?s={search_term_string}"},"query-input":{"@type":"PropertyValueSpecification","valueRequired":true,"valueName":"search_term_string"}}],"inLanguage":"es"},{"@type":"Person","@id":"https:\/\/autofans.com.ar\/#\/schema\/person\/4a8dda0b6df83ac3d6723e921274c2aa","name":"Alejandro Gabriel Rosito","image":{"@type":"ImageObject","inLanguage":"es","@id":"https:\/\/secure.gravatar.com\/avatar\/16c5dda1489adfc62618084dcbb91cffd879c374b13fe5dd8e44ed6733852c88?s=96&d=mm&r=g","url":"https:\/\/secure.gravatar.com\/avatar\/16c5dda1489adfc62618084dcbb91cffd879c374b13fe5dd8e44ed6733852c88?s=96&d=mm&r=g","contentUrl":"https:\/\/secure.gravatar.com\/avatar\/16c5dda1489adfc62618084dcbb91cffd879c374b13fe5dd8e44ed6733852c88?s=96&d=mm&r=g","caption":"Alejandro Gabriel Rosito"},"url":"https:\/\/autofans.com.ar\/index.php\/author\/gabrielr\/"}]}},"featured_image_urls":{"full":["https:\/\/autofans.com.ar\/wp-content\/uploads\/2023\/03\/id-2all-1-jpg.webp",1000,667,false],"thumbnail":["https:\/\/autofans.com.ar\/wp-content\/uploads\/2023\/03\/id-2all-1-150x150.webp",150,150,true],"medium":["https:\/\/autofans.com.ar\/wp-content\/uploads\/2023\/03\/id-2all-1-300x200.webp",300,200,true],"medium_large":["https:\/\/autofans.com.ar\/wp-content\/uploads\/2023\/03\/id-2all-1-768x512.webp",640,427,true],"large":["https:\/\/autofans.com.ar\/wp-content\/uploads\/2023\/03\/id-2all-1-jpg.webp",640,427,false],"1536x1536":["https:\/\/autofans.com.ar\/wp-content\/uploads\/2023\/03\/id-2all-1-jpg.webp",1000,667,false],"2048x2048":["https:\/\/autofans.com.ar\/wp-content\/uploads\/2023\/03\/id-2all-1-jpg.webp",1000,667,false],"covernews-featured":["https:\/\/autofans.com.ar\/wp-content\/uploads\/2023\/03\/id-2all-1-jpg.webp",1000,667,false],"covernews-medium":["https:\/\/autofans.com.ar\/wp-content\/uploads\/2023\/03\/id-2all-1-540x340.webp",540,340,true]},"author_info":{"display_name":"Alejandro Gabriel Rosito","author_link":"https:\/\/autofans.com.ar\/index.php\/author\/gabrielr\/"},"category_info":"<a href=\"https:\/\/autofans.com.ar\/index.php\/category\/noticias\/hibridos-y-electricos\/\" rel=\"category tag\">HIBRIDOS, ELECTRICOS y otros<\/a> <a href=\"https:\/\/autofans.com.ar\/index.php\/category\/noticias\/\" rel=\"category tag\">NOTICIAS<\/a>","tag_info":"NOTICIAS","comment_count":0,"_links":{"self":[{"href":"https:\/\/autofans.com.ar\/index.php\/wp-json\/wp\/v2\/posts\/875","targetHints":{"allow":["GET"]}}],"collection":[{"href":"https:\/\/autofans.com.ar\/index.php\/wp-json\/wp\/v2\/posts"}],"about":[{"href":"https:\/\/autofans.com.ar\/index.php\/wp-json\/wp\/v2\/types\/post"}],"author":[{"embeddable":true,"href":"https:\/\/autofans.com.ar\/index.php\/wp-json\/wp\/v2\/users\/2"}],"replies":[{"embeddable":true,"href":"https:\/\/autofans.com.ar\/index.php\/wp-json\/wp\/v2\/comments?post=875"}],"version-history":[{"count":6,"href":"https:\/\/autofans.com.ar\/index.php\/wp-json\/wp\/v2\/posts\/875\/revisions"}],"predecessor-version":[{"id":887,"href":"https:\/\/autofans.com.ar\/index.php\/wp-json\/wp\/v2\/posts\/875\/revisions\/887"}],"wp:featuredmedia":[{"embeddable":true,"href":"https:\/\/autofans.com.ar\/index.php\/wp-json\/wp\/v2\/media\/881"}],"wp:attachment":[{"href":"https:\/\/autofans.com.ar\/index.php\/wp-json\/wp\/v2\/media?parent=875"}],"wp:term":[{"taxonomy":"category","embeddable":true,"href":"https:\/\/autofans.com.ar\/index.php\/wp-json\/wp\/v2\/categories?post=875"},{"taxonomy":"post_tag","embeddable":true,"href":"https:\/\/autofans.com.ar\/index.php\/wp-json\/wp\/v2\/tags?post=875"}],"curies":[{"name":"wp","href":"https:\/\/api.w.org\/{rel}","templated":true}]}}