{"id":8756,"date":"2024-08-22T17:24:27","date_gmt":"2024-08-22T20:24:27","guid":{"rendered":"https:\/\/autofans.com.ar\/?p=8756"},"modified":"2024-08-22T19:32:28","modified_gmt":"2024-08-22T22:32:28","slug":"honda-argentina-celebra-46-anos-con-un-ambicioso-plan-de-exportacion","status":"publish","type":"post","link":"https:\/\/autofans.com.ar\/index.php\/2024\/08\/22\/honda-argentina-celebra-46-anos-con-un-ambicioso-plan-de-exportacion\/","title":{"rendered":"Honda Argentina celebra 46 a\u00f1os con un ambicioso plan de exportaci\u00f3n"},"content":{"rendered":"<p>En agosto, Honda Motor de Argentina celebra su 46\u00b0 aniversario en el pa\u00eds, reafirmando su liderazgo como la mayor productora y vendedora de motocicletas en Argentina. En este contexto, la empresa anuncia una significativa expansi\u00f3n de su proyecto de exportaci\u00f3n de piezas fabricadas localmente, especialmente dirigidas al mercado de reposici\u00f3n en Brasil.<\/p>\n<p>&nbsp;<\/p>\n<h2>Honda apuesta a la expansi\u00f3n<\/h2>\n<p>Para alcanzar este objetivo, Honda destinar\u00e1 15,4 millones de d\u00f3lares en los pr\u00f3ximos tres a\u00f1os a su planta en Campana. Esta inversi\u00f3n forma parte de la estrategia de la empresa para continuar promoviendo la producci\u00f3n nacional y aumentar la cantidad de piezas exportadas, impulsando la econom\u00eda local y el crecimiento de la compa\u00f1\u00eda en la regi\u00f3n.<\/p>\n<p>&nbsp;<\/p>\n<div id='gallery-1' class='gallery galleryid-8756 gallery-columns-2 gallery-size-full'><figure class='gallery-item'>\n\t\t\t<div class='gallery-icon landscape'>\n\t\t\t\t<a href='https:\/\/autofans.com.ar\/index.php\/2024\/08\/22\/honda-argentina-celebra-46-anos-con-un-ambicioso-plan-de-exportacion\/honda-5-2\/'><img loading=\"lazy\" width=\"1000\" height=\"667\" src=\"https:\/\/autofans.com.ar\/wp-content\/uploads\/2024\/08\/honda-5-1.jpg\" class=\"attachment-full size-full\" alt=\"Honda\" srcset=\"https:\/\/autofans.com.ar\/wp-content\/uploads\/2024\/08\/honda-5-1.jpg 1000w, https:\/\/autofans.com.ar\/wp-content\/uploads\/2024\/08\/honda-5-1-300x200.jpg 300w, https:\/\/autofans.com.ar\/wp-content\/uploads\/2024\/08\/honda-5-1-768x512.jpg 768w\" sizes=\"auto, (max-width: 1000px) 100vw, 1000px\" loading=\"lazy\" decoding=\"async\" \/><\/a>\n\t\t\t<\/div><\/figure><figure class='gallery-item'>\n\t\t\t<div class='gallery-icon landscape'>\n\t\t\t\t<a href='https:\/\/autofans.com.ar\/index.php\/2024\/08\/22\/honda-argentina-celebra-46-anos-con-un-ambicioso-plan-de-exportacion\/honda-2-7\/'><img loading=\"lazy\" width=\"1000\" height=\"667\" src=\"https:\/\/autofans.com.ar\/wp-content\/uploads\/2024\/08\/honda-2-1.jpg\" class=\"attachment-full size-full\" alt=\"Honda\" srcset=\"https:\/\/autofans.com.ar\/wp-content\/uploads\/2024\/08\/honda-2-1.jpg 1000w, https:\/\/autofans.com.ar\/wp-content\/uploads\/2024\/08\/honda-2-1-300x200.jpg 300w, https:\/\/autofans.com.ar\/wp-content\/uploads\/2024\/08\/honda-2-1-768x512.jpg 768w\" sizes=\"auto, (max-width: 1000px) 100vw, 1000px\" loading=\"lazy\" decoding=\"async\" \/><\/a>\n\t\t\t<\/div><\/figure>\n\t\t<\/div>\n\n<p>&nbsp;<\/p>\n<p>La historia de Honda en Argentina est\u00e1 marcada por la innovaci\u00f3n y la expansi\u00f3n constante. La actividad de exportaci\u00f3n comenz\u00f3 hace m\u00e1s de diez a\u00f1os con la motocicleta XR250 Tornado, y desde entonces, las motocicletas producidas en el pa\u00eds han llegado a diversos mercados internacionales, incluyendo Bolivia, Costa Rica, y Uruguay, entre otros.<\/p>\n<p>&nbsp;<\/p>\n<blockquote>\n<p style=\"text-align: center;\"><span id=\"m_-2349443152556059886docs-internal-guid-ad49dff8-7fff-0f6e-5cf6-d2e4949bda12\">Santiago Pogliano, Director de Honda Motor de Argentina, coment\u00f3: \u201cEsta nueva inversi\u00f3n representa otro gran paso para Honda en Argentina, de cara a los pr\u00f3ximos proyectos previstos para la compa\u00f1\u00eda en el pa\u00eds.\u00a0Estamos muy contentos del trabajo que venimos haciendo\u00a0desde hace m\u00e1s de quince a\u00f1os,\u00a0para robustecer la producci\u00f3n local y la sinergia con la regi\u00f3n.\u00a0Seguimos\u00a0fuertemente comprometidos con el crecimiento de los negocios de la compa\u00f1\u00eda\u00a0en el pa\u00eds, el desarrollo del sector y el fortalecimiento de la industria nacional\u201d.<\/span><\/p>\n<\/blockquote>\n<p>&nbsp;<\/p>\n<h2>1,4 millones de unidades producidas en Argentina<\/h2>\n<p>La primera planta de Honda en Argentina se estableci\u00f3 en Florencio Varela en 2006, donde se inici\u00f3 la producci\u00f3n del modelo Biz C105, seguido por la Wave NF100, que se convirti\u00f3 en la moto m\u00e1s vendida del pa\u00eds durante cinco a\u00f1os consecutivos. Actualmente, la planta de Campana produce nueve modelos, con una moto saliendo de la l\u00ednea de producci\u00f3n cada 67 segundos y m\u00e1s de 500 unidades fabricadas diariamente.<\/p>\n<p>&nbsp;<\/p>\n<div id='gallery-2' class='gallery galleryid-8756 gallery-columns-2 gallery-size-full'><figure class='gallery-item'>\n\t\t\t<div class='gallery-icon landscape'>\n\t\t\t\t<a href='https:\/\/autofans.com.ar\/index.php\/2024\/08\/22\/honda-argentina-celebra-46-anos-con-un-ambicioso-plan-de-exportacion\/honda-1-6\/'><img loading=\"lazy\" width=\"1000\" height=\"667\" src=\"https:\/\/autofans.com.ar\/wp-content\/uploads\/2024\/08\/honda-1-1.jpg\" class=\"attachment-full size-full\" alt=\"Honda\" srcset=\"https:\/\/autofans.com.ar\/wp-content\/uploads\/2024\/08\/honda-1-1.jpg 1000w, https:\/\/autofans.com.ar\/wp-content\/uploads\/2024\/08\/honda-1-1-300x200.jpg 300w, https:\/\/autofans.com.ar\/wp-content\/uploads\/2024\/08\/honda-1-1-768x512.jpg 768w\" sizes=\"auto, (max-width: 1000px) 100vw, 1000px\" loading=\"lazy\" decoding=\"async\" \/><\/a>\n\t\t\t<\/div><\/figure><figure class='gallery-item'>\n\t\t\t<div class='gallery-icon landscape'>\n\t\t\t\t<a href='https:\/\/autofans.com.ar\/index.php\/2024\/08\/22\/honda-argentina-celebra-46-anos-con-un-ambicioso-plan-de-exportacion\/honda-3-7\/'><img loading=\"lazy\" width=\"1000\" height=\"667\" src=\"https:\/\/autofans.com.ar\/wp-content\/uploads\/2024\/08\/honda-3-1.jpg\" class=\"attachment-full size-full\" alt=\"Honda\" srcset=\"https:\/\/autofans.com.ar\/wp-content\/uploads\/2024\/08\/honda-3-1.jpg 1000w, https:\/\/autofans.com.ar\/wp-content\/uploads\/2024\/08\/honda-3-1-300x200.jpg 300w, https:\/\/autofans.com.ar\/wp-content\/uploads\/2024\/08\/honda-3-1-768x512.jpg 768w\" sizes=\"auto, (max-width: 1000px) 100vw, 1000px\" loading=\"lazy\" decoding=\"async\" \/><\/a>\n\t\t\t<\/div><\/figure>\n\t\t<\/div>\n\n<p>&nbsp;<\/p>\n<p>En este aniversario, Honda ha alcanzado un hito significativo al superar las 1,4 millones de unidades fabricadas en Argentina. Entre los modelos m\u00e1s destacados se encuentran la Wave, con m\u00e1s de 550.000 unidades, y la emblem\u00e1tica XR250 Tornado, con m\u00e1s de 100.000 unidades producidas.<\/p>\n<p>Con m\u00e1s de 770 empleados y una red de concesionarios de m\u00e1s de 274 puntos de venta oficiales en todo el pa\u00eds, Honda contin\u00faa consolidando su liderazgo en el sector, comprometida con la seguridad, el medio ambiente y la movilidad de los sue\u00f1os.<\/p>\n<p>&nbsp;<\/p>\n<p><center><iframe title=\"Honda Argentina celebra 46 a\u00f1os con un ambicioso plan de exportaci\u00f3n\" width=\"640\" height=\"360\" src=\"https:\/\/www.youtube.com\/embed\/qTBqeBLoPiM?feature=oembed\" frameborder=\"0\" allow=\"accelerometer; autoplay; clipboard-write; encrypted-media; gyroscope; picture-in-picture; web-share\" referrerpolicy=\"strict-origin-when-cross-origin\" allowfullscreen><\/iframe><\/p>\n<p><\/center>&nbsp;<\/p>\n<p>&nbsp;<\/p>\n<p><i>Para enterarte de m\u00e1s novedades, no dejes de leer\u00a0<\/i><a href=\"https:\/\/autofans.thebrandsoup.com\/\"><i>nuestras notas<\/i><\/a><i>, de ver<\/i><b><i>\u00a0<\/i><\/b><a href=\"https:\/\/www.youtube.com\/channel\/UCgAC8UGHZYbT6P7PpmVnP7g\"><b><i>AUTOFANS TV<\/i><\/b><\/a><b><i>\u00a0<\/i><\/b><i>en nuestro\u00a0canal de Youtube. Adem\u00e1s seguinos en\u00a0<\/i><a href=\"https:\/\/www.instagram.com\/autofanstv\/\"><i>INSTAGRAM<\/i><\/a><i> y <\/i><a href=\"https:\/\/www.facebook.com\/autofansmas\/\"><i>FACEBOOK<\/i><\/a><i> para no perderte nada sobre las novedades del segmento automotor de Argentina y el mundo.<\/i><\/p>\n","protected":false},"excerpt":{"rendered":"<p>En agosto, Honda Motor de Argentina celebra su 46\u00b0 aniversario en el pa\u00eds, reafirmando su&#8230;<\/p>\n","protected":false},"author":2,"featured_media":8759,"comment_status":"closed","ping_status":"closed","sticky":false,"template":"","format":"standard","meta":{"footnotes":""},"categories":[292,16],"tags":[4671,4672,140,4675,4674,1693,4673,898],"class_list":["post-8756","post","type-post","status-publish","format-standard","has-post-thumbnail","hentry","category-empresas","category-noticias","tag-aniversario-honda","tag-exportacion-de-piezas","tag-honda-argentina","tag-inversion-honda","tag-mercado-brasil","tag-motocicletas-honda","tag-planta-campana","tag-produccion-nacional"],"yoast_head":"<!-- This site is optimized with the Yoast SEO plugin v27.5 - https:\/\/yoast.com\/product\/yoast-seo-wordpress\/ -->\n<title>Honda Argentina celebra 46 a\u00f1os con un ambicioso plan de exportaci\u00f3n -<\/title>\n<meta name=\"description\" content=\"Honda Motor de Argentina celebra su 46\u00b0 aniversario en el pa\u00eds, reafirmando su liderazgo como la mayor productora y vendedora de motocicletas\" \/>\n<meta name=\"robots\" content=\"index, follow, max-snippet:-1, max-image-preview:large, max-video-preview:-1\" \/>\n<link rel=\"canonical\" href=\"https:\/\/autofans.com.ar\/index.php\/2024\/08\/22\/honda-argentina-celebra-46-anos-con-un-ambicioso-plan-de-exportacion\/\" \/>\n<meta property=\"og:locale\" content=\"es_ES\" \/>\n<meta property=\"og:type\" content=\"article\" \/>\n<meta property=\"og:title\" content=\"Honda Argentina celebra 46 a\u00f1os con un ambicioso plan de exportaci\u00f3n -\" \/>\n<meta property=\"og:description\" content=\"Honda Motor de Argentina celebra su 46\u00b0 aniversario en el pa\u00eds, reafirmando su liderazgo como la mayor productora y vendedora de motocicletas\" \/>\n<meta property=\"og:url\" content=\"https:\/\/autofans.com.ar\/index.php\/2024\/08\/22\/honda-argentina-celebra-46-anos-con-un-ambicioso-plan-de-exportacion\/\" \/>\n<meta property=\"article:published_time\" content=\"2024-08-22T20:24:27+00:00\" \/>\n<meta property=\"article:modified_time\" content=\"2024-08-22T22:32:28+00:00\" \/>\n<meta property=\"og:image\" content=\"https:\/\/autofans.com.ar\/wp-content\/uploads\/2024\/08\/honda-4-1.jpg\" \/>\n\t<meta property=\"og:image:width\" content=\"640\" \/>\n\t<meta property=\"og:image:height\" content=\"427\" \/>\n\t<meta property=\"og:image:type\" content=\"image\/jpeg\" \/>\n<meta name=\"author\" content=\"Alejandro Gabriel Rosito\" \/>\n<meta name=\"twitter:card\" content=\"summary_large_image\" \/>\n<meta name=\"twitter:label1\" content=\"Escrito por\" \/>\n\t<meta name=\"twitter:data1\" content=\"Alejandro Gabriel Rosito\" \/>\n\t<meta name=\"twitter:label2\" content=\"Tiempo de lectura\" \/>\n\t<meta name=\"twitter:data2\" content=\"2 minutos\" \/>\n<script type=\"application\/ld+json\" class=\"yoast-schema-graph\">{\"@context\":\"https:\\\/\\\/schema.org\",\"@graph\":[{\"@type\":\"Article\",\"@id\":\"https:\\\/\\\/autofans.com.ar\\\/index.php\\\/2024\\\/08\\\/22\\\/honda-argentina-celebra-46-anos-con-un-ambicioso-plan-de-exportacion\\\/#article\",\"isPartOf\":{\"@id\":\"https:\\\/\\\/autofans.com.ar\\\/index.php\\\/2024\\\/08\\\/22\\\/honda-argentina-celebra-46-anos-con-un-ambicioso-plan-de-exportacion\\\/\"},\"author\":{\"name\":\"Alejandro Gabriel Rosito\",\"@id\":\"https:\\\/\\\/autofans.com.ar\\\/#\\\/schema\\\/person\\\/4a8dda0b6df83ac3d6723e921274c2aa\"},\"headline\":\"Honda Argentina celebra 46 a\u00f1os con un ambicioso plan de exportaci\u00f3n\",\"datePublished\":\"2024-08-22T20:24:27+00:00\",\"dateModified\":\"2024-08-22T22:32:28+00:00\",\"mainEntityOfPage\":{\"@id\":\"https:\\\/\\\/autofans.com.ar\\\/index.php\\\/2024\\\/08\\\/22\\\/honda-argentina-celebra-46-anos-con-un-ambicioso-plan-de-exportacion\\\/\"},\"wordCount\":528,\"image\":{\"@id\":\"https:\\\/\\\/autofans.com.ar\\\/index.php\\\/2024\\\/08\\\/22\\\/honda-argentina-celebra-46-anos-con-un-ambicioso-plan-de-exportacion\\\/#primaryimage\"},\"thumbnailUrl\":\"https:\\\/\\\/autofans.com.ar\\\/wp-content\\\/uploads\\\/2024\\\/08\\\/honda-4-1.jpg\",\"keywords\":[\"aniversario Honda\",\"exportaci\u00f3n de piezas\",\"Honda Argentina\",\"inversi\u00f3n Honda\",\"mercado Brasil\",\"Motocicletas Honda\",\"planta Campana\",\"producci\u00f3n nacional\"],\"articleSection\":[\"EMPRESAS\",\"NOTICIAS\"],\"inLanguage\":\"es\"},{\"@type\":\"WebPage\",\"@id\":\"https:\\\/\\\/autofans.com.ar\\\/index.php\\\/2024\\\/08\\\/22\\\/honda-argentina-celebra-46-anos-con-un-ambicioso-plan-de-exportacion\\\/\",\"url\":\"https:\\\/\\\/autofans.com.ar\\\/index.php\\\/2024\\\/08\\\/22\\\/honda-argentina-celebra-46-anos-con-un-ambicioso-plan-de-exportacion\\\/\",\"name\":\"Honda Argentina celebra 46 a\u00f1os con un ambicioso plan de exportaci\u00f3n -\",\"isPartOf\":{\"@id\":\"https:\\\/\\\/autofans.com.ar\\\/#website\"},\"primaryImageOfPage\":{\"@id\":\"https:\\\/\\\/autofans.com.ar\\\/index.php\\\/2024\\\/08\\\/22\\\/honda-argentina-celebra-46-anos-con-un-ambicioso-plan-de-exportacion\\\/#primaryimage\"},\"image\":{\"@id\":\"https:\\\/\\\/autofans.com.ar\\\/index.php\\\/2024\\\/08\\\/22\\\/honda-argentina-celebra-46-anos-con-un-ambicioso-plan-de-exportacion\\\/#primaryimage\"},\"thumbnailUrl\":\"https:\\\/\\\/autofans.com.ar\\\/wp-content\\\/uploads\\\/2024\\\/08\\\/honda-4-1.jpg\",\"datePublished\":\"2024-08-22T20:24:27+00:00\",\"dateModified\":\"2024-08-22T22:32:28+00:00\",\"author\":{\"@id\":\"https:\\\/\\\/autofans.com.ar\\\/#\\\/schema\\\/person\\\/4a8dda0b6df83ac3d6723e921274c2aa\"},\"description\":\"Honda Motor de Argentina celebra su 46\u00b0 aniversario en el pa\u00eds, reafirmando su liderazgo como la mayor productora y vendedora de motocicletas\",\"breadcrumb\":{\"@id\":\"https:\\\/\\\/autofans.com.ar\\\/index.php\\\/2024\\\/08\\\/22\\\/honda-argentina-celebra-46-anos-con-un-ambicioso-plan-de-exportacion\\\/#breadcrumb\"},\"inLanguage\":\"es\",\"potentialAction\":[{\"@type\":\"ReadAction\",\"target\":[\"https:\\\/\\\/autofans.com.ar\\\/index.php\\\/2024\\\/08\\\/22\\\/honda-argentina-celebra-46-anos-con-un-ambicioso-plan-de-exportacion\\\/\"]}]},{\"@type\":\"ImageObject\",\"inLanguage\":\"es\",\"@id\":\"https:\\\/\\\/autofans.com.ar\\\/index.php\\\/2024\\\/08\\\/22\\\/honda-argentina-celebra-46-anos-con-un-ambicioso-plan-de-exportacion\\\/#primaryimage\",\"url\":\"https:\\\/\\\/autofans.com.ar\\\/wp-content\\\/uploads\\\/2024\\\/08\\\/honda-4-1.jpg\",\"contentUrl\":\"https:\\\/\\\/autofans.com.ar\\\/wp-content\\\/uploads\\\/2024\\\/08\\\/honda-4-1.jpg\",\"width\":1000,\"height\":667,\"caption\":\"Honda\"},{\"@type\":\"BreadcrumbList\",\"@id\":\"https:\\\/\\\/autofans.com.ar\\\/index.php\\\/2024\\\/08\\\/22\\\/honda-argentina-celebra-46-anos-con-un-ambicioso-plan-de-exportacion\\\/#breadcrumb\",\"itemListElement\":[{\"@type\":\"ListItem\",\"position\":1,\"name\":\"Inicio\",\"item\":\"https:\\\/\\\/autofans.com.ar\\\/\"},{\"@type\":\"ListItem\",\"position\":2,\"name\":\"Honda Argentina celebra 46 a\u00f1os con un ambicioso plan de exportaci\u00f3n\"}]},{\"@type\":\"WebSite\",\"@id\":\"https:\\\/\\\/autofans.com.ar\\\/#website\",\"url\":\"https:\\\/\\\/autofans.com.ar\\\/\",\"name\":\"\",\"description\":\"El multimedio referente de la industria automotriz\",\"potentialAction\":[{\"@type\":\"SearchAction\",\"target\":{\"@type\":\"EntryPoint\",\"urlTemplate\":\"https:\\\/\\\/autofans.com.ar\\\/?s={search_term_string}\"},\"query-input\":{\"@type\":\"PropertyValueSpecification\",\"valueRequired\":true,\"valueName\":\"search_term_string\"}}],\"inLanguage\":\"es\"},{\"@type\":\"Person\",\"@id\":\"https:\\\/\\\/autofans.com.ar\\\/#\\\/schema\\\/person\\\/4a8dda0b6df83ac3d6723e921274c2aa\",\"name\":\"Alejandro Gabriel Rosito\",\"image\":{\"@type\":\"ImageObject\",\"inLanguage\":\"es\",\"@id\":\"https:\\\/\\\/secure.gravatar.com\\\/avatar\\\/16c5dda1489adfc62618084dcbb91cffd879c374b13fe5dd8e44ed6733852c88?s=96&d=mm&r=g\",\"url\":\"https:\\\/\\\/secure.gravatar.com\\\/avatar\\\/16c5dda1489adfc62618084dcbb91cffd879c374b13fe5dd8e44ed6733852c88?s=96&d=mm&r=g\",\"contentUrl\":\"https:\\\/\\\/secure.gravatar.com\\\/avatar\\\/16c5dda1489adfc62618084dcbb91cffd879c374b13fe5dd8e44ed6733852c88?s=96&d=mm&r=g\",\"caption\":\"Alejandro Gabriel Rosito\"},\"url\":\"https:\\\/\\\/autofans.com.ar\\\/index.php\\\/author\\\/gabrielr\\\/\"}]}<\/script>\n<!-- \/ Yoast SEO plugin. -->","yoast_head_json":{"title":"Honda Argentina celebra 46 a\u00f1os con un ambicioso plan de exportaci\u00f3n -","description":"Honda Motor de Argentina celebra su 46\u00b0 aniversario en el pa\u00eds, reafirmando su liderazgo como la mayor productora y vendedora de motocicletas","robots":{"index":"index","follow":"follow","max-snippet":"max-snippet:-1","max-image-preview":"max-image-preview:large","max-video-preview":"max-video-preview:-1"},"canonical":"https:\/\/autofans.com.ar\/index.php\/2024\/08\/22\/honda-argentina-celebra-46-anos-con-un-ambicioso-plan-de-exportacion\/","og_locale":"es_ES","og_type":"article","og_title":"Honda Argentina celebra 46 a\u00f1os con un ambicioso plan de exportaci\u00f3n -","og_description":"Honda Motor de Argentina celebra su 46\u00b0 aniversario en el pa\u00eds, reafirmando su liderazgo como la mayor productora y vendedora de motocicletas","og_url":"https:\/\/autofans.com.ar\/index.php\/2024\/08\/22\/honda-argentina-celebra-46-anos-con-un-ambicioso-plan-de-exportacion\/","article_published_time":"2024-08-22T20:24:27+00:00","article_modified_time":"2024-08-22T22:32:28+00:00","og_image":[{"url":"https:\/\/autofans.com.ar\/wp-content\/uploads\/2024\/08\/honda-4-1.jpg","width":640,"height":427,"type":"image\/jpeg"}],"author":"Alejandro Gabriel Rosito","twitter_card":"summary_large_image","twitter_misc":{"Escrito por":"Alejandro Gabriel Rosito","Tiempo de lectura":"2 minutos"},"schema":{"@context":"https:\/\/schema.org","@graph":[{"@type":"Article","@id":"https:\/\/autofans.com.ar\/index.php\/2024\/08\/22\/honda-argentina-celebra-46-anos-con-un-ambicioso-plan-de-exportacion\/#article","isPartOf":{"@id":"https:\/\/autofans.com.ar\/index.php\/2024\/08\/22\/honda-argentina-celebra-46-anos-con-un-ambicioso-plan-de-exportacion\/"},"author":{"name":"Alejandro Gabriel Rosito","@id":"https:\/\/autofans.com.ar\/#\/schema\/person\/4a8dda0b6df83ac3d6723e921274c2aa"},"headline":"Honda Argentina celebra 46 a\u00f1os con un ambicioso plan de exportaci\u00f3n","datePublished":"2024-08-22T20:24:27+00:00","dateModified":"2024-08-22T22:32:28+00:00","mainEntityOfPage":{"@id":"https:\/\/autofans.com.ar\/index.php\/2024\/08\/22\/honda-argentina-celebra-46-anos-con-un-ambicioso-plan-de-exportacion\/"},"wordCount":528,"image":{"@id":"https:\/\/autofans.com.ar\/index.php\/2024\/08\/22\/honda-argentina-celebra-46-anos-con-un-ambicioso-plan-de-exportacion\/#primaryimage"},"thumbnailUrl":"https:\/\/autofans.com.ar\/wp-content\/uploads\/2024\/08\/honda-4-1.jpg","keywords":["aniversario Honda","exportaci\u00f3n de piezas","Honda Argentina","inversi\u00f3n Honda","mercado Brasil","Motocicletas Honda","planta Campana","producci\u00f3n nacional"],"articleSection":["EMPRESAS","NOTICIAS"],"inLanguage":"es"},{"@type":"WebPage","@id":"https:\/\/autofans.com.ar\/index.php\/2024\/08\/22\/honda-argentina-celebra-46-anos-con-un-ambicioso-plan-de-exportacion\/","url":"https:\/\/autofans.com.ar\/index.php\/2024\/08\/22\/honda-argentina-celebra-46-anos-con-un-ambicioso-plan-de-exportacion\/","name":"Honda Argentina celebra 46 a\u00f1os con un ambicioso plan de exportaci\u00f3n -","isPartOf":{"@id":"https:\/\/autofans.com.ar\/#website"},"primaryImageOfPage":{"@id":"https:\/\/autofans.com.ar\/index.php\/2024\/08\/22\/honda-argentina-celebra-46-anos-con-un-ambicioso-plan-de-exportacion\/#primaryimage"},"image":{"@id":"https:\/\/autofans.com.ar\/index.php\/2024\/08\/22\/honda-argentina-celebra-46-anos-con-un-ambicioso-plan-de-exportacion\/#primaryimage"},"thumbnailUrl":"https:\/\/autofans.com.ar\/wp-content\/uploads\/2024\/08\/honda-4-1.jpg","datePublished":"2024-08-22T20:24:27+00:00","dateModified":"2024-08-22T22:32:28+00:00","author":{"@id":"https:\/\/autofans.com.ar\/#\/schema\/person\/4a8dda0b6df83ac3d6723e921274c2aa"},"description":"Honda Motor de Argentina celebra su 46\u00b0 aniversario en el pa\u00eds, reafirmando su liderazgo como la mayor productora y vendedora de motocicletas","breadcrumb":{"@id":"https:\/\/autofans.com.ar\/index.php\/2024\/08\/22\/honda-argentina-celebra-46-anos-con-un-ambicioso-plan-de-exportacion\/#breadcrumb"},"inLanguage":"es","potentialAction":[{"@type":"ReadAction","target":["https:\/\/autofans.com.ar\/index.php\/2024\/08\/22\/honda-argentina-celebra-46-anos-con-un-ambicioso-plan-de-exportacion\/"]}]},{"@type":"ImageObject","inLanguage":"es","@id":"https:\/\/autofans.com.ar\/index.php\/2024\/08\/22\/honda-argentina-celebra-46-anos-con-un-ambicioso-plan-de-exportacion\/#primaryimage","url":"https:\/\/autofans.com.ar\/wp-content\/uploads\/2024\/08\/honda-4-1.jpg","contentUrl":"https:\/\/autofans.com.ar\/wp-content\/uploads\/2024\/08\/honda-4-1.jpg","width":1000,"height":667,"caption":"Honda"},{"@type":"BreadcrumbList","@id":"https:\/\/autofans.com.ar\/index.php\/2024\/08\/22\/honda-argentina-celebra-46-anos-con-un-ambicioso-plan-de-exportacion\/#breadcrumb","itemListElement":[{"@type":"ListItem","position":1,"name":"Inicio","item":"https:\/\/autofans.com.ar\/"},{"@type":"ListItem","position":2,"name":"Honda Argentina celebra 46 a\u00f1os con un ambicioso plan de exportaci\u00f3n"}]},{"@type":"WebSite","@id":"https:\/\/autofans.com.ar\/#website","url":"https:\/\/autofans.com.ar\/","name":"","description":"El multimedio referente de la industria automotriz","potentialAction":[{"@type":"SearchAction","target":{"@type":"EntryPoint","urlTemplate":"https:\/\/autofans.com.ar\/?s={search_term_string}"},"query-input":{"@type":"PropertyValueSpecification","valueRequired":true,"valueName":"search_term_string"}}],"inLanguage":"es"},{"@type":"Person","@id":"https:\/\/autofans.com.ar\/#\/schema\/person\/4a8dda0b6df83ac3d6723e921274c2aa","name":"Alejandro Gabriel Rosito","image":{"@type":"ImageObject","inLanguage":"es","@id":"https:\/\/secure.gravatar.com\/avatar\/16c5dda1489adfc62618084dcbb91cffd879c374b13fe5dd8e44ed6733852c88?s=96&d=mm&r=g","url":"https:\/\/secure.gravatar.com\/avatar\/16c5dda1489adfc62618084dcbb91cffd879c374b13fe5dd8e44ed6733852c88?s=96&d=mm&r=g","contentUrl":"https:\/\/secure.gravatar.com\/avatar\/16c5dda1489adfc62618084dcbb91cffd879c374b13fe5dd8e44ed6733852c88?s=96&d=mm&r=g","caption":"Alejandro Gabriel Rosito"},"url":"https:\/\/autofans.com.ar\/index.php\/author\/gabrielr\/"}]}},"featured_image_urls":{"full":["https:\/\/autofans.com.ar\/wp-content\/uploads\/2024\/08\/honda-4-1.jpg",1000,667,false],"thumbnail":["https:\/\/autofans.com.ar\/wp-content\/uploads\/2024\/08\/honda-4-1-150x150.jpg",150,150,true],"medium":["https:\/\/autofans.com.ar\/wp-content\/uploads\/2024\/08\/honda-4-1-300x200.jpg",300,200,true],"medium_large":["https:\/\/autofans.com.ar\/wp-content\/uploads\/2024\/08\/honda-4-1-768x512.jpg",640,427,true],"large":["https:\/\/autofans.com.ar\/wp-content\/uploads\/2024\/08\/honda-4-1.jpg",640,427,false],"1536x1536":["https:\/\/autofans.com.ar\/wp-content\/uploads\/2024\/08\/honda-4-1.jpg",1000,667,false],"2048x2048":["https:\/\/autofans.com.ar\/wp-content\/uploads\/2024\/08\/honda-4-1.jpg",1000,667,false],"covernews-featured":["https:\/\/autofans.com.ar\/wp-content\/uploads\/2024\/08\/honda-4-1.jpg",1000,667,false],"covernews-medium":["https:\/\/autofans.com.ar\/wp-content\/uploads\/2024\/08\/honda-4-1-540x340.jpg",540,340,true]},"author_info":{"display_name":"Alejandro Gabriel Rosito","author_link":"https:\/\/autofans.com.ar\/index.php\/author\/gabrielr\/"},"category_info":"<a href=\"https:\/\/autofans.com.ar\/index.php\/category\/noticias\/empresas\/\" rel=\"category tag\">EMPRESAS<\/a> <a href=\"https:\/\/autofans.com.ar\/index.php\/category\/noticias\/\" rel=\"category tag\">NOTICIAS<\/a>","tag_info":"NOTICIAS","comment_count":0,"_links":{"self":[{"href":"https:\/\/autofans.com.ar\/index.php\/wp-json\/wp\/v2\/posts\/8756","targetHints":{"allow":["GET"]}}],"collection":[{"href":"https:\/\/autofans.com.ar\/index.php\/wp-json\/wp\/v2\/posts"}],"about":[{"href":"https:\/\/autofans.com.ar\/index.php\/wp-json\/wp\/v2\/types\/post"}],"author":[{"embeddable":true,"href":"https:\/\/autofans.com.ar\/index.php\/wp-json\/wp\/v2\/users\/2"}],"replies":[{"embeddable":true,"href":"https:\/\/autofans.com.ar\/index.php\/wp-json\/wp\/v2\/comments?post=8756"}],"version-history":[{"count":4,"href":"https:\/\/autofans.com.ar\/index.php\/wp-json\/wp\/v2\/posts\/8756\/revisions"}],"predecessor-version":[{"id":8766,"href":"https:\/\/autofans.com.ar\/index.php\/wp-json\/wp\/v2\/posts\/8756\/revisions\/8766"}],"wp:featuredmedia":[{"embeddable":true,"href":"https:\/\/autofans.com.ar\/index.php\/wp-json\/wp\/v2\/media\/8759"}],"wp:attachment":[{"href":"https:\/\/autofans.com.ar\/index.php\/wp-json\/wp\/v2\/media?parent=8756"}],"wp:term":[{"taxonomy":"category","embeddable":true,"href":"https:\/\/autofans.com.ar\/index.php\/wp-json\/wp\/v2\/categories?post=8756"},{"taxonomy":"post_tag","embeddable":true,"href":"https:\/\/autofans.com.ar\/index.php\/wp-json\/wp\/v2\/tags?post=8756"}],"curies":[{"name":"wp","href":"https:\/\/api.w.org\/{rel}","templated":true}]}}