{"id":8812,"date":"2024-08-28T16:46:57","date_gmt":"2024-08-28T19:46:57","guid":{"rendered":"https:\/\/autofans.com.ar\/?p=8812"},"modified":"2024-08-28T16:47:46","modified_gmt":"2024-08-28T19:47:46","slug":"cafam-renueva-su-liderazgo-con-nueva-comision-directiva","status":"publish","type":"post","link":"https:\/\/autofans.com.ar\/index.php\/2024\/08\/28\/cafam-renueva-su-liderazgo-con-nueva-comision-directiva\/","title":{"rendered":"CAFAM renueva su liderazgo con nueva comisi\u00f3n directiva"},"content":{"rendered":"<p>La C\u00e1mara de Fabricantes de Motoveh\u00edculos de Argentina (CAFAM) nombr\u00f3 el pasado 16 de agosto a los miembros de su nueva comisi\u00f3n directiva. Con el objetivo de seguir impulsando el crecimiento del sector y mantener su posici\u00f3n como principal referente en la industria. La entidad, reconocida por su trayectoria y conocimiento en el mercado, tambi\u00e9n subraya su compromiso con la promoci\u00f3n de la seguridad vial, aspecto clave en sus esfuerzos por educar y concientizar a la poblaci\u00f3n.<\/p>\n<p>&nbsp;<\/p>\n<h2>CAFAM elige nueva comisi\u00f3n directiva con Rub\u00e9n Lino Stefanuto a la cabeza<\/h2>\n<p>La nueva comisi\u00f3n directiva est\u00e1 liderada por Rub\u00e9n Lino Stefanuto de Beta Motor Argentina S.A. como presidente, acompa\u00f1ado por Santiago Jos\u00e9 Pogliano de Honda Motor de Argentina S.A. como vicepresidente primero y Martin De Gaetani de La Emilia S.A. como vicepresidente segundo. Completa la mesa directiva Federico Hellemeyer de Corven Motors Argentina S.A. como secretario y Federico Hern\u00e1n Vacas de Gilera Motors Argentina S.A. como tesorero.<\/p>\n<p>&nbsp;<\/p>\n<p><img fetchpriority=\"high\" decoding=\"async\" class=\"aligncenter wp-image-8815 size-full\" src=\"https:\/\/autofans.com.ar\/wp-content\/uploads\/2024\/08\/cafam-1.jpg\" alt=\"CAFAM\" width=\"1000\" height=\"667\" srcset=\"https:\/\/autofans.com.ar\/wp-content\/uploads\/2024\/08\/cafam-1.jpg 1000w, https:\/\/autofans.com.ar\/wp-content\/uploads\/2024\/08\/cafam-1-300x200.jpg 300w, https:\/\/autofans.com.ar\/wp-content\/uploads\/2024\/08\/cafam-1-768x512.jpg 768w\" sizes=\"(max-width: 1000px) 100vw, 1000px\" \/><\/p>\n<p>&nbsp;<\/p>\n<p>Los vocales designados son Daniela Marina Guerrero (Pagoda S.A.), Jos\u00e9 Daniel Papo (Grupo Simpa S.A.), Mar\u00eda Salom\u00e9 Gir\u00e1ndola (FAMSA), Alejandro Jos\u00e9 Visokolskis (OKINOI) y V\u00edctor Seco (Drag\u00f3n S.A.). Como vocal suplente se nombr\u00f3 a Guillermo Contarino de Newsan, mientras que Diego Cammisa de Yamaha Motor Argentina S.A. fue elegido miembro del \u00d3rgano Fiscalizador.<\/p>\n<p>&nbsp;<\/p>\n<blockquote>\n<p style=\"text-align: center;\">\u00abVenimos realizando un trabajo muy importante como referentes del sector para toda la cadena de valor y en la regi\u00f3n. Nuestra entidad se ha consolidado en los \u00faltimos 10 a\u00f1os, con un parque de casi 7 millones de unidades en todo el pa\u00eds. Tenemos una gran trayectoria y conocimiento en nuestras terminales que d\u00eda a d\u00eda estamos profesionalizando y volviendo m\u00e1s competitivas.\u00bb, expres\u00f3<span class=\"Apple-converted-space\">\u00a0 <\/span>Lino Stefanuto, quien contin\u00faa como Presidente de CAFAM.<\/p>\n<\/blockquote>\n<p>&nbsp;<\/p>\n<p>CAFAM contin\u00faa trabajando arduamente para fomentar la educaci\u00f3n en seguridad vial. Reconociendo que la v\u00eda p\u00fablica es un espacio compartido que requiere el compromiso de todos los actores involucrados. La entidad se enfoca en concientizar sobre la importancia de respetar las normas de tr\u00e1nsito, un aspecto esencial para reducir accidentes y mejorar la seguridad en las calles argentinas.<\/p>\n<p>&nbsp;<\/p>\n<p>&nbsp;<\/p>\n<p><i>Para enterarte de m\u00e1s novedades, no dejes de leer\u00a0<\/i><a href=\"https:\/\/autofans.thebrandsoup.com\/\"><i>nuestras notas<\/i><\/a><i>, de ver<\/i><b><i>\u00a0<\/i><\/b><a href=\"https:\/\/www.youtube.com\/channel\/UCgAC8UGHZYbT6P7PpmVnP7g\"><b><i>AUTOFANS TV<\/i><\/b><\/a><b><i>\u00a0<\/i><\/b><i>en nuestro\u00a0canal de Youtube. Adem\u00e1s seguinos en\u00a0<\/i><a href=\"https:\/\/www.instagram.com\/autofanstv\/\"><i>INSTAGRAM<\/i><\/a><i> y <\/i><a href=\"https:\/\/www.facebook.com\/autofansmas\/\"><i>FACEBOOK<\/i><\/a><i> para no perderte nada sobre las novedades del segmento automotor de Argentina y el mundo.<\/i><\/p>\n","protected":false},"excerpt":{"rendered":"<p>La C\u00e1mara de Fabricantes de Motoveh\u00edculos de Argentina (CAFAM) nombr\u00f3 el pasado 16 de agosto&#8230;<\/p>\n","protected":false},"author":2,"featured_media":8814,"comment_status":"closed","ping_status":"closed","sticky":false,"template":"","format":"standard","meta":{"footnotes":""},"categories":[292,16],"tags":[104,4708,4707,4709,698],"class_list":["post-8812","post","type-post","status-publish","format-standard","has-post-thumbnail","hentry","category-empresas","category-noticias","tag-cafam","tag-fabricantes-de-motovehiculos","tag-nueva-comision-directiva","tag-sector-automotriz-argentina","tag-seguridad-vial"],"yoast_head":"<!-- This site is optimized with the Yoast SEO plugin v27.5 - https:\/\/yoast.com\/product\/yoast-seo-wordpress\/ -->\n<title>CAFAM renueva su liderazgo con nueva comisi\u00f3n directiva -<\/title>\n<meta name=\"description\" content=\"La C\u00e1mara de Fabricantes de Motoveh\u00edculos de Argentina (CAFAM) nombr\u00f3 el pasado 16 de agosto a los miembros de su nueva comisi\u00f3n directiva...\" \/>\n<meta name=\"robots\" content=\"index, follow, max-snippet:-1, max-image-preview:large, max-video-preview:-1\" \/>\n<link rel=\"canonical\" href=\"https:\/\/autofans.com.ar\/index.php\/2024\/08\/28\/cafam-renueva-su-liderazgo-con-nueva-comision-directiva\/\" \/>\n<meta property=\"og:locale\" content=\"es_ES\" \/>\n<meta property=\"og:type\" content=\"article\" \/>\n<meta property=\"og:title\" content=\"CAFAM renueva su liderazgo con nueva comisi\u00f3n directiva -\" \/>\n<meta property=\"og:description\" content=\"La C\u00e1mara de Fabricantes de Motoveh\u00edculos de Argentina (CAFAM) nombr\u00f3 el pasado 16 de agosto a los miembros de su nueva comisi\u00f3n directiva...\" \/>\n<meta property=\"og:url\" content=\"https:\/\/autofans.com.ar\/index.php\/2024\/08\/28\/cafam-renueva-su-liderazgo-con-nueva-comision-directiva\/\" \/>\n<meta property=\"article:published_time\" content=\"2024-08-28T19:46:57+00:00\" \/>\n<meta property=\"article:modified_time\" content=\"2024-08-28T19:47:46+00:00\" \/>\n<meta property=\"og:image\" content=\"https:\/\/autofans.com.ar\/wp-content\/uploads\/2024\/08\/cafam-2.jpg\" \/>\n\t<meta property=\"og:image:width\" content=\"640\" \/>\n\t<meta property=\"og:image:height\" content=\"427\" \/>\n\t<meta property=\"og:image:type\" content=\"image\/jpeg\" \/>\n<meta name=\"author\" content=\"Alejandro Gabriel Rosito\" \/>\n<meta name=\"twitter:card\" content=\"summary_large_image\" \/>\n<meta name=\"twitter:label1\" content=\"Escrito por\" \/>\n\t<meta name=\"twitter:data1\" content=\"Alejandro Gabriel Rosito\" \/>\n\t<meta name=\"twitter:label2\" content=\"Tiempo de lectura\" \/>\n\t<meta name=\"twitter:data2\" content=\"3 minutos\" \/>\n<script type=\"application\/ld+json\" class=\"yoast-schema-graph\">{\"@context\":\"https:\\\/\\\/schema.org\",\"@graph\":[{\"@type\":\"Article\",\"@id\":\"https:\\\/\\\/autofans.com.ar\\\/index.php\\\/2024\\\/08\\\/28\\\/cafam-renueva-su-liderazgo-con-nueva-comision-directiva\\\/#article\",\"isPartOf\":{\"@id\":\"https:\\\/\\\/autofans.com.ar\\\/index.php\\\/2024\\\/08\\\/28\\\/cafam-renueva-su-liderazgo-con-nueva-comision-directiva\\\/\"},\"author\":{\"name\":\"Alejandro Gabriel Rosito\",\"@id\":\"https:\\\/\\\/autofans.com.ar\\\/#\\\/schema\\\/person\\\/4a8dda0b6df83ac3d6723e921274c2aa\"},\"headline\":\"CAFAM renueva su liderazgo con nueva comisi\u00f3n directiva\",\"datePublished\":\"2024-08-28T19:46:57+00:00\",\"dateModified\":\"2024-08-28T19:47:46+00:00\",\"mainEntityOfPage\":{\"@id\":\"https:\\\/\\\/autofans.com.ar\\\/index.php\\\/2024\\\/08\\\/28\\\/cafam-renueva-su-liderazgo-con-nueva-comision-directiva\\\/\"},\"wordCount\":431,\"image\":{\"@id\":\"https:\\\/\\\/autofans.com.ar\\\/index.php\\\/2024\\\/08\\\/28\\\/cafam-renueva-su-liderazgo-con-nueva-comision-directiva\\\/#primaryimage\"},\"thumbnailUrl\":\"https:\\\/\\\/autofans.com.ar\\\/wp-content\\\/uploads\\\/2024\\\/08\\\/cafam-2.jpg\",\"keywords\":[\"CAFAM\",\"fabricantes de motoveh\u00edculos\",\"nueva comisi\u00f3n directiva\",\"sector automotriz Argentina\",\"Seguridad Vial\"],\"articleSection\":[\"EMPRESAS\",\"NOTICIAS\"],\"inLanguage\":\"es\"},{\"@type\":\"WebPage\",\"@id\":\"https:\\\/\\\/autofans.com.ar\\\/index.php\\\/2024\\\/08\\\/28\\\/cafam-renueva-su-liderazgo-con-nueva-comision-directiva\\\/\",\"url\":\"https:\\\/\\\/autofans.com.ar\\\/index.php\\\/2024\\\/08\\\/28\\\/cafam-renueva-su-liderazgo-con-nueva-comision-directiva\\\/\",\"name\":\"CAFAM renueva su liderazgo con nueva comisi\u00f3n directiva -\",\"isPartOf\":{\"@id\":\"https:\\\/\\\/autofans.com.ar\\\/#website\"},\"primaryImageOfPage\":{\"@id\":\"https:\\\/\\\/autofans.com.ar\\\/index.php\\\/2024\\\/08\\\/28\\\/cafam-renueva-su-liderazgo-con-nueva-comision-directiva\\\/#primaryimage\"},\"image\":{\"@id\":\"https:\\\/\\\/autofans.com.ar\\\/index.php\\\/2024\\\/08\\\/28\\\/cafam-renueva-su-liderazgo-con-nueva-comision-directiva\\\/#primaryimage\"},\"thumbnailUrl\":\"https:\\\/\\\/autofans.com.ar\\\/wp-content\\\/uploads\\\/2024\\\/08\\\/cafam-2.jpg\",\"datePublished\":\"2024-08-28T19:46:57+00:00\",\"dateModified\":\"2024-08-28T19:47:46+00:00\",\"author\":{\"@id\":\"https:\\\/\\\/autofans.com.ar\\\/#\\\/schema\\\/person\\\/4a8dda0b6df83ac3d6723e921274c2aa\"},\"description\":\"La C\u00e1mara de Fabricantes de Motoveh\u00edculos de Argentina (CAFAM) nombr\u00f3 el pasado 16 de agosto a los miembros de su nueva comisi\u00f3n directiva...\",\"breadcrumb\":{\"@id\":\"https:\\\/\\\/autofans.com.ar\\\/index.php\\\/2024\\\/08\\\/28\\\/cafam-renueva-su-liderazgo-con-nueva-comision-directiva\\\/#breadcrumb\"},\"inLanguage\":\"es\",\"potentialAction\":[{\"@type\":\"ReadAction\",\"target\":[\"https:\\\/\\\/autofans.com.ar\\\/index.php\\\/2024\\\/08\\\/28\\\/cafam-renueva-su-liderazgo-con-nueva-comision-directiva\\\/\"]}]},{\"@type\":\"ImageObject\",\"inLanguage\":\"es\",\"@id\":\"https:\\\/\\\/autofans.com.ar\\\/index.php\\\/2024\\\/08\\\/28\\\/cafam-renueva-su-liderazgo-con-nueva-comision-directiva\\\/#primaryimage\",\"url\":\"https:\\\/\\\/autofans.com.ar\\\/wp-content\\\/uploads\\\/2024\\\/08\\\/cafam-2.jpg\",\"contentUrl\":\"https:\\\/\\\/autofans.com.ar\\\/wp-content\\\/uploads\\\/2024\\\/08\\\/cafam-2.jpg\",\"width\":1000,\"height\":667,\"caption\":\"CAFAM\"},{\"@type\":\"BreadcrumbList\",\"@id\":\"https:\\\/\\\/autofans.com.ar\\\/index.php\\\/2024\\\/08\\\/28\\\/cafam-renueva-su-liderazgo-con-nueva-comision-directiva\\\/#breadcrumb\",\"itemListElement\":[{\"@type\":\"ListItem\",\"position\":1,\"name\":\"Inicio\",\"item\":\"https:\\\/\\\/autofans.com.ar\\\/\"},{\"@type\":\"ListItem\",\"position\":2,\"name\":\"CAFAM renueva su liderazgo con nueva comisi\u00f3n directiva\"}]},{\"@type\":\"WebSite\",\"@id\":\"https:\\\/\\\/autofans.com.ar\\\/#website\",\"url\":\"https:\\\/\\\/autofans.com.ar\\\/\",\"name\":\"\",\"description\":\"El multimedio referente de la industria automotriz\",\"potentialAction\":[{\"@type\":\"SearchAction\",\"target\":{\"@type\":\"EntryPoint\",\"urlTemplate\":\"https:\\\/\\\/autofans.com.ar\\\/?s={search_term_string}\"},\"query-input\":{\"@type\":\"PropertyValueSpecification\",\"valueRequired\":true,\"valueName\":\"search_term_string\"}}],\"inLanguage\":\"es\"},{\"@type\":\"Person\",\"@id\":\"https:\\\/\\\/autofans.com.ar\\\/#\\\/schema\\\/person\\\/4a8dda0b6df83ac3d6723e921274c2aa\",\"name\":\"Alejandro Gabriel Rosito\",\"image\":{\"@type\":\"ImageObject\",\"inLanguage\":\"es\",\"@id\":\"https:\\\/\\\/secure.gravatar.com\\\/avatar\\\/16c5dda1489adfc62618084dcbb91cffd879c374b13fe5dd8e44ed6733852c88?s=96&d=mm&r=g\",\"url\":\"https:\\\/\\\/secure.gravatar.com\\\/avatar\\\/16c5dda1489adfc62618084dcbb91cffd879c374b13fe5dd8e44ed6733852c88?s=96&d=mm&r=g\",\"contentUrl\":\"https:\\\/\\\/secure.gravatar.com\\\/avatar\\\/16c5dda1489adfc62618084dcbb91cffd879c374b13fe5dd8e44ed6733852c88?s=96&d=mm&r=g\",\"caption\":\"Alejandro Gabriel Rosito\"},\"url\":\"https:\\\/\\\/autofans.com.ar\\\/index.php\\\/author\\\/gabrielr\\\/\"}]}<\/script>\n<!-- \/ Yoast SEO plugin. -->","yoast_head_json":{"title":"CAFAM renueva su liderazgo con nueva comisi\u00f3n directiva -","description":"La C\u00e1mara de Fabricantes de Motoveh\u00edculos de Argentina (CAFAM) nombr\u00f3 el pasado 16 de agosto a los miembros de su nueva comisi\u00f3n directiva...","robots":{"index":"index","follow":"follow","max-snippet":"max-snippet:-1","max-image-preview":"max-image-preview:large","max-video-preview":"max-video-preview:-1"},"canonical":"https:\/\/autofans.com.ar\/index.php\/2024\/08\/28\/cafam-renueva-su-liderazgo-con-nueva-comision-directiva\/","og_locale":"es_ES","og_type":"article","og_title":"CAFAM renueva su liderazgo con nueva comisi\u00f3n directiva -","og_description":"La C\u00e1mara de Fabricantes de Motoveh\u00edculos de Argentina (CAFAM) nombr\u00f3 el pasado 16 de agosto a los miembros de su nueva comisi\u00f3n directiva...","og_url":"https:\/\/autofans.com.ar\/index.php\/2024\/08\/28\/cafam-renueva-su-liderazgo-con-nueva-comision-directiva\/","article_published_time":"2024-08-28T19:46:57+00:00","article_modified_time":"2024-08-28T19:47:46+00:00","og_image":[{"url":"https:\/\/autofans.com.ar\/wp-content\/uploads\/2024\/08\/cafam-2.jpg","width":640,"height":427,"type":"image\/jpeg"}],"author":"Alejandro Gabriel Rosito","twitter_card":"summary_large_image","twitter_misc":{"Escrito por":"Alejandro Gabriel Rosito","Tiempo de lectura":"3 minutos"},"schema":{"@context":"https:\/\/schema.org","@graph":[{"@type":"Article","@id":"https:\/\/autofans.com.ar\/index.php\/2024\/08\/28\/cafam-renueva-su-liderazgo-con-nueva-comision-directiva\/#article","isPartOf":{"@id":"https:\/\/autofans.com.ar\/index.php\/2024\/08\/28\/cafam-renueva-su-liderazgo-con-nueva-comision-directiva\/"},"author":{"name":"Alejandro Gabriel Rosito","@id":"https:\/\/autofans.com.ar\/#\/schema\/person\/4a8dda0b6df83ac3d6723e921274c2aa"},"headline":"CAFAM renueva su liderazgo con nueva comisi\u00f3n directiva","datePublished":"2024-08-28T19:46:57+00:00","dateModified":"2024-08-28T19:47:46+00:00","mainEntityOfPage":{"@id":"https:\/\/autofans.com.ar\/index.php\/2024\/08\/28\/cafam-renueva-su-liderazgo-con-nueva-comision-directiva\/"},"wordCount":431,"image":{"@id":"https:\/\/autofans.com.ar\/index.php\/2024\/08\/28\/cafam-renueva-su-liderazgo-con-nueva-comision-directiva\/#primaryimage"},"thumbnailUrl":"https:\/\/autofans.com.ar\/wp-content\/uploads\/2024\/08\/cafam-2.jpg","keywords":["CAFAM","fabricantes de motoveh\u00edculos","nueva comisi\u00f3n directiva","sector automotriz Argentina","Seguridad Vial"],"articleSection":["EMPRESAS","NOTICIAS"],"inLanguage":"es"},{"@type":"WebPage","@id":"https:\/\/autofans.com.ar\/index.php\/2024\/08\/28\/cafam-renueva-su-liderazgo-con-nueva-comision-directiva\/","url":"https:\/\/autofans.com.ar\/index.php\/2024\/08\/28\/cafam-renueva-su-liderazgo-con-nueva-comision-directiva\/","name":"CAFAM renueva su liderazgo con nueva comisi\u00f3n directiva -","isPartOf":{"@id":"https:\/\/autofans.com.ar\/#website"},"primaryImageOfPage":{"@id":"https:\/\/autofans.com.ar\/index.php\/2024\/08\/28\/cafam-renueva-su-liderazgo-con-nueva-comision-directiva\/#primaryimage"},"image":{"@id":"https:\/\/autofans.com.ar\/index.php\/2024\/08\/28\/cafam-renueva-su-liderazgo-con-nueva-comision-directiva\/#primaryimage"},"thumbnailUrl":"https:\/\/autofans.com.ar\/wp-content\/uploads\/2024\/08\/cafam-2.jpg","datePublished":"2024-08-28T19:46:57+00:00","dateModified":"2024-08-28T19:47:46+00:00","author":{"@id":"https:\/\/autofans.com.ar\/#\/schema\/person\/4a8dda0b6df83ac3d6723e921274c2aa"},"description":"La C\u00e1mara de Fabricantes de Motoveh\u00edculos de Argentina (CAFAM) nombr\u00f3 el pasado 16 de agosto a los miembros de su nueva comisi\u00f3n directiva...","breadcrumb":{"@id":"https:\/\/autofans.com.ar\/index.php\/2024\/08\/28\/cafam-renueva-su-liderazgo-con-nueva-comision-directiva\/#breadcrumb"},"inLanguage":"es","potentialAction":[{"@type":"ReadAction","target":["https:\/\/autofans.com.ar\/index.php\/2024\/08\/28\/cafam-renueva-su-liderazgo-con-nueva-comision-directiva\/"]}]},{"@type":"ImageObject","inLanguage":"es","@id":"https:\/\/autofans.com.ar\/index.php\/2024\/08\/28\/cafam-renueva-su-liderazgo-con-nueva-comision-directiva\/#primaryimage","url":"https:\/\/autofans.com.ar\/wp-content\/uploads\/2024\/08\/cafam-2.jpg","contentUrl":"https:\/\/autofans.com.ar\/wp-content\/uploads\/2024\/08\/cafam-2.jpg","width":1000,"height":667,"caption":"CAFAM"},{"@type":"BreadcrumbList","@id":"https:\/\/autofans.com.ar\/index.php\/2024\/08\/28\/cafam-renueva-su-liderazgo-con-nueva-comision-directiva\/#breadcrumb","itemListElement":[{"@type":"ListItem","position":1,"name":"Inicio","item":"https:\/\/autofans.com.ar\/"},{"@type":"ListItem","position":2,"name":"CAFAM renueva su liderazgo con nueva comisi\u00f3n directiva"}]},{"@type":"WebSite","@id":"https:\/\/autofans.com.ar\/#website","url":"https:\/\/autofans.com.ar\/","name":"","description":"El multimedio referente de la industria automotriz","potentialAction":[{"@type":"SearchAction","target":{"@type":"EntryPoint","urlTemplate":"https:\/\/autofans.com.ar\/?s={search_term_string}"},"query-input":{"@type":"PropertyValueSpecification","valueRequired":true,"valueName":"search_term_string"}}],"inLanguage":"es"},{"@type":"Person","@id":"https:\/\/autofans.com.ar\/#\/schema\/person\/4a8dda0b6df83ac3d6723e921274c2aa","name":"Alejandro Gabriel Rosito","image":{"@type":"ImageObject","inLanguage":"es","@id":"https:\/\/secure.gravatar.com\/avatar\/16c5dda1489adfc62618084dcbb91cffd879c374b13fe5dd8e44ed6733852c88?s=96&d=mm&r=g","url":"https:\/\/secure.gravatar.com\/avatar\/16c5dda1489adfc62618084dcbb91cffd879c374b13fe5dd8e44ed6733852c88?s=96&d=mm&r=g","contentUrl":"https:\/\/secure.gravatar.com\/avatar\/16c5dda1489adfc62618084dcbb91cffd879c374b13fe5dd8e44ed6733852c88?s=96&d=mm&r=g","caption":"Alejandro Gabriel Rosito"},"url":"https:\/\/autofans.com.ar\/index.php\/author\/gabrielr\/"}]}},"featured_image_urls":{"full":["https:\/\/autofans.com.ar\/wp-content\/uploads\/2024\/08\/cafam-2.jpg",1000,667,false],"thumbnail":["https:\/\/autofans.com.ar\/wp-content\/uploads\/2024\/08\/cafam-2-150x150.jpg",150,150,true],"medium":["https:\/\/autofans.com.ar\/wp-content\/uploads\/2024\/08\/cafam-2-300x200.jpg",300,200,true],"medium_large":["https:\/\/autofans.com.ar\/wp-content\/uploads\/2024\/08\/cafam-2-768x512.jpg",640,427,true],"large":["https:\/\/autofans.com.ar\/wp-content\/uploads\/2024\/08\/cafam-2.jpg",640,427,false],"1536x1536":["https:\/\/autofans.com.ar\/wp-content\/uploads\/2024\/08\/cafam-2.jpg",1000,667,false],"2048x2048":["https:\/\/autofans.com.ar\/wp-content\/uploads\/2024\/08\/cafam-2.jpg",1000,667,false],"covernews-featured":["https:\/\/autofans.com.ar\/wp-content\/uploads\/2024\/08\/cafam-2.jpg",1000,667,false],"covernews-medium":["https:\/\/autofans.com.ar\/wp-content\/uploads\/2024\/08\/cafam-2-540x340.jpg",540,340,true]},"author_info":{"display_name":"Alejandro Gabriel Rosito","author_link":"https:\/\/autofans.com.ar\/index.php\/author\/gabrielr\/"},"category_info":"<a href=\"https:\/\/autofans.com.ar\/index.php\/category\/noticias\/empresas\/\" rel=\"category tag\">EMPRESAS<\/a> <a href=\"https:\/\/autofans.com.ar\/index.php\/category\/noticias\/\" rel=\"category tag\">NOTICIAS<\/a>","tag_info":"NOTICIAS","comment_count":0,"_links":{"self":[{"href":"https:\/\/autofans.com.ar\/index.php\/wp-json\/wp\/v2\/posts\/8812","targetHints":{"allow":["GET"]}}],"collection":[{"href":"https:\/\/autofans.com.ar\/index.php\/wp-json\/wp\/v2\/posts"}],"about":[{"href":"https:\/\/autofans.com.ar\/index.php\/wp-json\/wp\/v2\/types\/post"}],"author":[{"embeddable":true,"href":"https:\/\/autofans.com.ar\/index.php\/wp-json\/wp\/v2\/users\/2"}],"replies":[{"embeddable":true,"href":"https:\/\/autofans.com.ar\/index.php\/wp-json\/wp\/v2\/comments?post=8812"}],"version-history":[{"count":3,"href":"https:\/\/autofans.com.ar\/index.php\/wp-json\/wp\/v2\/posts\/8812\/revisions"}],"predecessor-version":[{"id":8817,"href":"https:\/\/autofans.com.ar\/index.php\/wp-json\/wp\/v2\/posts\/8812\/revisions\/8817"}],"wp:featuredmedia":[{"embeddable":true,"href":"https:\/\/autofans.com.ar\/index.php\/wp-json\/wp\/v2\/media\/8814"}],"wp:attachment":[{"href":"https:\/\/autofans.com.ar\/index.php\/wp-json\/wp\/v2\/media?parent=8812"}],"wp:term":[{"taxonomy":"category","embeddable":true,"href":"https:\/\/autofans.com.ar\/index.php\/wp-json\/wp\/v2\/categories?post=8812"},{"taxonomy":"post_tag","embeddable":true,"href":"https:\/\/autofans.com.ar\/index.php\/wp-json\/wp\/v2\/tags?post=8812"}],"curies":[{"name":"wp","href":"https:\/\/api.w.org\/{rel}","templated":true}]}}