{"id":8879,"date":"2024-09-03T15:53:27","date_gmt":"2024-09-03T18:53:27","guid":{"rendered":"https:\/\/autofans.com.ar\/?p=8879"},"modified":"2024-09-03T15:53:27","modified_gmt":"2024-09-03T18:53:27","slug":"nissan-refuerza-sus-equipos-con-formacion-en-ai","status":"publish","type":"post","link":"https:\/\/autofans.com.ar\/index.php\/2024\/09\/03\/nissan-refuerza-sus-equipos-con-formacion-en-ai\/","title":{"rendered":"Nissan refuerza sus equipos con formaci\u00f3n en AI"},"content":{"rendered":"<p>Nissan Am\u00e9rica Latina ha iniciado el \u00abMes de la Carrera y Desarrollo\u00bb, una iniciativa que refuerza su compromiso con la formaci\u00f3n continua de sus empleados. Durante este per\u00edodo, los colaboradores de la compa\u00f1\u00eda tendr\u00e1n acceso a programas enfocados en inteligencia artificial (IA) y machine learning, herramientas esenciales para enfrentar los desaf\u00edos futuros en sus respectivos campos.<\/p>\n<p>&nbsp;<\/p>\n<h2>Nissan lidera en Am\u00e9rica Latina con 23.000 horas de capacitaci\u00f3n en 2024<\/h2>\n<p>A lo largo de 2024, Nissan ha proporcionado m\u00e1s de 23.000 horas de capacitaci\u00f3n a 22.800 empleados en la regi\u00f3n, consolidando su posici\u00f3n como una empresa l\u00edder en innovaci\u00f3n y desarrollo profesional. La edici\u00f3n de este a\u00f1o se destaca por la incorporaci\u00f3n de temas como IA y machine learning, que est\u00e1n transformando el mundo laboral.<\/p>\n<p>&nbsp;<\/p>\n<p><img fetchpriority=\"high\" decoding=\"async\" class=\"aligncenter wp-image-8884 size-full\" src=\"https:\/\/autofans.com.ar\/wp-content\/uploads\/2024\/09\/nissan-ai-1.jpg\" alt=\"Nissan\" width=\"1000\" height=\"667\" srcset=\"https:\/\/autofans.com.ar\/wp-content\/uploads\/2024\/09\/nissan-ai-1.jpg 1000w, https:\/\/autofans.com.ar\/wp-content\/uploads\/2024\/09\/nissan-ai-1-300x200.jpg 300w, https:\/\/autofans.com.ar\/wp-content\/uploads\/2024\/09\/nissan-ai-1-768x512.jpg 768w\" sizes=\"(max-width: 1000px) 100vw, 1000px\" \/><\/p>\n<p>&nbsp;<\/p>\n<p>La formaci\u00f3n continua es una pieza clave en la propuesta de valor de Nissan, permitiendo que sus empleados mantengan sus habilidades actualizadas y se mantengan a la vanguardia. Seg\u00fan estudios de McKinsey, el desarrollo de habilidades es crucial para la retenci\u00f3n de talento y el crecimiento profesional, lo que refuerza la importancia de esta iniciativa.<\/p>\n<p>&nbsp;<\/p>\n<blockquote>\n<p style=\"text-align: center;\">\u00abLa inteligencia artificial no solo est\u00e1 transformando nuestra forma de operar, sino tambi\u00e9n c\u00f3mo nos desarrollamos como profesionales. Queremos que nuestros talentos se sientan capacitados para utilizar estas tecnolog\u00edas emergentes, impulsando as\u00ed mejores resultados\u00bb, se\u00f1al\u00f3 Mario Ortiz, director senior de Recursos Humanos en Nissan Am\u00e9rica Latina. \u00abUna de las grandes apuestas que tenemos en la organizaci\u00f3n es fomentar este esp\u00edritu de curiosidad y aprendizaje continuo. Sabemos que los desaf\u00edos en la industria son muchos y que la decisi\u00f3n consciente de aprender distingue a nuestros profesionales y los destaca, marcando la diferencia\u00bb, agreg\u00f3 el ejecutivo.<\/p>\n<\/blockquote>\n<p>&nbsp;<\/p>\n<h2>Nissan, reconocida como un Great Place to Work,<\/h2>\n<p>Adem\u00e1s de los cursos en IA, Nissan ofrece un amplio cat\u00e1logo de capacitaciones que incluyen temas como autoliderazgo, comunicaci\u00f3n efectiva, innovaci\u00f3n y coaching. La plataforma de aprendizaje, disponible en modalidad mixta (sincr\u00f3nica y on-demand), permite a los empleados personalizar su experiencia de formaci\u00f3n.<\/p>\n<p>&nbsp;<\/p>\n<div id='gallery-1' class='gallery galleryid-8879 gallery-columns-2 gallery-size-full'><figure class='gallery-item'>\n\t\t\t<div class='gallery-icon landscape'>\n\t\t\t\t<a href='https:\/\/autofans.com.ar\/index.php\/2024\/09\/03\/nissan-refuerza-sus-equipos-con-formacion-en-ai\/nissan-ai-2\/'><img loading=\"lazy\" width=\"1000\" height=\"667\" src=\"https:\/\/autofans.com.ar\/wp-content\/uploads\/2024\/09\/nissan-ai-2.jpg\" class=\"attachment-full size-full\" alt=\"Nissan\" srcset=\"https:\/\/autofans.com.ar\/wp-content\/uploads\/2024\/09\/nissan-ai-2.jpg 1000w, https:\/\/autofans.com.ar\/wp-content\/uploads\/2024\/09\/nissan-ai-2-300x200.jpg 300w, https:\/\/autofans.com.ar\/wp-content\/uploads\/2024\/09\/nissan-ai-2-768x512.jpg 768w\" sizes=\"auto, (max-width: 1000px) 100vw, 1000px\" loading=\"lazy\" decoding=\"async\" \/><\/a>\n\t\t\t<\/div><\/figure><figure class='gallery-item'>\n\t\t\t<div class='gallery-icon landscape'>\n\t\t\t\t<a href='https:\/\/autofans.com.ar\/index.php\/2024\/09\/03\/nissan-refuerza-sus-equipos-con-formacion-en-ai\/nissan-ai-4\/'><img loading=\"lazy\" width=\"1000\" height=\"667\" src=\"https:\/\/autofans.com.ar\/wp-content\/uploads\/2024\/09\/nissan-ai-4.jpg\" class=\"attachment-full size-full\" alt=\"Nissan\" srcset=\"https:\/\/autofans.com.ar\/wp-content\/uploads\/2024\/09\/nissan-ai-4.jpg 1000w, https:\/\/autofans.com.ar\/wp-content\/uploads\/2024\/09\/nissan-ai-4-300x200.jpg 300w, https:\/\/autofans.com.ar\/wp-content\/uploads\/2024\/09\/nissan-ai-4-768x512.jpg 768w\" sizes=\"auto, (max-width: 1000px) 100vw, 1000px\" loading=\"lazy\" decoding=\"async\" \/><\/a>\n\t\t\t<\/div><\/figure>\n\t\t<\/div>\n\n<p>&nbsp;<\/p>\n<p>Para los l\u00edderes de la regi\u00f3n, Nissan organiza los \u00abLeadership Summits\u00bb, sesiones en vivo con expertos que brindan herramientas pr\u00e1cticas para inspirar y guiar a sus equipos.<\/p>\n<p>Este enfoque en el aprendizaje y el desarrollo continuo ha permitido a Nissan ser reconocida en Am\u00e9rica Latina como un \u00abGreat Place to Work\u00bb, destac\u00e1ndose tambi\u00e9n como una \u00abSuper Empresa\u00bb y \u00abBest Place to Work LGBT+\u00bb.<\/p>\n<p>&nbsp;<\/p>\n<p>&nbsp;<\/p>\n<p><i>Para enterarte de m\u00e1s novedades, no dejes de leer\u00a0<\/i><a href=\"https:\/\/autofans.thebrandsoup.com\/\"><i>nuestras notas<\/i><\/a><i>, de ver<\/i><b><i>\u00a0<\/i><\/b><a href=\"https:\/\/www.youtube.com\/channel\/UCgAC8UGHZYbT6P7PpmVnP7g\"><b><i>AUTOFANS TV<\/i><\/b><\/a><b><i>\u00a0<\/i><\/b><i>en nuestro\u00a0canal de Youtube. Adem\u00e1s seguinos en\u00a0<\/i><a href=\"https:\/\/www.instagram.com\/autofanstv\/\"><i>INSTAGRAM<\/i><\/a><i> y <\/i><a href=\"https:\/\/www.facebook.com\/autofansmas\/\"><i>FACEBOOK<\/i><\/a><i> para no perderte nada sobre las novedades del segmento automotor de Argentina y el mundo.<\/i><\/p>\n","protected":false},"excerpt":{"rendered":"<p>Nissan Am\u00e9rica Latina ha iniciado el \u00abMes de la Carrera y Desarrollo\u00bb, una iniciativa que&#8230;<\/p>\n","protected":false},"author":2,"featured_media":8882,"comment_status":"closed","ping_status":"closed","sticky":false,"template":"","format":"standard","meta":{"footnotes":""},"categories":[292,16],"tags":[2206,4738,2201,1436,4739,4205],"class_list":["post-8879","post","type-post","status-publish","format-standard","has-post-thumbnail","hentry","category-empresas","category-noticias","tag-desarrollo-profesional","tag-formacion-continua","tag-great-place-to-work","tag-inteligencia-artificial","tag-machine-learning","tag-nissan-america-latina"],"yoast_head":"<!-- This site is optimized with the Yoast SEO plugin v27.5 - https:\/\/yoast.com\/product\/yoast-seo-wordpress\/ -->\n<title>Nissan refuerza sus equipos con formaci\u00f3n en AI -<\/title>\n<meta name=\"description\" content=\"Nissan Am\u00e9rica Latina inicio el &quot;Mes de la Carrera y Desarrollo&quot;, una iniciativa que refuerza su compromiso con la formaci\u00f3n de sus empleados.\" \/>\n<meta name=\"robots\" content=\"index, follow, max-snippet:-1, max-image-preview:large, max-video-preview:-1\" \/>\n<link rel=\"canonical\" href=\"https:\/\/autofans.com.ar\/index.php\/2024\/09\/03\/nissan-refuerza-sus-equipos-con-formacion-en-ai\/\" \/>\n<meta property=\"og:locale\" content=\"es_ES\" \/>\n<meta property=\"og:type\" content=\"article\" \/>\n<meta property=\"og:title\" content=\"Nissan refuerza sus equipos con formaci\u00f3n en AI -\" \/>\n<meta property=\"og:description\" content=\"Nissan Am\u00e9rica Latina inicio el &quot;Mes de la Carrera y Desarrollo&quot;, una iniciativa que refuerza su compromiso con la formaci\u00f3n de sus empleados.\" \/>\n<meta property=\"og:url\" content=\"https:\/\/autofans.com.ar\/index.php\/2024\/09\/03\/nissan-refuerza-sus-equipos-con-formacion-en-ai\/\" \/>\n<meta property=\"article:published_time\" content=\"2024-09-03T18:53:27+00:00\" \/>\n<meta property=\"og:image\" content=\"https:\/\/autofans.com.ar\/wp-content\/uploads\/2024\/09\/nissan-ai-3.jpg\" \/>\n\t<meta property=\"og:image:width\" content=\"640\" \/>\n\t<meta property=\"og:image:height\" content=\"427\" \/>\n\t<meta property=\"og:image:type\" content=\"image\/jpeg\" \/>\n<meta name=\"author\" content=\"Alejandro Gabriel Rosito\" \/>\n<meta name=\"twitter:card\" content=\"summary_large_image\" \/>\n<meta name=\"twitter:label1\" content=\"Escrito por\" \/>\n\t<meta name=\"twitter:data1\" content=\"Alejandro Gabriel Rosito\" \/>\n\t<meta name=\"twitter:label2\" content=\"Tiempo de lectura\" \/>\n\t<meta name=\"twitter:data2\" content=\"2 minutos\" \/>\n<script type=\"application\/ld+json\" class=\"yoast-schema-graph\">{\"@context\":\"https:\\\/\\\/schema.org\",\"@graph\":[{\"@type\":\"Article\",\"@id\":\"https:\\\/\\\/autofans.com.ar\\\/index.php\\\/2024\\\/09\\\/03\\\/nissan-refuerza-sus-equipos-con-formacion-en-ai\\\/#article\",\"isPartOf\":{\"@id\":\"https:\\\/\\\/autofans.com.ar\\\/index.php\\\/2024\\\/09\\\/03\\\/nissan-refuerza-sus-equipos-con-formacion-en-ai\\\/\"},\"author\":{\"name\":\"Alejandro Gabriel Rosito\",\"@id\":\"https:\\\/\\\/autofans.com.ar\\\/#\\\/schema\\\/person\\\/4a8dda0b6df83ac3d6723e921274c2aa\"},\"headline\":\"Nissan refuerza sus equipos con formaci\u00f3n en AI\",\"datePublished\":\"2024-09-03T18:53:27+00:00\",\"mainEntityOfPage\":{\"@id\":\"https:\\\/\\\/autofans.com.ar\\\/index.php\\\/2024\\\/09\\\/03\\\/nissan-refuerza-sus-equipos-con-formacion-en-ai\\\/\"},\"wordCount\":489,\"image\":{\"@id\":\"https:\\\/\\\/autofans.com.ar\\\/index.php\\\/2024\\\/09\\\/03\\\/nissan-refuerza-sus-equipos-con-formacion-en-ai\\\/#primaryimage\"},\"thumbnailUrl\":\"https:\\\/\\\/autofans.com.ar\\\/wp-content\\\/uploads\\\/2024\\\/09\\\/nissan-ai-3.jpg\",\"keywords\":[\"desarrollo profesional\",\"formaci\u00f3n continua\",\"Great Place to Work\",\"Inteligencia Artificial\",\"machine learning\",\"Nissan Am\u00e9rica Latina\"],\"articleSection\":[\"EMPRESAS\",\"NOTICIAS\"],\"inLanguage\":\"es\"},{\"@type\":\"WebPage\",\"@id\":\"https:\\\/\\\/autofans.com.ar\\\/index.php\\\/2024\\\/09\\\/03\\\/nissan-refuerza-sus-equipos-con-formacion-en-ai\\\/\",\"url\":\"https:\\\/\\\/autofans.com.ar\\\/index.php\\\/2024\\\/09\\\/03\\\/nissan-refuerza-sus-equipos-con-formacion-en-ai\\\/\",\"name\":\"Nissan refuerza sus equipos con formaci\u00f3n en AI -\",\"isPartOf\":{\"@id\":\"https:\\\/\\\/autofans.com.ar\\\/#website\"},\"primaryImageOfPage\":{\"@id\":\"https:\\\/\\\/autofans.com.ar\\\/index.php\\\/2024\\\/09\\\/03\\\/nissan-refuerza-sus-equipos-con-formacion-en-ai\\\/#primaryimage\"},\"image\":{\"@id\":\"https:\\\/\\\/autofans.com.ar\\\/index.php\\\/2024\\\/09\\\/03\\\/nissan-refuerza-sus-equipos-con-formacion-en-ai\\\/#primaryimage\"},\"thumbnailUrl\":\"https:\\\/\\\/autofans.com.ar\\\/wp-content\\\/uploads\\\/2024\\\/09\\\/nissan-ai-3.jpg\",\"datePublished\":\"2024-09-03T18:53:27+00:00\",\"author\":{\"@id\":\"https:\\\/\\\/autofans.com.ar\\\/#\\\/schema\\\/person\\\/4a8dda0b6df83ac3d6723e921274c2aa\"},\"description\":\"Nissan Am\u00e9rica Latina inicio el \\\"Mes de la Carrera y Desarrollo\\\", una iniciativa que refuerza su compromiso con la formaci\u00f3n de sus empleados.\",\"breadcrumb\":{\"@id\":\"https:\\\/\\\/autofans.com.ar\\\/index.php\\\/2024\\\/09\\\/03\\\/nissan-refuerza-sus-equipos-con-formacion-en-ai\\\/#breadcrumb\"},\"inLanguage\":\"es\",\"potentialAction\":[{\"@type\":\"ReadAction\",\"target\":[\"https:\\\/\\\/autofans.com.ar\\\/index.php\\\/2024\\\/09\\\/03\\\/nissan-refuerza-sus-equipos-con-formacion-en-ai\\\/\"]}]},{\"@type\":\"ImageObject\",\"inLanguage\":\"es\",\"@id\":\"https:\\\/\\\/autofans.com.ar\\\/index.php\\\/2024\\\/09\\\/03\\\/nissan-refuerza-sus-equipos-con-formacion-en-ai\\\/#primaryimage\",\"url\":\"https:\\\/\\\/autofans.com.ar\\\/wp-content\\\/uploads\\\/2024\\\/09\\\/nissan-ai-3.jpg\",\"contentUrl\":\"https:\\\/\\\/autofans.com.ar\\\/wp-content\\\/uploads\\\/2024\\\/09\\\/nissan-ai-3.jpg\",\"width\":1000,\"height\":667,\"caption\":\"Nissan\"},{\"@type\":\"BreadcrumbList\",\"@id\":\"https:\\\/\\\/autofans.com.ar\\\/index.php\\\/2024\\\/09\\\/03\\\/nissan-refuerza-sus-equipos-con-formacion-en-ai\\\/#breadcrumb\",\"itemListElement\":[{\"@type\":\"ListItem\",\"position\":1,\"name\":\"Inicio\",\"item\":\"https:\\\/\\\/autofans.com.ar\\\/\"},{\"@type\":\"ListItem\",\"position\":2,\"name\":\"Nissan refuerza sus equipos con formaci\u00f3n en AI\"}]},{\"@type\":\"WebSite\",\"@id\":\"https:\\\/\\\/autofans.com.ar\\\/#website\",\"url\":\"https:\\\/\\\/autofans.com.ar\\\/\",\"name\":\"\",\"description\":\"El multimedio referente de la industria automotriz\",\"potentialAction\":[{\"@type\":\"SearchAction\",\"target\":{\"@type\":\"EntryPoint\",\"urlTemplate\":\"https:\\\/\\\/autofans.com.ar\\\/?s={search_term_string}\"},\"query-input\":{\"@type\":\"PropertyValueSpecification\",\"valueRequired\":true,\"valueName\":\"search_term_string\"}}],\"inLanguage\":\"es\"},{\"@type\":\"Person\",\"@id\":\"https:\\\/\\\/autofans.com.ar\\\/#\\\/schema\\\/person\\\/4a8dda0b6df83ac3d6723e921274c2aa\",\"name\":\"Alejandro Gabriel Rosito\",\"image\":{\"@type\":\"ImageObject\",\"inLanguage\":\"es\",\"@id\":\"https:\\\/\\\/secure.gravatar.com\\\/avatar\\\/16c5dda1489adfc62618084dcbb91cffd879c374b13fe5dd8e44ed6733852c88?s=96&d=mm&r=g\",\"url\":\"https:\\\/\\\/secure.gravatar.com\\\/avatar\\\/16c5dda1489adfc62618084dcbb91cffd879c374b13fe5dd8e44ed6733852c88?s=96&d=mm&r=g\",\"contentUrl\":\"https:\\\/\\\/secure.gravatar.com\\\/avatar\\\/16c5dda1489adfc62618084dcbb91cffd879c374b13fe5dd8e44ed6733852c88?s=96&d=mm&r=g\",\"caption\":\"Alejandro Gabriel Rosito\"},\"url\":\"https:\\\/\\\/autofans.com.ar\\\/index.php\\\/author\\\/gabrielr\\\/\"}]}<\/script>\n<!-- \/ Yoast SEO plugin. -->","yoast_head_json":{"title":"Nissan refuerza sus equipos con formaci\u00f3n en AI -","description":"Nissan Am\u00e9rica Latina inicio el \"Mes de la Carrera y Desarrollo\", una iniciativa que refuerza su compromiso con la formaci\u00f3n de sus empleados.","robots":{"index":"index","follow":"follow","max-snippet":"max-snippet:-1","max-image-preview":"max-image-preview:large","max-video-preview":"max-video-preview:-1"},"canonical":"https:\/\/autofans.com.ar\/index.php\/2024\/09\/03\/nissan-refuerza-sus-equipos-con-formacion-en-ai\/","og_locale":"es_ES","og_type":"article","og_title":"Nissan refuerza sus equipos con formaci\u00f3n en AI -","og_description":"Nissan Am\u00e9rica Latina inicio el \"Mes de la Carrera y Desarrollo\", una iniciativa que refuerza su compromiso con la formaci\u00f3n de sus empleados.","og_url":"https:\/\/autofans.com.ar\/index.php\/2024\/09\/03\/nissan-refuerza-sus-equipos-con-formacion-en-ai\/","article_published_time":"2024-09-03T18:53:27+00:00","og_image":[{"url":"https:\/\/autofans.com.ar\/wp-content\/uploads\/2024\/09\/nissan-ai-3.jpg","width":640,"height":427,"type":"image\/jpeg"}],"author":"Alejandro Gabriel Rosito","twitter_card":"summary_large_image","twitter_misc":{"Escrito por":"Alejandro Gabriel Rosito","Tiempo de lectura":"2 minutos"},"schema":{"@context":"https:\/\/schema.org","@graph":[{"@type":"Article","@id":"https:\/\/autofans.com.ar\/index.php\/2024\/09\/03\/nissan-refuerza-sus-equipos-con-formacion-en-ai\/#article","isPartOf":{"@id":"https:\/\/autofans.com.ar\/index.php\/2024\/09\/03\/nissan-refuerza-sus-equipos-con-formacion-en-ai\/"},"author":{"name":"Alejandro Gabriel Rosito","@id":"https:\/\/autofans.com.ar\/#\/schema\/person\/4a8dda0b6df83ac3d6723e921274c2aa"},"headline":"Nissan refuerza sus equipos con formaci\u00f3n en AI","datePublished":"2024-09-03T18:53:27+00:00","mainEntityOfPage":{"@id":"https:\/\/autofans.com.ar\/index.php\/2024\/09\/03\/nissan-refuerza-sus-equipos-con-formacion-en-ai\/"},"wordCount":489,"image":{"@id":"https:\/\/autofans.com.ar\/index.php\/2024\/09\/03\/nissan-refuerza-sus-equipos-con-formacion-en-ai\/#primaryimage"},"thumbnailUrl":"https:\/\/autofans.com.ar\/wp-content\/uploads\/2024\/09\/nissan-ai-3.jpg","keywords":["desarrollo profesional","formaci\u00f3n continua","Great Place to Work","Inteligencia Artificial","machine learning","Nissan Am\u00e9rica Latina"],"articleSection":["EMPRESAS","NOTICIAS"],"inLanguage":"es"},{"@type":"WebPage","@id":"https:\/\/autofans.com.ar\/index.php\/2024\/09\/03\/nissan-refuerza-sus-equipos-con-formacion-en-ai\/","url":"https:\/\/autofans.com.ar\/index.php\/2024\/09\/03\/nissan-refuerza-sus-equipos-con-formacion-en-ai\/","name":"Nissan refuerza sus equipos con formaci\u00f3n en AI -","isPartOf":{"@id":"https:\/\/autofans.com.ar\/#website"},"primaryImageOfPage":{"@id":"https:\/\/autofans.com.ar\/index.php\/2024\/09\/03\/nissan-refuerza-sus-equipos-con-formacion-en-ai\/#primaryimage"},"image":{"@id":"https:\/\/autofans.com.ar\/index.php\/2024\/09\/03\/nissan-refuerza-sus-equipos-con-formacion-en-ai\/#primaryimage"},"thumbnailUrl":"https:\/\/autofans.com.ar\/wp-content\/uploads\/2024\/09\/nissan-ai-3.jpg","datePublished":"2024-09-03T18:53:27+00:00","author":{"@id":"https:\/\/autofans.com.ar\/#\/schema\/person\/4a8dda0b6df83ac3d6723e921274c2aa"},"description":"Nissan Am\u00e9rica Latina inicio el \"Mes de la Carrera y Desarrollo\", una iniciativa que refuerza su compromiso con la formaci\u00f3n de sus empleados.","breadcrumb":{"@id":"https:\/\/autofans.com.ar\/index.php\/2024\/09\/03\/nissan-refuerza-sus-equipos-con-formacion-en-ai\/#breadcrumb"},"inLanguage":"es","potentialAction":[{"@type":"ReadAction","target":["https:\/\/autofans.com.ar\/index.php\/2024\/09\/03\/nissan-refuerza-sus-equipos-con-formacion-en-ai\/"]}]},{"@type":"ImageObject","inLanguage":"es","@id":"https:\/\/autofans.com.ar\/index.php\/2024\/09\/03\/nissan-refuerza-sus-equipos-con-formacion-en-ai\/#primaryimage","url":"https:\/\/autofans.com.ar\/wp-content\/uploads\/2024\/09\/nissan-ai-3.jpg","contentUrl":"https:\/\/autofans.com.ar\/wp-content\/uploads\/2024\/09\/nissan-ai-3.jpg","width":1000,"height":667,"caption":"Nissan"},{"@type":"BreadcrumbList","@id":"https:\/\/autofans.com.ar\/index.php\/2024\/09\/03\/nissan-refuerza-sus-equipos-con-formacion-en-ai\/#breadcrumb","itemListElement":[{"@type":"ListItem","position":1,"name":"Inicio","item":"https:\/\/autofans.com.ar\/"},{"@type":"ListItem","position":2,"name":"Nissan refuerza sus equipos con formaci\u00f3n en AI"}]},{"@type":"WebSite","@id":"https:\/\/autofans.com.ar\/#website","url":"https:\/\/autofans.com.ar\/","name":"","description":"El multimedio referente de la industria automotriz","potentialAction":[{"@type":"SearchAction","target":{"@type":"EntryPoint","urlTemplate":"https:\/\/autofans.com.ar\/?s={search_term_string}"},"query-input":{"@type":"PropertyValueSpecification","valueRequired":true,"valueName":"search_term_string"}}],"inLanguage":"es"},{"@type":"Person","@id":"https:\/\/autofans.com.ar\/#\/schema\/person\/4a8dda0b6df83ac3d6723e921274c2aa","name":"Alejandro Gabriel Rosito","image":{"@type":"ImageObject","inLanguage":"es","@id":"https:\/\/secure.gravatar.com\/avatar\/16c5dda1489adfc62618084dcbb91cffd879c374b13fe5dd8e44ed6733852c88?s=96&d=mm&r=g","url":"https:\/\/secure.gravatar.com\/avatar\/16c5dda1489adfc62618084dcbb91cffd879c374b13fe5dd8e44ed6733852c88?s=96&d=mm&r=g","contentUrl":"https:\/\/secure.gravatar.com\/avatar\/16c5dda1489adfc62618084dcbb91cffd879c374b13fe5dd8e44ed6733852c88?s=96&d=mm&r=g","caption":"Alejandro Gabriel Rosito"},"url":"https:\/\/autofans.com.ar\/index.php\/author\/gabrielr\/"}]}},"featured_image_urls":{"full":["https:\/\/autofans.com.ar\/wp-content\/uploads\/2024\/09\/nissan-ai-3.jpg",1000,667,false],"thumbnail":["https:\/\/autofans.com.ar\/wp-content\/uploads\/2024\/09\/nissan-ai-3-150x150.jpg",150,150,true],"medium":["https:\/\/autofans.com.ar\/wp-content\/uploads\/2024\/09\/nissan-ai-3-300x200.jpg",300,200,true],"medium_large":["https:\/\/autofans.com.ar\/wp-content\/uploads\/2024\/09\/nissan-ai-3-768x512.jpg",640,427,true],"large":["https:\/\/autofans.com.ar\/wp-content\/uploads\/2024\/09\/nissan-ai-3.jpg",640,427,false],"1536x1536":["https:\/\/autofans.com.ar\/wp-content\/uploads\/2024\/09\/nissan-ai-3.jpg",1000,667,false],"2048x2048":["https:\/\/autofans.com.ar\/wp-content\/uploads\/2024\/09\/nissan-ai-3.jpg",1000,667,false],"covernews-featured":["https:\/\/autofans.com.ar\/wp-content\/uploads\/2024\/09\/nissan-ai-3.jpg",1000,667,false],"covernews-medium":["https:\/\/autofans.com.ar\/wp-content\/uploads\/2024\/09\/nissan-ai-3-540x340.jpg",540,340,true]},"author_info":{"display_name":"Alejandro Gabriel Rosito","author_link":"https:\/\/autofans.com.ar\/index.php\/author\/gabrielr\/"},"category_info":"<a href=\"https:\/\/autofans.com.ar\/index.php\/category\/noticias\/empresas\/\" rel=\"category tag\">EMPRESAS<\/a> <a href=\"https:\/\/autofans.com.ar\/index.php\/category\/noticias\/\" rel=\"category tag\">NOTICIAS<\/a>","tag_info":"NOTICIAS","comment_count":0,"_links":{"self":[{"href":"https:\/\/autofans.com.ar\/index.php\/wp-json\/wp\/v2\/posts\/8879","targetHints":{"allow":["GET"]}}],"collection":[{"href":"https:\/\/autofans.com.ar\/index.php\/wp-json\/wp\/v2\/posts"}],"about":[{"href":"https:\/\/autofans.com.ar\/index.php\/wp-json\/wp\/v2\/types\/post"}],"author":[{"embeddable":true,"href":"https:\/\/autofans.com.ar\/index.php\/wp-json\/wp\/v2\/users\/2"}],"replies":[{"embeddable":true,"href":"https:\/\/autofans.com.ar\/index.php\/wp-json\/wp\/v2\/comments?post=8879"}],"version-history":[{"count":2,"href":"https:\/\/autofans.com.ar\/index.php\/wp-json\/wp\/v2\/posts\/8879\/revisions"}],"predecessor-version":[{"id":8885,"href":"https:\/\/autofans.com.ar\/index.php\/wp-json\/wp\/v2\/posts\/8879\/revisions\/8885"}],"wp:featuredmedia":[{"embeddable":true,"href":"https:\/\/autofans.com.ar\/index.php\/wp-json\/wp\/v2\/media\/8882"}],"wp:attachment":[{"href":"https:\/\/autofans.com.ar\/index.php\/wp-json\/wp\/v2\/media?parent=8879"}],"wp:term":[{"taxonomy":"category","embeddable":true,"href":"https:\/\/autofans.com.ar\/index.php\/wp-json\/wp\/v2\/categories?post=8879"},{"taxonomy":"post_tag","embeddable":true,"href":"https:\/\/autofans.com.ar\/index.php\/wp-json\/wp\/v2\/tags?post=8879"}],"curies":[{"name":"wp","href":"https:\/\/api.w.org\/{rel}","templated":true}]}}