{"id":8886,"date":"2024-09-04T19:54:42","date_gmt":"2024-09-04T22:54:42","guid":{"rendered":"https:\/\/autofans.com.ar\/?p=8886"},"modified":"2024-09-04T19:54:42","modified_gmt":"2024-09-04T22:54:42","slug":"bmw-motorrad-argentina-completa-la-familia-gs","status":"publish","type":"post","link":"https:\/\/autofans.com.ar\/index.php\/2024\/09\/04\/bmw-motorrad-argentina-completa-la-familia-gs\/","title":{"rendered":"BMW Motorrad Argentina completa la familia GS"},"content":{"rendered":"<p>BMW Motorrad Argentina ha ampliado su gama GS con tres nuevos modelos: la BMW F 900 GS, F 900 GS Adventure y F 800 GS. Estos modelos bicil\u00edndricos del segmento medio ofrecen mejoras significativas, destac\u00e1ndose por un nuevo motor de 895 cc, mayor equipamiento de serie y adaptaciones espec\u00edficas seg\u00fan las necesidades de cada usuario.<\/p>\n<p>&nbsp;<\/p>\n<h2>Dise\u00f1o, potencia y versatilidad para cada camino<\/h2>\n<p>&nbsp;<\/p>\n<p><img fetchpriority=\"high\" decoding=\"async\" class=\"aligncenter wp-image-8888 size-full\" src=\"https:\/\/autofans.com.ar\/wp-content\/uploads\/2024\/09\/BMW-4.jpg\" alt=\"BMW Motorrad\" width=\"1000\" height=\"667\" srcset=\"https:\/\/autofans.com.ar\/wp-content\/uploads\/2024\/09\/BMW-4.jpg 1000w, https:\/\/autofans.com.ar\/wp-content\/uploads\/2024\/09\/BMW-4-300x200.jpg 300w, https:\/\/autofans.com.ar\/wp-content\/uploads\/2024\/09\/BMW-4-768x512.jpg 768w\" sizes=\"(max-width: 1000px) 100vw, 1000px\" \/><\/p>\n<p>&nbsp;<\/p>\n<p>La BMW F 900 GS, con un perfil m\u00e1s deportivo y todoterreno, presenta un dise\u00f1o optimizado para el off-road, con una reducci\u00f3n de peso de 14 kg y un tanque de pl\u00e1stico de 14.5 litros que mejora la ergonom\u00eda. En cambio, la BMW F 900 GS Adventure, dise\u00f1ada para viajes largos, cuenta con un dep\u00f3sito de 23 litros y elementos adicionales como parabrisas ajustable y pedalines de enduro. Por su parte, la BMW F 800 GS, enfocada en quienes buscan dar el salto a motos de mayor cilindrada, combina caracter\u00edsticas de touring y enduro, ofreciendo 87 CV de potencia.<\/p>\n<p>&nbsp;<\/p>\n<h2>BMW Motorrad &#8211; F 900 GS y F 800 GS<\/h2>\n<p><a href=\"https:\/\/autofans.com.ar\/wp-content\/uploads\/2024\/09\/Ficha_tecnica_BMW_F_800_GS.pdf\">Ficha T\u00e9cnica: BMW F800 GS<\/a> \/ <a href=\"https:\/\/autofans.com.ar\/wp-content\/uploads\/2024\/09\/Ficha_tecnica_BMW_F_900_GS.pdf\">Ficha T\u00e9cnica: BMW F900 GS<\/a><\/p>\n<p>En cuanto al motor, los tres modelos presentan una versi\u00f3n mejorada del bicil\u00edndrico en l\u00ednea, incrementando su capacidad a 895 cc. Las BMW F 900 GS y F 900 GS Adventure entregan 105 CV, mientras que la F 800 GS alcanza los 87 CV. Estas cifras, sumadas a una curva de torque m\u00e1s agresiva, garantizan mayor aceleraci\u00f3n y desempe\u00f1o.<\/p>\n<p>&nbsp;<\/p>\n<div id='gallery-1' class='gallery galleryid-8886 gallery-columns-2 gallery-size-full'><figure class='gallery-item'>\n\t\t\t<div class='gallery-icon landscape'>\n\t\t\t\t<a href='https:\/\/autofans.com.ar\/index.php\/2024\/09\/04\/bmw-motorrad-argentina-completa-la-familia-gs\/bmw-1-12\/'><img loading=\"lazy\" width=\"1000\" height=\"667\" src=\"https:\/\/autofans.com.ar\/wp-content\/uploads\/2024\/09\/BMW-1.jpg\" class=\"attachment-full size-full\" alt=\"BMW Motorrad\" aria-describedby=\"gallery-1-8891\" srcset=\"https:\/\/autofans.com.ar\/wp-content\/uploads\/2024\/09\/BMW-1.jpg 1000w, https:\/\/autofans.com.ar\/wp-content\/uploads\/2024\/09\/BMW-1-300x200.jpg 300w, https:\/\/autofans.com.ar\/wp-content\/uploads\/2024\/09\/BMW-1-768x512.jpg 768w\" sizes=\"auto, (max-width: 1000px) 100vw, 1000px\" loading=\"lazy\" decoding=\"async\" \/><\/a>\n\t\t\t<\/div>\n\t\t\t\t<figcaption class='wp-caption-text gallery-caption' id='gallery-1-8891'>\n\t\t\t\tBMW F900 GS\n\t\t\t\t<\/figcaption><\/figure><figure class='gallery-item'>\n\t\t\t<div class='gallery-icon landscape'>\n\t\t\t\t<a href='https:\/\/autofans.com.ar\/index.php\/2024\/09\/04\/bmw-motorrad-argentina-completa-la-familia-gs\/bmw-2-13\/'><img loading=\"lazy\" width=\"1000\" height=\"667\" src=\"https:\/\/autofans.com.ar\/wp-content\/uploads\/2024\/09\/BMW-2.jpg\" class=\"attachment-full size-full\" alt=\"BMW Motorrad\" aria-describedby=\"gallery-1-8890\" srcset=\"https:\/\/autofans.com.ar\/wp-content\/uploads\/2024\/09\/BMW-2.jpg 1000w, https:\/\/autofans.com.ar\/wp-content\/uploads\/2024\/09\/BMW-2-300x200.jpg 300w, https:\/\/autofans.com.ar\/wp-content\/uploads\/2024\/09\/BMW-2-768x512.jpg 768w\" sizes=\"auto, (max-width: 1000px) 100vw, 1000px\" loading=\"lazy\" decoding=\"async\" \/><\/a>\n\t\t\t<\/div>\n\t\t\t\t<figcaption class='wp-caption-text gallery-caption' id='gallery-1-8890'>\n\t\t\t\tBMW F800 GS\n\t\t\t\t<\/figcaption><\/figure>\n\t\t<\/div>\n\n<p>&nbsp;<\/p>\n<p>El redise\u00f1o de la F 900 GS incluye adem\u00e1s una nueva secci\u00f3n trasera y un escape Akrapovi\u010d de serie, lo que permite una mayor maniobrabilidad y postura de manejo mejorada. Todas las variantes vienen equipadas con tecnolog\u00edas avanzadas como el Control Din\u00e1mico de Tracci\u00f3n (DTC), ABS Pro optimizado para curvas, pantalla TFT de 6.5 pulgadas y conectividad, adem\u00e1s de modos de conducci\u00f3n \u00abRain\u00bb y \u00abRoad\u00bb, calefacci\u00f3n en pu\u00f1os y asistente de cambios PRO.<\/p>\n<h4>Precios y versiones:<\/h4>\n<ul>\n<li>BMW F 800 GS: USD 32.900<\/li>\n<li>BMW F 900 GS: USD 36.900<\/li>\n<li>BMW F 900 GS Adventure: USD 39.900<\/li>\n<li>BMW R 1300 GS: USD 51.900<\/li>\n<\/ul>\n<p>&nbsp;<\/p>\n<figure id=\"attachment_8889\" aria-describedby=\"caption-attachment-8889\" style=\"width: 1000px\" class=\"wp-caption aligncenter\"><img decoding=\"async\" class=\"wp-image-8889 size-full\" src=\"https:\/\/autofans.com.ar\/wp-content\/uploads\/2024\/09\/BMW-3.jpg\" alt=\"BMW Motorrad\" width=\"1000\" height=\"667\" srcset=\"https:\/\/autofans.com.ar\/wp-content\/uploads\/2024\/09\/BMW-3.jpg 1000w, https:\/\/autofans.com.ar\/wp-content\/uploads\/2024\/09\/BMW-3-300x200.jpg 300w, https:\/\/autofans.com.ar\/wp-content\/uploads\/2024\/09\/BMW-3-768x512.jpg 768w\" sizes=\"(max-width: 1000px) 100vw, 1000px\" \/><figcaption id=\"caption-attachment-8889\" class=\"wp-caption-text\">BMW F900 GS Adventure<\/figcaption><\/figure>\n<p><a href=\"https:\/\/autofans.com.ar\/wp-content\/uploads\/2024\/09\/Ficha_tecnica_BMW_F_900_GS_Adventure.pdf\">Ficha T\u00e9cnica:: BMW F900 GS Adventure<\/a><\/p>\n<p>Con estas novedades, la familia GS de BMW Motorrad refuerza su presencia en Argentina, ofreciendo opciones vers\u00e1tiles para cada tipo de usuario, ya disponibles en concesionarios oficiales.<\/p>\n<p>&nbsp;<\/p>\n<p>&nbsp;<\/p>\n<p><i>Para enterarte de m\u00e1s novedades, no dejes de leer\u00a0<\/i><a href=\"https:\/\/autofans.thebrandsoup.com\/\"><i>nuestras notas<\/i><\/a><i>, de ver<\/i><b><i>\u00a0<\/i><\/b><a href=\"https:\/\/www.youtube.com\/channel\/UCgAC8UGHZYbT6P7PpmVnP7g\"><b><i>AUTOFANS TV<\/i><\/b><\/a><b><i>\u00a0<\/i><\/b><i>en nuestro\u00a0canal de Youtube. Adem\u00e1s seguinos en\u00a0<\/i><a href=\"https:\/\/www.instagram.com\/autofanstv\/\"><i>INSTAGRAM<\/i><\/a><i> y <\/i><a href=\"https:\/\/www.facebook.com\/autofansmas\/\"><i>FACEBOOK<\/i><\/a><i> para no perderte nada sobre las novedades del segmento automotor de Argentina y el mundo.<\/i><\/p>\n","protected":false},"excerpt":{"rendered":"<p>BMW Motorrad Argentina ha ampliado su gama GS con tres nuevos modelos: la BMW F&#8230;<\/p>\n","protected":false},"author":2,"featured_media":8887,"comment_status":"closed","ping_status":"closed","sticky":false,"template":"","format":"standard","meta":{"footnotes":""},"categories":[1,9],"tags":[2519,2517,2518,4743,3920,4741,4742,4740,2516],"class_list":["post-8886","post","type-post","status-publish","format-standard","has-post-thumbnail","hentry","category-lanzamientos","category-motos-lanzamientos","tag-bmw-f-800-gs","tag-bmw-f-900-gs","tag-bmw-f-900-gs-adventure","tag-bmw-gs-precios-argentina","tag-bmw-motorrad-argentina","tag-gama-gs","tag-motocicletas-todoterreno","tag-motos-bmw-argentina","tag-motos-de-aventura"],"yoast_head":"<!-- This site is optimized with the Yoast SEO plugin v27.5 - https:\/\/yoast.com\/product\/yoast-seo-wordpress\/ -->\n<title>BMW Motorrad Argentina completa la familia GS -<\/title>\n<meta name=\"description\" content=\"BMW Motorrad Argentina ha ampliado su gama GS con tres nuevos modelos: la BMW F 900 GS, F 900 GS Adventure y F 800 GS.\" \/>\n<meta name=\"robots\" content=\"index, follow, max-snippet:-1, max-image-preview:large, max-video-preview:-1\" \/>\n<link rel=\"canonical\" href=\"https:\/\/autofans.com.ar\/index.php\/2024\/09\/04\/bmw-motorrad-argentina-completa-la-familia-gs\/\" \/>\n<meta property=\"og:locale\" content=\"es_ES\" \/>\n<meta property=\"og:type\" content=\"article\" \/>\n<meta property=\"og:title\" content=\"BMW Motorrad Argentina completa la familia GS -\" \/>\n<meta property=\"og:description\" content=\"BMW Motorrad Argentina ha ampliado su gama GS con tres nuevos modelos: la BMW F 900 GS, F 900 GS Adventure y F 800 GS.\" \/>\n<meta property=\"og:url\" content=\"https:\/\/autofans.com.ar\/index.php\/2024\/09\/04\/bmw-motorrad-argentina-completa-la-familia-gs\/\" \/>\n<meta property=\"article:published_time\" content=\"2024-09-04T22:54:42+00:00\" \/>\n<meta property=\"og:image\" content=\"https:\/\/autofans.com.ar\/wp-content\/uploads\/2024\/09\/BMW-5.jpg\" \/>\n\t<meta property=\"og:image:width\" content=\"640\" \/>\n\t<meta property=\"og:image:height\" content=\"427\" \/>\n\t<meta property=\"og:image:type\" content=\"image\/jpeg\" \/>\n<meta name=\"author\" content=\"Alejandro Gabriel Rosito\" \/>\n<meta name=\"twitter:card\" content=\"summary_large_image\" \/>\n<meta name=\"twitter:label1\" content=\"Escrito por\" \/>\n\t<meta name=\"twitter:data1\" content=\"Alejandro Gabriel Rosito\" \/>\n\t<meta name=\"twitter:label2\" content=\"Tiempo de lectura\" \/>\n\t<meta name=\"twitter:data2\" content=\"3 minutos\" \/>\n<script type=\"application\/ld+json\" class=\"yoast-schema-graph\">{\"@context\":\"https:\\\/\\\/schema.org\",\"@graph\":[{\"@type\":\"Article\",\"@id\":\"https:\\\/\\\/autofans.com.ar\\\/index.php\\\/2024\\\/09\\\/04\\\/bmw-motorrad-argentina-completa-la-familia-gs\\\/#article\",\"isPartOf\":{\"@id\":\"https:\\\/\\\/autofans.com.ar\\\/index.php\\\/2024\\\/09\\\/04\\\/bmw-motorrad-argentina-completa-la-familia-gs\\\/\"},\"author\":{\"name\":\"Alejandro Gabriel Rosito\",\"@id\":\"https:\\\/\\\/autofans.com.ar\\\/#\\\/schema\\\/person\\\/4a8dda0b6df83ac3d6723e921274c2aa\"},\"headline\":\"BMW Motorrad Argentina completa la familia GS\",\"datePublished\":\"2024-09-04T22:54:42+00:00\",\"mainEntityOfPage\":{\"@id\":\"https:\\\/\\\/autofans.com.ar\\\/index.php\\\/2024\\\/09\\\/04\\\/bmw-motorrad-argentina-completa-la-familia-gs\\\/\"},\"wordCount\":453,\"image\":{\"@id\":\"https:\\\/\\\/autofans.com.ar\\\/index.php\\\/2024\\\/09\\\/04\\\/bmw-motorrad-argentina-completa-la-familia-gs\\\/#primaryimage\"},\"thumbnailUrl\":\"https:\\\/\\\/autofans.com.ar\\\/wp-content\\\/uploads\\\/2024\\\/09\\\/BMW-5.jpg\",\"keywords\":[\"BMW F 800 GS\",\"BMW F 900 GS\",\"BMW F 900 GS Adventure\",\"BMW GS precios Argentina\",\"BMW Motorrad Argentina\",\"gama GS\",\"motocicletas todoterreno\",\"motos BMW Argentina\",\"motos de aventura\"],\"articleSection\":[\"LANZAMIENTOS\",\"Motos\"],\"inLanguage\":\"es\"},{\"@type\":\"WebPage\",\"@id\":\"https:\\\/\\\/autofans.com.ar\\\/index.php\\\/2024\\\/09\\\/04\\\/bmw-motorrad-argentina-completa-la-familia-gs\\\/\",\"url\":\"https:\\\/\\\/autofans.com.ar\\\/index.php\\\/2024\\\/09\\\/04\\\/bmw-motorrad-argentina-completa-la-familia-gs\\\/\",\"name\":\"BMW Motorrad Argentina completa la familia GS -\",\"isPartOf\":{\"@id\":\"https:\\\/\\\/autofans.com.ar\\\/#website\"},\"primaryImageOfPage\":{\"@id\":\"https:\\\/\\\/autofans.com.ar\\\/index.php\\\/2024\\\/09\\\/04\\\/bmw-motorrad-argentina-completa-la-familia-gs\\\/#primaryimage\"},\"image\":{\"@id\":\"https:\\\/\\\/autofans.com.ar\\\/index.php\\\/2024\\\/09\\\/04\\\/bmw-motorrad-argentina-completa-la-familia-gs\\\/#primaryimage\"},\"thumbnailUrl\":\"https:\\\/\\\/autofans.com.ar\\\/wp-content\\\/uploads\\\/2024\\\/09\\\/BMW-5.jpg\",\"datePublished\":\"2024-09-04T22:54:42+00:00\",\"author\":{\"@id\":\"https:\\\/\\\/autofans.com.ar\\\/#\\\/schema\\\/person\\\/4a8dda0b6df83ac3d6723e921274c2aa\"},\"description\":\"BMW Motorrad Argentina ha ampliado su gama GS con tres nuevos modelos: la BMW F 900 GS, F 900 GS Adventure y F 800 GS.\",\"breadcrumb\":{\"@id\":\"https:\\\/\\\/autofans.com.ar\\\/index.php\\\/2024\\\/09\\\/04\\\/bmw-motorrad-argentina-completa-la-familia-gs\\\/#breadcrumb\"},\"inLanguage\":\"es\",\"potentialAction\":[{\"@type\":\"ReadAction\",\"target\":[\"https:\\\/\\\/autofans.com.ar\\\/index.php\\\/2024\\\/09\\\/04\\\/bmw-motorrad-argentina-completa-la-familia-gs\\\/\"]}]},{\"@type\":\"ImageObject\",\"inLanguage\":\"es\",\"@id\":\"https:\\\/\\\/autofans.com.ar\\\/index.php\\\/2024\\\/09\\\/04\\\/bmw-motorrad-argentina-completa-la-familia-gs\\\/#primaryimage\",\"url\":\"https:\\\/\\\/autofans.com.ar\\\/wp-content\\\/uploads\\\/2024\\\/09\\\/BMW-5.jpg\",\"contentUrl\":\"https:\\\/\\\/autofans.com.ar\\\/wp-content\\\/uploads\\\/2024\\\/09\\\/BMW-5.jpg\",\"width\":1000,\"height\":667,\"caption\":\"BMW Motorrad\"},{\"@type\":\"BreadcrumbList\",\"@id\":\"https:\\\/\\\/autofans.com.ar\\\/index.php\\\/2024\\\/09\\\/04\\\/bmw-motorrad-argentina-completa-la-familia-gs\\\/#breadcrumb\",\"itemListElement\":[{\"@type\":\"ListItem\",\"position\":1,\"name\":\"Inicio\",\"item\":\"https:\\\/\\\/autofans.com.ar\\\/\"},{\"@type\":\"ListItem\",\"position\":2,\"name\":\"BMW Motorrad Argentina completa la familia GS\"}]},{\"@type\":\"WebSite\",\"@id\":\"https:\\\/\\\/autofans.com.ar\\\/#website\",\"url\":\"https:\\\/\\\/autofans.com.ar\\\/\",\"name\":\"\",\"description\":\"El multimedio referente de la industria automotriz\",\"potentialAction\":[{\"@type\":\"SearchAction\",\"target\":{\"@type\":\"EntryPoint\",\"urlTemplate\":\"https:\\\/\\\/autofans.com.ar\\\/?s={search_term_string}\"},\"query-input\":{\"@type\":\"PropertyValueSpecification\",\"valueRequired\":true,\"valueName\":\"search_term_string\"}}],\"inLanguage\":\"es\"},{\"@type\":\"Person\",\"@id\":\"https:\\\/\\\/autofans.com.ar\\\/#\\\/schema\\\/person\\\/4a8dda0b6df83ac3d6723e921274c2aa\",\"name\":\"Alejandro Gabriel Rosito\",\"image\":{\"@type\":\"ImageObject\",\"inLanguage\":\"es\",\"@id\":\"https:\\\/\\\/secure.gravatar.com\\\/avatar\\\/16c5dda1489adfc62618084dcbb91cffd879c374b13fe5dd8e44ed6733852c88?s=96&d=mm&r=g\",\"url\":\"https:\\\/\\\/secure.gravatar.com\\\/avatar\\\/16c5dda1489adfc62618084dcbb91cffd879c374b13fe5dd8e44ed6733852c88?s=96&d=mm&r=g\",\"contentUrl\":\"https:\\\/\\\/secure.gravatar.com\\\/avatar\\\/16c5dda1489adfc62618084dcbb91cffd879c374b13fe5dd8e44ed6733852c88?s=96&d=mm&r=g\",\"caption\":\"Alejandro Gabriel Rosito\"},\"url\":\"https:\\\/\\\/autofans.com.ar\\\/index.php\\\/author\\\/gabrielr\\\/\"}]}<\/script>\n<!-- \/ Yoast SEO plugin. -->","yoast_head_json":{"title":"BMW Motorrad Argentina completa la familia GS -","description":"BMW Motorrad Argentina ha ampliado su gama GS con tres nuevos modelos: la BMW F 900 GS, F 900 GS Adventure y F 800 GS.","robots":{"index":"index","follow":"follow","max-snippet":"max-snippet:-1","max-image-preview":"max-image-preview:large","max-video-preview":"max-video-preview:-1"},"canonical":"https:\/\/autofans.com.ar\/index.php\/2024\/09\/04\/bmw-motorrad-argentina-completa-la-familia-gs\/","og_locale":"es_ES","og_type":"article","og_title":"BMW Motorrad Argentina completa la familia GS -","og_description":"BMW Motorrad Argentina ha ampliado su gama GS con tres nuevos modelos: la BMW F 900 GS, F 900 GS Adventure y F 800 GS.","og_url":"https:\/\/autofans.com.ar\/index.php\/2024\/09\/04\/bmw-motorrad-argentina-completa-la-familia-gs\/","article_published_time":"2024-09-04T22:54:42+00:00","og_image":[{"url":"https:\/\/autofans.com.ar\/wp-content\/uploads\/2024\/09\/BMW-5.jpg","width":640,"height":427,"type":"image\/jpeg"}],"author":"Alejandro Gabriel Rosito","twitter_card":"summary_large_image","twitter_misc":{"Escrito por":"Alejandro Gabriel Rosito","Tiempo de lectura":"3 minutos"},"schema":{"@context":"https:\/\/schema.org","@graph":[{"@type":"Article","@id":"https:\/\/autofans.com.ar\/index.php\/2024\/09\/04\/bmw-motorrad-argentina-completa-la-familia-gs\/#article","isPartOf":{"@id":"https:\/\/autofans.com.ar\/index.php\/2024\/09\/04\/bmw-motorrad-argentina-completa-la-familia-gs\/"},"author":{"name":"Alejandro Gabriel Rosito","@id":"https:\/\/autofans.com.ar\/#\/schema\/person\/4a8dda0b6df83ac3d6723e921274c2aa"},"headline":"BMW Motorrad Argentina completa la familia GS","datePublished":"2024-09-04T22:54:42+00:00","mainEntityOfPage":{"@id":"https:\/\/autofans.com.ar\/index.php\/2024\/09\/04\/bmw-motorrad-argentina-completa-la-familia-gs\/"},"wordCount":453,"image":{"@id":"https:\/\/autofans.com.ar\/index.php\/2024\/09\/04\/bmw-motorrad-argentina-completa-la-familia-gs\/#primaryimage"},"thumbnailUrl":"https:\/\/autofans.com.ar\/wp-content\/uploads\/2024\/09\/BMW-5.jpg","keywords":["BMW F 800 GS","BMW F 900 GS","BMW F 900 GS Adventure","BMW GS precios Argentina","BMW Motorrad Argentina","gama GS","motocicletas todoterreno","motos BMW Argentina","motos de aventura"],"articleSection":["LANZAMIENTOS","Motos"],"inLanguage":"es"},{"@type":"WebPage","@id":"https:\/\/autofans.com.ar\/index.php\/2024\/09\/04\/bmw-motorrad-argentina-completa-la-familia-gs\/","url":"https:\/\/autofans.com.ar\/index.php\/2024\/09\/04\/bmw-motorrad-argentina-completa-la-familia-gs\/","name":"BMW Motorrad Argentina completa la familia GS -","isPartOf":{"@id":"https:\/\/autofans.com.ar\/#website"},"primaryImageOfPage":{"@id":"https:\/\/autofans.com.ar\/index.php\/2024\/09\/04\/bmw-motorrad-argentina-completa-la-familia-gs\/#primaryimage"},"image":{"@id":"https:\/\/autofans.com.ar\/index.php\/2024\/09\/04\/bmw-motorrad-argentina-completa-la-familia-gs\/#primaryimage"},"thumbnailUrl":"https:\/\/autofans.com.ar\/wp-content\/uploads\/2024\/09\/BMW-5.jpg","datePublished":"2024-09-04T22:54:42+00:00","author":{"@id":"https:\/\/autofans.com.ar\/#\/schema\/person\/4a8dda0b6df83ac3d6723e921274c2aa"},"description":"BMW Motorrad Argentina ha ampliado su gama GS con tres nuevos modelos: la BMW F 900 GS, F 900 GS Adventure y F 800 GS.","breadcrumb":{"@id":"https:\/\/autofans.com.ar\/index.php\/2024\/09\/04\/bmw-motorrad-argentina-completa-la-familia-gs\/#breadcrumb"},"inLanguage":"es","potentialAction":[{"@type":"ReadAction","target":["https:\/\/autofans.com.ar\/index.php\/2024\/09\/04\/bmw-motorrad-argentina-completa-la-familia-gs\/"]}]},{"@type":"ImageObject","inLanguage":"es","@id":"https:\/\/autofans.com.ar\/index.php\/2024\/09\/04\/bmw-motorrad-argentina-completa-la-familia-gs\/#primaryimage","url":"https:\/\/autofans.com.ar\/wp-content\/uploads\/2024\/09\/BMW-5.jpg","contentUrl":"https:\/\/autofans.com.ar\/wp-content\/uploads\/2024\/09\/BMW-5.jpg","width":1000,"height":667,"caption":"BMW Motorrad"},{"@type":"BreadcrumbList","@id":"https:\/\/autofans.com.ar\/index.php\/2024\/09\/04\/bmw-motorrad-argentina-completa-la-familia-gs\/#breadcrumb","itemListElement":[{"@type":"ListItem","position":1,"name":"Inicio","item":"https:\/\/autofans.com.ar\/"},{"@type":"ListItem","position":2,"name":"BMW Motorrad Argentina completa la familia GS"}]},{"@type":"WebSite","@id":"https:\/\/autofans.com.ar\/#website","url":"https:\/\/autofans.com.ar\/","name":"","description":"El multimedio referente de la industria automotriz","potentialAction":[{"@type":"SearchAction","target":{"@type":"EntryPoint","urlTemplate":"https:\/\/autofans.com.ar\/?s={search_term_string}"},"query-input":{"@type":"PropertyValueSpecification","valueRequired":true,"valueName":"search_term_string"}}],"inLanguage":"es"},{"@type":"Person","@id":"https:\/\/autofans.com.ar\/#\/schema\/person\/4a8dda0b6df83ac3d6723e921274c2aa","name":"Alejandro Gabriel Rosito","image":{"@type":"ImageObject","inLanguage":"es","@id":"https:\/\/secure.gravatar.com\/avatar\/16c5dda1489adfc62618084dcbb91cffd879c374b13fe5dd8e44ed6733852c88?s=96&d=mm&r=g","url":"https:\/\/secure.gravatar.com\/avatar\/16c5dda1489adfc62618084dcbb91cffd879c374b13fe5dd8e44ed6733852c88?s=96&d=mm&r=g","contentUrl":"https:\/\/secure.gravatar.com\/avatar\/16c5dda1489adfc62618084dcbb91cffd879c374b13fe5dd8e44ed6733852c88?s=96&d=mm&r=g","caption":"Alejandro Gabriel Rosito"},"url":"https:\/\/autofans.com.ar\/index.php\/author\/gabrielr\/"}]}},"featured_image_urls":{"full":["https:\/\/autofans.com.ar\/wp-content\/uploads\/2024\/09\/BMW-5.jpg",1000,667,false],"thumbnail":["https:\/\/autofans.com.ar\/wp-content\/uploads\/2024\/09\/BMW-5-150x150.jpg",150,150,true],"medium":["https:\/\/autofans.com.ar\/wp-content\/uploads\/2024\/09\/BMW-5-300x200.jpg",300,200,true],"medium_large":["https:\/\/autofans.com.ar\/wp-content\/uploads\/2024\/09\/BMW-5-768x512.jpg",640,427,true],"large":["https:\/\/autofans.com.ar\/wp-content\/uploads\/2024\/09\/BMW-5.jpg",640,427,false],"1536x1536":["https:\/\/autofans.com.ar\/wp-content\/uploads\/2024\/09\/BMW-5.jpg",1000,667,false],"2048x2048":["https:\/\/autofans.com.ar\/wp-content\/uploads\/2024\/09\/BMW-5.jpg",1000,667,false],"covernews-featured":["https:\/\/autofans.com.ar\/wp-content\/uploads\/2024\/09\/BMW-5.jpg",1000,667,false],"covernews-medium":["https:\/\/autofans.com.ar\/wp-content\/uploads\/2024\/09\/BMW-5-540x340.jpg",540,340,true]},"author_info":{"display_name":"Alejandro Gabriel Rosito","author_link":"https:\/\/autofans.com.ar\/index.php\/author\/gabrielr\/"},"category_info":"<a href=\"https:\/\/autofans.com.ar\/index.php\/category\/lanzamientos\/\" rel=\"category tag\">LANZAMIENTOS<\/a> <a href=\"https:\/\/autofans.com.ar\/index.php\/category\/lanzamientos\/motos-lanzamientos\/\" rel=\"category tag\">Motos<\/a>","tag_info":"Motos","comment_count":0,"_links":{"self":[{"href":"https:\/\/autofans.com.ar\/index.php\/wp-json\/wp\/v2\/posts\/8886","targetHints":{"allow":["GET"]}}],"collection":[{"href":"https:\/\/autofans.com.ar\/index.php\/wp-json\/wp\/v2\/posts"}],"about":[{"href":"https:\/\/autofans.com.ar\/index.php\/wp-json\/wp\/v2\/types\/post"}],"author":[{"embeddable":true,"href":"https:\/\/autofans.com.ar\/index.php\/wp-json\/wp\/v2\/users\/2"}],"replies":[{"embeddable":true,"href":"https:\/\/autofans.com.ar\/index.php\/wp-json\/wp\/v2\/comments?post=8886"}],"version-history":[{"count":3,"href":"https:\/\/autofans.com.ar\/index.php\/wp-json\/wp\/v2\/posts\/8886\/revisions"}],"predecessor-version":[{"id":8899,"href":"https:\/\/autofans.com.ar\/index.php\/wp-json\/wp\/v2\/posts\/8886\/revisions\/8899"}],"wp:featuredmedia":[{"embeddable":true,"href":"https:\/\/autofans.com.ar\/index.php\/wp-json\/wp\/v2\/media\/8887"}],"wp:attachment":[{"href":"https:\/\/autofans.com.ar\/index.php\/wp-json\/wp\/v2\/media?parent=8886"}],"wp:term":[{"taxonomy":"category","embeddable":true,"href":"https:\/\/autofans.com.ar\/index.php\/wp-json\/wp\/v2\/categories?post=8886"},{"taxonomy":"post_tag","embeddable":true,"href":"https:\/\/autofans.com.ar\/index.php\/wp-json\/wp\/v2\/tags?post=8886"}],"curies":[{"name":"wp","href":"https:\/\/api.w.org\/{rel}","templated":true}]}}