{"id":8923,"date":"2024-09-06T18:06:43","date_gmt":"2024-09-06T21:06:43","guid":{"rendered":"https:\/\/autofans.com.ar\/?p=8923"},"modified":"2024-09-06T18:06:43","modified_gmt":"2024-09-06T21:06:43","slug":"bmw-y-toyota-apuntan-al-futuro-con-la-tecnologia-de-celdas-de-combustible","status":"publish","type":"post","link":"https:\/\/autofans.com.ar\/index.php\/2024\/09\/06\/bmw-y-toyota-apuntan-al-futuro-con-la-tecnologia-de-celdas-de-combustible\/","title":{"rendered":"BMW y Toyota apuntan al futuro con la tecnolog\u00eda de celdas de combustible"},"content":{"rendered":"<p>BMW Group y Toyota Motor Corporation est\u00e1n uniendo fuerzas nuevamente, esta vez para impulsar el desarrollo de veh\u00edculos el\u00e9ctricos de celdas de combustible (FCEV). Ambas marcas, con una larga trayectoria en innovaci\u00f3n, se preparan para ofrecer una nueva generaci\u00f3n de trenes motrices basados en la tecnolog\u00eda de hidr\u00f3geno. El objetivo es claro: avanzar hacia una movilidad m\u00e1s sustentable y libre de emisiones.<\/p>\n<p>&nbsp;<\/p>\n<h2>Desarrollo tecnol\u00f3gico y visi\u00f3n compartida<\/h2>\n<p>La cooperaci\u00f3n entre BMW y Toyota no es nueva. Con m\u00e1s de una d\u00e9cada de trabajo conjunto, ambas compa\u00f1\u00edas han decidido llevar su colaboraci\u00f3n al siguiente nivel. A trav\u00e9s de esta alianza, se est\u00e1n desarrollando sistemas de celdas de combustible de tercera generaci\u00f3n, que ser\u00e1n aplicados tanto en veh\u00edculos comerciales como de pasajeros. Adem\u00e1s, ambas marcas est\u00e1n comprometidas con el desarrollo de infraestructura de recarga de hidr\u00f3geno, clave para la expansi\u00f3n de esta tecnolog\u00eda en el mercado.<\/p>\n<p>&nbsp;<\/p>\n<p><img fetchpriority=\"high\" decoding=\"async\" class=\"aligncenter wp-image-8925 size-full\" src=\"https:\/\/autofans.com.ar\/wp-content\/uploads\/2024\/09\/bmw-3-1.jpg\" alt=\"BMW\" width=\"1000\" height=\"667\" srcset=\"https:\/\/autofans.com.ar\/wp-content\/uploads\/2024\/09\/bmw-3-1.jpg 1000w, https:\/\/autofans.com.ar\/wp-content\/uploads\/2024\/09\/bmw-3-1-300x200.jpg 300w, https:\/\/autofans.com.ar\/wp-content\/uploads\/2024\/09\/bmw-3-1-768x512.jpg 768w\" sizes=\"(max-width: 1000px) 100vw, 1000px\" \/><\/p>\n<p>&nbsp;<\/p>\n<p>El hidr\u00f3geno no solo ofrece una alternativa limpia para la movilidad, sino que tambi\u00e9n act\u00faa como un medio eficiente de almacenamiento de energ\u00eda renovable. Para BMW y Toyota, esta tecnolog\u00eda es fundamental para avanzar hacia una neutralidad de carbono real, complementando a los veh\u00edculos el\u00e9ctricos de bater\u00eda y otros tipos de motorizaci\u00f3n.<\/p>\n<p>&nbsp;<\/p>\n<blockquote>\n<p style=\"text-align: center;\">\u201cEste es un momento clave en la historia automotriz: el primer veh\u00edculo de producci\u00f3n en serie con celdas de combustible ofrecido por un fabricante global premium. Impulsado por hidr\u00f3geno y movido por el esp\u00edritu de nuestra cooperaci\u00f3n, este subrayar\u00e1 c\u00f3mo el progreso da forma a la movilidad futura y marcar\u00e1 el inicio de una era de demanda significativa de veh\u00edculos el\u00e9ctricos de celdas de combustible\u201d, dijo Oliver Zipse, Presidente del Consejo de Administraci\u00f3n de BMW AG.<\/p>\n<\/blockquote>\n<p>&nbsp;<\/p>\n<h2>BMW \u00a0&#8211; el futuro de la movilidad con hidr\u00f3geno<\/h2>\n<p>El lanzamiento del BMW iX5 Hydrogen marc\u00f3 un hito importante en la movilidad impulsada por hidr\u00f3geno. Ahora, BMW est\u00e1 listo para dar el siguiente paso, integrando esta tecnolog\u00eda en su gama de veh\u00edculos de producci\u00f3n. Mientras tanto, Toyota y BMW seguir\u00e1n colaborando no solo en el desarrollo de veh\u00edculos FCEV, sino tambi\u00e9n en la expansi\u00f3n de la infraestructura de hidr\u00f3geno, esencial para que esta tecnolog\u00eda se afiance en el mercado.<\/p>\n<p>&nbsp;<\/p>\n<p><img decoding=\"async\" class=\"aligncenter wp-image-8926 size-full\" src=\"https:\/\/autofans.com.ar\/wp-content\/uploads\/2024\/09\/bmw-2-1.jpg\" alt=\"BMW\" width=\"1000\" height=\"667\" srcset=\"https:\/\/autofans.com.ar\/wp-content\/uploads\/2024\/09\/bmw-2-1.jpg 1000w, https:\/\/autofans.com.ar\/wp-content\/uploads\/2024\/09\/bmw-2-1-300x200.jpg 300w, https:\/\/autofans.com.ar\/wp-content\/uploads\/2024\/09\/bmw-2-1-768x512.jpg 768w\" sizes=\"(max-width: 1000px) 100vw, 1000px\" \/><\/p>\n<p>&nbsp;<\/p>\n<p>BMW y Toyota est\u00e1n convencidos de que el hidr\u00f3geno jugar\u00e1 un rol crucial en la movilidad del futuro, complementando las soluciones ya existentes y ayudando a equilibrar la demanda energ\u00e9tica mundial.<\/p>\n<p>&nbsp;<\/p>\n<p>&nbsp;<\/p>\n<p><i>Para enterarte de m\u00e1s novedades, no dejes de leer\u00a0<\/i><a href=\"https:\/\/autofans.thebrandsoup.com\/\"><i>nuestras notas<\/i><\/a><i>, de ver<\/i><b><i>\u00a0<\/i><\/b><a href=\"https:\/\/www.youtube.com\/channel\/UCgAC8UGHZYbT6P7PpmVnP7g\"><b><i>AUTOFANS TV<\/i><\/b><\/a><b><i>\u00a0<\/i><\/b><i>en nuestro\u00a0canal de Youtube. Adem\u00e1s seguinos en\u00a0<\/i><a href=\"https:\/\/www.instagram.com\/autofanstv\/\"><i>INSTAGRAM<\/i><\/a><i> y <\/i><a href=\"https:\/\/www.facebook.com\/autofansmas\/\"><i>FACEBOOK<\/i><\/a><i> para no perderte nada sobre las novedades del segmento automotor de Argentina y el mundo.<\/i><\/p>\n","protected":false},"excerpt":{"rendered":"<p>BMW Group y Toyota Motor Corporation est\u00e1n uniendo fuerzas nuevamente, esta vez para impulsar el&#8230;<\/p>\n","protected":false},"author":2,"featured_media":8927,"comment_status":"closed","ping_status":"closed","sticky":false,"template":"","format":"standard","meta":{"footnotes":""},"categories":[292,16],"tags":[4758,1768,363,4760,1460,3082,4759,359],"class_list":["post-8923","post","type-post","status-publish","format-standard","has-post-thumbnail","hentry","category-empresas","category-noticias","tag-bmw-y-toyota","tag-celdas-de-combustible","tag-fcev","tag-infraestructura-de-hidrogeno","tag-movilidad-sustentable","tag-neutralidad-de-carbono","tag-vehiculos-de-hidrogeno","tag-vehiculos-electricos"],"yoast_head":"<!-- This site is optimized with the Yoast SEO plugin v27.5 - https:\/\/yoast.com\/product\/yoast-seo-wordpress\/ -->\n<title>BMW y Toyota apuntan al futuro con la tecnolog\u00eda de celdas de combustible -<\/title>\n<meta name=\"description\" content=\"BMW Group y Toyota Motor Corporation unen fuerzas nuevamente, esta vez para impulsar el desarrollo de veh\u00edculos el\u00e9ctricos...\" \/>\n<meta name=\"robots\" content=\"index, follow, max-snippet:-1, max-image-preview:large, max-video-preview:-1\" \/>\n<link rel=\"canonical\" href=\"https:\/\/autofans.com.ar\/index.php\/2024\/09\/06\/bmw-y-toyota-apuntan-al-futuro-con-la-tecnologia-de-celdas-de-combustible\/\" \/>\n<meta property=\"og:locale\" content=\"es_ES\" \/>\n<meta property=\"og:type\" content=\"article\" \/>\n<meta property=\"og:title\" content=\"BMW y Toyota apuntan al futuro con la tecnolog\u00eda de celdas de combustible -\" \/>\n<meta property=\"og:description\" content=\"BMW Group y Toyota Motor Corporation unen fuerzas nuevamente, esta vez para impulsar el desarrollo de veh\u00edculos el\u00e9ctricos...\" \/>\n<meta property=\"og:url\" content=\"https:\/\/autofans.com.ar\/index.php\/2024\/09\/06\/bmw-y-toyota-apuntan-al-futuro-con-la-tecnologia-de-celdas-de-combustible\/\" \/>\n<meta property=\"article:published_time\" content=\"2024-09-06T21:06:43+00:00\" \/>\n<meta property=\"og:image\" content=\"https:\/\/autofans.com.ar\/wp-content\/uploads\/2024\/09\/bmw-1-1.jpg\" \/>\n\t<meta property=\"og:image:width\" content=\"640\" \/>\n\t<meta property=\"og:image:height\" content=\"427\" \/>\n\t<meta property=\"og:image:type\" content=\"image\/jpeg\" \/>\n<meta name=\"author\" content=\"Alejandro Gabriel Rosito\" \/>\n<meta name=\"twitter:card\" content=\"summary_large_image\" \/>\n<meta name=\"twitter:label1\" content=\"Escrito por\" \/>\n\t<meta name=\"twitter:data1\" content=\"Alejandro Gabriel Rosito\" \/>\n\t<meta name=\"twitter:label2\" content=\"Tiempo de lectura\" \/>\n\t<meta name=\"twitter:data2\" content=\"3 minutos\" \/>\n<script type=\"application\/ld+json\" class=\"yoast-schema-graph\">{\"@context\":\"https:\\\/\\\/schema.org\",\"@graph\":[{\"@type\":\"Article\",\"@id\":\"https:\\\/\\\/autofans.com.ar\\\/index.php\\\/2024\\\/09\\\/06\\\/bmw-y-toyota-apuntan-al-futuro-con-la-tecnologia-de-celdas-de-combustible\\\/#article\",\"isPartOf\":{\"@id\":\"https:\\\/\\\/autofans.com.ar\\\/index.php\\\/2024\\\/09\\\/06\\\/bmw-y-toyota-apuntan-al-futuro-con-la-tecnologia-de-celdas-de-combustible\\\/\"},\"author\":{\"name\":\"Alejandro Gabriel Rosito\",\"@id\":\"https:\\\/\\\/autofans.com.ar\\\/#\\\/schema\\\/person\\\/4a8dda0b6df83ac3d6723e921274c2aa\"},\"headline\":\"BMW y Toyota apuntan al futuro con la tecnolog\u00eda de celdas de combustible\",\"datePublished\":\"2024-09-06T21:06:43+00:00\",\"mainEntityOfPage\":{\"@id\":\"https:\\\/\\\/autofans.com.ar\\\/index.php\\\/2024\\\/09\\\/06\\\/bmw-y-toyota-apuntan-al-futuro-con-la-tecnologia-de-celdas-de-combustible\\\/\"},\"wordCount\":505,\"image\":{\"@id\":\"https:\\\/\\\/autofans.com.ar\\\/index.php\\\/2024\\\/09\\\/06\\\/bmw-y-toyota-apuntan-al-futuro-con-la-tecnologia-de-celdas-de-combustible\\\/#primaryimage\"},\"thumbnailUrl\":\"https:\\\/\\\/autofans.com.ar\\\/wp-content\\\/uploads\\\/2024\\\/09\\\/bmw-1-1.jpg\",\"keywords\":[\"BMW y Toyota\",\"celdas de combustible\",\"FCEV\",\"infraestructura de hidr\u00f3geno\",\"movilidad sustentable\",\"Neutralidad de Carbono\",\"veh\u00edculos de hidr\u00f3geno\",\"veh\u00edculos el\u00e9ctricos\"],\"articleSection\":[\"EMPRESAS\",\"NOTICIAS\"],\"inLanguage\":\"es\"},{\"@type\":\"WebPage\",\"@id\":\"https:\\\/\\\/autofans.com.ar\\\/index.php\\\/2024\\\/09\\\/06\\\/bmw-y-toyota-apuntan-al-futuro-con-la-tecnologia-de-celdas-de-combustible\\\/\",\"url\":\"https:\\\/\\\/autofans.com.ar\\\/index.php\\\/2024\\\/09\\\/06\\\/bmw-y-toyota-apuntan-al-futuro-con-la-tecnologia-de-celdas-de-combustible\\\/\",\"name\":\"BMW y Toyota apuntan al futuro con la tecnolog\u00eda de celdas de combustible -\",\"isPartOf\":{\"@id\":\"https:\\\/\\\/autofans.com.ar\\\/#website\"},\"primaryImageOfPage\":{\"@id\":\"https:\\\/\\\/autofans.com.ar\\\/index.php\\\/2024\\\/09\\\/06\\\/bmw-y-toyota-apuntan-al-futuro-con-la-tecnologia-de-celdas-de-combustible\\\/#primaryimage\"},\"image\":{\"@id\":\"https:\\\/\\\/autofans.com.ar\\\/index.php\\\/2024\\\/09\\\/06\\\/bmw-y-toyota-apuntan-al-futuro-con-la-tecnologia-de-celdas-de-combustible\\\/#primaryimage\"},\"thumbnailUrl\":\"https:\\\/\\\/autofans.com.ar\\\/wp-content\\\/uploads\\\/2024\\\/09\\\/bmw-1-1.jpg\",\"datePublished\":\"2024-09-06T21:06:43+00:00\",\"author\":{\"@id\":\"https:\\\/\\\/autofans.com.ar\\\/#\\\/schema\\\/person\\\/4a8dda0b6df83ac3d6723e921274c2aa\"},\"description\":\"BMW Group y Toyota Motor Corporation unen fuerzas nuevamente, esta vez para impulsar el desarrollo de veh\u00edculos el\u00e9ctricos...\",\"breadcrumb\":{\"@id\":\"https:\\\/\\\/autofans.com.ar\\\/index.php\\\/2024\\\/09\\\/06\\\/bmw-y-toyota-apuntan-al-futuro-con-la-tecnologia-de-celdas-de-combustible\\\/#breadcrumb\"},\"inLanguage\":\"es\",\"potentialAction\":[{\"@type\":\"ReadAction\",\"target\":[\"https:\\\/\\\/autofans.com.ar\\\/index.php\\\/2024\\\/09\\\/06\\\/bmw-y-toyota-apuntan-al-futuro-con-la-tecnologia-de-celdas-de-combustible\\\/\"]}]},{\"@type\":\"ImageObject\",\"inLanguage\":\"es\",\"@id\":\"https:\\\/\\\/autofans.com.ar\\\/index.php\\\/2024\\\/09\\\/06\\\/bmw-y-toyota-apuntan-al-futuro-con-la-tecnologia-de-celdas-de-combustible\\\/#primaryimage\",\"url\":\"https:\\\/\\\/autofans.com.ar\\\/wp-content\\\/uploads\\\/2024\\\/09\\\/bmw-1-1.jpg\",\"contentUrl\":\"https:\\\/\\\/autofans.com.ar\\\/wp-content\\\/uploads\\\/2024\\\/09\\\/bmw-1-1.jpg\",\"width\":1000,\"height\":667,\"caption\":\"BMW\"},{\"@type\":\"BreadcrumbList\",\"@id\":\"https:\\\/\\\/autofans.com.ar\\\/index.php\\\/2024\\\/09\\\/06\\\/bmw-y-toyota-apuntan-al-futuro-con-la-tecnologia-de-celdas-de-combustible\\\/#breadcrumb\",\"itemListElement\":[{\"@type\":\"ListItem\",\"position\":1,\"name\":\"Inicio\",\"item\":\"https:\\\/\\\/autofans.com.ar\\\/\"},{\"@type\":\"ListItem\",\"position\":2,\"name\":\"BMW y Toyota apuntan al futuro con la tecnolog\u00eda de celdas de combustible\"}]},{\"@type\":\"WebSite\",\"@id\":\"https:\\\/\\\/autofans.com.ar\\\/#website\",\"url\":\"https:\\\/\\\/autofans.com.ar\\\/\",\"name\":\"\",\"description\":\"El multimedio referente de la industria automotriz\",\"potentialAction\":[{\"@type\":\"SearchAction\",\"target\":{\"@type\":\"EntryPoint\",\"urlTemplate\":\"https:\\\/\\\/autofans.com.ar\\\/?s={search_term_string}\"},\"query-input\":{\"@type\":\"PropertyValueSpecification\",\"valueRequired\":true,\"valueName\":\"search_term_string\"}}],\"inLanguage\":\"es\"},{\"@type\":\"Person\",\"@id\":\"https:\\\/\\\/autofans.com.ar\\\/#\\\/schema\\\/person\\\/4a8dda0b6df83ac3d6723e921274c2aa\",\"name\":\"Alejandro Gabriel Rosito\",\"image\":{\"@type\":\"ImageObject\",\"inLanguage\":\"es\",\"@id\":\"https:\\\/\\\/secure.gravatar.com\\\/avatar\\\/16c5dda1489adfc62618084dcbb91cffd879c374b13fe5dd8e44ed6733852c88?s=96&d=mm&r=g\",\"url\":\"https:\\\/\\\/secure.gravatar.com\\\/avatar\\\/16c5dda1489adfc62618084dcbb91cffd879c374b13fe5dd8e44ed6733852c88?s=96&d=mm&r=g\",\"contentUrl\":\"https:\\\/\\\/secure.gravatar.com\\\/avatar\\\/16c5dda1489adfc62618084dcbb91cffd879c374b13fe5dd8e44ed6733852c88?s=96&d=mm&r=g\",\"caption\":\"Alejandro Gabriel Rosito\"},\"url\":\"https:\\\/\\\/autofans.com.ar\\\/index.php\\\/author\\\/gabrielr\\\/\"}]}<\/script>\n<!-- \/ Yoast SEO plugin. -->","yoast_head_json":{"title":"BMW y Toyota apuntan al futuro con la tecnolog\u00eda de celdas de combustible -","description":"BMW Group y Toyota Motor Corporation unen fuerzas nuevamente, esta vez para impulsar el desarrollo de veh\u00edculos el\u00e9ctricos...","robots":{"index":"index","follow":"follow","max-snippet":"max-snippet:-1","max-image-preview":"max-image-preview:large","max-video-preview":"max-video-preview:-1"},"canonical":"https:\/\/autofans.com.ar\/index.php\/2024\/09\/06\/bmw-y-toyota-apuntan-al-futuro-con-la-tecnologia-de-celdas-de-combustible\/","og_locale":"es_ES","og_type":"article","og_title":"BMW y Toyota apuntan al futuro con la tecnolog\u00eda de celdas de combustible -","og_description":"BMW Group y Toyota Motor Corporation unen fuerzas nuevamente, esta vez para impulsar el desarrollo de veh\u00edculos el\u00e9ctricos...","og_url":"https:\/\/autofans.com.ar\/index.php\/2024\/09\/06\/bmw-y-toyota-apuntan-al-futuro-con-la-tecnologia-de-celdas-de-combustible\/","article_published_time":"2024-09-06T21:06:43+00:00","og_image":[{"url":"https:\/\/autofans.com.ar\/wp-content\/uploads\/2024\/09\/bmw-1-1.jpg","width":640,"height":427,"type":"image\/jpeg"}],"author":"Alejandro Gabriel Rosito","twitter_card":"summary_large_image","twitter_misc":{"Escrito por":"Alejandro Gabriel Rosito","Tiempo de lectura":"3 minutos"},"schema":{"@context":"https:\/\/schema.org","@graph":[{"@type":"Article","@id":"https:\/\/autofans.com.ar\/index.php\/2024\/09\/06\/bmw-y-toyota-apuntan-al-futuro-con-la-tecnologia-de-celdas-de-combustible\/#article","isPartOf":{"@id":"https:\/\/autofans.com.ar\/index.php\/2024\/09\/06\/bmw-y-toyota-apuntan-al-futuro-con-la-tecnologia-de-celdas-de-combustible\/"},"author":{"name":"Alejandro Gabriel Rosito","@id":"https:\/\/autofans.com.ar\/#\/schema\/person\/4a8dda0b6df83ac3d6723e921274c2aa"},"headline":"BMW y Toyota apuntan al futuro con la tecnolog\u00eda de celdas de combustible","datePublished":"2024-09-06T21:06:43+00:00","mainEntityOfPage":{"@id":"https:\/\/autofans.com.ar\/index.php\/2024\/09\/06\/bmw-y-toyota-apuntan-al-futuro-con-la-tecnologia-de-celdas-de-combustible\/"},"wordCount":505,"image":{"@id":"https:\/\/autofans.com.ar\/index.php\/2024\/09\/06\/bmw-y-toyota-apuntan-al-futuro-con-la-tecnologia-de-celdas-de-combustible\/#primaryimage"},"thumbnailUrl":"https:\/\/autofans.com.ar\/wp-content\/uploads\/2024\/09\/bmw-1-1.jpg","keywords":["BMW y Toyota","celdas de combustible","FCEV","infraestructura de hidr\u00f3geno","movilidad sustentable","Neutralidad de Carbono","veh\u00edculos de hidr\u00f3geno","veh\u00edculos el\u00e9ctricos"],"articleSection":["EMPRESAS","NOTICIAS"],"inLanguage":"es"},{"@type":"WebPage","@id":"https:\/\/autofans.com.ar\/index.php\/2024\/09\/06\/bmw-y-toyota-apuntan-al-futuro-con-la-tecnologia-de-celdas-de-combustible\/","url":"https:\/\/autofans.com.ar\/index.php\/2024\/09\/06\/bmw-y-toyota-apuntan-al-futuro-con-la-tecnologia-de-celdas-de-combustible\/","name":"BMW y Toyota apuntan al futuro con la tecnolog\u00eda de celdas de combustible -","isPartOf":{"@id":"https:\/\/autofans.com.ar\/#website"},"primaryImageOfPage":{"@id":"https:\/\/autofans.com.ar\/index.php\/2024\/09\/06\/bmw-y-toyota-apuntan-al-futuro-con-la-tecnologia-de-celdas-de-combustible\/#primaryimage"},"image":{"@id":"https:\/\/autofans.com.ar\/index.php\/2024\/09\/06\/bmw-y-toyota-apuntan-al-futuro-con-la-tecnologia-de-celdas-de-combustible\/#primaryimage"},"thumbnailUrl":"https:\/\/autofans.com.ar\/wp-content\/uploads\/2024\/09\/bmw-1-1.jpg","datePublished":"2024-09-06T21:06:43+00:00","author":{"@id":"https:\/\/autofans.com.ar\/#\/schema\/person\/4a8dda0b6df83ac3d6723e921274c2aa"},"description":"BMW Group y Toyota Motor Corporation unen fuerzas nuevamente, esta vez para impulsar el desarrollo de veh\u00edculos el\u00e9ctricos...","breadcrumb":{"@id":"https:\/\/autofans.com.ar\/index.php\/2024\/09\/06\/bmw-y-toyota-apuntan-al-futuro-con-la-tecnologia-de-celdas-de-combustible\/#breadcrumb"},"inLanguage":"es","potentialAction":[{"@type":"ReadAction","target":["https:\/\/autofans.com.ar\/index.php\/2024\/09\/06\/bmw-y-toyota-apuntan-al-futuro-con-la-tecnologia-de-celdas-de-combustible\/"]}]},{"@type":"ImageObject","inLanguage":"es","@id":"https:\/\/autofans.com.ar\/index.php\/2024\/09\/06\/bmw-y-toyota-apuntan-al-futuro-con-la-tecnologia-de-celdas-de-combustible\/#primaryimage","url":"https:\/\/autofans.com.ar\/wp-content\/uploads\/2024\/09\/bmw-1-1.jpg","contentUrl":"https:\/\/autofans.com.ar\/wp-content\/uploads\/2024\/09\/bmw-1-1.jpg","width":1000,"height":667,"caption":"BMW"},{"@type":"BreadcrumbList","@id":"https:\/\/autofans.com.ar\/index.php\/2024\/09\/06\/bmw-y-toyota-apuntan-al-futuro-con-la-tecnologia-de-celdas-de-combustible\/#breadcrumb","itemListElement":[{"@type":"ListItem","position":1,"name":"Inicio","item":"https:\/\/autofans.com.ar\/"},{"@type":"ListItem","position":2,"name":"BMW y Toyota apuntan al futuro con la tecnolog\u00eda de celdas de combustible"}]},{"@type":"WebSite","@id":"https:\/\/autofans.com.ar\/#website","url":"https:\/\/autofans.com.ar\/","name":"","description":"El multimedio referente de la industria automotriz","potentialAction":[{"@type":"SearchAction","target":{"@type":"EntryPoint","urlTemplate":"https:\/\/autofans.com.ar\/?s={search_term_string}"},"query-input":{"@type":"PropertyValueSpecification","valueRequired":true,"valueName":"search_term_string"}}],"inLanguage":"es"},{"@type":"Person","@id":"https:\/\/autofans.com.ar\/#\/schema\/person\/4a8dda0b6df83ac3d6723e921274c2aa","name":"Alejandro Gabriel Rosito","image":{"@type":"ImageObject","inLanguage":"es","@id":"https:\/\/secure.gravatar.com\/avatar\/16c5dda1489adfc62618084dcbb91cffd879c374b13fe5dd8e44ed6733852c88?s=96&d=mm&r=g","url":"https:\/\/secure.gravatar.com\/avatar\/16c5dda1489adfc62618084dcbb91cffd879c374b13fe5dd8e44ed6733852c88?s=96&d=mm&r=g","contentUrl":"https:\/\/secure.gravatar.com\/avatar\/16c5dda1489adfc62618084dcbb91cffd879c374b13fe5dd8e44ed6733852c88?s=96&d=mm&r=g","caption":"Alejandro Gabriel Rosito"},"url":"https:\/\/autofans.com.ar\/index.php\/author\/gabrielr\/"}]}},"featured_image_urls":{"full":["https:\/\/autofans.com.ar\/wp-content\/uploads\/2024\/09\/bmw-1-1.jpg",1000,667,false],"thumbnail":["https:\/\/autofans.com.ar\/wp-content\/uploads\/2024\/09\/bmw-1-1-150x150.jpg",150,150,true],"medium":["https:\/\/autofans.com.ar\/wp-content\/uploads\/2024\/09\/bmw-1-1-300x200.jpg",300,200,true],"medium_large":["https:\/\/autofans.com.ar\/wp-content\/uploads\/2024\/09\/bmw-1-1-768x512.jpg",640,427,true],"large":["https:\/\/autofans.com.ar\/wp-content\/uploads\/2024\/09\/bmw-1-1.jpg",640,427,false],"1536x1536":["https:\/\/autofans.com.ar\/wp-content\/uploads\/2024\/09\/bmw-1-1.jpg",1000,667,false],"2048x2048":["https:\/\/autofans.com.ar\/wp-content\/uploads\/2024\/09\/bmw-1-1.jpg",1000,667,false],"covernews-featured":["https:\/\/autofans.com.ar\/wp-content\/uploads\/2024\/09\/bmw-1-1.jpg",1000,667,false],"covernews-medium":["https:\/\/autofans.com.ar\/wp-content\/uploads\/2024\/09\/bmw-1-1-540x340.jpg",540,340,true]},"author_info":{"display_name":"Alejandro Gabriel Rosito","author_link":"https:\/\/autofans.com.ar\/index.php\/author\/gabrielr\/"},"category_info":"<a href=\"https:\/\/autofans.com.ar\/index.php\/category\/noticias\/empresas\/\" rel=\"category tag\">EMPRESAS<\/a> <a href=\"https:\/\/autofans.com.ar\/index.php\/category\/noticias\/\" rel=\"category tag\">NOTICIAS<\/a>","tag_info":"NOTICIAS","comment_count":0,"_links":{"self":[{"href":"https:\/\/autofans.com.ar\/index.php\/wp-json\/wp\/v2\/posts\/8923","targetHints":{"allow":["GET"]}}],"collection":[{"href":"https:\/\/autofans.com.ar\/index.php\/wp-json\/wp\/v2\/posts"}],"about":[{"href":"https:\/\/autofans.com.ar\/index.php\/wp-json\/wp\/v2\/types\/post"}],"author":[{"embeddable":true,"href":"https:\/\/autofans.com.ar\/index.php\/wp-json\/wp\/v2\/users\/2"}],"replies":[{"embeddable":true,"href":"https:\/\/autofans.com.ar\/index.php\/wp-json\/wp\/v2\/comments?post=8923"}],"version-history":[{"count":2,"href":"https:\/\/autofans.com.ar\/index.php\/wp-json\/wp\/v2\/posts\/8923\/revisions"}],"predecessor-version":[{"id":8928,"href":"https:\/\/autofans.com.ar\/index.php\/wp-json\/wp\/v2\/posts\/8923\/revisions\/8928"}],"wp:featuredmedia":[{"embeddable":true,"href":"https:\/\/autofans.com.ar\/index.php\/wp-json\/wp\/v2\/media\/8927"}],"wp:attachment":[{"href":"https:\/\/autofans.com.ar\/index.php\/wp-json\/wp\/v2\/media?parent=8923"}],"wp:term":[{"taxonomy":"category","embeddable":true,"href":"https:\/\/autofans.com.ar\/index.php\/wp-json\/wp\/v2\/categories?post=8923"},{"taxonomy":"post_tag","embeddable":true,"href":"https:\/\/autofans.com.ar\/index.php\/wp-json\/wp\/v2\/tags?post=8923"}],"curies":[{"name":"wp","href":"https:\/\/api.w.org\/{rel}","templated":true}]}}