{"id":8935,"date":"2024-09-09T14:01:28","date_gmt":"2024-09-09T17:01:28","guid":{"rendered":"https:\/\/autofans.com.ar\/?p=8935"},"modified":"2024-09-09T14:01:28","modified_gmt":"2024-09-09T17:01:28","slug":"karin-radstrom-liderara-el-futuro-de-daimler-truck-como-nueva-ceo","status":"publish","type":"post","link":"https:\/\/autofans.com.ar\/index.php\/2024\/09\/09\/karin-radstrom-liderara-el-futuro-de-daimler-truck-como-nueva-ceo\/","title":{"rendered":"Karin R\u00e5dstr\u00f6m liderar\u00e1 el futuro de Daimler Truck como nueva CEO"},"content":{"rendered":"<p>A partir del 1\u00b0 de octubre de 2024, Karin R\u00e5dstr\u00f6m asumir\u00e1 la direcci\u00f3n general de Daimler Truck, marcando una nueva etapa en la historia de la compa\u00f1\u00eda. R\u00e5dstr\u00f6m reemplazar\u00e1 a Martin Daum, quien se retirar\u00e1 tras una exitosa trayectoria al frente de la empresa.<\/p>\n<p>&nbsp;<\/p>\n<h2>Un liderazgo transformador en Daimler Truck<\/h2>\n<p>El Consejo de Supervisi\u00f3n de Daimler Truck Holding AG ha decidido nombrar a Karin R\u00e5dstr\u00f6m como la nueva CEO de la compa\u00f1\u00eda. Esta decisi\u00f3n marca un cambio de liderazgo clave que comenzar\u00e1 el 1\u00b0 de octubre de 2024 y se extender\u00e1 hasta enero de 2029. R\u00e5dstr\u00f6m reemplazar\u00e1 a Martin Daum, quien ha estado en Daimler desde 1987 y ha sido una figura crucial para el \u00e9xito global de Daimler Truck. Bajo su liderazgo, la compa\u00f1\u00eda ha destacado en la transformaci\u00f3n tecnol\u00f3gica y ha crecido significativamente en el mercado norteamericano.<\/p>\n<p>&nbsp;<\/p>\n<p>&nbsp;<\/p>\n<figure id=\"attachment_8940\" aria-describedby=\"caption-attachment-8940\" style=\"width: 1000px\" class=\"wp-caption aligncenter\"><img fetchpriority=\"high\" decoding=\"async\" class=\"wp-image-8940 size-full\" src=\"https:\/\/autofans.com.ar\/wp-content\/uploads\/2024\/09\/Daimer-2.jpg\" alt=\"Karin R\u00e5dstr\u00f6m\" width=\"1000\" height=\"667\" srcset=\"https:\/\/autofans.com.ar\/wp-content\/uploads\/2024\/09\/Daimer-2.jpg 1000w, https:\/\/autofans.com.ar\/wp-content\/uploads\/2024\/09\/Daimer-2-300x200.jpg 300w, https:\/\/autofans.com.ar\/wp-content\/uploads\/2024\/09\/Daimer-2-768x512.jpg 768w\" sizes=\"(max-width: 1000px) 100vw, 1000px\" \/><figcaption id=\"caption-attachment-8940\" class=\"wp-caption-text\">Martin Daum, actual Director General de Daimler Truck<\/figcaption><\/figure>\n<p>&nbsp;<\/p>\n<blockquote>\n<p style=\"text-align: center;\">El Presidente del Consejo de Supervisi\u00f3n de Daimler Truck Holding AG, Joe Kaeser, agradece a Martin Daum por sus destacados logros y compromiso en sus casi cuatro d\u00e9cadas de carrera en Daimler. \u201cPersonalmente, y en nombre de todo el Consejo de Supervisi\u00f3n, quisiera agradecer a Martin Daum por su compromiso y sus excelentes resultados. Ha liderado de manera convincente la transici\u00f3n de Daimler Truck de una divisi\u00f3n de conglomerado a una empresa exitosa que cotiza en el DAX. Dirigi\u00f3 la compa\u00f1\u00eda en uno de los momentos m\u00e1s agitados de su historia reciente y ha sido el arquitecto clave del \u00e9xito econ\u00f3mico y la reputaci\u00f3n internacional de Daimler Truck. Su dedicaci\u00f3n a la empresa, sus clientes y empleados es notable. Es un &#8216;camionero&#8217; de alma. Martin Daum entrega una empresa exitosa y bien preparada para futuros desaf\u00edos\u201d.<\/p>\n<\/blockquote>\n<p>&nbsp;<\/p>\n<h2><strong>El legado de Martin Daum<\/strong><\/h2>\n<p>Daum, quien seguir\u00e1 como miembro del Consejo hasta finales de diciembre de 2024 para asegurar una transici\u00f3n fluida, ha liderado con \u00e9xito la independencia de Daimler Truck y ha posicionado a la empresa como un referente global en la industria automotriz. Durante su gesti\u00f3n, la compa\u00f1\u00eda no solo aument\u00f3 sus ingresos, sino que tambi\u00e9n mejor\u00f3 los m\u00e1rgenes de ganancia, permitiendo mayores inversiones a futuro. Sus aportes en la implementaci\u00f3n de sistemas de transmisi\u00f3n el\u00e9ctricos y de hidr\u00f3geno son un testimonio de su enfoque en la innovaci\u00f3n y sostenibilidad.<\/p>\n<p>&nbsp;<\/p>\n<p>&nbsp;<\/p>\n<figure id=\"attachment_8939\" aria-describedby=\"caption-attachment-8939\" style=\"width: 1000px\" class=\"wp-caption aligncenter\"><img decoding=\"async\" class=\"wp-image-8939 size-full\" src=\"https:\/\/autofans.com.ar\/wp-content\/uploads\/2024\/09\/Daimer-3.jpg\" alt=\"Karin R\u00e5dstr\u00f6m\" width=\"1000\" height=\"667\" srcset=\"https:\/\/autofans.com.ar\/wp-content\/uploads\/2024\/09\/Daimer-3.jpg 1000w, https:\/\/autofans.com.ar\/wp-content\/uploads\/2024\/09\/Daimer-3-300x200.jpg 300w, https:\/\/autofans.com.ar\/wp-content\/uploads\/2024\/09\/Daimer-3-768x512.jpg 768w\" sizes=\"(max-width: 1000px) 100vw, 1000px\" \/><figcaption id=\"caption-attachment-8939\" class=\"wp-caption-text\">Karin R\u00e5dstr\u00f6m, futura Directora General de Daimler Truck<\/figcaption><\/figure>\n<p>&nbsp;<\/p>\n<blockquote>\n<p style=\"text-align: center;\">Joe Kaeser, Presidente del Consejo de Supervisi\u00f3n dijo: \u201cEstamos encantados de contar con Karin R\u00e5dstr\u00f6m como nueva CEO de Daimler Truck Holding AG, con su destacado conocimiento de la industria y sus habilidades de liderazgo. Ha demostrado que es capaz de avanzar con \u00e9xito en la transformaci\u00f3n de una marca mientras navega en un entorno externo desafiante. Como verdadera l\u00edder, Karin R\u00e5dstr\u00f6m ha desempe\u00f1ado un papel decisivo a la hora de establecer una nueva cultura de desempe\u00f1o y fomentar el empoderamiento, la diversidad y la orientaci\u00f3n al cliente. Estos principios son fundamentales para que Daimler Truck domine con \u00e9xito la transformaci\u00f3n de la movilidad y sea la primera opci\u00f3n de nuestros clientes. Le deseamos a ella y a su equipo un gran \u00e9xito y tenemos la firme intenci\u00f3n de continuar nuestra colaboraci\u00f3n\u201d.<\/p>\n<\/blockquote>\n<p>&nbsp;<\/p>\n<p>Por su parte, Karin R\u00e5dstr\u00f6m, quien se incorpor\u00f3 al Consejo de Administraci\u00f3n de Daimler Truck en 2021, ha sido responsable de Mercedes-Benz Trucks, donde impuls\u00f3 la rentabilidad y promovi\u00f3 la transici\u00f3n hacia una flota m\u00e1s sostenible. Adem\u00e1s, present\u00f3 una nueva l\u00ednea de camiones el\u00e9ctricos y mejor\u00f3 significativamente la atenci\u00f3n al cliente. Con una s\u00f3lida experiencia en Scania y un enfoque visionario, R\u00e5dstr\u00f6m liderar\u00e1 a Daimler Truck hacia un futuro m\u00e1s sostenible e innovador.<\/p>\n<p>&nbsp;<\/p>\n<p>El nombramiento de R\u00e5dstr\u00f6m ha sido bien recibido tanto por la empresa como por los representantes de los trabajadores, quienes destacan la importancia de mantener el equilibrio entre los intereses de empleados y accionistas. Con este cambio de liderazgo, Daimler Truck sigue firme en su objetivo de mantenerse como una empresa exitosa, preparada para los desaf\u00edos del futuro.<\/p>\n<p>&nbsp;<\/p>\n<p>&nbsp;<\/p>\n<p><i>Para enterarte de m\u00e1s novedades, no dejes de leer\u00a0<\/i><a href=\"https:\/\/autofans.thebrandsoup.com\/\"><i>nuestras notas<\/i><\/a><i>, de ver<\/i><b><i>\u00a0<\/i><\/b><a href=\"https:\/\/www.youtube.com\/channel\/UCgAC8UGHZYbT6P7PpmVnP7g\"><b><i>AUTOFANS TV<\/i><\/b><\/a><b><i>\u00a0<\/i><\/b><i>en nuestro\u00a0canal de Youtube. Adem\u00e1s seguinos en\u00a0<\/i><a href=\"https:\/\/www.instagram.com\/autofanstv\/\"><i>INSTAGRAM<\/i><\/a><i> y <\/i><a href=\"https:\/\/www.facebook.com\/autofansmas\/\"><i>FACEBOOK<\/i><\/a><i> para no perderte nada sobre las novedades del segmento automotor de Argentina y el mundo.<\/i><\/p>\n","protected":false},"excerpt":{"rendered":"<p>A partir del 1\u00b0 de octubre de 2024, Karin R\u00e5dstr\u00f6m asumir\u00e1 la direcci\u00f3n general de&#8230;<\/p>\n","protected":false},"author":2,"featured_media":8941,"comment_status":"closed","ping_status":"closed","sticky":false,"template":"","format":"standard","meta":{"footnotes":""},"categories":[292,16],"tags":[],"class_list":["post-8935","post","type-post","status-publish","format-standard","has-post-thumbnail","hentry","category-empresas","category-noticias"],"yoast_head":"<!-- This site is optimized with the Yoast SEO plugin v27.5 - https:\/\/yoast.com\/product\/yoast-seo-wordpress\/ -->\n<title>Karin R\u00e5dstr\u00f6m liderar\u00e1 el futuro de Daimler Truck como nueva CEO -<\/title>\n<meta name=\"description\" content=\"El 1\u00b0 de octubre de 2024, Karin R\u00e5dstr\u00f6m asumir\u00e1 la direcci\u00f3n general de Daimler Truck, marcando una nueva etapa en la historia de la compa\u00f1\u00eda\" \/>\n<meta name=\"robots\" content=\"index, follow, max-snippet:-1, max-image-preview:large, max-video-preview:-1\" \/>\n<link rel=\"canonical\" href=\"https:\/\/autofans.com.ar\/index.php\/2024\/09\/09\/karin-radstrom-liderara-el-futuro-de-daimler-truck-como-nueva-ceo\/\" \/>\n<meta property=\"og:locale\" content=\"es_ES\" \/>\n<meta property=\"og:type\" content=\"article\" \/>\n<meta property=\"og:title\" content=\"Karin R\u00e5dstr\u00f6m liderar\u00e1 el futuro de Daimler Truck como nueva CEO -\" \/>\n<meta property=\"og:description\" content=\"El 1\u00b0 de octubre de 2024, Karin R\u00e5dstr\u00f6m asumir\u00e1 la direcci\u00f3n general de Daimler Truck, marcando una nueva etapa en la historia de la compa\u00f1\u00eda\" \/>\n<meta property=\"og:url\" content=\"https:\/\/autofans.com.ar\/index.php\/2024\/09\/09\/karin-radstrom-liderara-el-futuro-de-daimler-truck-como-nueva-ceo\/\" \/>\n<meta property=\"article:published_time\" content=\"2024-09-09T17:01:28+00:00\" \/>\n<meta property=\"og:image\" content=\"https:\/\/autofans.com.ar\/wp-content\/uploads\/2024\/09\/Daimer-1.jpg\" \/>\n\t<meta property=\"og:image:width\" content=\"640\" \/>\n\t<meta property=\"og:image:height\" content=\"427\" \/>\n\t<meta property=\"og:image:type\" content=\"image\/jpeg\" \/>\n<meta name=\"author\" content=\"Alejandro Gabriel Rosito\" \/>\n<meta name=\"twitter:card\" content=\"summary_large_image\" \/>\n<meta name=\"twitter:label1\" content=\"Escrito por\" \/>\n\t<meta name=\"twitter:data1\" content=\"Alejandro Gabriel Rosito\" \/>\n\t<meta name=\"twitter:label2\" content=\"Tiempo de lectura\" \/>\n\t<meta name=\"twitter:data2\" content=\"3 minutos\" \/>\n<script type=\"application\/ld+json\" class=\"yoast-schema-graph\">{\"@context\":\"https:\\\/\\\/schema.org\",\"@graph\":[{\"@type\":\"Article\",\"@id\":\"https:\\\/\\\/autofans.com.ar\\\/index.php\\\/2024\\\/09\\\/09\\\/karin-radstrom-liderara-el-futuro-de-daimler-truck-como-nueva-ceo\\\/#article\",\"isPartOf\":{\"@id\":\"https:\\\/\\\/autofans.com.ar\\\/index.php\\\/2024\\\/09\\\/09\\\/karin-radstrom-liderara-el-futuro-de-daimler-truck-como-nueva-ceo\\\/\"},\"author\":{\"name\":\"Alejandro Gabriel Rosito\",\"@id\":\"https:\\\/\\\/autofans.com.ar\\\/#\\\/schema\\\/person\\\/4a8dda0b6df83ac3d6723e921274c2aa\"},\"headline\":\"Karin R\u00e5dstr\u00f6m liderar\u00e1 el futuro de Daimler Truck como nueva CEO\",\"datePublished\":\"2024-09-09T17:01:28+00:00\",\"mainEntityOfPage\":{\"@id\":\"https:\\\/\\\/autofans.com.ar\\\/index.php\\\/2024\\\/09\\\/09\\\/karin-radstrom-liderara-el-futuro-de-daimler-truck-como-nueva-ceo\\\/\"},\"wordCount\":790,\"image\":{\"@id\":\"https:\\\/\\\/autofans.com.ar\\\/index.php\\\/2024\\\/09\\\/09\\\/karin-radstrom-liderara-el-futuro-de-daimler-truck-como-nueva-ceo\\\/#primaryimage\"},\"thumbnailUrl\":\"https:\\\/\\\/autofans.com.ar\\\/wp-content\\\/uploads\\\/2024\\\/09\\\/Daimer-1.jpg\",\"articleSection\":[\"EMPRESAS\",\"NOTICIAS\"],\"inLanguage\":\"es\"},{\"@type\":\"WebPage\",\"@id\":\"https:\\\/\\\/autofans.com.ar\\\/index.php\\\/2024\\\/09\\\/09\\\/karin-radstrom-liderara-el-futuro-de-daimler-truck-como-nueva-ceo\\\/\",\"url\":\"https:\\\/\\\/autofans.com.ar\\\/index.php\\\/2024\\\/09\\\/09\\\/karin-radstrom-liderara-el-futuro-de-daimler-truck-como-nueva-ceo\\\/\",\"name\":\"Karin R\u00e5dstr\u00f6m liderar\u00e1 el futuro de Daimler Truck como nueva CEO -\",\"isPartOf\":{\"@id\":\"https:\\\/\\\/autofans.com.ar\\\/#website\"},\"primaryImageOfPage\":{\"@id\":\"https:\\\/\\\/autofans.com.ar\\\/index.php\\\/2024\\\/09\\\/09\\\/karin-radstrom-liderara-el-futuro-de-daimler-truck-como-nueva-ceo\\\/#primaryimage\"},\"image\":{\"@id\":\"https:\\\/\\\/autofans.com.ar\\\/index.php\\\/2024\\\/09\\\/09\\\/karin-radstrom-liderara-el-futuro-de-daimler-truck-como-nueva-ceo\\\/#primaryimage\"},\"thumbnailUrl\":\"https:\\\/\\\/autofans.com.ar\\\/wp-content\\\/uploads\\\/2024\\\/09\\\/Daimer-1.jpg\",\"datePublished\":\"2024-09-09T17:01:28+00:00\",\"author\":{\"@id\":\"https:\\\/\\\/autofans.com.ar\\\/#\\\/schema\\\/person\\\/4a8dda0b6df83ac3d6723e921274c2aa\"},\"description\":\"El 1\u00b0 de octubre de 2024, Karin R\u00e5dstr\u00f6m asumir\u00e1 la direcci\u00f3n general de Daimler Truck, marcando una nueva etapa en la historia de la compa\u00f1\u00eda\",\"breadcrumb\":{\"@id\":\"https:\\\/\\\/autofans.com.ar\\\/index.php\\\/2024\\\/09\\\/09\\\/karin-radstrom-liderara-el-futuro-de-daimler-truck-como-nueva-ceo\\\/#breadcrumb\"},\"inLanguage\":\"es\",\"potentialAction\":[{\"@type\":\"ReadAction\",\"target\":[\"https:\\\/\\\/autofans.com.ar\\\/index.php\\\/2024\\\/09\\\/09\\\/karin-radstrom-liderara-el-futuro-de-daimler-truck-como-nueva-ceo\\\/\"]}]},{\"@type\":\"ImageObject\",\"inLanguage\":\"es\",\"@id\":\"https:\\\/\\\/autofans.com.ar\\\/index.php\\\/2024\\\/09\\\/09\\\/karin-radstrom-liderara-el-futuro-de-daimler-truck-como-nueva-ceo\\\/#primaryimage\",\"url\":\"https:\\\/\\\/autofans.com.ar\\\/wp-content\\\/uploads\\\/2024\\\/09\\\/Daimer-1.jpg\",\"contentUrl\":\"https:\\\/\\\/autofans.com.ar\\\/wp-content\\\/uploads\\\/2024\\\/09\\\/Daimer-1.jpg\",\"width\":1000,\"height\":667,\"caption\":\"Karin R\u00e5dstr\u00f6m\"},{\"@type\":\"BreadcrumbList\",\"@id\":\"https:\\\/\\\/autofans.com.ar\\\/index.php\\\/2024\\\/09\\\/09\\\/karin-radstrom-liderara-el-futuro-de-daimler-truck-como-nueva-ceo\\\/#breadcrumb\",\"itemListElement\":[{\"@type\":\"ListItem\",\"position\":1,\"name\":\"Inicio\",\"item\":\"https:\\\/\\\/autofans.com.ar\\\/\"},{\"@type\":\"ListItem\",\"position\":2,\"name\":\"Karin R\u00e5dstr\u00f6m liderar\u00e1 el futuro de Daimler Truck como nueva CEO\"}]},{\"@type\":\"WebSite\",\"@id\":\"https:\\\/\\\/autofans.com.ar\\\/#website\",\"url\":\"https:\\\/\\\/autofans.com.ar\\\/\",\"name\":\"\",\"description\":\"El multimedio referente de la industria automotriz\",\"potentialAction\":[{\"@type\":\"SearchAction\",\"target\":{\"@type\":\"EntryPoint\",\"urlTemplate\":\"https:\\\/\\\/autofans.com.ar\\\/?s={search_term_string}\"},\"query-input\":{\"@type\":\"PropertyValueSpecification\",\"valueRequired\":true,\"valueName\":\"search_term_string\"}}],\"inLanguage\":\"es\"},{\"@type\":\"Person\",\"@id\":\"https:\\\/\\\/autofans.com.ar\\\/#\\\/schema\\\/person\\\/4a8dda0b6df83ac3d6723e921274c2aa\",\"name\":\"Alejandro Gabriel Rosito\",\"image\":{\"@type\":\"ImageObject\",\"inLanguage\":\"es\",\"@id\":\"https:\\\/\\\/secure.gravatar.com\\\/avatar\\\/16c5dda1489adfc62618084dcbb91cffd879c374b13fe5dd8e44ed6733852c88?s=96&d=mm&r=g\",\"url\":\"https:\\\/\\\/secure.gravatar.com\\\/avatar\\\/16c5dda1489adfc62618084dcbb91cffd879c374b13fe5dd8e44ed6733852c88?s=96&d=mm&r=g\",\"contentUrl\":\"https:\\\/\\\/secure.gravatar.com\\\/avatar\\\/16c5dda1489adfc62618084dcbb91cffd879c374b13fe5dd8e44ed6733852c88?s=96&d=mm&r=g\",\"caption\":\"Alejandro Gabriel Rosito\"},\"url\":\"https:\\\/\\\/autofans.com.ar\\\/index.php\\\/author\\\/gabrielr\\\/\"}]}<\/script>\n<!-- \/ Yoast SEO plugin. -->","yoast_head_json":{"title":"Karin R\u00e5dstr\u00f6m liderar\u00e1 el futuro de Daimler Truck como nueva CEO -","description":"El 1\u00b0 de octubre de 2024, Karin R\u00e5dstr\u00f6m asumir\u00e1 la direcci\u00f3n general de Daimler Truck, marcando una nueva etapa en la historia de la compa\u00f1\u00eda","robots":{"index":"index","follow":"follow","max-snippet":"max-snippet:-1","max-image-preview":"max-image-preview:large","max-video-preview":"max-video-preview:-1"},"canonical":"https:\/\/autofans.com.ar\/index.php\/2024\/09\/09\/karin-radstrom-liderara-el-futuro-de-daimler-truck-como-nueva-ceo\/","og_locale":"es_ES","og_type":"article","og_title":"Karin R\u00e5dstr\u00f6m liderar\u00e1 el futuro de Daimler Truck como nueva CEO -","og_description":"El 1\u00b0 de octubre de 2024, Karin R\u00e5dstr\u00f6m asumir\u00e1 la direcci\u00f3n general de Daimler Truck, marcando una nueva etapa en la historia de la compa\u00f1\u00eda","og_url":"https:\/\/autofans.com.ar\/index.php\/2024\/09\/09\/karin-radstrom-liderara-el-futuro-de-daimler-truck-como-nueva-ceo\/","article_published_time":"2024-09-09T17:01:28+00:00","og_image":[{"url":"https:\/\/autofans.com.ar\/wp-content\/uploads\/2024\/09\/Daimer-1.jpg","width":640,"height":427,"type":"image\/jpeg"}],"author":"Alejandro Gabriel Rosito","twitter_card":"summary_large_image","twitter_misc":{"Escrito por":"Alejandro Gabriel Rosito","Tiempo de lectura":"3 minutos"},"schema":{"@context":"https:\/\/schema.org","@graph":[{"@type":"Article","@id":"https:\/\/autofans.com.ar\/index.php\/2024\/09\/09\/karin-radstrom-liderara-el-futuro-de-daimler-truck-como-nueva-ceo\/#article","isPartOf":{"@id":"https:\/\/autofans.com.ar\/index.php\/2024\/09\/09\/karin-radstrom-liderara-el-futuro-de-daimler-truck-como-nueva-ceo\/"},"author":{"name":"Alejandro Gabriel Rosito","@id":"https:\/\/autofans.com.ar\/#\/schema\/person\/4a8dda0b6df83ac3d6723e921274c2aa"},"headline":"Karin R\u00e5dstr\u00f6m liderar\u00e1 el futuro de Daimler Truck como nueva CEO","datePublished":"2024-09-09T17:01:28+00:00","mainEntityOfPage":{"@id":"https:\/\/autofans.com.ar\/index.php\/2024\/09\/09\/karin-radstrom-liderara-el-futuro-de-daimler-truck-como-nueva-ceo\/"},"wordCount":790,"image":{"@id":"https:\/\/autofans.com.ar\/index.php\/2024\/09\/09\/karin-radstrom-liderara-el-futuro-de-daimler-truck-como-nueva-ceo\/#primaryimage"},"thumbnailUrl":"https:\/\/autofans.com.ar\/wp-content\/uploads\/2024\/09\/Daimer-1.jpg","articleSection":["EMPRESAS","NOTICIAS"],"inLanguage":"es"},{"@type":"WebPage","@id":"https:\/\/autofans.com.ar\/index.php\/2024\/09\/09\/karin-radstrom-liderara-el-futuro-de-daimler-truck-como-nueva-ceo\/","url":"https:\/\/autofans.com.ar\/index.php\/2024\/09\/09\/karin-radstrom-liderara-el-futuro-de-daimler-truck-como-nueva-ceo\/","name":"Karin R\u00e5dstr\u00f6m liderar\u00e1 el futuro de Daimler Truck como nueva CEO -","isPartOf":{"@id":"https:\/\/autofans.com.ar\/#website"},"primaryImageOfPage":{"@id":"https:\/\/autofans.com.ar\/index.php\/2024\/09\/09\/karin-radstrom-liderara-el-futuro-de-daimler-truck-como-nueva-ceo\/#primaryimage"},"image":{"@id":"https:\/\/autofans.com.ar\/index.php\/2024\/09\/09\/karin-radstrom-liderara-el-futuro-de-daimler-truck-como-nueva-ceo\/#primaryimage"},"thumbnailUrl":"https:\/\/autofans.com.ar\/wp-content\/uploads\/2024\/09\/Daimer-1.jpg","datePublished":"2024-09-09T17:01:28+00:00","author":{"@id":"https:\/\/autofans.com.ar\/#\/schema\/person\/4a8dda0b6df83ac3d6723e921274c2aa"},"description":"El 1\u00b0 de octubre de 2024, Karin R\u00e5dstr\u00f6m asumir\u00e1 la direcci\u00f3n general de Daimler Truck, marcando una nueva etapa en la historia de la compa\u00f1\u00eda","breadcrumb":{"@id":"https:\/\/autofans.com.ar\/index.php\/2024\/09\/09\/karin-radstrom-liderara-el-futuro-de-daimler-truck-como-nueva-ceo\/#breadcrumb"},"inLanguage":"es","potentialAction":[{"@type":"ReadAction","target":["https:\/\/autofans.com.ar\/index.php\/2024\/09\/09\/karin-radstrom-liderara-el-futuro-de-daimler-truck-como-nueva-ceo\/"]}]},{"@type":"ImageObject","inLanguage":"es","@id":"https:\/\/autofans.com.ar\/index.php\/2024\/09\/09\/karin-radstrom-liderara-el-futuro-de-daimler-truck-como-nueva-ceo\/#primaryimage","url":"https:\/\/autofans.com.ar\/wp-content\/uploads\/2024\/09\/Daimer-1.jpg","contentUrl":"https:\/\/autofans.com.ar\/wp-content\/uploads\/2024\/09\/Daimer-1.jpg","width":1000,"height":667,"caption":"Karin R\u00e5dstr\u00f6m"},{"@type":"BreadcrumbList","@id":"https:\/\/autofans.com.ar\/index.php\/2024\/09\/09\/karin-radstrom-liderara-el-futuro-de-daimler-truck-como-nueva-ceo\/#breadcrumb","itemListElement":[{"@type":"ListItem","position":1,"name":"Inicio","item":"https:\/\/autofans.com.ar\/"},{"@type":"ListItem","position":2,"name":"Karin R\u00e5dstr\u00f6m liderar\u00e1 el futuro de Daimler Truck como nueva CEO"}]},{"@type":"WebSite","@id":"https:\/\/autofans.com.ar\/#website","url":"https:\/\/autofans.com.ar\/","name":"","description":"El multimedio referente de la industria automotriz","potentialAction":[{"@type":"SearchAction","target":{"@type":"EntryPoint","urlTemplate":"https:\/\/autofans.com.ar\/?s={search_term_string}"},"query-input":{"@type":"PropertyValueSpecification","valueRequired":true,"valueName":"search_term_string"}}],"inLanguage":"es"},{"@type":"Person","@id":"https:\/\/autofans.com.ar\/#\/schema\/person\/4a8dda0b6df83ac3d6723e921274c2aa","name":"Alejandro Gabriel Rosito","image":{"@type":"ImageObject","inLanguage":"es","@id":"https:\/\/secure.gravatar.com\/avatar\/16c5dda1489adfc62618084dcbb91cffd879c374b13fe5dd8e44ed6733852c88?s=96&d=mm&r=g","url":"https:\/\/secure.gravatar.com\/avatar\/16c5dda1489adfc62618084dcbb91cffd879c374b13fe5dd8e44ed6733852c88?s=96&d=mm&r=g","contentUrl":"https:\/\/secure.gravatar.com\/avatar\/16c5dda1489adfc62618084dcbb91cffd879c374b13fe5dd8e44ed6733852c88?s=96&d=mm&r=g","caption":"Alejandro Gabriel Rosito"},"url":"https:\/\/autofans.com.ar\/index.php\/author\/gabrielr\/"}]}},"featured_image_urls":{"full":["https:\/\/autofans.com.ar\/wp-content\/uploads\/2024\/09\/Daimer-1.jpg",1000,667,false],"thumbnail":["https:\/\/autofans.com.ar\/wp-content\/uploads\/2024\/09\/Daimer-1-150x150.jpg",150,150,true],"medium":["https:\/\/autofans.com.ar\/wp-content\/uploads\/2024\/09\/Daimer-1-300x200.jpg",300,200,true],"medium_large":["https:\/\/autofans.com.ar\/wp-content\/uploads\/2024\/09\/Daimer-1-768x512.jpg",640,427,true],"large":["https:\/\/autofans.com.ar\/wp-content\/uploads\/2024\/09\/Daimer-1.jpg",640,427,false],"1536x1536":["https:\/\/autofans.com.ar\/wp-content\/uploads\/2024\/09\/Daimer-1.jpg",1000,667,false],"2048x2048":["https:\/\/autofans.com.ar\/wp-content\/uploads\/2024\/09\/Daimer-1.jpg",1000,667,false],"covernews-featured":["https:\/\/autofans.com.ar\/wp-content\/uploads\/2024\/09\/Daimer-1.jpg",1000,667,false],"covernews-medium":["https:\/\/autofans.com.ar\/wp-content\/uploads\/2024\/09\/Daimer-1-540x340.jpg",540,340,true]},"author_info":{"display_name":"Alejandro Gabriel Rosito","author_link":"https:\/\/autofans.com.ar\/index.php\/author\/gabrielr\/"},"category_info":"<a href=\"https:\/\/autofans.com.ar\/index.php\/category\/noticias\/empresas\/\" rel=\"category tag\">EMPRESAS<\/a> <a href=\"https:\/\/autofans.com.ar\/index.php\/category\/noticias\/\" rel=\"category tag\">NOTICIAS<\/a>","tag_info":"NOTICIAS","comment_count":0,"_links":{"self":[{"href":"https:\/\/autofans.com.ar\/index.php\/wp-json\/wp\/v2\/posts\/8935","targetHints":{"allow":["GET"]}}],"collection":[{"href":"https:\/\/autofans.com.ar\/index.php\/wp-json\/wp\/v2\/posts"}],"about":[{"href":"https:\/\/autofans.com.ar\/index.php\/wp-json\/wp\/v2\/types\/post"}],"author":[{"embeddable":true,"href":"https:\/\/autofans.com.ar\/index.php\/wp-json\/wp\/v2\/users\/2"}],"replies":[{"embeddable":true,"href":"https:\/\/autofans.com.ar\/index.php\/wp-json\/wp\/v2\/comments?post=8935"}],"version-history":[{"count":4,"href":"https:\/\/autofans.com.ar\/index.php\/wp-json\/wp\/v2\/posts\/8935\/revisions"}],"predecessor-version":[{"id":8942,"href":"https:\/\/autofans.com.ar\/index.php\/wp-json\/wp\/v2\/posts\/8935\/revisions\/8942"}],"wp:featuredmedia":[{"embeddable":true,"href":"https:\/\/autofans.com.ar\/index.php\/wp-json\/wp\/v2\/media\/8941"}],"wp:attachment":[{"href":"https:\/\/autofans.com.ar\/index.php\/wp-json\/wp\/v2\/media?parent=8935"}],"wp:term":[{"taxonomy":"category","embeddable":true,"href":"https:\/\/autofans.com.ar\/index.php\/wp-json\/wp\/v2\/categories?post=8935"},{"taxonomy":"post_tag","embeddable":true,"href":"https:\/\/autofans.com.ar\/index.php\/wp-json\/wp\/v2\/tags?post=8935"}],"curies":[{"name":"wp","href":"https:\/\/api.w.org\/{rel}","templated":true}]}}