{"id":8958,"date":"2024-09-10T19:32:39","date_gmt":"2024-09-10T22:32:39","guid":{"rendered":"https:\/\/autofans.com.ar\/?p=8958"},"modified":"2024-09-10T19:32:39","modified_gmt":"2024-09-10T22:32:39","slug":"la-evolucion-de-la-serie-f-de-bmw","status":"publish","type":"post","link":"https:\/\/autofans.com.ar\/index.php\/2024\/09\/10\/la-evolucion-de-la-serie-f-de-bmw\/","title":{"rendered":"La evoluci\u00f3n de la Serie F de BMW"},"content":{"rendered":"<p>BMW Motorrad comenz\u00f3 a diversificar su oferta en los a\u00f1os 80, cuando lanz\u00f3 su serie K. Sin embargo, fue en los 90 cuando introdujo la Serie F, apostando por modelos monocil\u00edndricos. La primera de estas motos fue la BMW F 650, desarrollada en colaboraci\u00f3n con Aprilia y Rotax, y destac\u00f3 por su motor de 650 cc y su concepto enduro, popularizado por los modelos F 650 GS y F 650 Dakar.<\/p>\n<p>&nbsp;<\/p>\n<h2>La revoluci\u00f3n bicil\u00edndrica que transform\u00f3 el Enduro-Touring<\/h2>\n<p>&nbsp;<\/p>\n<div id='gallery-1' class='gallery galleryid-8958 gallery-columns-3 gallery-size-full'><figure class='gallery-item'>\n\t\t\t<div class='gallery-icon landscape'>\n\t\t\t\t<a href='https:\/\/autofans.com.ar\/index.php\/2024\/09\/10\/la-evolucion-de-la-serie-f-de-bmw\/bmw-1-14\/'><img loading=\"lazy\" width=\"1000\" height=\"667\" src=\"https:\/\/autofans.com.ar\/wp-content\/uploads\/2024\/09\/bmw-1-2.jpg\" class=\"attachment-full size-full\" alt=\"bmw-1\" srcset=\"https:\/\/autofans.com.ar\/wp-content\/uploads\/2024\/09\/bmw-1-2.jpg 1000w, https:\/\/autofans.com.ar\/wp-content\/uploads\/2024\/09\/bmw-1-2-300x200.jpg 300w, https:\/\/autofans.com.ar\/wp-content\/uploads\/2024\/09\/bmw-1-2-768x512.jpg 768w\" sizes=\"auto, (max-width: 1000px) 100vw, 1000px\" loading=\"lazy\" decoding=\"async\" \/><\/a>\n\t\t\t<\/div><\/figure><figure class='gallery-item'>\n\t\t\t<div class='gallery-icon landscape'>\n\t\t\t\t<a href='https:\/\/autofans.com.ar\/index.php\/2024\/09\/10\/la-evolucion-de-la-serie-f-de-bmw\/bmw-2-15\/'><img loading=\"lazy\" width=\"1000\" height=\"667\" src=\"https:\/\/autofans.com.ar\/wp-content\/uploads\/2024\/09\/bmw-2-2.jpg\" class=\"attachment-full size-full\" alt=\"bmw-2\" srcset=\"https:\/\/autofans.com.ar\/wp-content\/uploads\/2024\/09\/bmw-2-2.jpg 1000w, https:\/\/autofans.com.ar\/wp-content\/uploads\/2024\/09\/bmw-2-2-300x200.jpg 300w, https:\/\/autofans.com.ar\/wp-content\/uploads\/2024\/09\/bmw-2-2-768x512.jpg 768w\" sizes=\"auto, (max-width: 1000px) 100vw, 1000px\" loading=\"lazy\" decoding=\"async\" \/><\/a>\n\t\t\t<\/div><\/figure><figure class='gallery-item'>\n\t\t\t<div class='gallery-icon landscape'>\n\t\t\t\t<a href='https:\/\/autofans.com.ar\/index.php\/2024\/09\/10\/la-evolucion-de-la-serie-f-de-bmw\/bmw-3-14\/'><img loading=\"lazy\" width=\"1000\" height=\"667\" src=\"https:\/\/autofans.com.ar\/wp-content\/uploads\/2024\/09\/bmw-3-2.jpg\" class=\"attachment-full size-full\" alt=\"BMW\" srcset=\"https:\/\/autofans.com.ar\/wp-content\/uploads\/2024\/09\/bmw-3-2.jpg 1000w, https:\/\/autofans.com.ar\/wp-content\/uploads\/2024\/09\/bmw-3-2-300x200.jpg 300w, https:\/\/autofans.com.ar\/wp-content\/uploads\/2024\/09\/bmw-3-2-768x512.jpg 768w\" sizes=\"auto, (max-width: 1000px) 100vw, 1000px\" loading=\"lazy\" decoding=\"async\" \/><\/a>\n\t\t\t<\/div><\/figure>\n\t\t<\/div>\n\n<p>&nbsp;<\/p>\n<p>El \u00e9xito del monocil\u00edndrico llev\u00f3 a BMW a expandir su gama, y en 2006 introdujo las F 800 S y F 800 ST con motores bicil\u00edndricos de 798 cc, que ofrec\u00edan un equilibrio entre potencia y control. La F 800 GS, lanzada en 2008, introdujo una nueva era para las motos de enduro-touring, combinando agilidad en terrenos off-road y confort en la ciudad.<\/p>\n<p>&nbsp;<\/p>\n<h2>La Serie F de BMW sigue marcando tendencias<\/h2>\n<p>&nbsp;<\/p>\n<p><img fetchpriority=\"high\" decoding=\"async\" class=\"aligncenter wp-image-8959 size-full\" src=\"https:\/\/autofans.com.ar\/wp-content\/uploads\/2024\/09\/bmw-5-1.jpg\" alt=\"BMW\" width=\"1000\" height=\"667\" srcset=\"https:\/\/autofans.com.ar\/wp-content\/uploads\/2024\/09\/bmw-5-1.jpg 1000w, https:\/\/autofans.com.ar\/wp-content\/uploads\/2024\/09\/bmw-5-1-300x200.jpg 300w, https:\/\/autofans.com.ar\/wp-content\/uploads\/2024\/09\/bmw-5-1-768x512.jpg 768w\" sizes=\"(max-width: 1000px) 100vw, 1000px\" \/><\/p>\n<p>&nbsp;<\/p>\n<p>A lo largo de los a\u00f1os, la Serie F ha continuado evolucionando con modelos como la F 800 GT, la F 700 GS y la F 800 GS Adventure, con mejoras tanto en potencia como en tecnolog\u00eda. Hoy en d\u00eda, BMW ofrece una gama completa de la Serie F, incluyendo las F 900 GS y F 900 GS Adventure, motos que contin\u00faan marcando el camino en el segmento de tama\u00f1o medio y turismo.<\/p>\n<p>&nbsp;<\/p>\n<p>&nbsp;<\/p>\n<p>&nbsp;<\/p>\n<p><i>Para enterarte de m\u00e1s novedades, no dejes de leer\u00a0<\/i><a href=\"https:\/\/autofans.thebrandsoup.com\/\"><i>nuestras notas<\/i><\/a><i>, de ver<\/i><b><i>\u00a0<\/i><\/b><a href=\"https:\/\/www.youtube.com\/channel\/UCgAC8UGHZYbT6P7PpmVnP7g\"><b><i>AUTOFANS TV<\/i><\/b><\/a><b><i>\u00a0<\/i><\/b><i>en nuestro\u00a0canal de Youtube. Adem\u00e1s seguinos en\u00a0<\/i><a href=\"https:\/\/www.instagram.com\/autofanstv\/\"><i>INSTAGRAM<\/i><\/a><i> y <\/i><a href=\"https:\/\/www.facebook.com\/autofansmas\/\"><i>FACEBOOK<\/i><\/a><i> para no perderte nada sobre las novedades del segmento automotor de Argentina y el mundo.<\/i><\/p>\n","protected":false},"excerpt":{"rendered":"<p>BMW Motorrad comenz\u00f3 a diversificar su oferta en los a\u00f1os 80, cuando lanz\u00f3 su serie&#8230;<\/p>\n","protected":false},"author":2,"featured_media":8960,"comment_status":"closed","ping_status":"closed","sticky":false,"template":"","format":"standard","meta":{"footnotes":""},"categories":[4,16],"tags":[2519,2517,1159,4786,4785,4740,4784],"class_list":["post-8958","post","type-post","status-publish","format-standard","has-post-thumbnail","hentry","category-motos","category-noticias","tag-bmw-f-800-gs","tag-bmw-f-900-gs","tag-bmw-motorrad","tag-evolucion-bmw-f","tag-historia-bmw-f-650","tag-motos-bmw-argentina","tag-serie-f-bmw"],"yoast_head":"<!-- This site is optimized with the Yoast SEO plugin v27.5 - https:\/\/yoast.com\/product\/yoast-seo-wordpress\/ -->\n<title>La evoluci\u00f3n de la Serie F de BMW -<\/title>\n<meta name=\"description\" content=\"BMW Motorrad comenz\u00f3 a diversificar su oferta en los a\u00f1os 80, cuando lanz\u00f3 su serie K. Sin embargo, fue en los 90 cuando introdujo la Serie F\" \/>\n<meta name=\"robots\" content=\"index, follow, max-snippet:-1, max-image-preview:large, max-video-preview:-1\" \/>\n<link rel=\"canonical\" href=\"https:\/\/autofans.com.ar\/index.php\/2024\/09\/10\/la-evolucion-de-la-serie-f-de-bmw\/\" \/>\n<meta property=\"og:locale\" content=\"es_ES\" \/>\n<meta property=\"og:type\" content=\"article\" \/>\n<meta property=\"og:title\" content=\"La evoluci\u00f3n de la Serie F de BMW -\" \/>\n<meta property=\"og:description\" content=\"BMW Motorrad comenz\u00f3 a diversificar su oferta en los a\u00f1os 80, cuando lanz\u00f3 su serie K. Sin embargo, fue en los 90 cuando introdujo la Serie F\" \/>\n<meta property=\"og:url\" content=\"https:\/\/autofans.com.ar\/index.php\/2024\/09\/10\/la-evolucion-de-la-serie-f-de-bmw\/\" \/>\n<meta property=\"article:published_time\" content=\"2024-09-10T22:32:39+00:00\" \/>\n<meta property=\"og:image\" content=\"https:\/\/autofans.com.ar\/wp-content\/uploads\/2024\/09\/bmw-4-1.jpg\" \/>\n\t<meta property=\"og:image:width\" content=\"640\" \/>\n\t<meta property=\"og:image:height\" content=\"427\" \/>\n\t<meta property=\"og:image:type\" content=\"image\/jpeg\" \/>\n<meta name=\"author\" content=\"Alejandro Gabriel Rosito\" \/>\n<meta name=\"twitter:card\" content=\"summary_large_image\" \/>\n<meta name=\"twitter:label1\" content=\"Escrito por\" \/>\n\t<meta name=\"twitter:data1\" content=\"Alejandro Gabriel Rosito\" \/>\n\t<meta name=\"twitter:label2\" content=\"Tiempo de lectura\" \/>\n\t<meta name=\"twitter:data2\" content=\"2 minutos\" \/>\n<script type=\"application\/ld+json\" class=\"yoast-schema-graph\">{\"@context\":\"https:\\\/\\\/schema.org\",\"@graph\":[{\"@type\":\"Article\",\"@id\":\"https:\\\/\\\/autofans.com.ar\\\/index.php\\\/2024\\\/09\\\/10\\\/la-evolucion-de-la-serie-f-de-bmw\\\/#article\",\"isPartOf\":{\"@id\":\"https:\\\/\\\/autofans.com.ar\\\/index.php\\\/2024\\\/09\\\/10\\\/la-evolucion-de-la-serie-f-de-bmw\\\/\"},\"author\":{\"name\":\"Alejandro Gabriel Rosito\",\"@id\":\"https:\\\/\\\/autofans.com.ar\\\/#\\\/schema\\\/person\\\/4a8dda0b6df83ac3d6723e921274c2aa\"},\"headline\":\"La evoluci\u00f3n de la Serie F de BMW\",\"datePublished\":\"2024-09-10T22:32:39+00:00\",\"mainEntityOfPage\":{\"@id\":\"https:\\\/\\\/autofans.com.ar\\\/index.php\\\/2024\\\/09\\\/10\\\/la-evolucion-de-la-serie-f-de-bmw\\\/\"},\"wordCount\":283,\"image\":{\"@id\":\"https:\\\/\\\/autofans.com.ar\\\/index.php\\\/2024\\\/09\\\/10\\\/la-evolucion-de-la-serie-f-de-bmw\\\/#primaryimage\"},\"thumbnailUrl\":\"https:\\\/\\\/autofans.com.ar\\\/wp-content\\\/uploads\\\/2024\\\/09\\\/bmw-4-1.jpg\",\"keywords\":[\"BMW F 800 GS\",\"BMW F 900 GS\",\"BMW Motorrad\",\"evoluci\u00f3n BMW F\",\"historia BMW F 650\",\"motos BMW Argentina\",\"Serie F BMW\"],\"articleSection\":[\"MOTOS\",\"NOTICIAS\"],\"inLanguage\":\"es\"},{\"@type\":\"WebPage\",\"@id\":\"https:\\\/\\\/autofans.com.ar\\\/index.php\\\/2024\\\/09\\\/10\\\/la-evolucion-de-la-serie-f-de-bmw\\\/\",\"url\":\"https:\\\/\\\/autofans.com.ar\\\/index.php\\\/2024\\\/09\\\/10\\\/la-evolucion-de-la-serie-f-de-bmw\\\/\",\"name\":\"La evoluci\u00f3n de la Serie F de BMW -\",\"isPartOf\":{\"@id\":\"https:\\\/\\\/autofans.com.ar\\\/#website\"},\"primaryImageOfPage\":{\"@id\":\"https:\\\/\\\/autofans.com.ar\\\/index.php\\\/2024\\\/09\\\/10\\\/la-evolucion-de-la-serie-f-de-bmw\\\/#primaryimage\"},\"image\":{\"@id\":\"https:\\\/\\\/autofans.com.ar\\\/index.php\\\/2024\\\/09\\\/10\\\/la-evolucion-de-la-serie-f-de-bmw\\\/#primaryimage\"},\"thumbnailUrl\":\"https:\\\/\\\/autofans.com.ar\\\/wp-content\\\/uploads\\\/2024\\\/09\\\/bmw-4-1.jpg\",\"datePublished\":\"2024-09-10T22:32:39+00:00\",\"author\":{\"@id\":\"https:\\\/\\\/autofans.com.ar\\\/#\\\/schema\\\/person\\\/4a8dda0b6df83ac3d6723e921274c2aa\"},\"description\":\"BMW Motorrad comenz\u00f3 a diversificar su oferta en los a\u00f1os 80, cuando lanz\u00f3 su serie K. Sin embargo, fue en los 90 cuando introdujo la Serie F\",\"breadcrumb\":{\"@id\":\"https:\\\/\\\/autofans.com.ar\\\/index.php\\\/2024\\\/09\\\/10\\\/la-evolucion-de-la-serie-f-de-bmw\\\/#breadcrumb\"},\"inLanguage\":\"es\",\"potentialAction\":[{\"@type\":\"ReadAction\",\"target\":[\"https:\\\/\\\/autofans.com.ar\\\/index.php\\\/2024\\\/09\\\/10\\\/la-evolucion-de-la-serie-f-de-bmw\\\/\"]}]},{\"@type\":\"ImageObject\",\"inLanguage\":\"es\",\"@id\":\"https:\\\/\\\/autofans.com.ar\\\/index.php\\\/2024\\\/09\\\/10\\\/la-evolucion-de-la-serie-f-de-bmw\\\/#primaryimage\",\"url\":\"https:\\\/\\\/autofans.com.ar\\\/wp-content\\\/uploads\\\/2024\\\/09\\\/bmw-4-1.jpg\",\"contentUrl\":\"https:\\\/\\\/autofans.com.ar\\\/wp-content\\\/uploads\\\/2024\\\/09\\\/bmw-4-1.jpg\",\"width\":1000,\"height\":667,\"caption\":\"BMW\"},{\"@type\":\"BreadcrumbList\",\"@id\":\"https:\\\/\\\/autofans.com.ar\\\/index.php\\\/2024\\\/09\\\/10\\\/la-evolucion-de-la-serie-f-de-bmw\\\/#breadcrumb\",\"itemListElement\":[{\"@type\":\"ListItem\",\"position\":1,\"name\":\"Inicio\",\"item\":\"https:\\\/\\\/autofans.com.ar\\\/\"},{\"@type\":\"ListItem\",\"position\":2,\"name\":\"La evoluci\u00f3n de la Serie F de BMW\"}]},{\"@type\":\"WebSite\",\"@id\":\"https:\\\/\\\/autofans.com.ar\\\/#website\",\"url\":\"https:\\\/\\\/autofans.com.ar\\\/\",\"name\":\"\",\"description\":\"El multimedio referente de la industria automotriz\",\"potentialAction\":[{\"@type\":\"SearchAction\",\"target\":{\"@type\":\"EntryPoint\",\"urlTemplate\":\"https:\\\/\\\/autofans.com.ar\\\/?s={search_term_string}\"},\"query-input\":{\"@type\":\"PropertyValueSpecification\",\"valueRequired\":true,\"valueName\":\"search_term_string\"}}],\"inLanguage\":\"es\"},{\"@type\":\"Person\",\"@id\":\"https:\\\/\\\/autofans.com.ar\\\/#\\\/schema\\\/person\\\/4a8dda0b6df83ac3d6723e921274c2aa\",\"name\":\"Alejandro Gabriel Rosito\",\"image\":{\"@type\":\"ImageObject\",\"inLanguage\":\"es\",\"@id\":\"https:\\\/\\\/secure.gravatar.com\\\/avatar\\\/16c5dda1489adfc62618084dcbb91cffd879c374b13fe5dd8e44ed6733852c88?s=96&d=mm&r=g\",\"url\":\"https:\\\/\\\/secure.gravatar.com\\\/avatar\\\/16c5dda1489adfc62618084dcbb91cffd879c374b13fe5dd8e44ed6733852c88?s=96&d=mm&r=g\",\"contentUrl\":\"https:\\\/\\\/secure.gravatar.com\\\/avatar\\\/16c5dda1489adfc62618084dcbb91cffd879c374b13fe5dd8e44ed6733852c88?s=96&d=mm&r=g\",\"caption\":\"Alejandro Gabriel Rosito\"},\"url\":\"https:\\\/\\\/autofans.com.ar\\\/index.php\\\/author\\\/gabrielr\\\/\"}]}<\/script>\n<!-- \/ Yoast SEO plugin. -->","yoast_head_json":{"title":"La evoluci\u00f3n de la Serie F de BMW -","description":"BMW Motorrad comenz\u00f3 a diversificar su oferta en los a\u00f1os 80, cuando lanz\u00f3 su serie K. Sin embargo, fue en los 90 cuando introdujo la Serie F","robots":{"index":"index","follow":"follow","max-snippet":"max-snippet:-1","max-image-preview":"max-image-preview:large","max-video-preview":"max-video-preview:-1"},"canonical":"https:\/\/autofans.com.ar\/index.php\/2024\/09\/10\/la-evolucion-de-la-serie-f-de-bmw\/","og_locale":"es_ES","og_type":"article","og_title":"La evoluci\u00f3n de la Serie F de BMW -","og_description":"BMW Motorrad comenz\u00f3 a diversificar su oferta en los a\u00f1os 80, cuando lanz\u00f3 su serie K. Sin embargo, fue en los 90 cuando introdujo la Serie F","og_url":"https:\/\/autofans.com.ar\/index.php\/2024\/09\/10\/la-evolucion-de-la-serie-f-de-bmw\/","article_published_time":"2024-09-10T22:32:39+00:00","og_image":[{"url":"https:\/\/autofans.com.ar\/wp-content\/uploads\/2024\/09\/bmw-4-1.jpg","width":640,"height":427,"type":"image\/jpeg"}],"author":"Alejandro Gabriel Rosito","twitter_card":"summary_large_image","twitter_misc":{"Escrito por":"Alejandro Gabriel Rosito","Tiempo de lectura":"2 minutos"},"schema":{"@context":"https:\/\/schema.org","@graph":[{"@type":"Article","@id":"https:\/\/autofans.com.ar\/index.php\/2024\/09\/10\/la-evolucion-de-la-serie-f-de-bmw\/#article","isPartOf":{"@id":"https:\/\/autofans.com.ar\/index.php\/2024\/09\/10\/la-evolucion-de-la-serie-f-de-bmw\/"},"author":{"name":"Alejandro Gabriel Rosito","@id":"https:\/\/autofans.com.ar\/#\/schema\/person\/4a8dda0b6df83ac3d6723e921274c2aa"},"headline":"La evoluci\u00f3n de la Serie F de BMW","datePublished":"2024-09-10T22:32:39+00:00","mainEntityOfPage":{"@id":"https:\/\/autofans.com.ar\/index.php\/2024\/09\/10\/la-evolucion-de-la-serie-f-de-bmw\/"},"wordCount":283,"image":{"@id":"https:\/\/autofans.com.ar\/index.php\/2024\/09\/10\/la-evolucion-de-la-serie-f-de-bmw\/#primaryimage"},"thumbnailUrl":"https:\/\/autofans.com.ar\/wp-content\/uploads\/2024\/09\/bmw-4-1.jpg","keywords":["BMW F 800 GS","BMW F 900 GS","BMW Motorrad","evoluci\u00f3n BMW F","historia BMW F 650","motos BMW Argentina","Serie F BMW"],"articleSection":["MOTOS","NOTICIAS"],"inLanguage":"es"},{"@type":"WebPage","@id":"https:\/\/autofans.com.ar\/index.php\/2024\/09\/10\/la-evolucion-de-la-serie-f-de-bmw\/","url":"https:\/\/autofans.com.ar\/index.php\/2024\/09\/10\/la-evolucion-de-la-serie-f-de-bmw\/","name":"La evoluci\u00f3n de la Serie F de BMW -","isPartOf":{"@id":"https:\/\/autofans.com.ar\/#website"},"primaryImageOfPage":{"@id":"https:\/\/autofans.com.ar\/index.php\/2024\/09\/10\/la-evolucion-de-la-serie-f-de-bmw\/#primaryimage"},"image":{"@id":"https:\/\/autofans.com.ar\/index.php\/2024\/09\/10\/la-evolucion-de-la-serie-f-de-bmw\/#primaryimage"},"thumbnailUrl":"https:\/\/autofans.com.ar\/wp-content\/uploads\/2024\/09\/bmw-4-1.jpg","datePublished":"2024-09-10T22:32:39+00:00","author":{"@id":"https:\/\/autofans.com.ar\/#\/schema\/person\/4a8dda0b6df83ac3d6723e921274c2aa"},"description":"BMW Motorrad comenz\u00f3 a diversificar su oferta en los a\u00f1os 80, cuando lanz\u00f3 su serie K. Sin embargo, fue en los 90 cuando introdujo la Serie F","breadcrumb":{"@id":"https:\/\/autofans.com.ar\/index.php\/2024\/09\/10\/la-evolucion-de-la-serie-f-de-bmw\/#breadcrumb"},"inLanguage":"es","potentialAction":[{"@type":"ReadAction","target":["https:\/\/autofans.com.ar\/index.php\/2024\/09\/10\/la-evolucion-de-la-serie-f-de-bmw\/"]}]},{"@type":"ImageObject","inLanguage":"es","@id":"https:\/\/autofans.com.ar\/index.php\/2024\/09\/10\/la-evolucion-de-la-serie-f-de-bmw\/#primaryimage","url":"https:\/\/autofans.com.ar\/wp-content\/uploads\/2024\/09\/bmw-4-1.jpg","contentUrl":"https:\/\/autofans.com.ar\/wp-content\/uploads\/2024\/09\/bmw-4-1.jpg","width":1000,"height":667,"caption":"BMW"},{"@type":"BreadcrumbList","@id":"https:\/\/autofans.com.ar\/index.php\/2024\/09\/10\/la-evolucion-de-la-serie-f-de-bmw\/#breadcrumb","itemListElement":[{"@type":"ListItem","position":1,"name":"Inicio","item":"https:\/\/autofans.com.ar\/"},{"@type":"ListItem","position":2,"name":"La evoluci\u00f3n de la Serie F de BMW"}]},{"@type":"WebSite","@id":"https:\/\/autofans.com.ar\/#website","url":"https:\/\/autofans.com.ar\/","name":"","description":"El multimedio referente de la industria automotriz","potentialAction":[{"@type":"SearchAction","target":{"@type":"EntryPoint","urlTemplate":"https:\/\/autofans.com.ar\/?s={search_term_string}"},"query-input":{"@type":"PropertyValueSpecification","valueRequired":true,"valueName":"search_term_string"}}],"inLanguage":"es"},{"@type":"Person","@id":"https:\/\/autofans.com.ar\/#\/schema\/person\/4a8dda0b6df83ac3d6723e921274c2aa","name":"Alejandro Gabriel Rosito","image":{"@type":"ImageObject","inLanguage":"es","@id":"https:\/\/secure.gravatar.com\/avatar\/16c5dda1489adfc62618084dcbb91cffd879c374b13fe5dd8e44ed6733852c88?s=96&d=mm&r=g","url":"https:\/\/secure.gravatar.com\/avatar\/16c5dda1489adfc62618084dcbb91cffd879c374b13fe5dd8e44ed6733852c88?s=96&d=mm&r=g","contentUrl":"https:\/\/secure.gravatar.com\/avatar\/16c5dda1489adfc62618084dcbb91cffd879c374b13fe5dd8e44ed6733852c88?s=96&d=mm&r=g","caption":"Alejandro Gabriel Rosito"},"url":"https:\/\/autofans.com.ar\/index.php\/author\/gabrielr\/"}]}},"featured_image_urls":{"full":["https:\/\/autofans.com.ar\/wp-content\/uploads\/2024\/09\/bmw-4-1.jpg",1000,667,false],"thumbnail":["https:\/\/autofans.com.ar\/wp-content\/uploads\/2024\/09\/bmw-4-1-150x150.jpg",150,150,true],"medium":["https:\/\/autofans.com.ar\/wp-content\/uploads\/2024\/09\/bmw-4-1-300x200.jpg",300,200,true],"medium_large":["https:\/\/autofans.com.ar\/wp-content\/uploads\/2024\/09\/bmw-4-1-768x512.jpg",640,427,true],"large":["https:\/\/autofans.com.ar\/wp-content\/uploads\/2024\/09\/bmw-4-1.jpg",640,427,false],"1536x1536":["https:\/\/autofans.com.ar\/wp-content\/uploads\/2024\/09\/bmw-4-1.jpg",1000,667,false],"2048x2048":["https:\/\/autofans.com.ar\/wp-content\/uploads\/2024\/09\/bmw-4-1.jpg",1000,667,false],"covernews-featured":["https:\/\/autofans.com.ar\/wp-content\/uploads\/2024\/09\/bmw-4-1.jpg",1000,667,false],"covernews-medium":["https:\/\/autofans.com.ar\/wp-content\/uploads\/2024\/09\/bmw-4-1-540x340.jpg",540,340,true]},"author_info":{"display_name":"Alejandro Gabriel Rosito","author_link":"https:\/\/autofans.com.ar\/index.php\/author\/gabrielr\/"},"category_info":"<a href=\"https:\/\/autofans.com.ar\/index.php\/category\/noticias\/motos\/\" rel=\"category tag\">MOTOS<\/a> <a href=\"https:\/\/autofans.com.ar\/index.php\/category\/noticias\/\" rel=\"category tag\">NOTICIAS<\/a>","tag_info":"NOTICIAS","comment_count":0,"_links":{"self":[{"href":"https:\/\/autofans.com.ar\/index.php\/wp-json\/wp\/v2\/posts\/8958","targetHints":{"allow":["GET"]}}],"collection":[{"href":"https:\/\/autofans.com.ar\/index.php\/wp-json\/wp\/v2\/posts"}],"about":[{"href":"https:\/\/autofans.com.ar\/index.php\/wp-json\/wp\/v2\/types\/post"}],"author":[{"embeddable":true,"href":"https:\/\/autofans.com.ar\/index.php\/wp-json\/wp\/v2\/users\/2"}],"replies":[{"embeddable":true,"href":"https:\/\/autofans.com.ar\/index.php\/wp-json\/wp\/v2\/comments?post=8958"}],"version-history":[{"count":1,"href":"https:\/\/autofans.com.ar\/index.php\/wp-json\/wp\/v2\/posts\/8958\/revisions"}],"predecessor-version":[{"id":8964,"href":"https:\/\/autofans.com.ar\/index.php\/wp-json\/wp\/v2\/posts\/8958\/revisions\/8964"}],"wp:featuredmedia":[{"embeddable":true,"href":"https:\/\/autofans.com.ar\/index.php\/wp-json\/wp\/v2\/media\/8960"}],"wp:attachment":[{"href":"https:\/\/autofans.com.ar\/index.php\/wp-json\/wp\/v2\/media?parent=8958"}],"wp:term":[{"taxonomy":"category","embeddable":true,"href":"https:\/\/autofans.com.ar\/index.php\/wp-json\/wp\/v2\/categories?post=8958"},{"taxonomy":"post_tag","embeddable":true,"href":"https:\/\/autofans.com.ar\/index.php\/wp-json\/wp\/v2\/tags?post=8958"}],"curies":[{"name":"wp","href":"https:\/\/api.w.org\/{rel}","templated":true}]}}