{"id":8965,"date":"2024-09-11T14:21:51","date_gmt":"2024-09-11T17:21:51","guid":{"rendered":"https:\/\/autofans.com.ar\/?p=8965"},"modified":"2024-09-11T14:21:51","modified_gmt":"2024-09-11T17:21:51","slug":"mercedes-benz-refuerza-la-formacion-de-choferes-con-un-nuevo-camion-escuela","status":"publish","type":"post","link":"https:\/\/autofans.com.ar\/index.php\/2024\/09\/11\/mercedes-benz-refuerza-la-formacion-de-choferes-con-un-nuevo-camion-escuela\/","title":{"rendered":"Mercedes-Benz refuerza la formaci\u00f3n de choferes con un nuevo cami\u00f3n escuela"},"content":{"rendered":"<p>En un acto realizado en el Centro de Capacitaci\u00f3n \u00abRogelio Cavalieri Iribarne\u00bb en Escobar, Mercedes-Benz Camiones y Buses entreg\u00f3 un cami\u00f3n Atego 1729 S\/36, destinado a la formaci\u00f3n de conductores en el Curso de Conducci\u00f3n Profesional (CCP). Esta iniciativa se enmarca en la colaboraci\u00f3n que la automotriz mantiene con la Fundaci\u00f3n Profesional para el Transporte (FPT), el brazo acad\u00e9mico de FADEEAC, con quien ha trabajado desde 2014.<\/p>\n<p>&nbsp;<\/p>\n<figure id=\"attachment_8969\" aria-describedby=\"caption-attachment-8969\" style=\"width: 1000px\" class=\"wp-caption aligncenter\"><img fetchpriority=\"high\" decoding=\"async\" class=\"wp-image-8969 size-full\" src=\"https:\/\/autofans.com.ar\/wp-content\/uploads\/2024\/09\/mercedes-2.jpg\" alt=\"Mercedes\" width=\"1000\" height=\"667\" srcset=\"https:\/\/autofans.com.ar\/wp-content\/uploads\/2024\/09\/mercedes-2.jpg 1000w, https:\/\/autofans.com.ar\/wp-content\/uploads\/2024\/09\/mercedes-2-300x200.jpg 300w, https:\/\/autofans.com.ar\/wp-content\/uploads\/2024\/09\/mercedes-2-768x512.jpg 768w\" sizes=\"(max-width: 1000px) 100vw, 1000px\" \/><figcaption id=\"caption-attachment-8969\" class=\"wp-caption-text\">Gonzalo Rodi\u00f1o, gerente de Relaciones Institucionales de Mercedes-Benz &#8211; An\u00edbal Goichik, Presidente de la Fundaci\u00f3n Profesional para el Transporte<\/figcaption><\/figure>\n<p>&nbsp;<\/p>\n<blockquote>\n<p style=\"text-align: center;\">Gonzalo Rodi\u00f1o, gerente de Relaciones Institucionales de Mercedes-Benz Camiones y Buses expres\u00f3: \u00abEstamos convencidos de que la capacitaci\u00f3n es fundamental para contribuir a una movilidad segura y eficiente en el transporte de cargas. Reafirmamos nuestro compromiso de acompa\u00f1ar a los conductores argentinos en su desarrollo profesional, brind\u00e1ndoles los mejores productos y conocimientos para enfrentar los desaf\u00edos del transporte pesado\u00bb.<\/p>\n<\/blockquote>\n<p>&nbsp;<\/p>\n<h2>Mercedes-Benz impulsa la seguridad vial con entrenamientos pr\u00e1cticos<\/h2>\n<p>El nuevo cami\u00f3n permitir\u00e1 a los estudiantes acceder a entrenamientos pr\u00e1cticos en condiciones reales. Fortaleciendo sus habilidades y promoviendo la seguridad vial en las rutas argentinas. Mercedes-Benz destaca que este tipo de acciones forman parte de su estrategia ESG. Enfocada en la responsabilidad ambiental, social y de gobernanza, poniendo especial \u00e9nfasis en la seguridad y eficiencia del transporte de cargas.<\/p>\n<p>&nbsp;<\/p>\n<p><img decoding=\"async\" class=\"aligncenter wp-image-8968 size-full\" src=\"https:\/\/autofans.com.ar\/wp-content\/uploads\/2024\/09\/mercedes-3.jpg\" alt=\"Mercedes-Benz\" width=\"1000\" height=\"667\" srcset=\"https:\/\/autofans.com.ar\/wp-content\/uploads\/2024\/09\/mercedes-3.jpg 1000w, https:\/\/autofans.com.ar\/wp-content\/uploads\/2024\/09\/mercedes-3-300x200.jpg 300w, https:\/\/autofans.com.ar\/wp-content\/uploads\/2024\/09\/mercedes-3-768x512.jpg 768w\" sizes=\"(max-width: 1000px) 100vw, 1000px\" \/><\/p>\n<p>&nbsp;<\/p>\n<blockquote>\n<p style=\"text-align: center;\">An\u00edbal Goichik, Presidente de la Fundaci\u00f3n Profesional para el Transporte, expres\u00f3: \u00abLa incorporaci\u00f3n del cami\u00f3n Atego 1729 S\/36 a nuestra flota de entrenamiento es un gran paso adelante para la formaci\u00f3n de conductores en Argentina. Agradecemos a Mercedes- Benz Camiones y Buses por su apoyo constante y por contribuir a que m\u00e1s choferes puedan capacitarse con herramientas de \u00faltima tecnolog\u00eda\u00bb.<\/p>\n<\/blockquote>\n<p>&nbsp;<\/p>\n<p>Durante el evento, participaron autoridades de FPT, entre ellos An\u00edbal Goichik, Guillermo Canievsky y Daniel Villa, quienes recibieron el veh\u00edculo de manos de Gonzalo Rodi\u00f1o, gerente de Relaciones Institucionales de <a href=\"https:\/\/autofans.com.ar\/index.php\/2024\/07\/31\/elotrofrio-la-campana-de-mercedes-benz-camiones-y-buses\/\" target=\"_blank\" rel=\"noopener\">Mercedes-Benz Camiones y Buses<\/a>. La automotriz reafirm\u00f3 su compromiso con la capacitaci\u00f3n de choferes en todo el pa\u00eds. Destacando la importancia del trabajo conjunto entre las empresas y las instituciones educativas para lograr un transporte m\u00e1s seguro y eficiente en Argentina.<\/p>\n<p>&nbsp;<\/p>\n<p>&nbsp;<\/p>\n<p><i>Para enterarte de m\u00e1s novedades, no dejes de leer\u00a0<\/i><a href=\"https:\/\/autofans.thebrandsoup.com\/\"><i>nuestras notas<\/i><\/a><i>, de ver<\/i><b><i>\u00a0<\/i><\/b><a href=\"https:\/\/www.youtube.com\/channel\/UCgAC8UGHZYbT6P7PpmVnP7g\"><b><i>AUTOFANS TV<\/i><\/b><\/a><b><i>\u00a0<\/i><\/b><i>en nuestro\u00a0canal de Youtube. Adem\u00e1s seguinos en\u00a0<\/i><a href=\"https:\/\/www.instagram.com\/autofanstv\/\"><i>INSTAGRAM<\/i><\/a><i> y <\/i><a href=\"https:\/\/www.facebook.com\/autofansmas\/\"><i>FACEBOOK<\/i><\/a><i> para no perderte nada sobre las novedades del segmento automotor de Argentina y el mundo.<\/i><\/p>\n","protected":false},"excerpt":{"rendered":"<p>En un acto realizado en el Centro de Capacitaci\u00f3n \u00abRogelio Cavalieri Iribarne\u00bb en Escobar, Mercedes-Benz&#8230;<\/p>\n","protected":false},"author":2,"featured_media":8967,"comment_status":"closed","ping_status":"closed","sticky":false,"template":"","format":"standard","meta":{"footnotes":""},"categories":[16,10],"tags":[4790,4788,4789,4792,4791,4426,4787,869,698,1001],"class_list":["post-8965","post","type-post","status-publish","format-standard","has-post-thumbnail","hentry","category-noticias","category-utilitarios-y-pesados-lanzamientos","tag-atego-1729-s-36","tag-camion-escuela","tag-capacitacion-de-choferes","tag-cursos-de-conduccion-profesional","tag-esg-mercedes-benz","tag-fadeeac","tag-fpt","tag-mercedes-benz-camiones-y-buses","tag-seguridad-vial","tag-transporte-de-cargas"],"yoast_head":"<!-- This site is optimized with the Yoast SEO plugin v27.5 - https:\/\/yoast.com\/product\/yoast-seo-wordpress\/ -->\n<title>Mercedes-Benz refuerza la formaci\u00f3n de choferes con un nuevo cami\u00f3n escuela -<\/title>\n<meta name=\"description\" content=\"En el Centro de Capacitaci\u00f3n &quot;Rogelio Cavalieri Iribarne&quot; en Escobar, Mercedes-Benz Camiones y Buses entreg\u00f3 un cami\u00f3n Atego 1729 S\/36...\" \/>\n<meta name=\"robots\" content=\"index, follow, max-snippet:-1, max-image-preview:large, max-video-preview:-1\" \/>\n<link rel=\"canonical\" href=\"https:\/\/autofans.com.ar\/index.php\/2024\/09\/11\/mercedes-benz-refuerza-la-formacion-de-choferes-con-un-nuevo-camion-escuela\/\" \/>\n<meta property=\"og:locale\" content=\"es_ES\" \/>\n<meta property=\"og:type\" content=\"article\" \/>\n<meta property=\"og:title\" content=\"Mercedes-Benz refuerza la formaci\u00f3n de choferes con un nuevo cami\u00f3n escuela -\" \/>\n<meta property=\"og:description\" content=\"En el Centro de Capacitaci\u00f3n &quot;Rogelio Cavalieri Iribarne&quot; en Escobar, Mercedes-Benz Camiones y Buses entreg\u00f3 un cami\u00f3n Atego 1729 S\/36...\" \/>\n<meta property=\"og:url\" content=\"https:\/\/autofans.com.ar\/index.php\/2024\/09\/11\/mercedes-benz-refuerza-la-formacion-de-choferes-con-un-nuevo-camion-escuela\/\" \/>\n<meta property=\"article:published_time\" content=\"2024-09-11T17:21:51+00:00\" \/>\n<meta property=\"og:image\" content=\"https:\/\/autofans.com.ar\/wp-content\/uploads\/2024\/09\/mercedes-4.jpg\" \/>\n\t<meta property=\"og:image:width\" content=\"640\" \/>\n\t<meta property=\"og:image:height\" content=\"427\" \/>\n\t<meta property=\"og:image:type\" content=\"image\/jpeg\" \/>\n<meta name=\"author\" content=\"Alejandro Gabriel Rosito\" \/>\n<meta name=\"twitter:card\" content=\"summary_large_image\" \/>\n<meta name=\"twitter:label1\" content=\"Escrito por\" \/>\n\t<meta name=\"twitter:data1\" content=\"Alejandro Gabriel Rosito\" \/>\n\t<meta name=\"twitter:label2\" content=\"Tiempo de lectura\" \/>\n\t<meta name=\"twitter:data2\" content=\"2 minutos\" \/>\n<script type=\"application\/ld+json\" class=\"yoast-schema-graph\">{\"@context\":\"https:\\\/\\\/schema.org\",\"@graph\":[{\"@type\":\"Article\",\"@id\":\"https:\\\/\\\/autofans.com.ar\\\/index.php\\\/2024\\\/09\\\/11\\\/mercedes-benz-refuerza-la-formacion-de-choferes-con-un-nuevo-camion-escuela\\\/#article\",\"isPartOf\":{\"@id\":\"https:\\\/\\\/autofans.com.ar\\\/index.php\\\/2024\\\/09\\\/11\\\/mercedes-benz-refuerza-la-formacion-de-choferes-con-un-nuevo-camion-escuela\\\/\"},\"author\":{\"name\":\"Alejandro Gabriel Rosito\",\"@id\":\"https:\\\/\\\/autofans.com.ar\\\/#\\\/schema\\\/person\\\/4a8dda0b6df83ac3d6723e921274c2aa\"},\"headline\":\"Mercedes-Benz refuerza la formaci\u00f3n de choferes con un nuevo cami\u00f3n escuela\",\"datePublished\":\"2024-09-11T17:21:51+00:00\",\"mainEntityOfPage\":{\"@id\":\"https:\\\/\\\/autofans.com.ar\\\/index.php\\\/2024\\\/09\\\/11\\\/mercedes-benz-refuerza-la-formacion-de-choferes-con-un-nuevo-camion-escuela\\\/\"},\"wordCount\":443,\"image\":{\"@id\":\"https:\\\/\\\/autofans.com.ar\\\/index.php\\\/2024\\\/09\\\/11\\\/mercedes-benz-refuerza-la-formacion-de-choferes-con-un-nuevo-camion-escuela\\\/#primaryimage\"},\"thumbnailUrl\":\"https:\\\/\\\/autofans.com.ar\\\/wp-content\\\/uploads\\\/2024\\\/09\\\/mercedes-4.jpg\",\"keywords\":[\"Atego 1729 S\\\/36\",\"cami\u00f3n escuela\",\"capacitaci\u00f3n de choferes\",\"cursos de conducci\u00f3n profesional\",\"ESG Mercedes-Benz\",\"FADEEAC\",\"FPT\",\"Mercedes-Benz Camiones y Buses\",\"Seguridad Vial\",\"transporte de cargas\"],\"articleSection\":[\"NOTICIAS\",\"Pick Ups, Utilitarios y Pesados\"],\"inLanguage\":\"es\"},{\"@type\":\"WebPage\",\"@id\":\"https:\\\/\\\/autofans.com.ar\\\/index.php\\\/2024\\\/09\\\/11\\\/mercedes-benz-refuerza-la-formacion-de-choferes-con-un-nuevo-camion-escuela\\\/\",\"url\":\"https:\\\/\\\/autofans.com.ar\\\/index.php\\\/2024\\\/09\\\/11\\\/mercedes-benz-refuerza-la-formacion-de-choferes-con-un-nuevo-camion-escuela\\\/\",\"name\":\"Mercedes-Benz refuerza la formaci\u00f3n de choferes con un nuevo cami\u00f3n escuela -\",\"isPartOf\":{\"@id\":\"https:\\\/\\\/autofans.com.ar\\\/#website\"},\"primaryImageOfPage\":{\"@id\":\"https:\\\/\\\/autofans.com.ar\\\/index.php\\\/2024\\\/09\\\/11\\\/mercedes-benz-refuerza-la-formacion-de-choferes-con-un-nuevo-camion-escuela\\\/#primaryimage\"},\"image\":{\"@id\":\"https:\\\/\\\/autofans.com.ar\\\/index.php\\\/2024\\\/09\\\/11\\\/mercedes-benz-refuerza-la-formacion-de-choferes-con-un-nuevo-camion-escuela\\\/#primaryimage\"},\"thumbnailUrl\":\"https:\\\/\\\/autofans.com.ar\\\/wp-content\\\/uploads\\\/2024\\\/09\\\/mercedes-4.jpg\",\"datePublished\":\"2024-09-11T17:21:51+00:00\",\"author\":{\"@id\":\"https:\\\/\\\/autofans.com.ar\\\/#\\\/schema\\\/person\\\/4a8dda0b6df83ac3d6723e921274c2aa\"},\"description\":\"En el Centro de Capacitaci\u00f3n \\\"Rogelio Cavalieri Iribarne\\\" en Escobar, Mercedes-Benz Camiones y Buses entreg\u00f3 un cami\u00f3n Atego 1729 S\\\/36...\",\"breadcrumb\":{\"@id\":\"https:\\\/\\\/autofans.com.ar\\\/index.php\\\/2024\\\/09\\\/11\\\/mercedes-benz-refuerza-la-formacion-de-choferes-con-un-nuevo-camion-escuela\\\/#breadcrumb\"},\"inLanguage\":\"es\",\"potentialAction\":[{\"@type\":\"ReadAction\",\"target\":[\"https:\\\/\\\/autofans.com.ar\\\/index.php\\\/2024\\\/09\\\/11\\\/mercedes-benz-refuerza-la-formacion-de-choferes-con-un-nuevo-camion-escuela\\\/\"]}]},{\"@type\":\"ImageObject\",\"inLanguage\":\"es\",\"@id\":\"https:\\\/\\\/autofans.com.ar\\\/index.php\\\/2024\\\/09\\\/11\\\/mercedes-benz-refuerza-la-formacion-de-choferes-con-un-nuevo-camion-escuela\\\/#primaryimage\",\"url\":\"https:\\\/\\\/autofans.com.ar\\\/wp-content\\\/uploads\\\/2024\\\/09\\\/mercedes-4.jpg\",\"contentUrl\":\"https:\\\/\\\/autofans.com.ar\\\/wp-content\\\/uploads\\\/2024\\\/09\\\/mercedes-4.jpg\",\"width\":1000,\"height\":667,\"caption\":\"Mercedes-Benz\"},{\"@type\":\"BreadcrumbList\",\"@id\":\"https:\\\/\\\/autofans.com.ar\\\/index.php\\\/2024\\\/09\\\/11\\\/mercedes-benz-refuerza-la-formacion-de-choferes-con-un-nuevo-camion-escuela\\\/#breadcrumb\",\"itemListElement\":[{\"@type\":\"ListItem\",\"position\":1,\"name\":\"Inicio\",\"item\":\"https:\\\/\\\/autofans.com.ar\\\/\"},{\"@type\":\"ListItem\",\"position\":2,\"name\":\"Mercedes-Benz refuerza la formaci\u00f3n de choferes con un nuevo cami\u00f3n escuela\"}]},{\"@type\":\"WebSite\",\"@id\":\"https:\\\/\\\/autofans.com.ar\\\/#website\",\"url\":\"https:\\\/\\\/autofans.com.ar\\\/\",\"name\":\"\",\"description\":\"El multimedio referente de la industria automotriz\",\"potentialAction\":[{\"@type\":\"SearchAction\",\"target\":{\"@type\":\"EntryPoint\",\"urlTemplate\":\"https:\\\/\\\/autofans.com.ar\\\/?s={search_term_string}\"},\"query-input\":{\"@type\":\"PropertyValueSpecification\",\"valueRequired\":true,\"valueName\":\"search_term_string\"}}],\"inLanguage\":\"es\"},{\"@type\":\"Person\",\"@id\":\"https:\\\/\\\/autofans.com.ar\\\/#\\\/schema\\\/person\\\/4a8dda0b6df83ac3d6723e921274c2aa\",\"name\":\"Alejandro Gabriel Rosito\",\"image\":{\"@type\":\"ImageObject\",\"inLanguage\":\"es\",\"@id\":\"https:\\\/\\\/secure.gravatar.com\\\/avatar\\\/16c5dda1489adfc62618084dcbb91cffd879c374b13fe5dd8e44ed6733852c88?s=96&d=mm&r=g\",\"url\":\"https:\\\/\\\/secure.gravatar.com\\\/avatar\\\/16c5dda1489adfc62618084dcbb91cffd879c374b13fe5dd8e44ed6733852c88?s=96&d=mm&r=g\",\"contentUrl\":\"https:\\\/\\\/secure.gravatar.com\\\/avatar\\\/16c5dda1489adfc62618084dcbb91cffd879c374b13fe5dd8e44ed6733852c88?s=96&d=mm&r=g\",\"caption\":\"Alejandro Gabriel Rosito\"},\"url\":\"https:\\\/\\\/autofans.com.ar\\\/index.php\\\/author\\\/gabrielr\\\/\"}]}<\/script>\n<!-- \/ Yoast SEO plugin. -->","yoast_head_json":{"title":"Mercedes-Benz refuerza la formaci\u00f3n de choferes con un nuevo cami\u00f3n escuela -","description":"En el Centro de Capacitaci\u00f3n \"Rogelio Cavalieri Iribarne\" en Escobar, Mercedes-Benz Camiones y Buses entreg\u00f3 un cami\u00f3n Atego 1729 S\/36...","robots":{"index":"index","follow":"follow","max-snippet":"max-snippet:-1","max-image-preview":"max-image-preview:large","max-video-preview":"max-video-preview:-1"},"canonical":"https:\/\/autofans.com.ar\/index.php\/2024\/09\/11\/mercedes-benz-refuerza-la-formacion-de-choferes-con-un-nuevo-camion-escuela\/","og_locale":"es_ES","og_type":"article","og_title":"Mercedes-Benz refuerza la formaci\u00f3n de choferes con un nuevo cami\u00f3n escuela -","og_description":"En el Centro de Capacitaci\u00f3n \"Rogelio Cavalieri Iribarne\" en Escobar, Mercedes-Benz Camiones y Buses entreg\u00f3 un cami\u00f3n Atego 1729 S\/36...","og_url":"https:\/\/autofans.com.ar\/index.php\/2024\/09\/11\/mercedes-benz-refuerza-la-formacion-de-choferes-con-un-nuevo-camion-escuela\/","article_published_time":"2024-09-11T17:21:51+00:00","og_image":[{"url":"https:\/\/autofans.com.ar\/wp-content\/uploads\/2024\/09\/mercedes-4.jpg","width":640,"height":427,"type":"image\/jpeg"}],"author":"Alejandro Gabriel Rosito","twitter_card":"summary_large_image","twitter_misc":{"Escrito por":"Alejandro Gabriel Rosito","Tiempo de lectura":"2 minutos"},"schema":{"@context":"https:\/\/schema.org","@graph":[{"@type":"Article","@id":"https:\/\/autofans.com.ar\/index.php\/2024\/09\/11\/mercedes-benz-refuerza-la-formacion-de-choferes-con-un-nuevo-camion-escuela\/#article","isPartOf":{"@id":"https:\/\/autofans.com.ar\/index.php\/2024\/09\/11\/mercedes-benz-refuerza-la-formacion-de-choferes-con-un-nuevo-camion-escuela\/"},"author":{"name":"Alejandro Gabriel Rosito","@id":"https:\/\/autofans.com.ar\/#\/schema\/person\/4a8dda0b6df83ac3d6723e921274c2aa"},"headline":"Mercedes-Benz refuerza la formaci\u00f3n de choferes con un nuevo cami\u00f3n escuela","datePublished":"2024-09-11T17:21:51+00:00","mainEntityOfPage":{"@id":"https:\/\/autofans.com.ar\/index.php\/2024\/09\/11\/mercedes-benz-refuerza-la-formacion-de-choferes-con-un-nuevo-camion-escuela\/"},"wordCount":443,"image":{"@id":"https:\/\/autofans.com.ar\/index.php\/2024\/09\/11\/mercedes-benz-refuerza-la-formacion-de-choferes-con-un-nuevo-camion-escuela\/#primaryimage"},"thumbnailUrl":"https:\/\/autofans.com.ar\/wp-content\/uploads\/2024\/09\/mercedes-4.jpg","keywords":["Atego 1729 S\/36","cami\u00f3n escuela","capacitaci\u00f3n de choferes","cursos de conducci\u00f3n profesional","ESG Mercedes-Benz","FADEEAC","FPT","Mercedes-Benz Camiones y Buses","Seguridad Vial","transporte de cargas"],"articleSection":["NOTICIAS","Pick Ups, Utilitarios y Pesados"],"inLanguage":"es"},{"@type":"WebPage","@id":"https:\/\/autofans.com.ar\/index.php\/2024\/09\/11\/mercedes-benz-refuerza-la-formacion-de-choferes-con-un-nuevo-camion-escuela\/","url":"https:\/\/autofans.com.ar\/index.php\/2024\/09\/11\/mercedes-benz-refuerza-la-formacion-de-choferes-con-un-nuevo-camion-escuela\/","name":"Mercedes-Benz refuerza la formaci\u00f3n de choferes con un nuevo cami\u00f3n escuela -","isPartOf":{"@id":"https:\/\/autofans.com.ar\/#website"},"primaryImageOfPage":{"@id":"https:\/\/autofans.com.ar\/index.php\/2024\/09\/11\/mercedes-benz-refuerza-la-formacion-de-choferes-con-un-nuevo-camion-escuela\/#primaryimage"},"image":{"@id":"https:\/\/autofans.com.ar\/index.php\/2024\/09\/11\/mercedes-benz-refuerza-la-formacion-de-choferes-con-un-nuevo-camion-escuela\/#primaryimage"},"thumbnailUrl":"https:\/\/autofans.com.ar\/wp-content\/uploads\/2024\/09\/mercedes-4.jpg","datePublished":"2024-09-11T17:21:51+00:00","author":{"@id":"https:\/\/autofans.com.ar\/#\/schema\/person\/4a8dda0b6df83ac3d6723e921274c2aa"},"description":"En el Centro de Capacitaci\u00f3n \"Rogelio Cavalieri Iribarne\" en Escobar, Mercedes-Benz Camiones y Buses entreg\u00f3 un cami\u00f3n Atego 1729 S\/36...","breadcrumb":{"@id":"https:\/\/autofans.com.ar\/index.php\/2024\/09\/11\/mercedes-benz-refuerza-la-formacion-de-choferes-con-un-nuevo-camion-escuela\/#breadcrumb"},"inLanguage":"es","potentialAction":[{"@type":"ReadAction","target":["https:\/\/autofans.com.ar\/index.php\/2024\/09\/11\/mercedes-benz-refuerza-la-formacion-de-choferes-con-un-nuevo-camion-escuela\/"]}]},{"@type":"ImageObject","inLanguage":"es","@id":"https:\/\/autofans.com.ar\/index.php\/2024\/09\/11\/mercedes-benz-refuerza-la-formacion-de-choferes-con-un-nuevo-camion-escuela\/#primaryimage","url":"https:\/\/autofans.com.ar\/wp-content\/uploads\/2024\/09\/mercedes-4.jpg","contentUrl":"https:\/\/autofans.com.ar\/wp-content\/uploads\/2024\/09\/mercedes-4.jpg","width":1000,"height":667,"caption":"Mercedes-Benz"},{"@type":"BreadcrumbList","@id":"https:\/\/autofans.com.ar\/index.php\/2024\/09\/11\/mercedes-benz-refuerza-la-formacion-de-choferes-con-un-nuevo-camion-escuela\/#breadcrumb","itemListElement":[{"@type":"ListItem","position":1,"name":"Inicio","item":"https:\/\/autofans.com.ar\/"},{"@type":"ListItem","position":2,"name":"Mercedes-Benz refuerza la formaci\u00f3n de choferes con un nuevo cami\u00f3n escuela"}]},{"@type":"WebSite","@id":"https:\/\/autofans.com.ar\/#website","url":"https:\/\/autofans.com.ar\/","name":"","description":"El multimedio referente de la industria automotriz","potentialAction":[{"@type":"SearchAction","target":{"@type":"EntryPoint","urlTemplate":"https:\/\/autofans.com.ar\/?s={search_term_string}"},"query-input":{"@type":"PropertyValueSpecification","valueRequired":true,"valueName":"search_term_string"}}],"inLanguage":"es"},{"@type":"Person","@id":"https:\/\/autofans.com.ar\/#\/schema\/person\/4a8dda0b6df83ac3d6723e921274c2aa","name":"Alejandro Gabriel Rosito","image":{"@type":"ImageObject","inLanguage":"es","@id":"https:\/\/secure.gravatar.com\/avatar\/16c5dda1489adfc62618084dcbb91cffd879c374b13fe5dd8e44ed6733852c88?s=96&d=mm&r=g","url":"https:\/\/secure.gravatar.com\/avatar\/16c5dda1489adfc62618084dcbb91cffd879c374b13fe5dd8e44ed6733852c88?s=96&d=mm&r=g","contentUrl":"https:\/\/secure.gravatar.com\/avatar\/16c5dda1489adfc62618084dcbb91cffd879c374b13fe5dd8e44ed6733852c88?s=96&d=mm&r=g","caption":"Alejandro Gabriel Rosito"},"url":"https:\/\/autofans.com.ar\/index.php\/author\/gabrielr\/"}]}},"featured_image_urls":{"full":["https:\/\/autofans.com.ar\/wp-content\/uploads\/2024\/09\/mercedes-4.jpg",1000,667,false],"thumbnail":["https:\/\/autofans.com.ar\/wp-content\/uploads\/2024\/09\/mercedes-4-150x150.jpg",150,150,true],"medium":["https:\/\/autofans.com.ar\/wp-content\/uploads\/2024\/09\/mercedes-4-300x200.jpg",300,200,true],"medium_large":["https:\/\/autofans.com.ar\/wp-content\/uploads\/2024\/09\/mercedes-4-768x512.jpg",640,427,true],"large":["https:\/\/autofans.com.ar\/wp-content\/uploads\/2024\/09\/mercedes-4.jpg",640,427,false],"1536x1536":["https:\/\/autofans.com.ar\/wp-content\/uploads\/2024\/09\/mercedes-4.jpg",1000,667,false],"2048x2048":["https:\/\/autofans.com.ar\/wp-content\/uploads\/2024\/09\/mercedes-4.jpg",1000,667,false],"covernews-featured":["https:\/\/autofans.com.ar\/wp-content\/uploads\/2024\/09\/mercedes-4.jpg",1000,667,false],"covernews-medium":["https:\/\/autofans.com.ar\/wp-content\/uploads\/2024\/09\/mercedes-4-540x340.jpg",540,340,true]},"author_info":{"display_name":"Alejandro Gabriel Rosito","author_link":"https:\/\/autofans.com.ar\/index.php\/author\/gabrielr\/"},"category_info":"<a href=\"https:\/\/autofans.com.ar\/index.php\/category\/noticias\/\" rel=\"category tag\">NOTICIAS<\/a> <a href=\"https:\/\/autofans.com.ar\/index.php\/category\/lanzamientos\/utilitarios-y-pesados-lanzamientos\/\" rel=\"category tag\">Pick Ups, Utilitarios y Pesados<\/a>","tag_info":"Pick Ups, Utilitarios y Pesados","comment_count":0,"_links":{"self":[{"href":"https:\/\/autofans.com.ar\/index.php\/wp-json\/wp\/v2\/posts\/8965","targetHints":{"allow":["GET"]}}],"collection":[{"href":"https:\/\/autofans.com.ar\/index.php\/wp-json\/wp\/v2\/posts"}],"about":[{"href":"https:\/\/autofans.com.ar\/index.php\/wp-json\/wp\/v2\/types\/post"}],"author":[{"embeddable":true,"href":"https:\/\/autofans.com.ar\/index.php\/wp-json\/wp\/v2\/users\/2"}],"replies":[{"embeddable":true,"href":"https:\/\/autofans.com.ar\/index.php\/wp-json\/wp\/v2\/comments?post=8965"}],"version-history":[{"count":4,"href":"https:\/\/autofans.com.ar\/index.php\/wp-json\/wp\/v2\/posts\/8965\/revisions"}],"predecessor-version":[{"id":8973,"href":"https:\/\/autofans.com.ar\/index.php\/wp-json\/wp\/v2\/posts\/8965\/revisions\/8973"}],"wp:featuredmedia":[{"embeddable":true,"href":"https:\/\/autofans.com.ar\/index.php\/wp-json\/wp\/v2\/media\/8967"}],"wp:attachment":[{"href":"https:\/\/autofans.com.ar\/index.php\/wp-json\/wp\/v2\/media?parent=8965"}],"wp:term":[{"taxonomy":"category","embeddable":true,"href":"https:\/\/autofans.com.ar\/index.php\/wp-json\/wp\/v2\/categories?post=8965"},{"taxonomy":"post_tag","embeddable":true,"href":"https:\/\/autofans.com.ar\/index.php\/wp-json\/wp\/v2\/tags?post=8965"}],"curies":[{"name":"wp","href":"https:\/\/api.w.org\/{rel}","templated":true}]}}