{"id":900,"date":"2023-03-17T20:51:21","date_gmt":"2023-03-17T23:51:21","guid":{"rendered":"https:\/\/autofans.com.ar\/?p=900"},"modified":"2023-03-17T20:53:01","modified_gmt":"2023-03-17T23:53:01","slug":"las-apps-de-bmw-y-mini-superan-los-10-millones-de-usuarios-activos","status":"publish","type":"post","link":"https:\/\/autofans.com.ar\/index.php\/2023\/03\/17\/las-apps-de-bmw-y-mini-superan-los-10-millones-de-usuarios-activos\/","title":{"rendered":"Las apps de BMW y MINI superan los 10 millones de usuarios activos"},"content":{"rendered":"<p>Seg\u00fan el comunicado de prensa de BMW Group las aplicaciones \u201c<a href=\"https:\/\/play.google.com\/store\/apps\/details?id=de.bmw.connected.mobile20.row&amp;hl=es&amp;gl=US&amp;pli=1\" target=\"_blank\" rel=\"noopener\">My BMW App<\/a>\u201d y \u201c<a href=\"https:\/\/play.google.com\/store\/apps\/details?id=de.mini.connected.mobile20.row\" target=\"_blank\" rel=\"noopener\">MINI App<\/a>\u201d ofrecen una variedad de funciones \u00fatiles. En primer lugar el estado del veh\u00edculo y su carga, la planificaci\u00f3n de rutas, funciones remotas, servicio y mantenimiento. Ambas aplicaciones tienen la calificaci\u00f3n m\u00e1xima en la<a href=\"https:\/\/apps.apple.com\/es\/app\/my-bmw\/id1519034860\" target=\"_blank\" rel=\"noopener\"> App Store de Apple<\/a>. Los usuarios pueden utilizarlas en modo de demostraci\u00f3n para descubrir sus funcionalidades sin tener un veh\u00edculo propio.<\/p>\n<blockquote>\n<p style=\"text-align: center;\">Pieter Nota, miembro del Consejo de Administraci\u00f3n de BMW Group, dijo que \u201cla estrategia de BMW Group de aumentar la proximidad al cliente a trav\u00e9s de la digitalizaci\u00f3n ha demostrado ser muy exitosa\u201d.<\/p>\n<p>&nbsp;<\/p><\/blockquote>\n<p><img fetchpriority=\"high\" decoding=\"async\" class=\"wp-image-907 size-full aligncenter\" src=\"https:\/\/autofans.com.ar\/wp-content\/uploads\/2023\/03\/fotos-3-jpg.webp\" alt=\"app bmw mini\" width=\"1000\" height=\"667\" srcset=\"https:\/\/autofans.com.ar\/wp-content\/uploads\/2023\/03\/fotos-3-jpg.webp 1000w, https:\/\/autofans.com.ar\/wp-content\/uploads\/2023\/03\/fotos-3-300x200.webp 300w, https:\/\/autofans.com.ar\/wp-content\/uploads\/2023\/03\/fotos-3-768x512.webp 768w\" sizes=\"(max-width: 1000px) 100vw, 1000px\" \/><\/p>\n<p>Adem\u00e1s las aplicaciones permiten a los conductores mantenerse actualizados sobre el estado de su veh\u00edculo en todo momento. As\u00ed como bloquear y desbloquear las puertas, activar y controlar la climatizaci\u00f3n\/ventilaci\u00f3n o ver los alrededores y el interior del veh\u00edculo mediante la funci\u00f3n Remote 3D View. Adem\u00e1s, los usuarios pueden enviar direcciones de destino desde la aplicaci\u00f3n al sistema de navegaci\u00f3n del veh\u00edculo y gestionar servicios de terceros como Amazon Alexa.<\/p>\n<p>&nbsp;<\/p>\n<p><img decoding=\"async\" class=\"aligncenter wp-image-906 size-full\" src=\"https:\/\/autofans.com.ar\/wp-content\/uploads\/2023\/03\/fotos-4-jpg.webp\" alt=\"app bmw mini\" width=\"1000\" height=\"667\" srcset=\"https:\/\/autofans.com.ar\/wp-content\/uploads\/2023\/03\/fotos-4-jpg.webp 1000w, https:\/\/autofans.com.ar\/wp-content\/uploads\/2023\/03\/fotos-4-300x200.webp 300w, https:\/\/autofans.com.ar\/wp-content\/uploads\/2023\/03\/fotos-4-768x512.webp 768w\" sizes=\"(max-width: 1000px) 100vw, 1000px\" \/><\/p>\n<p>Los conductores pueden obtener informaci\u00f3n en tiempo real sobre el estado de carga y la autonom\u00eda el\u00e9ctrica. Tambi\u00e9n recibir notificaciones autom\u00e1ticas durante la carga sobre c\u00f3mo alcanzar el nivel ideal. As\u00ed como en Europa, el contrato de carga BMW o MINI permite la identificaci\u00f3n digital en m\u00e1s de 400,000 puntos de recarga. La facturaci\u00f3n se realiza c\u00f3moda y mensualmente utilizando los medios de pago almacenados a trav\u00e9s de BMW\/MINI Charging.<\/p>\n<p>&nbsp;<\/p>\n<div id='gallery-1' class='gallery galleryid-900 gallery-columns-2 gallery-size-large'><figure class='gallery-item'>\n\t\t\t<div class='gallery-icon landscape'>\n\t\t\t\t<a href='https:\/\/autofans.com.ar\/index.php\/2023\/03\/17\/las-apps-de-bmw-y-mini-superan-los-10-millones-de-usuarios-activos\/fotos-2\/'><img loading=\"lazy\" width=\"640\" height=\"427\" src=\"https:\/\/autofans.com.ar\/wp-content\/uploads\/2023\/03\/fotos-2-jpg.webp\" class=\"attachment-large size-large\" alt=\"app bmw mini\" srcset=\"https:\/\/autofans.com.ar\/wp-content\/uploads\/2023\/03\/fotos-2-jpg.webp 1000w, https:\/\/autofans.com.ar\/wp-content\/uploads\/2023\/03\/fotos-2-300x200.webp 300w, https:\/\/autofans.com.ar\/wp-content\/uploads\/2023\/03\/fotos-2-768x512.webp 768w\" sizes=\"auto, (max-width: 640px) 100vw, 640px\" loading=\"lazy\" decoding=\"async\" \/><\/a>\n\t\t\t<\/div><\/figure><figure class='gallery-item'>\n\t\t\t<div class='gallery-icon landscape'>\n\t\t\t\t<a href='https:\/\/autofans.com.ar\/index.php\/2023\/03\/17\/las-apps-de-bmw-y-mini-superan-los-10-millones-de-usuarios-activos\/fotos-6\/'><img loading=\"lazy\" width=\"640\" height=\"427\" src=\"https:\/\/autofans.com.ar\/wp-content\/uploads\/2023\/03\/fotos-6-jpg.webp\" class=\"attachment-large size-large\" alt=\"app bmw mini\" srcset=\"https:\/\/autofans.com.ar\/wp-content\/uploads\/2023\/03\/fotos-6-jpg.webp 1000w, https:\/\/autofans.com.ar\/wp-content\/uploads\/2023\/03\/fotos-6-300x200.webp 300w, https:\/\/autofans.com.ar\/wp-content\/uploads\/2023\/03\/fotos-6-768x512.webp 768w\" sizes=\"auto, (max-width: 640px) 100vw, 640px\" loading=\"lazy\" decoding=\"async\" \/><\/a>\n\t\t\t<\/div><\/figure><figure class='gallery-item'>\n\t\t\t<div class='gallery-icon landscape'>\n\t\t\t\t<a href='https:\/\/autofans.com.ar\/index.php\/2023\/03\/17\/las-apps-de-bmw-y-mini-superan-los-10-millones-de-usuarios-activos\/mini\/'><img loading=\"lazy\" width=\"640\" height=\"427\" src=\"https:\/\/autofans.com.ar\/wp-content\/uploads\/2023\/03\/mini-jpg.webp\" class=\"attachment-large size-large\" alt=\"app bmw mini\" srcset=\"https:\/\/autofans.com.ar\/wp-content\/uploads\/2023\/03\/mini-jpg.webp 1000w, https:\/\/autofans.com.ar\/wp-content\/uploads\/2023\/03\/mini-300x200.webp 300w, https:\/\/autofans.com.ar\/wp-content\/uploads\/2023\/03\/mini-768x512.webp 768w\" sizes=\"auto, (max-width: 640px) 100vw, 640px\" loading=\"lazy\" decoding=\"async\" \/><\/a>\n\t\t\t<\/div><\/figure><figure class='gallery-item'>\n\t\t\t<div class='gallery-icon landscape'>\n\t\t\t\t<a href='https:\/\/autofans.com.ar\/index.php\/2023\/03\/17\/las-apps-de-bmw-y-mini-superan-los-10-millones-de-usuarios-activos\/bmw-2\/'><img loading=\"lazy\" width=\"640\" height=\"427\" src=\"https:\/\/autofans.com.ar\/wp-content\/uploads\/2023\/03\/bmw-1-jpg.webp\" class=\"attachment-large size-large\" alt=\"app bmw mini\" srcset=\"https:\/\/autofans.com.ar\/wp-content\/uploads\/2023\/03\/bmw-1-jpg.webp 1000w, https:\/\/autofans.com.ar\/wp-content\/uploads\/2023\/03\/bmw-1-300x200.webp 300w, https:\/\/autofans.com.ar\/wp-content\/uploads\/2023\/03\/bmw-1-768x512.webp 768w\" sizes=\"auto, (max-width: 640px) 100vw, 640px\" loading=\"lazy\" decoding=\"async\" \/><\/a>\n\t\t\t<\/div><\/figure>\n\t\t<\/div>\n\n<p>&nbsp;<\/p>\n<p>Los conductores tambi\u00e9n pueden programar el servicio del veh\u00edculo a trav\u00e9s de la aplicaci\u00f3n y llamar a la asistencia en ruta en caso de emergencia. Adem\u00e1s la pesta\u00f1a \u00abExplorar\u00bb proporciona contenido interesante sobre las marcas, productos y servicios de <a href=\"https:\/\/www.bmwgroup.com\/en.html\" target=\"_blank\" rel=\"noopener\">BMW<\/a> y MINI, incluidos videos instructivos \u00fatiles.<\/p>\n<p>&nbsp;<\/p>\n<p><i>Para enterarte de m\u00e1s novedades, no dejes de leer\u00a0<\/i><a href=\"https:\/\/autofans.thebrandsoup.com\/\"><i>nuestras notas<\/i><\/a><i>, de ver<\/i><b><i>\u00a0<\/i><\/b><a href=\"https:\/\/www.youtube.com\/channel\/UCgAC8UGHZYbT6P7PpmVnP7g\"><b><i>AUTOFANS TV<\/i><\/b><\/a><b><i>\u00a0<\/i><\/b><i>en nuestro\u00a0canal de Youtube. Adem\u00e1s seguinos en\u00a0<\/i><a href=\"https:\/\/www.instagram.com\/autofanstv\/\"><i>INSTAGRAM<\/i><\/a><i> y <\/i><a href=\"https:\/\/www.facebook.com\/autofansmas\/\"><i>FACEBOOK<\/i><\/a><i> para no perderte nada sobre las novedades del segmento automotor de Argentina y el mundo.<\/i><\/p>\n","protected":false},"excerpt":{"rendered":"<p>Seg\u00fan el comunicado de prensa de BMW Group las aplicaciones \u201cMy BMW App\u201d y \u201cMINI&#8230;<\/p>\n","protected":false},"author":2,"featured_media":915,"comment_status":"closed","ping_status":"closed","sticky":false,"template":"","format":"standard","meta":{"footnotes":""},"categories":[218,16],"tags":[208,211,395,387,397,393,33,390,389,392,386,396,394,391,388,160,398],"class_list":["post-900","post","type-post","status-publish","format-standard","has-post-thumbnail","hentry","category-autotecno","category-noticias","tag-bmw","tag-tecnologia","tag-amazonalexa","tag-aplicaciones","tag-asistenciaenruta","tag-autonomia","tag-carga","tag-clientes","tag-digitalizacion","tag-mantenimiento","tag-min","tag-navegacion","tag-rutas","tag-servicios","tag-vehiculos","tag-vehiculoselectricos","tag-videosinstructivos"],"yoast_head":"<!-- This site is optimized with the Yoast SEO plugin v27.5 - https:\/\/yoast.com\/product\/yoast-seo-wordpress\/ -->\n<title>Las apps de BMW y MINI superan los 10 millones de usuarios activos -<\/title>\n<meta name=\"description\" content=\"Las aplicaciones de BMW y MINI superan los 10 millones de usuarios activos, seg\u00fan un comunicado de prensa de BMW Group...\" \/>\n<meta name=\"robots\" content=\"index, follow, max-snippet:-1, max-image-preview:large, max-video-preview:-1\" \/>\n<link rel=\"canonical\" href=\"https:\/\/autofans.com.ar\/index.php\/2023\/03\/17\/las-apps-de-bmw-y-mini-superan-los-10-millones-de-usuarios-activos\/\" \/>\n<meta property=\"og:locale\" content=\"es_ES\" \/>\n<meta property=\"og:type\" content=\"article\" \/>\n<meta property=\"og:title\" content=\"Las apps de BMW y MINI superan los 10 millones de usuarios activos -\" \/>\n<meta property=\"og:description\" content=\"Las aplicaciones de BMW y MINI superan los 10 millones de usuarios activos, seg\u00fan un comunicado de prensa de BMW Group...\" \/>\n<meta property=\"og:url\" content=\"https:\/\/autofans.com.ar\/index.php\/2023\/03\/17\/las-apps-de-bmw-y-mini-superan-los-10-millones-de-usuarios-activos\/\" \/>\n<meta property=\"article:published_time\" content=\"2023-03-17T23:51:21+00:00\" \/>\n<meta property=\"article:modified_time\" content=\"2023-03-17T23:53:01+00:00\" \/>\n<meta property=\"og:image\" content=\"https:\/\/autofans.com.ar\/wp-content\/uploads\/2023\/03\/foto-7-jpg.webp\" \/>\n\t<meta property=\"og:image:width\" content=\"1000\" \/>\n\t<meta property=\"og:image:height\" content=\"667\" \/>\n\t<meta property=\"og:image:type\" content=\"image\/jpeg\" \/>\n<meta name=\"author\" content=\"Alejandro Gabriel Rosito\" \/>\n<meta name=\"twitter:card\" content=\"summary_large_image\" \/>\n<meta name=\"twitter:label1\" content=\"Escrito por\" \/>\n\t<meta name=\"twitter:data1\" content=\"Alejandro Gabriel Rosito\" \/>\n\t<meta name=\"twitter:label2\" content=\"Tiempo de lectura\" \/>\n\t<meta name=\"twitter:data2\" content=\"2 minutos\" \/>\n<script type=\"application\/ld+json\" class=\"yoast-schema-graph\">{\"@context\":\"https:\\\/\\\/schema.org\",\"@graph\":[{\"@type\":\"Article\",\"@id\":\"https:\\\/\\\/autofans.com.ar\\\/index.php\\\/2023\\\/03\\\/17\\\/las-apps-de-bmw-y-mini-superan-los-10-millones-de-usuarios-activos\\\/#article\",\"isPartOf\":{\"@id\":\"https:\\\/\\\/autofans.com.ar\\\/index.php\\\/2023\\\/03\\\/17\\\/las-apps-de-bmw-y-mini-superan-los-10-millones-de-usuarios-activos\\\/\"},\"author\":{\"name\":\"Alejandro Gabriel Rosito\",\"@id\":\"https:\\\/\\\/autofans.com.ar\\\/#\\\/schema\\\/person\\\/4a8dda0b6df83ac3d6723e921274c2aa\"},\"headline\":\"Las apps de BMW y MINI superan los 10 millones de usuarios activos\",\"datePublished\":\"2023-03-17T23:51:21+00:00\",\"dateModified\":\"2023-03-17T23:53:01+00:00\",\"mainEntityOfPage\":{\"@id\":\"https:\\\/\\\/autofans.com.ar\\\/index.php\\\/2023\\\/03\\\/17\\\/las-apps-de-bmw-y-mini-superan-los-10-millones-de-usuarios-activos\\\/\"},\"wordCount\":392,\"image\":{\"@id\":\"https:\\\/\\\/autofans.com.ar\\\/index.php\\\/2023\\\/03\\\/17\\\/las-apps-de-bmw-y-mini-superan-los-10-millones-de-usuarios-activos\\\/#primaryimage\"},\"thumbnailUrl\":\"https:\\\/\\\/autofans.com.ar\\\/wp-content\\\/uploads\\\/2023\\\/03\\\/foto-7-jpg.webp\",\"keywords\":[\"#BMW\",\"#tecnolog\u00eda\",\"AmazonAlexa\",\"aplicaciones\",\"asistenciaenruta\",\"autonom\u00eda\",\"Carga\",\"clientes\",\"digitalizaci\u00f3n\",\"mantenimiento\",\"MIN\",\"navegaci\u00f3n\",\"rutas\",\"servicios\",\"veh\u00edculos\",\"vehiculoselectricos\",\"videosinstructivos\"],\"articleSection\":[\"AUTOTECNO\",\"NOTICIAS\"],\"inLanguage\":\"es\"},{\"@type\":\"WebPage\",\"@id\":\"https:\\\/\\\/autofans.com.ar\\\/index.php\\\/2023\\\/03\\\/17\\\/las-apps-de-bmw-y-mini-superan-los-10-millones-de-usuarios-activos\\\/\",\"url\":\"https:\\\/\\\/autofans.com.ar\\\/index.php\\\/2023\\\/03\\\/17\\\/las-apps-de-bmw-y-mini-superan-los-10-millones-de-usuarios-activos\\\/\",\"name\":\"Las apps de BMW y MINI superan los 10 millones de usuarios activos -\",\"isPartOf\":{\"@id\":\"https:\\\/\\\/autofans.com.ar\\\/#website\"},\"primaryImageOfPage\":{\"@id\":\"https:\\\/\\\/autofans.com.ar\\\/index.php\\\/2023\\\/03\\\/17\\\/las-apps-de-bmw-y-mini-superan-los-10-millones-de-usuarios-activos\\\/#primaryimage\"},\"image\":{\"@id\":\"https:\\\/\\\/autofans.com.ar\\\/index.php\\\/2023\\\/03\\\/17\\\/las-apps-de-bmw-y-mini-superan-los-10-millones-de-usuarios-activos\\\/#primaryimage\"},\"thumbnailUrl\":\"https:\\\/\\\/autofans.com.ar\\\/wp-content\\\/uploads\\\/2023\\\/03\\\/foto-7-jpg.webp\",\"datePublished\":\"2023-03-17T23:51:21+00:00\",\"dateModified\":\"2023-03-17T23:53:01+00:00\",\"author\":{\"@id\":\"https:\\\/\\\/autofans.com.ar\\\/#\\\/schema\\\/person\\\/4a8dda0b6df83ac3d6723e921274c2aa\"},\"description\":\"Las aplicaciones de BMW y MINI superan los 10 millones de usuarios activos, seg\u00fan un comunicado de prensa de BMW Group...\",\"breadcrumb\":{\"@id\":\"https:\\\/\\\/autofans.com.ar\\\/index.php\\\/2023\\\/03\\\/17\\\/las-apps-de-bmw-y-mini-superan-los-10-millones-de-usuarios-activos\\\/#breadcrumb\"},\"inLanguage\":\"es\",\"potentialAction\":[{\"@type\":\"ReadAction\",\"target\":[\"https:\\\/\\\/autofans.com.ar\\\/index.php\\\/2023\\\/03\\\/17\\\/las-apps-de-bmw-y-mini-superan-los-10-millones-de-usuarios-activos\\\/\"]}]},{\"@type\":\"ImageObject\",\"inLanguage\":\"es\",\"@id\":\"https:\\\/\\\/autofans.com.ar\\\/index.php\\\/2023\\\/03\\\/17\\\/las-apps-de-bmw-y-mini-superan-los-10-millones-de-usuarios-activos\\\/#primaryimage\",\"url\":\"https:\\\/\\\/autofans.com.ar\\\/wp-content\\\/uploads\\\/2023\\\/03\\\/foto-7-jpg.webp\",\"contentUrl\":\"https:\\\/\\\/autofans.com.ar\\\/wp-content\\\/uploads\\\/2023\\\/03\\\/foto-7-jpg.webp\",\"width\":1000,\"height\":667,\"caption\":\"app bmw mini\"},{\"@type\":\"BreadcrumbList\",\"@id\":\"https:\\\/\\\/autofans.com.ar\\\/index.php\\\/2023\\\/03\\\/17\\\/las-apps-de-bmw-y-mini-superan-los-10-millones-de-usuarios-activos\\\/#breadcrumb\",\"itemListElement\":[{\"@type\":\"ListItem\",\"position\":1,\"name\":\"Inicio\",\"item\":\"https:\\\/\\\/autofans.com.ar\\\/\"},{\"@type\":\"ListItem\",\"position\":2,\"name\":\"Las apps de BMW y MINI superan los 10 millones de usuarios activos\"}]},{\"@type\":\"WebSite\",\"@id\":\"https:\\\/\\\/autofans.com.ar\\\/#website\",\"url\":\"https:\\\/\\\/autofans.com.ar\\\/\",\"name\":\"\",\"description\":\"El multimedio referente de la industria automotriz\",\"potentialAction\":[{\"@type\":\"SearchAction\",\"target\":{\"@type\":\"EntryPoint\",\"urlTemplate\":\"https:\\\/\\\/autofans.com.ar\\\/?s={search_term_string}\"},\"query-input\":{\"@type\":\"PropertyValueSpecification\",\"valueRequired\":true,\"valueName\":\"search_term_string\"}}],\"inLanguage\":\"es\"},{\"@type\":\"Person\",\"@id\":\"https:\\\/\\\/autofans.com.ar\\\/#\\\/schema\\\/person\\\/4a8dda0b6df83ac3d6723e921274c2aa\",\"name\":\"Alejandro Gabriel Rosito\",\"image\":{\"@type\":\"ImageObject\",\"inLanguage\":\"es\",\"@id\":\"https:\\\/\\\/secure.gravatar.com\\\/avatar\\\/16c5dda1489adfc62618084dcbb91cffd879c374b13fe5dd8e44ed6733852c88?s=96&d=mm&r=g\",\"url\":\"https:\\\/\\\/secure.gravatar.com\\\/avatar\\\/16c5dda1489adfc62618084dcbb91cffd879c374b13fe5dd8e44ed6733852c88?s=96&d=mm&r=g\",\"contentUrl\":\"https:\\\/\\\/secure.gravatar.com\\\/avatar\\\/16c5dda1489adfc62618084dcbb91cffd879c374b13fe5dd8e44ed6733852c88?s=96&d=mm&r=g\",\"caption\":\"Alejandro Gabriel Rosito\"},\"url\":\"https:\\\/\\\/autofans.com.ar\\\/index.php\\\/author\\\/gabrielr\\\/\"}]}<\/script>\n<!-- \/ Yoast SEO plugin. -->","yoast_head_json":{"title":"Las apps de BMW y MINI superan los 10 millones de usuarios activos -","description":"Las aplicaciones de BMW y MINI superan los 10 millones de usuarios activos, seg\u00fan un comunicado de prensa de BMW Group...","robots":{"index":"index","follow":"follow","max-snippet":"max-snippet:-1","max-image-preview":"max-image-preview:large","max-video-preview":"max-video-preview:-1"},"canonical":"https:\/\/autofans.com.ar\/index.php\/2023\/03\/17\/las-apps-de-bmw-y-mini-superan-los-10-millones-de-usuarios-activos\/","og_locale":"es_ES","og_type":"article","og_title":"Las apps de BMW y MINI superan los 10 millones de usuarios activos -","og_description":"Las aplicaciones de BMW y MINI superan los 10 millones de usuarios activos, seg\u00fan un comunicado de prensa de BMW Group...","og_url":"https:\/\/autofans.com.ar\/index.php\/2023\/03\/17\/las-apps-de-bmw-y-mini-superan-los-10-millones-de-usuarios-activos\/","article_published_time":"2023-03-17T23:51:21+00:00","article_modified_time":"2023-03-17T23:53:01+00:00","og_image":[{"width":1000,"height":667,"url":"https:\/\/autofans.com.ar\/wp-content\/uploads\/2023\/03\/foto-7-jpg.webp","type":"image\/jpeg"}],"author":"Alejandro Gabriel Rosito","twitter_card":"summary_large_image","twitter_misc":{"Escrito por":"Alejandro Gabriel Rosito","Tiempo de lectura":"2 minutos"},"schema":{"@context":"https:\/\/schema.org","@graph":[{"@type":"Article","@id":"https:\/\/autofans.com.ar\/index.php\/2023\/03\/17\/las-apps-de-bmw-y-mini-superan-los-10-millones-de-usuarios-activos\/#article","isPartOf":{"@id":"https:\/\/autofans.com.ar\/index.php\/2023\/03\/17\/las-apps-de-bmw-y-mini-superan-los-10-millones-de-usuarios-activos\/"},"author":{"name":"Alejandro Gabriel Rosito","@id":"https:\/\/autofans.com.ar\/#\/schema\/person\/4a8dda0b6df83ac3d6723e921274c2aa"},"headline":"Las apps de BMW y MINI superan los 10 millones de usuarios activos","datePublished":"2023-03-17T23:51:21+00:00","dateModified":"2023-03-17T23:53:01+00:00","mainEntityOfPage":{"@id":"https:\/\/autofans.com.ar\/index.php\/2023\/03\/17\/las-apps-de-bmw-y-mini-superan-los-10-millones-de-usuarios-activos\/"},"wordCount":392,"image":{"@id":"https:\/\/autofans.com.ar\/index.php\/2023\/03\/17\/las-apps-de-bmw-y-mini-superan-los-10-millones-de-usuarios-activos\/#primaryimage"},"thumbnailUrl":"https:\/\/autofans.com.ar\/wp-content\/uploads\/2023\/03\/foto-7-jpg.webp","keywords":["#BMW","#tecnolog\u00eda","AmazonAlexa","aplicaciones","asistenciaenruta","autonom\u00eda","Carga","clientes","digitalizaci\u00f3n","mantenimiento","MIN","navegaci\u00f3n","rutas","servicios","veh\u00edculos","vehiculoselectricos","videosinstructivos"],"articleSection":["AUTOTECNO","NOTICIAS"],"inLanguage":"es"},{"@type":"WebPage","@id":"https:\/\/autofans.com.ar\/index.php\/2023\/03\/17\/las-apps-de-bmw-y-mini-superan-los-10-millones-de-usuarios-activos\/","url":"https:\/\/autofans.com.ar\/index.php\/2023\/03\/17\/las-apps-de-bmw-y-mini-superan-los-10-millones-de-usuarios-activos\/","name":"Las apps de BMW y MINI superan los 10 millones de usuarios activos -","isPartOf":{"@id":"https:\/\/autofans.com.ar\/#website"},"primaryImageOfPage":{"@id":"https:\/\/autofans.com.ar\/index.php\/2023\/03\/17\/las-apps-de-bmw-y-mini-superan-los-10-millones-de-usuarios-activos\/#primaryimage"},"image":{"@id":"https:\/\/autofans.com.ar\/index.php\/2023\/03\/17\/las-apps-de-bmw-y-mini-superan-los-10-millones-de-usuarios-activos\/#primaryimage"},"thumbnailUrl":"https:\/\/autofans.com.ar\/wp-content\/uploads\/2023\/03\/foto-7-jpg.webp","datePublished":"2023-03-17T23:51:21+00:00","dateModified":"2023-03-17T23:53:01+00:00","author":{"@id":"https:\/\/autofans.com.ar\/#\/schema\/person\/4a8dda0b6df83ac3d6723e921274c2aa"},"description":"Las aplicaciones de BMW y MINI superan los 10 millones de usuarios activos, seg\u00fan un comunicado de prensa de BMW Group...","breadcrumb":{"@id":"https:\/\/autofans.com.ar\/index.php\/2023\/03\/17\/las-apps-de-bmw-y-mini-superan-los-10-millones-de-usuarios-activos\/#breadcrumb"},"inLanguage":"es","potentialAction":[{"@type":"ReadAction","target":["https:\/\/autofans.com.ar\/index.php\/2023\/03\/17\/las-apps-de-bmw-y-mini-superan-los-10-millones-de-usuarios-activos\/"]}]},{"@type":"ImageObject","inLanguage":"es","@id":"https:\/\/autofans.com.ar\/index.php\/2023\/03\/17\/las-apps-de-bmw-y-mini-superan-los-10-millones-de-usuarios-activos\/#primaryimage","url":"https:\/\/autofans.com.ar\/wp-content\/uploads\/2023\/03\/foto-7-jpg.webp","contentUrl":"https:\/\/autofans.com.ar\/wp-content\/uploads\/2023\/03\/foto-7-jpg.webp","width":1000,"height":667,"caption":"app bmw mini"},{"@type":"BreadcrumbList","@id":"https:\/\/autofans.com.ar\/index.php\/2023\/03\/17\/las-apps-de-bmw-y-mini-superan-los-10-millones-de-usuarios-activos\/#breadcrumb","itemListElement":[{"@type":"ListItem","position":1,"name":"Inicio","item":"https:\/\/autofans.com.ar\/"},{"@type":"ListItem","position":2,"name":"Las apps de BMW y MINI superan los 10 millones de usuarios activos"}]},{"@type":"WebSite","@id":"https:\/\/autofans.com.ar\/#website","url":"https:\/\/autofans.com.ar\/","name":"","description":"El multimedio referente de la industria automotriz","potentialAction":[{"@type":"SearchAction","target":{"@type":"EntryPoint","urlTemplate":"https:\/\/autofans.com.ar\/?s={search_term_string}"},"query-input":{"@type":"PropertyValueSpecification","valueRequired":true,"valueName":"search_term_string"}}],"inLanguage":"es"},{"@type":"Person","@id":"https:\/\/autofans.com.ar\/#\/schema\/person\/4a8dda0b6df83ac3d6723e921274c2aa","name":"Alejandro Gabriel Rosito","image":{"@type":"ImageObject","inLanguage":"es","@id":"https:\/\/secure.gravatar.com\/avatar\/16c5dda1489adfc62618084dcbb91cffd879c374b13fe5dd8e44ed6733852c88?s=96&d=mm&r=g","url":"https:\/\/secure.gravatar.com\/avatar\/16c5dda1489adfc62618084dcbb91cffd879c374b13fe5dd8e44ed6733852c88?s=96&d=mm&r=g","contentUrl":"https:\/\/secure.gravatar.com\/avatar\/16c5dda1489adfc62618084dcbb91cffd879c374b13fe5dd8e44ed6733852c88?s=96&d=mm&r=g","caption":"Alejandro Gabriel Rosito"},"url":"https:\/\/autofans.com.ar\/index.php\/author\/gabrielr\/"}]}},"featured_image_urls":{"full":["https:\/\/autofans.com.ar\/wp-content\/uploads\/2023\/03\/foto-7-jpg.webp",1000,667,false],"thumbnail":["https:\/\/autofans.com.ar\/wp-content\/uploads\/2023\/03\/foto-7-150x150.webp",150,150,true],"medium":["https:\/\/autofans.com.ar\/wp-content\/uploads\/2023\/03\/foto-7-300x200.webp",300,200,true],"medium_large":["https:\/\/autofans.com.ar\/wp-content\/uploads\/2023\/03\/foto-7-768x512.webp",640,427,true],"large":["https:\/\/autofans.com.ar\/wp-content\/uploads\/2023\/03\/foto-7-jpg.webp",640,427,false],"1536x1536":["https:\/\/autofans.com.ar\/wp-content\/uploads\/2023\/03\/foto-7-jpg.webp",1000,667,false],"2048x2048":["https:\/\/autofans.com.ar\/wp-content\/uploads\/2023\/03\/foto-7-jpg.webp",1000,667,false],"covernews-featured":["https:\/\/autofans.com.ar\/wp-content\/uploads\/2023\/03\/foto-7-jpg.webp",1000,667,false],"covernews-medium":["https:\/\/autofans.com.ar\/wp-content\/uploads\/2023\/03\/foto-7-540x340.webp",540,340,true]},"author_info":{"display_name":"Alejandro Gabriel Rosito","author_link":"https:\/\/autofans.com.ar\/index.php\/author\/gabrielr\/"},"category_info":"<a href=\"https:\/\/autofans.com.ar\/index.php\/category\/noticias\/autotecno\/\" rel=\"category tag\">AUTOTECNO<\/a> <a href=\"https:\/\/autofans.com.ar\/index.php\/category\/noticias\/\" rel=\"category tag\">NOTICIAS<\/a>","tag_info":"NOTICIAS","comment_count":0,"_links":{"self":[{"href":"https:\/\/autofans.com.ar\/index.php\/wp-json\/wp\/v2\/posts\/900","targetHints":{"allow":["GET"]}}],"collection":[{"href":"https:\/\/autofans.com.ar\/index.php\/wp-json\/wp\/v2\/posts"}],"about":[{"href":"https:\/\/autofans.com.ar\/index.php\/wp-json\/wp\/v2\/types\/post"}],"author":[{"embeddable":true,"href":"https:\/\/autofans.com.ar\/index.php\/wp-json\/wp\/v2\/users\/2"}],"replies":[{"embeddable":true,"href":"https:\/\/autofans.com.ar\/index.php\/wp-json\/wp\/v2\/comments?post=900"}],"version-history":[{"count":13,"href":"https:\/\/autofans.com.ar\/index.php\/wp-json\/wp\/v2\/posts\/900\/revisions"}],"predecessor-version":[{"id":923,"href":"https:\/\/autofans.com.ar\/index.php\/wp-json\/wp\/v2\/posts\/900\/revisions\/923"}],"wp:featuredmedia":[{"embeddable":true,"href":"https:\/\/autofans.com.ar\/index.php\/wp-json\/wp\/v2\/media\/915"}],"wp:attachment":[{"href":"https:\/\/autofans.com.ar\/index.php\/wp-json\/wp\/v2\/media?parent=900"}],"wp:term":[{"taxonomy":"category","embeddable":true,"href":"https:\/\/autofans.com.ar\/index.php\/wp-json\/wp\/v2\/categories?post=900"},{"taxonomy":"post_tag","embeddable":true,"href":"https:\/\/autofans.com.ar\/index.php\/wp-json\/wp\/v2\/tags?post=900"}],"curies":[{"name":"wp","href":"https:\/\/api.w.org\/{rel}","templated":true}]}}