{"id":9005,"date":"2024-09-13T17:44:13","date_gmt":"2024-09-13T20:44:13","guid":{"rendered":"https:\/\/autofans.com.ar\/?p=9005"},"modified":"2024-09-13T17:44:13","modified_gmt":"2024-09-13T20:44:13","slug":"volkswagen-presenta-su-nuevo-suv-en-rock-in-rio","status":"publish","type":"post","link":"https:\/\/autofans.com.ar\/index.php\/2024\/09\/13\/volkswagen-presenta-su-nuevo-suv-en-rock-in-rio\/","title":{"rendered":"Volkswagen presenta su nuevo SUV en Rock in Rio"},"content":{"rendered":"<p>Volkswagen do Brasil, patrocinador oficial de Rock in Rio, ha elegido este ic\u00f3nico festival para presentar lo que promete ser su nuevo \u00edcono pop. Se trata de un SUV completamente innovador, dise\u00f1ado para abrir un segmento in\u00e9dito dentro de la marca, sum\u00e1ndose a la reconocida Familia SUVW, que incluye al Nuevo T-Cross, Nivus, Taos y Tiguan.<\/p>\n<p>&nbsp;<\/p>\n<h2>Un avance tecnol\u00f3gico \u00fanico<\/h2>\n<p>La presentaci\u00f3n del SUV ha sido acompa\u00f1ada de un impactante teaser. El veh\u00edculo, protegido por un camuflaje especial y rodeado por una c\u00fapula de cristal LED, desvela sutilmente algunos de sus detalles, como la firma de los faros, las luces traseras y la silueta lateral. A trav\u00e9s de efectos hologr\u00e1ficos, la marca busca generar expectativa, revelando el modelo de manera gradual hasta su lanzamiento oficial.<\/p>\n<p>&nbsp;<\/p>\n<p><img fetchpriority=\"high\" decoding=\"async\" class=\"aligncenter wp-image-9006 size-full\" src=\"https:\/\/autofans.com.ar\/wp-content\/uploads\/2024\/09\/volkswagen-2.jpg\" alt=\"Volkswagen\" width=\"1000\" height=\"667\" srcset=\"https:\/\/autofans.com.ar\/wp-content\/uploads\/2024\/09\/volkswagen-2.jpg 1000w, https:\/\/autofans.com.ar\/wp-content\/uploads\/2024\/09\/volkswagen-2-300x200.jpg 300w, https:\/\/autofans.com.ar\/wp-content\/uploads\/2024\/09\/volkswagen-2-768x512.jpg 768w\" sizes=\"(max-width: 1000px) 100vw, 1000px\" \/><\/p>\n<p>&nbsp;<\/p>\n<h2>Volkswagen &#8211; interacci\u00f3n en el festival<\/h2>\n<p>El nuevo SUVW es la estrella del stand de Volkswagen en Rock in Rio. Rodeado por cristales LED, el p\u00fablico puede observar parte de su dise\u00f1o. Adem\u00e1s, los visitantes podr\u00e1n participar en una divertida actividad interactiva, donde se les invita a adivinar el nombre del veh\u00edculo en una pantalla t\u00e1ctil, con la \u00fanica condici\u00f3n de que las sugerencias incorrectas son las \u00fanicas permitidas.<\/p>\n<p>&nbsp;<\/p>\n<p>Volkswagen tambi\u00e9n lanz\u00f3 una campa\u00f1a en redes sociales para que sus seguidores propongan nombres creativos para el nuevo SUVW. Con la ayuda de la inteligencia artificial, algunas de las sugerencias m\u00e1s improbables ser\u00e1n transformadas en animaciones y publicadas etiquetando a sus autores. Para participar, solo hace falta seguir las cuentas de Volkswagen en Instagram y Facebook, y comentar con un nombre de hasta cinco letras.<\/p>\n<p>&nbsp;<\/p>\n<p>&nbsp;<\/p>\n<p><i>Para enterarte de m\u00e1s novedades, no dejes de leer\u00a0<\/i><a href=\"https:\/\/autofans.thebrandsoup.com\/\"><i>nuestras notas<\/i><\/a><i>, de ver<\/i><b><i>\u00a0<\/i><\/b><a href=\"https:\/\/www.youtube.com\/channel\/UCgAC8UGHZYbT6P7PpmVnP7g\"><b><i>AUTOFANS TV<\/i><\/b><\/a><b><i>\u00a0<\/i><\/b><i>en nuestro\u00a0canal de Youtube. Adem\u00e1s seguinos en\u00a0<\/i><a href=\"https:\/\/www.instagram.com\/autofanstv\/\"><i>INSTAGRAM<\/i><\/a><i> y <\/i><a href=\"https:\/\/www.facebook.com\/autofansmas\/\"><i>FACEBOOK<\/i><\/a><i> para no perderte nada sobre las novedades del segmento automotor de Argentina y el mundo.<\/i><\/p>\n","protected":false},"excerpt":{"rendered":"<p>Volkswagen do Brasil, patrocinador oficial de Rock in Rio, ha elegido este ic\u00f3nico festival para&#8230;<\/p>\n","protected":false},"author":2,"featured_media":9007,"comment_status":"closed","ping_status":"closed","sticky":false,"template":"","format":"standard","meta":{"footnotes":""},"categories":[8,1],"tags":[4816,4817,4813,4814,4815,4812],"class_list":["post-9005","post","type-post","status-publish","format-standard","has-post-thumbnail","hentry","category-autos-y-suv","category-lanzamientos","tag-campana-vw-ia","tag-nombre-suv-vw","tag-nuevo-suv-volkswagen","tag-suv-volkswagen-rock-in-rio","tag-tecnologia-led-suv","tag-volkswagen-suvw"],"yoast_head":"<!-- This site is optimized with the Yoast SEO plugin v27.5 - https:\/\/yoast.com\/product\/yoast-seo-wordpress\/ -->\n<title>Volkswagen presenta su nuevo SUV en Rock in Rio -<\/title>\n<meta name=\"description\" content=\"Volkswagen do Brasil, patrocinador oficial de Rock in Rio, ha elegido este ic\u00f3nico festival para presentar lo que promete ser su nuevo \u00edcono.\" \/>\n<meta name=\"robots\" content=\"index, follow, max-snippet:-1, max-image-preview:large, max-video-preview:-1\" \/>\n<link rel=\"canonical\" href=\"https:\/\/autofans.com.ar\/index.php\/2024\/09\/13\/volkswagen-presenta-su-nuevo-suv-en-rock-in-rio\/\" \/>\n<meta property=\"og:locale\" content=\"es_ES\" \/>\n<meta property=\"og:type\" content=\"article\" \/>\n<meta property=\"og:title\" content=\"Volkswagen presenta su nuevo SUV en Rock in Rio -\" \/>\n<meta property=\"og:description\" content=\"Volkswagen do Brasil, patrocinador oficial de Rock in Rio, ha elegido este ic\u00f3nico festival para presentar lo que promete ser su nuevo \u00edcono.\" \/>\n<meta property=\"og:url\" content=\"https:\/\/autofans.com.ar\/index.php\/2024\/09\/13\/volkswagen-presenta-su-nuevo-suv-en-rock-in-rio\/\" \/>\n<meta property=\"article:published_time\" content=\"2024-09-13T20:44:13+00:00\" \/>\n<meta property=\"og:image\" content=\"https:\/\/autofans.com.ar\/wp-content\/uploads\/2024\/09\/volkswagen-1.jpg\" \/>\n\t<meta property=\"og:image:width\" content=\"640\" \/>\n\t<meta property=\"og:image:height\" content=\"427\" \/>\n\t<meta property=\"og:image:type\" content=\"image\/jpeg\" \/>\n<meta name=\"author\" content=\"Alejandro Gabriel Rosito\" \/>\n<meta name=\"twitter:card\" content=\"summary_large_image\" \/>\n<meta name=\"twitter:label1\" content=\"Escrito por\" \/>\n\t<meta name=\"twitter:data1\" content=\"Alejandro Gabriel Rosito\" \/>\n\t<meta name=\"twitter:label2\" content=\"Tiempo de lectura\" \/>\n\t<meta name=\"twitter:data2\" content=\"2 minutos\" \/>\n<script type=\"application\/ld+json\" class=\"yoast-schema-graph\">{\"@context\":\"https:\\\/\\\/schema.org\",\"@graph\":[{\"@type\":\"Article\",\"@id\":\"https:\\\/\\\/autofans.com.ar\\\/index.php\\\/2024\\\/09\\\/13\\\/volkswagen-presenta-su-nuevo-suv-en-rock-in-rio\\\/#article\",\"isPartOf\":{\"@id\":\"https:\\\/\\\/autofans.com.ar\\\/index.php\\\/2024\\\/09\\\/13\\\/volkswagen-presenta-su-nuevo-suv-en-rock-in-rio\\\/\"},\"author\":{\"name\":\"Alejandro Gabriel Rosito\",\"@id\":\"https:\\\/\\\/autofans.com.ar\\\/#\\\/schema\\\/person\\\/4a8dda0b6df83ac3d6723e921274c2aa\"},\"headline\":\"Volkswagen presenta su nuevo SUV en Rock in Rio\",\"datePublished\":\"2024-09-13T20:44:13+00:00\",\"mainEntityOfPage\":{\"@id\":\"https:\\\/\\\/autofans.com.ar\\\/index.php\\\/2024\\\/09\\\/13\\\/volkswagen-presenta-su-nuevo-suv-en-rock-in-rio\\\/\"},\"wordCount\":340,\"image\":{\"@id\":\"https:\\\/\\\/autofans.com.ar\\\/index.php\\\/2024\\\/09\\\/13\\\/volkswagen-presenta-su-nuevo-suv-en-rock-in-rio\\\/#primaryimage\"},\"thumbnailUrl\":\"https:\\\/\\\/autofans.com.ar\\\/wp-content\\\/uploads\\\/2024\\\/09\\\/volkswagen-1.jpg\",\"keywords\":[\"campa\u00f1a VW IA\",\"nombre SUV VW\",\"nuevo SUV Volkswagen\",\"SUV Volkswagen Rock in Rio\",\"tecnolog\u00eda LED SUV\",\"Volkswagen SUVW\"],\"articleSection\":[\"Autos y SUV\",\"LANZAMIENTOS\"],\"inLanguage\":\"es\"},{\"@type\":\"WebPage\",\"@id\":\"https:\\\/\\\/autofans.com.ar\\\/index.php\\\/2024\\\/09\\\/13\\\/volkswagen-presenta-su-nuevo-suv-en-rock-in-rio\\\/\",\"url\":\"https:\\\/\\\/autofans.com.ar\\\/index.php\\\/2024\\\/09\\\/13\\\/volkswagen-presenta-su-nuevo-suv-en-rock-in-rio\\\/\",\"name\":\"Volkswagen presenta su nuevo SUV en Rock in Rio -\",\"isPartOf\":{\"@id\":\"https:\\\/\\\/autofans.com.ar\\\/#website\"},\"primaryImageOfPage\":{\"@id\":\"https:\\\/\\\/autofans.com.ar\\\/index.php\\\/2024\\\/09\\\/13\\\/volkswagen-presenta-su-nuevo-suv-en-rock-in-rio\\\/#primaryimage\"},\"image\":{\"@id\":\"https:\\\/\\\/autofans.com.ar\\\/index.php\\\/2024\\\/09\\\/13\\\/volkswagen-presenta-su-nuevo-suv-en-rock-in-rio\\\/#primaryimage\"},\"thumbnailUrl\":\"https:\\\/\\\/autofans.com.ar\\\/wp-content\\\/uploads\\\/2024\\\/09\\\/volkswagen-1.jpg\",\"datePublished\":\"2024-09-13T20:44:13+00:00\",\"author\":{\"@id\":\"https:\\\/\\\/autofans.com.ar\\\/#\\\/schema\\\/person\\\/4a8dda0b6df83ac3d6723e921274c2aa\"},\"description\":\"Volkswagen do Brasil, patrocinador oficial de Rock in Rio, ha elegido este ic\u00f3nico festival para presentar lo que promete ser su nuevo \u00edcono.\",\"breadcrumb\":{\"@id\":\"https:\\\/\\\/autofans.com.ar\\\/index.php\\\/2024\\\/09\\\/13\\\/volkswagen-presenta-su-nuevo-suv-en-rock-in-rio\\\/#breadcrumb\"},\"inLanguage\":\"es\",\"potentialAction\":[{\"@type\":\"ReadAction\",\"target\":[\"https:\\\/\\\/autofans.com.ar\\\/index.php\\\/2024\\\/09\\\/13\\\/volkswagen-presenta-su-nuevo-suv-en-rock-in-rio\\\/\"]}]},{\"@type\":\"ImageObject\",\"inLanguage\":\"es\",\"@id\":\"https:\\\/\\\/autofans.com.ar\\\/index.php\\\/2024\\\/09\\\/13\\\/volkswagen-presenta-su-nuevo-suv-en-rock-in-rio\\\/#primaryimage\",\"url\":\"https:\\\/\\\/autofans.com.ar\\\/wp-content\\\/uploads\\\/2024\\\/09\\\/volkswagen-1.jpg\",\"contentUrl\":\"https:\\\/\\\/autofans.com.ar\\\/wp-content\\\/uploads\\\/2024\\\/09\\\/volkswagen-1.jpg\",\"width\":1000,\"height\":667},{\"@type\":\"BreadcrumbList\",\"@id\":\"https:\\\/\\\/autofans.com.ar\\\/index.php\\\/2024\\\/09\\\/13\\\/volkswagen-presenta-su-nuevo-suv-en-rock-in-rio\\\/#breadcrumb\",\"itemListElement\":[{\"@type\":\"ListItem\",\"position\":1,\"name\":\"Inicio\",\"item\":\"https:\\\/\\\/autofans.com.ar\\\/\"},{\"@type\":\"ListItem\",\"position\":2,\"name\":\"Volkswagen presenta su nuevo SUV en Rock in Rio\"}]},{\"@type\":\"WebSite\",\"@id\":\"https:\\\/\\\/autofans.com.ar\\\/#website\",\"url\":\"https:\\\/\\\/autofans.com.ar\\\/\",\"name\":\"\",\"description\":\"El multimedio referente de la industria automotriz\",\"potentialAction\":[{\"@type\":\"SearchAction\",\"target\":{\"@type\":\"EntryPoint\",\"urlTemplate\":\"https:\\\/\\\/autofans.com.ar\\\/?s={search_term_string}\"},\"query-input\":{\"@type\":\"PropertyValueSpecification\",\"valueRequired\":true,\"valueName\":\"search_term_string\"}}],\"inLanguage\":\"es\"},{\"@type\":\"Person\",\"@id\":\"https:\\\/\\\/autofans.com.ar\\\/#\\\/schema\\\/person\\\/4a8dda0b6df83ac3d6723e921274c2aa\",\"name\":\"Alejandro Gabriel Rosito\",\"image\":{\"@type\":\"ImageObject\",\"inLanguage\":\"es\",\"@id\":\"https:\\\/\\\/secure.gravatar.com\\\/avatar\\\/16c5dda1489adfc62618084dcbb91cffd879c374b13fe5dd8e44ed6733852c88?s=96&d=mm&r=g\",\"url\":\"https:\\\/\\\/secure.gravatar.com\\\/avatar\\\/16c5dda1489adfc62618084dcbb91cffd879c374b13fe5dd8e44ed6733852c88?s=96&d=mm&r=g\",\"contentUrl\":\"https:\\\/\\\/secure.gravatar.com\\\/avatar\\\/16c5dda1489adfc62618084dcbb91cffd879c374b13fe5dd8e44ed6733852c88?s=96&d=mm&r=g\",\"caption\":\"Alejandro Gabriel Rosito\"},\"url\":\"https:\\\/\\\/autofans.com.ar\\\/index.php\\\/author\\\/gabrielr\\\/\"}]}<\/script>\n<!-- \/ Yoast SEO plugin. -->","yoast_head_json":{"title":"Volkswagen presenta su nuevo SUV en Rock in Rio -","description":"Volkswagen do Brasil, patrocinador oficial de Rock in Rio, ha elegido este ic\u00f3nico festival para presentar lo que promete ser su nuevo \u00edcono.","robots":{"index":"index","follow":"follow","max-snippet":"max-snippet:-1","max-image-preview":"max-image-preview:large","max-video-preview":"max-video-preview:-1"},"canonical":"https:\/\/autofans.com.ar\/index.php\/2024\/09\/13\/volkswagen-presenta-su-nuevo-suv-en-rock-in-rio\/","og_locale":"es_ES","og_type":"article","og_title":"Volkswagen presenta su nuevo SUV en Rock in Rio -","og_description":"Volkswagen do Brasil, patrocinador oficial de Rock in Rio, ha elegido este ic\u00f3nico festival para presentar lo que promete ser su nuevo \u00edcono.","og_url":"https:\/\/autofans.com.ar\/index.php\/2024\/09\/13\/volkswagen-presenta-su-nuevo-suv-en-rock-in-rio\/","article_published_time":"2024-09-13T20:44:13+00:00","og_image":[{"url":"https:\/\/autofans.com.ar\/wp-content\/uploads\/2024\/09\/volkswagen-1.jpg","width":640,"height":427,"type":"image\/jpeg"}],"author":"Alejandro Gabriel Rosito","twitter_card":"summary_large_image","twitter_misc":{"Escrito por":"Alejandro Gabriel Rosito","Tiempo de lectura":"2 minutos"},"schema":{"@context":"https:\/\/schema.org","@graph":[{"@type":"Article","@id":"https:\/\/autofans.com.ar\/index.php\/2024\/09\/13\/volkswagen-presenta-su-nuevo-suv-en-rock-in-rio\/#article","isPartOf":{"@id":"https:\/\/autofans.com.ar\/index.php\/2024\/09\/13\/volkswagen-presenta-su-nuevo-suv-en-rock-in-rio\/"},"author":{"name":"Alejandro Gabriel Rosito","@id":"https:\/\/autofans.com.ar\/#\/schema\/person\/4a8dda0b6df83ac3d6723e921274c2aa"},"headline":"Volkswagen presenta su nuevo SUV en Rock in Rio","datePublished":"2024-09-13T20:44:13+00:00","mainEntityOfPage":{"@id":"https:\/\/autofans.com.ar\/index.php\/2024\/09\/13\/volkswagen-presenta-su-nuevo-suv-en-rock-in-rio\/"},"wordCount":340,"image":{"@id":"https:\/\/autofans.com.ar\/index.php\/2024\/09\/13\/volkswagen-presenta-su-nuevo-suv-en-rock-in-rio\/#primaryimage"},"thumbnailUrl":"https:\/\/autofans.com.ar\/wp-content\/uploads\/2024\/09\/volkswagen-1.jpg","keywords":["campa\u00f1a VW IA","nombre SUV VW","nuevo SUV Volkswagen","SUV Volkswagen Rock in Rio","tecnolog\u00eda LED SUV","Volkswagen SUVW"],"articleSection":["Autos y SUV","LANZAMIENTOS"],"inLanguage":"es"},{"@type":"WebPage","@id":"https:\/\/autofans.com.ar\/index.php\/2024\/09\/13\/volkswagen-presenta-su-nuevo-suv-en-rock-in-rio\/","url":"https:\/\/autofans.com.ar\/index.php\/2024\/09\/13\/volkswagen-presenta-su-nuevo-suv-en-rock-in-rio\/","name":"Volkswagen presenta su nuevo SUV en Rock in Rio -","isPartOf":{"@id":"https:\/\/autofans.com.ar\/#website"},"primaryImageOfPage":{"@id":"https:\/\/autofans.com.ar\/index.php\/2024\/09\/13\/volkswagen-presenta-su-nuevo-suv-en-rock-in-rio\/#primaryimage"},"image":{"@id":"https:\/\/autofans.com.ar\/index.php\/2024\/09\/13\/volkswagen-presenta-su-nuevo-suv-en-rock-in-rio\/#primaryimage"},"thumbnailUrl":"https:\/\/autofans.com.ar\/wp-content\/uploads\/2024\/09\/volkswagen-1.jpg","datePublished":"2024-09-13T20:44:13+00:00","author":{"@id":"https:\/\/autofans.com.ar\/#\/schema\/person\/4a8dda0b6df83ac3d6723e921274c2aa"},"description":"Volkswagen do Brasil, patrocinador oficial de Rock in Rio, ha elegido este ic\u00f3nico festival para presentar lo que promete ser su nuevo \u00edcono.","breadcrumb":{"@id":"https:\/\/autofans.com.ar\/index.php\/2024\/09\/13\/volkswagen-presenta-su-nuevo-suv-en-rock-in-rio\/#breadcrumb"},"inLanguage":"es","potentialAction":[{"@type":"ReadAction","target":["https:\/\/autofans.com.ar\/index.php\/2024\/09\/13\/volkswagen-presenta-su-nuevo-suv-en-rock-in-rio\/"]}]},{"@type":"ImageObject","inLanguage":"es","@id":"https:\/\/autofans.com.ar\/index.php\/2024\/09\/13\/volkswagen-presenta-su-nuevo-suv-en-rock-in-rio\/#primaryimage","url":"https:\/\/autofans.com.ar\/wp-content\/uploads\/2024\/09\/volkswagen-1.jpg","contentUrl":"https:\/\/autofans.com.ar\/wp-content\/uploads\/2024\/09\/volkswagen-1.jpg","width":1000,"height":667},{"@type":"BreadcrumbList","@id":"https:\/\/autofans.com.ar\/index.php\/2024\/09\/13\/volkswagen-presenta-su-nuevo-suv-en-rock-in-rio\/#breadcrumb","itemListElement":[{"@type":"ListItem","position":1,"name":"Inicio","item":"https:\/\/autofans.com.ar\/"},{"@type":"ListItem","position":2,"name":"Volkswagen presenta su nuevo SUV en Rock in Rio"}]},{"@type":"WebSite","@id":"https:\/\/autofans.com.ar\/#website","url":"https:\/\/autofans.com.ar\/","name":"","description":"El multimedio referente de la industria automotriz","potentialAction":[{"@type":"SearchAction","target":{"@type":"EntryPoint","urlTemplate":"https:\/\/autofans.com.ar\/?s={search_term_string}"},"query-input":{"@type":"PropertyValueSpecification","valueRequired":true,"valueName":"search_term_string"}}],"inLanguage":"es"},{"@type":"Person","@id":"https:\/\/autofans.com.ar\/#\/schema\/person\/4a8dda0b6df83ac3d6723e921274c2aa","name":"Alejandro Gabriel Rosito","image":{"@type":"ImageObject","inLanguage":"es","@id":"https:\/\/secure.gravatar.com\/avatar\/16c5dda1489adfc62618084dcbb91cffd879c374b13fe5dd8e44ed6733852c88?s=96&d=mm&r=g","url":"https:\/\/secure.gravatar.com\/avatar\/16c5dda1489adfc62618084dcbb91cffd879c374b13fe5dd8e44ed6733852c88?s=96&d=mm&r=g","contentUrl":"https:\/\/secure.gravatar.com\/avatar\/16c5dda1489adfc62618084dcbb91cffd879c374b13fe5dd8e44ed6733852c88?s=96&d=mm&r=g","caption":"Alejandro Gabriel Rosito"},"url":"https:\/\/autofans.com.ar\/index.php\/author\/gabrielr\/"}]}},"featured_image_urls":{"full":["https:\/\/autofans.com.ar\/wp-content\/uploads\/2024\/09\/volkswagen-1.jpg",1000,667,false],"thumbnail":["https:\/\/autofans.com.ar\/wp-content\/uploads\/2024\/09\/volkswagen-1-150x150.jpg",150,150,true],"medium":["https:\/\/autofans.com.ar\/wp-content\/uploads\/2024\/09\/volkswagen-1-300x200.jpg",300,200,true],"medium_large":["https:\/\/autofans.com.ar\/wp-content\/uploads\/2024\/09\/volkswagen-1-768x512.jpg",640,427,true],"large":["https:\/\/autofans.com.ar\/wp-content\/uploads\/2024\/09\/volkswagen-1.jpg",640,427,false],"1536x1536":["https:\/\/autofans.com.ar\/wp-content\/uploads\/2024\/09\/volkswagen-1.jpg",1000,667,false],"2048x2048":["https:\/\/autofans.com.ar\/wp-content\/uploads\/2024\/09\/volkswagen-1.jpg",1000,667,false],"covernews-featured":["https:\/\/autofans.com.ar\/wp-content\/uploads\/2024\/09\/volkswagen-1.jpg",1000,667,false],"covernews-medium":["https:\/\/autofans.com.ar\/wp-content\/uploads\/2024\/09\/volkswagen-1-540x340.jpg",540,340,true]},"author_info":{"display_name":"Alejandro Gabriel Rosito","author_link":"https:\/\/autofans.com.ar\/index.php\/author\/gabrielr\/"},"category_info":"<a href=\"https:\/\/autofans.com.ar\/index.php\/category\/lanzamientos\/autos-y-suv\/\" rel=\"category tag\">Autos y SUV<\/a> <a href=\"https:\/\/autofans.com.ar\/index.php\/category\/lanzamientos\/\" rel=\"category tag\">LANZAMIENTOS<\/a>","tag_info":"LANZAMIENTOS","comment_count":0,"_links":{"self":[{"href":"https:\/\/autofans.com.ar\/index.php\/wp-json\/wp\/v2\/posts\/9005","targetHints":{"allow":["GET"]}}],"collection":[{"href":"https:\/\/autofans.com.ar\/index.php\/wp-json\/wp\/v2\/posts"}],"about":[{"href":"https:\/\/autofans.com.ar\/index.php\/wp-json\/wp\/v2\/types\/post"}],"author":[{"embeddable":true,"href":"https:\/\/autofans.com.ar\/index.php\/wp-json\/wp\/v2\/users\/2"}],"replies":[{"embeddable":true,"href":"https:\/\/autofans.com.ar\/index.php\/wp-json\/wp\/v2\/comments?post=9005"}],"version-history":[{"count":2,"href":"https:\/\/autofans.com.ar\/index.php\/wp-json\/wp\/v2\/posts\/9005\/revisions"}],"predecessor-version":[{"id":9009,"href":"https:\/\/autofans.com.ar\/index.php\/wp-json\/wp\/v2\/posts\/9005\/revisions\/9009"}],"wp:featuredmedia":[{"embeddable":true,"href":"https:\/\/autofans.com.ar\/index.php\/wp-json\/wp\/v2\/media\/9007"}],"wp:attachment":[{"href":"https:\/\/autofans.com.ar\/index.php\/wp-json\/wp\/v2\/media?parent=9005"}],"wp:term":[{"taxonomy":"category","embeddable":true,"href":"https:\/\/autofans.com.ar\/index.php\/wp-json\/wp\/v2\/categories?post=9005"},{"taxonomy":"post_tag","embeddable":true,"href":"https:\/\/autofans.com.ar\/index.php\/wp-json\/wp\/v2\/tags?post=9005"}],"curies":[{"name":"wp","href":"https:\/\/api.w.org\/{rel}","templated":true}]}}