{"id":9010,"date":"2024-09-13T19:06:30","date_gmt":"2024-09-13T22:06:30","guid":{"rendered":"https:\/\/autofans.com.ar\/?p=9010"},"modified":"2024-09-18T19:12:36","modified_gmt":"2024-09-18T22:12:36","slug":"lng-olivieri-presento-la-renovada-amarok","status":"publish","type":"post","link":"https:\/\/autofans.com.ar\/index.php\/2024\/09\/13\/lng-olivieri-presento-la-renovada-amarok\/","title":{"rendered":"LNG Olivieri present\u00f3 la renovada Amarok"},"content":{"rendered":"<p>El concesionario oficial de Volkswagen Argentina, LNG Olivieri, organiz\u00f3 un destacado evento que reuni\u00f3 a concesionarios, prensa y proveedores para presentar la nueva Volkswagen Amarok. El lanzamiento cont\u00f3 con la participaci\u00f3n de figuras destacadas como Diego Valenzuela, periodista e historiador, actual Intendente del partido 3 de Febrero. Junto a Reynaldo Defranco Fant\u00edn y Martin \u00abPepe\u00bb Sorrondegui, Director de Ventas de Volkswagen Argentina, compartieron su pasi\u00f3n por la industria automotriz y los avances de la pick-up insignia de la marca. Estuvimos presente en este evento y te contamos todos los detalles.<\/p>\n<p>&nbsp;<\/p>\n<h2>Con su motor V6 y tecnolog\u00eda de punta<\/h2>\n<p>&nbsp;<\/p>\n<p><img fetchpriority=\"high\" decoding=\"async\" class=\"aligncenter wp-image-9013 size-full\" src=\"https:\/\/autofans.com.ar\/wp-content\/uploads\/2024\/09\/amarok-3.jpg\" alt=\"Amarok\" width=\"1000\" height=\"667\" srcset=\"https:\/\/autofans.com.ar\/wp-content\/uploads\/2024\/09\/amarok-3.jpg 1000w, https:\/\/autofans.com.ar\/wp-content\/uploads\/2024\/09\/amarok-3-300x200.jpg 300w, https:\/\/autofans.com.ar\/wp-content\/uploads\/2024\/09\/amarok-3-768x512.jpg 768w\" sizes=\"(max-width: 1000px) 100vw, 1000px\" \/><\/p>\n<p>&nbsp;<\/p>\n<p>Durante el evento, se destacaron las caracter\u00edsticas de la nueva Amarok, un veh\u00edculo producido en la planta de Pacheco y exportado a toda Latinoam\u00e9rica. Con diez versiones que var\u00edan en equipamiento, motorizaci\u00f3n y tracci\u00f3n, la pick-up ofrece opciones para satisfacer a los conductores m\u00e1s exigentes. El motor V6, el m\u00e1s potente del segmento, sigue siendo una de las grandes atracciones, acompa\u00f1ado por un dise\u00f1o renovado y una serie de mejoras en seguridad y confort.<\/p>\n<p>&nbsp;<\/p>\n<h2>La nueva Amarok lleg\u00f3 a LNG Olivieri con entrega inmediata<\/h2>\n<p>&nbsp;<\/p>\n<div id='gallery-1' class='gallery galleryid-9010 gallery-columns-2 gallery-size-full'><figure class='gallery-item'>\n\t\t\t<div class='gallery-icon landscape'>\n\t\t\t\t<a href='https:\/\/autofans.com.ar\/index.php\/2024\/09\/13\/lng-olivieri-presento-la-renovada-amarok\/amarok-2-3\/'><img loading=\"lazy\" width=\"1000\" height=\"667\" src=\"https:\/\/autofans.com.ar\/wp-content\/uploads\/2024\/09\/amarok-2.jpg\" class=\"attachment-full size-full\" alt=\"Amarok\" srcset=\"https:\/\/autofans.com.ar\/wp-content\/uploads\/2024\/09\/amarok-2.jpg 1000w, https:\/\/autofans.com.ar\/wp-content\/uploads\/2024\/09\/amarok-2-300x200.jpg 300w, https:\/\/autofans.com.ar\/wp-content\/uploads\/2024\/09\/amarok-2-768x512.jpg 768w\" sizes=\"auto, (max-width: 1000px) 100vw, 1000px\" loading=\"lazy\" decoding=\"async\" \/><\/a>\n\t\t\t<\/div><\/figure><figure class='gallery-item'>\n\t\t\t<div class='gallery-icon landscape'>\n\t\t\t\t<a href='https:\/\/autofans.com.ar\/index.php\/2024\/09\/13\/lng-olivieri-presento-la-renovada-amarok\/amarok-4-3\/'><img loading=\"lazy\" width=\"1000\" height=\"667\" src=\"https:\/\/autofans.com.ar\/wp-content\/uploads\/2024\/09\/amarok-4.jpg\" class=\"attachment-full size-full\" alt=\"Amarok\" srcset=\"https:\/\/autofans.com.ar\/wp-content\/uploads\/2024\/09\/amarok-4.jpg 1000w, https:\/\/autofans.com.ar\/wp-content\/uploads\/2024\/09\/amarok-4-300x200.jpg 300w, https:\/\/autofans.com.ar\/wp-content\/uploads\/2024\/09\/amarok-4-768x512.jpg 768w\" sizes=\"auto, (max-width: 1000px) 100vw, 1000px\" loading=\"lazy\" decoding=\"async\" \/><\/a>\n\t\t\t<\/div><\/figure>\n\t\t<\/div>\n\n<p>&nbsp;<\/p>\n<p>Laura Olivieri, presidenta de LNG Olivieri, y Sebasti\u00e1n \u00abPollo\u00bb Vignolo, embajador del concesionario, fueron los encargados de presentar las versiones de la Amarok, que ya est\u00e1n disponibles para entrega inmediata. Este nuevo modelo no solo es una muestra de la fortaleza de Volkswagen en el segmento de las pick-ups, sino tambi\u00e9n un s\u00edmbolo de innovaci\u00f3n y compromiso con la industria nacional.<\/p>\n<p>&nbsp;<\/p>\n<p>&nbsp;<\/p>\n<p><center><iframe title=\"Cobertura Nueva Amarok en LNG Consesionaria\" width=\"640\" height=\"360\" src=\"https:\/\/www.youtube.com\/embed\/L-1SPLbvZb4?feature=oembed\" frameborder=\"0\" allow=\"accelerometer; autoplay; clipboard-write; encrypted-media; gyroscope; picture-in-picture; web-share\" referrerpolicy=\"strict-origin-when-cross-origin\" allowfullscreen><\/iframe><\/p>\n<p><\/center>&nbsp;<\/p>\n<p>&nbsp;<\/p>\n<p>\u00bfQu\u00e9 esper\u00e1s para conocer la nueva Amarok? Visit\u00e1 LNG Olivieri y descubr\u00ed todo lo que tu Volkswagen necesita en un solo lugar.<\/p>\n<p>&nbsp;<\/p>\n<p>&nbsp;<\/p>\n<p><i>Para enterarte de m\u00e1s novedades, no dejes de leer\u00a0<\/i><a href=\"https:\/\/autofans.thebrandsoup.com\/\"><i>nuestras notas<\/i><\/a><i>, de ver<\/i><b><i>\u00a0<\/i><\/b><a href=\"https:\/\/www.youtube.com\/channel\/UCgAC8UGHZYbT6P7PpmVnP7g\"><b><i>AUTOFANS TV<\/i><\/b><\/a><b><i>\u00a0<\/i><\/b><i>en nuestro\u00a0canal de Youtube. Adem\u00e1s seguinos en\u00a0<\/i><a href=\"https:\/\/www.instagram.com\/autofanstv\/\"><i>INSTAGRAM<\/i><\/a><i> y <\/i><a href=\"https:\/\/www.facebook.com\/autofansmas\/\"><i>FACEBOOK<\/i><\/a><i> para no perderte nada sobre las novedades del segmento automotor de Argentina y el mundo.<\/i><\/p>\n","protected":false},"excerpt":{"rendered":"<p>El concesionario oficial de Volkswagen Argentina, LNG Olivieri, organiz\u00f3 un destacado evento que reuni\u00f3 a&#8230;<\/p>\n","protected":false},"author":2,"featured_media":9015,"comment_status":"closed","ping_status":"closed","sticky":false,"template":"","format":"standard","meta":{"footnotes":""},"categories":[1,10],"tags":[4720,4819,4822,4821,4818,4820,4366,4368,4274,75],"class_list":["post-9010","post","type-post","status-publish","format-standard","has-post-thumbnail","hentry","category-lanzamientos","category-utilitarios-y-pesados-lanzamientos","tag-amarok-2024","tag-amarok-pacheco","tag-concesionario-volkswagen","tag-lanzamiento-amarok","tag-lng-olivieri","tag-motor-v6-amarok","tag-nueva-amarok","tag-pick-up-volkswagen","tag-volkswagen-amarok","tag-volkswagen-argentina"],"yoast_head":"<!-- This site is optimized with the Yoast SEO plugin v27.5 - https:\/\/yoast.com\/product\/yoast-seo-wordpress\/ -->\n<title>LNG Olivieri present\u00f3 la renovada Amarok -<\/title>\n<meta name=\"description\" content=\"El concesionario oficial de Volkswagen Argentina, LNG Olivieri, organiz\u00f3 un destacado evento que presento la nueva Volkswagen Amarok...\" \/>\n<meta name=\"robots\" content=\"index, follow, max-snippet:-1, max-image-preview:large, max-video-preview:-1\" \/>\n<link rel=\"canonical\" href=\"https:\/\/autofans.com.ar\/index.php\/2024\/09\/13\/lng-olivieri-presento-la-renovada-amarok\/\" \/>\n<meta property=\"og:locale\" content=\"es_ES\" \/>\n<meta property=\"og:type\" content=\"article\" \/>\n<meta property=\"og:title\" content=\"LNG Olivieri present\u00f3 la renovada Amarok -\" \/>\n<meta property=\"og:description\" content=\"El concesionario oficial de Volkswagen Argentina, LNG Olivieri, organiz\u00f3 un destacado evento que presento la nueva Volkswagen Amarok...\" \/>\n<meta property=\"og:url\" content=\"https:\/\/autofans.com.ar\/index.php\/2024\/09\/13\/lng-olivieri-presento-la-renovada-amarok\/\" \/>\n<meta property=\"article:published_time\" content=\"2024-09-13T22:06:30+00:00\" \/>\n<meta property=\"article:modified_time\" content=\"2024-09-18T22:12:36+00:00\" \/>\n<meta property=\"og:image\" content=\"https:\/\/autofans.com.ar\/wp-content\/uploads\/2024\/09\/amarok-1.jpg\" \/>\n\t<meta property=\"og:image:width\" content=\"640\" \/>\n\t<meta property=\"og:image:height\" content=\"427\" \/>\n\t<meta property=\"og:image:type\" content=\"image\/jpeg\" \/>\n<meta name=\"author\" content=\"Alejandro Gabriel Rosito\" \/>\n<meta name=\"twitter:card\" content=\"summary_large_image\" \/>\n<meta name=\"twitter:label1\" content=\"Escrito por\" \/>\n\t<meta name=\"twitter:data1\" content=\"Alejandro Gabriel Rosito\" \/>\n\t<meta name=\"twitter:label2\" content=\"Tiempo de lectura\" \/>\n\t<meta name=\"twitter:data2\" content=\"2 minutos\" \/>\n<script type=\"application\/ld+json\" class=\"yoast-schema-graph\">{\"@context\":\"https:\\\/\\\/schema.org\",\"@graph\":[{\"@type\":\"Article\",\"@id\":\"https:\\\/\\\/autofans.com.ar\\\/index.php\\\/2024\\\/09\\\/13\\\/lng-olivieri-presento-la-renovada-amarok\\\/#article\",\"isPartOf\":{\"@id\":\"https:\\\/\\\/autofans.com.ar\\\/index.php\\\/2024\\\/09\\\/13\\\/lng-olivieri-presento-la-renovada-amarok\\\/\"},\"author\":{\"name\":\"Alejandro Gabriel Rosito\",\"@id\":\"https:\\\/\\\/autofans.com.ar\\\/#\\\/schema\\\/person\\\/4a8dda0b6df83ac3d6723e921274c2aa\"},\"headline\":\"LNG Olivieri present\u00f3 la renovada Amarok\",\"datePublished\":\"2024-09-13T22:06:30+00:00\",\"dateModified\":\"2024-09-18T22:12:36+00:00\",\"mainEntityOfPage\":{\"@id\":\"https:\\\/\\\/autofans.com.ar\\\/index.php\\\/2024\\\/09\\\/13\\\/lng-olivieri-presento-la-renovada-amarok\\\/\"},\"wordCount\":357,\"image\":{\"@id\":\"https:\\\/\\\/autofans.com.ar\\\/index.php\\\/2024\\\/09\\\/13\\\/lng-olivieri-presento-la-renovada-amarok\\\/#primaryimage\"},\"thumbnailUrl\":\"https:\\\/\\\/autofans.com.ar\\\/wp-content\\\/uploads\\\/2024\\\/09\\\/amarok-1.jpg\",\"keywords\":[\"Amarok 2024\",\"Amarok Pacheco\",\"concesionario Volkswagen\",\"lanzamiento Amarok\",\"LNG Olivieri\",\"motor V6 Amarok\",\"nueva Amarok\",\"pick-up Volkswagen\",\"Volkswagen Amarok\",\"Volkswagen Argentina\"],\"articleSection\":[\"LANZAMIENTOS\",\"Pick Ups, Utilitarios y Pesados\"],\"inLanguage\":\"es\"},{\"@type\":\"WebPage\",\"@id\":\"https:\\\/\\\/autofans.com.ar\\\/index.php\\\/2024\\\/09\\\/13\\\/lng-olivieri-presento-la-renovada-amarok\\\/\",\"url\":\"https:\\\/\\\/autofans.com.ar\\\/index.php\\\/2024\\\/09\\\/13\\\/lng-olivieri-presento-la-renovada-amarok\\\/\",\"name\":\"LNG Olivieri present\u00f3 la renovada Amarok -\",\"isPartOf\":{\"@id\":\"https:\\\/\\\/autofans.com.ar\\\/#website\"},\"primaryImageOfPage\":{\"@id\":\"https:\\\/\\\/autofans.com.ar\\\/index.php\\\/2024\\\/09\\\/13\\\/lng-olivieri-presento-la-renovada-amarok\\\/#primaryimage\"},\"image\":{\"@id\":\"https:\\\/\\\/autofans.com.ar\\\/index.php\\\/2024\\\/09\\\/13\\\/lng-olivieri-presento-la-renovada-amarok\\\/#primaryimage\"},\"thumbnailUrl\":\"https:\\\/\\\/autofans.com.ar\\\/wp-content\\\/uploads\\\/2024\\\/09\\\/amarok-1.jpg\",\"datePublished\":\"2024-09-13T22:06:30+00:00\",\"dateModified\":\"2024-09-18T22:12:36+00:00\",\"author\":{\"@id\":\"https:\\\/\\\/autofans.com.ar\\\/#\\\/schema\\\/person\\\/4a8dda0b6df83ac3d6723e921274c2aa\"},\"description\":\"El concesionario oficial de Volkswagen Argentina, LNG Olivieri, organiz\u00f3 un destacado evento que presento la nueva Volkswagen Amarok...\",\"breadcrumb\":{\"@id\":\"https:\\\/\\\/autofans.com.ar\\\/index.php\\\/2024\\\/09\\\/13\\\/lng-olivieri-presento-la-renovada-amarok\\\/#breadcrumb\"},\"inLanguage\":\"es\",\"potentialAction\":[{\"@type\":\"ReadAction\",\"target\":[\"https:\\\/\\\/autofans.com.ar\\\/index.php\\\/2024\\\/09\\\/13\\\/lng-olivieri-presento-la-renovada-amarok\\\/\"]}]},{\"@type\":\"ImageObject\",\"inLanguage\":\"es\",\"@id\":\"https:\\\/\\\/autofans.com.ar\\\/index.php\\\/2024\\\/09\\\/13\\\/lng-olivieri-presento-la-renovada-amarok\\\/#primaryimage\",\"url\":\"https:\\\/\\\/autofans.com.ar\\\/wp-content\\\/uploads\\\/2024\\\/09\\\/amarok-1.jpg\",\"contentUrl\":\"https:\\\/\\\/autofans.com.ar\\\/wp-content\\\/uploads\\\/2024\\\/09\\\/amarok-1.jpg\",\"width\":1000,\"height\":667},{\"@type\":\"BreadcrumbList\",\"@id\":\"https:\\\/\\\/autofans.com.ar\\\/index.php\\\/2024\\\/09\\\/13\\\/lng-olivieri-presento-la-renovada-amarok\\\/#breadcrumb\",\"itemListElement\":[{\"@type\":\"ListItem\",\"position\":1,\"name\":\"Inicio\",\"item\":\"https:\\\/\\\/autofans.com.ar\\\/\"},{\"@type\":\"ListItem\",\"position\":2,\"name\":\"LNG Olivieri present\u00f3 la renovada Amarok\"}]},{\"@type\":\"WebSite\",\"@id\":\"https:\\\/\\\/autofans.com.ar\\\/#website\",\"url\":\"https:\\\/\\\/autofans.com.ar\\\/\",\"name\":\"\",\"description\":\"El multimedio referente de la industria automotriz\",\"potentialAction\":[{\"@type\":\"SearchAction\",\"target\":{\"@type\":\"EntryPoint\",\"urlTemplate\":\"https:\\\/\\\/autofans.com.ar\\\/?s={search_term_string}\"},\"query-input\":{\"@type\":\"PropertyValueSpecification\",\"valueRequired\":true,\"valueName\":\"search_term_string\"}}],\"inLanguage\":\"es\"},{\"@type\":\"Person\",\"@id\":\"https:\\\/\\\/autofans.com.ar\\\/#\\\/schema\\\/person\\\/4a8dda0b6df83ac3d6723e921274c2aa\",\"name\":\"Alejandro Gabriel Rosito\",\"image\":{\"@type\":\"ImageObject\",\"inLanguage\":\"es\",\"@id\":\"https:\\\/\\\/secure.gravatar.com\\\/avatar\\\/16c5dda1489adfc62618084dcbb91cffd879c374b13fe5dd8e44ed6733852c88?s=96&d=mm&r=g\",\"url\":\"https:\\\/\\\/secure.gravatar.com\\\/avatar\\\/16c5dda1489adfc62618084dcbb91cffd879c374b13fe5dd8e44ed6733852c88?s=96&d=mm&r=g\",\"contentUrl\":\"https:\\\/\\\/secure.gravatar.com\\\/avatar\\\/16c5dda1489adfc62618084dcbb91cffd879c374b13fe5dd8e44ed6733852c88?s=96&d=mm&r=g\",\"caption\":\"Alejandro Gabriel Rosito\"},\"url\":\"https:\\\/\\\/autofans.com.ar\\\/index.php\\\/author\\\/gabrielr\\\/\"}]}<\/script>\n<!-- \/ Yoast SEO plugin. -->","yoast_head_json":{"title":"LNG Olivieri present\u00f3 la renovada Amarok -","description":"El concesionario oficial de Volkswagen Argentina, LNG Olivieri, organiz\u00f3 un destacado evento que presento la nueva Volkswagen Amarok...","robots":{"index":"index","follow":"follow","max-snippet":"max-snippet:-1","max-image-preview":"max-image-preview:large","max-video-preview":"max-video-preview:-1"},"canonical":"https:\/\/autofans.com.ar\/index.php\/2024\/09\/13\/lng-olivieri-presento-la-renovada-amarok\/","og_locale":"es_ES","og_type":"article","og_title":"LNG Olivieri present\u00f3 la renovada Amarok -","og_description":"El concesionario oficial de Volkswagen Argentina, LNG Olivieri, organiz\u00f3 un destacado evento que presento la nueva Volkswagen Amarok...","og_url":"https:\/\/autofans.com.ar\/index.php\/2024\/09\/13\/lng-olivieri-presento-la-renovada-amarok\/","article_published_time":"2024-09-13T22:06:30+00:00","article_modified_time":"2024-09-18T22:12:36+00:00","og_image":[{"url":"https:\/\/autofans.com.ar\/wp-content\/uploads\/2024\/09\/amarok-1.jpg","width":640,"height":427,"type":"image\/jpeg"}],"author":"Alejandro Gabriel Rosito","twitter_card":"summary_large_image","twitter_misc":{"Escrito por":"Alejandro Gabriel Rosito","Tiempo de lectura":"2 minutos"},"schema":{"@context":"https:\/\/schema.org","@graph":[{"@type":"Article","@id":"https:\/\/autofans.com.ar\/index.php\/2024\/09\/13\/lng-olivieri-presento-la-renovada-amarok\/#article","isPartOf":{"@id":"https:\/\/autofans.com.ar\/index.php\/2024\/09\/13\/lng-olivieri-presento-la-renovada-amarok\/"},"author":{"name":"Alejandro Gabriel Rosito","@id":"https:\/\/autofans.com.ar\/#\/schema\/person\/4a8dda0b6df83ac3d6723e921274c2aa"},"headline":"LNG Olivieri present\u00f3 la renovada Amarok","datePublished":"2024-09-13T22:06:30+00:00","dateModified":"2024-09-18T22:12:36+00:00","mainEntityOfPage":{"@id":"https:\/\/autofans.com.ar\/index.php\/2024\/09\/13\/lng-olivieri-presento-la-renovada-amarok\/"},"wordCount":357,"image":{"@id":"https:\/\/autofans.com.ar\/index.php\/2024\/09\/13\/lng-olivieri-presento-la-renovada-amarok\/#primaryimage"},"thumbnailUrl":"https:\/\/autofans.com.ar\/wp-content\/uploads\/2024\/09\/amarok-1.jpg","keywords":["Amarok 2024","Amarok Pacheco","concesionario Volkswagen","lanzamiento Amarok","LNG Olivieri","motor V6 Amarok","nueva Amarok","pick-up Volkswagen","Volkswagen Amarok","Volkswagen Argentina"],"articleSection":["LANZAMIENTOS","Pick Ups, Utilitarios y Pesados"],"inLanguage":"es"},{"@type":"WebPage","@id":"https:\/\/autofans.com.ar\/index.php\/2024\/09\/13\/lng-olivieri-presento-la-renovada-amarok\/","url":"https:\/\/autofans.com.ar\/index.php\/2024\/09\/13\/lng-olivieri-presento-la-renovada-amarok\/","name":"LNG Olivieri present\u00f3 la renovada Amarok -","isPartOf":{"@id":"https:\/\/autofans.com.ar\/#website"},"primaryImageOfPage":{"@id":"https:\/\/autofans.com.ar\/index.php\/2024\/09\/13\/lng-olivieri-presento-la-renovada-amarok\/#primaryimage"},"image":{"@id":"https:\/\/autofans.com.ar\/index.php\/2024\/09\/13\/lng-olivieri-presento-la-renovada-amarok\/#primaryimage"},"thumbnailUrl":"https:\/\/autofans.com.ar\/wp-content\/uploads\/2024\/09\/amarok-1.jpg","datePublished":"2024-09-13T22:06:30+00:00","dateModified":"2024-09-18T22:12:36+00:00","author":{"@id":"https:\/\/autofans.com.ar\/#\/schema\/person\/4a8dda0b6df83ac3d6723e921274c2aa"},"description":"El concesionario oficial de Volkswagen Argentina, LNG Olivieri, organiz\u00f3 un destacado evento que presento la nueva Volkswagen Amarok...","breadcrumb":{"@id":"https:\/\/autofans.com.ar\/index.php\/2024\/09\/13\/lng-olivieri-presento-la-renovada-amarok\/#breadcrumb"},"inLanguage":"es","potentialAction":[{"@type":"ReadAction","target":["https:\/\/autofans.com.ar\/index.php\/2024\/09\/13\/lng-olivieri-presento-la-renovada-amarok\/"]}]},{"@type":"ImageObject","inLanguage":"es","@id":"https:\/\/autofans.com.ar\/index.php\/2024\/09\/13\/lng-olivieri-presento-la-renovada-amarok\/#primaryimage","url":"https:\/\/autofans.com.ar\/wp-content\/uploads\/2024\/09\/amarok-1.jpg","contentUrl":"https:\/\/autofans.com.ar\/wp-content\/uploads\/2024\/09\/amarok-1.jpg","width":1000,"height":667},{"@type":"BreadcrumbList","@id":"https:\/\/autofans.com.ar\/index.php\/2024\/09\/13\/lng-olivieri-presento-la-renovada-amarok\/#breadcrumb","itemListElement":[{"@type":"ListItem","position":1,"name":"Inicio","item":"https:\/\/autofans.com.ar\/"},{"@type":"ListItem","position":2,"name":"LNG Olivieri present\u00f3 la renovada Amarok"}]},{"@type":"WebSite","@id":"https:\/\/autofans.com.ar\/#website","url":"https:\/\/autofans.com.ar\/","name":"","description":"El multimedio referente de la industria automotriz","potentialAction":[{"@type":"SearchAction","target":{"@type":"EntryPoint","urlTemplate":"https:\/\/autofans.com.ar\/?s={search_term_string}"},"query-input":{"@type":"PropertyValueSpecification","valueRequired":true,"valueName":"search_term_string"}}],"inLanguage":"es"},{"@type":"Person","@id":"https:\/\/autofans.com.ar\/#\/schema\/person\/4a8dda0b6df83ac3d6723e921274c2aa","name":"Alejandro Gabriel Rosito","image":{"@type":"ImageObject","inLanguage":"es","@id":"https:\/\/secure.gravatar.com\/avatar\/16c5dda1489adfc62618084dcbb91cffd879c374b13fe5dd8e44ed6733852c88?s=96&d=mm&r=g","url":"https:\/\/secure.gravatar.com\/avatar\/16c5dda1489adfc62618084dcbb91cffd879c374b13fe5dd8e44ed6733852c88?s=96&d=mm&r=g","contentUrl":"https:\/\/secure.gravatar.com\/avatar\/16c5dda1489adfc62618084dcbb91cffd879c374b13fe5dd8e44ed6733852c88?s=96&d=mm&r=g","caption":"Alejandro Gabriel Rosito"},"url":"https:\/\/autofans.com.ar\/index.php\/author\/gabrielr\/"}]}},"featured_image_urls":{"full":["https:\/\/autofans.com.ar\/wp-content\/uploads\/2024\/09\/amarok-1.jpg",1000,667,false],"thumbnail":["https:\/\/autofans.com.ar\/wp-content\/uploads\/2024\/09\/amarok-1-150x150.jpg",150,150,true],"medium":["https:\/\/autofans.com.ar\/wp-content\/uploads\/2024\/09\/amarok-1-300x200.jpg",300,200,true],"medium_large":["https:\/\/autofans.com.ar\/wp-content\/uploads\/2024\/09\/amarok-1-768x512.jpg",640,427,true],"large":["https:\/\/autofans.com.ar\/wp-content\/uploads\/2024\/09\/amarok-1.jpg",640,427,false],"1536x1536":["https:\/\/autofans.com.ar\/wp-content\/uploads\/2024\/09\/amarok-1.jpg",1000,667,false],"2048x2048":["https:\/\/autofans.com.ar\/wp-content\/uploads\/2024\/09\/amarok-1.jpg",1000,667,false],"covernews-featured":["https:\/\/autofans.com.ar\/wp-content\/uploads\/2024\/09\/amarok-1.jpg",1000,667,false],"covernews-medium":["https:\/\/autofans.com.ar\/wp-content\/uploads\/2024\/09\/amarok-1-540x340.jpg",540,340,true]},"author_info":{"display_name":"Alejandro Gabriel Rosito","author_link":"https:\/\/autofans.com.ar\/index.php\/author\/gabrielr\/"},"category_info":"<a href=\"https:\/\/autofans.com.ar\/index.php\/category\/lanzamientos\/\" rel=\"category tag\">LANZAMIENTOS<\/a> <a href=\"https:\/\/autofans.com.ar\/index.php\/category\/lanzamientos\/utilitarios-y-pesados-lanzamientos\/\" rel=\"category tag\">Pick Ups, Utilitarios y Pesados<\/a>","tag_info":"Pick Ups, Utilitarios y Pesados","comment_count":0,"_links":{"self":[{"href":"https:\/\/autofans.com.ar\/index.php\/wp-json\/wp\/v2\/posts\/9010","targetHints":{"allow":["GET"]}}],"collection":[{"href":"https:\/\/autofans.com.ar\/index.php\/wp-json\/wp\/v2\/posts"}],"about":[{"href":"https:\/\/autofans.com.ar\/index.php\/wp-json\/wp\/v2\/types\/post"}],"author":[{"embeddable":true,"href":"https:\/\/autofans.com.ar\/index.php\/wp-json\/wp\/v2\/users\/2"}],"replies":[{"embeddable":true,"href":"https:\/\/autofans.com.ar\/index.php\/wp-json\/wp\/v2\/comments?post=9010"}],"version-history":[{"count":4,"href":"https:\/\/autofans.com.ar\/index.php\/wp-json\/wp\/v2\/posts\/9010\/revisions"}],"predecessor-version":[{"id":9063,"href":"https:\/\/autofans.com.ar\/index.php\/wp-json\/wp\/v2\/posts\/9010\/revisions\/9063"}],"wp:featuredmedia":[{"embeddable":true,"href":"https:\/\/autofans.com.ar\/index.php\/wp-json\/wp\/v2\/media\/9015"}],"wp:attachment":[{"href":"https:\/\/autofans.com.ar\/index.php\/wp-json\/wp\/v2\/media?parent=9010"}],"wp:term":[{"taxonomy":"category","embeddable":true,"href":"https:\/\/autofans.com.ar\/index.php\/wp-json\/wp\/v2\/categories?post=9010"},{"taxonomy":"post_tag","embeddable":true,"href":"https:\/\/autofans.com.ar\/index.php\/wp-json\/wp\/v2\/tags?post=9010"}],"curies":[{"name":"wp","href":"https:\/\/api.w.org\/{rel}","templated":true}]}}