{"id":9031,"date":"2024-09-16T17:53:22","date_gmt":"2024-09-16T20:53:22","guid":{"rendered":"https:\/\/autofans.com.ar\/?p=9031"},"modified":"2024-09-16T17:53:22","modified_gmt":"2024-09-16T20:53:22","slug":"royal-enfield-en-las-lenas-motos-y-aventura-en-la-nieve","status":"publish","type":"post","link":"https:\/\/autofans.com.ar\/index.php\/2024\/09\/16\/royal-enfield-en-las-lenas-motos-y-aventura-en-la-nieve\/","title":{"rendered":"Royal Enfield en Las Le\u00f1as, motos y aventura en la nieve"},"content":{"rendered":"<p>Royal Enfield, fiel a su esp\u00edritu aventurero, estuvo presente nuevamente en Las Le\u00f1as, el centro de ski m\u00e1s importante de Am\u00e9rica Latina, ubicado en la majestuosa Cordillera de los Andes. Al igual que en a\u00f1os anteriores, la marca acompa\u00f1\u00f3 la temporada invernal, exhibiendo sus modelos m\u00e1s destacados y brindando apoyo al staff con veh\u00edculos y abrigo.<\/p>\n<p>&nbsp;<\/p>\n<h2>Royal Enfield festeja el d\u00eda del monta\u00f1\u00e9s en Las Le\u00f1as<\/h2>\n<p>&nbsp;<\/p>\n<p><img fetchpriority=\"high\" decoding=\"async\" class=\"aligncenter wp-image-9039 size-full\" src=\"https:\/\/autofans.com.ar\/wp-content\/uploads\/2024\/09\/Screen-Shot-2024-09-16-at-17.49.25.png\" alt=\"\" width=\"994\" height=\"659\" srcset=\"https:\/\/autofans.com.ar\/wp-content\/uploads\/2024\/09\/Screen-Shot-2024-09-16-at-17.49.25.png 994w, https:\/\/autofans.com.ar\/wp-content\/uploads\/2024\/09\/Screen-Shot-2024-09-16-at-17.49.25-300x199.png 300w, https:\/\/autofans.com.ar\/wp-content\/uploads\/2024\/09\/Screen-Shot-2024-09-16-at-17.49.25-768x509.png 768w\" sizes=\"(max-width: 994px) 100vw, 994px\" \/><\/p>\n<p>&nbsp;<\/p>\n<p>En agosto, Royal Enfield particip\u00f3 activamente en la celebraci\u00f3n del \u201cD\u00eda del Monta\u00f1\u00e9s\u201d, una fecha clave para los amantes de la monta\u00f1a en Argentina, que se festeja desde 1965 en honor a la Virgen de las Nieves, patrona de las tropas de monta\u00f1a. La marca organiz\u00f3 un after especial para conmemorar la ocasi\u00f3n, reuniendo a m\u00e1s de 150 esquiadores y fan\u00e1ticos de las dos ruedas en un evento inolvidable.<\/p>\n<p>&nbsp;<\/p>\n<h2>La aliada perfecta en las monta\u00f1as de Las Le\u00f1as<\/h2>\n<p>Fernando Passano, gerente de Actividades de Monta\u00f1a de Las Le\u00f1as, utiliz\u00f3 una Royal Enfield Himalayan BS6 para desplazarse en el complejo. Destac\u00f3 el rendimiento de la moto en todo tipo de terrenos, desde nieve hasta asfalto mojado, lo que demuestra su versatilidad y robustez. Con un motor monocil\u00edndrico de 411 cc, la Himalayan es una de las favoritas entre los aventureros por su capacidad multiprop\u00f3sito.<\/p>\n<p>&nbsp;<\/p>\n<div id='gallery-1' class='gallery galleryid-9031 gallery-columns-2 gallery-size-full'><figure class='gallery-item'>\n\t\t\t<div class='gallery-icon landscape'>\n\t\t\t\t<a href='https:\/\/autofans.com.ar\/index.php\/2024\/09\/16\/royal-enfield-en-las-lenas-motos-y-aventura-en-la-nieve\/screen-shot-2024-09-16-at-17-50-05\/'><img loading=\"lazy\" width=\"994\" height=\"661\" src=\"https:\/\/autofans.com.ar\/wp-content\/uploads\/2024\/09\/Screen-Shot-2024-09-16-at-17.50.05.png\" class=\"attachment-full size-full\" alt=\"Royal Enfield\" srcset=\"https:\/\/autofans.com.ar\/wp-content\/uploads\/2024\/09\/Screen-Shot-2024-09-16-at-17.50.05.png 994w, https:\/\/autofans.com.ar\/wp-content\/uploads\/2024\/09\/Screen-Shot-2024-09-16-at-17.50.05-300x199.png 300w, https:\/\/autofans.com.ar\/wp-content\/uploads\/2024\/09\/Screen-Shot-2024-09-16-at-17.50.05-768x511.png 768w\" sizes=\"auto, (max-width: 994px) 100vw, 994px\" loading=\"lazy\" decoding=\"async\" \/><\/a>\n\t\t\t<\/div><\/figure><figure class='gallery-item'>\n\t\t\t<div class='gallery-icon landscape'>\n\t\t\t\t<a href='https:\/\/autofans.com.ar\/index.php\/2024\/09\/16\/royal-enfield-en-las-lenas-motos-y-aventura-en-la-nieve\/screen-shot-2024-09-16-at-17-49-35\/'><img loading=\"lazy\" width=\"992\" height=\"656\" src=\"https:\/\/autofans.com.ar\/wp-content\/uploads\/2024\/09\/Screen-Shot-2024-09-16-at-17.49.35.png\" class=\"attachment-full size-full\" alt=\"Royal Enfield\" srcset=\"https:\/\/autofans.com.ar\/wp-content\/uploads\/2024\/09\/Screen-Shot-2024-09-16-at-17.49.35.png 992w, https:\/\/autofans.com.ar\/wp-content\/uploads\/2024\/09\/Screen-Shot-2024-09-16-at-17.49.35-300x198.png 300w, https:\/\/autofans.com.ar\/wp-content\/uploads\/2024\/09\/Screen-Shot-2024-09-16-at-17.49.35-768x508.png 768w\" sizes=\"auto, (max-width: 992px) 100vw, 992px\" loading=\"lazy\" decoding=\"async\" \/><\/a>\n\t\t\t<\/div><\/figure>\n\t\t<\/div>\n\n<p>&nbsp;<\/p>\n<p>Durante toda la temporada, Royal Enfield tambi\u00e9n expuso modelos ic\u00f3nicos como la Interceptor 650 y la Scram 411, la versi\u00f3n m\u00e1s urbana de la Himalayan, para deleite de los fan\u00e1ticos. Adem\u00e1s, la marca organiz\u00f3 actividades especiales, sorteos y entreg\u00f3 merchandising a los visitantes del centro de ski, consolidando su presencia como un s\u00edmbolo de libertad y aventura.<\/p>\n<p>&nbsp;<\/p>\n<p>&nbsp;<\/p>\n<p><i>Para enterarte de m\u00e1s novedades, no dejes de leer\u00a0<\/i><a href=\"https:\/\/autofans.thebrandsoup.com\/\"><i>nuestras notas<\/i><\/a><i>, de ver<\/i><b><i>\u00a0<\/i><\/b><a href=\"https:\/\/www.youtube.com\/channel\/UCgAC8UGHZYbT6P7PpmVnP7g\"><b><i>AUTOFANS TV<\/i><\/b><\/a><b><i>\u00a0<\/i><\/b><i>en nuestro\u00a0canal de Youtube. Adem\u00e1s seguinos en\u00a0<\/i><a href=\"https:\/\/www.instagram.com\/autofanstv\/\"><i>INSTAGRAM<\/i><\/a><i> y <\/i><a href=\"https:\/\/www.facebook.com\/autofansmas\/\"><i>FACEBOOK<\/i><\/a><i> para no perderte nada sobre las novedades del segmento automotor de Argentina y el mundo.<\/i><\/p>\n","protected":false},"excerpt":{"rendered":"<p>Royal Enfield, fiel a su esp\u00edritu aventurero, estuvo presente nuevamente en Las Le\u00f1as, el centro&#8230;<\/p>\n","protected":false},"author":2,"featured_media":9037,"comment_status":"closed","ping_status":"closed","sticky":false,"template":"","format":"standard","meta":{"footnotes":""},"categories":[4,16],"tags":[4833,4830,4834,4829,4832,1081,1082,4831],"class_list":["post-9031","post","type-post","status-publish","format-standard","has-post-thumbnail","hentry","category-motos","category-noticias","tag-aventura-en-la-nieve","tag-dia-del-montanes","tag-eventos-de-motos","tag-motos-en-las-lenas","tag-motos-para-montana","tag-royal-enfield","tag-royal-enfield-argentina","tag-royal-enfield-himalayan"],"yoast_head":"<!-- This site is optimized with the Yoast SEO plugin v27.5 - https:\/\/yoast.com\/product\/yoast-seo-wordpress\/ -->\n<title>Royal Enfield en Las Le\u00f1as, motos y aventura en la nieve -<\/title>\n<meta name=\"description\" content=\"Royal Enfield, fiel a su esp\u00edritu aventurero, estuvo presente nuevamente en Las Le\u00f1as, el centro de ski m\u00e1s importante de Am\u00e9rica Latina...\" \/>\n<meta name=\"robots\" content=\"index, follow, max-snippet:-1, max-image-preview:large, max-video-preview:-1\" \/>\n<link rel=\"canonical\" href=\"https:\/\/autofans.com.ar\/index.php\/2024\/09\/16\/royal-enfield-en-las-lenas-motos-y-aventura-en-la-nieve\/\" \/>\n<meta property=\"og:locale\" content=\"es_ES\" \/>\n<meta property=\"og:type\" content=\"article\" \/>\n<meta property=\"og:title\" content=\"Royal Enfield en Las Le\u00f1as, motos y aventura en la nieve -\" \/>\n<meta property=\"og:description\" content=\"Royal Enfield, fiel a su esp\u00edritu aventurero, estuvo presente nuevamente en Las Le\u00f1as, el centro de ski m\u00e1s importante de Am\u00e9rica Latina...\" \/>\n<meta property=\"og:url\" content=\"https:\/\/autofans.com.ar\/index.php\/2024\/09\/16\/royal-enfield-en-las-lenas-motos-y-aventura-en-la-nieve\/\" \/>\n<meta property=\"article:published_time\" content=\"2024-09-16T20:53:22+00:00\" \/>\n<meta property=\"og:image\" content=\"https:\/\/autofans.com.ar\/wp-content\/uploads\/2024\/09\/Screen-Shot-2024-09-16-at-17.49.56.png\" \/>\n\t<meta property=\"og:image:width\" content=\"994\" \/>\n\t<meta property=\"og:image:height\" content=\"664\" \/>\n\t<meta property=\"og:image:type\" content=\"image\/png\" \/>\n<meta name=\"author\" content=\"Alejandro Gabriel Rosito\" \/>\n<meta name=\"twitter:card\" content=\"summary_large_image\" \/>\n<meta name=\"twitter:label1\" content=\"Escrito por\" \/>\n\t<meta name=\"twitter:data1\" content=\"Alejandro Gabriel Rosito\" \/>\n\t<meta name=\"twitter:label2\" content=\"Tiempo de lectura\" \/>\n\t<meta name=\"twitter:data2\" content=\"2 minutos\" \/>\n<script type=\"application\/ld+json\" class=\"yoast-schema-graph\">{\"@context\":\"https:\\\/\\\/schema.org\",\"@graph\":[{\"@type\":\"Article\",\"@id\":\"https:\\\/\\\/autofans.com.ar\\\/index.php\\\/2024\\\/09\\\/16\\\/royal-enfield-en-las-lenas-motos-y-aventura-en-la-nieve\\\/#article\",\"isPartOf\":{\"@id\":\"https:\\\/\\\/autofans.com.ar\\\/index.php\\\/2024\\\/09\\\/16\\\/royal-enfield-en-las-lenas-motos-y-aventura-en-la-nieve\\\/\"},\"author\":{\"name\":\"Alejandro Gabriel Rosito\",\"@id\":\"https:\\\/\\\/autofans.com.ar\\\/#\\\/schema\\\/person\\\/4a8dda0b6df83ac3d6723e921274c2aa\"},\"headline\":\"Royal Enfield en Las Le\u00f1as, motos y aventura en la nieve\",\"datePublished\":\"2024-09-16T20:53:22+00:00\",\"mainEntityOfPage\":{\"@id\":\"https:\\\/\\\/autofans.com.ar\\\/index.php\\\/2024\\\/09\\\/16\\\/royal-enfield-en-las-lenas-motos-y-aventura-en-la-nieve\\\/\"},\"wordCount\":360,\"image\":{\"@id\":\"https:\\\/\\\/autofans.com.ar\\\/index.php\\\/2024\\\/09\\\/16\\\/royal-enfield-en-las-lenas-motos-y-aventura-en-la-nieve\\\/#primaryimage\"},\"thumbnailUrl\":\"https:\\\/\\\/autofans.com.ar\\\/wp-content\\\/uploads\\\/2024\\\/09\\\/Screen-Shot-2024-09-16-at-17.49.56.png\",\"keywords\":[\"aventura en la nieve\",\"D\u00eda del Monta\u00f1\u00e9s\",\"eventos de motos\",\"motos en Las Le\u00f1as\",\"motos para monta\u00f1a\",\"Royal Enfield\",\"Royal Enfield Argentina\",\"Royal Enfield Himalayan\"],\"articleSection\":[\"MOTOS\",\"NOTICIAS\"],\"inLanguage\":\"es\"},{\"@type\":\"WebPage\",\"@id\":\"https:\\\/\\\/autofans.com.ar\\\/index.php\\\/2024\\\/09\\\/16\\\/royal-enfield-en-las-lenas-motos-y-aventura-en-la-nieve\\\/\",\"url\":\"https:\\\/\\\/autofans.com.ar\\\/index.php\\\/2024\\\/09\\\/16\\\/royal-enfield-en-las-lenas-motos-y-aventura-en-la-nieve\\\/\",\"name\":\"Royal Enfield en Las Le\u00f1as, motos y aventura en la nieve -\",\"isPartOf\":{\"@id\":\"https:\\\/\\\/autofans.com.ar\\\/#website\"},\"primaryImageOfPage\":{\"@id\":\"https:\\\/\\\/autofans.com.ar\\\/index.php\\\/2024\\\/09\\\/16\\\/royal-enfield-en-las-lenas-motos-y-aventura-en-la-nieve\\\/#primaryimage\"},\"image\":{\"@id\":\"https:\\\/\\\/autofans.com.ar\\\/index.php\\\/2024\\\/09\\\/16\\\/royal-enfield-en-las-lenas-motos-y-aventura-en-la-nieve\\\/#primaryimage\"},\"thumbnailUrl\":\"https:\\\/\\\/autofans.com.ar\\\/wp-content\\\/uploads\\\/2024\\\/09\\\/Screen-Shot-2024-09-16-at-17.49.56.png\",\"datePublished\":\"2024-09-16T20:53:22+00:00\",\"author\":{\"@id\":\"https:\\\/\\\/autofans.com.ar\\\/#\\\/schema\\\/person\\\/4a8dda0b6df83ac3d6723e921274c2aa\"},\"description\":\"Royal Enfield, fiel a su esp\u00edritu aventurero, estuvo presente nuevamente en Las Le\u00f1as, el centro de ski m\u00e1s importante de Am\u00e9rica Latina...\",\"breadcrumb\":{\"@id\":\"https:\\\/\\\/autofans.com.ar\\\/index.php\\\/2024\\\/09\\\/16\\\/royal-enfield-en-las-lenas-motos-y-aventura-en-la-nieve\\\/#breadcrumb\"},\"inLanguage\":\"es\",\"potentialAction\":[{\"@type\":\"ReadAction\",\"target\":[\"https:\\\/\\\/autofans.com.ar\\\/index.php\\\/2024\\\/09\\\/16\\\/royal-enfield-en-las-lenas-motos-y-aventura-en-la-nieve\\\/\"]}]},{\"@type\":\"ImageObject\",\"inLanguage\":\"es\",\"@id\":\"https:\\\/\\\/autofans.com.ar\\\/index.php\\\/2024\\\/09\\\/16\\\/royal-enfield-en-las-lenas-motos-y-aventura-en-la-nieve\\\/#primaryimage\",\"url\":\"https:\\\/\\\/autofans.com.ar\\\/wp-content\\\/uploads\\\/2024\\\/09\\\/Screen-Shot-2024-09-16-at-17.49.56.png\",\"contentUrl\":\"https:\\\/\\\/autofans.com.ar\\\/wp-content\\\/uploads\\\/2024\\\/09\\\/Screen-Shot-2024-09-16-at-17.49.56.png\",\"width\":994,\"height\":664,\"caption\":\"Royal Enfield\"},{\"@type\":\"BreadcrumbList\",\"@id\":\"https:\\\/\\\/autofans.com.ar\\\/index.php\\\/2024\\\/09\\\/16\\\/royal-enfield-en-las-lenas-motos-y-aventura-en-la-nieve\\\/#breadcrumb\",\"itemListElement\":[{\"@type\":\"ListItem\",\"position\":1,\"name\":\"Inicio\",\"item\":\"https:\\\/\\\/autofans.com.ar\\\/\"},{\"@type\":\"ListItem\",\"position\":2,\"name\":\"Royal Enfield en Las Le\u00f1as, motos y aventura en la nieve\"}]},{\"@type\":\"WebSite\",\"@id\":\"https:\\\/\\\/autofans.com.ar\\\/#website\",\"url\":\"https:\\\/\\\/autofans.com.ar\\\/\",\"name\":\"\",\"description\":\"El multimedio referente de la industria automotriz\",\"potentialAction\":[{\"@type\":\"SearchAction\",\"target\":{\"@type\":\"EntryPoint\",\"urlTemplate\":\"https:\\\/\\\/autofans.com.ar\\\/?s={search_term_string}\"},\"query-input\":{\"@type\":\"PropertyValueSpecification\",\"valueRequired\":true,\"valueName\":\"search_term_string\"}}],\"inLanguage\":\"es\"},{\"@type\":\"Person\",\"@id\":\"https:\\\/\\\/autofans.com.ar\\\/#\\\/schema\\\/person\\\/4a8dda0b6df83ac3d6723e921274c2aa\",\"name\":\"Alejandro Gabriel Rosito\",\"image\":{\"@type\":\"ImageObject\",\"inLanguage\":\"es\",\"@id\":\"https:\\\/\\\/secure.gravatar.com\\\/avatar\\\/16c5dda1489adfc62618084dcbb91cffd879c374b13fe5dd8e44ed6733852c88?s=96&d=mm&r=g\",\"url\":\"https:\\\/\\\/secure.gravatar.com\\\/avatar\\\/16c5dda1489adfc62618084dcbb91cffd879c374b13fe5dd8e44ed6733852c88?s=96&d=mm&r=g\",\"contentUrl\":\"https:\\\/\\\/secure.gravatar.com\\\/avatar\\\/16c5dda1489adfc62618084dcbb91cffd879c374b13fe5dd8e44ed6733852c88?s=96&d=mm&r=g\",\"caption\":\"Alejandro Gabriel Rosito\"},\"url\":\"https:\\\/\\\/autofans.com.ar\\\/index.php\\\/author\\\/gabrielr\\\/\"}]}<\/script>\n<!-- \/ Yoast SEO plugin. -->","yoast_head_json":{"title":"Royal Enfield en Las Le\u00f1as, motos y aventura en la nieve -","description":"Royal Enfield, fiel a su esp\u00edritu aventurero, estuvo presente nuevamente en Las Le\u00f1as, el centro de ski m\u00e1s importante de Am\u00e9rica Latina...","robots":{"index":"index","follow":"follow","max-snippet":"max-snippet:-1","max-image-preview":"max-image-preview:large","max-video-preview":"max-video-preview:-1"},"canonical":"https:\/\/autofans.com.ar\/index.php\/2024\/09\/16\/royal-enfield-en-las-lenas-motos-y-aventura-en-la-nieve\/","og_locale":"es_ES","og_type":"article","og_title":"Royal Enfield en Las Le\u00f1as, motos y aventura en la nieve -","og_description":"Royal Enfield, fiel a su esp\u00edritu aventurero, estuvo presente nuevamente en Las Le\u00f1as, el centro de ski m\u00e1s importante de Am\u00e9rica Latina...","og_url":"https:\/\/autofans.com.ar\/index.php\/2024\/09\/16\/royal-enfield-en-las-lenas-motos-y-aventura-en-la-nieve\/","article_published_time":"2024-09-16T20:53:22+00:00","og_image":[{"width":994,"height":664,"url":"https:\/\/autofans.com.ar\/wp-content\/uploads\/2024\/09\/Screen-Shot-2024-09-16-at-17.49.56.png","type":"image\/png"}],"author":"Alejandro Gabriel Rosito","twitter_card":"summary_large_image","twitter_misc":{"Escrito por":"Alejandro Gabriel Rosito","Tiempo de lectura":"2 minutos"},"schema":{"@context":"https:\/\/schema.org","@graph":[{"@type":"Article","@id":"https:\/\/autofans.com.ar\/index.php\/2024\/09\/16\/royal-enfield-en-las-lenas-motos-y-aventura-en-la-nieve\/#article","isPartOf":{"@id":"https:\/\/autofans.com.ar\/index.php\/2024\/09\/16\/royal-enfield-en-las-lenas-motos-y-aventura-en-la-nieve\/"},"author":{"name":"Alejandro Gabriel Rosito","@id":"https:\/\/autofans.com.ar\/#\/schema\/person\/4a8dda0b6df83ac3d6723e921274c2aa"},"headline":"Royal Enfield en Las Le\u00f1as, motos y aventura en la nieve","datePublished":"2024-09-16T20:53:22+00:00","mainEntityOfPage":{"@id":"https:\/\/autofans.com.ar\/index.php\/2024\/09\/16\/royal-enfield-en-las-lenas-motos-y-aventura-en-la-nieve\/"},"wordCount":360,"image":{"@id":"https:\/\/autofans.com.ar\/index.php\/2024\/09\/16\/royal-enfield-en-las-lenas-motos-y-aventura-en-la-nieve\/#primaryimage"},"thumbnailUrl":"https:\/\/autofans.com.ar\/wp-content\/uploads\/2024\/09\/Screen-Shot-2024-09-16-at-17.49.56.png","keywords":["aventura en la nieve","D\u00eda del Monta\u00f1\u00e9s","eventos de motos","motos en Las Le\u00f1as","motos para monta\u00f1a","Royal Enfield","Royal Enfield Argentina","Royal Enfield Himalayan"],"articleSection":["MOTOS","NOTICIAS"],"inLanguage":"es"},{"@type":"WebPage","@id":"https:\/\/autofans.com.ar\/index.php\/2024\/09\/16\/royal-enfield-en-las-lenas-motos-y-aventura-en-la-nieve\/","url":"https:\/\/autofans.com.ar\/index.php\/2024\/09\/16\/royal-enfield-en-las-lenas-motos-y-aventura-en-la-nieve\/","name":"Royal Enfield en Las Le\u00f1as, motos y aventura en la nieve -","isPartOf":{"@id":"https:\/\/autofans.com.ar\/#website"},"primaryImageOfPage":{"@id":"https:\/\/autofans.com.ar\/index.php\/2024\/09\/16\/royal-enfield-en-las-lenas-motos-y-aventura-en-la-nieve\/#primaryimage"},"image":{"@id":"https:\/\/autofans.com.ar\/index.php\/2024\/09\/16\/royal-enfield-en-las-lenas-motos-y-aventura-en-la-nieve\/#primaryimage"},"thumbnailUrl":"https:\/\/autofans.com.ar\/wp-content\/uploads\/2024\/09\/Screen-Shot-2024-09-16-at-17.49.56.png","datePublished":"2024-09-16T20:53:22+00:00","author":{"@id":"https:\/\/autofans.com.ar\/#\/schema\/person\/4a8dda0b6df83ac3d6723e921274c2aa"},"description":"Royal Enfield, fiel a su esp\u00edritu aventurero, estuvo presente nuevamente en Las Le\u00f1as, el centro de ski m\u00e1s importante de Am\u00e9rica Latina...","breadcrumb":{"@id":"https:\/\/autofans.com.ar\/index.php\/2024\/09\/16\/royal-enfield-en-las-lenas-motos-y-aventura-en-la-nieve\/#breadcrumb"},"inLanguage":"es","potentialAction":[{"@type":"ReadAction","target":["https:\/\/autofans.com.ar\/index.php\/2024\/09\/16\/royal-enfield-en-las-lenas-motos-y-aventura-en-la-nieve\/"]}]},{"@type":"ImageObject","inLanguage":"es","@id":"https:\/\/autofans.com.ar\/index.php\/2024\/09\/16\/royal-enfield-en-las-lenas-motos-y-aventura-en-la-nieve\/#primaryimage","url":"https:\/\/autofans.com.ar\/wp-content\/uploads\/2024\/09\/Screen-Shot-2024-09-16-at-17.49.56.png","contentUrl":"https:\/\/autofans.com.ar\/wp-content\/uploads\/2024\/09\/Screen-Shot-2024-09-16-at-17.49.56.png","width":994,"height":664,"caption":"Royal Enfield"},{"@type":"BreadcrumbList","@id":"https:\/\/autofans.com.ar\/index.php\/2024\/09\/16\/royal-enfield-en-las-lenas-motos-y-aventura-en-la-nieve\/#breadcrumb","itemListElement":[{"@type":"ListItem","position":1,"name":"Inicio","item":"https:\/\/autofans.com.ar\/"},{"@type":"ListItem","position":2,"name":"Royal Enfield en Las Le\u00f1as, motos y aventura en la nieve"}]},{"@type":"WebSite","@id":"https:\/\/autofans.com.ar\/#website","url":"https:\/\/autofans.com.ar\/","name":"","description":"El multimedio referente de la industria automotriz","potentialAction":[{"@type":"SearchAction","target":{"@type":"EntryPoint","urlTemplate":"https:\/\/autofans.com.ar\/?s={search_term_string}"},"query-input":{"@type":"PropertyValueSpecification","valueRequired":true,"valueName":"search_term_string"}}],"inLanguage":"es"},{"@type":"Person","@id":"https:\/\/autofans.com.ar\/#\/schema\/person\/4a8dda0b6df83ac3d6723e921274c2aa","name":"Alejandro Gabriel Rosito","image":{"@type":"ImageObject","inLanguage":"es","@id":"https:\/\/secure.gravatar.com\/avatar\/16c5dda1489adfc62618084dcbb91cffd879c374b13fe5dd8e44ed6733852c88?s=96&d=mm&r=g","url":"https:\/\/secure.gravatar.com\/avatar\/16c5dda1489adfc62618084dcbb91cffd879c374b13fe5dd8e44ed6733852c88?s=96&d=mm&r=g","contentUrl":"https:\/\/secure.gravatar.com\/avatar\/16c5dda1489adfc62618084dcbb91cffd879c374b13fe5dd8e44ed6733852c88?s=96&d=mm&r=g","caption":"Alejandro Gabriel Rosito"},"url":"https:\/\/autofans.com.ar\/index.php\/author\/gabrielr\/"}]}},"featured_image_urls":{"full":["https:\/\/autofans.com.ar\/wp-content\/uploads\/2024\/09\/Screen-Shot-2024-09-16-at-17.49.56.png",994,664,false],"thumbnail":["https:\/\/autofans.com.ar\/wp-content\/uploads\/2024\/09\/Screen-Shot-2024-09-16-at-17.49.56-150x150.png",150,150,true],"medium":["https:\/\/autofans.com.ar\/wp-content\/uploads\/2024\/09\/Screen-Shot-2024-09-16-at-17.49.56-300x200.png",300,200,true],"medium_large":["https:\/\/autofans.com.ar\/wp-content\/uploads\/2024\/09\/Screen-Shot-2024-09-16-at-17.49.56-768x513.png",640,428,true],"large":["https:\/\/autofans.com.ar\/wp-content\/uploads\/2024\/09\/Screen-Shot-2024-09-16-at-17.49.56.png",640,428,false],"1536x1536":["https:\/\/autofans.com.ar\/wp-content\/uploads\/2024\/09\/Screen-Shot-2024-09-16-at-17.49.56.png",994,664,false],"2048x2048":["https:\/\/autofans.com.ar\/wp-content\/uploads\/2024\/09\/Screen-Shot-2024-09-16-at-17.49.56.png",994,664,false],"covernews-featured":["https:\/\/autofans.com.ar\/wp-content\/uploads\/2024\/09\/Screen-Shot-2024-09-16-at-17.49.56.png",994,664,false],"covernews-medium":["https:\/\/autofans.com.ar\/wp-content\/uploads\/2024\/09\/Screen-Shot-2024-09-16-at-17.49.56-540x340.png",540,340,true]},"author_info":{"display_name":"Alejandro Gabriel Rosito","author_link":"https:\/\/autofans.com.ar\/index.php\/author\/gabrielr\/"},"category_info":"<a href=\"https:\/\/autofans.com.ar\/index.php\/category\/noticias\/motos\/\" rel=\"category tag\">MOTOS<\/a> <a href=\"https:\/\/autofans.com.ar\/index.php\/category\/noticias\/\" rel=\"category tag\">NOTICIAS<\/a>","tag_info":"NOTICIAS","comment_count":0,"_links":{"self":[{"href":"https:\/\/autofans.com.ar\/index.php\/wp-json\/wp\/v2\/posts\/9031","targetHints":{"allow":["GET"]}}],"collection":[{"href":"https:\/\/autofans.com.ar\/index.php\/wp-json\/wp\/v2\/posts"}],"about":[{"href":"https:\/\/autofans.com.ar\/index.php\/wp-json\/wp\/v2\/types\/post"}],"author":[{"embeddable":true,"href":"https:\/\/autofans.com.ar\/index.php\/wp-json\/wp\/v2\/users\/2"}],"replies":[{"embeddable":true,"href":"https:\/\/autofans.com.ar\/index.php\/wp-json\/wp\/v2\/comments?post=9031"}],"version-history":[{"count":2,"href":"https:\/\/autofans.com.ar\/index.php\/wp-json\/wp\/v2\/posts\/9031\/revisions"}],"predecessor-version":[{"id":9040,"href":"https:\/\/autofans.com.ar\/index.php\/wp-json\/wp\/v2\/posts\/9031\/revisions\/9040"}],"wp:featuredmedia":[{"embeddable":true,"href":"https:\/\/autofans.com.ar\/index.php\/wp-json\/wp\/v2\/media\/9037"}],"wp:attachment":[{"href":"https:\/\/autofans.com.ar\/index.php\/wp-json\/wp\/v2\/media?parent=9031"}],"wp:term":[{"taxonomy":"category","embeddable":true,"href":"https:\/\/autofans.com.ar\/index.php\/wp-json\/wp\/v2\/categories?post=9031"},{"taxonomy":"post_tag","embeddable":true,"href":"https:\/\/autofans.com.ar\/index.php\/wp-json\/wp\/v2\/tags?post=9031"}],"curies":[{"name":"wp","href":"https:\/\/api.w.org\/{rel}","templated":true}]}}