{"id":9049,"date":"2024-09-18T17:19:59","date_gmt":"2024-09-18T20:19:59","guid":{"rendered":"https:\/\/autofans.com.ar\/?p=9049"},"modified":"2024-09-18T17:19:59","modified_gmt":"2024-09-18T20:19:59","slug":"la-fabrica-santa-isabel-se-prepara-para-producir-la-nueva-pick-up-de-renault","status":"publish","type":"post","link":"https:\/\/autofans.com.ar\/index.php\/2024\/09\/18\/la-fabrica-santa-isabel-se-prepara-para-producir-la-nueva-pick-up-de-renault\/","title":{"rendered":"La f\u00e1brica Santa Isabel se prepara para producir la nueva pick-up de Renault"},"content":{"rendered":"<p>Renault Argentina anunci\u00f3 una inversi\u00f3n de 350 millones de d\u00f3lares destinada a la producci\u00f3n de una nueva pick-up de media tonelada en su hist\u00f3rica F\u00e1brica Santa Isabel, ubicada en C\u00f3rdoba. Este proyecto forma parte del plan estrat\u00e9gico global \u00abInternational Game Plan\u00bb. Este busca lanzar ocho nuevos modelos de la marca para los mercados internacionales fuera de Europa.<\/p>\n<p>&nbsp;<\/p>\n<blockquote>\n<p style=\"text-align: center;\">\u00abRenault refuerza su compromiso con Am\u00e9rica Latina, especialmente con Argentina, confirmando el proyecto m\u00e1s significativo de su historia. Hoy, anunciamos con orgullo la inversi\u00f3n para fabricar una nueva pick-up de media tonelada, un elemento clave en la transformaci\u00f3n de nuestra marca. Este paso no s\u00f3lo refuerza nuestra presencia en la regi\u00f3n, sino que tambi\u00e9n consolida nuestra estrategia global, tal como se esboz\u00f3 en el International Game Plan el a\u00f1o pasado\u201d,\u00a0afirm\u00f3\u00a0Luiz Fernando Pedrucci, CEO de Renault Am\u00e9rica Latina.<\/p>\n<\/blockquote>\n<p>&nbsp;<\/p>\n<h2>Robustez y tecnolog\u00eda con la plataforma RGMP y el dise\u00f1o Niagara Concept<\/h2>\n<p>&nbsp;<\/p>\n<p><img fetchpriority=\"high\" decoding=\"async\" class=\"aligncenter wp-image-9053 size-full\" src=\"https:\/\/autofans.com.ar\/wp-content\/uploads\/2024\/09\/Renault-4.jpg\" alt=\"Renault\" width=\"1000\" height=\"667\" srcset=\"https:\/\/autofans.com.ar\/wp-content\/uploads\/2024\/09\/Renault-4.jpg 1000w, https:\/\/autofans.com.ar\/wp-content\/uploads\/2024\/09\/Renault-4-300x200.jpg 300w, https:\/\/autofans.com.ar\/wp-content\/uploads\/2024\/09\/Renault-4-768x512.jpg 768w\" sizes=\"(max-width: 1000px) 100vw, 1000px\" \/><\/p>\n<p>&nbsp;<\/p>\n<p>Este nuevo modelo se producir\u00e1 sobre la innovadora Renault Group Modular Platform (RGMP), una plataforma global y vers\u00e1til que permite adaptar la longitud y motorizaci\u00f3n de los veh\u00edculos. La pick-up estar\u00e1 inspirada en el \u00abNiagara Concept\u00bb, un dise\u00f1o que combina robustez y tecnolog\u00eda, marcando el futuro est\u00e9tico de los veh\u00edculos de la marca. Adem\u00e1s, ser\u00e1 el primer veh\u00edculo industrializado en Argentina bajo esta plataforma. Tambi\u00e9n utiliza el recientemente lanzado SUV Kardian.<\/p>\n<p>&nbsp;<\/p>\n<blockquote>\n<p style=\"text-align: center;\">\u00abEn el camino hacia los 70 a\u00f1os de nuestra querida F\u00e1brica Santa Isabel, el lanzamiento de esta pick up de media tonelada fabricada exclusivamente en Argentina, marca un nuevo cap\u00edtulo en nuestra rica historia industrial en nuestro pa\u00eds. \u00ab,\u00a0se\u00f1al\u00f3 Pablo Sibilla, Presidente y Director General de Renault Argentina. \u00abCon un perfil exportador que alcanzar\u00e1 entre el 65% y el 70% de la producci\u00f3n, reafirmamos la capacidad y el talento de la industria argentina, consolid\u00e1ndola como un pilar estrat\u00e9gico en nuestra operaci\u00f3n global\u00bb,\u00a0agreg\u00f3 el directivo.<\/p>\n<\/blockquote>\n<p>&nbsp;<\/p>\n<h2>Renault &#8211; casi 70 a\u00f1os de historia<\/h2>\n<p>&nbsp;<\/p>\n<div id='gallery-1' class='gallery galleryid-9049 gallery-columns-2 gallery-size-full'><figure class='gallery-item'>\n\t\t\t<div class='gallery-icon landscape'>\n\t\t\t\t<a href='https:\/\/autofans.com.ar\/index.php\/2024\/09\/18\/la-fabrica-santa-isabel-se-prepara-para-producir-la-nueva-pick-up-de-renault\/renault-1-11\/'><img loading=\"lazy\" width=\"1000\" height=\"667\" src=\"https:\/\/autofans.com.ar\/wp-content\/uploads\/2024\/09\/Renault-1.jpg\" class=\"attachment-full size-full\" alt=\"Renault-1\" srcset=\"https:\/\/autofans.com.ar\/wp-content\/uploads\/2024\/09\/Renault-1.jpg 1000w, https:\/\/autofans.com.ar\/wp-content\/uploads\/2024\/09\/Renault-1-300x200.jpg 300w, https:\/\/autofans.com.ar\/wp-content\/uploads\/2024\/09\/Renault-1-768x512.jpg 768w\" sizes=\"auto, (max-width: 1000px) 100vw, 1000px\" loading=\"lazy\" decoding=\"async\" \/><\/a>\n\t\t\t<\/div><\/figure><figure class='gallery-item'>\n\t\t\t<div class='gallery-icon landscape'>\n\t\t\t\t<a href='https:\/\/autofans.com.ar\/index.php\/2024\/09\/18\/la-fabrica-santa-isabel-se-prepara-para-producir-la-nueva-pick-up-de-renault\/renault-5-4\/'><img loading=\"lazy\" width=\"1000\" height=\"667\" src=\"https:\/\/autofans.com.ar\/wp-content\/uploads\/2024\/09\/Renault-5.jpg\" class=\"attachment-full size-full\" alt=\"Renault\" srcset=\"https:\/\/autofans.com.ar\/wp-content\/uploads\/2024\/09\/Renault-5.jpg 1000w, https:\/\/autofans.com.ar\/wp-content\/uploads\/2024\/09\/Renault-5-300x200.jpg 300w, https:\/\/autofans.com.ar\/wp-content\/uploads\/2024\/09\/Renault-5-768x512.jpg 768w\" sizes=\"auto, (max-width: 1000px) 100vw, 1000px\" loading=\"lazy\" decoding=\"async\" \/><\/a>\n\t\t\t<\/div><\/figure>\n\t\t<\/div>\n\n<p>&nbsp;<\/p>\n<p>&nbsp;<\/p>\n<p>La producci\u00f3n inicial de esta pick-up estar\u00e1 destinada exclusivamente a la exportaci\u00f3n, fortaleciendo la posici\u00f3n de la f\u00e1brica argentina en el plano internacional. <a href=\"https:\/\/autofans.com.ar\/index.php\/2024\/05\/10\/renault-argentina-comienza-a-exportar-kangoo-a-brasil\/\" target=\"_blank\" rel=\"noopener\">La F\u00e1brica Santa Isabel<\/a>, que est\u00e1 cerca de cumplir 70 a\u00f1os de operaci\u00f3n ininterrumpida, ha sido clave en la historia automotriz de Argentina, con m\u00e1s de 3,4 millones de veh\u00edculos fabricados desde 1959. Actualmente, produce seis modelos, entre ellos la Renault Alaskan, y emplea a m\u00e1s de 2.200 personas.<\/p>\n<p>&nbsp;<\/p>\n<p><center><iframe title=\"Niagara la nueva pick-up de Renault\" width=\"640\" height=\"360\" src=\"https:\/\/www.youtube.com\/embed\/HVYR3wAYVzM?feature=oembed\" frameborder=\"0\" allow=\"accelerometer; autoplay; clipboard-write; encrypted-media; gyroscope; picture-in-picture; web-share\" referrerpolicy=\"strict-origin-when-cross-origin\" allowfullscreen><\/iframe><\/p>\n<p>&nbsp;<\/p>\n<p>&nbsp;<\/p>\n<p>&nbsp;<\/p>\n<p>&nbsp;<\/p>\n<p>&nbsp;<\/p>\n<p><\/center><i>Para enterarte de m\u00e1s novedades, no dejes de leer\u00a0<\/i><a href=\"https:\/\/autofans.thebrandsoup.com\/\"><i>nuestras notas<\/i><\/a><i>, de ver<\/i><b><i>\u00a0<\/i><\/b><a href=\"https:\/\/www.youtube.com\/channel\/UCgAC8UGHZYbT6P7PpmVnP7g\"><b><i>AUTOFANS TV<\/i><\/b><\/a><b><i>\u00a0<\/i><\/b><i>en nuestro\u00a0canal de Youtube. Adem\u00e1s seguinos en\u00a0<\/i><a href=\"https:\/\/www.instagram.com\/autofanstv\/\"><i>INSTAGRAM<\/i><\/a><i> y <\/i><a href=\"https:\/\/www.facebook.com\/autofansmas\/\"><i>FACEBOOK<\/i><\/a><i> para no perderte nada sobre las novedades del segmento automotor de Argentina y el mundo.<\/i><\/p>\n<p>&nbsp;<\/p>\n<p>&nbsp;<\/p>\n","protected":false},"excerpt":{"rendered":"<p>Renault Argentina anunci\u00f3 una inversi\u00f3n de 350 millones de d\u00f3lares destinada a la producci\u00f3n de&#8230;<\/p>\n","protected":false},"author":2,"featured_media":9054,"comment_status":"closed","ping_status":"closed","sticky":false,"template":"","format":"standard","meta":{"footnotes":""},"categories":[292,16],"tags":[4848,900,4843,4845,4844,4641,4847,565,4846],"class_list":["post-9049","post","type-post","status-publish","format-standard","has-post-thumbnail","hentry","category-empresas","category-noticias","tag-exportacion-vehiculos-renault","tag-fabrica-santa-isabel","tag-inversion-renault","tag-niagara-concept","tag-pick-up-media-tonelada","tag-plataforma-rgmp","tag-produccion-automotriz-cordoba","tag-renault-argentina","tag-renault-group-modular-platform"],"yoast_head":"<!-- This site is optimized with the Yoast SEO plugin v27.5 - https:\/\/yoast.com\/product\/yoast-seo-wordpress\/ -->\n<title>La f\u00e1brica Santa Isabel se prepara para producir la nueva pick-up de Renault -<\/title>\n<meta name=\"description\" content=\"Renault Argentina anunci\u00f3 una inversi\u00f3n de 350 millones de d\u00f3lares destinada a la producci\u00f3n de una nueva pick-up de media tonelada...\" \/>\n<meta name=\"robots\" content=\"index, follow, max-snippet:-1, max-image-preview:large, max-video-preview:-1\" \/>\n<link rel=\"canonical\" href=\"https:\/\/autofans.com.ar\/index.php\/2024\/09\/18\/la-fabrica-santa-isabel-se-prepara-para-producir-la-nueva-pick-up-de-renault\/\" \/>\n<meta property=\"og:locale\" content=\"es_ES\" \/>\n<meta property=\"og:type\" content=\"article\" \/>\n<meta property=\"og:title\" content=\"La f\u00e1brica Santa Isabel se prepara para producir la nueva pick-up de Renault -\" \/>\n<meta property=\"og:description\" content=\"Renault Argentina anunci\u00f3 una inversi\u00f3n de 350 millones de d\u00f3lares destinada a la producci\u00f3n de una nueva pick-up de media tonelada...\" \/>\n<meta property=\"og:url\" content=\"https:\/\/autofans.com.ar\/index.php\/2024\/09\/18\/la-fabrica-santa-isabel-se-prepara-para-producir-la-nueva-pick-up-de-renault\/\" \/>\n<meta property=\"article:published_time\" content=\"2024-09-18T20:19:59+00:00\" \/>\n<meta property=\"og:image\" content=\"https:\/\/autofans.com.ar\/wp-content\/uploads\/2024\/09\/Renault-3.jpg\" \/>\n\t<meta property=\"og:image:width\" content=\"640\" \/>\n\t<meta property=\"og:image:height\" content=\"427\" \/>\n\t<meta property=\"og:image:type\" content=\"image\/jpeg\" \/>\n<meta name=\"author\" content=\"Alejandro Gabriel Rosito\" \/>\n<meta name=\"twitter:card\" content=\"summary_large_image\" \/>\n<meta name=\"twitter:label1\" content=\"Escrito por\" \/>\n\t<meta name=\"twitter:data1\" content=\"Alejandro Gabriel Rosito\" \/>\n\t<meta name=\"twitter:label2\" content=\"Tiempo de lectura\" \/>\n\t<meta name=\"twitter:data2\" content=\"2 minutos\" \/>\n<script type=\"application\/ld+json\" class=\"yoast-schema-graph\">{\"@context\":\"https:\\\/\\\/schema.org\",\"@graph\":[{\"@type\":\"Article\",\"@id\":\"https:\\\/\\\/autofans.com.ar\\\/index.php\\\/2024\\\/09\\\/18\\\/la-fabrica-santa-isabel-se-prepara-para-producir-la-nueva-pick-up-de-renault\\\/#article\",\"isPartOf\":{\"@id\":\"https:\\\/\\\/autofans.com.ar\\\/index.php\\\/2024\\\/09\\\/18\\\/la-fabrica-santa-isabel-se-prepara-para-producir-la-nueva-pick-up-de-renault\\\/\"},\"author\":{\"name\":\"Alejandro Gabriel Rosito\",\"@id\":\"https:\\\/\\\/autofans.com.ar\\\/#\\\/schema\\\/person\\\/4a8dda0b6df83ac3d6723e921274c2aa\"},\"headline\":\"La f\u00e1brica Santa Isabel se prepara para producir la nueva pick-up de Renault\",\"datePublished\":\"2024-09-18T20:19:59+00:00\",\"mainEntityOfPage\":{\"@id\":\"https:\\\/\\\/autofans.com.ar\\\/index.php\\\/2024\\\/09\\\/18\\\/la-fabrica-santa-isabel-se-prepara-para-producir-la-nueva-pick-up-de-renault\\\/\"},\"wordCount\":508,\"image\":{\"@id\":\"https:\\\/\\\/autofans.com.ar\\\/index.php\\\/2024\\\/09\\\/18\\\/la-fabrica-santa-isabel-se-prepara-para-producir-la-nueva-pick-up-de-renault\\\/#primaryimage\"},\"thumbnailUrl\":\"https:\\\/\\\/autofans.com.ar\\\/wp-content\\\/uploads\\\/2024\\\/09\\\/Renault-3.jpg\",\"keywords\":[\"exportaci\u00f3n veh\u00edculos Renault\",\"F\u00e1brica Santa Isabel\",\"inversi\u00f3n Renault\",\"Niagara Concept\",\"pick-up media tonelada\",\"plataforma RGMP\",\"producci\u00f3n automotriz C\u00f3rdoba\",\"Renault Argentina\",\"Renault Group Modular Platform\"],\"articleSection\":[\"EMPRESAS\",\"NOTICIAS\"],\"inLanguage\":\"es\"},{\"@type\":\"WebPage\",\"@id\":\"https:\\\/\\\/autofans.com.ar\\\/index.php\\\/2024\\\/09\\\/18\\\/la-fabrica-santa-isabel-se-prepara-para-producir-la-nueva-pick-up-de-renault\\\/\",\"url\":\"https:\\\/\\\/autofans.com.ar\\\/index.php\\\/2024\\\/09\\\/18\\\/la-fabrica-santa-isabel-se-prepara-para-producir-la-nueva-pick-up-de-renault\\\/\",\"name\":\"La f\u00e1brica Santa Isabel se prepara para producir la nueva pick-up de Renault -\",\"isPartOf\":{\"@id\":\"https:\\\/\\\/autofans.com.ar\\\/#website\"},\"primaryImageOfPage\":{\"@id\":\"https:\\\/\\\/autofans.com.ar\\\/index.php\\\/2024\\\/09\\\/18\\\/la-fabrica-santa-isabel-se-prepara-para-producir-la-nueva-pick-up-de-renault\\\/#primaryimage\"},\"image\":{\"@id\":\"https:\\\/\\\/autofans.com.ar\\\/index.php\\\/2024\\\/09\\\/18\\\/la-fabrica-santa-isabel-se-prepara-para-producir-la-nueva-pick-up-de-renault\\\/#primaryimage\"},\"thumbnailUrl\":\"https:\\\/\\\/autofans.com.ar\\\/wp-content\\\/uploads\\\/2024\\\/09\\\/Renault-3.jpg\",\"datePublished\":\"2024-09-18T20:19:59+00:00\",\"author\":{\"@id\":\"https:\\\/\\\/autofans.com.ar\\\/#\\\/schema\\\/person\\\/4a8dda0b6df83ac3d6723e921274c2aa\"},\"description\":\"Renault Argentina anunci\u00f3 una inversi\u00f3n de 350 millones de d\u00f3lares destinada a la producci\u00f3n de una nueva pick-up de media tonelada...\",\"breadcrumb\":{\"@id\":\"https:\\\/\\\/autofans.com.ar\\\/index.php\\\/2024\\\/09\\\/18\\\/la-fabrica-santa-isabel-se-prepara-para-producir-la-nueva-pick-up-de-renault\\\/#breadcrumb\"},\"inLanguage\":\"es\",\"potentialAction\":[{\"@type\":\"ReadAction\",\"target\":[\"https:\\\/\\\/autofans.com.ar\\\/index.php\\\/2024\\\/09\\\/18\\\/la-fabrica-santa-isabel-se-prepara-para-producir-la-nueva-pick-up-de-renault\\\/\"]}]},{\"@type\":\"ImageObject\",\"inLanguage\":\"es\",\"@id\":\"https:\\\/\\\/autofans.com.ar\\\/index.php\\\/2024\\\/09\\\/18\\\/la-fabrica-santa-isabel-se-prepara-para-producir-la-nueva-pick-up-de-renault\\\/#primaryimage\",\"url\":\"https:\\\/\\\/autofans.com.ar\\\/wp-content\\\/uploads\\\/2024\\\/09\\\/Renault-3.jpg\",\"contentUrl\":\"https:\\\/\\\/autofans.com.ar\\\/wp-content\\\/uploads\\\/2024\\\/09\\\/Renault-3.jpg\",\"width\":1000,\"height\":667,\"caption\":\"Renault\"},{\"@type\":\"BreadcrumbList\",\"@id\":\"https:\\\/\\\/autofans.com.ar\\\/index.php\\\/2024\\\/09\\\/18\\\/la-fabrica-santa-isabel-se-prepara-para-producir-la-nueva-pick-up-de-renault\\\/#breadcrumb\",\"itemListElement\":[{\"@type\":\"ListItem\",\"position\":1,\"name\":\"Inicio\",\"item\":\"https:\\\/\\\/autofans.com.ar\\\/\"},{\"@type\":\"ListItem\",\"position\":2,\"name\":\"La f\u00e1brica Santa Isabel se prepara para producir la nueva pick-up de Renault\"}]},{\"@type\":\"WebSite\",\"@id\":\"https:\\\/\\\/autofans.com.ar\\\/#website\",\"url\":\"https:\\\/\\\/autofans.com.ar\\\/\",\"name\":\"\",\"description\":\"El multimedio referente de la industria automotriz\",\"potentialAction\":[{\"@type\":\"SearchAction\",\"target\":{\"@type\":\"EntryPoint\",\"urlTemplate\":\"https:\\\/\\\/autofans.com.ar\\\/?s={search_term_string}\"},\"query-input\":{\"@type\":\"PropertyValueSpecification\",\"valueRequired\":true,\"valueName\":\"search_term_string\"}}],\"inLanguage\":\"es\"},{\"@type\":\"Person\",\"@id\":\"https:\\\/\\\/autofans.com.ar\\\/#\\\/schema\\\/person\\\/4a8dda0b6df83ac3d6723e921274c2aa\",\"name\":\"Alejandro Gabriel Rosito\",\"image\":{\"@type\":\"ImageObject\",\"inLanguage\":\"es\",\"@id\":\"https:\\\/\\\/secure.gravatar.com\\\/avatar\\\/16c5dda1489adfc62618084dcbb91cffd879c374b13fe5dd8e44ed6733852c88?s=96&d=mm&r=g\",\"url\":\"https:\\\/\\\/secure.gravatar.com\\\/avatar\\\/16c5dda1489adfc62618084dcbb91cffd879c374b13fe5dd8e44ed6733852c88?s=96&d=mm&r=g\",\"contentUrl\":\"https:\\\/\\\/secure.gravatar.com\\\/avatar\\\/16c5dda1489adfc62618084dcbb91cffd879c374b13fe5dd8e44ed6733852c88?s=96&d=mm&r=g\",\"caption\":\"Alejandro Gabriel Rosito\"},\"url\":\"https:\\\/\\\/autofans.com.ar\\\/index.php\\\/author\\\/gabrielr\\\/\"}]}<\/script>\n<!-- \/ Yoast SEO plugin. -->","yoast_head_json":{"title":"La f\u00e1brica Santa Isabel se prepara para producir la nueva pick-up de Renault -","description":"Renault Argentina anunci\u00f3 una inversi\u00f3n de 350 millones de d\u00f3lares destinada a la producci\u00f3n de una nueva pick-up de media tonelada...","robots":{"index":"index","follow":"follow","max-snippet":"max-snippet:-1","max-image-preview":"max-image-preview:large","max-video-preview":"max-video-preview:-1"},"canonical":"https:\/\/autofans.com.ar\/index.php\/2024\/09\/18\/la-fabrica-santa-isabel-se-prepara-para-producir-la-nueva-pick-up-de-renault\/","og_locale":"es_ES","og_type":"article","og_title":"La f\u00e1brica Santa Isabel se prepara para producir la nueva pick-up de Renault -","og_description":"Renault Argentina anunci\u00f3 una inversi\u00f3n de 350 millones de d\u00f3lares destinada a la producci\u00f3n de una nueva pick-up de media tonelada...","og_url":"https:\/\/autofans.com.ar\/index.php\/2024\/09\/18\/la-fabrica-santa-isabel-se-prepara-para-producir-la-nueva-pick-up-de-renault\/","article_published_time":"2024-09-18T20:19:59+00:00","og_image":[{"url":"https:\/\/autofans.com.ar\/wp-content\/uploads\/2024\/09\/Renault-3.jpg","width":640,"height":427,"type":"image\/jpeg"}],"author":"Alejandro Gabriel Rosito","twitter_card":"summary_large_image","twitter_misc":{"Escrito por":"Alejandro Gabriel Rosito","Tiempo de lectura":"2 minutos"},"schema":{"@context":"https:\/\/schema.org","@graph":[{"@type":"Article","@id":"https:\/\/autofans.com.ar\/index.php\/2024\/09\/18\/la-fabrica-santa-isabel-se-prepara-para-producir-la-nueva-pick-up-de-renault\/#article","isPartOf":{"@id":"https:\/\/autofans.com.ar\/index.php\/2024\/09\/18\/la-fabrica-santa-isabel-se-prepara-para-producir-la-nueva-pick-up-de-renault\/"},"author":{"name":"Alejandro Gabriel Rosito","@id":"https:\/\/autofans.com.ar\/#\/schema\/person\/4a8dda0b6df83ac3d6723e921274c2aa"},"headline":"La f\u00e1brica Santa Isabel se prepara para producir la nueva pick-up de Renault","datePublished":"2024-09-18T20:19:59+00:00","mainEntityOfPage":{"@id":"https:\/\/autofans.com.ar\/index.php\/2024\/09\/18\/la-fabrica-santa-isabel-se-prepara-para-producir-la-nueva-pick-up-de-renault\/"},"wordCount":508,"image":{"@id":"https:\/\/autofans.com.ar\/index.php\/2024\/09\/18\/la-fabrica-santa-isabel-se-prepara-para-producir-la-nueva-pick-up-de-renault\/#primaryimage"},"thumbnailUrl":"https:\/\/autofans.com.ar\/wp-content\/uploads\/2024\/09\/Renault-3.jpg","keywords":["exportaci\u00f3n veh\u00edculos Renault","F\u00e1brica Santa Isabel","inversi\u00f3n Renault","Niagara Concept","pick-up media tonelada","plataforma RGMP","producci\u00f3n automotriz C\u00f3rdoba","Renault Argentina","Renault Group Modular Platform"],"articleSection":["EMPRESAS","NOTICIAS"],"inLanguage":"es"},{"@type":"WebPage","@id":"https:\/\/autofans.com.ar\/index.php\/2024\/09\/18\/la-fabrica-santa-isabel-se-prepara-para-producir-la-nueva-pick-up-de-renault\/","url":"https:\/\/autofans.com.ar\/index.php\/2024\/09\/18\/la-fabrica-santa-isabel-se-prepara-para-producir-la-nueva-pick-up-de-renault\/","name":"La f\u00e1brica Santa Isabel se prepara para producir la nueva pick-up de Renault -","isPartOf":{"@id":"https:\/\/autofans.com.ar\/#website"},"primaryImageOfPage":{"@id":"https:\/\/autofans.com.ar\/index.php\/2024\/09\/18\/la-fabrica-santa-isabel-se-prepara-para-producir-la-nueva-pick-up-de-renault\/#primaryimage"},"image":{"@id":"https:\/\/autofans.com.ar\/index.php\/2024\/09\/18\/la-fabrica-santa-isabel-se-prepara-para-producir-la-nueva-pick-up-de-renault\/#primaryimage"},"thumbnailUrl":"https:\/\/autofans.com.ar\/wp-content\/uploads\/2024\/09\/Renault-3.jpg","datePublished":"2024-09-18T20:19:59+00:00","author":{"@id":"https:\/\/autofans.com.ar\/#\/schema\/person\/4a8dda0b6df83ac3d6723e921274c2aa"},"description":"Renault Argentina anunci\u00f3 una inversi\u00f3n de 350 millones de d\u00f3lares destinada a la producci\u00f3n de una nueva pick-up de media tonelada...","breadcrumb":{"@id":"https:\/\/autofans.com.ar\/index.php\/2024\/09\/18\/la-fabrica-santa-isabel-se-prepara-para-producir-la-nueva-pick-up-de-renault\/#breadcrumb"},"inLanguage":"es","potentialAction":[{"@type":"ReadAction","target":["https:\/\/autofans.com.ar\/index.php\/2024\/09\/18\/la-fabrica-santa-isabel-se-prepara-para-producir-la-nueva-pick-up-de-renault\/"]}]},{"@type":"ImageObject","inLanguage":"es","@id":"https:\/\/autofans.com.ar\/index.php\/2024\/09\/18\/la-fabrica-santa-isabel-se-prepara-para-producir-la-nueva-pick-up-de-renault\/#primaryimage","url":"https:\/\/autofans.com.ar\/wp-content\/uploads\/2024\/09\/Renault-3.jpg","contentUrl":"https:\/\/autofans.com.ar\/wp-content\/uploads\/2024\/09\/Renault-3.jpg","width":1000,"height":667,"caption":"Renault"},{"@type":"BreadcrumbList","@id":"https:\/\/autofans.com.ar\/index.php\/2024\/09\/18\/la-fabrica-santa-isabel-se-prepara-para-producir-la-nueva-pick-up-de-renault\/#breadcrumb","itemListElement":[{"@type":"ListItem","position":1,"name":"Inicio","item":"https:\/\/autofans.com.ar\/"},{"@type":"ListItem","position":2,"name":"La f\u00e1brica Santa Isabel se prepara para producir la nueva pick-up de Renault"}]},{"@type":"WebSite","@id":"https:\/\/autofans.com.ar\/#website","url":"https:\/\/autofans.com.ar\/","name":"","description":"El multimedio referente de la industria automotriz","potentialAction":[{"@type":"SearchAction","target":{"@type":"EntryPoint","urlTemplate":"https:\/\/autofans.com.ar\/?s={search_term_string}"},"query-input":{"@type":"PropertyValueSpecification","valueRequired":true,"valueName":"search_term_string"}}],"inLanguage":"es"},{"@type":"Person","@id":"https:\/\/autofans.com.ar\/#\/schema\/person\/4a8dda0b6df83ac3d6723e921274c2aa","name":"Alejandro Gabriel Rosito","image":{"@type":"ImageObject","inLanguage":"es","@id":"https:\/\/secure.gravatar.com\/avatar\/16c5dda1489adfc62618084dcbb91cffd879c374b13fe5dd8e44ed6733852c88?s=96&d=mm&r=g","url":"https:\/\/secure.gravatar.com\/avatar\/16c5dda1489adfc62618084dcbb91cffd879c374b13fe5dd8e44ed6733852c88?s=96&d=mm&r=g","contentUrl":"https:\/\/secure.gravatar.com\/avatar\/16c5dda1489adfc62618084dcbb91cffd879c374b13fe5dd8e44ed6733852c88?s=96&d=mm&r=g","caption":"Alejandro Gabriel Rosito"},"url":"https:\/\/autofans.com.ar\/index.php\/author\/gabrielr\/"}]}},"featured_image_urls":{"full":["https:\/\/autofans.com.ar\/wp-content\/uploads\/2024\/09\/Renault-3.jpg",1000,667,false],"thumbnail":["https:\/\/autofans.com.ar\/wp-content\/uploads\/2024\/09\/Renault-3-150x150.jpg",150,150,true],"medium":["https:\/\/autofans.com.ar\/wp-content\/uploads\/2024\/09\/Renault-3-300x200.jpg",300,200,true],"medium_large":["https:\/\/autofans.com.ar\/wp-content\/uploads\/2024\/09\/Renault-3-768x512.jpg",640,427,true],"large":["https:\/\/autofans.com.ar\/wp-content\/uploads\/2024\/09\/Renault-3.jpg",640,427,false],"1536x1536":["https:\/\/autofans.com.ar\/wp-content\/uploads\/2024\/09\/Renault-3.jpg",1000,667,false],"2048x2048":["https:\/\/autofans.com.ar\/wp-content\/uploads\/2024\/09\/Renault-3.jpg",1000,667,false],"covernews-featured":["https:\/\/autofans.com.ar\/wp-content\/uploads\/2024\/09\/Renault-3.jpg",1000,667,false],"covernews-medium":["https:\/\/autofans.com.ar\/wp-content\/uploads\/2024\/09\/Renault-3-540x340.jpg",540,340,true]},"author_info":{"display_name":"Alejandro Gabriel Rosito","author_link":"https:\/\/autofans.com.ar\/index.php\/author\/gabrielr\/"},"category_info":"<a href=\"https:\/\/autofans.com.ar\/index.php\/category\/noticias\/empresas\/\" rel=\"category tag\">EMPRESAS<\/a> <a href=\"https:\/\/autofans.com.ar\/index.php\/category\/noticias\/\" rel=\"category tag\">NOTICIAS<\/a>","tag_info":"NOTICIAS","comment_count":0,"_links":{"self":[{"href":"https:\/\/autofans.com.ar\/index.php\/wp-json\/wp\/v2\/posts\/9049","targetHints":{"allow":["GET"]}}],"collection":[{"href":"https:\/\/autofans.com.ar\/index.php\/wp-json\/wp\/v2\/posts"}],"about":[{"href":"https:\/\/autofans.com.ar\/index.php\/wp-json\/wp\/v2\/types\/post"}],"author":[{"embeddable":true,"href":"https:\/\/autofans.com.ar\/index.php\/wp-json\/wp\/v2\/users\/2"}],"replies":[{"embeddable":true,"href":"https:\/\/autofans.com.ar\/index.php\/wp-json\/wp\/v2\/comments?post=9049"}],"version-history":[{"count":7,"href":"https:\/\/autofans.com.ar\/index.php\/wp-json\/wp\/v2\/posts\/9049\/revisions"}],"predecessor-version":[{"id":9061,"href":"https:\/\/autofans.com.ar\/index.php\/wp-json\/wp\/v2\/posts\/9049\/revisions\/9061"}],"wp:featuredmedia":[{"embeddable":true,"href":"https:\/\/autofans.com.ar\/index.php\/wp-json\/wp\/v2\/media\/9054"}],"wp:attachment":[{"href":"https:\/\/autofans.com.ar\/index.php\/wp-json\/wp\/v2\/media?parent=9049"}],"wp:term":[{"taxonomy":"category","embeddable":true,"href":"https:\/\/autofans.com.ar\/index.php\/wp-json\/wp\/v2\/categories?post=9049"},{"taxonomy":"post_tag","embeddable":true,"href":"https:\/\/autofans.com.ar\/index.php\/wp-json\/wp\/v2\/tags?post=9049"}],"curies":[{"name":"wp","href":"https:\/\/api.w.org\/{rel}","templated":true}]}}