{"id":9064,"date":"2024-09-19T16:46:57","date_gmt":"2024-09-19T19:46:57","guid":{"rendered":"https:\/\/autofans.com.ar\/?p=9064"},"modified":"2024-09-19T16:46:57","modified_gmt":"2024-09-19T19:46:57","slug":"eactros-600-el-camion-electrico-de-mercedes-benz-que-marca-el-futuro-del-transporte-de-larga-distancia","status":"publish","type":"post","link":"https:\/\/autofans.com.ar\/index.php\/2024\/09\/19\/eactros-600-el-camion-electrico-de-mercedes-benz-que-marca-el-futuro-del-transporte-de-larga-distancia\/","title":{"rendered":"eActros 600 el cami\u00f3n el\u00e9ctrico de Mercedes-Benz que marca el futuro del transporte de larga distancia"},"content":{"rendered":"<p>El Mercedes-Benz eActros 600, un cami\u00f3n el\u00e9ctrico de bater\u00eda, ha sido votado como el Cami\u00f3n Internacional del A\u00f1o 2025 por un jurado compuesto por periodistas especializados de 24 pa\u00edses europeos. Este prestigioso premio, entregado en la feria IAA Transporte 2024 en Hannover, marca la d\u00e9cima ocasi\u00f3n en que Mercedes-Benz Trucks recibe este galard\u00f3n, consolidando su liderazgo en el sector de veh\u00edculos comerciales.<\/p>\n<p>&nbsp;<\/p>\n<blockquote>\n<p style=\"text-align: center;\">\u00abDesde el principio, Mercedes-Benz Trucks dise\u00f1\u00f3 el eActros 600 como un cami\u00f3n el\u00e9ctrico. El resultado es un veh\u00edculo el\u00e9ctrico de bater\u00eda de \u00faltima generaci\u00f3n que es apto para una amplia gama de aplicaciones de larga distancia\u00bb, se\u00f1al\u00f3 Gianenrico Griffini, resumiendo la decisi\u00f3n del jurado.<\/p>\n<\/blockquote>\n<p>&nbsp;<\/p>\n<h2>15.000 km de pruebas y una autonom\u00eda que supera los 600 km<\/h2>\n<p>&nbsp;<\/p>\n<p><img fetchpriority=\"high\" decoding=\"async\" class=\"aligncenter wp-image-9069 size-full\" src=\"https:\/\/autofans.com.ar\/wp-content\/uploads\/2024\/09\/mercedes-3-1.jpg\" alt=\"eActros 600\" width=\"1000\" height=\"667\" srcset=\"https:\/\/autofans.com.ar\/wp-content\/uploads\/2024\/09\/mercedes-3-1.jpg 1000w, https:\/\/autofans.com.ar\/wp-content\/uploads\/2024\/09\/mercedes-3-1-300x200.jpg 300w, https:\/\/autofans.com.ar\/wp-content\/uploads\/2024\/09\/mercedes-3-1-768x512.jpg 768w\" sizes=\"(max-width: 1000px) 100vw, 1000px\" \/><\/p>\n<p>&nbsp;<\/p>\n<p>El jurado elogi\u00f3 la innovaci\u00f3n tecnol\u00f3gica del eActros 600. Destacando su moderna propulsi\u00f3n el\u00e9ctrica, alta eficiencia energ\u00e9tica y autonom\u00eda de 500 kil\u00f3metros sin necesidad de recargas intermedias. Durante el \u00abeActros 600 European Testing Tour 2024\u00bb. El cami\u00f3n recorri\u00f3 m\u00e1s de 15.000 kil\u00f3metros a trav\u00e9s de 22 pa\u00edses, demostrando su capacidad para superar incluso los 600 kil\u00f3metros de autonom\u00eda en condiciones \u00f3ptimas. Esta haza\u00f1a fue posible gracias a la aerodin\u00e1mica mejorada de su nueva cabina ProCabin y a la regeneraci\u00f3n de energ\u00eda, que optimiza el consumo.<\/p>\n<p>&nbsp;<\/p>\n<blockquote>\n<p style=\"text-align: center;\">\u00abEstamos orgullosos y emocionados de que el jurado haya seleccionado nuestro eActros 600 como &#8216;Cami\u00f3n Internacional del A\u00f1o 2025&#8217;. Casi todos los miembros del jurado ya pasaron tiempo al volante, probando el eActros 600 en las rutas de toda Europa, por lo que han tenido la oportunidad de experimentar personalmente la capacidad de rendimiento del cami\u00f3n. Hoy es un d\u00eda de orgullo para los equipos que han trabajado tan duro en los \u00faltimos a\u00f1os para hacer de este cami\u00f3n un l\u00edder en el mercado\u00bb, expres\u00f3 Karin R\u00e5dstr\u00f6m.<\/p>\n<\/blockquote>\n<p>&nbsp;<\/p>\n<h2>El eActros 600 de Mercedes-Benz promete superar los 1.000 km diarios<\/h2>\n<p>El eActros 600 cuenta con un innovador eje el\u00e9ctrico de 800 voltios, motores el\u00e9ctricos que generan hasta 600 kW de potencia m\u00e1xima y una transmisi\u00f3n de cuatro velocidades. Adem\u00e1s, su sistema Predictive Powertrain Control (PPC) adapta la conducci\u00f3n a la topograf\u00eda y se\u00f1ales de tr\u00e1fico para mejorar la eficiencia.<\/p>\n<p>&nbsp;<\/p>\n<div id='gallery-1' class='gallery galleryid-9064 gallery-columns-3 gallery-size-full'><figure class='gallery-item'>\n\t\t\t<div class='gallery-icon landscape'>\n\t\t\t\t<a href='https:\/\/autofans.com.ar\/index.php\/2024\/09\/19\/eactros-600-el-camion-electrico-de-mercedes-benz-que-marca-el-futuro-del-transporte-de-larga-distancia\/mercedes-2-25\/'><img loading=\"lazy\" width=\"1000\" height=\"667\" src=\"https:\/\/autofans.com.ar\/wp-content\/uploads\/2024\/09\/mercedes-2-1.jpg\" class=\"attachment-full size-full\" alt=\"eActros 600\" srcset=\"https:\/\/autofans.com.ar\/wp-content\/uploads\/2024\/09\/mercedes-2-1.jpg 1000w, https:\/\/autofans.com.ar\/wp-content\/uploads\/2024\/09\/mercedes-2-1-300x200.jpg 300w, https:\/\/autofans.com.ar\/wp-content\/uploads\/2024\/09\/mercedes-2-1-768x512.jpg 768w\" sizes=\"auto, (max-width: 1000px) 100vw, 1000px\" loading=\"lazy\" decoding=\"async\" \/><\/a>\n\t\t\t<\/div><\/figure><figure class='gallery-item'>\n\t\t\t<div class='gallery-icon landscape'>\n\t\t\t\t<a href='https:\/\/autofans.com.ar\/index.php\/2024\/09\/19\/eactros-600-el-camion-electrico-de-mercedes-benz-que-marca-el-futuro-del-transporte-de-larga-distancia\/mercedes-4-10\/'><img loading=\"lazy\" width=\"1000\" height=\"667\" src=\"https:\/\/autofans.com.ar\/wp-content\/uploads\/2024\/09\/mercedes-4-1.jpg\" class=\"attachment-full size-full\" alt=\"eActros 600\" srcset=\"https:\/\/autofans.com.ar\/wp-content\/uploads\/2024\/09\/mercedes-4-1.jpg 1000w, https:\/\/autofans.com.ar\/wp-content\/uploads\/2024\/09\/mercedes-4-1-300x200.jpg 300w, https:\/\/autofans.com.ar\/wp-content\/uploads\/2024\/09\/mercedes-4-1-768x512.jpg 768w\" sizes=\"auto, (max-width: 1000px) 100vw, 1000px\" loading=\"lazy\" decoding=\"async\" \/><\/a>\n\t\t\t<\/div><\/figure><figure class='gallery-item'>\n\t\t\t<div class='gallery-icon landscape'>\n\t\t\t\t<a href='https:\/\/autofans.com.ar\/index.php\/2024\/09\/19\/eactros-600-el-camion-electrico-de-mercedes-benz-que-marca-el-futuro-del-transporte-de-larga-distancia\/mercedes-5-3\/'><img loading=\"lazy\" width=\"1000\" height=\"667\" src=\"https:\/\/autofans.com.ar\/wp-content\/uploads\/2024\/09\/mercedes-5.jpg\" class=\"attachment-full size-full\" alt=\"eActros 600\" srcset=\"https:\/\/autofans.com.ar\/wp-content\/uploads\/2024\/09\/mercedes-5.jpg 1000w, https:\/\/autofans.com.ar\/wp-content\/uploads\/2024\/09\/mercedes-5-300x200.jpg 300w, https:\/\/autofans.com.ar\/wp-content\/uploads\/2024\/09\/mercedes-5-768x512.jpg 768w\" sizes=\"auto, (max-width: 1000px) 100vw, 1000px\" loading=\"lazy\" decoding=\"async\" \/><\/a>\n\t\t\t<\/div><\/figure>\n\t\t<\/div>\n\n<p>&nbsp;<\/p>\n<p>Este cami\u00f3n no solo impresiona por su tecnolog\u00eda, sino tambi\u00e9n por su dise\u00f1o minimalista y aerodin\u00e1mico. El eActros 600 est\u00e1 preparado para revolucionar el transporte de larga distancia, con una autonom\u00eda de m\u00e1s de 500 kil\u00f3metros y la posibilidad de superar los 1.000 kil\u00f3metros diarios con carga intermedia. La producci\u00f3n en serie comenzar\u00e1 a finales de 2024. Con los primeros veh\u00edculos disponibles para los clientes antes de fin de a\u00f1o.<\/p>\n<p>&nbsp;<\/p>\n<p>&nbsp;<\/p>\n<p>&nbsp;<\/p>\n<p><i>Para enterarte de m\u00e1s novedades, no dejes de leer\u00a0<\/i><a href=\"https:\/\/autofans.thebrandsoup.com\/\"><i>nuestras notas<\/i><\/a><i>, de ver<\/i><b><i>\u00a0<\/i><\/b><a href=\"https:\/\/www.youtube.com\/channel\/UCgAC8UGHZYbT6P7PpmVnP7g\"><b><i>AUTOFANS TV<\/i><\/b><\/a><b><i>\u00a0<\/i><\/b><i>en nuestro\u00a0canal de Youtube. Adem\u00e1s seguinos en\u00a0<\/i><a href=\"https:\/\/www.instagram.com\/autofanstv\/\"><i>INSTAGRAM<\/i><\/a><i> y <\/i><a href=\"https:\/\/www.facebook.com\/autofansmas\/\"><i>FACEBOOK<\/i><\/a><i> para no perderte nada sobre las novedades del segmento automotor de Argentina y el mundo.<\/i><\/p>\n","protected":false},"excerpt":{"rendered":"<p>El Mercedes-Benz eActros 600, un cami\u00f3n el\u00e9ctrico de bater\u00eda, ha sido votado como el Cami\u00f3n&#8230;<\/p>\n","protected":false},"author":2,"featured_media":9066,"comment_status":"closed","ping_status":"closed","sticky":false,"template":"","format":"standard","meta":{"footnotes":""},"categories":[341,16],"tags":[4853,540,4850,4849,4854,4852,4851],"class_list":["post-9064","post","type-post","status-publish","format-standard","has-post-thumbnail","hentry","category-hibridos-y-electricos","category-noticias","tag-autonomia-camion-electrico","tag-camion-electrico","tag-camion-internacional-del-ano-2025","tag-mercedes-benz-eactros-600","tag-mercedes-benz-trucks","tag-tecnologia-de-propulsion-electrica","tag-transporte-de-larga-distancia"],"yoast_head":"<!-- This site is optimized with the Yoast SEO plugin v27.5 - https:\/\/yoast.com\/product\/yoast-seo-wordpress\/ -->\n<title>eActros 600 el cami\u00f3n el\u00e9ctrico de Mercedes-Benz que marca el futuro del transporte de larga distancia -<\/title>\n<meta name=\"description\" content=\"El Mercedes-Benz eActros 600, un cami\u00f3n el\u00e9ctrico de bater\u00eda, ha sido votado como el Cami\u00f3n Internacional del A\u00f1o 2025...\" \/>\n<meta name=\"robots\" content=\"index, follow, max-snippet:-1, max-image-preview:large, max-video-preview:-1\" \/>\n<link rel=\"canonical\" href=\"https:\/\/autofans.com.ar\/index.php\/2024\/09\/19\/eactros-600-el-camion-electrico-de-mercedes-benz-que-marca-el-futuro-del-transporte-de-larga-distancia\/\" \/>\n<meta property=\"og:locale\" content=\"es_ES\" \/>\n<meta property=\"og:type\" content=\"article\" \/>\n<meta property=\"og:title\" content=\"eActros 600 el cami\u00f3n el\u00e9ctrico de Mercedes-Benz que marca el futuro del transporte de larga distancia -\" \/>\n<meta property=\"og:description\" content=\"El Mercedes-Benz eActros 600, un cami\u00f3n el\u00e9ctrico de bater\u00eda, ha sido votado como el Cami\u00f3n Internacional del A\u00f1o 2025...\" \/>\n<meta property=\"og:url\" content=\"https:\/\/autofans.com.ar\/index.php\/2024\/09\/19\/eactros-600-el-camion-electrico-de-mercedes-benz-que-marca-el-futuro-del-transporte-de-larga-distancia\/\" \/>\n<meta property=\"article:published_time\" content=\"2024-09-19T19:46:57+00:00\" \/>\n<meta property=\"og:image\" content=\"https:\/\/autofans.com.ar\/wp-content\/uploads\/2024\/09\/mercedes-6.jpg\" \/>\n\t<meta property=\"og:image:width\" content=\"640\" \/>\n\t<meta property=\"og:image:height\" content=\"427\" \/>\n\t<meta property=\"og:image:type\" content=\"image\/jpeg\" \/>\n<meta name=\"author\" content=\"Alejandro Gabriel Rosito\" \/>\n<meta name=\"twitter:card\" content=\"summary_large_image\" \/>\n<meta name=\"twitter:label1\" content=\"Escrito por\" \/>\n\t<meta name=\"twitter:data1\" content=\"Alejandro Gabriel Rosito\" \/>\n\t<meta name=\"twitter:label2\" content=\"Tiempo de lectura\" \/>\n\t<meta name=\"twitter:data2\" content=\"2 minutos\" \/>\n<script type=\"application\/ld+json\" class=\"yoast-schema-graph\">{\"@context\":\"https:\\\/\\\/schema.org\",\"@graph\":[{\"@type\":\"Article\",\"@id\":\"https:\\\/\\\/autofans.com.ar\\\/index.php\\\/2024\\\/09\\\/19\\\/eactros-600-el-camion-electrico-de-mercedes-benz-que-marca-el-futuro-del-transporte-de-larga-distancia\\\/#article\",\"isPartOf\":{\"@id\":\"https:\\\/\\\/autofans.com.ar\\\/index.php\\\/2024\\\/09\\\/19\\\/eactros-600-el-camion-electrico-de-mercedes-benz-que-marca-el-futuro-del-transporte-de-larga-distancia\\\/\"},\"author\":{\"name\":\"Alejandro Gabriel Rosito\",\"@id\":\"https:\\\/\\\/autofans.com.ar\\\/#\\\/schema\\\/person\\\/4a8dda0b6df83ac3d6723e921274c2aa\"},\"headline\":\"eActros 600 el cami\u00f3n el\u00e9ctrico de Mercedes-Benz que marca el futuro del transporte de larga distancia\",\"datePublished\":\"2024-09-19T19:46:57+00:00\",\"mainEntityOfPage\":{\"@id\":\"https:\\\/\\\/autofans.com.ar\\\/index.php\\\/2024\\\/09\\\/19\\\/eactros-600-el-camion-electrico-de-mercedes-benz-que-marca-el-futuro-del-transporte-de-larga-distancia\\\/\"},\"wordCount\":536,\"image\":{\"@id\":\"https:\\\/\\\/autofans.com.ar\\\/index.php\\\/2024\\\/09\\\/19\\\/eactros-600-el-camion-electrico-de-mercedes-benz-que-marca-el-futuro-del-transporte-de-larga-distancia\\\/#primaryimage\"},\"thumbnailUrl\":\"https:\\\/\\\/autofans.com.ar\\\/wp-content\\\/uploads\\\/2024\\\/09\\\/mercedes-6.jpg\",\"keywords\":[\"autonom\u00eda cami\u00f3n el\u00e9ctrico\",\"cami\u00f3n el\u00e9ctrico\",\"Cami\u00f3n Internacional del A\u00f1o 2025\",\"Mercedes-Benz eActros 600\",\"Mercedes-Benz Trucks\",\"tecnolog\u00eda de propulsi\u00f3n el\u00e9ctrica\",\"transporte de larga distancia\"],\"articleSection\":[\"HIBRIDOS, ELECTRICOS y otros\",\"NOTICIAS\"],\"inLanguage\":\"es\"},{\"@type\":\"WebPage\",\"@id\":\"https:\\\/\\\/autofans.com.ar\\\/index.php\\\/2024\\\/09\\\/19\\\/eactros-600-el-camion-electrico-de-mercedes-benz-que-marca-el-futuro-del-transporte-de-larga-distancia\\\/\",\"url\":\"https:\\\/\\\/autofans.com.ar\\\/index.php\\\/2024\\\/09\\\/19\\\/eactros-600-el-camion-electrico-de-mercedes-benz-que-marca-el-futuro-del-transporte-de-larga-distancia\\\/\",\"name\":\"eActros 600 el cami\u00f3n el\u00e9ctrico de Mercedes-Benz que marca el futuro del transporte de larga distancia -\",\"isPartOf\":{\"@id\":\"https:\\\/\\\/autofans.com.ar\\\/#website\"},\"primaryImageOfPage\":{\"@id\":\"https:\\\/\\\/autofans.com.ar\\\/index.php\\\/2024\\\/09\\\/19\\\/eactros-600-el-camion-electrico-de-mercedes-benz-que-marca-el-futuro-del-transporte-de-larga-distancia\\\/#primaryimage\"},\"image\":{\"@id\":\"https:\\\/\\\/autofans.com.ar\\\/index.php\\\/2024\\\/09\\\/19\\\/eactros-600-el-camion-electrico-de-mercedes-benz-que-marca-el-futuro-del-transporte-de-larga-distancia\\\/#primaryimage\"},\"thumbnailUrl\":\"https:\\\/\\\/autofans.com.ar\\\/wp-content\\\/uploads\\\/2024\\\/09\\\/mercedes-6.jpg\",\"datePublished\":\"2024-09-19T19:46:57+00:00\",\"author\":{\"@id\":\"https:\\\/\\\/autofans.com.ar\\\/#\\\/schema\\\/person\\\/4a8dda0b6df83ac3d6723e921274c2aa\"},\"description\":\"El Mercedes-Benz eActros 600, un cami\u00f3n el\u00e9ctrico de bater\u00eda, ha sido votado como el Cami\u00f3n Internacional del A\u00f1o 2025...\",\"breadcrumb\":{\"@id\":\"https:\\\/\\\/autofans.com.ar\\\/index.php\\\/2024\\\/09\\\/19\\\/eactros-600-el-camion-electrico-de-mercedes-benz-que-marca-el-futuro-del-transporte-de-larga-distancia\\\/#breadcrumb\"},\"inLanguage\":\"es\",\"potentialAction\":[{\"@type\":\"ReadAction\",\"target\":[\"https:\\\/\\\/autofans.com.ar\\\/index.php\\\/2024\\\/09\\\/19\\\/eactros-600-el-camion-electrico-de-mercedes-benz-que-marca-el-futuro-del-transporte-de-larga-distancia\\\/\"]}]},{\"@type\":\"ImageObject\",\"inLanguage\":\"es\",\"@id\":\"https:\\\/\\\/autofans.com.ar\\\/index.php\\\/2024\\\/09\\\/19\\\/eactros-600-el-camion-electrico-de-mercedes-benz-que-marca-el-futuro-del-transporte-de-larga-distancia\\\/#primaryimage\",\"url\":\"https:\\\/\\\/autofans.com.ar\\\/wp-content\\\/uploads\\\/2024\\\/09\\\/mercedes-6.jpg\",\"contentUrl\":\"https:\\\/\\\/autofans.com.ar\\\/wp-content\\\/uploads\\\/2024\\\/09\\\/mercedes-6.jpg\",\"width\":1000,\"height\":667,\"caption\":\"eActros 600\"},{\"@type\":\"BreadcrumbList\",\"@id\":\"https:\\\/\\\/autofans.com.ar\\\/index.php\\\/2024\\\/09\\\/19\\\/eactros-600-el-camion-electrico-de-mercedes-benz-que-marca-el-futuro-del-transporte-de-larga-distancia\\\/#breadcrumb\",\"itemListElement\":[{\"@type\":\"ListItem\",\"position\":1,\"name\":\"Inicio\",\"item\":\"https:\\\/\\\/autofans.com.ar\\\/\"},{\"@type\":\"ListItem\",\"position\":2,\"name\":\"eActros 600 el cami\u00f3n el\u00e9ctrico de Mercedes-Benz que marca el futuro del transporte de larga distancia\"}]},{\"@type\":\"WebSite\",\"@id\":\"https:\\\/\\\/autofans.com.ar\\\/#website\",\"url\":\"https:\\\/\\\/autofans.com.ar\\\/\",\"name\":\"\",\"description\":\"El multimedio referente de la industria automotriz\",\"potentialAction\":[{\"@type\":\"SearchAction\",\"target\":{\"@type\":\"EntryPoint\",\"urlTemplate\":\"https:\\\/\\\/autofans.com.ar\\\/?s={search_term_string}\"},\"query-input\":{\"@type\":\"PropertyValueSpecification\",\"valueRequired\":true,\"valueName\":\"search_term_string\"}}],\"inLanguage\":\"es\"},{\"@type\":\"Person\",\"@id\":\"https:\\\/\\\/autofans.com.ar\\\/#\\\/schema\\\/person\\\/4a8dda0b6df83ac3d6723e921274c2aa\",\"name\":\"Alejandro Gabriel Rosito\",\"image\":{\"@type\":\"ImageObject\",\"inLanguage\":\"es\",\"@id\":\"https:\\\/\\\/secure.gravatar.com\\\/avatar\\\/16c5dda1489adfc62618084dcbb91cffd879c374b13fe5dd8e44ed6733852c88?s=96&d=mm&r=g\",\"url\":\"https:\\\/\\\/secure.gravatar.com\\\/avatar\\\/16c5dda1489adfc62618084dcbb91cffd879c374b13fe5dd8e44ed6733852c88?s=96&d=mm&r=g\",\"contentUrl\":\"https:\\\/\\\/secure.gravatar.com\\\/avatar\\\/16c5dda1489adfc62618084dcbb91cffd879c374b13fe5dd8e44ed6733852c88?s=96&d=mm&r=g\",\"caption\":\"Alejandro Gabriel Rosito\"},\"url\":\"https:\\\/\\\/autofans.com.ar\\\/index.php\\\/author\\\/gabrielr\\\/\"}]}<\/script>\n<!-- \/ Yoast SEO plugin. -->","yoast_head_json":{"title":"eActros 600 el cami\u00f3n el\u00e9ctrico de Mercedes-Benz que marca el futuro del transporte de larga distancia -","description":"El Mercedes-Benz eActros 600, un cami\u00f3n el\u00e9ctrico de bater\u00eda, ha sido votado como el Cami\u00f3n Internacional del A\u00f1o 2025...","robots":{"index":"index","follow":"follow","max-snippet":"max-snippet:-1","max-image-preview":"max-image-preview:large","max-video-preview":"max-video-preview:-1"},"canonical":"https:\/\/autofans.com.ar\/index.php\/2024\/09\/19\/eactros-600-el-camion-electrico-de-mercedes-benz-que-marca-el-futuro-del-transporte-de-larga-distancia\/","og_locale":"es_ES","og_type":"article","og_title":"eActros 600 el cami\u00f3n el\u00e9ctrico de Mercedes-Benz que marca el futuro del transporte de larga distancia -","og_description":"El Mercedes-Benz eActros 600, un cami\u00f3n el\u00e9ctrico de bater\u00eda, ha sido votado como el Cami\u00f3n Internacional del A\u00f1o 2025...","og_url":"https:\/\/autofans.com.ar\/index.php\/2024\/09\/19\/eactros-600-el-camion-electrico-de-mercedes-benz-que-marca-el-futuro-del-transporte-de-larga-distancia\/","article_published_time":"2024-09-19T19:46:57+00:00","og_image":[{"url":"https:\/\/autofans.com.ar\/wp-content\/uploads\/2024\/09\/mercedes-6.jpg","width":640,"height":427,"type":"image\/jpeg"}],"author":"Alejandro Gabriel Rosito","twitter_card":"summary_large_image","twitter_misc":{"Escrito por":"Alejandro Gabriel Rosito","Tiempo de lectura":"2 minutos"},"schema":{"@context":"https:\/\/schema.org","@graph":[{"@type":"Article","@id":"https:\/\/autofans.com.ar\/index.php\/2024\/09\/19\/eactros-600-el-camion-electrico-de-mercedes-benz-que-marca-el-futuro-del-transporte-de-larga-distancia\/#article","isPartOf":{"@id":"https:\/\/autofans.com.ar\/index.php\/2024\/09\/19\/eactros-600-el-camion-electrico-de-mercedes-benz-que-marca-el-futuro-del-transporte-de-larga-distancia\/"},"author":{"name":"Alejandro Gabriel Rosito","@id":"https:\/\/autofans.com.ar\/#\/schema\/person\/4a8dda0b6df83ac3d6723e921274c2aa"},"headline":"eActros 600 el cami\u00f3n el\u00e9ctrico de Mercedes-Benz que marca el futuro del transporte de larga distancia","datePublished":"2024-09-19T19:46:57+00:00","mainEntityOfPage":{"@id":"https:\/\/autofans.com.ar\/index.php\/2024\/09\/19\/eactros-600-el-camion-electrico-de-mercedes-benz-que-marca-el-futuro-del-transporte-de-larga-distancia\/"},"wordCount":536,"image":{"@id":"https:\/\/autofans.com.ar\/index.php\/2024\/09\/19\/eactros-600-el-camion-electrico-de-mercedes-benz-que-marca-el-futuro-del-transporte-de-larga-distancia\/#primaryimage"},"thumbnailUrl":"https:\/\/autofans.com.ar\/wp-content\/uploads\/2024\/09\/mercedes-6.jpg","keywords":["autonom\u00eda cami\u00f3n el\u00e9ctrico","cami\u00f3n el\u00e9ctrico","Cami\u00f3n Internacional del A\u00f1o 2025","Mercedes-Benz eActros 600","Mercedes-Benz Trucks","tecnolog\u00eda de propulsi\u00f3n el\u00e9ctrica","transporte de larga distancia"],"articleSection":["HIBRIDOS, ELECTRICOS y otros","NOTICIAS"],"inLanguage":"es"},{"@type":"WebPage","@id":"https:\/\/autofans.com.ar\/index.php\/2024\/09\/19\/eactros-600-el-camion-electrico-de-mercedes-benz-que-marca-el-futuro-del-transporte-de-larga-distancia\/","url":"https:\/\/autofans.com.ar\/index.php\/2024\/09\/19\/eactros-600-el-camion-electrico-de-mercedes-benz-que-marca-el-futuro-del-transporte-de-larga-distancia\/","name":"eActros 600 el cami\u00f3n el\u00e9ctrico de Mercedes-Benz que marca el futuro del transporte de larga distancia -","isPartOf":{"@id":"https:\/\/autofans.com.ar\/#website"},"primaryImageOfPage":{"@id":"https:\/\/autofans.com.ar\/index.php\/2024\/09\/19\/eactros-600-el-camion-electrico-de-mercedes-benz-que-marca-el-futuro-del-transporte-de-larga-distancia\/#primaryimage"},"image":{"@id":"https:\/\/autofans.com.ar\/index.php\/2024\/09\/19\/eactros-600-el-camion-electrico-de-mercedes-benz-que-marca-el-futuro-del-transporte-de-larga-distancia\/#primaryimage"},"thumbnailUrl":"https:\/\/autofans.com.ar\/wp-content\/uploads\/2024\/09\/mercedes-6.jpg","datePublished":"2024-09-19T19:46:57+00:00","author":{"@id":"https:\/\/autofans.com.ar\/#\/schema\/person\/4a8dda0b6df83ac3d6723e921274c2aa"},"description":"El Mercedes-Benz eActros 600, un cami\u00f3n el\u00e9ctrico de bater\u00eda, ha sido votado como el Cami\u00f3n Internacional del A\u00f1o 2025...","breadcrumb":{"@id":"https:\/\/autofans.com.ar\/index.php\/2024\/09\/19\/eactros-600-el-camion-electrico-de-mercedes-benz-que-marca-el-futuro-del-transporte-de-larga-distancia\/#breadcrumb"},"inLanguage":"es","potentialAction":[{"@type":"ReadAction","target":["https:\/\/autofans.com.ar\/index.php\/2024\/09\/19\/eactros-600-el-camion-electrico-de-mercedes-benz-que-marca-el-futuro-del-transporte-de-larga-distancia\/"]}]},{"@type":"ImageObject","inLanguage":"es","@id":"https:\/\/autofans.com.ar\/index.php\/2024\/09\/19\/eactros-600-el-camion-electrico-de-mercedes-benz-que-marca-el-futuro-del-transporte-de-larga-distancia\/#primaryimage","url":"https:\/\/autofans.com.ar\/wp-content\/uploads\/2024\/09\/mercedes-6.jpg","contentUrl":"https:\/\/autofans.com.ar\/wp-content\/uploads\/2024\/09\/mercedes-6.jpg","width":1000,"height":667,"caption":"eActros 600"},{"@type":"BreadcrumbList","@id":"https:\/\/autofans.com.ar\/index.php\/2024\/09\/19\/eactros-600-el-camion-electrico-de-mercedes-benz-que-marca-el-futuro-del-transporte-de-larga-distancia\/#breadcrumb","itemListElement":[{"@type":"ListItem","position":1,"name":"Inicio","item":"https:\/\/autofans.com.ar\/"},{"@type":"ListItem","position":2,"name":"eActros 600 el cami\u00f3n el\u00e9ctrico de Mercedes-Benz que marca el futuro del transporte de larga distancia"}]},{"@type":"WebSite","@id":"https:\/\/autofans.com.ar\/#website","url":"https:\/\/autofans.com.ar\/","name":"","description":"El multimedio referente de la industria automotriz","potentialAction":[{"@type":"SearchAction","target":{"@type":"EntryPoint","urlTemplate":"https:\/\/autofans.com.ar\/?s={search_term_string}"},"query-input":{"@type":"PropertyValueSpecification","valueRequired":true,"valueName":"search_term_string"}}],"inLanguage":"es"},{"@type":"Person","@id":"https:\/\/autofans.com.ar\/#\/schema\/person\/4a8dda0b6df83ac3d6723e921274c2aa","name":"Alejandro Gabriel Rosito","image":{"@type":"ImageObject","inLanguage":"es","@id":"https:\/\/secure.gravatar.com\/avatar\/16c5dda1489adfc62618084dcbb91cffd879c374b13fe5dd8e44ed6733852c88?s=96&d=mm&r=g","url":"https:\/\/secure.gravatar.com\/avatar\/16c5dda1489adfc62618084dcbb91cffd879c374b13fe5dd8e44ed6733852c88?s=96&d=mm&r=g","contentUrl":"https:\/\/secure.gravatar.com\/avatar\/16c5dda1489adfc62618084dcbb91cffd879c374b13fe5dd8e44ed6733852c88?s=96&d=mm&r=g","caption":"Alejandro Gabriel Rosito"},"url":"https:\/\/autofans.com.ar\/index.php\/author\/gabrielr\/"}]}},"featured_image_urls":{"full":["https:\/\/autofans.com.ar\/wp-content\/uploads\/2024\/09\/mercedes-6.jpg",1000,667,false],"thumbnail":["https:\/\/autofans.com.ar\/wp-content\/uploads\/2024\/09\/mercedes-6-150x150.jpg",150,150,true],"medium":["https:\/\/autofans.com.ar\/wp-content\/uploads\/2024\/09\/mercedes-6-300x200.jpg",300,200,true],"medium_large":["https:\/\/autofans.com.ar\/wp-content\/uploads\/2024\/09\/mercedes-6-768x512.jpg",640,427,true],"large":["https:\/\/autofans.com.ar\/wp-content\/uploads\/2024\/09\/mercedes-6.jpg",640,427,false],"1536x1536":["https:\/\/autofans.com.ar\/wp-content\/uploads\/2024\/09\/mercedes-6.jpg",1000,667,false],"2048x2048":["https:\/\/autofans.com.ar\/wp-content\/uploads\/2024\/09\/mercedes-6.jpg",1000,667,false],"covernews-featured":["https:\/\/autofans.com.ar\/wp-content\/uploads\/2024\/09\/mercedes-6.jpg",1000,667,false],"covernews-medium":["https:\/\/autofans.com.ar\/wp-content\/uploads\/2024\/09\/mercedes-6-540x340.jpg",540,340,true]},"author_info":{"display_name":"Alejandro Gabriel Rosito","author_link":"https:\/\/autofans.com.ar\/index.php\/author\/gabrielr\/"},"category_info":"<a href=\"https:\/\/autofans.com.ar\/index.php\/category\/noticias\/hibridos-y-electricos\/\" rel=\"category tag\">HIBRIDOS, ELECTRICOS y otros<\/a> <a href=\"https:\/\/autofans.com.ar\/index.php\/category\/noticias\/\" rel=\"category tag\">NOTICIAS<\/a>","tag_info":"NOTICIAS","comment_count":0,"_links":{"self":[{"href":"https:\/\/autofans.com.ar\/index.php\/wp-json\/wp\/v2\/posts\/9064","targetHints":{"allow":["GET"]}}],"collection":[{"href":"https:\/\/autofans.com.ar\/index.php\/wp-json\/wp\/v2\/posts"}],"about":[{"href":"https:\/\/autofans.com.ar\/index.php\/wp-json\/wp\/v2\/types\/post"}],"author":[{"embeddable":true,"href":"https:\/\/autofans.com.ar\/index.php\/wp-json\/wp\/v2\/users\/2"}],"replies":[{"embeddable":true,"href":"https:\/\/autofans.com.ar\/index.php\/wp-json\/wp\/v2\/comments?post=9064"}],"version-history":[{"count":2,"href":"https:\/\/autofans.com.ar\/index.php\/wp-json\/wp\/v2\/posts\/9064\/revisions"}],"predecessor-version":[{"id":9072,"href":"https:\/\/autofans.com.ar\/index.php\/wp-json\/wp\/v2\/posts\/9064\/revisions\/9072"}],"wp:featuredmedia":[{"embeddable":true,"href":"https:\/\/autofans.com.ar\/index.php\/wp-json\/wp\/v2\/media\/9066"}],"wp:attachment":[{"href":"https:\/\/autofans.com.ar\/index.php\/wp-json\/wp\/v2\/media?parent=9064"}],"wp:term":[{"taxonomy":"category","embeddable":true,"href":"https:\/\/autofans.com.ar\/index.php\/wp-json\/wp\/v2\/categories?post=9064"},{"taxonomy":"post_tag","embeddable":true,"href":"https:\/\/autofans.com.ar\/index.php\/wp-json\/wp\/v2\/tags?post=9064"}],"curies":[{"name":"wp","href":"https:\/\/api.w.org\/{rel}","templated":true}]}}