{"id":9152,"date":"2024-10-01T17:20:45","date_gmt":"2024-10-01T20:20:45","guid":{"rendered":"https:\/\/autofans.com.ar\/?p=9152"},"modified":"2024-10-01T22:10:22","modified_gmt":"2024-10-02T01:10:22","slug":"autofans-tv-temp-16-programa-2-28-09-2024","status":"publish","type":"post","link":"https:\/\/autofans.com.ar\/index.php\/2024\/10\/01\/autofans-tv-temp-16-programa-2-28-09-2024\/","title":{"rendered":"AUTOFANS TV \u2013 Temp. 17 \u2013 Programa 2 \u2013 28\/09\/2024"},"content":{"rendered":"<p>En el segundo programa de Autofans TV, estuvimos en el Michelin E. Primacy y Pilot Sport EV, hablamos con Eliana Banchik CEO Michelin Argentina que nos cont\u00f3 todo sobre los nuevos neum\u00e1ticos para veh\u00edculos el\u00e9ctricos. Tambi\u00e9n estuvimos presente en el lanzamiento de la nueva generaci\u00f3n de barnices de Glasurit y hablamos con la Gerente de Marketing BSF Latam Sofia Kandraski que nos cont\u00f3 sobre esta nueva generaci\u00f3n de barnices. Estuvimos en Central Autos Concesionario de Chevrolet y te contamos detalles para adquirir la Chevrolet Tracker. En nuestro nuevo Test Drive analizamos la nueva Volkswagen Saveiro en su versi\u00f3n Extreme. Te mostramos la segunda parte de nuestra entrevista a C\u00e9sar Carman sobre el presente y el futuro del Autom\u00f3vil Club Argentino<\/p>\n<p>&nbsp;<\/p>\n<p>&nbsp;<\/p>\n<p>Vas a encontrar esto y muchas notas m\u00e1s.<\/p>\n<p>&nbsp;<\/p>\n<p>&nbsp;<\/p>\n<p>&nbsp;<\/p>\n<p>&nbsp;<\/p>\n<p>&nbsp;<\/p>\n<p><center><iframe title=\"Autofans TV - Temporada 16 - Programa 2\" width=\"640\" height=\"360\" src=\"https:\/\/www.youtube.com\/embed\/lWX3Z9Sk3HI?feature=oembed\" frameborder=\"0\" allow=\"accelerometer; autoplay; clipboard-write; encrypted-media; gyroscope; picture-in-picture; web-share\" referrerpolicy=\"strict-origin-when-cross-origin\" allowfullscreen><\/iframe><\/p>\n<p>&nbsp;<\/p>\n<p>&nbsp;<\/p>\n<p>&nbsp;<\/p>\n<p>&nbsp;<\/p>\n<p>&nbsp;<\/p>\n<p>&nbsp;<\/p>\n<p>&nbsp;<\/p>\n<p><\/center>Bienvenidos a esta nueva temprada de Autofans TV<\/p>\n<p>&nbsp;<\/p>\n<p>&nbsp;<\/p>\n<p>Para volver a ver esta emisi\u00f3n, nuestros pr\u00f3ximos lives, streamings y mucho m\u00e1s contenido, suscribite a nuestro canal de YouTube y toc\u00e1 la campanita para recibir notificaciones de nuestras nuevas publicaciones.<\/p>\n<p>&nbsp;<\/p>\n<p>&nbsp;<\/p>\n<p><i>Para enterarte de m\u00e1s novedades, no dejes de leer\u00a0<\/i><a href=\"https:\/\/autofans.thebrandsoup.com\/\"><i>nuestras notas<\/i><\/a><i>, de ver<\/i><b><i>\u00a0<\/i><\/b><a href=\"https:\/\/www.youtube.com\/channel\/UCgAC8UGHZYbT6P7PpmVnP7g\"><b><i>AUTOFANS TV<\/i><\/b><\/a><b><i>\u00a0<\/i><\/b><i>en nuestro\u00a0canal de Youtube. Adem\u00e1s seguimos\u00a0en\u00a0<\/i><a href=\"https:\/\/www.instagram.com\/autofanstv\/\"><i>INSTAGRAM<\/i><\/a><i>\u00a0y\u00a0<\/i><a href=\"https:\/\/www.facebook.com\/autofansmas\/\"><i>FACEBOOK<\/i><\/a><i>\u00a0para no perderte nada sobre las novedades del segmento automotor de Argentina y el mundo.<\/i><\/p>\n","protected":false},"excerpt":{"rendered":"<p>En el segundo programa de Autofans TV, estuvimos en el Michelin E. Primacy y Pilot&#8230;<\/p>\n","protected":false},"author":2,"featured_media":9168,"comment_status":"closed","ping_status":"closed","sticky":false,"template":"","format":"standard","meta":{"footnotes":""},"categories":[13,3246],"tags":[741,272,4669,4911,4908,382],"class_list":["post-9152","post","type-post","status-publish","format-standard","has-post-thumbnail","hentry","category-autofans-tv","category-programas-2024","tag-autofanstv","tag-chevrolet","tag-chevrolet-tracker","tag-glasurit","tag-michelin-e-primacy-y-pilot-sport-ev","tag-volkswagen"],"yoast_head":"<!-- This site is optimized with the Yoast SEO plugin v27.5 - https:\/\/yoast.com\/product\/yoast-seo-wordpress\/ -->\n<title>AUTOFANS TV \u2013 Temp. 17 \u2013 Programa 2 \u2013 28\/09\/2024 -<\/title>\n<meta name=\"description\" content=\"En el segundo programa de Autofans TV, estuvimos en el Michelin E. Primacy y Pilot Sport EV, hablamos con Eliana Banchik CEO Michelin Arg.\" \/>\n<meta name=\"robots\" content=\"index, follow, max-snippet:-1, max-image-preview:large, max-video-preview:-1\" \/>\n<link rel=\"canonical\" href=\"https:\/\/autofans.com.ar\/index.php\/2024\/10\/01\/autofans-tv-temp-16-programa-2-28-09-2024\/\" \/>\n<meta property=\"og:locale\" content=\"es_ES\" \/>\n<meta property=\"og:type\" content=\"article\" \/>\n<meta property=\"og:title\" content=\"AUTOFANS TV \u2013 Temp. 17 \u2013 Programa 2 \u2013 28\/09\/2024 -\" \/>\n<meta property=\"og:description\" content=\"En el segundo programa de Autofans TV, estuvimos en el Michelin E. Primacy y Pilot Sport EV, hablamos con Eliana Banchik CEO Michelin Arg.\" \/>\n<meta property=\"og:url\" content=\"https:\/\/autofans.com.ar\/index.php\/2024\/10\/01\/autofans-tv-temp-16-programa-2-28-09-2024\/\" \/>\n<meta property=\"article:published_time\" content=\"2024-10-01T20:20:45+00:00\" \/>\n<meta property=\"article:modified_time\" content=\"2024-10-02T01:10:22+00:00\" \/>\n<meta property=\"og:image\" content=\"https:\/\/autofans.com.ar\/wp-content\/uploads\/2024\/10\/temp-17-28-09-2024.jpg\" \/>\n\t<meta property=\"og:image:width\" content=\"1831\" \/>\n\t<meta property=\"og:image:height\" content=\"957\" \/>\n\t<meta property=\"og:image:type\" content=\"image\/jpeg\" \/>\n<meta name=\"author\" content=\"Alejandro Gabriel Rosito\" \/>\n<meta name=\"twitter:card\" content=\"summary_large_image\" \/>\n<meta name=\"twitter:label1\" content=\"Escrito por\" \/>\n\t<meta name=\"twitter:data1\" content=\"Alejandro Gabriel Rosito\" \/>\n\t<meta name=\"twitter:label2\" content=\"Tiempo de lectura\" \/>\n\t<meta name=\"twitter:data2\" content=\"2 minutos\" \/>\n<script type=\"application\/ld+json\" class=\"yoast-schema-graph\">{\"@context\":\"https:\\\/\\\/schema.org\",\"@graph\":[{\"@type\":\"Article\",\"@id\":\"https:\\\/\\\/autofans.com.ar\\\/index.php\\\/2024\\\/10\\\/01\\\/autofans-tv-temp-16-programa-2-28-09-2024\\\/#article\",\"isPartOf\":{\"@id\":\"https:\\\/\\\/autofans.com.ar\\\/index.php\\\/2024\\\/10\\\/01\\\/autofans-tv-temp-16-programa-2-28-09-2024\\\/\"},\"author\":{\"name\":\"Alejandro Gabriel Rosito\",\"@id\":\"https:\\\/\\\/autofans.com.ar\\\/#\\\/schema\\\/person\\\/4a8dda0b6df83ac3d6723e921274c2aa\"},\"headline\":\"AUTOFANS TV \u2013 Temp. 17 \u2013 Programa 2 \u2013 28\\\/09\\\/2024\",\"datePublished\":\"2024-10-01T20:20:45+00:00\",\"dateModified\":\"2024-10-02T01:10:22+00:00\",\"mainEntityOfPage\":{\"@id\":\"https:\\\/\\\/autofans.com.ar\\\/index.php\\\/2024\\\/10\\\/01\\\/autofans-tv-temp-16-programa-2-28-09-2024\\\/\"},\"wordCount\":254,\"image\":{\"@id\":\"https:\\\/\\\/autofans.com.ar\\\/index.php\\\/2024\\\/10\\\/01\\\/autofans-tv-temp-16-programa-2-28-09-2024\\\/#primaryimage\"},\"thumbnailUrl\":\"https:\\\/\\\/autofans.com.ar\\\/wp-content\\\/uploads\\\/2024\\\/10\\\/temp-17-28-09-2024.jpg\",\"keywords\":[\"AutoFanstv\",\"Chevrolet\",\"Chevrolet Tracker\",\"Glasurit\",\"Michelin E. Primacy y Pilot Sport EV\",\"Volkswagen\"],\"articleSection\":[\"AUTOFANS TV\",\"Programas 2024\"],\"inLanguage\":\"es\"},{\"@type\":\"WebPage\",\"@id\":\"https:\\\/\\\/autofans.com.ar\\\/index.php\\\/2024\\\/10\\\/01\\\/autofans-tv-temp-16-programa-2-28-09-2024\\\/\",\"url\":\"https:\\\/\\\/autofans.com.ar\\\/index.php\\\/2024\\\/10\\\/01\\\/autofans-tv-temp-16-programa-2-28-09-2024\\\/\",\"name\":\"AUTOFANS TV \u2013 Temp. 17 \u2013 Programa 2 \u2013 28\\\/09\\\/2024 -\",\"isPartOf\":{\"@id\":\"https:\\\/\\\/autofans.com.ar\\\/#website\"},\"primaryImageOfPage\":{\"@id\":\"https:\\\/\\\/autofans.com.ar\\\/index.php\\\/2024\\\/10\\\/01\\\/autofans-tv-temp-16-programa-2-28-09-2024\\\/#primaryimage\"},\"image\":{\"@id\":\"https:\\\/\\\/autofans.com.ar\\\/index.php\\\/2024\\\/10\\\/01\\\/autofans-tv-temp-16-programa-2-28-09-2024\\\/#primaryimage\"},\"thumbnailUrl\":\"https:\\\/\\\/autofans.com.ar\\\/wp-content\\\/uploads\\\/2024\\\/10\\\/temp-17-28-09-2024.jpg\",\"datePublished\":\"2024-10-01T20:20:45+00:00\",\"dateModified\":\"2024-10-02T01:10:22+00:00\",\"author\":{\"@id\":\"https:\\\/\\\/autofans.com.ar\\\/#\\\/schema\\\/person\\\/4a8dda0b6df83ac3d6723e921274c2aa\"},\"description\":\"En el segundo programa de Autofans TV, estuvimos en el Michelin E. Primacy y Pilot Sport EV, hablamos con Eliana Banchik CEO Michelin Arg.\",\"breadcrumb\":{\"@id\":\"https:\\\/\\\/autofans.com.ar\\\/index.php\\\/2024\\\/10\\\/01\\\/autofans-tv-temp-16-programa-2-28-09-2024\\\/#breadcrumb\"},\"inLanguage\":\"es\",\"potentialAction\":[{\"@type\":\"ReadAction\",\"target\":[\"https:\\\/\\\/autofans.com.ar\\\/index.php\\\/2024\\\/10\\\/01\\\/autofans-tv-temp-16-programa-2-28-09-2024\\\/\"]}]},{\"@type\":\"ImageObject\",\"inLanguage\":\"es\",\"@id\":\"https:\\\/\\\/autofans.com.ar\\\/index.php\\\/2024\\\/10\\\/01\\\/autofans-tv-temp-16-programa-2-28-09-2024\\\/#primaryimage\",\"url\":\"https:\\\/\\\/autofans.com.ar\\\/wp-content\\\/uploads\\\/2024\\\/10\\\/temp-17-28-09-2024.jpg\",\"contentUrl\":\"https:\\\/\\\/autofans.com.ar\\\/wp-content\\\/uploads\\\/2024\\\/10\\\/temp-17-28-09-2024.jpg\",\"width\":1831,\"height\":957,\"caption\":\"Screenshot\"},{\"@type\":\"BreadcrumbList\",\"@id\":\"https:\\\/\\\/autofans.com.ar\\\/index.php\\\/2024\\\/10\\\/01\\\/autofans-tv-temp-16-programa-2-28-09-2024\\\/#breadcrumb\",\"itemListElement\":[{\"@type\":\"ListItem\",\"position\":1,\"name\":\"Inicio\",\"item\":\"https:\\\/\\\/autofans.com.ar\\\/\"},{\"@type\":\"ListItem\",\"position\":2,\"name\":\"AUTOFANS TV \u2013 Temp. 17 \u2013 Programa 2 \u2013 28\\\/09\\\/2024\"}]},{\"@type\":\"WebSite\",\"@id\":\"https:\\\/\\\/autofans.com.ar\\\/#website\",\"url\":\"https:\\\/\\\/autofans.com.ar\\\/\",\"name\":\"\",\"description\":\"El multimedio referente de la industria automotriz\",\"potentialAction\":[{\"@type\":\"SearchAction\",\"target\":{\"@type\":\"EntryPoint\",\"urlTemplate\":\"https:\\\/\\\/autofans.com.ar\\\/?s={search_term_string}\"},\"query-input\":{\"@type\":\"PropertyValueSpecification\",\"valueRequired\":true,\"valueName\":\"search_term_string\"}}],\"inLanguage\":\"es\"},{\"@type\":\"Person\",\"@id\":\"https:\\\/\\\/autofans.com.ar\\\/#\\\/schema\\\/person\\\/4a8dda0b6df83ac3d6723e921274c2aa\",\"name\":\"Alejandro Gabriel Rosito\",\"image\":{\"@type\":\"ImageObject\",\"inLanguage\":\"es\",\"@id\":\"https:\\\/\\\/secure.gravatar.com\\\/avatar\\\/16c5dda1489adfc62618084dcbb91cffd879c374b13fe5dd8e44ed6733852c88?s=96&d=mm&r=g\",\"url\":\"https:\\\/\\\/secure.gravatar.com\\\/avatar\\\/16c5dda1489adfc62618084dcbb91cffd879c374b13fe5dd8e44ed6733852c88?s=96&d=mm&r=g\",\"contentUrl\":\"https:\\\/\\\/secure.gravatar.com\\\/avatar\\\/16c5dda1489adfc62618084dcbb91cffd879c374b13fe5dd8e44ed6733852c88?s=96&d=mm&r=g\",\"caption\":\"Alejandro Gabriel Rosito\"},\"url\":\"https:\\\/\\\/autofans.com.ar\\\/index.php\\\/author\\\/gabrielr\\\/\"}]}<\/script>\n<!-- \/ Yoast SEO plugin. -->","yoast_head_json":{"title":"AUTOFANS TV \u2013 Temp. 17 \u2013 Programa 2 \u2013 28\/09\/2024 -","description":"En el segundo programa de Autofans TV, estuvimos en el Michelin E. Primacy y Pilot Sport EV, hablamos con Eliana Banchik CEO Michelin Arg.","robots":{"index":"index","follow":"follow","max-snippet":"max-snippet:-1","max-image-preview":"max-image-preview:large","max-video-preview":"max-video-preview:-1"},"canonical":"https:\/\/autofans.com.ar\/index.php\/2024\/10\/01\/autofans-tv-temp-16-programa-2-28-09-2024\/","og_locale":"es_ES","og_type":"article","og_title":"AUTOFANS TV \u2013 Temp. 17 \u2013 Programa 2 \u2013 28\/09\/2024 -","og_description":"En el segundo programa de Autofans TV, estuvimos en el Michelin E. Primacy y Pilot Sport EV, hablamos con Eliana Banchik CEO Michelin Arg.","og_url":"https:\/\/autofans.com.ar\/index.php\/2024\/10\/01\/autofans-tv-temp-16-programa-2-28-09-2024\/","article_published_time":"2024-10-01T20:20:45+00:00","article_modified_time":"2024-10-02T01:10:22+00:00","og_image":[{"width":1831,"height":957,"url":"https:\/\/autofans.com.ar\/wp-content\/uploads\/2024\/10\/temp-17-28-09-2024.jpg","type":"image\/jpeg"}],"author":"Alejandro Gabriel Rosito","twitter_card":"summary_large_image","twitter_misc":{"Escrito por":"Alejandro Gabriel Rosito","Tiempo de lectura":"2 minutos"},"schema":{"@context":"https:\/\/schema.org","@graph":[{"@type":"Article","@id":"https:\/\/autofans.com.ar\/index.php\/2024\/10\/01\/autofans-tv-temp-16-programa-2-28-09-2024\/#article","isPartOf":{"@id":"https:\/\/autofans.com.ar\/index.php\/2024\/10\/01\/autofans-tv-temp-16-programa-2-28-09-2024\/"},"author":{"name":"Alejandro Gabriel Rosito","@id":"https:\/\/autofans.com.ar\/#\/schema\/person\/4a8dda0b6df83ac3d6723e921274c2aa"},"headline":"AUTOFANS TV \u2013 Temp. 17 \u2013 Programa 2 \u2013 28\/09\/2024","datePublished":"2024-10-01T20:20:45+00:00","dateModified":"2024-10-02T01:10:22+00:00","mainEntityOfPage":{"@id":"https:\/\/autofans.com.ar\/index.php\/2024\/10\/01\/autofans-tv-temp-16-programa-2-28-09-2024\/"},"wordCount":254,"image":{"@id":"https:\/\/autofans.com.ar\/index.php\/2024\/10\/01\/autofans-tv-temp-16-programa-2-28-09-2024\/#primaryimage"},"thumbnailUrl":"https:\/\/autofans.com.ar\/wp-content\/uploads\/2024\/10\/temp-17-28-09-2024.jpg","keywords":["AutoFanstv","Chevrolet","Chevrolet Tracker","Glasurit","Michelin E. Primacy y Pilot Sport EV","Volkswagen"],"articleSection":["AUTOFANS TV","Programas 2024"],"inLanguage":"es"},{"@type":"WebPage","@id":"https:\/\/autofans.com.ar\/index.php\/2024\/10\/01\/autofans-tv-temp-16-programa-2-28-09-2024\/","url":"https:\/\/autofans.com.ar\/index.php\/2024\/10\/01\/autofans-tv-temp-16-programa-2-28-09-2024\/","name":"AUTOFANS TV \u2013 Temp. 17 \u2013 Programa 2 \u2013 28\/09\/2024 -","isPartOf":{"@id":"https:\/\/autofans.com.ar\/#website"},"primaryImageOfPage":{"@id":"https:\/\/autofans.com.ar\/index.php\/2024\/10\/01\/autofans-tv-temp-16-programa-2-28-09-2024\/#primaryimage"},"image":{"@id":"https:\/\/autofans.com.ar\/index.php\/2024\/10\/01\/autofans-tv-temp-16-programa-2-28-09-2024\/#primaryimage"},"thumbnailUrl":"https:\/\/autofans.com.ar\/wp-content\/uploads\/2024\/10\/temp-17-28-09-2024.jpg","datePublished":"2024-10-01T20:20:45+00:00","dateModified":"2024-10-02T01:10:22+00:00","author":{"@id":"https:\/\/autofans.com.ar\/#\/schema\/person\/4a8dda0b6df83ac3d6723e921274c2aa"},"description":"En el segundo programa de Autofans TV, estuvimos en el Michelin E. Primacy y Pilot Sport EV, hablamos con Eliana Banchik CEO Michelin Arg.","breadcrumb":{"@id":"https:\/\/autofans.com.ar\/index.php\/2024\/10\/01\/autofans-tv-temp-16-programa-2-28-09-2024\/#breadcrumb"},"inLanguage":"es","potentialAction":[{"@type":"ReadAction","target":["https:\/\/autofans.com.ar\/index.php\/2024\/10\/01\/autofans-tv-temp-16-programa-2-28-09-2024\/"]}]},{"@type":"ImageObject","inLanguage":"es","@id":"https:\/\/autofans.com.ar\/index.php\/2024\/10\/01\/autofans-tv-temp-16-programa-2-28-09-2024\/#primaryimage","url":"https:\/\/autofans.com.ar\/wp-content\/uploads\/2024\/10\/temp-17-28-09-2024.jpg","contentUrl":"https:\/\/autofans.com.ar\/wp-content\/uploads\/2024\/10\/temp-17-28-09-2024.jpg","width":1831,"height":957,"caption":"Screenshot"},{"@type":"BreadcrumbList","@id":"https:\/\/autofans.com.ar\/index.php\/2024\/10\/01\/autofans-tv-temp-16-programa-2-28-09-2024\/#breadcrumb","itemListElement":[{"@type":"ListItem","position":1,"name":"Inicio","item":"https:\/\/autofans.com.ar\/"},{"@type":"ListItem","position":2,"name":"AUTOFANS TV \u2013 Temp. 17 \u2013 Programa 2 \u2013 28\/09\/2024"}]},{"@type":"WebSite","@id":"https:\/\/autofans.com.ar\/#website","url":"https:\/\/autofans.com.ar\/","name":"","description":"El multimedio referente de la industria automotriz","potentialAction":[{"@type":"SearchAction","target":{"@type":"EntryPoint","urlTemplate":"https:\/\/autofans.com.ar\/?s={search_term_string}"},"query-input":{"@type":"PropertyValueSpecification","valueRequired":true,"valueName":"search_term_string"}}],"inLanguage":"es"},{"@type":"Person","@id":"https:\/\/autofans.com.ar\/#\/schema\/person\/4a8dda0b6df83ac3d6723e921274c2aa","name":"Alejandro Gabriel Rosito","image":{"@type":"ImageObject","inLanguage":"es","@id":"https:\/\/secure.gravatar.com\/avatar\/16c5dda1489adfc62618084dcbb91cffd879c374b13fe5dd8e44ed6733852c88?s=96&d=mm&r=g","url":"https:\/\/secure.gravatar.com\/avatar\/16c5dda1489adfc62618084dcbb91cffd879c374b13fe5dd8e44ed6733852c88?s=96&d=mm&r=g","contentUrl":"https:\/\/secure.gravatar.com\/avatar\/16c5dda1489adfc62618084dcbb91cffd879c374b13fe5dd8e44ed6733852c88?s=96&d=mm&r=g","caption":"Alejandro Gabriel Rosito"},"url":"https:\/\/autofans.com.ar\/index.php\/author\/gabrielr\/"}]}},"featured_image_urls":{"full":["https:\/\/autofans.com.ar\/wp-content\/uploads\/2024\/10\/temp-17-28-09-2024.jpg",1831,957,false],"thumbnail":["https:\/\/autofans.com.ar\/wp-content\/uploads\/2024\/10\/temp-17-28-09-2024-150x150.jpg",150,150,true],"medium":["https:\/\/autofans.com.ar\/wp-content\/uploads\/2024\/10\/temp-17-28-09-2024-300x157.jpg",300,157,true],"medium_large":["https:\/\/autofans.com.ar\/wp-content\/uploads\/2024\/10\/temp-17-28-09-2024-768x401.jpg",640,334,true],"large":["https:\/\/autofans.com.ar\/wp-content\/uploads\/2024\/10\/temp-17-28-09-2024-1024x535.jpg",640,334,true],"1536x1536":["https:\/\/autofans.com.ar\/wp-content\/uploads\/2024\/10\/temp-17-28-09-2024-1536x803.jpg",1536,803,true],"2048x2048":["https:\/\/autofans.com.ar\/wp-content\/uploads\/2024\/10\/temp-17-28-09-2024.jpg",1831,957,false],"covernews-featured":["https:\/\/autofans.com.ar\/wp-content\/uploads\/2024\/10\/temp-17-28-09-2024-1024x535.jpg",1024,535,true],"covernews-medium":["https:\/\/autofans.com.ar\/wp-content\/uploads\/2024\/10\/temp-17-28-09-2024-540x340.jpg",540,340,true]},"author_info":{"display_name":"Alejandro Gabriel Rosito","author_link":"https:\/\/autofans.com.ar\/index.php\/author\/gabrielr\/"},"category_info":"<a href=\"https:\/\/autofans.com.ar\/index.php\/category\/autofans-tv\/\" rel=\"category tag\">AUTOFANS TV<\/a> <a href=\"https:\/\/autofans.com.ar\/index.php\/category\/autofans-tv\/programas-2024\/\" rel=\"category tag\">Programas 2024<\/a>","tag_info":"Programas 2024","comment_count":0,"_links":{"self":[{"href":"https:\/\/autofans.com.ar\/index.php\/wp-json\/wp\/v2\/posts\/9152","targetHints":{"allow":["GET"]}}],"collection":[{"href":"https:\/\/autofans.com.ar\/index.php\/wp-json\/wp\/v2\/posts"}],"about":[{"href":"https:\/\/autofans.com.ar\/index.php\/wp-json\/wp\/v2\/types\/post"}],"author":[{"embeddable":true,"href":"https:\/\/autofans.com.ar\/index.php\/wp-json\/wp\/v2\/users\/2"}],"replies":[{"embeddable":true,"href":"https:\/\/autofans.com.ar\/index.php\/wp-json\/wp\/v2\/comments?post=9152"}],"version-history":[{"count":14,"href":"https:\/\/autofans.com.ar\/index.php\/wp-json\/wp\/v2\/posts\/9152\/revisions"}],"predecessor-version":[{"id":9170,"href":"https:\/\/autofans.com.ar\/index.php\/wp-json\/wp\/v2\/posts\/9152\/revisions\/9170"}],"wp:featuredmedia":[{"embeddable":true,"href":"https:\/\/autofans.com.ar\/index.php\/wp-json\/wp\/v2\/media\/9168"}],"wp:attachment":[{"href":"https:\/\/autofans.com.ar\/index.php\/wp-json\/wp\/v2\/media?parent=9152"}],"wp:term":[{"taxonomy":"category","embeddable":true,"href":"https:\/\/autofans.com.ar\/index.php\/wp-json\/wp\/v2\/categories?post=9152"},{"taxonomy":"post_tag","embeddable":true,"href":"https:\/\/autofans.com.ar\/index.php\/wp-json\/wp\/v2\/tags?post=9152"}],"curies":[{"name":"wp","href":"https:\/\/api.w.org\/{rel}","templated":true}]}}