{"id":9172,"date":"2024-10-02T20:01:15","date_gmt":"2024-10-02T23:01:15","guid":{"rendered":"https:\/\/autofans.com.ar\/?p=9172"},"modified":"2024-10-02T20:09:24","modified_gmt":"2024-10-02T23:09:24","slug":"buenos-aires-se-prepara-para-el-festival-sudamericano-de-la-velocidad","status":"publish","type":"post","link":"https:\/\/autofans.com.ar\/index.php\/2024\/10\/02\/buenos-aires-se-prepara-para-el-festival-sudamericano-de-la-velocidad\/","title":{"rendered":"Buenos Aires se prepara para el Festival Sudamericano de la Velocidad"},"content":{"rendered":"<p>La CDA\/ACA\/FIA llev\u00f3 a cabo una conferencia de prensa para anunciar el lanzamiento del Festival Sudamericano de la Velocidad. Este tendr\u00e1 lugar este fin de semana en el Aut\u00f3dromo Oscar y Juan G\u00e1lvez de la Ciudad de Buenos Aires. El evento reunir\u00e1 a importantes categor\u00edas del automovilismo como el TC 2000, TCR South American, Stock Car Pro Series de Brasil, F\u00f3rmula 4 de Brasil y la F\u00f3rmula Nacional.<\/p>\n<p>&nbsp;<\/p>\n<h2>Conferencia del Festival Sudamericano de la Velocidad<\/h2>\n<p>Durante la conferencia, celebrada en la sede central del ACA. Los pilotos y equipos brindaron detalles sobre las competencias que se realizar\u00e1n, destacando el car\u00e1cter internacional del festival y la importancia de este tipo de eventos para el crecimiento del automovilismo en Sudam\u00e9rica.<\/p>\n<p>&nbsp;<\/p>\n<p><img fetchpriority=\"high\" decoding=\"async\" class=\"aligncenter wp-image-9175 size-full\" src=\"https:\/\/autofans.com.ar\/wp-content\/uploads\/2024\/10\/tc2000-1.jpg\" alt=\"Festival Sudamericano\" width=\"1000\" height=\"667\" srcset=\"https:\/\/autofans.com.ar\/wp-content\/uploads\/2024\/10\/tc2000-1.jpg 1000w, https:\/\/autofans.com.ar\/wp-content\/uploads\/2024\/10\/tc2000-1-300x200.jpg 300w, https:\/\/autofans.com.ar\/wp-content\/uploads\/2024\/10\/tc2000-1-768x512.jpg 768w\" sizes=\"(max-width: 1000px) 100vw, 1000px\" \/><\/p>\n<p>&nbsp;<\/p>\n<p>El Festival Sudamericano de la Velocidad promete un espect\u00e1culo imperdible para los amantes de los deportes de motor. Con la participaci\u00f3n de los mejores exponentes de la regi\u00f3n. Las carreras se desarrollar\u00e1n en uno de los circuitos m\u00e1s ic\u00f3nicos de Argentina. Ofreciendo adrenalina y emoci\u00f3n a todos los asistentes.<\/p>\n<p>&nbsp;<\/p>\n<p>&nbsp;<\/p>\n<p><i>Para enterarte de m\u00e1s novedades, no dejes de leer\u00a0<\/i><a href=\"https:\/\/autofans.thebrandsoup.com\/\"><i>nuestras notas<\/i><\/a><i>, de ver<\/i><b><i>\u00a0<\/i><\/b><a href=\"https:\/\/www.youtube.com\/channel\/UCgAC8UGHZYbT6P7PpmVnP7g\"><b><i>AUTOFANS TV<\/i><\/b><\/a><b><i>\u00a0<\/i><\/b><i>en nuestro\u00a0canal de Youtube. Adem\u00e1s seguinos en\u00a0<\/i><a href=\"https:\/\/www.instagram.com\/autofanstv\/\"><i>INSTAGRAM<\/i><\/a><i> y <\/i><a href=\"https:\/\/www.facebook.com\/autofansmas\/\"><i>FACEBOOK<\/i><\/a><i> para no perderte nada sobre las novedades del segmento automotor de Argentina y el mundo.<\/i><\/p>\n","protected":false},"excerpt":{"rendered":"<p>La CDA\/ACA\/FIA llev\u00f3 a cabo una conferencia de prensa para anunciar el lanzamiento del Festival&#8230;<\/p>\n","protected":false},"author":2,"featured_media":9174,"comment_status":"closed","ping_status":"closed","sticky":false,"template":"","format":"standard","meta":{"footnotes":""},"categories":[127,16],"tags":[185,4920,4914,4918,4919,4917,4915,4916],"class_list":["post-9172","post","type-post","status-publish","format-standard","has-post-thumbnail","hentry","category-deporte","category-noticias","tag-automovilismo","tag-autodromo-oscar-y-juan-galvez","tag-festival-sudamericano-de-la-velocidad","tag-formula-4-brasil","tag-formula-nacional","tag-stock-car-pro-series","tag-tc-2000","tag-tcr-south-american"],"yoast_head":"<!-- This site is optimized with the Yoast SEO plugin v27.5 - https:\/\/yoast.com\/product\/yoast-seo-wordpress\/ -->\n<title>Buenos Aires se prepara para el Festival Sudamericano de la Velocidad -<\/title>\n<meta name=\"description\" content=\"La CDA\/ACA\/FIA llev\u00f3 a cabo una conferencia de prensa para anunciar el lanzamiento del Festival Sudamericano de la Velocidad...\" \/>\n<meta name=\"robots\" content=\"index, follow, max-snippet:-1, max-image-preview:large, max-video-preview:-1\" \/>\n<link rel=\"canonical\" href=\"https:\/\/autofans.com.ar\/index.php\/2024\/10\/02\/buenos-aires-se-prepara-para-el-festival-sudamericano-de-la-velocidad\/\" \/>\n<meta property=\"og:locale\" content=\"es_ES\" \/>\n<meta property=\"og:type\" content=\"article\" \/>\n<meta property=\"og:title\" content=\"Buenos Aires se prepara para el Festival Sudamericano de la Velocidad -\" \/>\n<meta property=\"og:description\" content=\"La CDA\/ACA\/FIA llev\u00f3 a cabo una conferencia de prensa para anunciar el lanzamiento del Festival Sudamericano de la Velocidad...\" \/>\n<meta property=\"og:url\" content=\"https:\/\/autofans.com.ar\/index.php\/2024\/10\/02\/buenos-aires-se-prepara-para-el-festival-sudamericano-de-la-velocidad\/\" \/>\n<meta property=\"article:published_time\" content=\"2024-10-02T23:01:15+00:00\" \/>\n<meta property=\"article:modified_time\" content=\"2024-10-02T23:09:24+00:00\" \/>\n<meta property=\"og:image\" content=\"https:\/\/autofans.com.ar\/wp-content\/uploads\/2024\/10\/tc2000-2.jpg\" \/>\n\t<meta property=\"og:image:width\" content=\"640\" \/>\n\t<meta property=\"og:image:height\" content=\"427\" \/>\n\t<meta property=\"og:image:type\" content=\"image\/jpeg\" \/>\n<meta name=\"author\" content=\"Alejandro Gabriel Rosito\" \/>\n<meta name=\"twitter:card\" content=\"summary_large_image\" \/>\n<meta name=\"twitter:label1\" content=\"Escrito por\" \/>\n\t<meta name=\"twitter:data1\" content=\"Alejandro Gabriel Rosito\" \/>\n\t<meta name=\"twitter:label2\" content=\"Tiempo de lectura\" \/>\n\t<meta name=\"twitter:data2\" content=\"2 minutos\" \/>\n<script type=\"application\/ld+json\" class=\"yoast-schema-graph\">{\"@context\":\"https:\\\/\\\/schema.org\",\"@graph\":[{\"@type\":\"Article\",\"@id\":\"https:\\\/\\\/autofans.com.ar\\\/index.php\\\/2024\\\/10\\\/02\\\/buenos-aires-se-prepara-para-el-festival-sudamericano-de-la-velocidad\\\/#article\",\"isPartOf\":{\"@id\":\"https:\\\/\\\/autofans.com.ar\\\/index.php\\\/2024\\\/10\\\/02\\\/buenos-aires-se-prepara-para-el-festival-sudamericano-de-la-velocidad\\\/\"},\"author\":{\"name\":\"Alejandro Gabriel Rosito\",\"@id\":\"https:\\\/\\\/autofans.com.ar\\\/#\\\/schema\\\/person\\\/4a8dda0b6df83ac3d6723e921274c2aa\"},\"headline\":\"Buenos Aires se prepara para el Festival Sudamericano de la Velocidad\",\"datePublished\":\"2024-10-02T23:01:15+00:00\",\"dateModified\":\"2024-10-02T23:09:24+00:00\",\"mainEntityOfPage\":{\"@id\":\"https:\\\/\\\/autofans.com.ar\\\/index.php\\\/2024\\\/10\\\/02\\\/buenos-aires-se-prepara-para-el-festival-sudamericano-de-la-velocidad\\\/\"},\"wordCount\":241,\"image\":{\"@id\":\"https:\\\/\\\/autofans.com.ar\\\/index.php\\\/2024\\\/10\\\/02\\\/buenos-aires-se-prepara-para-el-festival-sudamericano-de-la-velocidad\\\/#primaryimage\"},\"thumbnailUrl\":\"https:\\\/\\\/autofans.com.ar\\\/wp-content\\\/uploads\\\/2024\\\/10\\\/tc2000-2.jpg\",\"keywords\":[\"#automovilismo\",\"Aut\u00f3dromo Oscar y Juan G\u00e1lvez\",\"Festival Sudamericano de la Velocidad\",\"F\u00f3rmula 4 Brasil\",\"F\u00f3rmula Nacional\",\"Stock Car Pro Series\",\"TC 2000\",\"TCR South American\"],\"articleSection\":[\"DEPORTE MOTOR\",\"NOTICIAS\"],\"inLanguage\":\"es\"},{\"@type\":\"WebPage\",\"@id\":\"https:\\\/\\\/autofans.com.ar\\\/index.php\\\/2024\\\/10\\\/02\\\/buenos-aires-se-prepara-para-el-festival-sudamericano-de-la-velocidad\\\/\",\"url\":\"https:\\\/\\\/autofans.com.ar\\\/index.php\\\/2024\\\/10\\\/02\\\/buenos-aires-se-prepara-para-el-festival-sudamericano-de-la-velocidad\\\/\",\"name\":\"Buenos Aires se prepara para el Festival Sudamericano de la Velocidad -\",\"isPartOf\":{\"@id\":\"https:\\\/\\\/autofans.com.ar\\\/#website\"},\"primaryImageOfPage\":{\"@id\":\"https:\\\/\\\/autofans.com.ar\\\/index.php\\\/2024\\\/10\\\/02\\\/buenos-aires-se-prepara-para-el-festival-sudamericano-de-la-velocidad\\\/#primaryimage\"},\"image\":{\"@id\":\"https:\\\/\\\/autofans.com.ar\\\/index.php\\\/2024\\\/10\\\/02\\\/buenos-aires-se-prepara-para-el-festival-sudamericano-de-la-velocidad\\\/#primaryimage\"},\"thumbnailUrl\":\"https:\\\/\\\/autofans.com.ar\\\/wp-content\\\/uploads\\\/2024\\\/10\\\/tc2000-2.jpg\",\"datePublished\":\"2024-10-02T23:01:15+00:00\",\"dateModified\":\"2024-10-02T23:09:24+00:00\",\"author\":{\"@id\":\"https:\\\/\\\/autofans.com.ar\\\/#\\\/schema\\\/person\\\/4a8dda0b6df83ac3d6723e921274c2aa\"},\"description\":\"La CDA\\\/ACA\\\/FIA llev\u00f3 a cabo una conferencia de prensa para anunciar el lanzamiento del Festival Sudamericano de la Velocidad...\",\"breadcrumb\":{\"@id\":\"https:\\\/\\\/autofans.com.ar\\\/index.php\\\/2024\\\/10\\\/02\\\/buenos-aires-se-prepara-para-el-festival-sudamericano-de-la-velocidad\\\/#breadcrumb\"},\"inLanguage\":\"es\",\"potentialAction\":[{\"@type\":\"ReadAction\",\"target\":[\"https:\\\/\\\/autofans.com.ar\\\/index.php\\\/2024\\\/10\\\/02\\\/buenos-aires-se-prepara-para-el-festival-sudamericano-de-la-velocidad\\\/\"]}]},{\"@type\":\"ImageObject\",\"inLanguage\":\"es\",\"@id\":\"https:\\\/\\\/autofans.com.ar\\\/index.php\\\/2024\\\/10\\\/02\\\/buenos-aires-se-prepara-para-el-festival-sudamericano-de-la-velocidad\\\/#primaryimage\",\"url\":\"https:\\\/\\\/autofans.com.ar\\\/wp-content\\\/uploads\\\/2024\\\/10\\\/tc2000-2.jpg\",\"contentUrl\":\"https:\\\/\\\/autofans.com.ar\\\/wp-content\\\/uploads\\\/2024\\\/10\\\/tc2000-2.jpg\",\"width\":1000,\"height\":667,\"caption\":\"Festival Sudamericano\"},{\"@type\":\"BreadcrumbList\",\"@id\":\"https:\\\/\\\/autofans.com.ar\\\/index.php\\\/2024\\\/10\\\/02\\\/buenos-aires-se-prepara-para-el-festival-sudamericano-de-la-velocidad\\\/#breadcrumb\",\"itemListElement\":[{\"@type\":\"ListItem\",\"position\":1,\"name\":\"Inicio\",\"item\":\"https:\\\/\\\/autofans.com.ar\\\/\"},{\"@type\":\"ListItem\",\"position\":2,\"name\":\"Buenos Aires se prepara para el Festival Sudamericano de la Velocidad\"}]},{\"@type\":\"WebSite\",\"@id\":\"https:\\\/\\\/autofans.com.ar\\\/#website\",\"url\":\"https:\\\/\\\/autofans.com.ar\\\/\",\"name\":\"\",\"description\":\"El multimedio referente de la industria automotriz\",\"potentialAction\":[{\"@type\":\"SearchAction\",\"target\":{\"@type\":\"EntryPoint\",\"urlTemplate\":\"https:\\\/\\\/autofans.com.ar\\\/?s={search_term_string}\"},\"query-input\":{\"@type\":\"PropertyValueSpecification\",\"valueRequired\":true,\"valueName\":\"search_term_string\"}}],\"inLanguage\":\"es\"},{\"@type\":\"Person\",\"@id\":\"https:\\\/\\\/autofans.com.ar\\\/#\\\/schema\\\/person\\\/4a8dda0b6df83ac3d6723e921274c2aa\",\"name\":\"Alejandro Gabriel Rosito\",\"image\":{\"@type\":\"ImageObject\",\"inLanguage\":\"es\",\"@id\":\"https:\\\/\\\/secure.gravatar.com\\\/avatar\\\/16c5dda1489adfc62618084dcbb91cffd879c374b13fe5dd8e44ed6733852c88?s=96&d=mm&r=g\",\"url\":\"https:\\\/\\\/secure.gravatar.com\\\/avatar\\\/16c5dda1489adfc62618084dcbb91cffd879c374b13fe5dd8e44ed6733852c88?s=96&d=mm&r=g\",\"contentUrl\":\"https:\\\/\\\/secure.gravatar.com\\\/avatar\\\/16c5dda1489adfc62618084dcbb91cffd879c374b13fe5dd8e44ed6733852c88?s=96&d=mm&r=g\",\"caption\":\"Alejandro Gabriel Rosito\"},\"url\":\"https:\\\/\\\/autofans.com.ar\\\/index.php\\\/author\\\/gabrielr\\\/\"}]}<\/script>\n<!-- \/ Yoast SEO plugin. -->","yoast_head_json":{"title":"Buenos Aires se prepara para el Festival Sudamericano de la Velocidad -","description":"La CDA\/ACA\/FIA llev\u00f3 a cabo una conferencia de prensa para anunciar el lanzamiento del Festival Sudamericano de la Velocidad...","robots":{"index":"index","follow":"follow","max-snippet":"max-snippet:-1","max-image-preview":"max-image-preview:large","max-video-preview":"max-video-preview:-1"},"canonical":"https:\/\/autofans.com.ar\/index.php\/2024\/10\/02\/buenos-aires-se-prepara-para-el-festival-sudamericano-de-la-velocidad\/","og_locale":"es_ES","og_type":"article","og_title":"Buenos Aires se prepara para el Festival Sudamericano de la Velocidad -","og_description":"La CDA\/ACA\/FIA llev\u00f3 a cabo una conferencia de prensa para anunciar el lanzamiento del Festival Sudamericano de la Velocidad...","og_url":"https:\/\/autofans.com.ar\/index.php\/2024\/10\/02\/buenos-aires-se-prepara-para-el-festival-sudamericano-de-la-velocidad\/","article_published_time":"2024-10-02T23:01:15+00:00","article_modified_time":"2024-10-02T23:09:24+00:00","og_image":[{"url":"https:\/\/autofans.com.ar\/wp-content\/uploads\/2024\/10\/tc2000-2.jpg","width":640,"height":427,"type":"image\/jpeg"}],"author":"Alejandro Gabriel Rosito","twitter_card":"summary_large_image","twitter_misc":{"Escrito por":"Alejandro Gabriel Rosito","Tiempo de lectura":"2 minutos"},"schema":{"@context":"https:\/\/schema.org","@graph":[{"@type":"Article","@id":"https:\/\/autofans.com.ar\/index.php\/2024\/10\/02\/buenos-aires-se-prepara-para-el-festival-sudamericano-de-la-velocidad\/#article","isPartOf":{"@id":"https:\/\/autofans.com.ar\/index.php\/2024\/10\/02\/buenos-aires-se-prepara-para-el-festival-sudamericano-de-la-velocidad\/"},"author":{"name":"Alejandro Gabriel Rosito","@id":"https:\/\/autofans.com.ar\/#\/schema\/person\/4a8dda0b6df83ac3d6723e921274c2aa"},"headline":"Buenos Aires se prepara para el Festival Sudamericano de la Velocidad","datePublished":"2024-10-02T23:01:15+00:00","dateModified":"2024-10-02T23:09:24+00:00","mainEntityOfPage":{"@id":"https:\/\/autofans.com.ar\/index.php\/2024\/10\/02\/buenos-aires-se-prepara-para-el-festival-sudamericano-de-la-velocidad\/"},"wordCount":241,"image":{"@id":"https:\/\/autofans.com.ar\/index.php\/2024\/10\/02\/buenos-aires-se-prepara-para-el-festival-sudamericano-de-la-velocidad\/#primaryimage"},"thumbnailUrl":"https:\/\/autofans.com.ar\/wp-content\/uploads\/2024\/10\/tc2000-2.jpg","keywords":["#automovilismo","Aut\u00f3dromo Oscar y Juan G\u00e1lvez","Festival Sudamericano de la Velocidad","F\u00f3rmula 4 Brasil","F\u00f3rmula Nacional","Stock Car Pro Series","TC 2000","TCR South American"],"articleSection":["DEPORTE MOTOR","NOTICIAS"],"inLanguage":"es"},{"@type":"WebPage","@id":"https:\/\/autofans.com.ar\/index.php\/2024\/10\/02\/buenos-aires-se-prepara-para-el-festival-sudamericano-de-la-velocidad\/","url":"https:\/\/autofans.com.ar\/index.php\/2024\/10\/02\/buenos-aires-se-prepara-para-el-festival-sudamericano-de-la-velocidad\/","name":"Buenos Aires se prepara para el Festival Sudamericano de la Velocidad -","isPartOf":{"@id":"https:\/\/autofans.com.ar\/#website"},"primaryImageOfPage":{"@id":"https:\/\/autofans.com.ar\/index.php\/2024\/10\/02\/buenos-aires-se-prepara-para-el-festival-sudamericano-de-la-velocidad\/#primaryimage"},"image":{"@id":"https:\/\/autofans.com.ar\/index.php\/2024\/10\/02\/buenos-aires-se-prepara-para-el-festival-sudamericano-de-la-velocidad\/#primaryimage"},"thumbnailUrl":"https:\/\/autofans.com.ar\/wp-content\/uploads\/2024\/10\/tc2000-2.jpg","datePublished":"2024-10-02T23:01:15+00:00","dateModified":"2024-10-02T23:09:24+00:00","author":{"@id":"https:\/\/autofans.com.ar\/#\/schema\/person\/4a8dda0b6df83ac3d6723e921274c2aa"},"description":"La CDA\/ACA\/FIA llev\u00f3 a cabo una conferencia de prensa para anunciar el lanzamiento del Festival Sudamericano de la Velocidad...","breadcrumb":{"@id":"https:\/\/autofans.com.ar\/index.php\/2024\/10\/02\/buenos-aires-se-prepara-para-el-festival-sudamericano-de-la-velocidad\/#breadcrumb"},"inLanguage":"es","potentialAction":[{"@type":"ReadAction","target":["https:\/\/autofans.com.ar\/index.php\/2024\/10\/02\/buenos-aires-se-prepara-para-el-festival-sudamericano-de-la-velocidad\/"]}]},{"@type":"ImageObject","inLanguage":"es","@id":"https:\/\/autofans.com.ar\/index.php\/2024\/10\/02\/buenos-aires-se-prepara-para-el-festival-sudamericano-de-la-velocidad\/#primaryimage","url":"https:\/\/autofans.com.ar\/wp-content\/uploads\/2024\/10\/tc2000-2.jpg","contentUrl":"https:\/\/autofans.com.ar\/wp-content\/uploads\/2024\/10\/tc2000-2.jpg","width":1000,"height":667,"caption":"Festival Sudamericano"},{"@type":"BreadcrumbList","@id":"https:\/\/autofans.com.ar\/index.php\/2024\/10\/02\/buenos-aires-se-prepara-para-el-festival-sudamericano-de-la-velocidad\/#breadcrumb","itemListElement":[{"@type":"ListItem","position":1,"name":"Inicio","item":"https:\/\/autofans.com.ar\/"},{"@type":"ListItem","position":2,"name":"Buenos Aires se prepara para el Festival Sudamericano de la Velocidad"}]},{"@type":"WebSite","@id":"https:\/\/autofans.com.ar\/#website","url":"https:\/\/autofans.com.ar\/","name":"","description":"El multimedio referente de la industria automotriz","potentialAction":[{"@type":"SearchAction","target":{"@type":"EntryPoint","urlTemplate":"https:\/\/autofans.com.ar\/?s={search_term_string}"},"query-input":{"@type":"PropertyValueSpecification","valueRequired":true,"valueName":"search_term_string"}}],"inLanguage":"es"},{"@type":"Person","@id":"https:\/\/autofans.com.ar\/#\/schema\/person\/4a8dda0b6df83ac3d6723e921274c2aa","name":"Alejandro Gabriel Rosito","image":{"@type":"ImageObject","inLanguage":"es","@id":"https:\/\/secure.gravatar.com\/avatar\/16c5dda1489adfc62618084dcbb91cffd879c374b13fe5dd8e44ed6733852c88?s=96&d=mm&r=g","url":"https:\/\/secure.gravatar.com\/avatar\/16c5dda1489adfc62618084dcbb91cffd879c374b13fe5dd8e44ed6733852c88?s=96&d=mm&r=g","contentUrl":"https:\/\/secure.gravatar.com\/avatar\/16c5dda1489adfc62618084dcbb91cffd879c374b13fe5dd8e44ed6733852c88?s=96&d=mm&r=g","caption":"Alejandro Gabriel Rosito"},"url":"https:\/\/autofans.com.ar\/index.php\/author\/gabrielr\/"}]}},"featured_image_urls":{"full":["https:\/\/autofans.com.ar\/wp-content\/uploads\/2024\/10\/tc2000-2.jpg",1000,667,false],"thumbnail":["https:\/\/autofans.com.ar\/wp-content\/uploads\/2024\/10\/tc2000-2-150x150.jpg",150,150,true],"medium":["https:\/\/autofans.com.ar\/wp-content\/uploads\/2024\/10\/tc2000-2-300x200.jpg",300,200,true],"medium_large":["https:\/\/autofans.com.ar\/wp-content\/uploads\/2024\/10\/tc2000-2-768x512.jpg",640,427,true],"large":["https:\/\/autofans.com.ar\/wp-content\/uploads\/2024\/10\/tc2000-2.jpg",640,427,false],"1536x1536":["https:\/\/autofans.com.ar\/wp-content\/uploads\/2024\/10\/tc2000-2.jpg",1000,667,false],"2048x2048":["https:\/\/autofans.com.ar\/wp-content\/uploads\/2024\/10\/tc2000-2.jpg",1000,667,false],"covernews-featured":["https:\/\/autofans.com.ar\/wp-content\/uploads\/2024\/10\/tc2000-2.jpg",1000,667,false],"covernews-medium":["https:\/\/autofans.com.ar\/wp-content\/uploads\/2024\/10\/tc2000-2-540x340.jpg",540,340,true]},"author_info":{"display_name":"Alejandro Gabriel Rosito","author_link":"https:\/\/autofans.com.ar\/index.php\/author\/gabrielr\/"},"category_info":"<a href=\"https:\/\/autofans.com.ar\/index.php\/category\/noticias\/deporte\/\" rel=\"category tag\">DEPORTE MOTOR<\/a> <a href=\"https:\/\/autofans.com.ar\/index.php\/category\/noticias\/\" rel=\"category tag\">NOTICIAS<\/a>","tag_info":"NOTICIAS","comment_count":0,"_links":{"self":[{"href":"https:\/\/autofans.com.ar\/index.php\/wp-json\/wp\/v2\/posts\/9172","targetHints":{"allow":["GET"]}}],"collection":[{"href":"https:\/\/autofans.com.ar\/index.php\/wp-json\/wp\/v2\/posts"}],"about":[{"href":"https:\/\/autofans.com.ar\/index.php\/wp-json\/wp\/v2\/types\/post"}],"author":[{"embeddable":true,"href":"https:\/\/autofans.com.ar\/index.php\/wp-json\/wp\/v2\/users\/2"}],"replies":[{"embeddable":true,"href":"https:\/\/autofans.com.ar\/index.php\/wp-json\/wp\/v2\/comments?post=9172"}],"version-history":[{"count":2,"href":"https:\/\/autofans.com.ar\/index.php\/wp-json\/wp\/v2\/posts\/9172\/revisions"}],"predecessor-version":[{"id":9176,"href":"https:\/\/autofans.com.ar\/index.php\/wp-json\/wp\/v2\/posts\/9172\/revisions\/9176"}],"wp:featuredmedia":[{"embeddable":true,"href":"https:\/\/autofans.com.ar\/index.php\/wp-json\/wp\/v2\/media\/9174"}],"wp:attachment":[{"href":"https:\/\/autofans.com.ar\/index.php\/wp-json\/wp\/v2\/media?parent=9172"}],"wp:term":[{"taxonomy":"category","embeddable":true,"href":"https:\/\/autofans.com.ar\/index.php\/wp-json\/wp\/v2\/categories?post=9172"},{"taxonomy":"post_tag","embeddable":true,"href":"https:\/\/autofans.com.ar\/index.php\/wp-json\/wp\/v2\/tags?post=9172"}],"curies":[{"name":"wp","href":"https:\/\/api.w.org\/{rel}","templated":true}]}}