{"id":9263,"date":"2024-10-09T19:15:48","date_gmt":"2024-10-09T22:15:48","guid":{"rendered":"https:\/\/autofans.com.ar\/?p=9263"},"modified":"2024-10-09T19:41:20","modified_gmt":"2024-10-09T22:41:20","slug":"elf-llega-a-cordoba-con-su-primer-taller-premium-y-cafe-para-motociclistas","status":"publish","type":"post","link":"https:\/\/autofans.com.ar\/index.php\/2024\/10\/09\/elf-llega-a-cordoba-con-su-primer-taller-premium-y-cafe-para-motociclistas\/","title":{"rendered":"ELF llega a C\u00f3rdoba con su primer taller premium y caf\u00e9 para motociclistas"},"content":{"rendered":"<p>ELF, la reconocida marca de lubricantes de origen franc\u00e9s, ha lanzado en Argentina su primer ELF Expert y ELF Caf\u00e9, ubicados en C\u00f3rdoba, en Lino Eneas Spilimbergo 3150. Este espacio ofrece a los motociclistas un servicio exclusivo y un punto de encuentro para compartir su pasi\u00f3n por las motos.<\/p>\n<p>&nbsp;<\/p>\n<blockquote>\n<p style=\"text-align: center;\">\u201cELF es sin\u00f3nimo de competici\u00f3n y de tecnolog\u00eda. Y tambi\u00e9n es una marca que representa camarader\u00eda. Con esta apertura, ELF inaugura el primer punto integral, \u00fanico y exclusivo para motos al cual, adem\u00e1s de los servicios habituales (lubricaci\u00f3n, reparaci\u00f3n y cambio de cubiertas, mec\u00e1nica ligera, etc.) se le suma la opci\u00f3n de customizado. A este espacio se incorpora una cafeter\u00eda como un punto de reuni\u00f3n, salida y encuentro entre amigos\u201d, se\u00f1al\u00f3 Diego Tricci, Director Comercial de TotalEnergies en Argentina.<\/p>\n<\/blockquote>\n<p>&nbsp;<\/p>\n<h2>Personalizaci\u00f3n y encuentro para motociclistas en C\u00f3rdoba<\/h2>\n<p>El ELF Expert es un taller de mec\u00e1nica ligera y customizaci\u00f3n, ideal para los amantes de las motos que buscan un servicio integral y personalizado. A trav\u00e9s de su alianza con Pacorro Kustom, un taller con m\u00e1s de 20 a\u00f1os de experiencia en C\u00f3rdoba, ofrece soluciones profesionales adaptadas a las necesidades de cada cliente, brindando un espacio donde los motociclistas pueden encontrar todo lo que necesitan.<\/p>\n<p>&nbsp;<\/p>\n<div id='gallery-1' class='gallery galleryid-9263 gallery-columns-2 gallery-size-full'><figure class='gallery-item'>\n\t\t\t<div class='gallery-icon landscape'>\n\t\t\t\t<a href='https:\/\/autofans.com.ar\/index.php\/2024\/10\/09\/elf-llega-a-cordoba-con-su-primer-taller-premium-y-cafe-para-motociclistas\/elf-2-2\/'><img loading=\"lazy\" width=\"1000\" height=\"667\" src=\"https:\/\/autofans.com.ar\/wp-content\/uploads\/2024\/10\/elf-2.jpg\" class=\"attachment-full size-full\" alt=\"ELF\" srcset=\"https:\/\/autofans.com.ar\/wp-content\/uploads\/2024\/10\/elf-2.jpg 1000w, https:\/\/autofans.com.ar\/wp-content\/uploads\/2024\/10\/elf-2-300x200.jpg 300w, https:\/\/autofans.com.ar\/wp-content\/uploads\/2024\/10\/elf-2-768x512.jpg 768w\" sizes=\"auto, (max-width: 1000px) 100vw, 1000px\" loading=\"lazy\" decoding=\"async\" \/><\/a>\n\t\t\t<\/div><\/figure><figure class='gallery-item'>\n\t\t\t<div class='gallery-icon landscape'>\n\t\t\t\t<a href='https:\/\/autofans.com.ar\/index.php\/2024\/10\/09\/elf-llega-a-cordoba-con-su-primer-taller-premium-y-cafe-para-motociclistas\/elf-5\/'><img loading=\"lazy\" width=\"1000\" height=\"667\" src=\"https:\/\/autofans.com.ar\/wp-content\/uploads\/2024\/10\/elf-5.jpg\" class=\"attachment-full size-full\" alt=\"ELF\" srcset=\"https:\/\/autofans.com.ar\/wp-content\/uploads\/2024\/10\/elf-5.jpg 1000w, https:\/\/autofans.com.ar\/wp-content\/uploads\/2024\/10\/elf-5-300x200.jpg 300w, https:\/\/autofans.com.ar\/wp-content\/uploads\/2024\/10\/elf-5-768x512.jpg 768w\" sizes=\"auto, (max-width: 1000px) 100vw, 1000px\" loading=\"lazy\" decoding=\"async\" \/><\/a>\n\t\t\t<\/div><\/figure>\n\t\t<\/div>\n\n<p>&nbsp;<\/p>\n<p>Junto al taller, se inaugur\u00f3 el ELF Caf\u00e9, un espacio social y gastron\u00f3mico pensado para que los fan\u00e1ticos de las motos puedan compartir historias y an\u00e9cdotas de sus viajes y rutas. Este caf\u00e9 tem\u00e1tico busca convertirse en un punto de encuentro clave para los motociclistas, ofreciendo un ambiente acogedor donde la experiencia y la comunidad son el centro de atenci\u00f3n.<\/p>\n<p>&nbsp;<\/p>\n<blockquote>\n<p style=\"text-align: center;\">\u201cPara aquellos que nos sentimos apasionados por las motos, contar con un espacio ambientado y pensado especialmente para nosotros se convierte en una cita ineludible. En mi caso particular, ser parte del primer ELF Caf\u00e9, es un orgullo extra. Aspiro a que esta propuesta se expanda por el pa\u00eds y se convierta en un punto de encuentro para los amantes de las motos de toda la Argentina\u201d; coment\u00f3 Tom\u00e1s G\u00f3mez Funes, socio de del proyecto.<\/p>\n<\/blockquote>\n<p>&nbsp;<\/p>\n<h2>Inauguraci\u00f3n del ELF Expert y ELF Caf\u00e9 con el multitudinario evento Only Spin<\/h2>\n<p>La inauguraci\u00f3n fue acompa\u00f1ada por el evento Only Spin, que reuni\u00f3 a m\u00e1s de 1000 motos de alta gama, personalizadas y cl\u00e1sicas, en un recorrido que comenz\u00f3 en el ELF Expert y finaliz\u00f3 en Villa Allende. Adem\u00e1s, es patrocinador del evento, reafirmando su compromiso con la comunidad motociclista.<\/p>\n<p>&nbsp;<\/p>\n<p>&nbsp;<\/p>\n<div id='gallery-2' class='gallery galleryid-9263 gallery-columns-2 gallery-size-full'><figure class='gallery-item'>\n\t\t\t<div class='gallery-icon landscape'>\n\t\t\t\t<a href='https:\/\/autofans.com.ar\/index.php\/2024\/10\/09\/elf-llega-a-cordoba-con-su-primer-taller-premium-y-cafe-para-motociclistas\/elf-3-2\/'><img loading=\"lazy\" width=\"1000\" height=\"667\" src=\"https:\/\/autofans.com.ar\/wp-content\/uploads\/2024\/10\/elf-3.jpg\" class=\"attachment-full size-full\" alt=\"ELF\" srcset=\"https:\/\/autofans.com.ar\/wp-content\/uploads\/2024\/10\/elf-3.jpg 1000w, https:\/\/autofans.com.ar\/wp-content\/uploads\/2024\/10\/elf-3-300x200.jpg 300w, https:\/\/autofans.com.ar\/wp-content\/uploads\/2024\/10\/elf-3-768x512.jpg 768w\" sizes=\"auto, (max-width: 1000px) 100vw, 1000px\" loading=\"lazy\" decoding=\"async\" \/><\/a>\n\t\t\t<\/div><\/figure><figure class='gallery-item'>\n\t\t\t<div class='gallery-icon landscape'>\n\t\t\t\t<a href='https:\/\/autofans.com.ar\/index.php\/2024\/10\/09\/elf-llega-a-cordoba-con-su-primer-taller-premium-y-cafe-para-motociclistas\/elf-6\/'><img loading=\"lazy\" width=\"1000\" height=\"667\" src=\"https:\/\/autofans.com.ar\/wp-content\/uploads\/2024\/10\/elf-6.jpg\" class=\"attachment-full size-full\" alt=\"ELF\" srcset=\"https:\/\/autofans.com.ar\/wp-content\/uploads\/2024\/10\/elf-6.jpg 1000w, https:\/\/autofans.com.ar\/wp-content\/uploads\/2024\/10\/elf-6-300x200.jpg 300w, https:\/\/autofans.com.ar\/wp-content\/uploads\/2024\/10\/elf-6-768x512.jpg 768w\" sizes=\"auto, (max-width: 1000px) 100vw, 1000px\" loading=\"lazy\" decoding=\"async\" \/><\/a>\n\t\t\t<\/div><\/figure>\n\t\t<\/div>\n\n<p>&nbsp;<\/p>\n<p>Con una amplia gama de lubricantes de alta tecnolog\u00eda, dise\u00f1ados para mejorar el rendimiento y prolongar la vida \u00fatil de los motores de 2 y 4 tiempos. Estos productos garantizan una mejor protecci\u00f3n y el m\u00e1ximo rendimiento en cada uso.<\/p>\n<p>Los horarios de atenci\u00f3n del<a href=\"https:\/\/autofans.com.ar\/index.php\/2024\/07\/17\/una-travesia-por-america-junto-a-elf-y-juan-forner\/\" target=\"_blank\" rel=\"noopener\"> ELF<\/a> Expert son de lunes a viernes de 9 a 18:30 hs, mientras que el ELF Caf\u00e9 abre de lunes a mi\u00e9rcoles de 8 a 20 hs, y de jueves a s\u00e1bado de 8 a 24 hs.<\/p>\n<p>&nbsp;<\/p>\n<blockquote>\n<p style=\"text-align: center;\">\u201cCon la apertura de este espacio de reuni\u00f3n para los fan\u00e1ticos de las motos, creamos un lugar de pertenencia. Inaugurar este espacio nos llena de orgullo y estamos convencidos de que ser\u00e1 el primer paso de muchos que daremos en el futuro. Por eso dimos inicio a este espacio con la rodada Only Spin, lo que permiti\u00f3 comenzar a vivir la experiencia\u201d, se\u00f1al\u00f3 Nicol\u00e1s Macaggi, socio de Pacorro Kustom.<\/p>\n<\/blockquote>\n<p>&nbsp;<\/p>\n<p>&nbsp;<\/p>\n<p><i>Para enterarte de m\u00e1s novedades, no dejes de leer\u00a0<\/i><a href=\"https:\/\/autofans.thebrandsoup.com\/\"><i>nuestras notas<\/i><\/a><i>, de ver<\/i><b><i>\u00a0<\/i><\/b><a href=\"https:\/\/www.youtube.com\/channel\/UCgAC8UGHZYbT6P7PpmVnP7g\"><b><i>AUTOFANS TV<\/i><\/b><\/a><b><i>\u00a0<\/i><\/b><i>en nuestro\u00a0canal de Youtube. Adem\u00e1s seguinos en\u00a0<\/i><a href=\"https:\/\/www.instagram.com\/autofanstv\/\"><i>INSTAGRAM<\/i><\/a><i> y <\/i><a href=\"https:\/\/www.facebook.com\/autofansmas\/\"><i>FACEBOOK<\/i><\/a><i> para no perderte nada sobre las novedades del segmento automotor de Argentina y el mundo.<\/i><\/p>\n","protected":false},"excerpt":{"rendered":"<p>ELF, la reconocida marca de lubricantes de origen franc\u00e9s, ha lanzado en Argentina su primer&#8230;<\/p>\n","protected":false},"author":2,"featured_media":9268,"comment_status":"closed","ping_status":"closed","sticky":false,"template":"","format":"standard","meta":{"footnotes":""},"categories":[6,1],"tags":[4983,4981,4979,4978,4986,4980,4985,4984,4982],"class_list":["post-9263","post","type-post","status-publish","format-standard","has-post-thumbnail","hentry","category-bizstyle","category-lanzamientos","tag-cafe-para-motociclistas","tag-cordoba-motos","tag-elf-cafe","tag-elf-expert","tag-eventos-motos-cordoba","tag-lubricantes-elf","tag-lubricantes-motos","tag-pacorro-kustom","tag-taller-motos-cordoba"],"yoast_head":"<!-- This site is optimized with the Yoast SEO plugin v27.5 - https:\/\/yoast.com\/product\/yoast-seo-wordpress\/ -->\n<title>ELF llega a C\u00f3rdoba con su primer taller premium y caf\u00e9 para motociclistas -<\/title>\n<meta name=\"description\" content=\"ELF, la reconocida marca de lubricantes de origen franc\u00e9s, ha lanzado en Argentina su primer ELF Expert y ELF Caf\u00e9, ubicados en C\u00f3rdoba...\" \/>\n<meta name=\"robots\" content=\"index, follow, max-snippet:-1, max-image-preview:large, max-video-preview:-1\" \/>\n<link rel=\"canonical\" href=\"https:\/\/autofans.com.ar\/index.php\/2024\/10\/09\/elf-llega-a-cordoba-con-su-primer-taller-premium-y-cafe-para-motociclistas\/\" \/>\n<meta property=\"og:locale\" content=\"es_ES\" \/>\n<meta property=\"og:type\" content=\"article\" \/>\n<meta property=\"og:title\" content=\"ELF llega a C\u00f3rdoba con su primer taller premium y caf\u00e9 para motociclistas -\" \/>\n<meta property=\"og:description\" content=\"ELF, la reconocida marca de lubricantes de origen franc\u00e9s, ha lanzado en Argentina su primer ELF Expert y ELF Caf\u00e9, ubicados en C\u00f3rdoba...\" \/>\n<meta property=\"og:url\" content=\"https:\/\/autofans.com.ar\/index.php\/2024\/10\/09\/elf-llega-a-cordoba-con-su-primer-taller-premium-y-cafe-para-motociclistas\/\" \/>\n<meta property=\"article:published_time\" content=\"2024-10-09T22:15:48+00:00\" \/>\n<meta property=\"article:modified_time\" content=\"2024-10-09T22:41:20+00:00\" \/>\n<meta property=\"og:image\" content=\"https:\/\/autofans.com.ar\/wp-content\/uploads\/2024\/10\/elf-4.jpg\" \/>\n\t<meta property=\"og:image:width\" content=\"640\" \/>\n\t<meta property=\"og:image:height\" content=\"427\" \/>\n\t<meta property=\"og:image:type\" content=\"image\/jpeg\" \/>\n<meta name=\"author\" content=\"Alejandro Gabriel Rosito\" \/>\n<meta name=\"twitter:card\" content=\"summary_large_image\" \/>\n<meta name=\"twitter:label1\" content=\"Escrito por\" \/>\n\t<meta name=\"twitter:data1\" content=\"Alejandro Gabriel Rosito\" \/>\n\t<meta name=\"twitter:label2\" content=\"Tiempo de lectura\" \/>\n\t<meta name=\"twitter:data2\" content=\"2 minutos\" \/>\n<script type=\"application\/ld+json\" class=\"yoast-schema-graph\">{\"@context\":\"https:\\\/\\\/schema.org\",\"@graph\":[{\"@type\":\"Article\",\"@id\":\"https:\\\/\\\/autofans.com.ar\\\/index.php\\\/2024\\\/10\\\/09\\\/elf-llega-a-cordoba-con-su-primer-taller-premium-y-cafe-para-motociclistas\\\/#article\",\"isPartOf\":{\"@id\":\"https:\\\/\\\/autofans.com.ar\\\/index.php\\\/2024\\\/10\\\/09\\\/elf-llega-a-cordoba-con-su-primer-taller-premium-y-cafe-para-motociclistas\\\/\"},\"author\":{\"name\":\"Alejandro Gabriel Rosito\",\"@id\":\"https:\\\/\\\/autofans.com.ar\\\/#\\\/schema\\\/person\\\/4a8dda0b6df83ac3d6723e921274c2aa\"},\"headline\":\"ELF llega a C\u00f3rdoba con su primer taller premium y caf\u00e9 para motociclistas\",\"datePublished\":\"2024-10-09T22:15:48+00:00\",\"dateModified\":\"2024-10-09T22:41:20+00:00\",\"mainEntityOfPage\":{\"@id\":\"https:\\\/\\\/autofans.com.ar\\\/index.php\\\/2024\\\/10\\\/09\\\/elf-llega-a-cordoba-con-su-primer-taller-premium-y-cafe-para-motociclistas\\\/\"},\"wordCount\":665,\"image\":{\"@id\":\"https:\\\/\\\/autofans.com.ar\\\/index.php\\\/2024\\\/10\\\/09\\\/elf-llega-a-cordoba-con-su-primer-taller-premium-y-cafe-para-motociclistas\\\/#primaryimage\"},\"thumbnailUrl\":\"https:\\\/\\\/autofans.com.ar\\\/wp-content\\\/uploads\\\/2024\\\/10\\\/elf-4.jpg\",\"keywords\":[\"caf\u00e9 para motociclistas\",\"C\u00f3rdoba motos\",\"ELF Caf\u00e9\",\"ELF Expert\",\"eventos motos C\u00f3rdoba\",\"lubricantes ELF\",\"lubricantes motos\",\"Pacorro Kustom\",\"taller motos C\u00f3rdoba\"],\"articleSection\":[\"BIZSTYLE\",\"LANZAMIENTOS\"],\"inLanguage\":\"es\"},{\"@type\":\"WebPage\",\"@id\":\"https:\\\/\\\/autofans.com.ar\\\/index.php\\\/2024\\\/10\\\/09\\\/elf-llega-a-cordoba-con-su-primer-taller-premium-y-cafe-para-motociclistas\\\/\",\"url\":\"https:\\\/\\\/autofans.com.ar\\\/index.php\\\/2024\\\/10\\\/09\\\/elf-llega-a-cordoba-con-su-primer-taller-premium-y-cafe-para-motociclistas\\\/\",\"name\":\"ELF llega a C\u00f3rdoba con su primer taller premium y caf\u00e9 para motociclistas -\",\"isPartOf\":{\"@id\":\"https:\\\/\\\/autofans.com.ar\\\/#website\"},\"primaryImageOfPage\":{\"@id\":\"https:\\\/\\\/autofans.com.ar\\\/index.php\\\/2024\\\/10\\\/09\\\/elf-llega-a-cordoba-con-su-primer-taller-premium-y-cafe-para-motociclistas\\\/#primaryimage\"},\"image\":{\"@id\":\"https:\\\/\\\/autofans.com.ar\\\/index.php\\\/2024\\\/10\\\/09\\\/elf-llega-a-cordoba-con-su-primer-taller-premium-y-cafe-para-motociclistas\\\/#primaryimage\"},\"thumbnailUrl\":\"https:\\\/\\\/autofans.com.ar\\\/wp-content\\\/uploads\\\/2024\\\/10\\\/elf-4.jpg\",\"datePublished\":\"2024-10-09T22:15:48+00:00\",\"dateModified\":\"2024-10-09T22:41:20+00:00\",\"author\":{\"@id\":\"https:\\\/\\\/autofans.com.ar\\\/#\\\/schema\\\/person\\\/4a8dda0b6df83ac3d6723e921274c2aa\"},\"description\":\"ELF, la reconocida marca de lubricantes de origen franc\u00e9s, ha lanzado en Argentina su primer ELF Expert y ELF Caf\u00e9, ubicados en C\u00f3rdoba...\",\"breadcrumb\":{\"@id\":\"https:\\\/\\\/autofans.com.ar\\\/index.php\\\/2024\\\/10\\\/09\\\/elf-llega-a-cordoba-con-su-primer-taller-premium-y-cafe-para-motociclistas\\\/#breadcrumb\"},\"inLanguage\":\"es\",\"potentialAction\":[{\"@type\":\"ReadAction\",\"target\":[\"https:\\\/\\\/autofans.com.ar\\\/index.php\\\/2024\\\/10\\\/09\\\/elf-llega-a-cordoba-con-su-primer-taller-premium-y-cafe-para-motociclistas\\\/\"]}]},{\"@type\":\"ImageObject\",\"inLanguage\":\"es\",\"@id\":\"https:\\\/\\\/autofans.com.ar\\\/index.php\\\/2024\\\/10\\\/09\\\/elf-llega-a-cordoba-con-su-primer-taller-premium-y-cafe-para-motociclistas\\\/#primaryimage\",\"url\":\"https:\\\/\\\/autofans.com.ar\\\/wp-content\\\/uploads\\\/2024\\\/10\\\/elf-4.jpg\",\"contentUrl\":\"https:\\\/\\\/autofans.com.ar\\\/wp-content\\\/uploads\\\/2024\\\/10\\\/elf-4.jpg\",\"width\":1000,\"height\":667,\"caption\":\"ELF\"},{\"@type\":\"BreadcrumbList\",\"@id\":\"https:\\\/\\\/autofans.com.ar\\\/index.php\\\/2024\\\/10\\\/09\\\/elf-llega-a-cordoba-con-su-primer-taller-premium-y-cafe-para-motociclistas\\\/#breadcrumb\",\"itemListElement\":[{\"@type\":\"ListItem\",\"position\":1,\"name\":\"Inicio\",\"item\":\"https:\\\/\\\/autofans.com.ar\\\/\"},{\"@type\":\"ListItem\",\"position\":2,\"name\":\"ELF llega a C\u00f3rdoba con su primer taller premium y caf\u00e9 para motociclistas\"}]},{\"@type\":\"WebSite\",\"@id\":\"https:\\\/\\\/autofans.com.ar\\\/#website\",\"url\":\"https:\\\/\\\/autofans.com.ar\\\/\",\"name\":\"\",\"description\":\"El multimedio referente de la industria automotriz\",\"potentialAction\":[{\"@type\":\"SearchAction\",\"target\":{\"@type\":\"EntryPoint\",\"urlTemplate\":\"https:\\\/\\\/autofans.com.ar\\\/?s={search_term_string}\"},\"query-input\":{\"@type\":\"PropertyValueSpecification\",\"valueRequired\":true,\"valueName\":\"search_term_string\"}}],\"inLanguage\":\"es\"},{\"@type\":\"Person\",\"@id\":\"https:\\\/\\\/autofans.com.ar\\\/#\\\/schema\\\/person\\\/4a8dda0b6df83ac3d6723e921274c2aa\",\"name\":\"Alejandro Gabriel Rosito\",\"image\":{\"@type\":\"ImageObject\",\"inLanguage\":\"es\",\"@id\":\"https:\\\/\\\/secure.gravatar.com\\\/avatar\\\/16c5dda1489adfc62618084dcbb91cffd879c374b13fe5dd8e44ed6733852c88?s=96&d=mm&r=g\",\"url\":\"https:\\\/\\\/secure.gravatar.com\\\/avatar\\\/16c5dda1489adfc62618084dcbb91cffd879c374b13fe5dd8e44ed6733852c88?s=96&d=mm&r=g\",\"contentUrl\":\"https:\\\/\\\/secure.gravatar.com\\\/avatar\\\/16c5dda1489adfc62618084dcbb91cffd879c374b13fe5dd8e44ed6733852c88?s=96&d=mm&r=g\",\"caption\":\"Alejandro Gabriel Rosito\"},\"url\":\"https:\\\/\\\/autofans.com.ar\\\/index.php\\\/author\\\/gabrielr\\\/\"}]}<\/script>\n<!-- \/ Yoast SEO plugin. -->","yoast_head_json":{"title":"ELF llega a C\u00f3rdoba con su primer taller premium y caf\u00e9 para motociclistas -","description":"ELF, la reconocida marca de lubricantes de origen franc\u00e9s, ha lanzado en Argentina su primer ELF Expert y ELF Caf\u00e9, ubicados en C\u00f3rdoba...","robots":{"index":"index","follow":"follow","max-snippet":"max-snippet:-1","max-image-preview":"max-image-preview:large","max-video-preview":"max-video-preview:-1"},"canonical":"https:\/\/autofans.com.ar\/index.php\/2024\/10\/09\/elf-llega-a-cordoba-con-su-primer-taller-premium-y-cafe-para-motociclistas\/","og_locale":"es_ES","og_type":"article","og_title":"ELF llega a C\u00f3rdoba con su primer taller premium y caf\u00e9 para motociclistas -","og_description":"ELF, la reconocida marca de lubricantes de origen franc\u00e9s, ha lanzado en Argentina su primer ELF Expert y ELF Caf\u00e9, ubicados en C\u00f3rdoba...","og_url":"https:\/\/autofans.com.ar\/index.php\/2024\/10\/09\/elf-llega-a-cordoba-con-su-primer-taller-premium-y-cafe-para-motociclistas\/","article_published_time":"2024-10-09T22:15:48+00:00","article_modified_time":"2024-10-09T22:41:20+00:00","og_image":[{"url":"https:\/\/autofans.com.ar\/wp-content\/uploads\/2024\/10\/elf-4.jpg","width":640,"height":427,"type":"image\/jpeg"}],"author":"Alejandro Gabriel Rosito","twitter_card":"summary_large_image","twitter_misc":{"Escrito por":"Alejandro Gabriel Rosito","Tiempo de lectura":"2 minutos"},"schema":{"@context":"https:\/\/schema.org","@graph":[{"@type":"Article","@id":"https:\/\/autofans.com.ar\/index.php\/2024\/10\/09\/elf-llega-a-cordoba-con-su-primer-taller-premium-y-cafe-para-motociclistas\/#article","isPartOf":{"@id":"https:\/\/autofans.com.ar\/index.php\/2024\/10\/09\/elf-llega-a-cordoba-con-su-primer-taller-premium-y-cafe-para-motociclistas\/"},"author":{"name":"Alejandro Gabriel Rosito","@id":"https:\/\/autofans.com.ar\/#\/schema\/person\/4a8dda0b6df83ac3d6723e921274c2aa"},"headline":"ELF llega a C\u00f3rdoba con su primer taller premium y caf\u00e9 para motociclistas","datePublished":"2024-10-09T22:15:48+00:00","dateModified":"2024-10-09T22:41:20+00:00","mainEntityOfPage":{"@id":"https:\/\/autofans.com.ar\/index.php\/2024\/10\/09\/elf-llega-a-cordoba-con-su-primer-taller-premium-y-cafe-para-motociclistas\/"},"wordCount":665,"image":{"@id":"https:\/\/autofans.com.ar\/index.php\/2024\/10\/09\/elf-llega-a-cordoba-con-su-primer-taller-premium-y-cafe-para-motociclistas\/#primaryimage"},"thumbnailUrl":"https:\/\/autofans.com.ar\/wp-content\/uploads\/2024\/10\/elf-4.jpg","keywords":["caf\u00e9 para motociclistas","C\u00f3rdoba motos","ELF Caf\u00e9","ELF Expert","eventos motos C\u00f3rdoba","lubricantes ELF","lubricantes motos","Pacorro Kustom","taller motos C\u00f3rdoba"],"articleSection":["BIZSTYLE","LANZAMIENTOS"],"inLanguage":"es"},{"@type":"WebPage","@id":"https:\/\/autofans.com.ar\/index.php\/2024\/10\/09\/elf-llega-a-cordoba-con-su-primer-taller-premium-y-cafe-para-motociclistas\/","url":"https:\/\/autofans.com.ar\/index.php\/2024\/10\/09\/elf-llega-a-cordoba-con-su-primer-taller-premium-y-cafe-para-motociclistas\/","name":"ELF llega a C\u00f3rdoba con su primer taller premium y caf\u00e9 para motociclistas -","isPartOf":{"@id":"https:\/\/autofans.com.ar\/#website"},"primaryImageOfPage":{"@id":"https:\/\/autofans.com.ar\/index.php\/2024\/10\/09\/elf-llega-a-cordoba-con-su-primer-taller-premium-y-cafe-para-motociclistas\/#primaryimage"},"image":{"@id":"https:\/\/autofans.com.ar\/index.php\/2024\/10\/09\/elf-llega-a-cordoba-con-su-primer-taller-premium-y-cafe-para-motociclistas\/#primaryimage"},"thumbnailUrl":"https:\/\/autofans.com.ar\/wp-content\/uploads\/2024\/10\/elf-4.jpg","datePublished":"2024-10-09T22:15:48+00:00","dateModified":"2024-10-09T22:41:20+00:00","author":{"@id":"https:\/\/autofans.com.ar\/#\/schema\/person\/4a8dda0b6df83ac3d6723e921274c2aa"},"description":"ELF, la reconocida marca de lubricantes de origen franc\u00e9s, ha lanzado en Argentina su primer ELF Expert y ELF Caf\u00e9, ubicados en C\u00f3rdoba...","breadcrumb":{"@id":"https:\/\/autofans.com.ar\/index.php\/2024\/10\/09\/elf-llega-a-cordoba-con-su-primer-taller-premium-y-cafe-para-motociclistas\/#breadcrumb"},"inLanguage":"es","potentialAction":[{"@type":"ReadAction","target":["https:\/\/autofans.com.ar\/index.php\/2024\/10\/09\/elf-llega-a-cordoba-con-su-primer-taller-premium-y-cafe-para-motociclistas\/"]}]},{"@type":"ImageObject","inLanguage":"es","@id":"https:\/\/autofans.com.ar\/index.php\/2024\/10\/09\/elf-llega-a-cordoba-con-su-primer-taller-premium-y-cafe-para-motociclistas\/#primaryimage","url":"https:\/\/autofans.com.ar\/wp-content\/uploads\/2024\/10\/elf-4.jpg","contentUrl":"https:\/\/autofans.com.ar\/wp-content\/uploads\/2024\/10\/elf-4.jpg","width":1000,"height":667,"caption":"ELF"},{"@type":"BreadcrumbList","@id":"https:\/\/autofans.com.ar\/index.php\/2024\/10\/09\/elf-llega-a-cordoba-con-su-primer-taller-premium-y-cafe-para-motociclistas\/#breadcrumb","itemListElement":[{"@type":"ListItem","position":1,"name":"Inicio","item":"https:\/\/autofans.com.ar\/"},{"@type":"ListItem","position":2,"name":"ELF llega a C\u00f3rdoba con su primer taller premium y caf\u00e9 para motociclistas"}]},{"@type":"WebSite","@id":"https:\/\/autofans.com.ar\/#website","url":"https:\/\/autofans.com.ar\/","name":"","description":"El multimedio referente de la industria automotriz","potentialAction":[{"@type":"SearchAction","target":{"@type":"EntryPoint","urlTemplate":"https:\/\/autofans.com.ar\/?s={search_term_string}"},"query-input":{"@type":"PropertyValueSpecification","valueRequired":true,"valueName":"search_term_string"}}],"inLanguage":"es"},{"@type":"Person","@id":"https:\/\/autofans.com.ar\/#\/schema\/person\/4a8dda0b6df83ac3d6723e921274c2aa","name":"Alejandro Gabriel Rosito","image":{"@type":"ImageObject","inLanguage":"es","@id":"https:\/\/secure.gravatar.com\/avatar\/16c5dda1489adfc62618084dcbb91cffd879c374b13fe5dd8e44ed6733852c88?s=96&d=mm&r=g","url":"https:\/\/secure.gravatar.com\/avatar\/16c5dda1489adfc62618084dcbb91cffd879c374b13fe5dd8e44ed6733852c88?s=96&d=mm&r=g","contentUrl":"https:\/\/secure.gravatar.com\/avatar\/16c5dda1489adfc62618084dcbb91cffd879c374b13fe5dd8e44ed6733852c88?s=96&d=mm&r=g","caption":"Alejandro Gabriel Rosito"},"url":"https:\/\/autofans.com.ar\/index.php\/author\/gabrielr\/"}]}},"featured_image_urls":{"full":["https:\/\/autofans.com.ar\/wp-content\/uploads\/2024\/10\/elf-4.jpg",1000,667,false],"thumbnail":["https:\/\/autofans.com.ar\/wp-content\/uploads\/2024\/10\/elf-4-150x150.jpg",150,150,true],"medium":["https:\/\/autofans.com.ar\/wp-content\/uploads\/2024\/10\/elf-4-300x200.jpg",300,200,true],"medium_large":["https:\/\/autofans.com.ar\/wp-content\/uploads\/2024\/10\/elf-4-768x512.jpg",640,427,true],"large":["https:\/\/autofans.com.ar\/wp-content\/uploads\/2024\/10\/elf-4.jpg",640,427,false],"1536x1536":["https:\/\/autofans.com.ar\/wp-content\/uploads\/2024\/10\/elf-4.jpg",1000,667,false],"2048x2048":["https:\/\/autofans.com.ar\/wp-content\/uploads\/2024\/10\/elf-4.jpg",1000,667,false],"covernews-featured":["https:\/\/autofans.com.ar\/wp-content\/uploads\/2024\/10\/elf-4.jpg",1000,667,false],"covernews-medium":["https:\/\/autofans.com.ar\/wp-content\/uploads\/2024\/10\/elf-4-540x340.jpg",540,340,true]},"author_info":{"display_name":"Alejandro Gabriel Rosito","author_link":"https:\/\/autofans.com.ar\/index.php\/author\/gabrielr\/"},"category_info":"<a href=\"https:\/\/autofans.com.ar\/index.php\/category\/noticias\/bizstyle\/\" rel=\"category tag\">BIZSTYLE<\/a> <a href=\"https:\/\/autofans.com.ar\/index.php\/category\/lanzamientos\/\" rel=\"category tag\">LANZAMIENTOS<\/a>","tag_info":"LANZAMIENTOS","comment_count":0,"_links":{"self":[{"href":"https:\/\/autofans.com.ar\/index.php\/wp-json\/wp\/v2\/posts\/9263","targetHints":{"allow":["GET"]}}],"collection":[{"href":"https:\/\/autofans.com.ar\/index.php\/wp-json\/wp\/v2\/posts"}],"about":[{"href":"https:\/\/autofans.com.ar\/index.php\/wp-json\/wp\/v2\/types\/post"}],"author":[{"embeddable":true,"href":"https:\/\/autofans.com.ar\/index.php\/wp-json\/wp\/v2\/users\/2"}],"replies":[{"embeddable":true,"href":"https:\/\/autofans.com.ar\/index.php\/wp-json\/wp\/v2\/comments?post=9263"}],"version-history":[{"count":6,"href":"https:\/\/autofans.com.ar\/index.php\/wp-json\/wp\/v2\/posts\/9263\/revisions"}],"predecessor-version":[{"id":9277,"href":"https:\/\/autofans.com.ar\/index.php\/wp-json\/wp\/v2\/posts\/9263\/revisions\/9277"}],"wp:featuredmedia":[{"embeddable":true,"href":"https:\/\/autofans.com.ar\/index.php\/wp-json\/wp\/v2\/media\/9268"}],"wp:attachment":[{"href":"https:\/\/autofans.com.ar\/index.php\/wp-json\/wp\/v2\/media?parent=9263"}],"wp:term":[{"taxonomy":"category","embeddable":true,"href":"https:\/\/autofans.com.ar\/index.php\/wp-json\/wp\/v2\/categories?post=9263"},{"taxonomy":"post_tag","embeddable":true,"href":"https:\/\/autofans.com.ar\/index.php\/wp-json\/wp\/v2\/tags?post=9263"}],"curies":[{"name":"wp","href":"https:\/\/api.w.org\/{rel}","templated":true}]}}