{"id":9383,"date":"2024-10-18T19:04:07","date_gmt":"2024-10-18T22:04:07","guid":{"rendered":"https:\/\/autofans.com.ar\/?p=9383"},"modified":"2024-10-18T19:04:07","modified_gmt":"2024-10-18T22:04:07","slug":"bmw-y-mini-revoluciona-la-conduccion-en-argentina","status":"publish","type":"post","link":"https:\/\/autofans.com.ar\/index.php\/2024\/10\/18\/bmw-y-mini-revoluciona-la-conduccion-en-argentina\/","title":{"rendered":"BMW y MINI revoluciona la conducci\u00f3n en Argentina"},"content":{"rendered":"<p>BMW Group Argentina ha lanzado en el pa\u00eds los servicios BMW ConnectedDrive y MINI Connected, llevando la experiencia de conducci\u00f3n a un nuevo nivel gracias a la integraci\u00f3n de innovadoras funciones tecnol\u00f3gicas. Estos sistemas permiten operar y controlar los veh\u00edculos de manera remota desde la aplicaci\u00f3n My BMW o MINI, disponibles para descargar en Argentina.<\/p>\n<p>&nbsp;<\/p>\n<h2>Control\u00e1 tu BMW o MINI desde el celular<\/h2>\n<p>&nbsp;<\/p>\n<div id='gallery-1' class='gallery galleryid-9383 gallery-columns-2 gallery-size-full'><figure class='gallery-item'>\n\t\t\t<div class='gallery-icon landscape'>\n\t\t\t\t<a href='https:\/\/autofans.com.ar\/index.php\/2024\/10\/18\/bmw-y-mini-revoluciona-la-conduccion-en-argentina\/bmw-connecteddrive-3\/'><img loading=\"lazy\" width=\"1000\" height=\"667\" src=\"https:\/\/autofans.com.ar\/wp-content\/uploads\/2024\/10\/BMW-ConnectedDrive-3.jpg\" class=\"attachment-full size-full\" alt=\"BMW\" srcset=\"https:\/\/autofans.com.ar\/wp-content\/uploads\/2024\/10\/BMW-ConnectedDrive-3.jpg 1000w, https:\/\/autofans.com.ar\/wp-content\/uploads\/2024\/10\/BMW-ConnectedDrive-3-300x200.jpg 300w, https:\/\/autofans.com.ar\/wp-content\/uploads\/2024\/10\/BMW-ConnectedDrive-3-768x512.jpg 768w\" sizes=\"auto, (max-width: 1000px) 100vw, 1000px\" loading=\"lazy\" decoding=\"async\" \/><\/a>\n\t\t\t<\/div><\/figure><figure class='gallery-item'>\n\t\t\t<div class='gallery-icon landscape'>\n\t\t\t\t<a href='https:\/\/autofans.com.ar\/index.php\/2024\/10\/18\/bmw-y-mini-revoluciona-la-conduccion-en-argentina\/bmw-connecteddrive-4\/'><img loading=\"lazy\" width=\"1000\" height=\"667\" src=\"https:\/\/autofans.com.ar\/wp-content\/uploads\/2024\/10\/BMW-ConnectedDrive-4.jpg\" class=\"attachment-full size-full\" alt=\"BMW\" srcset=\"https:\/\/autofans.com.ar\/wp-content\/uploads\/2024\/10\/BMW-ConnectedDrive-4.jpg 1000w, https:\/\/autofans.com.ar\/wp-content\/uploads\/2024\/10\/BMW-ConnectedDrive-4-300x200.jpg 300w, https:\/\/autofans.com.ar\/wp-content\/uploads\/2024\/10\/BMW-ConnectedDrive-4-768x512.jpg 768w\" sizes=\"auto, (max-width: 1000px) 100vw, 1000px\" loading=\"lazy\" decoding=\"async\" \/><\/a>\n\t\t\t<\/div><\/figure>\n\t\t<\/div>\n\n<p>&nbsp;<\/p>\n<p>Entre las principales funciones se destaca la posibilidad de abrir el auto, activar el climatizador o incluso visualizar el entorno del veh\u00edculo en tiempo real desde el smartphone. Los veh\u00edculos tambi\u00e9n incluyen una llave digital, que se puede compartir con otras personas a trav\u00e9s de aplicaciones de mensajer\u00eda, y que funciona incluso sin se\u00f1al de celular.<\/p>\n<p>Adem\u00e1s, ConnectedDrive y MINI Connected ofrecen mayor seguridad con su sistema de llamado de emergencia, que conecta autom\u00e1ticamente con el 911 en caso de accidente, y un servicio de asistencia remota disponible las 24 horas, los 7 d\u00edas de la semana.<\/p>\n<p>&nbsp;<\/p>\n<h2>Mantenimiento y conectividad en tiempo real<\/h2>\n<p>Otra ventaja es que los conductores pueden gestionar el mantenimiento del veh\u00edculo, chequear el estado de la bater\u00eda en modelos h\u00edbridos o el\u00e9ctricos, y acceder a mapas actualizados en tiempo real sin necesidad de conectar un celular. Asimismo, los veh\u00edculos equipados con eSIM Personal permiten ofrecer Wifi a los ocupantes del auto.<\/p>\n<p>&nbsp;<\/p>\n<div id='gallery-2' class='gallery galleryid-9383 gallery-columns-2 gallery-size-full'><figure class='gallery-item'>\n\t\t\t<div class='gallery-icon landscape'>\n\t\t\t\t<a href='https:\/\/autofans.com.ar\/index.php\/2024\/10\/18\/bmw-y-mini-revoluciona-la-conduccion-en-argentina\/bmw-connecteddrive-5\/'><img loading=\"lazy\" width=\"1000\" height=\"667\" src=\"https:\/\/autofans.com.ar\/wp-content\/uploads\/2024\/10\/BMW-ConnectedDrive-5.jpg\" class=\"attachment-full size-full\" alt=\"BMW\" srcset=\"https:\/\/autofans.com.ar\/wp-content\/uploads\/2024\/10\/BMW-ConnectedDrive-5.jpg 1000w, https:\/\/autofans.com.ar\/wp-content\/uploads\/2024\/10\/BMW-ConnectedDrive-5-300x200.jpg 300w, https:\/\/autofans.com.ar\/wp-content\/uploads\/2024\/10\/BMW-ConnectedDrive-5-768x512.jpg 768w\" sizes=\"auto, (max-width: 1000px) 100vw, 1000px\" loading=\"lazy\" decoding=\"async\" \/><\/a>\n\t\t\t<\/div><\/figure><figure class='gallery-item'>\n\t\t\t<div class='gallery-icon landscape'>\n\t\t\t\t<a href='https:\/\/autofans.com.ar\/index.php\/2024\/10\/18\/bmw-y-mini-revoluciona-la-conduccion-en-argentina\/bmw-connecteddrive-6\/'><img loading=\"lazy\" width=\"1000\" height=\"667\" src=\"https:\/\/autofans.com.ar\/wp-content\/uploads\/2024\/10\/BMW-ConnectedDrive-6.jpg\" class=\"attachment-full size-full\" alt=\"BMW\" srcset=\"https:\/\/autofans.com.ar\/wp-content\/uploads\/2024\/10\/BMW-ConnectedDrive-6.jpg 1000w, https:\/\/autofans.com.ar\/wp-content\/uploads\/2024\/10\/BMW-ConnectedDrive-6-300x200.jpg 300w, https:\/\/autofans.com.ar\/wp-content\/uploads\/2024\/10\/BMW-ConnectedDrive-6-768x512.jpg 768w\" sizes=\"auto, (max-width: 1000px) 100vw, 1000px\" loading=\"lazy\" decoding=\"async\" \/><\/a>\n\t\t\t<\/div><\/figure>\n\t\t<\/div>\n\n<p>&nbsp;<\/p>\n<p>BMW y MINI incluyen este servicio sin ning\u00fan costo adicional, lo que representa un importante valor agregado para los clientes del segmento premium. Con esta innovaci\u00f3n, los conductores argentinos ingresan en una nueva era de conectividad, seguridad y confort, reafirmando el compromiso de las marcas con la tecnolog\u00eda y el desarrollo sustentable.<\/p>\n<p>&nbsp;<\/p>\n<p>&nbsp;<\/p>\n<p><i>Para enterarte de m\u00e1s novedades, no dejes de leer\u00a0<\/i><a href=\"https:\/\/autofans.thebrandsoup.com\/\"><i>nuestras notas<\/i><\/a><i>, de ver<\/i><b><i>\u00a0<\/i><\/b><a href=\"https:\/\/www.youtube.com\/channel\/UCgAC8UGHZYbT6P7PpmVnP7g\"><b><i>AUTOFANS TV<\/i><\/b><\/a><b><i>\u00a0<\/i><\/b><i>en nuestro\u00a0canal de Youtube. Adem\u00e1s seguinos en\u00a0<\/i><a href=\"https:\/\/www.instagram.com\/autofanstv\/\"><i>INSTAGRAM<\/i><\/a><i> y <\/i><a href=\"https:\/\/www.facebook.com\/autofansmas\/\"><i>FACEBOOK<\/i><\/a><i> para no perderte nada sobre las novedades del segmento automotor de Argentina y el mundo.<\/i><\/p>\n","protected":false},"excerpt":{"rendered":"<p>BMW Group Argentina ha lanzado en el pa\u00eds los servicios BMW ConnectedDrive y MINI Connected,&#8230;<\/p>\n","protected":false},"author":2,"featured_media":9390,"comment_status":"closed","ping_status":"closed","sticky":false,"template":"","format":"standard","meta":{"footnotes":""},"categories":[6,16],"tags":[723,4316,2106,4451,724,5058,5057,5059,5055,5056,1306,969],"class_list":["post-9383","post","type-post","status-publish","format-standard","has-post-thumbnail","hentry","category-bizstyle","category-noticias","tag-autos-conectados","tag-autos-premium","tag-bmw-argentina","tag-bmw-connecteddrive","tag-conectividad-automotriz","tag-llave-digital-bmw","tag-mini-app","tag-mini-argentina","tag-mini-connected","tag-my-bmw-app","tag-seguridad-vehicular","tag-tecnologia-bmw"],"yoast_head":"<!-- This site is optimized with the Yoast SEO plugin v27.5 - https:\/\/yoast.com\/product\/yoast-seo-wordpress\/ -->\n<title>BMW y MINI revoluciona la conducci\u00f3n en Argentina -<\/title>\n<meta name=\"description\" content=\"BMW Group Argentina lanzo los servicios BMW ConnectedDrive y MINI Connected, llevando la experiencia de conducci\u00f3n a un nuevo nivel...\" \/>\n<meta name=\"robots\" content=\"index, follow, max-snippet:-1, max-image-preview:large, max-video-preview:-1\" \/>\n<link rel=\"canonical\" href=\"https:\/\/autofans.com.ar\/index.php\/2024\/10\/18\/bmw-y-mini-revoluciona-la-conduccion-en-argentina\/\" \/>\n<meta property=\"og:locale\" content=\"es_ES\" \/>\n<meta property=\"og:type\" content=\"article\" \/>\n<meta property=\"og:title\" content=\"BMW y MINI revoluciona la conducci\u00f3n en Argentina -\" \/>\n<meta property=\"og:description\" content=\"BMW Group Argentina lanzo los servicios BMW ConnectedDrive y MINI Connected, llevando la experiencia de conducci\u00f3n a un nuevo nivel...\" \/>\n<meta property=\"og:url\" content=\"https:\/\/autofans.com.ar\/index.php\/2024\/10\/18\/bmw-y-mini-revoluciona-la-conduccion-en-argentina\/\" \/>\n<meta property=\"article:published_time\" content=\"2024-10-18T22:04:07+00:00\" \/>\n<meta property=\"og:image\" content=\"https:\/\/autofans.com.ar\/wp-content\/uploads\/2024\/10\/BMW-ConnectedDrive-1.jpg\" \/>\n\t<meta property=\"og:image:width\" content=\"640\" \/>\n\t<meta property=\"og:image:height\" content=\"427\" \/>\n\t<meta property=\"og:image:type\" content=\"image\/jpeg\" \/>\n<meta name=\"author\" content=\"Alejandro Gabriel Rosito\" \/>\n<meta name=\"twitter:card\" content=\"summary_large_image\" \/>\n<meta name=\"twitter:label1\" content=\"Escrito por\" \/>\n\t<meta name=\"twitter:data1\" content=\"Alejandro Gabriel Rosito\" \/>\n\t<meta name=\"twitter:label2\" content=\"Tiempo de lectura\" \/>\n\t<meta name=\"twitter:data2\" content=\"2 minutos\" \/>\n<script type=\"application\/ld+json\" class=\"yoast-schema-graph\">{\"@context\":\"https:\\\/\\\/schema.org\",\"@graph\":[{\"@type\":\"Article\",\"@id\":\"https:\\\/\\\/autofans.com.ar\\\/index.php\\\/2024\\\/10\\\/18\\\/bmw-y-mini-revoluciona-la-conduccion-en-argentina\\\/#article\",\"isPartOf\":{\"@id\":\"https:\\\/\\\/autofans.com.ar\\\/index.php\\\/2024\\\/10\\\/18\\\/bmw-y-mini-revoluciona-la-conduccion-en-argentina\\\/\"},\"author\":{\"name\":\"Alejandro Gabriel Rosito\",\"@id\":\"https:\\\/\\\/autofans.com.ar\\\/#\\\/schema\\\/person\\\/4a8dda0b6df83ac3d6723e921274c2aa\"},\"headline\":\"BMW y MINI revoluciona la conducci\u00f3n en Argentina\",\"datePublished\":\"2024-10-18T22:04:07+00:00\",\"mainEntityOfPage\":{\"@id\":\"https:\\\/\\\/autofans.com.ar\\\/index.php\\\/2024\\\/10\\\/18\\\/bmw-y-mini-revoluciona-la-conduccion-en-argentina\\\/\"},\"wordCount\":360,\"image\":{\"@id\":\"https:\\\/\\\/autofans.com.ar\\\/index.php\\\/2024\\\/10\\\/18\\\/bmw-y-mini-revoluciona-la-conduccion-en-argentina\\\/#primaryimage\"},\"thumbnailUrl\":\"https:\\\/\\\/autofans.com.ar\\\/wp-content\\\/uploads\\\/2024\\\/10\\\/BMW-ConnectedDrive-1.jpg\",\"keywords\":[\"autos conectados\",\"autos premium\",\"BMW Argentina\",\"BMW ConnectedDrive\",\"conectividad automotriz\",\"llave digital BMW\",\"MINI App\",\"MINI Argentina\",\"MINI Connected\",\"My BMW App\",\"seguridad vehicular\",\"Tecnolog\u00eda BMW\"],\"articleSection\":[\"BIZSTYLE\",\"NOTICIAS\"],\"inLanguage\":\"es\"},{\"@type\":\"WebPage\",\"@id\":\"https:\\\/\\\/autofans.com.ar\\\/index.php\\\/2024\\\/10\\\/18\\\/bmw-y-mini-revoluciona-la-conduccion-en-argentina\\\/\",\"url\":\"https:\\\/\\\/autofans.com.ar\\\/index.php\\\/2024\\\/10\\\/18\\\/bmw-y-mini-revoluciona-la-conduccion-en-argentina\\\/\",\"name\":\"BMW y MINI revoluciona la conducci\u00f3n en Argentina -\",\"isPartOf\":{\"@id\":\"https:\\\/\\\/autofans.com.ar\\\/#website\"},\"primaryImageOfPage\":{\"@id\":\"https:\\\/\\\/autofans.com.ar\\\/index.php\\\/2024\\\/10\\\/18\\\/bmw-y-mini-revoluciona-la-conduccion-en-argentina\\\/#primaryimage\"},\"image\":{\"@id\":\"https:\\\/\\\/autofans.com.ar\\\/index.php\\\/2024\\\/10\\\/18\\\/bmw-y-mini-revoluciona-la-conduccion-en-argentina\\\/#primaryimage\"},\"thumbnailUrl\":\"https:\\\/\\\/autofans.com.ar\\\/wp-content\\\/uploads\\\/2024\\\/10\\\/BMW-ConnectedDrive-1.jpg\",\"datePublished\":\"2024-10-18T22:04:07+00:00\",\"author\":{\"@id\":\"https:\\\/\\\/autofans.com.ar\\\/#\\\/schema\\\/person\\\/4a8dda0b6df83ac3d6723e921274c2aa\"},\"description\":\"BMW Group Argentina lanzo los servicios BMW ConnectedDrive y MINI Connected, llevando la experiencia de conducci\u00f3n a un nuevo nivel...\",\"breadcrumb\":{\"@id\":\"https:\\\/\\\/autofans.com.ar\\\/index.php\\\/2024\\\/10\\\/18\\\/bmw-y-mini-revoluciona-la-conduccion-en-argentina\\\/#breadcrumb\"},\"inLanguage\":\"es\",\"potentialAction\":[{\"@type\":\"ReadAction\",\"target\":[\"https:\\\/\\\/autofans.com.ar\\\/index.php\\\/2024\\\/10\\\/18\\\/bmw-y-mini-revoluciona-la-conduccion-en-argentina\\\/\"]}]},{\"@type\":\"ImageObject\",\"inLanguage\":\"es\",\"@id\":\"https:\\\/\\\/autofans.com.ar\\\/index.php\\\/2024\\\/10\\\/18\\\/bmw-y-mini-revoluciona-la-conduccion-en-argentina\\\/#primaryimage\",\"url\":\"https:\\\/\\\/autofans.com.ar\\\/wp-content\\\/uploads\\\/2024\\\/10\\\/BMW-ConnectedDrive-1.jpg\",\"contentUrl\":\"https:\\\/\\\/autofans.com.ar\\\/wp-content\\\/uploads\\\/2024\\\/10\\\/BMW-ConnectedDrive-1.jpg\",\"width\":1000,\"height\":667,\"caption\":\"BMW\"},{\"@type\":\"BreadcrumbList\",\"@id\":\"https:\\\/\\\/autofans.com.ar\\\/index.php\\\/2024\\\/10\\\/18\\\/bmw-y-mini-revoluciona-la-conduccion-en-argentina\\\/#breadcrumb\",\"itemListElement\":[{\"@type\":\"ListItem\",\"position\":1,\"name\":\"Inicio\",\"item\":\"https:\\\/\\\/autofans.com.ar\\\/\"},{\"@type\":\"ListItem\",\"position\":2,\"name\":\"BMW y MINI revoluciona la conducci\u00f3n en Argentina\"}]},{\"@type\":\"WebSite\",\"@id\":\"https:\\\/\\\/autofans.com.ar\\\/#website\",\"url\":\"https:\\\/\\\/autofans.com.ar\\\/\",\"name\":\"\",\"description\":\"El multimedio referente de la industria automotriz\",\"potentialAction\":[{\"@type\":\"SearchAction\",\"target\":{\"@type\":\"EntryPoint\",\"urlTemplate\":\"https:\\\/\\\/autofans.com.ar\\\/?s={search_term_string}\"},\"query-input\":{\"@type\":\"PropertyValueSpecification\",\"valueRequired\":true,\"valueName\":\"search_term_string\"}}],\"inLanguage\":\"es\"},{\"@type\":\"Person\",\"@id\":\"https:\\\/\\\/autofans.com.ar\\\/#\\\/schema\\\/person\\\/4a8dda0b6df83ac3d6723e921274c2aa\",\"name\":\"Alejandro Gabriel Rosito\",\"image\":{\"@type\":\"ImageObject\",\"inLanguage\":\"es\",\"@id\":\"https:\\\/\\\/secure.gravatar.com\\\/avatar\\\/16c5dda1489adfc62618084dcbb91cffd879c374b13fe5dd8e44ed6733852c88?s=96&d=mm&r=g\",\"url\":\"https:\\\/\\\/secure.gravatar.com\\\/avatar\\\/16c5dda1489adfc62618084dcbb91cffd879c374b13fe5dd8e44ed6733852c88?s=96&d=mm&r=g\",\"contentUrl\":\"https:\\\/\\\/secure.gravatar.com\\\/avatar\\\/16c5dda1489adfc62618084dcbb91cffd879c374b13fe5dd8e44ed6733852c88?s=96&d=mm&r=g\",\"caption\":\"Alejandro Gabriel Rosito\"},\"url\":\"https:\\\/\\\/autofans.com.ar\\\/index.php\\\/author\\\/gabrielr\\\/\"}]}<\/script>\n<!-- \/ Yoast SEO plugin. -->","yoast_head_json":{"title":"BMW y MINI revoluciona la conducci\u00f3n en Argentina -","description":"BMW Group Argentina lanzo los servicios BMW ConnectedDrive y MINI Connected, llevando la experiencia de conducci\u00f3n a un nuevo nivel...","robots":{"index":"index","follow":"follow","max-snippet":"max-snippet:-1","max-image-preview":"max-image-preview:large","max-video-preview":"max-video-preview:-1"},"canonical":"https:\/\/autofans.com.ar\/index.php\/2024\/10\/18\/bmw-y-mini-revoluciona-la-conduccion-en-argentina\/","og_locale":"es_ES","og_type":"article","og_title":"BMW y MINI revoluciona la conducci\u00f3n en Argentina -","og_description":"BMW Group Argentina lanzo los servicios BMW ConnectedDrive y MINI Connected, llevando la experiencia de conducci\u00f3n a un nuevo nivel...","og_url":"https:\/\/autofans.com.ar\/index.php\/2024\/10\/18\/bmw-y-mini-revoluciona-la-conduccion-en-argentina\/","article_published_time":"2024-10-18T22:04:07+00:00","og_image":[{"url":"https:\/\/autofans.com.ar\/wp-content\/uploads\/2024\/10\/BMW-ConnectedDrive-1.jpg","width":640,"height":427,"type":"image\/jpeg"}],"author":"Alejandro Gabriel Rosito","twitter_card":"summary_large_image","twitter_misc":{"Escrito por":"Alejandro Gabriel Rosito","Tiempo de lectura":"2 minutos"},"schema":{"@context":"https:\/\/schema.org","@graph":[{"@type":"Article","@id":"https:\/\/autofans.com.ar\/index.php\/2024\/10\/18\/bmw-y-mini-revoluciona-la-conduccion-en-argentina\/#article","isPartOf":{"@id":"https:\/\/autofans.com.ar\/index.php\/2024\/10\/18\/bmw-y-mini-revoluciona-la-conduccion-en-argentina\/"},"author":{"name":"Alejandro Gabriel Rosito","@id":"https:\/\/autofans.com.ar\/#\/schema\/person\/4a8dda0b6df83ac3d6723e921274c2aa"},"headline":"BMW y MINI revoluciona la conducci\u00f3n en Argentina","datePublished":"2024-10-18T22:04:07+00:00","mainEntityOfPage":{"@id":"https:\/\/autofans.com.ar\/index.php\/2024\/10\/18\/bmw-y-mini-revoluciona-la-conduccion-en-argentina\/"},"wordCount":360,"image":{"@id":"https:\/\/autofans.com.ar\/index.php\/2024\/10\/18\/bmw-y-mini-revoluciona-la-conduccion-en-argentina\/#primaryimage"},"thumbnailUrl":"https:\/\/autofans.com.ar\/wp-content\/uploads\/2024\/10\/BMW-ConnectedDrive-1.jpg","keywords":["autos conectados","autos premium","BMW Argentina","BMW ConnectedDrive","conectividad automotriz","llave digital BMW","MINI App","MINI Argentina","MINI Connected","My BMW App","seguridad vehicular","Tecnolog\u00eda BMW"],"articleSection":["BIZSTYLE","NOTICIAS"],"inLanguage":"es"},{"@type":"WebPage","@id":"https:\/\/autofans.com.ar\/index.php\/2024\/10\/18\/bmw-y-mini-revoluciona-la-conduccion-en-argentina\/","url":"https:\/\/autofans.com.ar\/index.php\/2024\/10\/18\/bmw-y-mini-revoluciona-la-conduccion-en-argentina\/","name":"BMW y MINI revoluciona la conducci\u00f3n en Argentina -","isPartOf":{"@id":"https:\/\/autofans.com.ar\/#website"},"primaryImageOfPage":{"@id":"https:\/\/autofans.com.ar\/index.php\/2024\/10\/18\/bmw-y-mini-revoluciona-la-conduccion-en-argentina\/#primaryimage"},"image":{"@id":"https:\/\/autofans.com.ar\/index.php\/2024\/10\/18\/bmw-y-mini-revoluciona-la-conduccion-en-argentina\/#primaryimage"},"thumbnailUrl":"https:\/\/autofans.com.ar\/wp-content\/uploads\/2024\/10\/BMW-ConnectedDrive-1.jpg","datePublished":"2024-10-18T22:04:07+00:00","author":{"@id":"https:\/\/autofans.com.ar\/#\/schema\/person\/4a8dda0b6df83ac3d6723e921274c2aa"},"description":"BMW Group Argentina lanzo los servicios BMW ConnectedDrive y MINI Connected, llevando la experiencia de conducci\u00f3n a un nuevo nivel...","breadcrumb":{"@id":"https:\/\/autofans.com.ar\/index.php\/2024\/10\/18\/bmw-y-mini-revoluciona-la-conduccion-en-argentina\/#breadcrumb"},"inLanguage":"es","potentialAction":[{"@type":"ReadAction","target":["https:\/\/autofans.com.ar\/index.php\/2024\/10\/18\/bmw-y-mini-revoluciona-la-conduccion-en-argentina\/"]}]},{"@type":"ImageObject","inLanguage":"es","@id":"https:\/\/autofans.com.ar\/index.php\/2024\/10\/18\/bmw-y-mini-revoluciona-la-conduccion-en-argentina\/#primaryimage","url":"https:\/\/autofans.com.ar\/wp-content\/uploads\/2024\/10\/BMW-ConnectedDrive-1.jpg","contentUrl":"https:\/\/autofans.com.ar\/wp-content\/uploads\/2024\/10\/BMW-ConnectedDrive-1.jpg","width":1000,"height":667,"caption":"BMW"},{"@type":"BreadcrumbList","@id":"https:\/\/autofans.com.ar\/index.php\/2024\/10\/18\/bmw-y-mini-revoluciona-la-conduccion-en-argentina\/#breadcrumb","itemListElement":[{"@type":"ListItem","position":1,"name":"Inicio","item":"https:\/\/autofans.com.ar\/"},{"@type":"ListItem","position":2,"name":"BMW y MINI revoluciona la conducci\u00f3n en Argentina"}]},{"@type":"WebSite","@id":"https:\/\/autofans.com.ar\/#website","url":"https:\/\/autofans.com.ar\/","name":"","description":"El multimedio referente de la industria automotriz","potentialAction":[{"@type":"SearchAction","target":{"@type":"EntryPoint","urlTemplate":"https:\/\/autofans.com.ar\/?s={search_term_string}"},"query-input":{"@type":"PropertyValueSpecification","valueRequired":true,"valueName":"search_term_string"}}],"inLanguage":"es"},{"@type":"Person","@id":"https:\/\/autofans.com.ar\/#\/schema\/person\/4a8dda0b6df83ac3d6723e921274c2aa","name":"Alejandro Gabriel Rosito","image":{"@type":"ImageObject","inLanguage":"es","@id":"https:\/\/secure.gravatar.com\/avatar\/16c5dda1489adfc62618084dcbb91cffd879c374b13fe5dd8e44ed6733852c88?s=96&d=mm&r=g","url":"https:\/\/secure.gravatar.com\/avatar\/16c5dda1489adfc62618084dcbb91cffd879c374b13fe5dd8e44ed6733852c88?s=96&d=mm&r=g","contentUrl":"https:\/\/secure.gravatar.com\/avatar\/16c5dda1489adfc62618084dcbb91cffd879c374b13fe5dd8e44ed6733852c88?s=96&d=mm&r=g","caption":"Alejandro Gabriel Rosito"},"url":"https:\/\/autofans.com.ar\/index.php\/author\/gabrielr\/"}]}},"featured_image_urls":{"full":["https:\/\/autofans.com.ar\/wp-content\/uploads\/2024\/10\/BMW-ConnectedDrive-1.jpg",1000,667,false],"thumbnail":["https:\/\/autofans.com.ar\/wp-content\/uploads\/2024\/10\/BMW-ConnectedDrive-1-150x150.jpg",150,150,true],"medium":["https:\/\/autofans.com.ar\/wp-content\/uploads\/2024\/10\/BMW-ConnectedDrive-1-300x200.jpg",300,200,true],"medium_large":["https:\/\/autofans.com.ar\/wp-content\/uploads\/2024\/10\/BMW-ConnectedDrive-1-768x512.jpg",640,427,true],"large":["https:\/\/autofans.com.ar\/wp-content\/uploads\/2024\/10\/BMW-ConnectedDrive-1.jpg",640,427,false],"1536x1536":["https:\/\/autofans.com.ar\/wp-content\/uploads\/2024\/10\/BMW-ConnectedDrive-1.jpg",1000,667,false],"2048x2048":["https:\/\/autofans.com.ar\/wp-content\/uploads\/2024\/10\/BMW-ConnectedDrive-1.jpg",1000,667,false],"covernews-featured":["https:\/\/autofans.com.ar\/wp-content\/uploads\/2024\/10\/BMW-ConnectedDrive-1.jpg",1000,667,false],"covernews-medium":["https:\/\/autofans.com.ar\/wp-content\/uploads\/2024\/10\/BMW-ConnectedDrive-1-540x340.jpg",540,340,true]},"author_info":{"display_name":"Alejandro Gabriel Rosito","author_link":"https:\/\/autofans.com.ar\/index.php\/author\/gabrielr\/"},"category_info":"<a href=\"https:\/\/autofans.com.ar\/index.php\/category\/noticias\/bizstyle\/\" rel=\"category tag\">BIZSTYLE<\/a> <a href=\"https:\/\/autofans.com.ar\/index.php\/category\/noticias\/\" rel=\"category tag\">NOTICIAS<\/a>","tag_info":"NOTICIAS","comment_count":0,"_links":{"self":[{"href":"https:\/\/autofans.com.ar\/index.php\/wp-json\/wp\/v2\/posts\/9383","targetHints":{"allow":["GET"]}}],"collection":[{"href":"https:\/\/autofans.com.ar\/index.php\/wp-json\/wp\/v2\/posts"}],"about":[{"href":"https:\/\/autofans.com.ar\/index.php\/wp-json\/wp\/v2\/types\/post"}],"author":[{"embeddable":true,"href":"https:\/\/autofans.com.ar\/index.php\/wp-json\/wp\/v2\/users\/2"}],"replies":[{"embeddable":true,"href":"https:\/\/autofans.com.ar\/index.php\/wp-json\/wp\/v2\/comments?post=9383"}],"version-history":[{"count":2,"href":"https:\/\/autofans.com.ar\/index.php\/wp-json\/wp\/v2\/posts\/9383\/revisions"}],"predecessor-version":[{"id":9391,"href":"https:\/\/autofans.com.ar\/index.php\/wp-json\/wp\/v2\/posts\/9383\/revisions\/9391"}],"wp:featuredmedia":[{"embeddable":true,"href":"https:\/\/autofans.com.ar\/index.php\/wp-json\/wp\/v2\/media\/9390"}],"wp:attachment":[{"href":"https:\/\/autofans.com.ar\/index.php\/wp-json\/wp\/v2\/media?parent=9383"}],"wp:term":[{"taxonomy":"category","embeddable":true,"href":"https:\/\/autofans.com.ar\/index.php\/wp-json\/wp\/v2\/categories?post=9383"},{"taxonomy":"post_tag","embeddable":true,"href":"https:\/\/autofans.com.ar\/index.php\/wp-json\/wp\/v2\/tags?post=9383"}],"curies":[{"name":"wp","href":"https:\/\/api.w.org\/{rel}","templated":true}]}}