{"id":942,"date":"2023-03-20T18:38:38","date_gmt":"2023-03-20T21:38:38","guid":{"rendered":"https:\/\/autofans.com.ar\/?p=942"},"modified":"2023-03-20T19:14:58","modified_gmt":"2023-03-20T22:14:58","slug":"ford-maverick-elegida-como-el-vehiculo-del-ano-2022","status":"publish","type":"post","link":"https:\/\/autofans.com.ar\/index.php\/2023\/03\/20\/ford-maverick-elegida-como-el-vehiculo-del-ano-2022\/","title":{"rendered":"Ford Maverick Elegida como el veh\u00edculo del a\u00f1o 2022"},"content":{"rendered":"<p>La Ford Maverick ha sido elegida como el \u00abVeh\u00edculo del A\u00f1o 2022\u00bb por el Grupo Premia. Una organizaci\u00f3n sin fines de lucro formada por periodistas especializados en el sector automotor. Esta pickup compacta de Ford se destaca por su versatilidad, alto nivel de seguridad, performance, confort y robustez. Ford Maverick ha sido reconocida con m\u00faltiples premios a nivel local, regional y global.<\/p>\n<p>&nbsp;<\/p>\n<div id='gallery-1' class='gallery galleryid-942 gallery-columns-2 gallery-size-large'><figure class='gallery-item'>\n\t\t\t<div class='gallery-icon landscape'>\n\t\t\t\t<a href='https:\/\/autofans.com.ar\/index.php\/2023\/03\/20\/ford-maverick-elegida-como-el-vehiculo-del-ano-2022\/ford-tierra\/'><img loading=\"lazy\" width=\"640\" height=\"427\" src=\"https:\/\/autofans.com.ar\/wp-content\/uploads\/2023\/03\/ford-tierra-jpg.webp\" class=\"attachment-large size-large\" alt=\"ford\" srcset=\"https:\/\/autofans.com.ar\/wp-content\/uploads\/2023\/03\/ford-tierra-jpg.webp 1000w, https:\/\/autofans.com.ar\/wp-content\/uploads\/2023\/03\/ford-tierra-300x200.webp 300w, https:\/\/autofans.com.ar\/wp-content\/uploads\/2023\/03\/ford-tierra-768x512.webp 768w\" sizes=\"auto, (max-width: 640px) 100vw, 640px\" loading=\"lazy\" decoding=\"async\" \/><\/a>\n\t\t\t<\/div><\/figure><figure class='gallery-item'>\n\t\t\t<div class='gallery-icon landscape'>\n\t\t\t\t<a href='https:\/\/autofans.com.ar\/index.php\/2023\/03\/20\/ford-maverick-elegida-como-el-vehiculo-del-ano-2022\/interior-3\/'><img loading=\"lazy\" width=\"640\" height=\"427\" src=\"https:\/\/autofans.com.ar\/wp-content\/uploads\/2023\/03\/interior-1-jpg.webp\" class=\"attachment-large size-large\" alt=\"ford\" srcset=\"https:\/\/autofans.com.ar\/wp-content\/uploads\/2023\/03\/interior-1-jpg.webp 1000w, https:\/\/autofans.com.ar\/wp-content\/uploads\/2023\/03\/interior-1-300x200.webp 300w, https:\/\/autofans.com.ar\/wp-content\/uploads\/2023\/03\/interior-1-768x512.webp 768w\" sizes=\"auto, (max-width: 640px) 100vw, 640px\" loading=\"lazy\" decoding=\"async\" \/><\/a>\n\t\t\t<\/div><\/figure>\n\t\t<\/div>\n\n<p>La elecci\u00f3n se llev\u00f3 a cabo considerando modelos presentados entre el 1 de enero y el 31 diciembre de 2022. Compitiendo aquellos que fueron lanzados comercialmente en ese per\u00edodo, y con una producci\u00f3n anual estimada en no menos de 5.000 unidades. Maverick se convierte en el primer producto de la marca del \u00f3valo en ser reconocido con este premio. <a href=\"https:\/\/www.ford.com.ar\" target=\"_blank\" rel=\"noopener\">Ford Argentina<\/a> agradece a los periodistas por su dedicaci\u00f3n y compromiso en el desarrollo de su labor y la comunicaci\u00f3n de las novedades de la marca.<\/p>\n<p>&nbsp;<\/p>\n<p><img fetchpriority=\"high\" decoding=\"async\" class=\"aligncenter wp-image-948 size-full\" src=\"https:\/\/autofans.com.ar\/wp-content\/uploads\/2023\/03\/f-150-hibrida-jpg.webp\" alt=\"f150\" width=\"1000\" height=\"667\" srcset=\"https:\/\/autofans.com.ar\/wp-content\/uploads\/2023\/03\/f-150-hibrida-jpg.webp 1000w, https:\/\/autofans.com.ar\/wp-content\/uploads\/2023\/03\/f-150-hibrida-300x200.webp 300w, https:\/\/autofans.com.ar\/wp-content\/uploads\/2023\/03\/f-150-hibrida-768x512.webp 768w\" sizes=\"(max-width: 1000px) 100vw, 1000px\" \/><\/p>\n<p>Maverick es una pickup innovadora y disruptiva, que ofrece niveles de performance y rendimiento \u00fanicos en su segmento gracias a su motor EcoBoost 2.0 turbo. Adem\u00e1s, su dise\u00f1o innovador FLEXBED en la caja de carga optimiza la experiencia de uso permitiendo al usuario dividir y organizar la carga seg\u00fan sea necesario. La versi\u00f3n h\u00edbrida de la Maverick ser\u00e1 un nuevo producto electrificado de la automotriz y la segunda pickup electrificada del mercado, luego de la F-150 H\u00edbrida.<\/p>\n<p>&nbsp;<\/p>\n<p>&nbsp;<\/p>\n<p><i>Para enterarte de m\u00e1s novedades, no dejes de leer\u00a0<\/i><a href=\"https:\/\/autofans.thebrandsoup.com\/\"><i>nuestras notas<\/i><\/a><i>, de ver<\/i><b><i>\u00a0<\/i><\/b><a href=\"https:\/\/www.youtube.com\/channel\/UCgAC8UGHZYbT6P7PpmVnP7g\"><b><i>AUTOFANS TV<\/i><\/b><\/a><b><i>\u00a0<\/i><\/b><i>en nuestro\u00a0canal de Youtube. Adem\u00e1s seguinos en\u00a0<\/i><a href=\"https:\/\/www.instagram.com\/autofanstv\/\"><i>INSTAGRAM<\/i><\/a><i> y <\/i><a href=\"https:\/\/www.facebook.com\/autofansmas\/\"><i>FACEBOOK<\/i><\/a><i> para no perderte nada sobre las novedades del segmento automotor de Argentina y el mundo.<\/i><\/p>\n","protected":false},"excerpt":{"rendered":"<p>La Ford Maverick ha sido elegida como el \u00abVeh\u00edculo del A\u00f1o 2022\u00bb por el Grupo&#8230;<\/p>\n","protected":false},"author":2,"featured_media":947,"comment_status":"closed","ping_status":"closed","sticky":false,"template":"","format":"standard","meta":{"footnotes":""},"categories":[16,5],"tags":[213,403,402,404,399,400,405,401,236],"class_list":["post-942","post","type-post","status-publish","format-standard","has-post-thumbnail","hentry","category-noticias","category-otros","tag-innovacion","tag-auto-del-ano-2022","tag-desarrollo-sostenible","tag-flexbed","tag-ford-maverick","tag-grupo-premia","tag-motor-ecoboost-2-0-turbo","tag-pick-up-compacta","tag-raza-fuerte"],"yoast_head":"<!-- This site is optimized with the Yoast SEO plugin v27.5 - https:\/\/yoast.com\/product\/yoast-seo-wordpress\/ -->\n<title>Ford Maverick Elegida como el veh\u00edculo del a\u00f1o 2022 -<\/title>\n<meta name=\"description\" content=\"La Ford Maverick ha sido elegida como el veh\u00edculo del a\u00f1o 2022 por el Grupo Premia, una organizaci\u00f3n sin fines de lucro...\" \/>\n<meta name=\"robots\" content=\"index, follow, max-snippet:-1, max-image-preview:large, max-video-preview:-1\" \/>\n<link rel=\"canonical\" href=\"https:\/\/autofans.com.ar\/index.php\/2023\/03\/20\/ford-maverick-elegida-como-el-vehiculo-del-ano-2022\/\" \/>\n<meta property=\"og:locale\" content=\"es_ES\" \/>\n<meta property=\"og:type\" content=\"article\" \/>\n<meta property=\"og:title\" content=\"Ford Maverick Elegida como el veh\u00edculo del a\u00f1o 2022 -\" \/>\n<meta property=\"og:description\" content=\"La Ford Maverick ha sido elegida como el veh\u00edculo del a\u00f1o 2022 por el Grupo Premia, una organizaci\u00f3n sin fines de lucro...\" \/>\n<meta property=\"og:url\" content=\"https:\/\/autofans.com.ar\/index.php\/2023\/03\/20\/ford-maverick-elegida-como-el-vehiculo-del-ano-2022\/\" \/>\n<meta property=\"article:published_time\" content=\"2023-03-20T21:38:38+00:00\" \/>\n<meta property=\"article:modified_time\" content=\"2023-03-20T22:14:58+00:00\" \/>\n<meta property=\"og:image\" content=\"https:\/\/autofans.com.ar\/wp-content\/uploads\/2023\/03\/montana-jpg.webp\" \/>\n\t<meta property=\"og:image:width\" content=\"1000\" \/>\n\t<meta property=\"og:image:height\" content=\"667\" \/>\n\t<meta property=\"og:image:type\" content=\"image\/jpeg\" \/>\n<meta name=\"author\" content=\"Alejandro Gabriel Rosito\" \/>\n<meta name=\"twitter:card\" content=\"summary_large_image\" \/>\n<meta name=\"twitter:label1\" content=\"Escrito por\" \/>\n\t<meta name=\"twitter:data1\" content=\"Alejandro Gabriel Rosito\" \/>\n\t<meta name=\"twitter:label2\" content=\"Tiempo de lectura\" \/>\n\t<meta name=\"twitter:data2\" content=\"2 minutos\" \/>\n<script type=\"application\/ld+json\" class=\"yoast-schema-graph\">{\"@context\":\"https:\\\/\\\/schema.org\",\"@graph\":[{\"@type\":\"Article\",\"@id\":\"https:\\\/\\\/autofans.com.ar\\\/index.php\\\/2023\\\/03\\\/20\\\/ford-maverick-elegida-como-el-vehiculo-del-ano-2022\\\/#article\",\"isPartOf\":{\"@id\":\"https:\\\/\\\/autofans.com.ar\\\/index.php\\\/2023\\\/03\\\/20\\\/ford-maverick-elegida-como-el-vehiculo-del-ano-2022\\\/\"},\"author\":{\"name\":\"Alejandro Gabriel Rosito\",\"@id\":\"https:\\\/\\\/autofans.com.ar\\\/#\\\/schema\\\/person\\\/4a8dda0b6df83ac3d6723e921274c2aa\"},\"headline\":\"Ford Maverick Elegida como el veh\u00edculo del a\u00f1o 2022\",\"datePublished\":\"2023-03-20T21:38:38+00:00\",\"dateModified\":\"2023-03-20T22:14:58+00:00\",\"mainEntityOfPage\":{\"@id\":\"https:\\\/\\\/autofans.com.ar\\\/index.php\\\/2023\\\/03\\\/20\\\/ford-maverick-elegida-como-el-vehiculo-del-ano-2022\\\/\"},\"wordCount\":295,\"image\":{\"@id\":\"https:\\\/\\\/autofans.com.ar\\\/index.php\\\/2023\\\/03\\\/20\\\/ford-maverick-elegida-como-el-vehiculo-del-ano-2022\\\/#primaryimage\"},\"thumbnailUrl\":\"https:\\\/\\\/autofans.com.ar\\\/wp-content\\\/uploads\\\/2023\\\/03\\\/montana-jpg.webp\",\"keywords\":[\"#innovaci\u00f3n\",\"Auto del A\u00f1o 2022\",\"desarrollo sostenible\",\"FLEXBED\",\"Ford Maverick\",\"Grupo Premia\",\"motor EcoBoost 2.0 turbo.\",\"pick-up compacta\",\"Raza Fuerte\"],\"articleSection\":[\"NOTICIAS\",\"PICK UPs, UTILITARIOS Y OTROS\"],\"inLanguage\":\"es\"},{\"@type\":\"WebPage\",\"@id\":\"https:\\\/\\\/autofans.com.ar\\\/index.php\\\/2023\\\/03\\\/20\\\/ford-maverick-elegida-como-el-vehiculo-del-ano-2022\\\/\",\"url\":\"https:\\\/\\\/autofans.com.ar\\\/index.php\\\/2023\\\/03\\\/20\\\/ford-maverick-elegida-como-el-vehiculo-del-ano-2022\\\/\",\"name\":\"Ford Maverick Elegida como el veh\u00edculo del a\u00f1o 2022 -\",\"isPartOf\":{\"@id\":\"https:\\\/\\\/autofans.com.ar\\\/#website\"},\"primaryImageOfPage\":{\"@id\":\"https:\\\/\\\/autofans.com.ar\\\/index.php\\\/2023\\\/03\\\/20\\\/ford-maverick-elegida-como-el-vehiculo-del-ano-2022\\\/#primaryimage\"},\"image\":{\"@id\":\"https:\\\/\\\/autofans.com.ar\\\/index.php\\\/2023\\\/03\\\/20\\\/ford-maverick-elegida-como-el-vehiculo-del-ano-2022\\\/#primaryimage\"},\"thumbnailUrl\":\"https:\\\/\\\/autofans.com.ar\\\/wp-content\\\/uploads\\\/2023\\\/03\\\/montana-jpg.webp\",\"datePublished\":\"2023-03-20T21:38:38+00:00\",\"dateModified\":\"2023-03-20T22:14:58+00:00\",\"author\":{\"@id\":\"https:\\\/\\\/autofans.com.ar\\\/#\\\/schema\\\/person\\\/4a8dda0b6df83ac3d6723e921274c2aa\"},\"description\":\"La Ford Maverick ha sido elegida como el veh\u00edculo del a\u00f1o 2022 por el Grupo Premia, una organizaci\u00f3n sin fines de lucro...\",\"breadcrumb\":{\"@id\":\"https:\\\/\\\/autofans.com.ar\\\/index.php\\\/2023\\\/03\\\/20\\\/ford-maverick-elegida-como-el-vehiculo-del-ano-2022\\\/#breadcrumb\"},\"inLanguage\":\"es\",\"potentialAction\":[{\"@type\":\"ReadAction\",\"target\":[\"https:\\\/\\\/autofans.com.ar\\\/index.php\\\/2023\\\/03\\\/20\\\/ford-maverick-elegida-como-el-vehiculo-del-ano-2022\\\/\"]}]},{\"@type\":\"ImageObject\",\"inLanguage\":\"es\",\"@id\":\"https:\\\/\\\/autofans.com.ar\\\/index.php\\\/2023\\\/03\\\/20\\\/ford-maverick-elegida-como-el-vehiculo-del-ano-2022\\\/#primaryimage\",\"url\":\"https:\\\/\\\/autofans.com.ar\\\/wp-content\\\/uploads\\\/2023\\\/03\\\/montana-jpg.webp\",\"contentUrl\":\"https:\\\/\\\/autofans.com.ar\\\/wp-content\\\/uploads\\\/2023\\\/03\\\/montana-jpg.webp\",\"width\":1000,\"height\":667,\"caption\":\"ford\"},{\"@type\":\"BreadcrumbList\",\"@id\":\"https:\\\/\\\/autofans.com.ar\\\/index.php\\\/2023\\\/03\\\/20\\\/ford-maverick-elegida-como-el-vehiculo-del-ano-2022\\\/#breadcrumb\",\"itemListElement\":[{\"@type\":\"ListItem\",\"position\":1,\"name\":\"Inicio\",\"item\":\"https:\\\/\\\/autofans.com.ar\\\/\"},{\"@type\":\"ListItem\",\"position\":2,\"name\":\"Ford Maverick Elegida como el veh\u00edculo del a\u00f1o 2022\"}]},{\"@type\":\"WebSite\",\"@id\":\"https:\\\/\\\/autofans.com.ar\\\/#website\",\"url\":\"https:\\\/\\\/autofans.com.ar\\\/\",\"name\":\"\",\"description\":\"El multimedio referente de la industria automotriz\",\"potentialAction\":[{\"@type\":\"SearchAction\",\"target\":{\"@type\":\"EntryPoint\",\"urlTemplate\":\"https:\\\/\\\/autofans.com.ar\\\/?s={search_term_string}\"},\"query-input\":{\"@type\":\"PropertyValueSpecification\",\"valueRequired\":true,\"valueName\":\"search_term_string\"}}],\"inLanguage\":\"es\"},{\"@type\":\"Person\",\"@id\":\"https:\\\/\\\/autofans.com.ar\\\/#\\\/schema\\\/person\\\/4a8dda0b6df83ac3d6723e921274c2aa\",\"name\":\"Alejandro Gabriel Rosito\",\"image\":{\"@type\":\"ImageObject\",\"inLanguage\":\"es\",\"@id\":\"https:\\\/\\\/secure.gravatar.com\\\/avatar\\\/16c5dda1489adfc62618084dcbb91cffd879c374b13fe5dd8e44ed6733852c88?s=96&d=mm&r=g\",\"url\":\"https:\\\/\\\/secure.gravatar.com\\\/avatar\\\/16c5dda1489adfc62618084dcbb91cffd879c374b13fe5dd8e44ed6733852c88?s=96&d=mm&r=g\",\"contentUrl\":\"https:\\\/\\\/secure.gravatar.com\\\/avatar\\\/16c5dda1489adfc62618084dcbb91cffd879c374b13fe5dd8e44ed6733852c88?s=96&d=mm&r=g\",\"caption\":\"Alejandro Gabriel Rosito\"},\"url\":\"https:\\\/\\\/autofans.com.ar\\\/index.php\\\/author\\\/gabrielr\\\/\"}]}<\/script>\n<!-- \/ Yoast SEO plugin. -->","yoast_head_json":{"title":"Ford Maverick Elegida como el veh\u00edculo del a\u00f1o 2022 -","description":"La Ford Maverick ha sido elegida como el veh\u00edculo del a\u00f1o 2022 por el Grupo Premia, una organizaci\u00f3n sin fines de lucro...","robots":{"index":"index","follow":"follow","max-snippet":"max-snippet:-1","max-image-preview":"max-image-preview:large","max-video-preview":"max-video-preview:-1"},"canonical":"https:\/\/autofans.com.ar\/index.php\/2023\/03\/20\/ford-maverick-elegida-como-el-vehiculo-del-ano-2022\/","og_locale":"es_ES","og_type":"article","og_title":"Ford Maverick Elegida como el veh\u00edculo del a\u00f1o 2022 -","og_description":"La Ford Maverick ha sido elegida como el veh\u00edculo del a\u00f1o 2022 por el Grupo Premia, una organizaci\u00f3n sin fines de lucro...","og_url":"https:\/\/autofans.com.ar\/index.php\/2023\/03\/20\/ford-maverick-elegida-como-el-vehiculo-del-ano-2022\/","article_published_time":"2023-03-20T21:38:38+00:00","article_modified_time":"2023-03-20T22:14:58+00:00","og_image":[{"width":1000,"height":667,"url":"https:\/\/autofans.com.ar\/wp-content\/uploads\/2023\/03\/montana-jpg.webp","type":"image\/jpeg"}],"author":"Alejandro Gabriel Rosito","twitter_card":"summary_large_image","twitter_misc":{"Escrito por":"Alejandro Gabriel Rosito","Tiempo de lectura":"2 minutos"},"schema":{"@context":"https:\/\/schema.org","@graph":[{"@type":"Article","@id":"https:\/\/autofans.com.ar\/index.php\/2023\/03\/20\/ford-maverick-elegida-como-el-vehiculo-del-ano-2022\/#article","isPartOf":{"@id":"https:\/\/autofans.com.ar\/index.php\/2023\/03\/20\/ford-maverick-elegida-como-el-vehiculo-del-ano-2022\/"},"author":{"name":"Alejandro Gabriel Rosito","@id":"https:\/\/autofans.com.ar\/#\/schema\/person\/4a8dda0b6df83ac3d6723e921274c2aa"},"headline":"Ford Maverick Elegida como el veh\u00edculo del a\u00f1o 2022","datePublished":"2023-03-20T21:38:38+00:00","dateModified":"2023-03-20T22:14:58+00:00","mainEntityOfPage":{"@id":"https:\/\/autofans.com.ar\/index.php\/2023\/03\/20\/ford-maverick-elegida-como-el-vehiculo-del-ano-2022\/"},"wordCount":295,"image":{"@id":"https:\/\/autofans.com.ar\/index.php\/2023\/03\/20\/ford-maverick-elegida-como-el-vehiculo-del-ano-2022\/#primaryimage"},"thumbnailUrl":"https:\/\/autofans.com.ar\/wp-content\/uploads\/2023\/03\/montana-jpg.webp","keywords":["#innovaci\u00f3n","Auto del A\u00f1o 2022","desarrollo sostenible","FLEXBED","Ford Maverick","Grupo Premia","motor EcoBoost 2.0 turbo.","pick-up compacta","Raza Fuerte"],"articleSection":["NOTICIAS","PICK UPs, UTILITARIOS Y OTROS"],"inLanguage":"es"},{"@type":"WebPage","@id":"https:\/\/autofans.com.ar\/index.php\/2023\/03\/20\/ford-maverick-elegida-como-el-vehiculo-del-ano-2022\/","url":"https:\/\/autofans.com.ar\/index.php\/2023\/03\/20\/ford-maverick-elegida-como-el-vehiculo-del-ano-2022\/","name":"Ford Maverick Elegida como el veh\u00edculo del a\u00f1o 2022 -","isPartOf":{"@id":"https:\/\/autofans.com.ar\/#website"},"primaryImageOfPage":{"@id":"https:\/\/autofans.com.ar\/index.php\/2023\/03\/20\/ford-maverick-elegida-como-el-vehiculo-del-ano-2022\/#primaryimage"},"image":{"@id":"https:\/\/autofans.com.ar\/index.php\/2023\/03\/20\/ford-maverick-elegida-como-el-vehiculo-del-ano-2022\/#primaryimage"},"thumbnailUrl":"https:\/\/autofans.com.ar\/wp-content\/uploads\/2023\/03\/montana-jpg.webp","datePublished":"2023-03-20T21:38:38+00:00","dateModified":"2023-03-20T22:14:58+00:00","author":{"@id":"https:\/\/autofans.com.ar\/#\/schema\/person\/4a8dda0b6df83ac3d6723e921274c2aa"},"description":"La Ford Maverick ha sido elegida como el veh\u00edculo del a\u00f1o 2022 por el Grupo Premia, una organizaci\u00f3n sin fines de lucro...","breadcrumb":{"@id":"https:\/\/autofans.com.ar\/index.php\/2023\/03\/20\/ford-maverick-elegida-como-el-vehiculo-del-ano-2022\/#breadcrumb"},"inLanguage":"es","potentialAction":[{"@type":"ReadAction","target":["https:\/\/autofans.com.ar\/index.php\/2023\/03\/20\/ford-maverick-elegida-como-el-vehiculo-del-ano-2022\/"]}]},{"@type":"ImageObject","inLanguage":"es","@id":"https:\/\/autofans.com.ar\/index.php\/2023\/03\/20\/ford-maverick-elegida-como-el-vehiculo-del-ano-2022\/#primaryimage","url":"https:\/\/autofans.com.ar\/wp-content\/uploads\/2023\/03\/montana-jpg.webp","contentUrl":"https:\/\/autofans.com.ar\/wp-content\/uploads\/2023\/03\/montana-jpg.webp","width":1000,"height":667,"caption":"ford"},{"@type":"BreadcrumbList","@id":"https:\/\/autofans.com.ar\/index.php\/2023\/03\/20\/ford-maverick-elegida-como-el-vehiculo-del-ano-2022\/#breadcrumb","itemListElement":[{"@type":"ListItem","position":1,"name":"Inicio","item":"https:\/\/autofans.com.ar\/"},{"@type":"ListItem","position":2,"name":"Ford Maverick Elegida como el veh\u00edculo del a\u00f1o 2022"}]},{"@type":"WebSite","@id":"https:\/\/autofans.com.ar\/#website","url":"https:\/\/autofans.com.ar\/","name":"","description":"El multimedio referente de la industria automotriz","potentialAction":[{"@type":"SearchAction","target":{"@type":"EntryPoint","urlTemplate":"https:\/\/autofans.com.ar\/?s={search_term_string}"},"query-input":{"@type":"PropertyValueSpecification","valueRequired":true,"valueName":"search_term_string"}}],"inLanguage":"es"},{"@type":"Person","@id":"https:\/\/autofans.com.ar\/#\/schema\/person\/4a8dda0b6df83ac3d6723e921274c2aa","name":"Alejandro Gabriel Rosito","image":{"@type":"ImageObject","inLanguage":"es","@id":"https:\/\/secure.gravatar.com\/avatar\/16c5dda1489adfc62618084dcbb91cffd879c374b13fe5dd8e44ed6733852c88?s=96&d=mm&r=g","url":"https:\/\/secure.gravatar.com\/avatar\/16c5dda1489adfc62618084dcbb91cffd879c374b13fe5dd8e44ed6733852c88?s=96&d=mm&r=g","contentUrl":"https:\/\/secure.gravatar.com\/avatar\/16c5dda1489adfc62618084dcbb91cffd879c374b13fe5dd8e44ed6733852c88?s=96&d=mm&r=g","caption":"Alejandro Gabriel Rosito"},"url":"https:\/\/autofans.com.ar\/index.php\/author\/gabrielr\/"}]}},"featured_image_urls":{"full":["https:\/\/autofans.com.ar\/wp-content\/uploads\/2023\/03\/montana-jpg.webp",1000,667,false],"thumbnail":["https:\/\/autofans.com.ar\/wp-content\/uploads\/2023\/03\/montana-150x150.webp",150,150,true],"medium":["https:\/\/autofans.com.ar\/wp-content\/uploads\/2023\/03\/montana-300x200.webp",300,200,true],"medium_large":["https:\/\/autofans.com.ar\/wp-content\/uploads\/2023\/03\/montana-768x512.webp",640,427,true],"large":["https:\/\/autofans.com.ar\/wp-content\/uploads\/2023\/03\/montana-jpg.webp",640,427,false],"1536x1536":["https:\/\/autofans.com.ar\/wp-content\/uploads\/2023\/03\/montana-jpg.webp",1000,667,false],"2048x2048":["https:\/\/autofans.com.ar\/wp-content\/uploads\/2023\/03\/montana-jpg.webp",1000,667,false],"covernews-featured":["https:\/\/autofans.com.ar\/wp-content\/uploads\/2023\/03\/montana-jpg.webp",1000,667,false],"covernews-medium":["https:\/\/autofans.com.ar\/wp-content\/uploads\/2023\/03\/montana-540x340.webp",540,340,true]},"author_info":{"display_name":"Alejandro Gabriel Rosito","author_link":"https:\/\/autofans.com.ar\/index.php\/author\/gabrielr\/"},"category_info":"<a href=\"https:\/\/autofans.com.ar\/index.php\/category\/noticias\/\" rel=\"category tag\">NOTICIAS<\/a> <a href=\"https:\/\/autofans.com.ar\/index.php\/category\/noticias\/otros\/\" rel=\"category tag\">PICK UPs, UTILITARIOS Y OTROS<\/a>","tag_info":"PICK UPs, UTILITARIOS Y OTROS","comment_count":0,"_links":{"self":[{"href":"https:\/\/autofans.com.ar\/index.php\/wp-json\/wp\/v2\/posts\/942","targetHints":{"allow":["GET"]}}],"collection":[{"href":"https:\/\/autofans.com.ar\/index.php\/wp-json\/wp\/v2\/posts"}],"about":[{"href":"https:\/\/autofans.com.ar\/index.php\/wp-json\/wp\/v2\/types\/post"}],"author":[{"embeddable":true,"href":"https:\/\/autofans.com.ar\/index.php\/wp-json\/wp\/v2\/users\/2"}],"replies":[{"embeddable":true,"href":"https:\/\/autofans.com.ar\/index.php\/wp-json\/wp\/v2\/comments?post=942"}],"version-history":[{"count":4,"href":"https:\/\/autofans.com.ar\/index.php\/wp-json\/wp\/v2\/posts\/942\/revisions"}],"predecessor-version":[{"id":951,"href":"https:\/\/autofans.com.ar\/index.php\/wp-json\/wp\/v2\/posts\/942\/revisions\/951"}],"wp:featuredmedia":[{"embeddable":true,"href":"https:\/\/autofans.com.ar\/index.php\/wp-json\/wp\/v2\/media\/947"}],"wp:attachment":[{"href":"https:\/\/autofans.com.ar\/index.php\/wp-json\/wp\/v2\/media?parent=942"}],"wp:term":[{"taxonomy":"category","embeddable":true,"href":"https:\/\/autofans.com.ar\/index.php\/wp-json\/wp\/v2\/categories?post=942"},{"taxonomy":"post_tag","embeddable":true,"href":"https:\/\/autofans.com.ar\/index.php\/wp-json\/wp\/v2\/tags?post=942"}],"curies":[{"name":"wp","href":"https:\/\/api.w.org\/{rel}","templated":true}]}}