{"id":9490,"date":"2024-10-25T14:49:15","date_gmt":"2024-10-25T17:49:15","guid":{"rendered":"https:\/\/autofans.com.ar\/?p=9490"},"modified":"2024-10-25T14:49:15","modified_gmt":"2024-10-25T17:49:15","slug":"honda-argentina-lanza-nuevas-ediciones-de-pioneros-en-movimiento-y-pacto-vial","status":"publish","type":"post","link":"https:\/\/autofans.com.ar\/index.php\/2024\/10\/25\/honda-argentina-lanza-nuevas-ediciones-de-pioneros-en-movimiento-y-pacto-vial\/","title":{"rendered":"Honda Argentina lanza nuevas ediciones de &#8216;Pioneros en Movimiento&#8217; y &#8216;Pacto Vial&#8217;"},"content":{"rendered":"<p>Honda Motor de Argentina reafirma su compromiso con la seguridad vial y la educaci\u00f3n lanzando nuevas ediciones de \u00abPioneros en Movimiento\u00bb y \u00abPacto Vial\u00bb, dos programas que promueven la responsabilidad en el tr\u00e1nsito y la sustentabilidad. Estas iniciativas, basadas en los pilares de Responsabilidad Social de Honda (educaci\u00f3n, seguridad vial, medio ambiente y comunidad), buscan generar cambios positivos en la conducta vial, aline\u00e1ndose con los Objetivos de Desarrollo Sostenible (ODS) de la ONU.<\/p>\n<p>&nbsp;<\/p>\n<h2>Honda Motor &#8211; Pioneros en Movimiento y seguridad vial desde la infancia<\/h2>\n<p>Celebrando su d\u00e9cimo aniversario, \u00abPioneros en Movimiento\u00bb est\u00e1 orientado a ni\u00f1os de 6 a 11 a\u00f1os de escuelas primarias y centros de apoyo escolar de Argentina. Su propuesta incluye una WebApp interactiva con juegos y misiones educativas protagonizadas por personajes como \u00abLa Chica Vialidad\u00bb y \u00abS\u00faper Eco\u00bb, que ense\u00f1an sobre seguridad y medio ambiente. Adem\u00e1s, el programa realiza actividades presenciales como obras de teatro y talleres l\u00fadicos para los m\u00e1s peque\u00f1os, junto con una revista en formato papel y un manual de planificaci\u00f3n para docentes.<\/p>\n<p><img fetchpriority=\"high\" decoding=\"async\" class=\"aligncenter wp-image-9493 size-full\" src=\"https:\/\/autofans.com.ar\/wp-content\/uploads\/2024\/10\/honda-3-3.jpg\" alt=\"Honda\" width=\"1000\" height=\"667\" srcset=\"https:\/\/autofans.com.ar\/wp-content\/uploads\/2024\/10\/honda-3-3.jpg 1000w, https:\/\/autofans.com.ar\/wp-content\/uploads\/2024\/10\/honda-3-3-300x200.jpg 300w, https:\/\/autofans.com.ar\/wp-content\/uploads\/2024\/10\/honda-3-3-768x512.jpg 768w\" sizes=\"(max-width: 1000px) 100vw, 1000px\" \/><\/p>\n<p>El campeonato \u00abLa escuela m\u00e1s pionera\u00bb, en su cuarta edici\u00f3n, incentiva la participaci\u00f3n de alumnos, docentes y familias a trav\u00e9s de desaf\u00edos con premios y un sistema de ranking, fomentando la colaboraci\u00f3n y el aprendizaje de forma divertida.<\/p>\n<p>&nbsp;<\/p>\n<h2>Pacto Vial &#8211; j\u00f3venes comprometidos con la seguridad en el tr\u00e1nsito<\/h2>\n<p>\u00abPacto Vial\u00bb, ahora en su s\u00e9ptima edici\u00f3n, est\u00e1 dirigido a j\u00f3venes de 12 a 20 a\u00f1os de escuelas secundarias y t\u00e9cnicas, y tambi\u00e9n a aquellos fuera del sistema escolar. Este programa utiliza la cuenta de Instagram @pactovial como canal principal para compartir desaf\u00edos, reels y trivias que refuerzan el aprendizaje sobre temas como conducci\u00f3n segura, uso de dispositivos de seguridad, convivencia vial y riesgos digitales. A su vez, suma actividades presenciales en escuelas de Campana y Rosario, donde se abordan cuestiones de seguridad tanto en el tr\u00e1nsito terrestre como mar\u00edtimo, con din\u00e1micas l\u00fadicas que involucran a los estudiantes de manera activa.<\/p>\n<p>&nbsp;<\/p>\n<p><img decoding=\"async\" class=\"aligncenter wp-image-9494 size-full\" src=\"https:\/\/autofans.com.ar\/wp-content\/uploads\/2024\/10\/honda-2-3.jpg\" alt=\"Honda\" width=\"1000\" height=\"667\" srcset=\"https:\/\/autofans.com.ar\/wp-content\/uploads\/2024\/10\/honda-2-3.jpg 1000w, https:\/\/autofans.com.ar\/wp-content\/uploads\/2024\/10\/honda-2-3-300x200.jpg 300w, https:\/\/autofans.com.ar\/wp-content\/uploads\/2024\/10\/honda-2-3-768x512.jpg 768w\" sizes=\"(max-width: 1000px) 100vw, 1000px\" \/><\/p>\n<p>&nbsp;<\/p>\n<p>Ambos programas cuentan con el apoyo de la Agencia Nacional de Seguridad Vial y autoridades locales, promoviendo una cultura de respeto y responsabilidad en las calles. De esta manera, Honda contribuye al objetivo de reducir los accidentes viales y alcanzar su meta global de cero colisiones fatales al 2050, consolidando su compromiso con la seguridad y la sustentabilidad en Argentina.<\/p>\n<p>&nbsp;<\/p>\n<p>&nbsp;<\/p>\n<p><i>Para enterarte de m\u00e1s novedades, no dejes de leer\u00a0<\/i><a href=\"https:\/\/autofans.thebrandsoup.com\/\"><i>nuestras notas<\/i><\/a><i>, de ver<\/i><b><i>\u00a0<\/i><\/b><a href=\"https:\/\/www.youtube.com\/channel\/UCgAC8UGHZYbT6P7PpmVnP7g\"><b><i>AUTOFANS TV<\/i><\/b><\/a><b><i>\u00a0<\/i><\/b><i>en nuestro\u00a0canal de Youtube. Adem\u00e1s seguinos en\u00a0<\/i><a href=\"https:\/\/www.instagram.com\/autofanstv\/\"><i>INSTAGRAM<\/i><\/a><i> y <\/i><a href=\"https:\/\/www.facebook.com\/autofansmas\/\"><i>FACEBOOK<\/i><\/a><i> para no perderte nada sobre las novedades del segmento automotor de Argentina y el mundo.<\/i><\/p>\n","protected":false},"excerpt":{"rendered":"<p>Honda Motor de Argentina reafirma su compromiso con la seguridad vial y la educaci\u00f3n lanzando&#8230;<\/p>\n","protected":false},"author":2,"featured_media":9492,"comment_status":"closed","ping_status":"closed","sticky":false,"template":"","format":"standard","meta":{"footnotes":""},"categories":[292,16],"tags":[140,5111,5110,5108,5112,5109],"class_list":["post-9490","post","type-post","status-publish","format-standard","has-post-thumbnail","hentry","category-empresas","category-noticias","tag-honda-argentina","tag-pacto-vial","tag-pioneros-en-movimiento","tag-programas-educativos-honda","tag-responsabilidad-social-honda","tag-seguridad-vial-argentina"],"yoast_head":"<!-- This site is optimized with the Yoast SEO plugin v27.5 - https:\/\/yoast.com\/product\/yoast-seo-wordpress\/ -->\n<title>Honda Argentina lanza nuevas ediciones de &#039;Pioneros en Movimiento&#039; y &#039;Pacto Vial&#039; -<\/title>\n<meta name=\"description\" content=\"Honda Motor de Argentina reafirma su compromiso con la seguridad vial con las nuevas ediciones de &quot;Pioneros en Movimiento&quot; y &quot;Pacto Vial&quot;...\" \/>\n<meta name=\"robots\" content=\"index, follow, max-snippet:-1, max-image-preview:large, max-video-preview:-1\" \/>\n<link rel=\"canonical\" href=\"https:\/\/autofans.com.ar\/index.php\/2024\/10\/25\/honda-argentina-lanza-nuevas-ediciones-de-pioneros-en-movimiento-y-pacto-vial\/\" \/>\n<meta property=\"og:locale\" content=\"es_ES\" \/>\n<meta property=\"og:type\" content=\"article\" \/>\n<meta property=\"og:title\" content=\"Honda Argentina lanza nuevas ediciones de &#039;Pioneros en Movimiento&#039; y &#039;Pacto Vial&#039; -\" \/>\n<meta property=\"og:description\" content=\"Honda Motor de Argentina reafirma su compromiso con la seguridad vial con las nuevas ediciones de &quot;Pioneros en Movimiento&quot; y &quot;Pacto Vial&quot;...\" \/>\n<meta property=\"og:url\" content=\"https:\/\/autofans.com.ar\/index.php\/2024\/10\/25\/honda-argentina-lanza-nuevas-ediciones-de-pioneros-en-movimiento-y-pacto-vial\/\" \/>\n<meta property=\"article:published_time\" content=\"2024-10-25T17:49:15+00:00\" \/>\n<meta property=\"og:image\" content=\"https:\/\/autofans.com.ar\/wp-content\/uploads\/2024\/10\/honda-4-1.jpg\" \/>\n\t<meta property=\"og:image:width\" content=\"640\" \/>\n\t<meta property=\"og:image:height\" content=\"427\" \/>\n\t<meta property=\"og:image:type\" content=\"image\/jpeg\" \/>\n<meta name=\"author\" content=\"Alejandro Gabriel Rosito\" \/>\n<meta name=\"twitter:card\" content=\"summary_large_image\" \/>\n<meta name=\"twitter:label1\" content=\"Escrito por\" \/>\n\t<meta name=\"twitter:data1\" content=\"Alejandro Gabriel Rosito\" \/>\n\t<meta name=\"twitter:label2\" content=\"Tiempo de lectura\" \/>\n\t<meta name=\"twitter:data2\" content=\"3 minutos\" \/>\n<script type=\"application\/ld+json\" class=\"yoast-schema-graph\">{\"@context\":\"https:\\\/\\\/schema.org\",\"@graph\":[{\"@type\":\"Article\",\"@id\":\"https:\\\/\\\/autofans.com.ar\\\/index.php\\\/2024\\\/10\\\/25\\\/honda-argentina-lanza-nuevas-ediciones-de-pioneros-en-movimiento-y-pacto-vial\\\/#article\",\"isPartOf\":{\"@id\":\"https:\\\/\\\/autofans.com.ar\\\/index.php\\\/2024\\\/10\\\/25\\\/honda-argentina-lanza-nuevas-ediciones-de-pioneros-en-movimiento-y-pacto-vial\\\/\"},\"author\":{\"name\":\"Alejandro Gabriel Rosito\",\"@id\":\"https:\\\/\\\/autofans.com.ar\\\/#\\\/schema\\\/person\\\/4a8dda0b6df83ac3d6723e921274c2aa\"},\"headline\":\"Honda Argentina lanza nuevas ediciones de &#8216;Pioneros en Movimiento&#8217; y &#8216;Pacto Vial&#8217;\",\"datePublished\":\"2024-10-25T17:49:15+00:00\",\"mainEntityOfPage\":{\"@id\":\"https:\\\/\\\/autofans.com.ar\\\/index.php\\\/2024\\\/10\\\/25\\\/honda-argentina-lanza-nuevas-ediciones-de-pioneros-en-movimiento-y-pacto-vial\\\/\"},\"wordCount\":470,\"image\":{\"@id\":\"https:\\\/\\\/autofans.com.ar\\\/index.php\\\/2024\\\/10\\\/25\\\/honda-argentina-lanza-nuevas-ediciones-de-pioneros-en-movimiento-y-pacto-vial\\\/#primaryimage\"},\"thumbnailUrl\":\"https:\\\/\\\/autofans.com.ar\\\/wp-content\\\/uploads\\\/2024\\\/10\\\/honda-4-1.jpg\",\"keywords\":[\"Honda Argentina\",\"Pacto Vial\",\"Pioneros en Movimiento\",\"programas educativos Honda\",\"responsabilidad social Honda\",\"seguridad vial Argentina\"],\"articleSection\":[\"EMPRESAS\",\"NOTICIAS\"],\"inLanguage\":\"es\"},{\"@type\":\"WebPage\",\"@id\":\"https:\\\/\\\/autofans.com.ar\\\/index.php\\\/2024\\\/10\\\/25\\\/honda-argentina-lanza-nuevas-ediciones-de-pioneros-en-movimiento-y-pacto-vial\\\/\",\"url\":\"https:\\\/\\\/autofans.com.ar\\\/index.php\\\/2024\\\/10\\\/25\\\/honda-argentina-lanza-nuevas-ediciones-de-pioneros-en-movimiento-y-pacto-vial\\\/\",\"name\":\"Honda Argentina lanza nuevas ediciones de 'Pioneros en Movimiento' y 'Pacto Vial' -\",\"isPartOf\":{\"@id\":\"https:\\\/\\\/autofans.com.ar\\\/#website\"},\"primaryImageOfPage\":{\"@id\":\"https:\\\/\\\/autofans.com.ar\\\/index.php\\\/2024\\\/10\\\/25\\\/honda-argentina-lanza-nuevas-ediciones-de-pioneros-en-movimiento-y-pacto-vial\\\/#primaryimage\"},\"image\":{\"@id\":\"https:\\\/\\\/autofans.com.ar\\\/index.php\\\/2024\\\/10\\\/25\\\/honda-argentina-lanza-nuevas-ediciones-de-pioneros-en-movimiento-y-pacto-vial\\\/#primaryimage\"},\"thumbnailUrl\":\"https:\\\/\\\/autofans.com.ar\\\/wp-content\\\/uploads\\\/2024\\\/10\\\/honda-4-1.jpg\",\"datePublished\":\"2024-10-25T17:49:15+00:00\",\"author\":{\"@id\":\"https:\\\/\\\/autofans.com.ar\\\/#\\\/schema\\\/person\\\/4a8dda0b6df83ac3d6723e921274c2aa\"},\"description\":\"Honda Motor de Argentina reafirma su compromiso con la seguridad vial con las nuevas ediciones de \\\"Pioneros en Movimiento\\\" y \\\"Pacto Vial\\\"...\",\"breadcrumb\":{\"@id\":\"https:\\\/\\\/autofans.com.ar\\\/index.php\\\/2024\\\/10\\\/25\\\/honda-argentina-lanza-nuevas-ediciones-de-pioneros-en-movimiento-y-pacto-vial\\\/#breadcrumb\"},\"inLanguage\":\"es\",\"potentialAction\":[{\"@type\":\"ReadAction\",\"target\":[\"https:\\\/\\\/autofans.com.ar\\\/index.php\\\/2024\\\/10\\\/25\\\/honda-argentina-lanza-nuevas-ediciones-de-pioneros-en-movimiento-y-pacto-vial\\\/\"]}]},{\"@type\":\"ImageObject\",\"inLanguage\":\"es\",\"@id\":\"https:\\\/\\\/autofans.com.ar\\\/index.php\\\/2024\\\/10\\\/25\\\/honda-argentina-lanza-nuevas-ediciones-de-pioneros-en-movimiento-y-pacto-vial\\\/#primaryimage\",\"url\":\"https:\\\/\\\/autofans.com.ar\\\/wp-content\\\/uploads\\\/2024\\\/10\\\/honda-4-1.jpg\",\"contentUrl\":\"https:\\\/\\\/autofans.com.ar\\\/wp-content\\\/uploads\\\/2024\\\/10\\\/honda-4-1.jpg\",\"width\":1000,\"height\":667,\"caption\":\"Honda\"},{\"@type\":\"BreadcrumbList\",\"@id\":\"https:\\\/\\\/autofans.com.ar\\\/index.php\\\/2024\\\/10\\\/25\\\/honda-argentina-lanza-nuevas-ediciones-de-pioneros-en-movimiento-y-pacto-vial\\\/#breadcrumb\",\"itemListElement\":[{\"@type\":\"ListItem\",\"position\":1,\"name\":\"Inicio\",\"item\":\"https:\\\/\\\/autofans.com.ar\\\/\"},{\"@type\":\"ListItem\",\"position\":2,\"name\":\"Honda Argentina lanza nuevas ediciones de &#8216;Pioneros en Movimiento&#8217; y &#8216;Pacto Vial&#8217;\"}]},{\"@type\":\"WebSite\",\"@id\":\"https:\\\/\\\/autofans.com.ar\\\/#website\",\"url\":\"https:\\\/\\\/autofans.com.ar\\\/\",\"name\":\"\",\"description\":\"El multimedio referente de la industria automotriz\",\"potentialAction\":[{\"@type\":\"SearchAction\",\"target\":{\"@type\":\"EntryPoint\",\"urlTemplate\":\"https:\\\/\\\/autofans.com.ar\\\/?s={search_term_string}\"},\"query-input\":{\"@type\":\"PropertyValueSpecification\",\"valueRequired\":true,\"valueName\":\"search_term_string\"}}],\"inLanguage\":\"es\"},{\"@type\":\"Person\",\"@id\":\"https:\\\/\\\/autofans.com.ar\\\/#\\\/schema\\\/person\\\/4a8dda0b6df83ac3d6723e921274c2aa\",\"name\":\"Alejandro Gabriel Rosito\",\"image\":{\"@type\":\"ImageObject\",\"inLanguage\":\"es\",\"@id\":\"https:\\\/\\\/secure.gravatar.com\\\/avatar\\\/16c5dda1489adfc62618084dcbb91cffd879c374b13fe5dd8e44ed6733852c88?s=96&d=mm&r=g\",\"url\":\"https:\\\/\\\/secure.gravatar.com\\\/avatar\\\/16c5dda1489adfc62618084dcbb91cffd879c374b13fe5dd8e44ed6733852c88?s=96&d=mm&r=g\",\"contentUrl\":\"https:\\\/\\\/secure.gravatar.com\\\/avatar\\\/16c5dda1489adfc62618084dcbb91cffd879c374b13fe5dd8e44ed6733852c88?s=96&d=mm&r=g\",\"caption\":\"Alejandro Gabriel Rosito\"},\"url\":\"https:\\\/\\\/autofans.com.ar\\\/index.php\\\/author\\\/gabrielr\\\/\"}]}<\/script>\n<!-- \/ Yoast SEO plugin. -->","yoast_head_json":{"title":"Honda Argentina lanza nuevas ediciones de 'Pioneros en Movimiento' y 'Pacto Vial' -","description":"Honda Motor de Argentina reafirma su compromiso con la seguridad vial con las nuevas ediciones de \"Pioneros en Movimiento\" y \"Pacto Vial\"...","robots":{"index":"index","follow":"follow","max-snippet":"max-snippet:-1","max-image-preview":"max-image-preview:large","max-video-preview":"max-video-preview:-1"},"canonical":"https:\/\/autofans.com.ar\/index.php\/2024\/10\/25\/honda-argentina-lanza-nuevas-ediciones-de-pioneros-en-movimiento-y-pacto-vial\/","og_locale":"es_ES","og_type":"article","og_title":"Honda Argentina lanza nuevas ediciones de 'Pioneros en Movimiento' y 'Pacto Vial' -","og_description":"Honda Motor de Argentina reafirma su compromiso con la seguridad vial con las nuevas ediciones de \"Pioneros en Movimiento\" y \"Pacto Vial\"...","og_url":"https:\/\/autofans.com.ar\/index.php\/2024\/10\/25\/honda-argentina-lanza-nuevas-ediciones-de-pioneros-en-movimiento-y-pacto-vial\/","article_published_time":"2024-10-25T17:49:15+00:00","og_image":[{"url":"https:\/\/autofans.com.ar\/wp-content\/uploads\/2024\/10\/honda-4-1.jpg","width":640,"height":427,"type":"image\/jpeg"}],"author":"Alejandro Gabriel Rosito","twitter_card":"summary_large_image","twitter_misc":{"Escrito por":"Alejandro Gabriel Rosito","Tiempo de lectura":"3 minutos"},"schema":{"@context":"https:\/\/schema.org","@graph":[{"@type":"Article","@id":"https:\/\/autofans.com.ar\/index.php\/2024\/10\/25\/honda-argentina-lanza-nuevas-ediciones-de-pioneros-en-movimiento-y-pacto-vial\/#article","isPartOf":{"@id":"https:\/\/autofans.com.ar\/index.php\/2024\/10\/25\/honda-argentina-lanza-nuevas-ediciones-de-pioneros-en-movimiento-y-pacto-vial\/"},"author":{"name":"Alejandro Gabriel Rosito","@id":"https:\/\/autofans.com.ar\/#\/schema\/person\/4a8dda0b6df83ac3d6723e921274c2aa"},"headline":"Honda Argentina lanza nuevas ediciones de &#8216;Pioneros en Movimiento&#8217; y &#8216;Pacto Vial&#8217;","datePublished":"2024-10-25T17:49:15+00:00","mainEntityOfPage":{"@id":"https:\/\/autofans.com.ar\/index.php\/2024\/10\/25\/honda-argentina-lanza-nuevas-ediciones-de-pioneros-en-movimiento-y-pacto-vial\/"},"wordCount":470,"image":{"@id":"https:\/\/autofans.com.ar\/index.php\/2024\/10\/25\/honda-argentina-lanza-nuevas-ediciones-de-pioneros-en-movimiento-y-pacto-vial\/#primaryimage"},"thumbnailUrl":"https:\/\/autofans.com.ar\/wp-content\/uploads\/2024\/10\/honda-4-1.jpg","keywords":["Honda Argentina","Pacto Vial","Pioneros en Movimiento","programas educativos Honda","responsabilidad social Honda","seguridad vial Argentina"],"articleSection":["EMPRESAS","NOTICIAS"],"inLanguage":"es"},{"@type":"WebPage","@id":"https:\/\/autofans.com.ar\/index.php\/2024\/10\/25\/honda-argentina-lanza-nuevas-ediciones-de-pioneros-en-movimiento-y-pacto-vial\/","url":"https:\/\/autofans.com.ar\/index.php\/2024\/10\/25\/honda-argentina-lanza-nuevas-ediciones-de-pioneros-en-movimiento-y-pacto-vial\/","name":"Honda Argentina lanza nuevas ediciones de 'Pioneros en Movimiento' y 'Pacto Vial' -","isPartOf":{"@id":"https:\/\/autofans.com.ar\/#website"},"primaryImageOfPage":{"@id":"https:\/\/autofans.com.ar\/index.php\/2024\/10\/25\/honda-argentina-lanza-nuevas-ediciones-de-pioneros-en-movimiento-y-pacto-vial\/#primaryimage"},"image":{"@id":"https:\/\/autofans.com.ar\/index.php\/2024\/10\/25\/honda-argentina-lanza-nuevas-ediciones-de-pioneros-en-movimiento-y-pacto-vial\/#primaryimage"},"thumbnailUrl":"https:\/\/autofans.com.ar\/wp-content\/uploads\/2024\/10\/honda-4-1.jpg","datePublished":"2024-10-25T17:49:15+00:00","author":{"@id":"https:\/\/autofans.com.ar\/#\/schema\/person\/4a8dda0b6df83ac3d6723e921274c2aa"},"description":"Honda Motor de Argentina reafirma su compromiso con la seguridad vial con las nuevas ediciones de \"Pioneros en Movimiento\" y \"Pacto Vial\"...","breadcrumb":{"@id":"https:\/\/autofans.com.ar\/index.php\/2024\/10\/25\/honda-argentina-lanza-nuevas-ediciones-de-pioneros-en-movimiento-y-pacto-vial\/#breadcrumb"},"inLanguage":"es","potentialAction":[{"@type":"ReadAction","target":["https:\/\/autofans.com.ar\/index.php\/2024\/10\/25\/honda-argentina-lanza-nuevas-ediciones-de-pioneros-en-movimiento-y-pacto-vial\/"]}]},{"@type":"ImageObject","inLanguage":"es","@id":"https:\/\/autofans.com.ar\/index.php\/2024\/10\/25\/honda-argentina-lanza-nuevas-ediciones-de-pioneros-en-movimiento-y-pacto-vial\/#primaryimage","url":"https:\/\/autofans.com.ar\/wp-content\/uploads\/2024\/10\/honda-4-1.jpg","contentUrl":"https:\/\/autofans.com.ar\/wp-content\/uploads\/2024\/10\/honda-4-1.jpg","width":1000,"height":667,"caption":"Honda"},{"@type":"BreadcrumbList","@id":"https:\/\/autofans.com.ar\/index.php\/2024\/10\/25\/honda-argentina-lanza-nuevas-ediciones-de-pioneros-en-movimiento-y-pacto-vial\/#breadcrumb","itemListElement":[{"@type":"ListItem","position":1,"name":"Inicio","item":"https:\/\/autofans.com.ar\/"},{"@type":"ListItem","position":2,"name":"Honda Argentina lanza nuevas ediciones de &#8216;Pioneros en Movimiento&#8217; y &#8216;Pacto Vial&#8217;"}]},{"@type":"WebSite","@id":"https:\/\/autofans.com.ar\/#website","url":"https:\/\/autofans.com.ar\/","name":"","description":"El multimedio referente de la industria automotriz","potentialAction":[{"@type":"SearchAction","target":{"@type":"EntryPoint","urlTemplate":"https:\/\/autofans.com.ar\/?s={search_term_string}"},"query-input":{"@type":"PropertyValueSpecification","valueRequired":true,"valueName":"search_term_string"}}],"inLanguage":"es"},{"@type":"Person","@id":"https:\/\/autofans.com.ar\/#\/schema\/person\/4a8dda0b6df83ac3d6723e921274c2aa","name":"Alejandro Gabriel Rosito","image":{"@type":"ImageObject","inLanguage":"es","@id":"https:\/\/secure.gravatar.com\/avatar\/16c5dda1489adfc62618084dcbb91cffd879c374b13fe5dd8e44ed6733852c88?s=96&d=mm&r=g","url":"https:\/\/secure.gravatar.com\/avatar\/16c5dda1489adfc62618084dcbb91cffd879c374b13fe5dd8e44ed6733852c88?s=96&d=mm&r=g","contentUrl":"https:\/\/secure.gravatar.com\/avatar\/16c5dda1489adfc62618084dcbb91cffd879c374b13fe5dd8e44ed6733852c88?s=96&d=mm&r=g","caption":"Alejandro Gabriel Rosito"},"url":"https:\/\/autofans.com.ar\/index.php\/author\/gabrielr\/"}]}},"featured_image_urls":{"full":["https:\/\/autofans.com.ar\/wp-content\/uploads\/2024\/10\/honda-4-1.jpg",1000,667,false],"thumbnail":["https:\/\/autofans.com.ar\/wp-content\/uploads\/2024\/10\/honda-4-1-150x150.jpg",150,150,true],"medium":["https:\/\/autofans.com.ar\/wp-content\/uploads\/2024\/10\/honda-4-1-300x200.jpg",300,200,true],"medium_large":["https:\/\/autofans.com.ar\/wp-content\/uploads\/2024\/10\/honda-4-1-768x512.jpg",640,427,true],"large":["https:\/\/autofans.com.ar\/wp-content\/uploads\/2024\/10\/honda-4-1.jpg",640,427,false],"1536x1536":["https:\/\/autofans.com.ar\/wp-content\/uploads\/2024\/10\/honda-4-1.jpg",1000,667,false],"2048x2048":["https:\/\/autofans.com.ar\/wp-content\/uploads\/2024\/10\/honda-4-1.jpg",1000,667,false],"covernews-featured":["https:\/\/autofans.com.ar\/wp-content\/uploads\/2024\/10\/honda-4-1.jpg",1000,667,false],"covernews-medium":["https:\/\/autofans.com.ar\/wp-content\/uploads\/2024\/10\/honda-4-1-540x340.jpg",540,340,true]},"author_info":{"display_name":"Alejandro Gabriel Rosito","author_link":"https:\/\/autofans.com.ar\/index.php\/author\/gabrielr\/"},"category_info":"<a href=\"https:\/\/autofans.com.ar\/index.php\/category\/noticias\/empresas\/\" rel=\"category tag\">EMPRESAS<\/a> <a href=\"https:\/\/autofans.com.ar\/index.php\/category\/noticias\/\" rel=\"category tag\">NOTICIAS<\/a>","tag_info":"NOTICIAS","comment_count":0,"_links":{"self":[{"href":"https:\/\/autofans.com.ar\/index.php\/wp-json\/wp\/v2\/posts\/9490","targetHints":{"allow":["GET"]}}],"collection":[{"href":"https:\/\/autofans.com.ar\/index.php\/wp-json\/wp\/v2\/posts"}],"about":[{"href":"https:\/\/autofans.com.ar\/index.php\/wp-json\/wp\/v2\/types\/post"}],"author":[{"embeddable":true,"href":"https:\/\/autofans.com.ar\/index.php\/wp-json\/wp\/v2\/users\/2"}],"replies":[{"embeddable":true,"href":"https:\/\/autofans.com.ar\/index.php\/wp-json\/wp\/v2\/comments?post=9490"}],"version-history":[{"count":3,"href":"https:\/\/autofans.com.ar\/index.php\/wp-json\/wp\/v2\/posts\/9490\/revisions"}],"predecessor-version":[{"id":9497,"href":"https:\/\/autofans.com.ar\/index.php\/wp-json\/wp\/v2\/posts\/9490\/revisions\/9497"}],"wp:featuredmedia":[{"embeddable":true,"href":"https:\/\/autofans.com.ar\/index.php\/wp-json\/wp\/v2\/media\/9492"}],"wp:attachment":[{"href":"https:\/\/autofans.com.ar\/index.php\/wp-json\/wp\/v2\/media?parent=9490"}],"wp:term":[{"taxonomy":"category","embeddable":true,"href":"https:\/\/autofans.com.ar\/index.php\/wp-json\/wp\/v2\/categories?post=9490"},{"taxonomy":"post_tag","embeddable":true,"href":"https:\/\/autofans.com.ar\/index.php\/wp-json\/wp\/v2\/tags?post=9490"}],"curies":[{"name":"wp","href":"https:\/\/api.w.org\/{rel}","templated":true}]}}