{"id":9518,"date":"2024-10-28T20:11:28","date_gmt":"2024-10-28T23:11:28","guid":{"rendered":"https:\/\/autofans.com.ar\/?p=9518"},"modified":"2024-10-28T20:11:28","modified_gmt":"2024-10-28T23:11:28","slug":"iveco-impulsa-la-sustentabilidad-en-el-sector-energetico-desde-expo-oil-gas-patagonia","status":"publish","type":"post","link":"https:\/\/autofans.com.ar\/index.php\/2024\/10\/28\/iveco-impulsa-la-sustentabilidad-en-el-sector-energetico-desde-expo-oil-gas-patagonia\/","title":{"rendered":"IVECO impulsa la sustentabilidad en el sector energ\u00e9tico desde Expo Oil &#038; Gas Patagonia"},"content":{"rendered":"<p>IVECO, con 55 a\u00f1os en Argentina, reafirma su compromiso con la industria energ\u00e9tica al participar en la Expo Oil &amp; Gas Patagonia 2024, un evento clave en la regi\u00f3n. Desde el 23 al 25 de octubre en Neuqu\u00e9n, la feria reunir\u00e1 a empresas y referentes del sector para intercambiar conocimientos y explorar nuevas oportunidades.<\/p>\n<p>&nbsp;<\/p>\n<h2>IVECO presenta el Trakker Hi-Land<\/h2>\n<p>&nbsp;<\/p>\n<p><img fetchpriority=\"high\" decoding=\"async\" class=\"aligncenter wp-image-9521 size-full\" src=\"https:\/\/autofans.com.ar\/wp-content\/uploads\/2024\/10\/iveco-2.jpg\" alt=\"Iveco\" width=\"1000\" height=\"667\" srcset=\"https:\/\/autofans.com.ar\/wp-content\/uploads\/2024\/10\/iveco-2.jpg 1000w, https:\/\/autofans.com.ar\/wp-content\/uploads\/2024\/10\/iveco-2-300x200.jpg 300w, https:\/\/autofans.com.ar\/wp-content\/uploads\/2024\/10\/iveco-2-768x512.jpg 768w\" sizes=\"(max-width: 1000px) 100vw, 1000px\" \/><\/p>\n<p>&nbsp;<\/p>\n<p>En esta edici\u00f3n, IVECO exhibir\u00e1 su cami\u00f3n Trakker Hi-Land, un modelo robusto y adaptable a las condiciones extremas del sector Oil &amp; Gas. Con un motor FPT Industrial Cursor 13 de 480 CV y sistema de tracci\u00f3n 6&#215;4. Esta m\u00e1quina garantiza potencia y rendimiento en terrenos dif\u00edciles, siendo ideal para las operaciones del sector hidrocarbur\u00edfero. Adem\u00e1s, el Gerente Comercial de IVECO Argentina, Pablo Princich, ofrecer\u00e1 una charla sobre eficiencia energ\u00e9tica y las soluciones espec\u00edficas que la marca brinda a esta industria.<\/p>\n<p>&nbsp;<\/p>\n<blockquote>\n<p style=\"text-align: center;\">\u201cEl Tector GNC es un ejemplo perfecto de c\u00f3mo IVECO sigue innovando para acompa\u00f1ar las demandas de nuestros clientes con soluciones de transporte m\u00e1s sostenibles, ofreciendo un veh\u00edculo que combina robustez y eficiencia con una significativa reducci\u00f3n en las emisiones y los costos operativos. Creemos que el gas natural es un pilar clave para el futuro del transporte en Argentina, y estamos orgullosos de ser pioneros en su implementaci\u00f3n en nuestra gama de productos\u201d, afirm\u00f3 Ricardo Cardozo, presidente de Iveco Group en Argentina.<\/p>\n<\/blockquote>\n<p>&nbsp;<\/p>\n<h2>Hi-Road y Tector GNC<\/h2>\n<p>Otro veh\u00edculo destacado es el IVECO Hi-Road, equipado con suspensi\u00f3n neum\u00e1tica y dise\u00f1ado para el transporte de combustibles en largas distancias. Ofreciendo una conducci\u00f3n estable y c\u00f3moda. IVECO tambi\u00e9n impulsa el uso del GNC en la matriz energ\u00e9tica argentina a trav\u00e9s del modelo Tector GNC, una alternativa econ\u00f3mica y ecol\u00f3gica para reducir emisiones en la industria.<\/p>\n<p>&nbsp;<\/p>\n<div id='gallery-1' class='gallery galleryid-9518 gallery-columns-2 gallery-size-full'><figure class='gallery-item'>\n\t\t\t<div class='gallery-icon landscape'>\n\t\t\t\t<a href='https:\/\/autofans.com.ar\/index.php\/2024\/10\/28\/iveco-impulsa-la-sustentabilidad-en-el-sector-energetico-desde-expo-oil-gas-patagonia\/iveco-1-10\/'><img loading=\"lazy\" width=\"1000\" height=\"667\" src=\"https:\/\/autofans.com.ar\/wp-content\/uploads\/2024\/10\/iveco-1.jpg\" class=\"attachment-full size-full\" alt=\"Iveco\" srcset=\"https:\/\/autofans.com.ar\/wp-content\/uploads\/2024\/10\/iveco-1.jpg 1000w, https:\/\/autofans.com.ar\/wp-content\/uploads\/2024\/10\/iveco-1-300x200.jpg 300w, https:\/\/autofans.com.ar\/wp-content\/uploads\/2024\/10\/iveco-1-768x512.jpg 768w\" sizes=\"auto, (max-width: 1000px) 100vw, 1000px\" loading=\"lazy\" decoding=\"async\" \/><\/a>\n\t\t\t<\/div><\/figure><figure class='gallery-item'>\n\t\t\t<div class='gallery-icon landscape'>\n\t\t\t\t<a href='https:\/\/autofans.com.ar\/index.php\/2024\/10\/28\/iveco-impulsa-la-sustentabilidad-en-el-sector-energetico-desde-expo-oil-gas-patagonia\/iveco-4-7\/'><img loading=\"lazy\" width=\"1000\" height=\"667\" src=\"https:\/\/autofans.com.ar\/wp-content\/uploads\/2024\/10\/iveco-4.jpg\" class=\"attachment-full size-full\" alt=\"Iveco\" srcset=\"https:\/\/autofans.com.ar\/wp-content\/uploads\/2024\/10\/iveco-4.jpg 1000w, https:\/\/autofans.com.ar\/wp-content\/uploads\/2024\/10\/iveco-4-300x200.jpg 300w, https:\/\/autofans.com.ar\/wp-content\/uploads\/2024\/10\/iveco-4-768x512.jpg 768w\" sizes=\"auto, (max-width: 1000px) 100vw, 1000px\" loading=\"lazy\" decoding=\"async\" \/><\/a>\n\t\t\t<\/div><\/figure>\n\t\t<\/div>\n\n<p>&nbsp;<\/p>\n<p>En homenaje a sus 55 a\u00f1os en el pa\u00eds, <a href=\"https:\/\/autofans.com.ar\/index.php\/2024\/05\/17\/innovacion-y-equidad-la-apuesta-de-iveco-group-por-un-futuro-mas-verde\/\" target=\"_blank\" rel=\"noopener\">IVECO<\/a> lanz\u00f3 una serie especial del Stralis con detalles personalizados, reflejando su compromiso con la innovaci\u00f3n y la sustentabilidad en la industria nacional.<\/p>\n<p>&nbsp;<\/p>\n<p>&nbsp;<\/p>\n<p><i>Para enterarte de m\u00e1s novedades, no dejes de leer\u00a0<\/i><a href=\"https:\/\/autofans.thebrandsoup.com\/\"><i>nuestras notas<\/i><\/a><i>, de ver<\/i><b><i>\u00a0<\/i><\/b><a href=\"https:\/\/www.youtube.com\/channel\/UCgAC8UGHZYbT6P7PpmVnP7g\"><b><i>AUTOFANS TV<\/i><\/b><\/a><b><i>\u00a0<\/i><\/b><i>en nuestro\u00a0canal de Youtube. Adem\u00e1s seguinos en\u00a0<\/i><a href=\"https:\/\/www.instagram.com\/autofanstv\/\"><i>INSTAGRAM<\/i><\/a><i> y <\/i><a href=\"https:\/\/www.facebook.com\/autofansmas\/\"><i>FACEBOOK<\/i><\/a><i> para no perderte nada sobre las novedades del segmento automotor de Argentina y el mundo.<\/i><\/p>\n","protected":false},"excerpt":{"rendered":"<p>IVECO, con 55 a\u00f1os en Argentina, reafirma su compromiso con la industria energ\u00e9tica al participar&#8230;<\/p>\n","protected":false},"author":2,"featured_media":9520,"comment_status":"closed","ping_status":"closed","sticky":false,"template":"","format":"standard","meta":{"footnotes":""},"categories":[16,10],"tags":[5128,5126,5125,5129,3591,5130,2511,5127],"class_list":["post-9518","post","type-post","status-publish","format-standard","has-post-thumbnail","hentry","category-noticias","category-utilitarios-y-pesados-lanzamientos","tag-camiones-gnc","tag-energia-sustentable","tag-expo-oil-gas-patagonia-2024","tag-hi-road","tag-iveco-argentina","tag-tector-gnc","tag-trakker-hi-land","tag-transporte-oil-gas"],"yoast_head":"<!-- This site is optimized with the Yoast SEO plugin v27.5 - https:\/\/yoast.com\/product\/yoast-seo-wordpress\/ -->\n<title>IVECO impulsa la sustentabilidad en el sector energ\u00e9tico desde Expo Oil &amp; Gas Patagonia -<\/title>\n<meta name=\"description\" content=\"IVECO, con 55 a\u00f1os en Argentina, reafirma su compromiso con la industria energ\u00e9tica al participar en la Expo Oil &amp; Gas Patagonia 2024...\" \/>\n<meta name=\"robots\" content=\"index, follow, max-snippet:-1, max-image-preview:large, max-video-preview:-1\" \/>\n<link rel=\"canonical\" href=\"https:\/\/autofans.com.ar\/index.php\/2024\/10\/28\/iveco-impulsa-la-sustentabilidad-en-el-sector-energetico-desde-expo-oil-gas-patagonia\/\" \/>\n<meta property=\"og:locale\" content=\"es_ES\" \/>\n<meta property=\"og:type\" content=\"article\" \/>\n<meta property=\"og:title\" content=\"IVECO impulsa la sustentabilidad en el sector energ\u00e9tico desde Expo Oil &amp; Gas Patagonia -\" \/>\n<meta property=\"og:description\" content=\"IVECO, con 55 a\u00f1os en Argentina, reafirma su compromiso con la industria energ\u00e9tica al participar en la Expo Oil &amp; Gas Patagonia 2024...\" \/>\n<meta property=\"og:url\" content=\"https:\/\/autofans.com.ar\/index.php\/2024\/10\/28\/iveco-impulsa-la-sustentabilidad-en-el-sector-energetico-desde-expo-oil-gas-patagonia\/\" \/>\n<meta property=\"article:published_time\" content=\"2024-10-28T23:11:28+00:00\" \/>\n<meta property=\"og:image\" content=\"https:\/\/autofans.com.ar\/wp-content\/uploads\/2024\/10\/iveco-3.jpg\" \/>\n\t<meta property=\"og:image:width\" content=\"640\" \/>\n\t<meta property=\"og:image:height\" content=\"427\" \/>\n\t<meta property=\"og:image:type\" content=\"image\/jpeg\" \/>\n<meta name=\"author\" content=\"Alejandro Gabriel Rosito\" \/>\n<meta name=\"twitter:card\" content=\"summary_large_image\" \/>\n<meta name=\"twitter:label1\" content=\"Escrito por\" \/>\n\t<meta name=\"twitter:data1\" content=\"Alejandro Gabriel Rosito\" \/>\n\t<meta name=\"twitter:label2\" content=\"Tiempo de lectura\" \/>\n\t<meta name=\"twitter:data2\" content=\"2 minutos\" \/>\n<script type=\"application\/ld+json\" class=\"yoast-schema-graph\">{\"@context\":\"https:\\\/\\\/schema.org\",\"@graph\":[{\"@type\":\"Article\",\"@id\":\"https:\\\/\\\/autofans.com.ar\\\/index.php\\\/2024\\\/10\\\/28\\\/iveco-impulsa-la-sustentabilidad-en-el-sector-energetico-desde-expo-oil-gas-patagonia\\\/#article\",\"isPartOf\":{\"@id\":\"https:\\\/\\\/autofans.com.ar\\\/index.php\\\/2024\\\/10\\\/28\\\/iveco-impulsa-la-sustentabilidad-en-el-sector-energetico-desde-expo-oil-gas-patagonia\\\/\"},\"author\":{\"name\":\"Alejandro Gabriel Rosito\",\"@id\":\"https:\\\/\\\/autofans.com.ar\\\/#\\\/schema\\\/person\\\/4a8dda0b6df83ac3d6723e921274c2aa\"},\"headline\":\"IVECO impulsa la sustentabilidad en el sector energ\u00e9tico desde Expo Oil &#038; Gas Patagonia\",\"datePublished\":\"2024-10-28T23:11:28+00:00\",\"mainEntityOfPage\":{\"@id\":\"https:\\\/\\\/autofans.com.ar\\\/index.php\\\/2024\\\/10\\\/28\\\/iveco-impulsa-la-sustentabilidad-en-el-sector-energetico-desde-expo-oil-gas-patagonia\\\/\"},\"wordCount\":412,\"image\":{\"@id\":\"https:\\\/\\\/autofans.com.ar\\\/index.php\\\/2024\\\/10\\\/28\\\/iveco-impulsa-la-sustentabilidad-en-el-sector-energetico-desde-expo-oil-gas-patagonia\\\/#primaryimage\"},\"thumbnailUrl\":\"https:\\\/\\\/autofans.com.ar\\\/wp-content\\\/uploads\\\/2024\\\/10\\\/iveco-3.jpg\",\"keywords\":[\"camiones GNC\",\"energ\u00eda sustentable\",\"Expo Oil &amp; Gas Patagonia 2024\",\"Hi-Road\",\"IVECO Argentina\",\"Tector GNC\",\"Trakker Hi-Land\",\"transporte Oil &amp; Gas\"],\"articleSection\":[\"NOTICIAS\",\"Pick Ups, Utilitarios y Pesados\"],\"inLanguage\":\"es\"},{\"@type\":\"WebPage\",\"@id\":\"https:\\\/\\\/autofans.com.ar\\\/index.php\\\/2024\\\/10\\\/28\\\/iveco-impulsa-la-sustentabilidad-en-el-sector-energetico-desde-expo-oil-gas-patagonia\\\/\",\"url\":\"https:\\\/\\\/autofans.com.ar\\\/index.php\\\/2024\\\/10\\\/28\\\/iveco-impulsa-la-sustentabilidad-en-el-sector-energetico-desde-expo-oil-gas-patagonia\\\/\",\"name\":\"IVECO impulsa la sustentabilidad en el sector energ\u00e9tico desde Expo Oil & Gas Patagonia -\",\"isPartOf\":{\"@id\":\"https:\\\/\\\/autofans.com.ar\\\/#website\"},\"primaryImageOfPage\":{\"@id\":\"https:\\\/\\\/autofans.com.ar\\\/index.php\\\/2024\\\/10\\\/28\\\/iveco-impulsa-la-sustentabilidad-en-el-sector-energetico-desde-expo-oil-gas-patagonia\\\/#primaryimage\"},\"image\":{\"@id\":\"https:\\\/\\\/autofans.com.ar\\\/index.php\\\/2024\\\/10\\\/28\\\/iveco-impulsa-la-sustentabilidad-en-el-sector-energetico-desde-expo-oil-gas-patagonia\\\/#primaryimage\"},\"thumbnailUrl\":\"https:\\\/\\\/autofans.com.ar\\\/wp-content\\\/uploads\\\/2024\\\/10\\\/iveco-3.jpg\",\"datePublished\":\"2024-10-28T23:11:28+00:00\",\"author\":{\"@id\":\"https:\\\/\\\/autofans.com.ar\\\/#\\\/schema\\\/person\\\/4a8dda0b6df83ac3d6723e921274c2aa\"},\"description\":\"IVECO, con 55 a\u00f1os en Argentina, reafirma su compromiso con la industria energ\u00e9tica al participar en la Expo Oil & Gas Patagonia 2024...\",\"breadcrumb\":{\"@id\":\"https:\\\/\\\/autofans.com.ar\\\/index.php\\\/2024\\\/10\\\/28\\\/iveco-impulsa-la-sustentabilidad-en-el-sector-energetico-desde-expo-oil-gas-patagonia\\\/#breadcrumb\"},\"inLanguage\":\"es\",\"potentialAction\":[{\"@type\":\"ReadAction\",\"target\":[\"https:\\\/\\\/autofans.com.ar\\\/index.php\\\/2024\\\/10\\\/28\\\/iveco-impulsa-la-sustentabilidad-en-el-sector-energetico-desde-expo-oil-gas-patagonia\\\/\"]}]},{\"@type\":\"ImageObject\",\"inLanguage\":\"es\",\"@id\":\"https:\\\/\\\/autofans.com.ar\\\/index.php\\\/2024\\\/10\\\/28\\\/iveco-impulsa-la-sustentabilidad-en-el-sector-energetico-desde-expo-oil-gas-patagonia\\\/#primaryimage\",\"url\":\"https:\\\/\\\/autofans.com.ar\\\/wp-content\\\/uploads\\\/2024\\\/10\\\/iveco-3.jpg\",\"contentUrl\":\"https:\\\/\\\/autofans.com.ar\\\/wp-content\\\/uploads\\\/2024\\\/10\\\/iveco-3.jpg\",\"width\":1000,\"height\":667,\"caption\":\"Iveco\"},{\"@type\":\"BreadcrumbList\",\"@id\":\"https:\\\/\\\/autofans.com.ar\\\/index.php\\\/2024\\\/10\\\/28\\\/iveco-impulsa-la-sustentabilidad-en-el-sector-energetico-desde-expo-oil-gas-patagonia\\\/#breadcrumb\",\"itemListElement\":[{\"@type\":\"ListItem\",\"position\":1,\"name\":\"Inicio\",\"item\":\"https:\\\/\\\/autofans.com.ar\\\/\"},{\"@type\":\"ListItem\",\"position\":2,\"name\":\"IVECO impulsa la sustentabilidad en el sector energ\u00e9tico desde Expo Oil &#038; Gas Patagonia\"}]},{\"@type\":\"WebSite\",\"@id\":\"https:\\\/\\\/autofans.com.ar\\\/#website\",\"url\":\"https:\\\/\\\/autofans.com.ar\\\/\",\"name\":\"\",\"description\":\"El multimedio referente de la industria automotriz\",\"potentialAction\":[{\"@type\":\"SearchAction\",\"target\":{\"@type\":\"EntryPoint\",\"urlTemplate\":\"https:\\\/\\\/autofans.com.ar\\\/?s={search_term_string}\"},\"query-input\":{\"@type\":\"PropertyValueSpecification\",\"valueRequired\":true,\"valueName\":\"search_term_string\"}}],\"inLanguage\":\"es\"},{\"@type\":\"Person\",\"@id\":\"https:\\\/\\\/autofans.com.ar\\\/#\\\/schema\\\/person\\\/4a8dda0b6df83ac3d6723e921274c2aa\",\"name\":\"Alejandro Gabriel Rosito\",\"image\":{\"@type\":\"ImageObject\",\"inLanguage\":\"es\",\"@id\":\"https:\\\/\\\/secure.gravatar.com\\\/avatar\\\/16c5dda1489adfc62618084dcbb91cffd879c374b13fe5dd8e44ed6733852c88?s=96&d=mm&r=g\",\"url\":\"https:\\\/\\\/secure.gravatar.com\\\/avatar\\\/16c5dda1489adfc62618084dcbb91cffd879c374b13fe5dd8e44ed6733852c88?s=96&d=mm&r=g\",\"contentUrl\":\"https:\\\/\\\/secure.gravatar.com\\\/avatar\\\/16c5dda1489adfc62618084dcbb91cffd879c374b13fe5dd8e44ed6733852c88?s=96&d=mm&r=g\",\"caption\":\"Alejandro Gabriel Rosito\"},\"url\":\"https:\\\/\\\/autofans.com.ar\\\/index.php\\\/author\\\/gabrielr\\\/\"}]}<\/script>\n<!-- \/ Yoast SEO plugin. -->","yoast_head_json":{"title":"IVECO impulsa la sustentabilidad en el sector energ\u00e9tico desde Expo Oil & Gas Patagonia -","description":"IVECO, con 55 a\u00f1os en Argentina, reafirma su compromiso con la industria energ\u00e9tica al participar en la Expo Oil & Gas Patagonia 2024...","robots":{"index":"index","follow":"follow","max-snippet":"max-snippet:-1","max-image-preview":"max-image-preview:large","max-video-preview":"max-video-preview:-1"},"canonical":"https:\/\/autofans.com.ar\/index.php\/2024\/10\/28\/iveco-impulsa-la-sustentabilidad-en-el-sector-energetico-desde-expo-oil-gas-patagonia\/","og_locale":"es_ES","og_type":"article","og_title":"IVECO impulsa la sustentabilidad en el sector energ\u00e9tico desde Expo Oil & Gas Patagonia -","og_description":"IVECO, con 55 a\u00f1os en Argentina, reafirma su compromiso con la industria energ\u00e9tica al participar en la Expo Oil & Gas Patagonia 2024...","og_url":"https:\/\/autofans.com.ar\/index.php\/2024\/10\/28\/iveco-impulsa-la-sustentabilidad-en-el-sector-energetico-desde-expo-oil-gas-patagonia\/","article_published_time":"2024-10-28T23:11:28+00:00","og_image":[{"url":"https:\/\/autofans.com.ar\/wp-content\/uploads\/2024\/10\/iveco-3.jpg","width":640,"height":427,"type":"image\/jpeg"}],"author":"Alejandro Gabriel Rosito","twitter_card":"summary_large_image","twitter_misc":{"Escrito por":"Alejandro Gabriel Rosito","Tiempo de lectura":"2 minutos"},"schema":{"@context":"https:\/\/schema.org","@graph":[{"@type":"Article","@id":"https:\/\/autofans.com.ar\/index.php\/2024\/10\/28\/iveco-impulsa-la-sustentabilidad-en-el-sector-energetico-desde-expo-oil-gas-patagonia\/#article","isPartOf":{"@id":"https:\/\/autofans.com.ar\/index.php\/2024\/10\/28\/iveco-impulsa-la-sustentabilidad-en-el-sector-energetico-desde-expo-oil-gas-patagonia\/"},"author":{"name":"Alejandro Gabriel Rosito","@id":"https:\/\/autofans.com.ar\/#\/schema\/person\/4a8dda0b6df83ac3d6723e921274c2aa"},"headline":"IVECO impulsa la sustentabilidad en el sector energ\u00e9tico desde Expo Oil &#038; Gas Patagonia","datePublished":"2024-10-28T23:11:28+00:00","mainEntityOfPage":{"@id":"https:\/\/autofans.com.ar\/index.php\/2024\/10\/28\/iveco-impulsa-la-sustentabilidad-en-el-sector-energetico-desde-expo-oil-gas-patagonia\/"},"wordCount":412,"image":{"@id":"https:\/\/autofans.com.ar\/index.php\/2024\/10\/28\/iveco-impulsa-la-sustentabilidad-en-el-sector-energetico-desde-expo-oil-gas-patagonia\/#primaryimage"},"thumbnailUrl":"https:\/\/autofans.com.ar\/wp-content\/uploads\/2024\/10\/iveco-3.jpg","keywords":["camiones GNC","energ\u00eda sustentable","Expo Oil &amp; Gas Patagonia 2024","Hi-Road","IVECO Argentina","Tector GNC","Trakker Hi-Land","transporte Oil &amp; Gas"],"articleSection":["NOTICIAS","Pick Ups, Utilitarios y Pesados"],"inLanguage":"es"},{"@type":"WebPage","@id":"https:\/\/autofans.com.ar\/index.php\/2024\/10\/28\/iveco-impulsa-la-sustentabilidad-en-el-sector-energetico-desde-expo-oil-gas-patagonia\/","url":"https:\/\/autofans.com.ar\/index.php\/2024\/10\/28\/iveco-impulsa-la-sustentabilidad-en-el-sector-energetico-desde-expo-oil-gas-patagonia\/","name":"IVECO impulsa la sustentabilidad en el sector energ\u00e9tico desde Expo Oil & Gas Patagonia -","isPartOf":{"@id":"https:\/\/autofans.com.ar\/#website"},"primaryImageOfPage":{"@id":"https:\/\/autofans.com.ar\/index.php\/2024\/10\/28\/iveco-impulsa-la-sustentabilidad-en-el-sector-energetico-desde-expo-oil-gas-patagonia\/#primaryimage"},"image":{"@id":"https:\/\/autofans.com.ar\/index.php\/2024\/10\/28\/iveco-impulsa-la-sustentabilidad-en-el-sector-energetico-desde-expo-oil-gas-patagonia\/#primaryimage"},"thumbnailUrl":"https:\/\/autofans.com.ar\/wp-content\/uploads\/2024\/10\/iveco-3.jpg","datePublished":"2024-10-28T23:11:28+00:00","author":{"@id":"https:\/\/autofans.com.ar\/#\/schema\/person\/4a8dda0b6df83ac3d6723e921274c2aa"},"description":"IVECO, con 55 a\u00f1os en Argentina, reafirma su compromiso con la industria energ\u00e9tica al participar en la Expo Oil & Gas Patagonia 2024...","breadcrumb":{"@id":"https:\/\/autofans.com.ar\/index.php\/2024\/10\/28\/iveco-impulsa-la-sustentabilidad-en-el-sector-energetico-desde-expo-oil-gas-patagonia\/#breadcrumb"},"inLanguage":"es","potentialAction":[{"@type":"ReadAction","target":["https:\/\/autofans.com.ar\/index.php\/2024\/10\/28\/iveco-impulsa-la-sustentabilidad-en-el-sector-energetico-desde-expo-oil-gas-patagonia\/"]}]},{"@type":"ImageObject","inLanguage":"es","@id":"https:\/\/autofans.com.ar\/index.php\/2024\/10\/28\/iveco-impulsa-la-sustentabilidad-en-el-sector-energetico-desde-expo-oil-gas-patagonia\/#primaryimage","url":"https:\/\/autofans.com.ar\/wp-content\/uploads\/2024\/10\/iveco-3.jpg","contentUrl":"https:\/\/autofans.com.ar\/wp-content\/uploads\/2024\/10\/iveco-3.jpg","width":1000,"height":667,"caption":"Iveco"},{"@type":"BreadcrumbList","@id":"https:\/\/autofans.com.ar\/index.php\/2024\/10\/28\/iveco-impulsa-la-sustentabilidad-en-el-sector-energetico-desde-expo-oil-gas-patagonia\/#breadcrumb","itemListElement":[{"@type":"ListItem","position":1,"name":"Inicio","item":"https:\/\/autofans.com.ar\/"},{"@type":"ListItem","position":2,"name":"IVECO impulsa la sustentabilidad en el sector energ\u00e9tico desde Expo Oil &#038; Gas Patagonia"}]},{"@type":"WebSite","@id":"https:\/\/autofans.com.ar\/#website","url":"https:\/\/autofans.com.ar\/","name":"","description":"El multimedio referente de la industria automotriz","potentialAction":[{"@type":"SearchAction","target":{"@type":"EntryPoint","urlTemplate":"https:\/\/autofans.com.ar\/?s={search_term_string}"},"query-input":{"@type":"PropertyValueSpecification","valueRequired":true,"valueName":"search_term_string"}}],"inLanguage":"es"},{"@type":"Person","@id":"https:\/\/autofans.com.ar\/#\/schema\/person\/4a8dda0b6df83ac3d6723e921274c2aa","name":"Alejandro Gabriel Rosito","image":{"@type":"ImageObject","inLanguage":"es","@id":"https:\/\/secure.gravatar.com\/avatar\/16c5dda1489adfc62618084dcbb91cffd879c374b13fe5dd8e44ed6733852c88?s=96&d=mm&r=g","url":"https:\/\/secure.gravatar.com\/avatar\/16c5dda1489adfc62618084dcbb91cffd879c374b13fe5dd8e44ed6733852c88?s=96&d=mm&r=g","contentUrl":"https:\/\/secure.gravatar.com\/avatar\/16c5dda1489adfc62618084dcbb91cffd879c374b13fe5dd8e44ed6733852c88?s=96&d=mm&r=g","caption":"Alejandro Gabriel Rosito"},"url":"https:\/\/autofans.com.ar\/index.php\/author\/gabrielr\/"}]}},"featured_image_urls":{"full":["https:\/\/autofans.com.ar\/wp-content\/uploads\/2024\/10\/iveco-3.jpg",1000,667,false],"thumbnail":["https:\/\/autofans.com.ar\/wp-content\/uploads\/2024\/10\/iveco-3-150x150.jpg",150,150,true],"medium":["https:\/\/autofans.com.ar\/wp-content\/uploads\/2024\/10\/iveco-3-300x200.jpg",300,200,true],"medium_large":["https:\/\/autofans.com.ar\/wp-content\/uploads\/2024\/10\/iveco-3-768x512.jpg",640,427,true],"large":["https:\/\/autofans.com.ar\/wp-content\/uploads\/2024\/10\/iveco-3.jpg",640,427,false],"1536x1536":["https:\/\/autofans.com.ar\/wp-content\/uploads\/2024\/10\/iveco-3.jpg",1000,667,false],"2048x2048":["https:\/\/autofans.com.ar\/wp-content\/uploads\/2024\/10\/iveco-3.jpg",1000,667,false],"covernews-featured":["https:\/\/autofans.com.ar\/wp-content\/uploads\/2024\/10\/iveco-3.jpg",1000,667,false],"covernews-medium":["https:\/\/autofans.com.ar\/wp-content\/uploads\/2024\/10\/iveco-3-540x340.jpg",540,340,true]},"author_info":{"display_name":"Alejandro Gabriel Rosito","author_link":"https:\/\/autofans.com.ar\/index.php\/author\/gabrielr\/"},"category_info":"<a href=\"https:\/\/autofans.com.ar\/index.php\/category\/noticias\/\" rel=\"category tag\">NOTICIAS<\/a> <a href=\"https:\/\/autofans.com.ar\/index.php\/category\/lanzamientos\/utilitarios-y-pesados-lanzamientos\/\" rel=\"category tag\">Pick Ups, Utilitarios y Pesados<\/a>","tag_info":"Pick Ups, Utilitarios y Pesados","comment_count":0,"_links":{"self":[{"href":"https:\/\/autofans.com.ar\/index.php\/wp-json\/wp\/v2\/posts\/9518","targetHints":{"allow":["GET"]}}],"collection":[{"href":"https:\/\/autofans.com.ar\/index.php\/wp-json\/wp\/v2\/posts"}],"about":[{"href":"https:\/\/autofans.com.ar\/index.php\/wp-json\/wp\/v2\/types\/post"}],"author":[{"embeddable":true,"href":"https:\/\/autofans.com.ar\/index.php\/wp-json\/wp\/v2\/users\/2"}],"replies":[{"embeddable":true,"href":"https:\/\/autofans.com.ar\/index.php\/wp-json\/wp\/v2\/comments?post=9518"}],"version-history":[{"count":2,"href":"https:\/\/autofans.com.ar\/index.php\/wp-json\/wp\/v2\/posts\/9518\/revisions"}],"predecessor-version":[{"id":9524,"href":"https:\/\/autofans.com.ar\/index.php\/wp-json\/wp\/v2\/posts\/9518\/revisions\/9524"}],"wp:featuredmedia":[{"embeddable":true,"href":"https:\/\/autofans.com.ar\/index.php\/wp-json\/wp\/v2\/media\/9520"}],"wp:attachment":[{"href":"https:\/\/autofans.com.ar\/index.php\/wp-json\/wp\/v2\/media?parent=9518"}],"wp:term":[{"taxonomy":"category","embeddable":true,"href":"https:\/\/autofans.com.ar\/index.php\/wp-json\/wp\/v2\/categories?post=9518"},{"taxonomy":"post_tag","embeddable":true,"href":"https:\/\/autofans.com.ar\/index.php\/wp-json\/wp\/v2\/tags?post=9518"}],"curies":[{"name":"wp","href":"https:\/\/api.w.org\/{rel}","templated":true}]}}