{"id":954,"date":"2023-03-21T13:16:37","date_gmt":"2023-03-21T16:16:37","guid":{"rendered":"https:\/\/autofans.com.ar\/?p=954"},"modified":"2023-03-21T13:28:04","modified_gmt":"2023-03-21T16:28:04","slug":"el-i-cockpit-de-peugeot-cumple-10-anos","status":"publish","type":"post","link":"https:\/\/autofans.com.ar\/index.php\/2023\/03\/21\/el-i-cockpit-de-peugeot-cumple-10-anos\/","title":{"rendered":"El i-Cockpit\u00ae de Peugeot cumple 10 a\u00f1os"},"content":{"rendered":"<p>El i-Cockpit\u00ae de Peugeot cumple 10 a\u00f1os desde su presentaci\u00f3n en la primera generaci\u00f3n del PEUGEOT 208. Es un buen momento para recordar c\u00f3mo esta innovaci\u00f3n ha cambiado la experiencia de conducci\u00f3n. Desde entonces, se han fabricado casi 10 millones de unidades con el i-Cockpit\u00ae, lo que ha mejorado las sensaciones de conducci\u00f3n, la seguridad y el confort.\u00a0El i-Cockpit\u00ae se ha convertido en una caracter\u00edstica distintiva en cada nuevo <a href=\"https:\/\/www.peugeot.com.ar\" target=\"_blank\" rel=\"noopener\">Peugeot<\/a>, y su dise\u00f1o \u00fanico e innovador ha creado un ambiente interior m\u00e1s emotivo. La ergonom\u00eda revolucionaria ha dado a los autos con Peugeot i-Cockpit\u00ae una sensaci\u00f3n \u00fanica. Adem\u00e1s, la experiencia de conducci\u00f3n incomparable e intuitiva con una direcci\u00f3n \u00e1gil ha convertido al i-Cockpit\u00ae en un elemento fundamental de la marca.<\/p>\n<p>&nbsp;<\/p>\n<p><img fetchpriority=\"high\" decoding=\"async\" class=\"aligncenter wp-image-958 size-full\" src=\"https:\/\/autofans.com.ar\/wp-content\/uploads\/2023\/03\/El-i-Cockpit-int2-jpg.webp\" alt=\"i-Cockpi\" width=\"1000\" height=\"667\" srcset=\"https:\/\/autofans.com.ar\/wp-content\/uploads\/2023\/03\/El-i-Cockpit-int2-jpg.webp 1000w, https:\/\/autofans.com.ar\/wp-content\/uploads\/2023\/03\/El-i-Cockpit-int2-300x200.webp 300w, https:\/\/autofans.com.ar\/wp-content\/uploads\/2023\/03\/El-i-Cockpit-int2-768x512.webp 768w\" sizes=\"(max-width: 1000px) 100vw, 1000px\" \/><\/p>\n<p>Por otra parte el <a href=\"https:\/\/www.peugeot.com.ar\/marca\/innovacion\/peugeot-icockpit.html\" target=\"_blank\" rel=\"noopener\">i-Cockpit\u00ae<\/a> consta de tres elementos fundamentales que no han cambiado desde su creaci\u00f3n: un volante compacto, una pantalla elevada y una gran pantalla t\u00e1ctil central. Mientras que la pantalla elevada permite al conductor ver toda la informaci\u00f3n relacionada con la conducci\u00f3n mientras mantiene la vista en el camino.<\/p>\n<p>&nbsp;<\/p>\n<p><img decoding=\"async\" class=\"aligncenter wp-image-956 size-full\" src=\"https:\/\/autofans.com.ar\/wp-content\/uploads\/2023\/03\/El-i-Cockpit-3-jpg.webp\" alt=\"i-Cockpi\" width=\"1000\" height=\"667\" srcset=\"https:\/\/autofans.com.ar\/wp-content\/uploads\/2023\/03\/El-i-Cockpit-3-jpg.webp 1000w, https:\/\/autofans.com.ar\/wp-content\/uploads\/2023\/03\/El-i-Cockpit-3-300x200.webp 300w, https:\/\/autofans.com.ar\/wp-content\/uploads\/2023\/03\/El-i-Cockpit-3-768x512.webp 768w\" sizes=\"(max-width: 1000px) 100vw, 1000px\" \/><\/p>\n<p>En definitiva la historia del i-Cockpit\u00ae comenz\u00f3 con la presentaci\u00f3n del concept car PEUGEOT SR1 en el Sal\u00f3n Internacional del Autom\u00f3vil de Ginebra en 2010. Mientras los equipos de Peugeot buscaban desarrollar una arquitectura interior m\u00e1s emocional, pero ergon\u00f3mica y confortable. Un peque\u00f1o equipo de dise\u00f1adores e ingenieros se puso a trabajar y r\u00e1pidamente surgi\u00f3 la propuesta de un volante m\u00e1s peque\u00f1o. Este nuevo enfoque m\u00e1s ergon\u00f3mico se combin\u00f3 con una pantalla t\u00e1ctil, lo que hizo que los controles fueran mucho m\u00e1s simples de operar.<\/p>\n<p>El i-Cockpit\u00ae es ahora una caracter\u00edstica distintiva en cada nuevo Peugeot y ha demostrado ser un \u00e9xito duradero.<\/p>\n<p>&nbsp;<\/p>\n<p><i>Para enterarte de m\u00e1s novedades, no dejes de leer\u00a0<\/i><a href=\"https:\/\/autofans.thebrandsoup.com\/\"><i>nuestras notas<\/i><\/a><i>, de ver<\/i><b><i>\u00a0<\/i><\/b><a href=\"https:\/\/www.youtube.com\/channel\/UCgAC8UGHZYbT6P7PpmVnP7g\"><b><i>AUTOFANS TV<\/i><\/b><\/a><b><i>\u00a0<\/i><\/b><i>en nuestro\u00a0canal de Youtube. Adem\u00e1s seguinos en\u00a0<\/i><a href=\"https:\/\/www.instagram.com\/autofanstv\/\"><i>INSTAGRAM<\/i><\/a><i> y <\/i><a href=\"https:\/\/www.facebook.com\/autofansmas\/\"><i>FACEBOOK<\/i><\/a><i> para no perderte nada sobre las novedades del segmento automotor de Argentina y el mundo.<\/i><\/p>\n","protected":false},"excerpt":{"rendered":"<p>El i-Cockpit\u00ae de Peugeot cumple 10 a\u00f1os desde su presentaci\u00f3n en la primera generaci\u00f3n del&#8230;<\/p>\n","protected":false},"author":2,"featured_media":957,"comment_status":"closed","ping_status":"closed","sticky":false,"template":"","format":"standard","meta":{"footnotes":""},"categories":[218,16],"tags":[213,416,417,415,414,413,412,291],"class_list":["post-954","post","type-post","status-publish","format-standard","has-post-thumbnail","hentry","category-autotecno","category-noticias","tag-innovacion","tag-concepto","tag-conducir","tag-diseno","tag-ergonomia","tag-i-cockpit","tag-peugeot","tag-peugeot-argentina"],"yoast_head":"<!-- This site is optimized with the Yoast SEO plugin v27.5 - https:\/\/yoast.com\/product\/yoast-seo-wordpress\/ -->\n<title>El i-Cockpit\u00ae de Peugeot cumple 10 a\u00f1os -<\/title>\n<meta name=\"description\" content=\"El i-Cockpit\u00ae de Peugeot cumple 10 a\u00f1os desde su presentaci\u00f3n en la primera generaci\u00f3n del PEUGEOT 208 y es un buen momento para recordarlo.\" \/>\n<meta name=\"robots\" content=\"index, follow, max-snippet:-1, max-image-preview:large, max-video-preview:-1\" \/>\n<link rel=\"canonical\" href=\"https:\/\/autofans.com.ar\/index.php\/2023\/03\/21\/el-i-cockpit-de-peugeot-cumple-10-anos\/\" \/>\n<meta property=\"og:locale\" content=\"es_ES\" \/>\n<meta property=\"og:type\" content=\"article\" \/>\n<meta property=\"og:title\" content=\"El i-Cockpit\u00ae de Peugeot cumple 10 a\u00f1os -\" \/>\n<meta property=\"og:description\" content=\"El i-Cockpit\u00ae de Peugeot cumple 10 a\u00f1os desde su presentaci\u00f3n en la primera generaci\u00f3n del PEUGEOT 208 y es un buen momento para recordarlo.\" \/>\n<meta property=\"og:url\" content=\"https:\/\/autofans.com.ar\/index.php\/2023\/03\/21\/el-i-cockpit-de-peugeot-cumple-10-anos\/\" \/>\n<meta property=\"article:published_time\" content=\"2023-03-21T16:16:37+00:00\" \/>\n<meta property=\"article:modified_time\" content=\"2023-03-21T16:28:04+00:00\" \/>\n<meta property=\"og:image\" content=\"https:\/\/autofans.com.ar\/wp-content\/uploads\/2023\/03\/El-i-Cockpit-int-jpg.webp\" \/>\n\t<meta property=\"og:image:width\" content=\"1000\" \/>\n\t<meta property=\"og:image:height\" content=\"667\" \/>\n\t<meta property=\"og:image:type\" content=\"image\/jpeg\" \/>\n<meta name=\"author\" content=\"Alejandro Gabriel Rosito\" \/>\n<meta name=\"twitter:card\" content=\"summary_large_image\" \/>\n<meta name=\"twitter:label1\" content=\"Escrito por\" \/>\n\t<meta name=\"twitter:data1\" content=\"Alejandro Gabriel Rosito\" \/>\n\t<meta name=\"twitter:label2\" content=\"Tiempo de lectura\" \/>\n\t<meta name=\"twitter:data2\" content=\"2 minutos\" \/>\n<script type=\"application\/ld+json\" class=\"yoast-schema-graph\">{\"@context\":\"https:\\\/\\\/schema.org\",\"@graph\":[{\"@type\":\"Article\",\"@id\":\"https:\\\/\\\/autofans.com.ar\\\/index.php\\\/2023\\\/03\\\/21\\\/el-i-cockpit-de-peugeot-cumple-10-anos\\\/#article\",\"isPartOf\":{\"@id\":\"https:\\\/\\\/autofans.com.ar\\\/index.php\\\/2023\\\/03\\\/21\\\/el-i-cockpit-de-peugeot-cumple-10-anos\\\/\"},\"author\":{\"name\":\"Alejandro Gabriel Rosito\",\"@id\":\"https:\\\/\\\/autofans.com.ar\\\/#\\\/schema\\\/person\\\/4a8dda0b6df83ac3d6723e921274c2aa\"},\"headline\":\"El i-Cockpit\u00ae de Peugeot cumple 10 a\u00f1os\",\"datePublished\":\"2023-03-21T16:16:37+00:00\",\"dateModified\":\"2023-03-21T16:28:04+00:00\",\"mainEntityOfPage\":{\"@id\":\"https:\\\/\\\/autofans.com.ar\\\/index.php\\\/2023\\\/03\\\/21\\\/el-i-cockpit-de-peugeot-cumple-10-anos\\\/\"},\"wordCount\":359,\"image\":{\"@id\":\"https:\\\/\\\/autofans.com.ar\\\/index.php\\\/2023\\\/03\\\/21\\\/el-i-cockpit-de-peugeot-cumple-10-anos\\\/#primaryimage\"},\"thumbnailUrl\":\"https:\\\/\\\/autofans.com.ar\\\/wp-content\\\/uploads\\\/2023\\\/03\\\/El-i-Cockpit-int-jpg.webp\",\"keywords\":[\"#innovaci\u00f3n\",\"concepto\",\"conducir\",\"dise\u00f1o\",\"ergonom\u00eda\",\"i-Cockpit\u00ae\",\"Peugeot\",\"PEUGEOT argentina\"],\"articleSection\":[\"AUTOTECNO\",\"NOTICIAS\"],\"inLanguage\":\"es\"},{\"@type\":\"WebPage\",\"@id\":\"https:\\\/\\\/autofans.com.ar\\\/index.php\\\/2023\\\/03\\\/21\\\/el-i-cockpit-de-peugeot-cumple-10-anos\\\/\",\"url\":\"https:\\\/\\\/autofans.com.ar\\\/index.php\\\/2023\\\/03\\\/21\\\/el-i-cockpit-de-peugeot-cumple-10-anos\\\/\",\"name\":\"El i-Cockpit\u00ae de Peugeot cumple 10 a\u00f1os -\",\"isPartOf\":{\"@id\":\"https:\\\/\\\/autofans.com.ar\\\/#website\"},\"primaryImageOfPage\":{\"@id\":\"https:\\\/\\\/autofans.com.ar\\\/index.php\\\/2023\\\/03\\\/21\\\/el-i-cockpit-de-peugeot-cumple-10-anos\\\/#primaryimage\"},\"image\":{\"@id\":\"https:\\\/\\\/autofans.com.ar\\\/index.php\\\/2023\\\/03\\\/21\\\/el-i-cockpit-de-peugeot-cumple-10-anos\\\/#primaryimage\"},\"thumbnailUrl\":\"https:\\\/\\\/autofans.com.ar\\\/wp-content\\\/uploads\\\/2023\\\/03\\\/El-i-Cockpit-int-jpg.webp\",\"datePublished\":\"2023-03-21T16:16:37+00:00\",\"dateModified\":\"2023-03-21T16:28:04+00:00\",\"author\":{\"@id\":\"https:\\\/\\\/autofans.com.ar\\\/#\\\/schema\\\/person\\\/4a8dda0b6df83ac3d6723e921274c2aa\"},\"description\":\"El i-Cockpit\u00ae de Peugeot cumple 10 a\u00f1os desde su presentaci\u00f3n en la primera generaci\u00f3n del PEUGEOT 208 y es un buen momento para recordarlo.\",\"breadcrumb\":{\"@id\":\"https:\\\/\\\/autofans.com.ar\\\/index.php\\\/2023\\\/03\\\/21\\\/el-i-cockpit-de-peugeot-cumple-10-anos\\\/#breadcrumb\"},\"inLanguage\":\"es\",\"potentialAction\":[{\"@type\":\"ReadAction\",\"target\":[\"https:\\\/\\\/autofans.com.ar\\\/index.php\\\/2023\\\/03\\\/21\\\/el-i-cockpit-de-peugeot-cumple-10-anos\\\/\"]}]},{\"@type\":\"ImageObject\",\"inLanguage\":\"es\",\"@id\":\"https:\\\/\\\/autofans.com.ar\\\/index.php\\\/2023\\\/03\\\/21\\\/el-i-cockpit-de-peugeot-cumple-10-anos\\\/#primaryimage\",\"url\":\"https:\\\/\\\/autofans.com.ar\\\/wp-content\\\/uploads\\\/2023\\\/03\\\/El-i-Cockpit-int-jpg.webp\",\"contentUrl\":\"https:\\\/\\\/autofans.com.ar\\\/wp-content\\\/uploads\\\/2023\\\/03\\\/El-i-Cockpit-int-jpg.webp\",\"width\":1000,\"height\":667,\"caption\":\"i-Cockpi\"},{\"@type\":\"BreadcrumbList\",\"@id\":\"https:\\\/\\\/autofans.com.ar\\\/index.php\\\/2023\\\/03\\\/21\\\/el-i-cockpit-de-peugeot-cumple-10-anos\\\/#breadcrumb\",\"itemListElement\":[{\"@type\":\"ListItem\",\"position\":1,\"name\":\"Inicio\",\"item\":\"https:\\\/\\\/autofans.com.ar\\\/\"},{\"@type\":\"ListItem\",\"position\":2,\"name\":\"El i-Cockpit\u00ae de Peugeot cumple 10 a\u00f1os\"}]},{\"@type\":\"WebSite\",\"@id\":\"https:\\\/\\\/autofans.com.ar\\\/#website\",\"url\":\"https:\\\/\\\/autofans.com.ar\\\/\",\"name\":\"\",\"description\":\"El multimedio referente de la industria automotriz\",\"potentialAction\":[{\"@type\":\"SearchAction\",\"target\":{\"@type\":\"EntryPoint\",\"urlTemplate\":\"https:\\\/\\\/autofans.com.ar\\\/?s={search_term_string}\"},\"query-input\":{\"@type\":\"PropertyValueSpecification\",\"valueRequired\":true,\"valueName\":\"search_term_string\"}}],\"inLanguage\":\"es\"},{\"@type\":\"Person\",\"@id\":\"https:\\\/\\\/autofans.com.ar\\\/#\\\/schema\\\/person\\\/4a8dda0b6df83ac3d6723e921274c2aa\",\"name\":\"Alejandro Gabriel Rosito\",\"image\":{\"@type\":\"ImageObject\",\"inLanguage\":\"es\",\"@id\":\"https:\\\/\\\/secure.gravatar.com\\\/avatar\\\/16c5dda1489adfc62618084dcbb91cffd879c374b13fe5dd8e44ed6733852c88?s=96&d=mm&r=g\",\"url\":\"https:\\\/\\\/secure.gravatar.com\\\/avatar\\\/16c5dda1489adfc62618084dcbb91cffd879c374b13fe5dd8e44ed6733852c88?s=96&d=mm&r=g\",\"contentUrl\":\"https:\\\/\\\/secure.gravatar.com\\\/avatar\\\/16c5dda1489adfc62618084dcbb91cffd879c374b13fe5dd8e44ed6733852c88?s=96&d=mm&r=g\",\"caption\":\"Alejandro Gabriel Rosito\"},\"url\":\"https:\\\/\\\/autofans.com.ar\\\/index.php\\\/author\\\/gabrielr\\\/\"}]}<\/script>\n<!-- \/ Yoast SEO plugin. -->","yoast_head_json":{"title":"El i-Cockpit\u00ae de Peugeot cumple 10 a\u00f1os -","description":"El i-Cockpit\u00ae de Peugeot cumple 10 a\u00f1os desde su presentaci\u00f3n en la primera generaci\u00f3n del PEUGEOT 208 y es un buen momento para recordarlo.","robots":{"index":"index","follow":"follow","max-snippet":"max-snippet:-1","max-image-preview":"max-image-preview:large","max-video-preview":"max-video-preview:-1"},"canonical":"https:\/\/autofans.com.ar\/index.php\/2023\/03\/21\/el-i-cockpit-de-peugeot-cumple-10-anos\/","og_locale":"es_ES","og_type":"article","og_title":"El i-Cockpit\u00ae de Peugeot cumple 10 a\u00f1os -","og_description":"El i-Cockpit\u00ae de Peugeot cumple 10 a\u00f1os desde su presentaci\u00f3n en la primera generaci\u00f3n del PEUGEOT 208 y es un buen momento para recordarlo.","og_url":"https:\/\/autofans.com.ar\/index.php\/2023\/03\/21\/el-i-cockpit-de-peugeot-cumple-10-anos\/","article_published_time":"2023-03-21T16:16:37+00:00","article_modified_time":"2023-03-21T16:28:04+00:00","og_image":[{"width":1000,"height":667,"url":"https:\/\/autofans.com.ar\/wp-content\/uploads\/2023\/03\/El-i-Cockpit-int-jpg.webp","type":"image\/jpeg"}],"author":"Alejandro Gabriel Rosito","twitter_card":"summary_large_image","twitter_misc":{"Escrito por":"Alejandro Gabriel Rosito","Tiempo de lectura":"2 minutos"},"schema":{"@context":"https:\/\/schema.org","@graph":[{"@type":"Article","@id":"https:\/\/autofans.com.ar\/index.php\/2023\/03\/21\/el-i-cockpit-de-peugeot-cumple-10-anos\/#article","isPartOf":{"@id":"https:\/\/autofans.com.ar\/index.php\/2023\/03\/21\/el-i-cockpit-de-peugeot-cumple-10-anos\/"},"author":{"name":"Alejandro Gabriel Rosito","@id":"https:\/\/autofans.com.ar\/#\/schema\/person\/4a8dda0b6df83ac3d6723e921274c2aa"},"headline":"El i-Cockpit\u00ae de Peugeot cumple 10 a\u00f1os","datePublished":"2023-03-21T16:16:37+00:00","dateModified":"2023-03-21T16:28:04+00:00","mainEntityOfPage":{"@id":"https:\/\/autofans.com.ar\/index.php\/2023\/03\/21\/el-i-cockpit-de-peugeot-cumple-10-anos\/"},"wordCount":359,"image":{"@id":"https:\/\/autofans.com.ar\/index.php\/2023\/03\/21\/el-i-cockpit-de-peugeot-cumple-10-anos\/#primaryimage"},"thumbnailUrl":"https:\/\/autofans.com.ar\/wp-content\/uploads\/2023\/03\/El-i-Cockpit-int-jpg.webp","keywords":["#innovaci\u00f3n","concepto","conducir","dise\u00f1o","ergonom\u00eda","i-Cockpit\u00ae","Peugeot","PEUGEOT argentina"],"articleSection":["AUTOTECNO","NOTICIAS"],"inLanguage":"es"},{"@type":"WebPage","@id":"https:\/\/autofans.com.ar\/index.php\/2023\/03\/21\/el-i-cockpit-de-peugeot-cumple-10-anos\/","url":"https:\/\/autofans.com.ar\/index.php\/2023\/03\/21\/el-i-cockpit-de-peugeot-cumple-10-anos\/","name":"El i-Cockpit\u00ae de Peugeot cumple 10 a\u00f1os -","isPartOf":{"@id":"https:\/\/autofans.com.ar\/#website"},"primaryImageOfPage":{"@id":"https:\/\/autofans.com.ar\/index.php\/2023\/03\/21\/el-i-cockpit-de-peugeot-cumple-10-anos\/#primaryimage"},"image":{"@id":"https:\/\/autofans.com.ar\/index.php\/2023\/03\/21\/el-i-cockpit-de-peugeot-cumple-10-anos\/#primaryimage"},"thumbnailUrl":"https:\/\/autofans.com.ar\/wp-content\/uploads\/2023\/03\/El-i-Cockpit-int-jpg.webp","datePublished":"2023-03-21T16:16:37+00:00","dateModified":"2023-03-21T16:28:04+00:00","author":{"@id":"https:\/\/autofans.com.ar\/#\/schema\/person\/4a8dda0b6df83ac3d6723e921274c2aa"},"description":"El i-Cockpit\u00ae de Peugeot cumple 10 a\u00f1os desde su presentaci\u00f3n en la primera generaci\u00f3n del PEUGEOT 208 y es un buen momento para recordarlo.","breadcrumb":{"@id":"https:\/\/autofans.com.ar\/index.php\/2023\/03\/21\/el-i-cockpit-de-peugeot-cumple-10-anos\/#breadcrumb"},"inLanguage":"es","potentialAction":[{"@type":"ReadAction","target":["https:\/\/autofans.com.ar\/index.php\/2023\/03\/21\/el-i-cockpit-de-peugeot-cumple-10-anos\/"]}]},{"@type":"ImageObject","inLanguage":"es","@id":"https:\/\/autofans.com.ar\/index.php\/2023\/03\/21\/el-i-cockpit-de-peugeot-cumple-10-anos\/#primaryimage","url":"https:\/\/autofans.com.ar\/wp-content\/uploads\/2023\/03\/El-i-Cockpit-int-jpg.webp","contentUrl":"https:\/\/autofans.com.ar\/wp-content\/uploads\/2023\/03\/El-i-Cockpit-int-jpg.webp","width":1000,"height":667,"caption":"i-Cockpi"},{"@type":"BreadcrumbList","@id":"https:\/\/autofans.com.ar\/index.php\/2023\/03\/21\/el-i-cockpit-de-peugeot-cumple-10-anos\/#breadcrumb","itemListElement":[{"@type":"ListItem","position":1,"name":"Inicio","item":"https:\/\/autofans.com.ar\/"},{"@type":"ListItem","position":2,"name":"El i-Cockpit\u00ae de Peugeot cumple 10 a\u00f1os"}]},{"@type":"WebSite","@id":"https:\/\/autofans.com.ar\/#website","url":"https:\/\/autofans.com.ar\/","name":"","description":"El multimedio referente de la industria automotriz","potentialAction":[{"@type":"SearchAction","target":{"@type":"EntryPoint","urlTemplate":"https:\/\/autofans.com.ar\/?s={search_term_string}"},"query-input":{"@type":"PropertyValueSpecification","valueRequired":true,"valueName":"search_term_string"}}],"inLanguage":"es"},{"@type":"Person","@id":"https:\/\/autofans.com.ar\/#\/schema\/person\/4a8dda0b6df83ac3d6723e921274c2aa","name":"Alejandro Gabriel Rosito","image":{"@type":"ImageObject","inLanguage":"es","@id":"https:\/\/secure.gravatar.com\/avatar\/16c5dda1489adfc62618084dcbb91cffd879c374b13fe5dd8e44ed6733852c88?s=96&d=mm&r=g","url":"https:\/\/secure.gravatar.com\/avatar\/16c5dda1489adfc62618084dcbb91cffd879c374b13fe5dd8e44ed6733852c88?s=96&d=mm&r=g","contentUrl":"https:\/\/secure.gravatar.com\/avatar\/16c5dda1489adfc62618084dcbb91cffd879c374b13fe5dd8e44ed6733852c88?s=96&d=mm&r=g","caption":"Alejandro Gabriel Rosito"},"url":"https:\/\/autofans.com.ar\/index.php\/author\/gabrielr\/"}]}},"featured_image_urls":{"full":["https:\/\/autofans.com.ar\/wp-content\/uploads\/2023\/03\/El-i-Cockpit-int-jpg.webp",1000,667,false],"thumbnail":["https:\/\/autofans.com.ar\/wp-content\/uploads\/2023\/03\/El-i-Cockpit-int-150x150.webp",150,150,true],"medium":["https:\/\/autofans.com.ar\/wp-content\/uploads\/2023\/03\/El-i-Cockpit-int-300x200.webp",300,200,true],"medium_large":["https:\/\/autofans.com.ar\/wp-content\/uploads\/2023\/03\/El-i-Cockpit-int-768x512.webp",640,427,true],"large":["https:\/\/autofans.com.ar\/wp-content\/uploads\/2023\/03\/El-i-Cockpit-int-jpg.webp",640,427,false],"1536x1536":["https:\/\/autofans.com.ar\/wp-content\/uploads\/2023\/03\/El-i-Cockpit-int-jpg.webp",1000,667,false],"2048x2048":["https:\/\/autofans.com.ar\/wp-content\/uploads\/2023\/03\/El-i-Cockpit-int-jpg.webp",1000,667,false],"covernews-featured":["https:\/\/autofans.com.ar\/wp-content\/uploads\/2023\/03\/El-i-Cockpit-int-jpg.webp",1000,667,false],"covernews-medium":["https:\/\/autofans.com.ar\/wp-content\/uploads\/2023\/03\/El-i-Cockpit-int-540x340.webp",540,340,true]},"author_info":{"display_name":"Alejandro Gabriel Rosito","author_link":"https:\/\/autofans.com.ar\/index.php\/author\/gabrielr\/"},"category_info":"<a href=\"https:\/\/autofans.com.ar\/index.php\/category\/noticias\/autotecno\/\" rel=\"category tag\">AUTOTECNO<\/a> <a href=\"https:\/\/autofans.com.ar\/index.php\/category\/noticias\/\" rel=\"category tag\">NOTICIAS<\/a>","tag_info":"NOTICIAS","comment_count":0,"_links":{"self":[{"href":"https:\/\/autofans.com.ar\/index.php\/wp-json\/wp\/v2\/posts\/954","targetHints":{"allow":["GET"]}}],"collection":[{"href":"https:\/\/autofans.com.ar\/index.php\/wp-json\/wp\/v2\/posts"}],"about":[{"href":"https:\/\/autofans.com.ar\/index.php\/wp-json\/wp\/v2\/types\/post"}],"author":[{"embeddable":true,"href":"https:\/\/autofans.com.ar\/index.php\/wp-json\/wp\/v2\/users\/2"}],"replies":[{"embeddable":true,"href":"https:\/\/autofans.com.ar\/index.php\/wp-json\/wp\/v2\/comments?post=954"}],"version-history":[{"count":6,"href":"https:\/\/autofans.com.ar\/index.php\/wp-json\/wp\/v2\/posts\/954\/revisions"}],"predecessor-version":[{"id":965,"href":"https:\/\/autofans.com.ar\/index.php\/wp-json\/wp\/v2\/posts\/954\/revisions\/965"}],"wp:featuredmedia":[{"embeddable":true,"href":"https:\/\/autofans.com.ar\/index.php\/wp-json\/wp\/v2\/media\/957"}],"wp:attachment":[{"href":"https:\/\/autofans.com.ar\/index.php\/wp-json\/wp\/v2\/media?parent=954"}],"wp:term":[{"taxonomy":"category","embeddable":true,"href":"https:\/\/autofans.com.ar\/index.php\/wp-json\/wp\/v2\/categories?post=954"},{"taxonomy":"post_tag","embeddable":true,"href":"https:\/\/autofans.com.ar\/index.php\/wp-json\/wp\/v2\/tags?post=954"}],"curies":[{"name":"wp","href":"https:\/\/api.w.org\/{rel}","templated":true}]}}