{"id":9659,"date":"2024-11-05T12:55:05","date_gmt":"2024-11-05T15:55:05","guid":{"rendered":"https:\/\/autofans.com.ar\/?p=9659"},"modified":"2024-11-05T12:55:05","modified_gmt":"2024-11-05T15:55:05","slug":"motos-ktm-y-husqvarna-con-tasa-0-y-en-cuotas","status":"publish","type":"post","link":"https:\/\/autofans.com.ar\/index.php\/2024\/11\/05\/motos-ktm-y-husqvarna-con-tasa-0-y-en-cuotas\/","title":{"rendered":"Motos KTM y Husqvarna con tasa 0% y en cuotas"},"content":{"rendered":"<p>En un contexto donde los patentamientos de motos cayeron un 4,7% hasta septiembre de 2024 seg\u00fan la Asociaci\u00f3n de Concesionarios de Automotores de la Rep\u00fablica Argentina (Acara), Santander Argentina y Grupo Simpa S.A. unieron fuerzas para alentar la compra de motos KTM y Husqvarna. A trav\u00e9s de esta alianza, lanzaron una financiaci\u00f3n exclusiva a tasa 0%, permitiendo a los clientes acceder a modelos 0 km de estas marcas con un anticipo del 50% y planes de pago en cuotas de 12 o 18 meses.<\/p>\n<p>&nbsp;<\/p>\n<h2>Santander financia hasta el 50% en concesionarios KTM y Husqvarna<\/h2>\n<p>&nbsp;<\/p>\n<div id='gallery-1' class='gallery galleryid-9659 gallery-columns-2 gallery-size-full'><figure class='gallery-item'>\n\t\t\t<div class='gallery-icon landscape'>\n\t\t\t\t<a href='https:\/\/autofans.com.ar\/index.php\/2024\/11\/05\/motos-ktm-y-husqvarna-con-tasa-0-y-en-cuotas\/ktm-y-husqvarna-2\/'><img loading=\"lazy\" width=\"1000\" height=\"667\" src=\"https:\/\/autofans.com.ar\/wp-content\/uploads\/2024\/11\/KTM-y-Husqvarna-2.jpg\" class=\"attachment-full size-full\" alt=\"Motos KTM y Husqvarna\" aria-describedby=\"gallery-1-9666\" srcset=\"https:\/\/autofans.com.ar\/wp-content\/uploads\/2024\/11\/KTM-y-Husqvarna-2.jpg 1000w, https:\/\/autofans.com.ar\/wp-content\/uploads\/2024\/11\/KTM-y-Husqvarna-2-300x200.jpg 300w, https:\/\/autofans.com.ar\/wp-content\/uploads\/2024\/11\/KTM-y-Husqvarna-2-768x512.jpg 768w\" sizes=\"auto, (max-width: 1000px) 100vw, 1000px\" loading=\"lazy\" decoding=\"async\" \/><\/a>\n\t\t\t<\/div>\n\t\t\t\t<figcaption class='wp-caption-text gallery-caption' id='gallery-1-9666'>\n\t\t\t\tNueva generaci\u00f3n Husqvarna Svartpilen 250\n\t\t\t\t<\/figcaption><\/figure><figure class='gallery-item'>\n\t\t\t<div class='gallery-icon landscape'>\n\t\t\t\t<a href='https:\/\/autofans.com.ar\/index.php\/2024\/11\/05\/motos-ktm-y-husqvarna-con-tasa-0-y-en-cuotas\/ktm-y-husqvarna-5\/'><img loading=\"lazy\" width=\"1000\" height=\"667\" src=\"https:\/\/autofans.com.ar\/wp-content\/uploads\/2024\/11\/KTM-y-Husqvarna-5.jpg\" class=\"attachment-full size-full\" alt=\"Motos KTM y Husqvarna\" aria-describedby=\"gallery-1-9663\" srcset=\"https:\/\/autofans.com.ar\/wp-content\/uploads\/2024\/11\/KTM-y-Husqvarna-5.jpg 1000w, https:\/\/autofans.com.ar\/wp-content\/uploads\/2024\/11\/KTM-y-Husqvarna-5-300x200.jpg 300w, https:\/\/autofans.com.ar\/wp-content\/uploads\/2024\/11\/KTM-y-Husqvarna-5-768x512.jpg 768w\" sizes=\"auto, (max-width: 1000px) 100vw, 1000px\" loading=\"lazy\" decoding=\"async\" \/><\/a>\n\t\t\t<\/div>\n\t\t\t\t<figcaption class='wp-caption-text gallery-caption' id='gallery-1-9663'>\n\t\t\t\tKTM 390 ADVENTURE SW\n\t\t\t\t<\/figcaption><\/figure>\n\t\t<\/div>\n\n<p>&nbsp;<\/p>\n<p>La propuesta de Santander est\u00e1 disponible en todos los concesionarios oficiales de KTM y Husqvarna del pa\u00eds y busca ofrecer una alternativa accesible y conveniente para quienes desean adquirir una moto premium. Con su \u00abS\u00faper Pr\u00e9stamo Prendario\u00bb, Santander financia hasta el 50% del valor de la moto, una opci\u00f3n atractiva para los entusiastas de las dos ruedas.<\/p>\n<p>&nbsp;<\/p>\n<blockquote>\n<p style=\"text-align: center;\">Al respecto, Mart\u00edn Solano, CEO de Santander Consumer Argentina, expres\u00f3: \u201cEn Santander, reconocemos que tanto el sector automotriz, en general, como el de motoveh\u00edculos, en particular, necesitan est\u00edmulos adicionales para dinamizar las ventas. Al mismo tiempo, es fundamental que los consumidores cuenten con facilidades que les permitan acceder a los productos que desean. Con el lanzamiento de estas nuevas opciones de financiaci\u00f3n, ventajosas para los consumidores, nuestro objetivo es seguir respaldando tanto a la industria como a nuestros clientes, reafirmando nuestro compromiso de fomentar el desarrollo de las personas y las empresas\u201d.<\/p>\n<\/blockquote>\n<p>&nbsp;<\/p>\n<h2>Opciones de modelos y financiaci\u00f3n<\/h2>\n<p>Entre las opciones disponibles, se destacan modelos populares de ambas marcas con las siguientes condiciones de financiamiento:<\/p>\n<ul>\n<li><strong>12 cuotas sin inter\u00e9s<\/strong>: modelos como 200 DUKE, 250 DUKE, 390 DUKE, RC 200, RC 390, y las urbanas Svartpilen 200, 250 y 401.<\/li>\n<li><strong>18 cuotas sin inter\u00e9s<\/strong>: modelos orientados al turismo como 250 ADVENTURE, 390 ADVENTURE y 390 ADVENTURE SPOKE W, ideales para quienes buscan disfrutar de viajes largos.<\/li>\n<\/ul>\n<p>&nbsp;<\/p>\n<h4>Detalle de los modelos<\/h4>\n<p>&nbsp;<\/p>\n<h4>KTM<\/h4>\n<p>&nbsp;<\/p>\n<figure id=\"attachment_9664\" aria-describedby=\"caption-attachment-9664\" style=\"width: 1000px\" class=\"wp-caption aligncenter\"><img fetchpriority=\"high\" decoding=\"async\" class=\"wp-image-9664 size-full\" src=\"https:\/\/autofans.com.ar\/wp-content\/uploads\/2024\/11\/KTM-y-Husqvarna-4.jpg\" alt=\"Motos KTM y Husqvarna\" width=\"1000\" height=\"667\" srcset=\"https:\/\/autofans.com.ar\/wp-content\/uploads\/2024\/11\/KTM-y-Husqvarna-4.jpg 1000w, https:\/\/autofans.com.ar\/wp-content\/uploads\/2024\/11\/KTM-y-Husqvarna-4-300x200.jpg 300w, https:\/\/autofans.com.ar\/wp-content\/uploads\/2024\/11\/KTM-y-Husqvarna-4-768x512.jpg 768w\" sizes=\"(max-width: 1000px) 100vw, 1000px\" \/><figcaption id=\"caption-attachment-9664\" class=\"wp-caption-text\">KTM 250 Duke G3<\/figcaption><\/figure>\n<p>&nbsp;<\/p>\n<p>Los modelos Duke son ideales para la ciudad, con motores potentes y dise\u00f1o moderno, mientras que la l\u00ednea Adventure ofrece versatilidad para quienes buscan aventuras en la ruta y fuera de ella. Con caracter\u00edsticas avanzadas y una conducci\u00f3n \u00e1gil, KTM ha logrado posicionarse como referente en motos de alta gama.<\/p>\n<p>&nbsp;<\/p>\n<h4>Husqvarna<\/h4>\n<p>&nbsp;<\/p>\n<figure id=\"attachment_9665\" aria-describedby=\"caption-attachment-9665\" style=\"width: 1000px\" class=\"wp-caption aligncenter\"><img decoding=\"async\" class=\"wp-image-9665 size-full\" src=\"https:\/\/autofans.com.ar\/wp-content\/uploads\/2024\/11\/KTM-y-Husqvarna-3.jpg\" alt=\"Motos KTM y Husqvarna\" width=\"1000\" height=\"667\" srcset=\"https:\/\/autofans.com.ar\/wp-content\/uploads\/2024\/11\/KTM-y-Husqvarna-3.jpg 1000w, https:\/\/autofans.com.ar\/wp-content\/uploads\/2024\/11\/KTM-y-Husqvarna-3-300x200.jpg 300w, https:\/\/autofans.com.ar\/wp-content\/uploads\/2024\/11\/KTM-y-Husqvarna-3-768x512.jpg 768w\" sizes=\"(max-width: 1000px) 100vw, 1000px\" \/><figcaption id=\"caption-attachment-9665\" class=\"wp-caption-text\">Nueva generaci\u00f3n Husqvarna Svartpilen 401<\/figcaption><\/figure>\n<p>&nbsp;<\/p>\n<p>Por su parte, Husqvarna se destaca con la l\u00ednea Svartpilen, motos de estilo urbano que combinan dise\u00f1o cl\u00e1sico y tecnolog\u00eda avanzada. Las Svartpilen 401 y 250 NG cumplen con altos est\u00e1ndares de emisiones y eficiencia de combustible, aline\u00e1ndose con la sostenibilidad sin sacrificar potencia ni estilo.<\/p>\n<p>Esta alianza con Santander refuerza el compromiso del banco de facilitar el acceso a veh\u00edculos de calidad, sum\u00e1ndose a otras iniciativas similares en la industria automotriz durante el a\u00f1o. Adem\u00e1s, las motos KTM y Husqvarna se ensamblan en la planta de Grupo Simpa en Campana, Buenos Aires, un s\u00edmbolo de producci\u00f3n local de calidad y alta tecnolog\u00eda.<\/p>\n<p>&nbsp;<\/p>\n<blockquote>\n<p style=\"text-align: center;\">En tanto, Leandro Panaggio, Business Manager del Grupo Simpa S.A., destac\u00f3: \u201cEstamos muy entusiasmados con este nuevo acuerdo, ya que nos permite ampliar\u00a0nuestra oferta financiera para la adquisici\u00f3n de unidades 0km. De este modo, muchos m\u00e1s usuarios podr\u00e1n acceder a nuestros productos con esta financiaci\u00f3n a tasa 0%. Los interesados podr\u00e1n visitar cualquiera de los concesionarios KTM\u00a0 y Husqvarna de nuestra red oficial para obtener m\u00e1s informaci\u00f3n sobre esta propuesta y dar el primer paso\u201d.<\/p>\n<\/blockquote>\n<p>&nbsp;<\/p>\n<p>Gracias a esta propuesta de financiamiento a tasa 0%, los amantes de las motos premium ahora tienen una oportunidad \u00fanica de acceder a los modelos KTM y Husqvarna. Santander y Grupo Simpa ofrecen una opci\u00f3n ideal para quienes buscan financiar su primera moto o cambiar su modelo actual por uno 0 km.<\/p>\n<p>&nbsp;<\/p>\n<p>&nbsp;<\/p>\n<p><i>Para enterarte de m\u00e1s novedades, no dejes de leer\u00a0<\/i><a href=\"https:\/\/autofans.thebrandsoup.com\/\"><i>nuestras notas<\/i><\/a><i>, de ver<\/i><b><i>\u00a0<\/i><\/b><a href=\"https:\/\/www.youtube.com\/channel\/UCgAC8UGHZYbT6P7PpmVnP7g\"><b><i>AUTOFANS TV<\/i><\/b><\/a><b><i>\u00a0<\/i><\/b><i>en nuestro\u00a0canal de Youtube. Adem\u00e1s seguinos en\u00a0<\/i><a href=\"https:\/\/www.instagram.com\/autofanstv\/\"><i>INSTAGRAM<\/i><\/a><i> y <\/i><a href=\"https:\/\/www.facebook.com\/autofansmas\/\"><i>FACEBOOK<\/i><\/a><i> para no perderte nada sobre las novedades del segmento automotor de Argentina y el mundo.<\/i><\/p>\n","protected":false},"excerpt":{"rendered":"<p>En un contexto donde los patentamientos de motos cayeron un 4,7% hasta septiembre de 2024&#8230;<\/p>\n","protected":false},"author":2,"featured_media":9667,"comment_status":"closed","ping_status":"closed","sticky":false,"template":"","format":"standard","meta":{"footnotes":""},"categories":[4,16],"tags":[5218,3171,4341,246,5217,5216,4214,3763],"class_list":["post-9659","post","type-post","status-publish","format-standard","has-post-thumbnail","hentry","category-motos","category-noticias","tag-compra-de-motos","tag-concesionarios-oficiales","tag-financiacion-motos","tag-grupo-simpa","tag-motos-husqvarna","tag-motos-ktm","tag-santander-argentina","tag-tasa-0"],"yoast_head":"<!-- This site is optimized with the Yoast SEO plugin v27.5 - https:\/\/yoast.com\/product\/yoast-seo-wordpress\/ -->\n<title>Motos KTM y Husqvarna con tasa 0% y en cuotas -<\/title>\n<meta name=\"description\" content=\"En un contexto donde los patentamientos de motos cayeron un 4,7% hasta septiembre de 2024 seg\u00fan la Asociaci\u00f3n de Concesionarios de Automotores\" \/>\n<meta name=\"robots\" content=\"index, follow, max-snippet:-1, max-image-preview:large, max-video-preview:-1\" \/>\n<link rel=\"canonical\" href=\"https:\/\/autofans.com.ar\/index.php\/2024\/11\/05\/motos-ktm-y-husqvarna-con-tasa-0-y-en-cuotas\/\" \/>\n<meta property=\"og:locale\" content=\"es_ES\" \/>\n<meta property=\"og:type\" content=\"article\" \/>\n<meta property=\"og:title\" content=\"Motos KTM y Husqvarna con tasa 0% y en cuotas -\" \/>\n<meta property=\"og:description\" content=\"En un contexto donde los patentamientos de motos cayeron un 4,7% hasta septiembre de 2024 seg\u00fan la Asociaci\u00f3n de Concesionarios de Automotores\" \/>\n<meta property=\"og:url\" content=\"https:\/\/autofans.com.ar\/index.php\/2024\/11\/05\/motos-ktm-y-husqvarna-con-tasa-0-y-en-cuotas\/\" \/>\n<meta property=\"article:published_time\" content=\"2024-11-05T15:55:05+00:00\" \/>\n<meta property=\"og:image\" content=\"https:\/\/autofans.com.ar\/wp-content\/uploads\/2024\/11\/KTM-y-Husqvarna-1.jpg\" \/>\n\t<meta property=\"og:image:width\" content=\"640\" \/>\n\t<meta property=\"og:image:height\" content=\"427\" \/>\n\t<meta property=\"og:image:type\" content=\"image\/jpeg\" \/>\n<meta name=\"author\" content=\"Alejandro Gabriel Rosito\" \/>\n<meta name=\"twitter:card\" content=\"summary_large_image\" \/>\n<meta name=\"twitter:label1\" content=\"Escrito por\" \/>\n\t<meta name=\"twitter:data1\" content=\"Alejandro Gabriel Rosito\" \/>\n\t<meta name=\"twitter:label2\" content=\"Tiempo de lectura\" \/>\n\t<meta name=\"twitter:data2\" content=\"3 minutos\" \/>\n<script type=\"application\/ld+json\" class=\"yoast-schema-graph\">{\"@context\":\"https:\\\/\\\/schema.org\",\"@graph\":[{\"@type\":\"Article\",\"@id\":\"https:\\\/\\\/autofans.com.ar\\\/index.php\\\/2024\\\/11\\\/05\\\/motos-ktm-y-husqvarna-con-tasa-0-y-en-cuotas\\\/#article\",\"isPartOf\":{\"@id\":\"https:\\\/\\\/autofans.com.ar\\\/index.php\\\/2024\\\/11\\\/05\\\/motos-ktm-y-husqvarna-con-tasa-0-y-en-cuotas\\\/\"},\"author\":{\"name\":\"Alejandro Gabriel Rosito\",\"@id\":\"https:\\\/\\\/autofans.com.ar\\\/#\\\/schema\\\/person\\\/4a8dda0b6df83ac3d6723e921274c2aa\"},\"headline\":\"Motos KTM y Husqvarna con tasa 0% y en cuotas\",\"datePublished\":\"2024-11-05T15:55:05+00:00\",\"mainEntityOfPage\":{\"@id\":\"https:\\\/\\\/autofans.com.ar\\\/index.php\\\/2024\\\/11\\\/05\\\/motos-ktm-y-husqvarna-con-tasa-0-y-en-cuotas\\\/\"},\"wordCount\":713,\"image\":{\"@id\":\"https:\\\/\\\/autofans.com.ar\\\/index.php\\\/2024\\\/11\\\/05\\\/motos-ktm-y-husqvarna-con-tasa-0-y-en-cuotas\\\/#primaryimage\"},\"thumbnailUrl\":\"https:\\\/\\\/autofans.com.ar\\\/wp-content\\\/uploads\\\/2024\\\/11\\\/KTM-y-Husqvarna-1.jpg\",\"keywords\":[\"compra de motos\",\"concesionarios oficiales\",\"financiaci\u00f3n motos\",\"Grupo Simpa\",\"motos Husqvarna\",\"motos KTM\",\"Santander Argentina\",\"Tasa 0%\"],\"articleSection\":[\"MOTOS\",\"NOTICIAS\"],\"inLanguage\":\"es\"},{\"@type\":\"WebPage\",\"@id\":\"https:\\\/\\\/autofans.com.ar\\\/index.php\\\/2024\\\/11\\\/05\\\/motos-ktm-y-husqvarna-con-tasa-0-y-en-cuotas\\\/\",\"url\":\"https:\\\/\\\/autofans.com.ar\\\/index.php\\\/2024\\\/11\\\/05\\\/motos-ktm-y-husqvarna-con-tasa-0-y-en-cuotas\\\/\",\"name\":\"Motos KTM y Husqvarna con tasa 0% y en cuotas -\",\"isPartOf\":{\"@id\":\"https:\\\/\\\/autofans.com.ar\\\/#website\"},\"primaryImageOfPage\":{\"@id\":\"https:\\\/\\\/autofans.com.ar\\\/index.php\\\/2024\\\/11\\\/05\\\/motos-ktm-y-husqvarna-con-tasa-0-y-en-cuotas\\\/#primaryimage\"},\"image\":{\"@id\":\"https:\\\/\\\/autofans.com.ar\\\/index.php\\\/2024\\\/11\\\/05\\\/motos-ktm-y-husqvarna-con-tasa-0-y-en-cuotas\\\/#primaryimage\"},\"thumbnailUrl\":\"https:\\\/\\\/autofans.com.ar\\\/wp-content\\\/uploads\\\/2024\\\/11\\\/KTM-y-Husqvarna-1.jpg\",\"datePublished\":\"2024-11-05T15:55:05+00:00\",\"author\":{\"@id\":\"https:\\\/\\\/autofans.com.ar\\\/#\\\/schema\\\/person\\\/4a8dda0b6df83ac3d6723e921274c2aa\"},\"description\":\"En un contexto donde los patentamientos de motos cayeron un 4,7% hasta septiembre de 2024 seg\u00fan la Asociaci\u00f3n de Concesionarios de Automotores\",\"breadcrumb\":{\"@id\":\"https:\\\/\\\/autofans.com.ar\\\/index.php\\\/2024\\\/11\\\/05\\\/motos-ktm-y-husqvarna-con-tasa-0-y-en-cuotas\\\/#breadcrumb\"},\"inLanguage\":\"es\",\"potentialAction\":[{\"@type\":\"ReadAction\",\"target\":[\"https:\\\/\\\/autofans.com.ar\\\/index.php\\\/2024\\\/11\\\/05\\\/motos-ktm-y-husqvarna-con-tasa-0-y-en-cuotas\\\/\"]}]},{\"@type\":\"ImageObject\",\"inLanguage\":\"es\",\"@id\":\"https:\\\/\\\/autofans.com.ar\\\/index.php\\\/2024\\\/11\\\/05\\\/motos-ktm-y-husqvarna-con-tasa-0-y-en-cuotas\\\/#primaryimage\",\"url\":\"https:\\\/\\\/autofans.com.ar\\\/wp-content\\\/uploads\\\/2024\\\/11\\\/KTM-y-Husqvarna-1.jpg\",\"contentUrl\":\"https:\\\/\\\/autofans.com.ar\\\/wp-content\\\/uploads\\\/2024\\\/11\\\/KTM-y-Husqvarna-1.jpg\",\"width\":1000,\"height\":667},{\"@type\":\"BreadcrumbList\",\"@id\":\"https:\\\/\\\/autofans.com.ar\\\/index.php\\\/2024\\\/11\\\/05\\\/motos-ktm-y-husqvarna-con-tasa-0-y-en-cuotas\\\/#breadcrumb\",\"itemListElement\":[{\"@type\":\"ListItem\",\"position\":1,\"name\":\"Inicio\",\"item\":\"https:\\\/\\\/autofans.com.ar\\\/\"},{\"@type\":\"ListItem\",\"position\":2,\"name\":\"Motos KTM y Husqvarna con tasa 0% y en cuotas\"}]},{\"@type\":\"WebSite\",\"@id\":\"https:\\\/\\\/autofans.com.ar\\\/#website\",\"url\":\"https:\\\/\\\/autofans.com.ar\\\/\",\"name\":\"\",\"description\":\"El multimedio referente de la industria automotriz\",\"potentialAction\":[{\"@type\":\"SearchAction\",\"target\":{\"@type\":\"EntryPoint\",\"urlTemplate\":\"https:\\\/\\\/autofans.com.ar\\\/?s={search_term_string}\"},\"query-input\":{\"@type\":\"PropertyValueSpecification\",\"valueRequired\":true,\"valueName\":\"search_term_string\"}}],\"inLanguage\":\"es\"},{\"@type\":\"Person\",\"@id\":\"https:\\\/\\\/autofans.com.ar\\\/#\\\/schema\\\/person\\\/4a8dda0b6df83ac3d6723e921274c2aa\",\"name\":\"Alejandro Gabriel Rosito\",\"image\":{\"@type\":\"ImageObject\",\"inLanguage\":\"es\",\"@id\":\"https:\\\/\\\/secure.gravatar.com\\\/avatar\\\/16c5dda1489adfc62618084dcbb91cffd879c374b13fe5dd8e44ed6733852c88?s=96&d=mm&r=g\",\"url\":\"https:\\\/\\\/secure.gravatar.com\\\/avatar\\\/16c5dda1489adfc62618084dcbb91cffd879c374b13fe5dd8e44ed6733852c88?s=96&d=mm&r=g\",\"contentUrl\":\"https:\\\/\\\/secure.gravatar.com\\\/avatar\\\/16c5dda1489adfc62618084dcbb91cffd879c374b13fe5dd8e44ed6733852c88?s=96&d=mm&r=g\",\"caption\":\"Alejandro Gabriel Rosito\"},\"url\":\"https:\\\/\\\/autofans.com.ar\\\/index.php\\\/author\\\/gabrielr\\\/\"}]}<\/script>\n<!-- \/ Yoast SEO plugin. -->","yoast_head_json":{"title":"Motos KTM y Husqvarna con tasa 0% y en cuotas -","description":"En un contexto donde los patentamientos de motos cayeron un 4,7% hasta septiembre de 2024 seg\u00fan la Asociaci\u00f3n de Concesionarios de Automotores","robots":{"index":"index","follow":"follow","max-snippet":"max-snippet:-1","max-image-preview":"max-image-preview:large","max-video-preview":"max-video-preview:-1"},"canonical":"https:\/\/autofans.com.ar\/index.php\/2024\/11\/05\/motos-ktm-y-husqvarna-con-tasa-0-y-en-cuotas\/","og_locale":"es_ES","og_type":"article","og_title":"Motos KTM y Husqvarna con tasa 0% y en cuotas -","og_description":"En un contexto donde los patentamientos de motos cayeron un 4,7% hasta septiembre de 2024 seg\u00fan la Asociaci\u00f3n de Concesionarios de Automotores","og_url":"https:\/\/autofans.com.ar\/index.php\/2024\/11\/05\/motos-ktm-y-husqvarna-con-tasa-0-y-en-cuotas\/","article_published_time":"2024-11-05T15:55:05+00:00","og_image":[{"url":"https:\/\/autofans.com.ar\/wp-content\/uploads\/2024\/11\/KTM-y-Husqvarna-1.jpg","width":640,"height":427,"type":"image\/jpeg"}],"author":"Alejandro Gabriel Rosito","twitter_card":"summary_large_image","twitter_misc":{"Escrito por":"Alejandro Gabriel Rosito","Tiempo de lectura":"3 minutos"},"schema":{"@context":"https:\/\/schema.org","@graph":[{"@type":"Article","@id":"https:\/\/autofans.com.ar\/index.php\/2024\/11\/05\/motos-ktm-y-husqvarna-con-tasa-0-y-en-cuotas\/#article","isPartOf":{"@id":"https:\/\/autofans.com.ar\/index.php\/2024\/11\/05\/motos-ktm-y-husqvarna-con-tasa-0-y-en-cuotas\/"},"author":{"name":"Alejandro Gabriel Rosito","@id":"https:\/\/autofans.com.ar\/#\/schema\/person\/4a8dda0b6df83ac3d6723e921274c2aa"},"headline":"Motos KTM y Husqvarna con tasa 0% y en cuotas","datePublished":"2024-11-05T15:55:05+00:00","mainEntityOfPage":{"@id":"https:\/\/autofans.com.ar\/index.php\/2024\/11\/05\/motos-ktm-y-husqvarna-con-tasa-0-y-en-cuotas\/"},"wordCount":713,"image":{"@id":"https:\/\/autofans.com.ar\/index.php\/2024\/11\/05\/motos-ktm-y-husqvarna-con-tasa-0-y-en-cuotas\/#primaryimage"},"thumbnailUrl":"https:\/\/autofans.com.ar\/wp-content\/uploads\/2024\/11\/KTM-y-Husqvarna-1.jpg","keywords":["compra de motos","concesionarios oficiales","financiaci\u00f3n motos","Grupo Simpa","motos Husqvarna","motos KTM","Santander Argentina","Tasa 0%"],"articleSection":["MOTOS","NOTICIAS"],"inLanguage":"es"},{"@type":"WebPage","@id":"https:\/\/autofans.com.ar\/index.php\/2024\/11\/05\/motos-ktm-y-husqvarna-con-tasa-0-y-en-cuotas\/","url":"https:\/\/autofans.com.ar\/index.php\/2024\/11\/05\/motos-ktm-y-husqvarna-con-tasa-0-y-en-cuotas\/","name":"Motos KTM y Husqvarna con tasa 0% y en cuotas -","isPartOf":{"@id":"https:\/\/autofans.com.ar\/#website"},"primaryImageOfPage":{"@id":"https:\/\/autofans.com.ar\/index.php\/2024\/11\/05\/motos-ktm-y-husqvarna-con-tasa-0-y-en-cuotas\/#primaryimage"},"image":{"@id":"https:\/\/autofans.com.ar\/index.php\/2024\/11\/05\/motos-ktm-y-husqvarna-con-tasa-0-y-en-cuotas\/#primaryimage"},"thumbnailUrl":"https:\/\/autofans.com.ar\/wp-content\/uploads\/2024\/11\/KTM-y-Husqvarna-1.jpg","datePublished":"2024-11-05T15:55:05+00:00","author":{"@id":"https:\/\/autofans.com.ar\/#\/schema\/person\/4a8dda0b6df83ac3d6723e921274c2aa"},"description":"En un contexto donde los patentamientos de motos cayeron un 4,7% hasta septiembre de 2024 seg\u00fan la Asociaci\u00f3n de Concesionarios de Automotores","breadcrumb":{"@id":"https:\/\/autofans.com.ar\/index.php\/2024\/11\/05\/motos-ktm-y-husqvarna-con-tasa-0-y-en-cuotas\/#breadcrumb"},"inLanguage":"es","potentialAction":[{"@type":"ReadAction","target":["https:\/\/autofans.com.ar\/index.php\/2024\/11\/05\/motos-ktm-y-husqvarna-con-tasa-0-y-en-cuotas\/"]}]},{"@type":"ImageObject","inLanguage":"es","@id":"https:\/\/autofans.com.ar\/index.php\/2024\/11\/05\/motos-ktm-y-husqvarna-con-tasa-0-y-en-cuotas\/#primaryimage","url":"https:\/\/autofans.com.ar\/wp-content\/uploads\/2024\/11\/KTM-y-Husqvarna-1.jpg","contentUrl":"https:\/\/autofans.com.ar\/wp-content\/uploads\/2024\/11\/KTM-y-Husqvarna-1.jpg","width":1000,"height":667},{"@type":"BreadcrumbList","@id":"https:\/\/autofans.com.ar\/index.php\/2024\/11\/05\/motos-ktm-y-husqvarna-con-tasa-0-y-en-cuotas\/#breadcrumb","itemListElement":[{"@type":"ListItem","position":1,"name":"Inicio","item":"https:\/\/autofans.com.ar\/"},{"@type":"ListItem","position":2,"name":"Motos KTM y Husqvarna con tasa 0% y en cuotas"}]},{"@type":"WebSite","@id":"https:\/\/autofans.com.ar\/#website","url":"https:\/\/autofans.com.ar\/","name":"","description":"El multimedio referente de la industria automotriz","potentialAction":[{"@type":"SearchAction","target":{"@type":"EntryPoint","urlTemplate":"https:\/\/autofans.com.ar\/?s={search_term_string}"},"query-input":{"@type":"PropertyValueSpecification","valueRequired":true,"valueName":"search_term_string"}}],"inLanguage":"es"},{"@type":"Person","@id":"https:\/\/autofans.com.ar\/#\/schema\/person\/4a8dda0b6df83ac3d6723e921274c2aa","name":"Alejandro Gabriel Rosito","image":{"@type":"ImageObject","inLanguage":"es","@id":"https:\/\/secure.gravatar.com\/avatar\/16c5dda1489adfc62618084dcbb91cffd879c374b13fe5dd8e44ed6733852c88?s=96&d=mm&r=g","url":"https:\/\/secure.gravatar.com\/avatar\/16c5dda1489adfc62618084dcbb91cffd879c374b13fe5dd8e44ed6733852c88?s=96&d=mm&r=g","contentUrl":"https:\/\/secure.gravatar.com\/avatar\/16c5dda1489adfc62618084dcbb91cffd879c374b13fe5dd8e44ed6733852c88?s=96&d=mm&r=g","caption":"Alejandro Gabriel Rosito"},"url":"https:\/\/autofans.com.ar\/index.php\/author\/gabrielr\/"}]}},"featured_image_urls":{"full":["https:\/\/autofans.com.ar\/wp-content\/uploads\/2024\/11\/KTM-y-Husqvarna-1.jpg",1000,667,false],"thumbnail":["https:\/\/autofans.com.ar\/wp-content\/uploads\/2024\/11\/KTM-y-Husqvarna-1-150x150.jpg",150,150,true],"medium":["https:\/\/autofans.com.ar\/wp-content\/uploads\/2024\/11\/KTM-y-Husqvarna-1-300x200.jpg",300,200,true],"medium_large":["https:\/\/autofans.com.ar\/wp-content\/uploads\/2024\/11\/KTM-y-Husqvarna-1-768x512.jpg",640,427,true],"large":["https:\/\/autofans.com.ar\/wp-content\/uploads\/2024\/11\/KTM-y-Husqvarna-1.jpg",640,427,false],"1536x1536":["https:\/\/autofans.com.ar\/wp-content\/uploads\/2024\/11\/KTM-y-Husqvarna-1.jpg",1000,667,false],"2048x2048":["https:\/\/autofans.com.ar\/wp-content\/uploads\/2024\/11\/KTM-y-Husqvarna-1.jpg",1000,667,false],"covernews-featured":["https:\/\/autofans.com.ar\/wp-content\/uploads\/2024\/11\/KTM-y-Husqvarna-1.jpg",1000,667,false],"covernews-medium":["https:\/\/autofans.com.ar\/wp-content\/uploads\/2024\/11\/KTM-y-Husqvarna-1-540x340.jpg",540,340,true]},"author_info":{"display_name":"Alejandro Gabriel Rosito","author_link":"https:\/\/autofans.com.ar\/index.php\/author\/gabrielr\/"},"category_info":"<a href=\"https:\/\/autofans.com.ar\/index.php\/category\/noticias\/motos\/\" rel=\"category tag\">MOTOS<\/a> <a href=\"https:\/\/autofans.com.ar\/index.php\/category\/noticias\/\" rel=\"category tag\">NOTICIAS<\/a>","tag_info":"NOTICIAS","comment_count":0,"_links":{"self":[{"href":"https:\/\/autofans.com.ar\/index.php\/wp-json\/wp\/v2\/posts\/9659","targetHints":{"allow":["GET"]}}],"collection":[{"href":"https:\/\/autofans.com.ar\/index.php\/wp-json\/wp\/v2\/posts"}],"about":[{"href":"https:\/\/autofans.com.ar\/index.php\/wp-json\/wp\/v2\/types\/post"}],"author":[{"embeddable":true,"href":"https:\/\/autofans.com.ar\/index.php\/wp-json\/wp\/v2\/users\/2"}],"replies":[{"embeddable":true,"href":"https:\/\/autofans.com.ar\/index.php\/wp-json\/wp\/v2\/comments?post=9659"}],"version-history":[{"count":5,"href":"https:\/\/autofans.com.ar\/index.php\/wp-json\/wp\/v2\/posts\/9659\/revisions"}],"predecessor-version":[{"id":9669,"href":"https:\/\/autofans.com.ar\/index.php\/wp-json\/wp\/v2\/posts\/9659\/revisions\/9669"}],"wp:featuredmedia":[{"embeddable":true,"href":"https:\/\/autofans.com.ar\/index.php\/wp-json\/wp\/v2\/media\/9667"}],"wp:attachment":[{"href":"https:\/\/autofans.com.ar\/index.php\/wp-json\/wp\/v2\/media?parent=9659"}],"wp:term":[{"taxonomy":"category","embeddable":true,"href":"https:\/\/autofans.com.ar\/index.php\/wp-json\/wp\/v2\/categories?post=9659"},{"taxonomy":"post_tag","embeddable":true,"href":"https:\/\/autofans.com.ar\/index.php\/wp-json\/wp\/v2\/tags?post=9659"}],"curies":[{"name":"wp","href":"https:\/\/api.w.org\/{rel}","templated":true}]}}