{"id":966,"date":"2023-03-21T17:24:37","date_gmt":"2023-03-21T20:24:37","guid":{"rendered":"https:\/\/autofans.com.ar\/?p=966"},"modified":"2023-04-09T14:21:49","modified_gmt":"2023-04-09T17:21:49","slug":"nissan-formula-e-team-se-prepara-para-participar-en-el-e-prix-de-san-pablo","status":"publish","type":"post","link":"https:\/\/autofans.com.ar\/index.php\/2023\/03\/21\/nissan-formula-e-team-se-prepara-para-participar-en-el-e-prix-de-san-pablo\/","title":{"rendered":"Nissan Formula E Team se prepara para el e-Prix de San Pablo"},"content":{"rendered":"<p>Nissan Formula E Team se prepara para participar en el e-Prix de San Pablo. Este se llevar\u00e1 a cabo en una semana en Brasil. Asimismo Tomasso Volpe, Director Global de Motorsports de Nissan, explica que la participaci\u00f3n de Nissan en la F\u00f3rmula E es para promover su fuerte compromiso con la electrificaci\u00f3n y la sostenibilidad, y para generar una valiosa I+D mediante el desarrollo del autom\u00f3vil de F\u00f3rmula E que se puede utilizar en el negocio principal.<\/p>\n<p>&nbsp;<\/p>\n<p><img fetchpriority=\"high\" decoding=\"async\" class=\"aligncenter wp-image-970 size-full\" src=\"https:\/\/autofans.com.ar\/wp-content\/uploads\/2023\/03\/fotos-3-1-jpg.webp\" alt=\"formula-E\" width=\"1000\" height=\"667\" srcset=\"https:\/\/autofans.com.ar\/wp-content\/uploads\/2023\/03\/fotos-3-1-jpg.webp 1000w, https:\/\/autofans.com.ar\/wp-content\/uploads\/2023\/03\/fotos-3-1-300x200.webp 300w, https:\/\/autofans.com.ar\/wp-content\/uploads\/2023\/03\/fotos-3-1-768x512.webp 768w\" sizes=\"(max-width: 1000px) 100vw, 1000px\" \/><\/p>\n<p>Actualmente el equipo est\u00e1 compuesto por casi 40 personas, y todos son igualmente importantes para la performance en la pista. Los cambios realizados para esta temporada, que incluyen la primera temporada de la Generaci\u00f3n 3 y el cambio de ambos conductores, presentan desaf\u00edos adicionales pero tambi\u00e9n oportunidades para mejorar paso a paso durante la temporada y ser contendientes en el campeonato.<\/p>\n<p>&nbsp;<\/p>\n<div id='gallery-1' class='gallery galleryid-966 gallery-columns-2 gallery-size-large'><figure class='gallery-item'>\n\t\t\t<div class='gallery-icon landscape'>\n\t\t\t\t<a href='https:\/\/autofans.com.ar\/index.php\/2023\/03\/21\/nissan-formula-e-team-se-prepara-para-participar-en-el-e-prix-de-san-pablo\/fotos-2-2\/'><img loading=\"lazy\" width=\"640\" height=\"427\" src=\"https:\/\/autofans.com.ar\/wp-content\/uploads\/2023\/03\/fotos-2-1-jpg.webp\" class=\"attachment-large size-large\" alt=\"formula-E\" srcset=\"https:\/\/autofans.com.ar\/wp-content\/uploads\/2023\/03\/fotos-2-1-jpg.webp 1000w, https:\/\/autofans.com.ar\/wp-content\/uploads\/2023\/03\/fotos-2-1-300x200.webp 300w, https:\/\/autofans.com.ar\/wp-content\/uploads\/2023\/03\/fotos-2-1-768x512.webp 768w\" sizes=\"auto, (max-width: 640px) 100vw, 640px\" loading=\"lazy\" decoding=\"async\" \/><\/a>\n\t\t\t<\/div><\/figure><figure class='gallery-item'>\n\t\t\t<div class='gallery-icon landscape'>\n\t\t\t\t<a href='https:\/\/autofans.com.ar\/index.php\/2023\/03\/21\/nissan-formula-e-team-se-prepara-para-participar-en-el-e-prix-de-san-pablo\/fotos-1\/'><img loading=\"lazy\" width=\"640\" height=\"427\" src=\"https:\/\/autofans.com.ar\/wp-content\/uploads\/2023\/03\/fotos-1-jpg.webp\" class=\"attachment-large size-large\" alt=\"formula-E\" srcset=\"https:\/\/autofans.com.ar\/wp-content\/uploads\/2023\/03\/fotos-1-jpg.webp 1000w, https:\/\/autofans.com.ar\/wp-content\/uploads\/2023\/03\/fotos-1-300x200.webp 300w, https:\/\/autofans.com.ar\/wp-content\/uploads\/2023\/03\/fotos-1-768x512.webp 768w\" sizes=\"auto, (max-width: 640px) 100vw, 640px\" loading=\"lazy\" decoding=\"async\" \/><\/a>\n\t\t\t<\/div><\/figure>\n\t\t<\/div>\n\n<p>El equipo de Nissan Formula E est\u00e1 compuesto por mec\u00e1nicos y muchos ingenieros, ya que la gesti\u00f3n de la energ\u00eda es muy flexible y se puede reprogramar de diferentes maneras en la F\u00f3rmula E. Adem\u00e1s, otras funciones relacionadas con la calidad de los alimentos, la preparaci\u00f3n, la organizaci\u00f3n, la log\u00edstica, son cruciales para el desempe\u00f1o. Todo puede marcar la diferencia en el momento en que ponemos el auto en la pista.<\/p>\n<p>&nbsp;<\/p>\n<p><img decoding=\"async\" class=\"aligncenter wp-image-647 size-full\" src=\"https:\/\/autofans.com.ar\/wp-content\/uploads\/2023\/03\/Sacha-Fenestraz.jpg\" alt=\"Sacha Fenestraz\" width=\"1000\" height=\"667\" srcset=\"https:\/\/autofans.com.ar\/wp-content\/uploads\/2023\/03\/Sacha-Fenestraz.jpg 1000w, https:\/\/autofans.com.ar\/wp-content\/uploads\/2023\/03\/Sacha-Fenestraz-300x200.jpg 300w, https:\/\/autofans.com.ar\/wp-content\/uploads\/2023\/03\/Sacha-Fenestraz-768x512.jpg 768w\" sizes=\"(max-width: 1000px) 100vw, 1000px\" \/><\/p>\n<p>En cuanto a los pilotos, Sacha Fenestraz es el piloto nuevo y m\u00e1s joven, con menos experiencia en la F\u00f3rmula E, pero con un talento muy fuerte. Norman Nato, por su parte, tiene m\u00e1s experiencia en la F\u00f3rmula E y conoce mejor el deporte.<\/p>\n<p>En resumen la preparaci\u00f3n para el e-Prix de Brasil se basar\u00e1 en los datos hist\u00f3ricos que tendr\u00e1n de carreras anteriores. Esto indica que el circuito ser\u00e1 diferente. En definitiva habr\u00e1 muchas inc\u00f3gnitas que descubrir\u00e1n una vez que pongan los autos en pista en Brasil.<\/p>\n<p><center><iframe title=\"Nissan Formula E Team se prepara para el e-Prix de San Pablo\" width=\"640\" height=\"360\" src=\"https:\/\/www.youtube.com\/embed\/7tGooiP47qM?feature=oembed\" frameborder=\"0\" allow=\"accelerometer; autoplay; clipboard-write; encrypted-media; gyroscope; picture-in-picture; web-share\" referrerpolicy=\"strict-origin-when-cross-origin\" allowfullscreen><\/iframe><\/p>\n<p><\/center><i>Para enterarte de m\u00e1s novedades, no dejes de leer\u00a0<\/i><a href=\"https:\/\/autofans.thebrandsoup.com\/\"><i>nuestras notas<\/i><\/a><i>, de ver<\/i><b><i>\u00a0<\/i><\/b><a href=\"https:\/\/www.youtube.com\/channel\/UCgAC8UGHZYbT6P7PpmVnP7g\"><b><i>AUTOFANS TV<\/i><\/b><\/a><b><i>\u00a0<\/i><\/b><i>en nuestro\u00a0canal de Youtube. Adem\u00e1s seguinos en\u00a0<\/i><a href=\"https:\/\/www.instagram.com\/autofanstv\/\"><i>INSTAGRAM<\/i><\/a><i> y <\/i><a href=\"https:\/\/www.facebook.com\/autofansmas\/\"><i>FACEBOOK<\/i><\/a><i> para no perderte nada sobre las novedades del segmento automotor de Argentina y el mundo.<\/i><\/p>\n","protected":false},"excerpt":{"rendered":"<p>Nissan Formula E Team se prepara para participar en el e-Prix de San Pablo. Este&#8230;<\/p>\n","protected":false},"author":2,"featured_media":971,"comment_status":"closed","ping_status":"closed","sticky":false,"template":"","format":"standard","meta":{"footnotes":""},"categories":[127,16],"tags":[421,420,267,268,419,266,418],"class_list":["post-966","post","type-post","status-publish","format-standard","has-post-thumbnail","hentry","category-deporte","category-noticias","tag-competicion-de-automoviles-electricos","tag-e-prix-de-san-pablo","tag-formula-e","tag-nissan","tag-norman-nato","tag-sacha-fenestraz","tag-tomasso-volpe"],"yoast_head":"<!-- This site is optimized with the Yoast SEO plugin v27.5 - https:\/\/yoast.com\/product\/yoast-seo-wordpress\/ -->\n<title>Nissan Formula E Team se prepara para el e-Prix de San Pablo -<\/title>\n<meta name=\"description\" content=\"Nissan Formula E Team se prepara para participar en el e-Prix de San Pablo. Este se llevar\u00e1 a cabo en una semana en Brasil...\" \/>\n<meta name=\"robots\" content=\"index, follow, max-snippet:-1, max-image-preview:large, max-video-preview:-1\" \/>\n<link rel=\"canonical\" href=\"https:\/\/autofans.com.ar\/index.php\/2023\/03\/21\/nissan-formula-e-team-se-prepara-para-participar-en-el-e-prix-de-san-pablo\/\" \/>\n<meta property=\"og:locale\" content=\"es_ES\" \/>\n<meta property=\"og:type\" content=\"article\" \/>\n<meta property=\"og:title\" content=\"Nissan Formula E Team se prepara para el e-Prix de San Pablo -\" \/>\n<meta property=\"og:description\" content=\"Nissan Formula E Team se prepara para participar en el e-Prix de San Pablo. Este se llevar\u00e1 a cabo en una semana en Brasil...\" \/>\n<meta property=\"og:url\" content=\"https:\/\/autofans.com.ar\/index.php\/2023\/03\/21\/nissan-formula-e-team-se-prepara-para-participar-en-el-e-prix-de-san-pablo\/\" \/>\n<meta property=\"article:published_time\" content=\"2023-03-21T20:24:37+00:00\" \/>\n<meta property=\"article:modified_time\" content=\"2023-04-09T17:21:49+00:00\" \/>\n<meta property=\"og:image\" content=\"https:\/\/autofans.com.ar\/wp-content\/uploads\/2023\/03\/fotos-4-1-jpg.webp\" \/>\n\t<meta property=\"og:image:width\" content=\"1000\" \/>\n\t<meta property=\"og:image:height\" content=\"667\" \/>\n\t<meta property=\"og:image:type\" content=\"image\/jpeg\" \/>\n<meta name=\"author\" content=\"Alejandro Gabriel Rosito\" \/>\n<meta name=\"twitter:card\" content=\"summary_large_image\" \/>\n<meta name=\"twitter:label1\" content=\"Escrito por\" \/>\n\t<meta name=\"twitter:data1\" content=\"Alejandro Gabriel Rosito\" \/>\n\t<meta name=\"twitter:label2\" content=\"Tiempo de lectura\" \/>\n\t<meta name=\"twitter:data2\" content=\"2 minutos\" \/>\n<script type=\"application\/ld+json\" class=\"yoast-schema-graph\">{\"@context\":\"https:\\\/\\\/schema.org\",\"@graph\":[{\"@type\":\"Article\",\"@id\":\"https:\\\/\\\/autofans.com.ar\\\/index.php\\\/2023\\\/03\\\/21\\\/nissan-formula-e-team-se-prepara-para-participar-en-el-e-prix-de-san-pablo\\\/#article\",\"isPartOf\":{\"@id\":\"https:\\\/\\\/autofans.com.ar\\\/index.php\\\/2023\\\/03\\\/21\\\/nissan-formula-e-team-se-prepara-para-participar-en-el-e-prix-de-san-pablo\\\/\"},\"author\":{\"name\":\"Alejandro Gabriel Rosito\",\"@id\":\"https:\\\/\\\/autofans.com.ar\\\/#\\\/schema\\\/person\\\/4a8dda0b6df83ac3d6723e921274c2aa\"},\"headline\":\"Nissan Formula E Team se prepara para el e-Prix de San Pablo\",\"datePublished\":\"2023-03-21T20:24:37+00:00\",\"dateModified\":\"2023-04-09T17:21:49+00:00\",\"mainEntityOfPage\":{\"@id\":\"https:\\\/\\\/autofans.com.ar\\\/index.php\\\/2023\\\/03\\\/21\\\/nissan-formula-e-team-se-prepara-para-participar-en-el-e-prix-de-san-pablo\\\/\"},\"wordCount\":395,\"image\":{\"@id\":\"https:\\\/\\\/autofans.com.ar\\\/index.php\\\/2023\\\/03\\\/21\\\/nissan-formula-e-team-se-prepara-para-participar-en-el-e-prix-de-san-pablo\\\/#primaryimage\"},\"thumbnailUrl\":\"https:\\\/\\\/autofans.com.ar\\\/wp-content\\\/uploads\\\/2023\\\/03\\\/fotos-4-1-jpg.webp\",\"keywords\":[\"competici\u00f3n de autom\u00f3viles el\u00e9ctricos\",\"e-Prix de San Pablo\",\"F\u00f3rmula E\",\"Nissan\",\"Norman Nato\",\"Sacha Fenestraz\",\"Tomasso Volpe\"],\"articleSection\":[\"DEPORTE MOTOR\",\"NOTICIAS\"],\"inLanguage\":\"es\"},{\"@type\":\"WebPage\",\"@id\":\"https:\\\/\\\/autofans.com.ar\\\/index.php\\\/2023\\\/03\\\/21\\\/nissan-formula-e-team-se-prepara-para-participar-en-el-e-prix-de-san-pablo\\\/\",\"url\":\"https:\\\/\\\/autofans.com.ar\\\/index.php\\\/2023\\\/03\\\/21\\\/nissan-formula-e-team-se-prepara-para-participar-en-el-e-prix-de-san-pablo\\\/\",\"name\":\"Nissan Formula E Team se prepara para el e-Prix de San Pablo -\",\"isPartOf\":{\"@id\":\"https:\\\/\\\/autofans.com.ar\\\/#website\"},\"primaryImageOfPage\":{\"@id\":\"https:\\\/\\\/autofans.com.ar\\\/index.php\\\/2023\\\/03\\\/21\\\/nissan-formula-e-team-se-prepara-para-participar-en-el-e-prix-de-san-pablo\\\/#primaryimage\"},\"image\":{\"@id\":\"https:\\\/\\\/autofans.com.ar\\\/index.php\\\/2023\\\/03\\\/21\\\/nissan-formula-e-team-se-prepara-para-participar-en-el-e-prix-de-san-pablo\\\/#primaryimage\"},\"thumbnailUrl\":\"https:\\\/\\\/autofans.com.ar\\\/wp-content\\\/uploads\\\/2023\\\/03\\\/fotos-4-1-jpg.webp\",\"datePublished\":\"2023-03-21T20:24:37+00:00\",\"dateModified\":\"2023-04-09T17:21:49+00:00\",\"author\":{\"@id\":\"https:\\\/\\\/autofans.com.ar\\\/#\\\/schema\\\/person\\\/4a8dda0b6df83ac3d6723e921274c2aa\"},\"description\":\"Nissan Formula E Team se prepara para participar en el e-Prix de San Pablo. Este se llevar\u00e1 a cabo en una semana en Brasil...\",\"breadcrumb\":{\"@id\":\"https:\\\/\\\/autofans.com.ar\\\/index.php\\\/2023\\\/03\\\/21\\\/nissan-formula-e-team-se-prepara-para-participar-en-el-e-prix-de-san-pablo\\\/#breadcrumb\"},\"inLanguage\":\"es\",\"potentialAction\":[{\"@type\":\"ReadAction\",\"target\":[\"https:\\\/\\\/autofans.com.ar\\\/index.php\\\/2023\\\/03\\\/21\\\/nissan-formula-e-team-se-prepara-para-participar-en-el-e-prix-de-san-pablo\\\/\"]}]},{\"@type\":\"ImageObject\",\"inLanguage\":\"es\",\"@id\":\"https:\\\/\\\/autofans.com.ar\\\/index.php\\\/2023\\\/03\\\/21\\\/nissan-formula-e-team-se-prepara-para-participar-en-el-e-prix-de-san-pablo\\\/#primaryimage\",\"url\":\"https:\\\/\\\/autofans.com.ar\\\/wp-content\\\/uploads\\\/2023\\\/03\\\/fotos-4-1-jpg.webp\",\"contentUrl\":\"https:\\\/\\\/autofans.com.ar\\\/wp-content\\\/uploads\\\/2023\\\/03\\\/fotos-4-1-jpg.webp\",\"width\":1000,\"height\":667,\"caption\":\"formula-E\"},{\"@type\":\"BreadcrumbList\",\"@id\":\"https:\\\/\\\/autofans.com.ar\\\/index.php\\\/2023\\\/03\\\/21\\\/nissan-formula-e-team-se-prepara-para-participar-en-el-e-prix-de-san-pablo\\\/#breadcrumb\",\"itemListElement\":[{\"@type\":\"ListItem\",\"position\":1,\"name\":\"Inicio\",\"item\":\"https:\\\/\\\/autofans.com.ar\\\/\"},{\"@type\":\"ListItem\",\"position\":2,\"name\":\"Nissan Formula E Team se prepara para el e-Prix de San Pablo\"}]},{\"@type\":\"WebSite\",\"@id\":\"https:\\\/\\\/autofans.com.ar\\\/#website\",\"url\":\"https:\\\/\\\/autofans.com.ar\\\/\",\"name\":\"\",\"description\":\"El multimedio referente de la industria automotriz\",\"potentialAction\":[{\"@type\":\"SearchAction\",\"target\":{\"@type\":\"EntryPoint\",\"urlTemplate\":\"https:\\\/\\\/autofans.com.ar\\\/?s={search_term_string}\"},\"query-input\":{\"@type\":\"PropertyValueSpecification\",\"valueRequired\":true,\"valueName\":\"search_term_string\"}}],\"inLanguage\":\"es\"},{\"@type\":\"Person\",\"@id\":\"https:\\\/\\\/autofans.com.ar\\\/#\\\/schema\\\/person\\\/4a8dda0b6df83ac3d6723e921274c2aa\",\"name\":\"Alejandro Gabriel Rosito\",\"image\":{\"@type\":\"ImageObject\",\"inLanguage\":\"es\",\"@id\":\"https:\\\/\\\/secure.gravatar.com\\\/avatar\\\/16c5dda1489adfc62618084dcbb91cffd879c374b13fe5dd8e44ed6733852c88?s=96&d=mm&r=g\",\"url\":\"https:\\\/\\\/secure.gravatar.com\\\/avatar\\\/16c5dda1489adfc62618084dcbb91cffd879c374b13fe5dd8e44ed6733852c88?s=96&d=mm&r=g\",\"contentUrl\":\"https:\\\/\\\/secure.gravatar.com\\\/avatar\\\/16c5dda1489adfc62618084dcbb91cffd879c374b13fe5dd8e44ed6733852c88?s=96&d=mm&r=g\",\"caption\":\"Alejandro Gabriel Rosito\"},\"url\":\"https:\\\/\\\/autofans.com.ar\\\/index.php\\\/author\\\/gabrielr\\\/\"}]}<\/script>\n<!-- \/ Yoast SEO plugin. -->","yoast_head_json":{"title":"Nissan Formula E Team se prepara para el e-Prix de San Pablo -","description":"Nissan Formula E Team se prepara para participar en el e-Prix de San Pablo. Este se llevar\u00e1 a cabo en una semana en Brasil...","robots":{"index":"index","follow":"follow","max-snippet":"max-snippet:-1","max-image-preview":"max-image-preview:large","max-video-preview":"max-video-preview:-1"},"canonical":"https:\/\/autofans.com.ar\/index.php\/2023\/03\/21\/nissan-formula-e-team-se-prepara-para-participar-en-el-e-prix-de-san-pablo\/","og_locale":"es_ES","og_type":"article","og_title":"Nissan Formula E Team se prepara para el e-Prix de San Pablo -","og_description":"Nissan Formula E Team se prepara para participar en el e-Prix de San Pablo. Este se llevar\u00e1 a cabo en una semana en Brasil...","og_url":"https:\/\/autofans.com.ar\/index.php\/2023\/03\/21\/nissan-formula-e-team-se-prepara-para-participar-en-el-e-prix-de-san-pablo\/","article_published_time":"2023-03-21T20:24:37+00:00","article_modified_time":"2023-04-09T17:21:49+00:00","og_image":[{"width":1000,"height":667,"url":"https:\/\/autofans.com.ar\/wp-content\/uploads\/2023\/03\/fotos-4-1-jpg.webp","type":"image\/jpeg"}],"author":"Alejandro Gabriel Rosito","twitter_card":"summary_large_image","twitter_misc":{"Escrito por":"Alejandro Gabriel Rosito","Tiempo de lectura":"2 minutos"},"schema":{"@context":"https:\/\/schema.org","@graph":[{"@type":"Article","@id":"https:\/\/autofans.com.ar\/index.php\/2023\/03\/21\/nissan-formula-e-team-se-prepara-para-participar-en-el-e-prix-de-san-pablo\/#article","isPartOf":{"@id":"https:\/\/autofans.com.ar\/index.php\/2023\/03\/21\/nissan-formula-e-team-se-prepara-para-participar-en-el-e-prix-de-san-pablo\/"},"author":{"name":"Alejandro Gabriel Rosito","@id":"https:\/\/autofans.com.ar\/#\/schema\/person\/4a8dda0b6df83ac3d6723e921274c2aa"},"headline":"Nissan Formula E Team se prepara para el e-Prix de San Pablo","datePublished":"2023-03-21T20:24:37+00:00","dateModified":"2023-04-09T17:21:49+00:00","mainEntityOfPage":{"@id":"https:\/\/autofans.com.ar\/index.php\/2023\/03\/21\/nissan-formula-e-team-se-prepara-para-participar-en-el-e-prix-de-san-pablo\/"},"wordCount":395,"image":{"@id":"https:\/\/autofans.com.ar\/index.php\/2023\/03\/21\/nissan-formula-e-team-se-prepara-para-participar-en-el-e-prix-de-san-pablo\/#primaryimage"},"thumbnailUrl":"https:\/\/autofans.com.ar\/wp-content\/uploads\/2023\/03\/fotos-4-1-jpg.webp","keywords":["competici\u00f3n de autom\u00f3viles el\u00e9ctricos","e-Prix de San Pablo","F\u00f3rmula E","Nissan","Norman Nato","Sacha Fenestraz","Tomasso Volpe"],"articleSection":["DEPORTE MOTOR","NOTICIAS"],"inLanguage":"es"},{"@type":"WebPage","@id":"https:\/\/autofans.com.ar\/index.php\/2023\/03\/21\/nissan-formula-e-team-se-prepara-para-participar-en-el-e-prix-de-san-pablo\/","url":"https:\/\/autofans.com.ar\/index.php\/2023\/03\/21\/nissan-formula-e-team-se-prepara-para-participar-en-el-e-prix-de-san-pablo\/","name":"Nissan Formula E Team se prepara para el e-Prix de San Pablo -","isPartOf":{"@id":"https:\/\/autofans.com.ar\/#website"},"primaryImageOfPage":{"@id":"https:\/\/autofans.com.ar\/index.php\/2023\/03\/21\/nissan-formula-e-team-se-prepara-para-participar-en-el-e-prix-de-san-pablo\/#primaryimage"},"image":{"@id":"https:\/\/autofans.com.ar\/index.php\/2023\/03\/21\/nissan-formula-e-team-se-prepara-para-participar-en-el-e-prix-de-san-pablo\/#primaryimage"},"thumbnailUrl":"https:\/\/autofans.com.ar\/wp-content\/uploads\/2023\/03\/fotos-4-1-jpg.webp","datePublished":"2023-03-21T20:24:37+00:00","dateModified":"2023-04-09T17:21:49+00:00","author":{"@id":"https:\/\/autofans.com.ar\/#\/schema\/person\/4a8dda0b6df83ac3d6723e921274c2aa"},"description":"Nissan Formula E Team se prepara para participar en el e-Prix de San Pablo. Este se llevar\u00e1 a cabo en una semana en Brasil...","breadcrumb":{"@id":"https:\/\/autofans.com.ar\/index.php\/2023\/03\/21\/nissan-formula-e-team-se-prepara-para-participar-en-el-e-prix-de-san-pablo\/#breadcrumb"},"inLanguage":"es","potentialAction":[{"@type":"ReadAction","target":["https:\/\/autofans.com.ar\/index.php\/2023\/03\/21\/nissan-formula-e-team-se-prepara-para-participar-en-el-e-prix-de-san-pablo\/"]}]},{"@type":"ImageObject","inLanguage":"es","@id":"https:\/\/autofans.com.ar\/index.php\/2023\/03\/21\/nissan-formula-e-team-se-prepara-para-participar-en-el-e-prix-de-san-pablo\/#primaryimage","url":"https:\/\/autofans.com.ar\/wp-content\/uploads\/2023\/03\/fotos-4-1-jpg.webp","contentUrl":"https:\/\/autofans.com.ar\/wp-content\/uploads\/2023\/03\/fotos-4-1-jpg.webp","width":1000,"height":667,"caption":"formula-E"},{"@type":"BreadcrumbList","@id":"https:\/\/autofans.com.ar\/index.php\/2023\/03\/21\/nissan-formula-e-team-se-prepara-para-participar-en-el-e-prix-de-san-pablo\/#breadcrumb","itemListElement":[{"@type":"ListItem","position":1,"name":"Inicio","item":"https:\/\/autofans.com.ar\/"},{"@type":"ListItem","position":2,"name":"Nissan Formula E Team se prepara para el e-Prix de San Pablo"}]},{"@type":"WebSite","@id":"https:\/\/autofans.com.ar\/#website","url":"https:\/\/autofans.com.ar\/","name":"","description":"El multimedio referente de la industria automotriz","potentialAction":[{"@type":"SearchAction","target":{"@type":"EntryPoint","urlTemplate":"https:\/\/autofans.com.ar\/?s={search_term_string}"},"query-input":{"@type":"PropertyValueSpecification","valueRequired":true,"valueName":"search_term_string"}}],"inLanguage":"es"},{"@type":"Person","@id":"https:\/\/autofans.com.ar\/#\/schema\/person\/4a8dda0b6df83ac3d6723e921274c2aa","name":"Alejandro Gabriel Rosito","image":{"@type":"ImageObject","inLanguage":"es","@id":"https:\/\/secure.gravatar.com\/avatar\/16c5dda1489adfc62618084dcbb91cffd879c374b13fe5dd8e44ed6733852c88?s=96&d=mm&r=g","url":"https:\/\/secure.gravatar.com\/avatar\/16c5dda1489adfc62618084dcbb91cffd879c374b13fe5dd8e44ed6733852c88?s=96&d=mm&r=g","contentUrl":"https:\/\/secure.gravatar.com\/avatar\/16c5dda1489adfc62618084dcbb91cffd879c374b13fe5dd8e44ed6733852c88?s=96&d=mm&r=g","caption":"Alejandro Gabriel Rosito"},"url":"https:\/\/autofans.com.ar\/index.php\/author\/gabrielr\/"}]}},"featured_image_urls":{"full":["https:\/\/autofans.com.ar\/wp-content\/uploads\/2023\/03\/fotos-4-1-jpg.webp",1000,667,false],"thumbnail":["https:\/\/autofans.com.ar\/wp-content\/uploads\/2023\/03\/fotos-4-1-150x150.webp",150,150,true],"medium":["https:\/\/autofans.com.ar\/wp-content\/uploads\/2023\/03\/fotos-4-1-300x200.webp",300,200,true],"medium_large":["https:\/\/autofans.com.ar\/wp-content\/uploads\/2023\/03\/fotos-4-1-768x512.webp",640,427,true],"large":["https:\/\/autofans.com.ar\/wp-content\/uploads\/2023\/03\/fotos-4-1-jpg.webp",640,427,false],"1536x1536":["https:\/\/autofans.com.ar\/wp-content\/uploads\/2023\/03\/fotos-4-1-jpg.webp",1000,667,false],"2048x2048":["https:\/\/autofans.com.ar\/wp-content\/uploads\/2023\/03\/fotos-4-1-jpg.webp",1000,667,false],"covernews-featured":["https:\/\/autofans.com.ar\/wp-content\/uploads\/2023\/03\/fotos-4-1-jpg.webp",1000,667,false],"covernews-medium":["https:\/\/autofans.com.ar\/wp-content\/uploads\/2023\/03\/fotos-4-1-540x340.webp",540,340,true]},"author_info":{"display_name":"Alejandro Gabriel Rosito","author_link":"https:\/\/autofans.com.ar\/index.php\/author\/gabrielr\/"},"category_info":"<a href=\"https:\/\/autofans.com.ar\/index.php\/category\/noticias\/deporte\/\" rel=\"category tag\">DEPORTE MOTOR<\/a> <a href=\"https:\/\/autofans.com.ar\/index.php\/category\/noticias\/\" rel=\"category tag\">NOTICIAS<\/a>","tag_info":"NOTICIAS","comment_count":0,"_links":{"self":[{"href":"https:\/\/autofans.com.ar\/index.php\/wp-json\/wp\/v2\/posts\/966","targetHints":{"allow":["GET"]}}],"collection":[{"href":"https:\/\/autofans.com.ar\/index.php\/wp-json\/wp\/v2\/posts"}],"about":[{"href":"https:\/\/autofans.com.ar\/index.php\/wp-json\/wp\/v2\/types\/post"}],"author":[{"embeddable":true,"href":"https:\/\/autofans.com.ar\/index.php\/wp-json\/wp\/v2\/users\/2"}],"replies":[{"embeddable":true,"href":"https:\/\/autofans.com.ar\/index.php\/wp-json\/wp\/v2\/comments?post=966"}],"version-history":[{"count":12,"href":"https:\/\/autofans.com.ar\/index.php\/wp-json\/wp\/v2\/posts\/966\/revisions"}],"predecessor-version":[{"id":979,"href":"https:\/\/autofans.com.ar\/index.php\/wp-json\/wp\/v2\/posts\/966\/revisions\/979"}],"wp:featuredmedia":[{"embeddable":true,"href":"https:\/\/autofans.com.ar\/index.php\/wp-json\/wp\/v2\/media\/971"}],"wp:attachment":[{"href":"https:\/\/autofans.com.ar\/index.php\/wp-json\/wp\/v2\/media?parent=966"}],"wp:term":[{"taxonomy":"category","embeddable":true,"href":"https:\/\/autofans.com.ar\/index.php\/wp-json\/wp\/v2\/categories?post=966"},{"taxonomy":"post_tag","embeddable":true,"href":"https:\/\/autofans.com.ar\/index.php\/wp-json\/wp\/v2\/tags?post=966"}],"curies":[{"name":"wp","href":"https:\/\/api.w.org\/{rel}","templated":true}]}}