{"id":9698,"date":"2024-11-06T16:26:54","date_gmt":"2024-11-06T19:26:54","guid":{"rendered":"https:\/\/autofans.com.ar\/?p=9698"},"modified":"2024-11-06T16:26:54","modified_gmt":"2024-11-06T19:26:54","slug":"mercedes-benz-presenta-su-linea-de-camiones-electricos-en-fenatran","status":"publish","type":"post","link":"https:\/\/autofans.com.ar\/index.php\/2024\/11\/06\/mercedes-benz-presenta-su-linea-de-camiones-electricos-en-fenatran\/","title":{"rendered":"Mercedes-Benz presenta su l\u00ednea de camiones el\u00e9ctricos en Fenatran"},"content":{"rendered":"<p>En el marco de Fenatran 2024, la exposici\u00f3n m\u00e1s relevante de transporte y log\u00edstica en Am\u00e9rica Latina, Mercedes-Benz reafirm\u00f3 su compromiso con un transporte de cero emisiones y present\u00f3 su renovada l\u00ednea de camiones y servicios enfocados en la eficiencia, seguridad y confort para conductores. Fenatran, celebrado en S\u00e3o Paulo, fue el escenario donde la marca de la estrella dio a conocer sus m\u00e1s recientes avances que estar\u00e1n disponibles en Sudam\u00e9rica.<\/p>\n<p>&nbsp;<\/p>\n<h2>Mercedes-Benz &#8211; camiones innovadores para el transporte sustentable<\/h2>\n<p>Entre los modelos destacados se encuentra el nuevo Accelo Facelift, orientado a operaciones de distribuci\u00f3n urbana y recorridos cortos. Con capacidades de carga de 9, 11 y 14 toneladas, el Accelo combina eficiencia, robustez y agilidad, adapt\u00e1ndose a entornos urbanos. Adem\u00e1s, su redise\u00f1o incluye una parrilla frontal y \u00f3pticas LED, lo que mejora la visibilidad y reduce el consumo de energ\u00eda.<\/p>\n<p>Para necesidades de transporte regional, Atego presenta versiones 1933, 2429, 1719 y 3133. Estos camiones medianos ofrecen un balance entre productividad y seguridad con cabinas ergon\u00f3micas y sistemas avanzados de asistencia, optimizando tanto la carga como el confort del conductor.<\/p>\n<p>&nbsp;<\/p>\n<div id='gallery-1' class='gallery galleryid-9698 gallery-columns-2 gallery-size-full'><figure class='gallery-item'>\n\t\t\t<div class='gallery-icon landscape'>\n\t\t\t\t<a href='https:\/\/autofans.com.ar\/index.php\/2024\/11\/06\/mercedes-benz-presenta-su-linea-de-camiones-electricos-en-fenatran\/mercedes-5-4\/'><img loading=\"lazy\" width=\"1000\" height=\"667\" src=\"https:\/\/autofans.com.ar\/wp-content\/uploads\/2024\/11\/mercedes-5.jpg\" class=\"attachment-full size-full\" alt=\"Mercedes-Benz\" aria-describedby=\"gallery-1-9700\" srcset=\"https:\/\/autofans.com.ar\/wp-content\/uploads\/2024\/11\/mercedes-5.jpg 1000w, https:\/\/autofans.com.ar\/wp-content\/uploads\/2024\/11\/mercedes-5-300x200.jpg 300w, https:\/\/autofans.com.ar\/wp-content\/uploads\/2024\/11\/mercedes-5-768x512.jpg 768w\" sizes=\"auto, (max-width: 1000px) 100vw, 1000px\" loading=\"lazy\" decoding=\"async\" \/><\/a>\n\t\t\t<\/div>\n\t\t\t\t<figcaption class='wp-caption-text gallery-caption' id='gallery-1-9700'>\n\t\t\t\teCanter\n\t\t\t\t<\/figcaption><\/figure><figure class='gallery-item'>\n\t\t\t<div class='gallery-icon landscape'>\n\t\t\t\t<a href='https:\/\/autofans.com.ar\/index.php\/2024\/11\/06\/mercedes-benz-presenta-su-linea-de-camiones-electricos-en-fenatran\/mercedes-2-27\/'><img loading=\"lazy\" width=\"1000\" height=\"667\" src=\"https:\/\/autofans.com.ar\/wp-content\/uploads\/2024\/11\/mercedes-2.jpg\" class=\"attachment-full size-full\" alt=\"Mercedes-Benz\" aria-describedby=\"gallery-1-9703\" srcset=\"https:\/\/autofans.com.ar\/wp-content\/uploads\/2024\/11\/mercedes-2.jpg 1000w, https:\/\/autofans.com.ar\/wp-content\/uploads\/2024\/11\/mercedes-2-300x200.jpg 300w, https:\/\/autofans.com.ar\/wp-content\/uploads\/2024\/11\/mercedes-2-768x512.jpg 768w\" sizes=\"auto, (max-width: 1000px) 100vw, 1000px\" loading=\"lazy\" decoding=\"async\" \/><\/a>\n\t\t\t<\/div>\n\t\t\t\t<figcaption class='wp-caption-text gallery-caption' id='gallery-1-9703'>\n\t\t\t\teActros\n\t\t\t\t<\/figcaption><\/figure>\n\t\t<\/div>\n\n<p>&nbsp;<\/p>\n<p>Con un enfoque en la electrificaci\u00f3n, el eCanter es el cami\u00f3n el\u00e9ctrico que Mercedes-Benz introducir\u00e1 en Brasil. Con capacidad de 7,5 y 8,5 toneladas y tres opciones de autonom\u00eda de hasta 200 km, este modelo tiene un sistema de regeneraci\u00f3n energ\u00e9tica en el frenado. A partir de 2025, diez unidades ser\u00e1n distribuidas en Brasil para pruebas en diversas aplicaciones.<\/p>\n<p>Para cargas interurbanas, el eActros ya es una opci\u00f3n en Europa y pronto estar\u00e1 en Brasil. Este cami\u00f3n el\u00e9ctrico ofrece entre 220 y 400 km de autonom\u00eda, siendo ideal para el comercio electr\u00f3nico y el retail. Su sistema de carga r\u00e1pida permite recuperar la energ\u00eda en menos de una hora y media, asegurando m\u00e1xima disponibilidad operativa.<\/p>\n<p>&nbsp;<\/p>\n<h2>Servicios digitales y soluciones postventa para una log\u00edstica eficiente<\/h2>\n<p>Mercedes-Benz tambi\u00e9n mostr\u00f3 en su stand una amplia gama de servicios digitales. Con el nuevo portal Fleetboard, que estar\u00e1 disponible en Argentina en 2025, las flotas podr\u00e1n monitorear en tiempo real el estado de cada veh\u00edculo. La marca tambi\u00e9n ofrece el Plan Completo de Mantenimiento Flex, que ajusta el costo mensual seg\u00fan los kil\u00f3metros recorridos, y el canal de atenci\u00f3n por WhatsApp para asistencia en l\u00ednea.<\/p>\n<p>&nbsp;<\/p>\n<div id='gallery-2' class='gallery galleryid-9698 gallery-columns-2 gallery-size-full'><figure class='gallery-item'>\n\t\t\t<div class='gallery-icon landscape'>\n\t\t\t\t<a href='https:\/\/autofans.com.ar\/index.php\/2024\/11\/06\/mercedes-benz-presenta-su-linea-de-camiones-electricos-en-fenatran\/mercedes-1-25\/'><img loading=\"lazy\" width=\"1000\" height=\"667\" src=\"https:\/\/autofans.com.ar\/wp-content\/uploads\/2024\/11\/mercedes-1.jpg\" class=\"attachment-full size-full\" alt=\"Mercedes-Benz\" aria-describedby=\"gallery-2-9704\" srcset=\"https:\/\/autofans.com.ar\/wp-content\/uploads\/2024\/11\/mercedes-1.jpg 1000w, https:\/\/autofans.com.ar\/wp-content\/uploads\/2024\/11\/mercedes-1-300x200.jpg 300w, https:\/\/autofans.com.ar\/wp-content\/uploads\/2024\/11\/mercedes-1-768x512.jpg 768w\" sizes=\"auto, (max-width: 1000px) 100vw, 1000px\" loading=\"lazy\" decoding=\"async\" \/><\/a>\n\t\t\t<\/div>\n\t\t\t\t<figcaption class='wp-caption-text gallery-caption' id='gallery-2-9704'>\n\t\t\t\tAccelo 1117 &#8211; Robustez\n\t\t\t\t<\/figcaption><\/figure><figure class='gallery-item'>\n\t\t\t<div class='gallery-icon landscape'>\n\t\t\t\t<a href='https:\/\/autofans.com.ar\/index.php\/2024\/11\/06\/mercedes-benz-presenta-su-linea-de-camiones-electricos-en-fenatran\/mercedes-3-23\/'><img loading=\"lazy\" width=\"1000\" height=\"667\" src=\"https:\/\/autofans.com.ar\/wp-content\/uploads\/2024\/11\/mercedes-3.jpg\" class=\"attachment-full size-full\" alt=\"Mercedes-Benz\" aria-describedby=\"gallery-2-9702\" srcset=\"https:\/\/autofans.com.ar\/wp-content\/uploads\/2024\/11\/mercedes-3.jpg 1000w, https:\/\/autofans.com.ar\/wp-content\/uploads\/2024\/11\/mercedes-3-300x200.jpg 300w, https:\/\/autofans.com.ar\/wp-content\/uploads\/2024\/11\/mercedes-3-768x512.jpg 768w\" sizes=\"auto, (max-width: 1000px) 100vw, 1000px\" loading=\"lazy\" decoding=\"async\" \/><\/a>\n\t\t\t<\/div>\n\t\t\t\t<figcaption class='wp-caption-text gallery-caption' id='gallery-2-9702'>\n\t\t\t\tATEGO 3133\n\t\t\t\t<\/figcaption><\/figure>\n\t\t<\/div>\n\n<p>&nbsp;<\/p>\n<p>Finalmente, el programa TruckTraining proporciona capacitaci\u00f3n especializada para los conductores, promoviendo pr\u00e1cticas de manejo seguras y sostenibles.<\/p>\n<p>Con estas innovaciones, Mercedes-Benz se posiciona como l\u00edder en soluciones para un transporte cada vez m\u00e1s eficiente y sustentable, cumpliendo con los m\u00e1s altos est\u00e1ndares de calidad y compromiso ambiental en el sector de log\u00edstica y transporte de carga.<\/p>\n<p>&nbsp;<\/p>\n<p>&nbsp;<\/p>\n<p><i>Para enterarte de m\u00e1s novedades, no dejes de leer\u00a0<\/i><a href=\"https:\/\/autofans.thebrandsoup.com\/\"><i>nuestras notas<\/i><\/a><i>, de ver<\/i><b><i>\u00a0<\/i><\/b><a href=\"https:\/\/www.youtube.com\/channel\/UCgAC8UGHZYbT6P7PpmVnP7g\"><b><i>AUTOFANS TV<\/i><\/b><\/a><b><i>\u00a0<\/i><\/b><i>en nuestro\u00a0canal de Youtube. Adem\u00e1s seguinos en\u00a0<\/i><a href=\"https:\/\/www.instagram.com\/autofanstv\/\"><i>INSTAGRAM<\/i><\/a><i> y <\/i><a href=\"https:\/\/www.facebook.com\/autofansmas\/\"><i>FACEBOOK<\/i><\/a><i> para no perderte nada sobre las novedades del segmento automotor de Argentina y el mundo.<\/i><\/p>\n","protected":false},"excerpt":{"rendered":"<p>En el marco de Fenatran 2024, la exposici\u00f3n m\u00e1s relevante de transporte y log\u00edstica en&#8230;<\/p>\n","protected":false},"author":2,"featured_media":9701,"comment_status":"closed","ping_status":"closed","sticky":false,"template":"","format":"standard","meta":{"footnotes":""},"categories":[341,1],"tags":[5239,5240,5237,5242,5238,5236,5079,2378,5241,5235],"class_list":["post-9698","post","type-post","status-publish","format-standard","has-post-thumbnail","hentry","category-hibridos-y-electricos","category-lanzamientos","tag-accelo-facelift","tag-atego-camion","tag-camiones-electricos-mercedes-benz","tag-camiones-sustentables-argentina","tag-eactros","tag-fenatran-2024","tag-fleetboard","tag-mercedes-benz-camiones","tag-postventa-mercedes-benz","tag-transporte-cero-emisiones"],"yoast_head":"<!-- This site is optimized with the Yoast SEO plugin v27.5 - https:\/\/yoast.com\/product\/yoast-seo-wordpress\/ -->\n<title>Mercedes-Benz presenta su l\u00ednea de camiones el\u00e9ctricos en Fenatran -<\/title>\n<meta name=\"description\" content=\"En el marco de Fenatran 2024, la exposici\u00f3n m\u00e1s relevante de transporte y log\u00edstica en Am\u00e9rica Latina, Mercedes-Benz reafirm\u00f3 su compromiso...\" \/>\n<meta name=\"robots\" content=\"index, follow, max-snippet:-1, max-image-preview:large, max-video-preview:-1\" \/>\n<link rel=\"canonical\" href=\"https:\/\/autofans.com.ar\/index.php\/2024\/11\/06\/mercedes-benz-presenta-su-linea-de-camiones-electricos-en-fenatran\/\" \/>\n<meta property=\"og:locale\" content=\"es_ES\" \/>\n<meta property=\"og:type\" content=\"article\" \/>\n<meta property=\"og:title\" content=\"Mercedes-Benz presenta su l\u00ednea de camiones el\u00e9ctricos en Fenatran -\" \/>\n<meta property=\"og:description\" content=\"En el marco de Fenatran 2024, la exposici\u00f3n m\u00e1s relevante de transporte y log\u00edstica en Am\u00e9rica Latina, Mercedes-Benz reafirm\u00f3 su compromiso...\" \/>\n<meta property=\"og:url\" content=\"https:\/\/autofans.com.ar\/index.php\/2024\/11\/06\/mercedes-benz-presenta-su-linea-de-camiones-electricos-en-fenatran\/\" \/>\n<meta property=\"article:published_time\" content=\"2024-11-06T19:26:54+00:00\" \/>\n<meta property=\"og:image\" content=\"https:\/\/autofans.com.ar\/wp-content\/uploads\/2024\/11\/mercedes-4.jpg\" \/>\n\t<meta property=\"og:image:width\" content=\"640\" \/>\n\t<meta property=\"og:image:height\" content=\"427\" \/>\n\t<meta property=\"og:image:type\" content=\"image\/jpeg\" \/>\n<meta name=\"author\" content=\"Alejandro Gabriel Rosito\" \/>\n<meta name=\"twitter:card\" content=\"summary_large_image\" \/>\n<meta name=\"twitter:label1\" content=\"Escrito por\" \/>\n\t<meta name=\"twitter:data1\" content=\"Alejandro Gabriel Rosito\" \/>\n\t<meta name=\"twitter:label2\" content=\"Tiempo de lectura\" \/>\n\t<meta name=\"twitter:data2\" content=\"3 minutos\" \/>\n<script type=\"application\/ld+json\" class=\"yoast-schema-graph\">{\"@context\":\"https:\\\/\\\/schema.org\",\"@graph\":[{\"@type\":\"Article\",\"@id\":\"https:\\\/\\\/autofans.com.ar\\\/index.php\\\/2024\\\/11\\\/06\\\/mercedes-benz-presenta-su-linea-de-camiones-electricos-en-fenatran\\\/#article\",\"isPartOf\":{\"@id\":\"https:\\\/\\\/autofans.com.ar\\\/index.php\\\/2024\\\/11\\\/06\\\/mercedes-benz-presenta-su-linea-de-camiones-electricos-en-fenatran\\\/\"},\"author\":{\"name\":\"Alejandro Gabriel Rosito\",\"@id\":\"https:\\\/\\\/autofans.com.ar\\\/#\\\/schema\\\/person\\\/4a8dda0b6df83ac3d6723e921274c2aa\"},\"headline\":\"Mercedes-Benz presenta su l\u00ednea de camiones el\u00e9ctricos en Fenatran\",\"datePublished\":\"2024-11-06T19:26:54+00:00\",\"mainEntityOfPage\":{\"@id\":\"https:\\\/\\\/autofans.com.ar\\\/index.php\\\/2024\\\/11\\\/06\\\/mercedes-benz-presenta-su-linea-de-camiones-electricos-en-fenatran\\\/\"},\"wordCount\":529,\"image\":{\"@id\":\"https:\\\/\\\/autofans.com.ar\\\/index.php\\\/2024\\\/11\\\/06\\\/mercedes-benz-presenta-su-linea-de-camiones-electricos-en-fenatran\\\/#primaryimage\"},\"thumbnailUrl\":\"https:\\\/\\\/autofans.com.ar\\\/wp-content\\\/uploads\\\/2024\\\/11\\\/mercedes-4.jpg\",\"keywords\":[\"Accelo Facelift\",\"Atego cami\u00f3n\",\"camiones el\u00e9ctricos Mercedes-Benz\",\"camiones sustentables Argentina\",\"eActros\",\"Fenatran 2024\",\"Fleetboard\",\"Mercedes-Benz Camiones\",\"postventa Mercedes-Benz\",\"transporte cero emisiones\"],\"articleSection\":[\"HIBRIDOS, ELECTRICOS y otros\",\"LANZAMIENTOS\"],\"inLanguage\":\"es\"},{\"@type\":\"WebPage\",\"@id\":\"https:\\\/\\\/autofans.com.ar\\\/index.php\\\/2024\\\/11\\\/06\\\/mercedes-benz-presenta-su-linea-de-camiones-electricos-en-fenatran\\\/\",\"url\":\"https:\\\/\\\/autofans.com.ar\\\/index.php\\\/2024\\\/11\\\/06\\\/mercedes-benz-presenta-su-linea-de-camiones-electricos-en-fenatran\\\/\",\"name\":\"Mercedes-Benz presenta su l\u00ednea de camiones el\u00e9ctricos en Fenatran -\",\"isPartOf\":{\"@id\":\"https:\\\/\\\/autofans.com.ar\\\/#website\"},\"primaryImageOfPage\":{\"@id\":\"https:\\\/\\\/autofans.com.ar\\\/index.php\\\/2024\\\/11\\\/06\\\/mercedes-benz-presenta-su-linea-de-camiones-electricos-en-fenatran\\\/#primaryimage\"},\"image\":{\"@id\":\"https:\\\/\\\/autofans.com.ar\\\/index.php\\\/2024\\\/11\\\/06\\\/mercedes-benz-presenta-su-linea-de-camiones-electricos-en-fenatran\\\/#primaryimage\"},\"thumbnailUrl\":\"https:\\\/\\\/autofans.com.ar\\\/wp-content\\\/uploads\\\/2024\\\/11\\\/mercedes-4.jpg\",\"datePublished\":\"2024-11-06T19:26:54+00:00\",\"author\":{\"@id\":\"https:\\\/\\\/autofans.com.ar\\\/#\\\/schema\\\/person\\\/4a8dda0b6df83ac3d6723e921274c2aa\"},\"description\":\"En el marco de Fenatran 2024, la exposici\u00f3n m\u00e1s relevante de transporte y log\u00edstica en Am\u00e9rica Latina, Mercedes-Benz reafirm\u00f3 su compromiso...\",\"breadcrumb\":{\"@id\":\"https:\\\/\\\/autofans.com.ar\\\/index.php\\\/2024\\\/11\\\/06\\\/mercedes-benz-presenta-su-linea-de-camiones-electricos-en-fenatran\\\/#breadcrumb\"},\"inLanguage\":\"es\",\"potentialAction\":[{\"@type\":\"ReadAction\",\"target\":[\"https:\\\/\\\/autofans.com.ar\\\/index.php\\\/2024\\\/11\\\/06\\\/mercedes-benz-presenta-su-linea-de-camiones-electricos-en-fenatran\\\/\"]}]},{\"@type\":\"ImageObject\",\"inLanguage\":\"es\",\"@id\":\"https:\\\/\\\/autofans.com.ar\\\/index.php\\\/2024\\\/11\\\/06\\\/mercedes-benz-presenta-su-linea-de-camiones-electricos-en-fenatran\\\/#primaryimage\",\"url\":\"https:\\\/\\\/autofans.com.ar\\\/wp-content\\\/uploads\\\/2024\\\/11\\\/mercedes-4.jpg\",\"contentUrl\":\"https:\\\/\\\/autofans.com.ar\\\/wp-content\\\/uploads\\\/2024\\\/11\\\/mercedes-4.jpg\",\"width\":1000,\"height\":667,\"caption\":\"Mercedes-Benz\"},{\"@type\":\"BreadcrumbList\",\"@id\":\"https:\\\/\\\/autofans.com.ar\\\/index.php\\\/2024\\\/11\\\/06\\\/mercedes-benz-presenta-su-linea-de-camiones-electricos-en-fenatran\\\/#breadcrumb\",\"itemListElement\":[{\"@type\":\"ListItem\",\"position\":1,\"name\":\"Inicio\",\"item\":\"https:\\\/\\\/autofans.com.ar\\\/\"},{\"@type\":\"ListItem\",\"position\":2,\"name\":\"Mercedes-Benz presenta su l\u00ednea de camiones el\u00e9ctricos en Fenatran\"}]},{\"@type\":\"WebSite\",\"@id\":\"https:\\\/\\\/autofans.com.ar\\\/#website\",\"url\":\"https:\\\/\\\/autofans.com.ar\\\/\",\"name\":\"\",\"description\":\"El multimedio referente de la industria automotriz\",\"potentialAction\":[{\"@type\":\"SearchAction\",\"target\":{\"@type\":\"EntryPoint\",\"urlTemplate\":\"https:\\\/\\\/autofans.com.ar\\\/?s={search_term_string}\"},\"query-input\":{\"@type\":\"PropertyValueSpecification\",\"valueRequired\":true,\"valueName\":\"search_term_string\"}}],\"inLanguage\":\"es\"},{\"@type\":\"Person\",\"@id\":\"https:\\\/\\\/autofans.com.ar\\\/#\\\/schema\\\/person\\\/4a8dda0b6df83ac3d6723e921274c2aa\",\"name\":\"Alejandro Gabriel Rosito\",\"image\":{\"@type\":\"ImageObject\",\"inLanguage\":\"es\",\"@id\":\"https:\\\/\\\/secure.gravatar.com\\\/avatar\\\/16c5dda1489adfc62618084dcbb91cffd879c374b13fe5dd8e44ed6733852c88?s=96&d=mm&r=g\",\"url\":\"https:\\\/\\\/secure.gravatar.com\\\/avatar\\\/16c5dda1489adfc62618084dcbb91cffd879c374b13fe5dd8e44ed6733852c88?s=96&d=mm&r=g\",\"contentUrl\":\"https:\\\/\\\/secure.gravatar.com\\\/avatar\\\/16c5dda1489adfc62618084dcbb91cffd879c374b13fe5dd8e44ed6733852c88?s=96&d=mm&r=g\",\"caption\":\"Alejandro Gabriel Rosito\"},\"url\":\"https:\\\/\\\/autofans.com.ar\\\/index.php\\\/author\\\/gabrielr\\\/\"}]}<\/script>\n<!-- \/ Yoast SEO plugin. -->","yoast_head_json":{"title":"Mercedes-Benz presenta su l\u00ednea de camiones el\u00e9ctricos en Fenatran -","description":"En el marco de Fenatran 2024, la exposici\u00f3n m\u00e1s relevante de transporte y log\u00edstica en Am\u00e9rica Latina, Mercedes-Benz reafirm\u00f3 su compromiso...","robots":{"index":"index","follow":"follow","max-snippet":"max-snippet:-1","max-image-preview":"max-image-preview:large","max-video-preview":"max-video-preview:-1"},"canonical":"https:\/\/autofans.com.ar\/index.php\/2024\/11\/06\/mercedes-benz-presenta-su-linea-de-camiones-electricos-en-fenatran\/","og_locale":"es_ES","og_type":"article","og_title":"Mercedes-Benz presenta su l\u00ednea de camiones el\u00e9ctricos en Fenatran -","og_description":"En el marco de Fenatran 2024, la exposici\u00f3n m\u00e1s relevante de transporte y log\u00edstica en Am\u00e9rica Latina, Mercedes-Benz reafirm\u00f3 su compromiso...","og_url":"https:\/\/autofans.com.ar\/index.php\/2024\/11\/06\/mercedes-benz-presenta-su-linea-de-camiones-electricos-en-fenatran\/","article_published_time":"2024-11-06T19:26:54+00:00","og_image":[{"url":"https:\/\/autofans.com.ar\/wp-content\/uploads\/2024\/11\/mercedes-4.jpg","width":640,"height":427,"type":"image\/jpeg"}],"author":"Alejandro Gabriel Rosito","twitter_card":"summary_large_image","twitter_misc":{"Escrito por":"Alejandro Gabriel Rosito","Tiempo de lectura":"3 minutos"},"schema":{"@context":"https:\/\/schema.org","@graph":[{"@type":"Article","@id":"https:\/\/autofans.com.ar\/index.php\/2024\/11\/06\/mercedes-benz-presenta-su-linea-de-camiones-electricos-en-fenatran\/#article","isPartOf":{"@id":"https:\/\/autofans.com.ar\/index.php\/2024\/11\/06\/mercedes-benz-presenta-su-linea-de-camiones-electricos-en-fenatran\/"},"author":{"name":"Alejandro Gabriel Rosito","@id":"https:\/\/autofans.com.ar\/#\/schema\/person\/4a8dda0b6df83ac3d6723e921274c2aa"},"headline":"Mercedes-Benz presenta su l\u00ednea de camiones el\u00e9ctricos en Fenatran","datePublished":"2024-11-06T19:26:54+00:00","mainEntityOfPage":{"@id":"https:\/\/autofans.com.ar\/index.php\/2024\/11\/06\/mercedes-benz-presenta-su-linea-de-camiones-electricos-en-fenatran\/"},"wordCount":529,"image":{"@id":"https:\/\/autofans.com.ar\/index.php\/2024\/11\/06\/mercedes-benz-presenta-su-linea-de-camiones-electricos-en-fenatran\/#primaryimage"},"thumbnailUrl":"https:\/\/autofans.com.ar\/wp-content\/uploads\/2024\/11\/mercedes-4.jpg","keywords":["Accelo Facelift","Atego cami\u00f3n","camiones el\u00e9ctricos Mercedes-Benz","camiones sustentables Argentina","eActros","Fenatran 2024","Fleetboard","Mercedes-Benz Camiones","postventa Mercedes-Benz","transporte cero emisiones"],"articleSection":["HIBRIDOS, ELECTRICOS y otros","LANZAMIENTOS"],"inLanguage":"es"},{"@type":"WebPage","@id":"https:\/\/autofans.com.ar\/index.php\/2024\/11\/06\/mercedes-benz-presenta-su-linea-de-camiones-electricos-en-fenatran\/","url":"https:\/\/autofans.com.ar\/index.php\/2024\/11\/06\/mercedes-benz-presenta-su-linea-de-camiones-electricos-en-fenatran\/","name":"Mercedes-Benz presenta su l\u00ednea de camiones el\u00e9ctricos en Fenatran -","isPartOf":{"@id":"https:\/\/autofans.com.ar\/#website"},"primaryImageOfPage":{"@id":"https:\/\/autofans.com.ar\/index.php\/2024\/11\/06\/mercedes-benz-presenta-su-linea-de-camiones-electricos-en-fenatran\/#primaryimage"},"image":{"@id":"https:\/\/autofans.com.ar\/index.php\/2024\/11\/06\/mercedes-benz-presenta-su-linea-de-camiones-electricos-en-fenatran\/#primaryimage"},"thumbnailUrl":"https:\/\/autofans.com.ar\/wp-content\/uploads\/2024\/11\/mercedes-4.jpg","datePublished":"2024-11-06T19:26:54+00:00","author":{"@id":"https:\/\/autofans.com.ar\/#\/schema\/person\/4a8dda0b6df83ac3d6723e921274c2aa"},"description":"En el marco de Fenatran 2024, la exposici\u00f3n m\u00e1s relevante de transporte y log\u00edstica en Am\u00e9rica Latina, Mercedes-Benz reafirm\u00f3 su compromiso...","breadcrumb":{"@id":"https:\/\/autofans.com.ar\/index.php\/2024\/11\/06\/mercedes-benz-presenta-su-linea-de-camiones-electricos-en-fenatran\/#breadcrumb"},"inLanguage":"es","potentialAction":[{"@type":"ReadAction","target":["https:\/\/autofans.com.ar\/index.php\/2024\/11\/06\/mercedes-benz-presenta-su-linea-de-camiones-electricos-en-fenatran\/"]}]},{"@type":"ImageObject","inLanguage":"es","@id":"https:\/\/autofans.com.ar\/index.php\/2024\/11\/06\/mercedes-benz-presenta-su-linea-de-camiones-electricos-en-fenatran\/#primaryimage","url":"https:\/\/autofans.com.ar\/wp-content\/uploads\/2024\/11\/mercedes-4.jpg","contentUrl":"https:\/\/autofans.com.ar\/wp-content\/uploads\/2024\/11\/mercedes-4.jpg","width":1000,"height":667,"caption":"Mercedes-Benz"},{"@type":"BreadcrumbList","@id":"https:\/\/autofans.com.ar\/index.php\/2024\/11\/06\/mercedes-benz-presenta-su-linea-de-camiones-electricos-en-fenatran\/#breadcrumb","itemListElement":[{"@type":"ListItem","position":1,"name":"Inicio","item":"https:\/\/autofans.com.ar\/"},{"@type":"ListItem","position":2,"name":"Mercedes-Benz presenta su l\u00ednea de camiones el\u00e9ctricos en Fenatran"}]},{"@type":"WebSite","@id":"https:\/\/autofans.com.ar\/#website","url":"https:\/\/autofans.com.ar\/","name":"","description":"El multimedio referente de la industria automotriz","potentialAction":[{"@type":"SearchAction","target":{"@type":"EntryPoint","urlTemplate":"https:\/\/autofans.com.ar\/?s={search_term_string}"},"query-input":{"@type":"PropertyValueSpecification","valueRequired":true,"valueName":"search_term_string"}}],"inLanguage":"es"},{"@type":"Person","@id":"https:\/\/autofans.com.ar\/#\/schema\/person\/4a8dda0b6df83ac3d6723e921274c2aa","name":"Alejandro Gabriel Rosito","image":{"@type":"ImageObject","inLanguage":"es","@id":"https:\/\/secure.gravatar.com\/avatar\/16c5dda1489adfc62618084dcbb91cffd879c374b13fe5dd8e44ed6733852c88?s=96&d=mm&r=g","url":"https:\/\/secure.gravatar.com\/avatar\/16c5dda1489adfc62618084dcbb91cffd879c374b13fe5dd8e44ed6733852c88?s=96&d=mm&r=g","contentUrl":"https:\/\/secure.gravatar.com\/avatar\/16c5dda1489adfc62618084dcbb91cffd879c374b13fe5dd8e44ed6733852c88?s=96&d=mm&r=g","caption":"Alejandro Gabriel Rosito"},"url":"https:\/\/autofans.com.ar\/index.php\/author\/gabrielr\/"}]}},"featured_image_urls":{"full":["https:\/\/autofans.com.ar\/wp-content\/uploads\/2024\/11\/mercedes-4.jpg",1000,667,false],"thumbnail":["https:\/\/autofans.com.ar\/wp-content\/uploads\/2024\/11\/mercedes-4-150x150.jpg",150,150,true],"medium":["https:\/\/autofans.com.ar\/wp-content\/uploads\/2024\/11\/mercedes-4-300x200.jpg",300,200,true],"medium_large":["https:\/\/autofans.com.ar\/wp-content\/uploads\/2024\/11\/mercedes-4-768x512.jpg",640,427,true],"large":["https:\/\/autofans.com.ar\/wp-content\/uploads\/2024\/11\/mercedes-4.jpg",640,427,false],"1536x1536":["https:\/\/autofans.com.ar\/wp-content\/uploads\/2024\/11\/mercedes-4.jpg",1000,667,false],"2048x2048":["https:\/\/autofans.com.ar\/wp-content\/uploads\/2024\/11\/mercedes-4.jpg",1000,667,false],"covernews-featured":["https:\/\/autofans.com.ar\/wp-content\/uploads\/2024\/11\/mercedes-4.jpg",1000,667,false],"covernews-medium":["https:\/\/autofans.com.ar\/wp-content\/uploads\/2024\/11\/mercedes-4-540x340.jpg",540,340,true]},"author_info":{"display_name":"Alejandro Gabriel Rosito","author_link":"https:\/\/autofans.com.ar\/index.php\/author\/gabrielr\/"},"category_info":"<a href=\"https:\/\/autofans.com.ar\/index.php\/category\/noticias\/hibridos-y-electricos\/\" rel=\"category tag\">HIBRIDOS, ELECTRICOS y otros<\/a> <a href=\"https:\/\/autofans.com.ar\/index.php\/category\/lanzamientos\/\" rel=\"category tag\">LANZAMIENTOS<\/a>","tag_info":"LANZAMIENTOS","comment_count":0,"_links":{"self":[{"href":"https:\/\/autofans.com.ar\/index.php\/wp-json\/wp\/v2\/posts\/9698","targetHints":{"allow":["GET"]}}],"collection":[{"href":"https:\/\/autofans.com.ar\/index.php\/wp-json\/wp\/v2\/posts"}],"about":[{"href":"https:\/\/autofans.com.ar\/index.php\/wp-json\/wp\/v2\/types\/post"}],"author":[{"embeddable":true,"href":"https:\/\/autofans.com.ar\/index.php\/wp-json\/wp\/v2\/users\/2"}],"replies":[{"embeddable":true,"href":"https:\/\/autofans.com.ar\/index.php\/wp-json\/wp\/v2\/comments?post=9698"}],"version-history":[{"count":2,"href":"https:\/\/autofans.com.ar\/index.php\/wp-json\/wp\/v2\/posts\/9698\/revisions"}],"predecessor-version":[{"id":9706,"href":"https:\/\/autofans.com.ar\/index.php\/wp-json\/wp\/v2\/posts\/9698\/revisions\/9706"}],"wp:featuredmedia":[{"embeddable":true,"href":"https:\/\/autofans.com.ar\/index.php\/wp-json\/wp\/v2\/media\/9701"}],"wp:attachment":[{"href":"https:\/\/autofans.com.ar\/index.php\/wp-json\/wp\/v2\/media?parent=9698"}],"wp:term":[{"taxonomy":"category","embeddable":true,"href":"https:\/\/autofans.com.ar\/index.php\/wp-json\/wp\/v2\/categories?post=9698"},{"taxonomy":"post_tag","embeddable":true,"href":"https:\/\/autofans.com.ar\/index.php\/wp-json\/wp\/v2\/tags?post=9698"}],"curies":[{"name":"wp","href":"https:\/\/api.w.org\/{rel}","templated":true}]}}