{"id":9724,"date":"2024-11-07T21:15:41","date_gmt":"2024-11-08T00:15:41","guid":{"rendered":"https:\/\/autofans.com.ar\/?p=9724"},"modified":"2024-11-07T21:15:41","modified_gmt":"2024-11-08T00:15:41","slug":"volkswagen-presenta-su-futuro-fustentable-en-transporte-pesado","status":"publish","type":"post","link":"https:\/\/autofans.com.ar\/index.php\/2024\/11\/07\/volkswagen-presenta-su-futuro-fustentable-en-transporte-pesado\/","title":{"rendered":"Volkswagen presenta su futuro fustentable en transporte pesado"},"content":{"rendered":"<p>Volkswagen Camiones y Buses se destaca en Fenatran 2024 con propuestas innovadoras para el transporte sustentable. Este a\u00f1o, la marca presenta una serie de modelos que reflejan su compromiso con la reducci\u00f3n de emisiones y la descarbonizaci\u00f3n, respaldados por su centro global de ingenier\u00eda en Brasil.<\/p>\n<p>&nbsp;<\/p>\n<h2>Meteor Hybrid &#8211; hacia un transporte m\u00e1s eficiente<\/h2>\n<p>&nbsp;<\/p>\n<p><img fetchpriority=\"high\" decoding=\"async\" class=\"aligncenter wp-image-9726 size-full\" src=\"https:\/\/autofans.com.ar\/wp-content\/uploads\/2024\/11\/volkswagen-camiones-5.jpg\" alt=\"Volkswagen\" width=\"1000\" height=\"667\" srcset=\"https:\/\/autofans.com.ar\/wp-content\/uploads\/2024\/11\/volkswagen-camiones-5.jpg 1000w, https:\/\/autofans.com.ar\/wp-content\/uploads\/2024\/11\/volkswagen-camiones-5-300x200.jpg 300w, https:\/\/autofans.com.ar\/wp-content\/uploads\/2024\/11\/volkswagen-camiones-5-768x512.jpg 768w\" sizes=\"(max-width: 1000px) 100vw, 1000px\" \/><\/p>\n<p>&nbsp;<\/p>\n<p>El prototipo Meteor Hybrid, desarrollado en colaboraci\u00f3n con Suspensys, busca revolucionar el transporte por carretera al combinar un motor di\u00e9sel con un eje el\u00e9ctrico auxiliar. Este cami\u00f3n de tracci\u00f3n inteligente es capaz de recorrer grandes distancias sin requerir infraestructura de carga espec\u00edfica. Adem\u00e1s, al funcionar con HVO (aceite vegetal hidrotratado), reduce m\u00e1s del 90% de las emisiones de CO2e. Equipado con un sistema de bater\u00edas y un paquete aerodin\u00e1mico, el Meteor Hybrid promete eficiencia y sostenibilidad.<\/p>\n<p>&nbsp;<\/p>\n<h2>Constellation 26.280 Biometano: una opci\u00f3n ecol\u00f3gica para el transporte urbano<\/h2>\n<p>Dise\u00f1ado para ser alimentado con biometano, el Constellation 26.280 es el cami\u00f3n ideal para tareas urbanas y ambientales como la recolecci\u00f3n de residuos. Su capacidad de almacenamiento de gas (960 litros) le permite una autonom\u00eda destacada y logra una reducci\u00f3n de hasta el 90% en emisiones de CO2e.<\/p>\n<p>&nbsp;<\/p>\n<p><img decoding=\"async\" class=\"aligncenter wp-image-9730 size-full\" src=\"https:\/\/autofans.com.ar\/wp-content\/uploads\/2024\/11\/volkswagen-camiones-1.jpg\" alt=\"Volkswagen\" width=\"1000\" height=\"667\" srcset=\"https:\/\/autofans.com.ar\/wp-content\/uploads\/2024\/11\/volkswagen-camiones-1.jpg 1000w, https:\/\/autofans.com.ar\/wp-content\/uploads\/2024\/11\/volkswagen-camiones-1-300x200.jpg 300w, https:\/\/autofans.com.ar\/wp-content\/uploads\/2024\/11\/volkswagen-camiones-1-768x512.jpg 768w\" sizes=\"(max-width: 1000px) 100vw, 1000px\" \/><\/p>\n<p>&nbsp;<\/p>\n<h2>Volkswagen e-Delivery el futuro de la log\u00edstica urbana<\/h2>\n<p>El cami\u00f3n e-Delivery, pionero en electrificaci\u00f3n en Am\u00e9rica Latina, presenta una nueva generaci\u00f3n con motores m\u00e1s potentes y mayor capacidad de carga. En conjunto con las soluciones de conectividad mejoradas, esta l\u00ednea busca hacer el reparto urbano m\u00e1s eficiente y amigable con el medio ambiente. Sus mejoras han permitido que el cami\u00f3n evite la emisi\u00f3n de m\u00e1s de 15 mil toneladas de CO2e anuales.<\/p>\n<p>&nbsp;<\/p>\n<blockquote>\n<p style=\"text-align: center;\">\u201cNuestra f\u00e1brica de Resende (RJ) tambi\u00e9n sumar\u00e1 esfuerzos en este viaje sostenible, a\u00f1adiendo un 10% de di\u00e9sel verde HVO al primer suministro de sus productos en la l\u00ednea de montaje. Como l\u00edder de ventas en el mercado brasile\u00f1o de camiones, asumimos nuestra posici\u00f3n de liderazgo para traer conceptos innovadores al sector del transporte de carga que puedan ayudar a guiar las pr\u00f3ximas generaciones de veh\u00edculos comerciales\u201d, dice Roberto Cortes, presidente y CEO de Volkswagen Caminh\u00f5es e \u00d4nibus.<\/p>\n<\/blockquote>\n<p>&nbsp;<\/p>\n<h2>Compromiso sustentable en la producci\u00f3n<\/h2>\n<p>Volkswagen Caminh\u00f5es e \u00d4nibus tambi\u00e9n est\u00e1 innovando en su f\u00e1brica de Resende, donde, por primera vez, el di\u00e9sel verde (HVO) ser\u00e1 parte de la cadena de producci\u00f3n, combin\u00e1ndose con el biodi\u00e9sel para reducir hasta un 24% las emisiones en esta etapa.<\/p>\n<p>La marca expande su l\u00ednea con el nuevo Constellation 20.480 y los modelos reforzados 25.480 HD y Meteor 28.480 HD, preparados para transportar cargas pesadas en distancias medias y largas. Con la nueva tecnolog\u00eda Highline, estos veh\u00edculos integran pantallas digitales y una plataforma conectada que facilita la gesti\u00f3n de funciones de los camiones desde la palma de la mano.<\/p>\n<p>&nbsp;<\/p>\n<p><center><iframe title=\"VW acelera para o futuro\" width=\"640\" height=\"360\" src=\"https:\/\/www.youtube.com\/embed\/U24-3_jWkdU?feature=oembed\" frameborder=\"0\" allow=\"accelerometer; autoplay; clipboard-write; encrypted-media; gyroscope; picture-in-picture; web-share\" referrerpolicy=\"strict-origin-when-cross-origin\" allowfullscreen><\/iframe><\/p>\n<p>&nbsp;<\/p>\n<p>&nbsp;<\/p>\n<p><\/center>&nbsp;<\/p>\n<p>Con un stand de 3.600 m\u00b2, Volkswagen Camiones y Buses ofrece una experiencia interactiva, con simuladores de carreras, pruebas de manejo y espacios para partners como BMB y VolksConfia. Adem\u00e1s, el \u00e1rea de servicios VolksCare garantiza que los visitantes descubran las soluciones conectadas que mejoran la eficiencia y seguridad en sus operaciones diarias.<\/p>\n<p>&nbsp;<\/p>\n<p>&nbsp;<\/p>\n<p>&nbsp;<\/p>\n<p><i>Para enterarte de m\u00e1s novedades, no dejes de leer\u00a0<\/i><a href=\"https:\/\/autofans.thebrandsoup.com\/\"><i>nuestras notas<\/i><\/a><i>, de ver<\/i><b><i>\u00a0<\/i><\/b><a href=\"https:\/\/www.youtube.com\/channel\/UCgAC8UGHZYbT6P7PpmVnP7g\"><b><i>AUTOFANS TV<\/i><\/b><\/a><b><i>\u00a0<\/i><\/b><i>en nuestro\u00a0canal de Youtube. Adem\u00e1s seguinos en\u00a0<\/i><a href=\"https:\/\/www.instagram.com\/autofanstv\/\"><i>INSTAGRAM<\/i><\/a><i> y <\/i><a href=\"https:\/\/www.facebook.com\/autofansmas\/\"><i>FACEBOOK<\/i><\/a><i> para no perderte nada sobre las novedades del segmento automotor de Argentina y el mundo.<\/i><\/p>\n","protected":false},"excerpt":{"rendered":"<p>Volkswagen Camiones y Buses se destaca en Fenatran 2024 con propuestas innovadoras para el transporte&#8230;<\/p>\n","protected":false},"author":2,"featured_media":9729,"comment_status":"closed","ping_status":"closed","sticky":false,"template":"","format":"standard","meta":{"footnotes":""},"categories":[341,1],"tags":[1652,5263,5260,5261,5236,5259,5262,584,5264,2573],"class_list":["post-9724","post","type-post","status-publish","format-standard","has-post-thumbnail","hentry","category-hibridos-y-electricos","category-lanzamientos","tag-camiones-electricos","tag-conectividad-volkswagen","tag-constellation-biometano","tag-e-delivery","tag-fenatran-2024","tag-meteor-hybrid","tag-tecnologia-vw","tag-transporte-sustentable","tag-volkscare","tag-volkswagen-camiones"],"yoast_head":"<!-- This site is optimized with the Yoast SEO plugin v27.5 - https:\/\/yoast.com\/product\/yoast-seo-wordpress\/ -->\n<title>Volkswagen presenta su futuro fustentable en transporte pesado -<\/title>\n<meta name=\"description\" content=\"Volkswagen Camiones y Buses acelera hacia un transporte m\u00e1s verde en #Fenatran2024. Conoc\u00e9 sus nuevas opciones h\u00edbridas, el\u00e9ctricas...\" \/>\n<meta name=\"robots\" content=\"index, follow, max-snippet:-1, max-image-preview:large, max-video-preview:-1\" \/>\n<link rel=\"canonical\" href=\"https:\/\/autofans.com.ar\/index.php\/2024\/11\/07\/volkswagen-presenta-su-futuro-fustentable-en-transporte-pesado\/\" \/>\n<meta property=\"og:locale\" content=\"es_ES\" \/>\n<meta property=\"og:type\" content=\"article\" \/>\n<meta property=\"og:title\" content=\"Volkswagen presenta su futuro fustentable en transporte pesado -\" \/>\n<meta property=\"og:description\" content=\"Volkswagen Camiones y Buses acelera hacia un transporte m\u00e1s verde en #Fenatran2024. Conoc\u00e9 sus nuevas opciones h\u00edbridas, el\u00e9ctricas...\" \/>\n<meta property=\"og:url\" content=\"https:\/\/autofans.com.ar\/index.php\/2024\/11\/07\/volkswagen-presenta-su-futuro-fustentable-en-transporte-pesado\/\" \/>\n<meta property=\"article:published_time\" content=\"2024-11-08T00:15:41+00:00\" \/>\n<meta property=\"og:image\" content=\"https:\/\/autofans.com.ar\/wp-content\/uploads\/2024\/11\/volkswagen-camiones-2.jpg\" \/>\n\t<meta property=\"og:image:width\" content=\"640\" \/>\n\t<meta property=\"og:image:height\" content=\"427\" \/>\n\t<meta property=\"og:image:type\" content=\"image\/jpeg\" \/>\n<meta name=\"author\" content=\"Alejandro Gabriel Rosito\" \/>\n<meta name=\"twitter:card\" content=\"summary_large_image\" \/>\n<meta name=\"twitter:label1\" content=\"Escrito por\" \/>\n\t<meta name=\"twitter:data1\" content=\"Alejandro Gabriel Rosito\" \/>\n\t<meta name=\"twitter:label2\" content=\"Tiempo de lectura\" \/>\n\t<meta name=\"twitter:data2\" content=\"3 minutos\" \/>\n<script type=\"application\/ld+json\" class=\"yoast-schema-graph\">{\"@context\":\"https:\\\/\\\/schema.org\",\"@graph\":[{\"@type\":\"Article\",\"@id\":\"https:\\\/\\\/autofans.com.ar\\\/index.php\\\/2024\\\/11\\\/07\\\/volkswagen-presenta-su-futuro-fustentable-en-transporte-pesado\\\/#article\",\"isPartOf\":{\"@id\":\"https:\\\/\\\/autofans.com.ar\\\/index.php\\\/2024\\\/11\\\/07\\\/volkswagen-presenta-su-futuro-fustentable-en-transporte-pesado\\\/\"},\"author\":{\"name\":\"Alejandro Gabriel Rosito\",\"@id\":\"https:\\\/\\\/autofans.com.ar\\\/#\\\/schema\\\/person\\\/4a8dda0b6df83ac3d6723e921274c2aa\"},\"headline\":\"Volkswagen presenta su futuro fustentable en transporte pesado\",\"datePublished\":\"2024-11-08T00:15:41+00:00\",\"mainEntityOfPage\":{\"@id\":\"https:\\\/\\\/autofans.com.ar\\\/index.php\\\/2024\\\/11\\\/07\\\/volkswagen-presenta-su-futuro-fustentable-en-transporte-pesado\\\/\"},\"wordCount\":619,\"image\":{\"@id\":\"https:\\\/\\\/autofans.com.ar\\\/index.php\\\/2024\\\/11\\\/07\\\/volkswagen-presenta-su-futuro-fustentable-en-transporte-pesado\\\/#primaryimage\"},\"thumbnailUrl\":\"https:\\\/\\\/autofans.com.ar\\\/wp-content\\\/uploads\\\/2024\\\/11\\\/volkswagen-camiones-2.jpg\",\"keywords\":[\"camiones el\u00e9ctricos\",\"conectividad Volkswagen\",\"Constellation Biometano\",\"e-Delivery\",\"Fenatran 2024\",\"Meteor Hybrid\",\"tecnolog\u00eda VW\",\"transporte sustentable\",\"VolksCare\",\"Volkswagen Camiones\"],\"articleSection\":[\"HIBRIDOS, ELECTRICOS y otros\",\"LANZAMIENTOS\"],\"inLanguage\":\"es\"},{\"@type\":\"WebPage\",\"@id\":\"https:\\\/\\\/autofans.com.ar\\\/index.php\\\/2024\\\/11\\\/07\\\/volkswagen-presenta-su-futuro-fustentable-en-transporte-pesado\\\/\",\"url\":\"https:\\\/\\\/autofans.com.ar\\\/index.php\\\/2024\\\/11\\\/07\\\/volkswagen-presenta-su-futuro-fustentable-en-transporte-pesado\\\/\",\"name\":\"Volkswagen presenta su futuro fustentable en transporte pesado -\",\"isPartOf\":{\"@id\":\"https:\\\/\\\/autofans.com.ar\\\/#website\"},\"primaryImageOfPage\":{\"@id\":\"https:\\\/\\\/autofans.com.ar\\\/index.php\\\/2024\\\/11\\\/07\\\/volkswagen-presenta-su-futuro-fustentable-en-transporte-pesado\\\/#primaryimage\"},\"image\":{\"@id\":\"https:\\\/\\\/autofans.com.ar\\\/index.php\\\/2024\\\/11\\\/07\\\/volkswagen-presenta-su-futuro-fustentable-en-transporte-pesado\\\/#primaryimage\"},\"thumbnailUrl\":\"https:\\\/\\\/autofans.com.ar\\\/wp-content\\\/uploads\\\/2024\\\/11\\\/volkswagen-camiones-2.jpg\",\"datePublished\":\"2024-11-08T00:15:41+00:00\",\"author\":{\"@id\":\"https:\\\/\\\/autofans.com.ar\\\/#\\\/schema\\\/person\\\/4a8dda0b6df83ac3d6723e921274c2aa\"},\"description\":\"Volkswagen Camiones y Buses acelera hacia un transporte m\u00e1s verde en #Fenatran2024. Conoc\u00e9 sus nuevas opciones h\u00edbridas, el\u00e9ctricas...\",\"breadcrumb\":{\"@id\":\"https:\\\/\\\/autofans.com.ar\\\/index.php\\\/2024\\\/11\\\/07\\\/volkswagen-presenta-su-futuro-fustentable-en-transporte-pesado\\\/#breadcrumb\"},\"inLanguage\":\"es\",\"potentialAction\":[{\"@type\":\"ReadAction\",\"target\":[\"https:\\\/\\\/autofans.com.ar\\\/index.php\\\/2024\\\/11\\\/07\\\/volkswagen-presenta-su-futuro-fustentable-en-transporte-pesado\\\/\"]}]},{\"@type\":\"ImageObject\",\"inLanguage\":\"es\",\"@id\":\"https:\\\/\\\/autofans.com.ar\\\/index.php\\\/2024\\\/11\\\/07\\\/volkswagen-presenta-su-futuro-fustentable-en-transporte-pesado\\\/#primaryimage\",\"url\":\"https:\\\/\\\/autofans.com.ar\\\/wp-content\\\/uploads\\\/2024\\\/11\\\/volkswagen-camiones-2.jpg\",\"contentUrl\":\"https:\\\/\\\/autofans.com.ar\\\/wp-content\\\/uploads\\\/2024\\\/11\\\/volkswagen-camiones-2.jpg\",\"width\":1000,\"height\":667,\"caption\":\"Volkswagen\"},{\"@type\":\"BreadcrumbList\",\"@id\":\"https:\\\/\\\/autofans.com.ar\\\/index.php\\\/2024\\\/11\\\/07\\\/volkswagen-presenta-su-futuro-fustentable-en-transporte-pesado\\\/#breadcrumb\",\"itemListElement\":[{\"@type\":\"ListItem\",\"position\":1,\"name\":\"Inicio\",\"item\":\"https:\\\/\\\/autofans.com.ar\\\/\"},{\"@type\":\"ListItem\",\"position\":2,\"name\":\"Volkswagen presenta su futuro fustentable en transporte pesado\"}]},{\"@type\":\"WebSite\",\"@id\":\"https:\\\/\\\/autofans.com.ar\\\/#website\",\"url\":\"https:\\\/\\\/autofans.com.ar\\\/\",\"name\":\"\",\"description\":\"El multimedio referente de la industria automotriz\",\"potentialAction\":[{\"@type\":\"SearchAction\",\"target\":{\"@type\":\"EntryPoint\",\"urlTemplate\":\"https:\\\/\\\/autofans.com.ar\\\/?s={search_term_string}\"},\"query-input\":{\"@type\":\"PropertyValueSpecification\",\"valueRequired\":true,\"valueName\":\"search_term_string\"}}],\"inLanguage\":\"es\"},{\"@type\":\"Person\",\"@id\":\"https:\\\/\\\/autofans.com.ar\\\/#\\\/schema\\\/person\\\/4a8dda0b6df83ac3d6723e921274c2aa\",\"name\":\"Alejandro Gabriel Rosito\",\"image\":{\"@type\":\"ImageObject\",\"inLanguage\":\"es\",\"@id\":\"https:\\\/\\\/secure.gravatar.com\\\/avatar\\\/16c5dda1489adfc62618084dcbb91cffd879c374b13fe5dd8e44ed6733852c88?s=96&d=mm&r=g\",\"url\":\"https:\\\/\\\/secure.gravatar.com\\\/avatar\\\/16c5dda1489adfc62618084dcbb91cffd879c374b13fe5dd8e44ed6733852c88?s=96&d=mm&r=g\",\"contentUrl\":\"https:\\\/\\\/secure.gravatar.com\\\/avatar\\\/16c5dda1489adfc62618084dcbb91cffd879c374b13fe5dd8e44ed6733852c88?s=96&d=mm&r=g\",\"caption\":\"Alejandro Gabriel Rosito\"},\"url\":\"https:\\\/\\\/autofans.com.ar\\\/index.php\\\/author\\\/gabrielr\\\/\"}]}<\/script>\n<!-- \/ Yoast SEO plugin. -->","yoast_head_json":{"title":"Volkswagen presenta su futuro fustentable en transporte pesado -","description":"Volkswagen Camiones y Buses acelera hacia un transporte m\u00e1s verde en #Fenatran2024. Conoc\u00e9 sus nuevas opciones h\u00edbridas, el\u00e9ctricas...","robots":{"index":"index","follow":"follow","max-snippet":"max-snippet:-1","max-image-preview":"max-image-preview:large","max-video-preview":"max-video-preview:-1"},"canonical":"https:\/\/autofans.com.ar\/index.php\/2024\/11\/07\/volkswagen-presenta-su-futuro-fustentable-en-transporte-pesado\/","og_locale":"es_ES","og_type":"article","og_title":"Volkswagen presenta su futuro fustentable en transporte pesado -","og_description":"Volkswagen Camiones y Buses acelera hacia un transporte m\u00e1s verde en #Fenatran2024. Conoc\u00e9 sus nuevas opciones h\u00edbridas, el\u00e9ctricas...","og_url":"https:\/\/autofans.com.ar\/index.php\/2024\/11\/07\/volkswagen-presenta-su-futuro-fustentable-en-transporte-pesado\/","article_published_time":"2024-11-08T00:15:41+00:00","og_image":[{"url":"https:\/\/autofans.com.ar\/wp-content\/uploads\/2024\/11\/volkswagen-camiones-2.jpg","width":640,"height":427,"type":"image\/jpeg"}],"author":"Alejandro Gabriel Rosito","twitter_card":"summary_large_image","twitter_misc":{"Escrito por":"Alejandro Gabriel Rosito","Tiempo de lectura":"3 minutos"},"schema":{"@context":"https:\/\/schema.org","@graph":[{"@type":"Article","@id":"https:\/\/autofans.com.ar\/index.php\/2024\/11\/07\/volkswagen-presenta-su-futuro-fustentable-en-transporte-pesado\/#article","isPartOf":{"@id":"https:\/\/autofans.com.ar\/index.php\/2024\/11\/07\/volkswagen-presenta-su-futuro-fustentable-en-transporte-pesado\/"},"author":{"name":"Alejandro Gabriel Rosito","@id":"https:\/\/autofans.com.ar\/#\/schema\/person\/4a8dda0b6df83ac3d6723e921274c2aa"},"headline":"Volkswagen presenta su futuro fustentable en transporte pesado","datePublished":"2024-11-08T00:15:41+00:00","mainEntityOfPage":{"@id":"https:\/\/autofans.com.ar\/index.php\/2024\/11\/07\/volkswagen-presenta-su-futuro-fustentable-en-transporte-pesado\/"},"wordCount":619,"image":{"@id":"https:\/\/autofans.com.ar\/index.php\/2024\/11\/07\/volkswagen-presenta-su-futuro-fustentable-en-transporte-pesado\/#primaryimage"},"thumbnailUrl":"https:\/\/autofans.com.ar\/wp-content\/uploads\/2024\/11\/volkswagen-camiones-2.jpg","keywords":["camiones el\u00e9ctricos","conectividad Volkswagen","Constellation Biometano","e-Delivery","Fenatran 2024","Meteor Hybrid","tecnolog\u00eda VW","transporte sustentable","VolksCare","Volkswagen Camiones"],"articleSection":["HIBRIDOS, ELECTRICOS y otros","LANZAMIENTOS"],"inLanguage":"es"},{"@type":"WebPage","@id":"https:\/\/autofans.com.ar\/index.php\/2024\/11\/07\/volkswagen-presenta-su-futuro-fustentable-en-transporte-pesado\/","url":"https:\/\/autofans.com.ar\/index.php\/2024\/11\/07\/volkswagen-presenta-su-futuro-fustentable-en-transporte-pesado\/","name":"Volkswagen presenta su futuro fustentable en transporte pesado -","isPartOf":{"@id":"https:\/\/autofans.com.ar\/#website"},"primaryImageOfPage":{"@id":"https:\/\/autofans.com.ar\/index.php\/2024\/11\/07\/volkswagen-presenta-su-futuro-fustentable-en-transporte-pesado\/#primaryimage"},"image":{"@id":"https:\/\/autofans.com.ar\/index.php\/2024\/11\/07\/volkswagen-presenta-su-futuro-fustentable-en-transporte-pesado\/#primaryimage"},"thumbnailUrl":"https:\/\/autofans.com.ar\/wp-content\/uploads\/2024\/11\/volkswagen-camiones-2.jpg","datePublished":"2024-11-08T00:15:41+00:00","author":{"@id":"https:\/\/autofans.com.ar\/#\/schema\/person\/4a8dda0b6df83ac3d6723e921274c2aa"},"description":"Volkswagen Camiones y Buses acelera hacia un transporte m\u00e1s verde en #Fenatran2024. Conoc\u00e9 sus nuevas opciones h\u00edbridas, el\u00e9ctricas...","breadcrumb":{"@id":"https:\/\/autofans.com.ar\/index.php\/2024\/11\/07\/volkswagen-presenta-su-futuro-fustentable-en-transporte-pesado\/#breadcrumb"},"inLanguage":"es","potentialAction":[{"@type":"ReadAction","target":["https:\/\/autofans.com.ar\/index.php\/2024\/11\/07\/volkswagen-presenta-su-futuro-fustentable-en-transporte-pesado\/"]}]},{"@type":"ImageObject","inLanguage":"es","@id":"https:\/\/autofans.com.ar\/index.php\/2024\/11\/07\/volkswagen-presenta-su-futuro-fustentable-en-transporte-pesado\/#primaryimage","url":"https:\/\/autofans.com.ar\/wp-content\/uploads\/2024\/11\/volkswagen-camiones-2.jpg","contentUrl":"https:\/\/autofans.com.ar\/wp-content\/uploads\/2024\/11\/volkswagen-camiones-2.jpg","width":1000,"height":667,"caption":"Volkswagen"},{"@type":"BreadcrumbList","@id":"https:\/\/autofans.com.ar\/index.php\/2024\/11\/07\/volkswagen-presenta-su-futuro-fustentable-en-transporte-pesado\/#breadcrumb","itemListElement":[{"@type":"ListItem","position":1,"name":"Inicio","item":"https:\/\/autofans.com.ar\/"},{"@type":"ListItem","position":2,"name":"Volkswagen presenta su futuro fustentable en transporte pesado"}]},{"@type":"WebSite","@id":"https:\/\/autofans.com.ar\/#website","url":"https:\/\/autofans.com.ar\/","name":"","description":"El multimedio referente de la industria automotriz","potentialAction":[{"@type":"SearchAction","target":{"@type":"EntryPoint","urlTemplate":"https:\/\/autofans.com.ar\/?s={search_term_string}"},"query-input":{"@type":"PropertyValueSpecification","valueRequired":true,"valueName":"search_term_string"}}],"inLanguage":"es"},{"@type":"Person","@id":"https:\/\/autofans.com.ar\/#\/schema\/person\/4a8dda0b6df83ac3d6723e921274c2aa","name":"Alejandro Gabriel Rosito","image":{"@type":"ImageObject","inLanguage":"es","@id":"https:\/\/secure.gravatar.com\/avatar\/16c5dda1489adfc62618084dcbb91cffd879c374b13fe5dd8e44ed6733852c88?s=96&d=mm&r=g","url":"https:\/\/secure.gravatar.com\/avatar\/16c5dda1489adfc62618084dcbb91cffd879c374b13fe5dd8e44ed6733852c88?s=96&d=mm&r=g","contentUrl":"https:\/\/secure.gravatar.com\/avatar\/16c5dda1489adfc62618084dcbb91cffd879c374b13fe5dd8e44ed6733852c88?s=96&d=mm&r=g","caption":"Alejandro Gabriel Rosito"},"url":"https:\/\/autofans.com.ar\/index.php\/author\/gabrielr\/"}]}},"featured_image_urls":{"full":["https:\/\/autofans.com.ar\/wp-content\/uploads\/2024\/11\/volkswagen-camiones-2.jpg",1000,667,false],"thumbnail":["https:\/\/autofans.com.ar\/wp-content\/uploads\/2024\/11\/volkswagen-camiones-2-150x150.jpg",150,150,true],"medium":["https:\/\/autofans.com.ar\/wp-content\/uploads\/2024\/11\/volkswagen-camiones-2-300x200.jpg",300,200,true],"medium_large":["https:\/\/autofans.com.ar\/wp-content\/uploads\/2024\/11\/volkswagen-camiones-2-768x512.jpg",640,427,true],"large":["https:\/\/autofans.com.ar\/wp-content\/uploads\/2024\/11\/volkswagen-camiones-2.jpg",640,427,false],"1536x1536":["https:\/\/autofans.com.ar\/wp-content\/uploads\/2024\/11\/volkswagen-camiones-2.jpg",1000,667,false],"2048x2048":["https:\/\/autofans.com.ar\/wp-content\/uploads\/2024\/11\/volkswagen-camiones-2.jpg",1000,667,false],"covernews-featured":["https:\/\/autofans.com.ar\/wp-content\/uploads\/2024\/11\/volkswagen-camiones-2.jpg",1000,667,false],"covernews-medium":["https:\/\/autofans.com.ar\/wp-content\/uploads\/2024\/11\/volkswagen-camiones-2-540x340.jpg",540,340,true]},"author_info":{"display_name":"Alejandro Gabriel Rosito","author_link":"https:\/\/autofans.com.ar\/index.php\/author\/gabrielr\/"},"category_info":"<a href=\"https:\/\/autofans.com.ar\/index.php\/category\/noticias\/hibridos-y-electricos\/\" rel=\"category tag\">HIBRIDOS, ELECTRICOS y otros<\/a> <a href=\"https:\/\/autofans.com.ar\/index.php\/category\/lanzamientos\/\" rel=\"category tag\">LANZAMIENTOS<\/a>","tag_info":"LANZAMIENTOS","comment_count":0,"_links":{"self":[{"href":"https:\/\/autofans.com.ar\/index.php\/wp-json\/wp\/v2\/posts\/9724","targetHints":{"allow":["GET"]}}],"collection":[{"href":"https:\/\/autofans.com.ar\/index.php\/wp-json\/wp\/v2\/posts"}],"about":[{"href":"https:\/\/autofans.com.ar\/index.php\/wp-json\/wp\/v2\/types\/post"}],"author":[{"embeddable":true,"href":"https:\/\/autofans.com.ar\/index.php\/wp-json\/wp\/v2\/users\/2"}],"replies":[{"embeddable":true,"href":"https:\/\/autofans.com.ar\/index.php\/wp-json\/wp\/v2\/comments?post=9724"}],"version-history":[{"count":7,"href":"https:\/\/autofans.com.ar\/index.php\/wp-json\/wp\/v2\/posts\/9724\/revisions"}],"predecessor-version":[{"id":9736,"href":"https:\/\/autofans.com.ar\/index.php\/wp-json\/wp\/v2\/posts\/9724\/revisions\/9736"}],"wp:featuredmedia":[{"embeddable":true,"href":"https:\/\/autofans.com.ar\/index.php\/wp-json\/wp\/v2\/media\/9729"}],"wp:attachment":[{"href":"https:\/\/autofans.com.ar\/index.php\/wp-json\/wp\/v2\/media?parent=9724"}],"wp:term":[{"taxonomy":"category","embeddable":true,"href":"https:\/\/autofans.com.ar\/index.php\/wp-json\/wp\/v2\/categories?post=9724"},{"taxonomy":"post_tag","embeddable":true,"href":"https:\/\/autofans.com.ar\/index.php\/wp-json\/wp\/v2\/tags?post=9724"}],"curies":[{"name":"wp","href":"https:\/\/api.w.org\/{rel}","templated":true}]}}