{"id":9779,"date":"2024-11-12T16:04:51","date_gmt":"2024-11-12T19:04:51","guid":{"rendered":"https:\/\/autofans.com.ar\/?p=9779"},"modified":"2024-11-12T16:04:51","modified_gmt":"2024-11-12T19:04:51","slug":"martin-zuppi-reelecto-presidente-de-stellantis-argentina","status":"publish","type":"post","link":"https:\/\/autofans.com.ar\/index.php\/2024\/11\/12\/martin-zuppi-reelecto-presidente-de-stellantis-argentina\/","title":{"rendered":"Mart\u00edn Zuppi, reelecto presidente de Stellantis Argentina"},"content":{"rendered":"<p>Mart\u00edn Zuppi, actual Presidente de Stellantis Argentina, fue reelecto para continuar al frente de la Asociaci\u00f3n de F\u00e1bricas de Automotores (ADEFA) durante el per\u00edodo 2024-2025. Su elecci\u00f3n fue confirmada durante la asamblea de fin de a\u00f1o de la entidad, donde se estableci\u00f3 la nueva Comisi\u00f3n Directiva. Zuppi estar\u00e1 acompa\u00f1ado por Mart\u00edn Galdeano, de Ford Argentina, y Gustavo Salinas, de Toyota Argentina, como vicepresidentes, mientras que Marcellus Puig, de Volkswagen Argentina, actuar\u00e1 como secretario.<\/p>\n<p>&nbsp;<\/p>\n<h2>La nueva comisi\u00f3n directiva de ADEFA suma a l\u00edderes<\/h2>\n<p>La Comisi\u00f3n Directiva de ADEFA tambi\u00e9n incluye a vocales que representan a las principales automotrices del pa\u00eds, entre ellos Ra\u00fal Mier (General Motors), Takashi Fujisaki (Honda), Ricardo Cardozo (Iveco), Manuel Mantilla y Ra\u00fal Barcesat (Mercedes-Benz), Ricardo Flammini (Nissan), Pablo Sibilla (Renault), Rodrigo P\u00e9rez Graziano (PSA Peugeot Citro\u00ebn) y C\u00e9sar Luis Ram\u00edrez Rojas (Scania).<\/p>\n<p>&nbsp;<\/p>\n<p><img fetchpriority=\"high\" decoding=\"async\" class=\"aligncenter wp-image-9782 size-full\" src=\"https:\/\/autofans.com.ar\/wp-content\/uploads\/2024\/11\/Martin-Zuppi-2.jpg\" alt=\"Mart\u00edn Zuppi\" width=\"1000\" height=\"667\" srcset=\"https:\/\/autofans.com.ar\/wp-content\/uploads\/2024\/11\/Martin-Zuppi-2.jpg 1000w, https:\/\/autofans.com.ar\/wp-content\/uploads\/2024\/11\/Martin-Zuppi-2-300x200.jpg 300w, https:\/\/autofans.com.ar\/wp-content\/uploads\/2024\/11\/Martin-Zuppi-2-768x512.jpg 768w\" sizes=\"(max-width: 1000px) 100vw, 1000px\" \/><\/p>\n<p>&nbsp;<\/p>\n<blockquote>\n<p style=\"text-align: center;\">Agradezco nuevamente la oportunidad de ayudar a enfrentar los desaf\u00edos y oportunidades que enfrenta nuestro sector y reafirm\u00f3 el compromiso de continuar el di\u00e1logo con las autoridades y la cadena de valor para avanzar en la agenda sectorial\u201d.<\/p>\n<\/blockquote>\n<p>&nbsp;<\/p>\n<h2>Trayectoria de Mart\u00edn Zuppi en el sector automotor<\/h2>\n<p>Mart\u00edn Zuppi tiene una s\u00f3lida experiencia en la industria automotriz. Economista con estudios en Finanzas y Administraci\u00f3n, y un MBA en el IAE Business School, comenz\u00f3 su carrera en 1996 como Gerente de Log\u00edstica Comercial en Fiat Argentina. Su paso por Fiat le permiti\u00f3 expandirse internacionalmente en 2002, cuando se mud\u00f3 a Tur\u00edn para liderar la planificaci\u00f3n de Fiat Auto en mercados europeos. Posteriormente, ocup\u00f3 puestos en \u00e1reas de negocios y ventas en Argentina, alcanzando en 2021 la presidencia de las marcas Fiat, Jeep y RAM. En 2024, asumi\u00f3 como Presidente de Stellantis en Argentina, posici\u00f3n desde la que continuar\u00e1 su trabajo en ADEFA.<\/p>\n<p>&nbsp;<\/p>\n<p>&nbsp;<\/p>\n<p><i>Para enterarte de m\u00e1s novedades, no dejes de leer\u00a0<\/i><a href=\"https:\/\/autofans.thebrandsoup.com\/\"><i>nuestras notas<\/i><\/a><i>, de ver<\/i><b><i>\u00a0<\/i><\/b><a href=\"https:\/\/www.youtube.com\/channel\/UCgAC8UGHZYbT6P7PpmVnP7g\"><b><i>AUTOFANS TV<\/i><\/b><\/a><b><i>\u00a0<\/i><\/b><i>en nuestro\u00a0canal de Youtube. Adem\u00e1s seguinos en\u00a0<\/i><a href=\"https:\/\/www.instagram.com\/autofanstv\/\"><i>INSTAGRAM<\/i><\/a><i> y <\/i><a href=\"https:\/\/www.facebook.com\/autofansmas\/\"><i>FACEBOOK<\/i><\/a><i> para no perderte nada sobre las novedades del segmento automotor de Argentina y el mundo.<\/i><\/p>\n","protected":false},"excerpt":{"rendered":"<p>Mart\u00edn Zuppi, actual Presidente de Stellantis Argentina, fue reelecto para continuar al frente de la&#8230;<\/p>\n","protected":false},"author":2,"featured_media":9783,"comment_status":"closed","ping_status":"closed","sticky":false,"template":"","format":"standard","meta":{"footnotes":""},"categories":[292,16],"tags":[5286,5288,5289,3080,5287,108],"class_list":["post-9779","post","type-post","status-publish","format-standard","has-post-thumbnail","hentry","category-empresas","category-noticias","tag-adefa","tag-asociacion-de-fabricas-de-automotores","tag-automotrices-argentinas","tag-martin-zuppi","tag-presidente-de-adefa","tag-stellantis-argentina"],"yoast_head":"<!-- This site is optimized with the Yoast SEO plugin v27.5 - https:\/\/yoast.com\/product\/yoast-seo-wordpress\/ -->\n<title>Mart\u00edn Zuppi, reelecto presidente de Stellantis Argentina -<\/title>\n<meta name=\"description\" content=\"Mart\u00edn Zuppi, actual Presidente de Stellantis Argentina, fue reelecto para continuar al frente de la Asociaci\u00f3n de F\u00e1bricas de Automotores...\" \/>\n<meta name=\"robots\" content=\"index, follow, max-snippet:-1, max-image-preview:large, max-video-preview:-1\" \/>\n<link rel=\"canonical\" href=\"https:\/\/autofans.com.ar\/index.php\/2024\/11\/12\/martin-zuppi-reelecto-presidente-de-stellantis-argentina\/\" \/>\n<meta property=\"og:locale\" content=\"es_ES\" \/>\n<meta property=\"og:type\" content=\"article\" \/>\n<meta property=\"og:title\" content=\"Mart\u00edn Zuppi, reelecto presidente de Stellantis Argentina -\" \/>\n<meta property=\"og:description\" content=\"Mart\u00edn Zuppi, actual Presidente de Stellantis Argentina, fue reelecto para continuar al frente de la Asociaci\u00f3n de F\u00e1bricas de Automotores...\" \/>\n<meta property=\"og:url\" content=\"https:\/\/autofans.com.ar\/index.php\/2024\/11\/12\/martin-zuppi-reelecto-presidente-de-stellantis-argentina\/\" \/>\n<meta property=\"article:published_time\" content=\"2024-11-12T19:04:51+00:00\" \/>\n<meta property=\"og:image\" content=\"https:\/\/autofans.com.ar\/wp-content\/uploads\/2024\/11\/Martin-Zuppi-1.jpg\" \/>\n\t<meta property=\"og:image:width\" content=\"640\" \/>\n\t<meta property=\"og:image:height\" content=\"427\" \/>\n\t<meta property=\"og:image:type\" content=\"image\/jpeg\" \/>\n<meta name=\"author\" content=\"Alejandro Gabriel Rosito\" \/>\n<meta name=\"twitter:card\" content=\"summary_large_image\" \/>\n<meta name=\"twitter:label1\" content=\"Escrito por\" \/>\n\t<meta name=\"twitter:data1\" content=\"Alejandro Gabriel Rosito\" \/>\n\t<meta name=\"twitter:label2\" content=\"Tiempo de lectura\" \/>\n\t<meta name=\"twitter:data2\" content=\"2 minutos\" \/>\n<script type=\"application\/ld+json\" class=\"yoast-schema-graph\">{\"@context\":\"https:\\\/\\\/schema.org\",\"@graph\":[{\"@type\":\"Article\",\"@id\":\"https:\\\/\\\/autofans.com.ar\\\/index.php\\\/2024\\\/11\\\/12\\\/martin-zuppi-reelecto-presidente-de-stellantis-argentina\\\/#article\",\"isPartOf\":{\"@id\":\"https:\\\/\\\/autofans.com.ar\\\/index.php\\\/2024\\\/11\\\/12\\\/martin-zuppi-reelecto-presidente-de-stellantis-argentina\\\/\"},\"author\":{\"name\":\"Alejandro Gabriel Rosito\",\"@id\":\"https:\\\/\\\/autofans.com.ar\\\/#\\\/schema\\\/person\\\/4a8dda0b6df83ac3d6723e921274c2aa\"},\"headline\":\"Mart\u00edn Zuppi, reelecto presidente de Stellantis Argentina\",\"datePublished\":\"2024-11-12T19:04:51+00:00\",\"mainEntityOfPage\":{\"@id\":\"https:\\\/\\\/autofans.com.ar\\\/index.php\\\/2024\\\/11\\\/12\\\/martin-zuppi-reelecto-presidente-de-stellantis-argentina\\\/\"},\"wordCount\":368,\"image\":{\"@id\":\"https:\\\/\\\/autofans.com.ar\\\/index.php\\\/2024\\\/11\\\/12\\\/martin-zuppi-reelecto-presidente-de-stellantis-argentina\\\/#primaryimage\"},\"thumbnailUrl\":\"https:\\\/\\\/autofans.com.ar\\\/wp-content\\\/uploads\\\/2024\\\/11\\\/Martin-Zuppi-1.jpg\",\"keywords\":[\"ADEFA\",\"Asociaci\u00f3n de F\u00e1bricas de Automotores\",\"automotrices argentinas\",\"Mart\u00edn Zuppi\",\"Presidente de ADEFA\",\"Stellantis Argentina\"],\"articleSection\":[\"EMPRESAS\",\"NOTICIAS\"],\"inLanguage\":\"es\"},{\"@type\":\"WebPage\",\"@id\":\"https:\\\/\\\/autofans.com.ar\\\/index.php\\\/2024\\\/11\\\/12\\\/martin-zuppi-reelecto-presidente-de-stellantis-argentina\\\/\",\"url\":\"https:\\\/\\\/autofans.com.ar\\\/index.php\\\/2024\\\/11\\\/12\\\/martin-zuppi-reelecto-presidente-de-stellantis-argentina\\\/\",\"name\":\"Mart\u00edn Zuppi, reelecto presidente de Stellantis Argentina -\",\"isPartOf\":{\"@id\":\"https:\\\/\\\/autofans.com.ar\\\/#website\"},\"primaryImageOfPage\":{\"@id\":\"https:\\\/\\\/autofans.com.ar\\\/index.php\\\/2024\\\/11\\\/12\\\/martin-zuppi-reelecto-presidente-de-stellantis-argentina\\\/#primaryimage\"},\"image\":{\"@id\":\"https:\\\/\\\/autofans.com.ar\\\/index.php\\\/2024\\\/11\\\/12\\\/martin-zuppi-reelecto-presidente-de-stellantis-argentina\\\/#primaryimage\"},\"thumbnailUrl\":\"https:\\\/\\\/autofans.com.ar\\\/wp-content\\\/uploads\\\/2024\\\/11\\\/Martin-Zuppi-1.jpg\",\"datePublished\":\"2024-11-12T19:04:51+00:00\",\"author\":{\"@id\":\"https:\\\/\\\/autofans.com.ar\\\/#\\\/schema\\\/person\\\/4a8dda0b6df83ac3d6723e921274c2aa\"},\"description\":\"Mart\u00edn Zuppi, actual Presidente de Stellantis Argentina, fue reelecto para continuar al frente de la Asociaci\u00f3n de F\u00e1bricas de Automotores...\",\"breadcrumb\":{\"@id\":\"https:\\\/\\\/autofans.com.ar\\\/index.php\\\/2024\\\/11\\\/12\\\/martin-zuppi-reelecto-presidente-de-stellantis-argentina\\\/#breadcrumb\"},\"inLanguage\":\"es\",\"potentialAction\":[{\"@type\":\"ReadAction\",\"target\":[\"https:\\\/\\\/autofans.com.ar\\\/index.php\\\/2024\\\/11\\\/12\\\/martin-zuppi-reelecto-presidente-de-stellantis-argentina\\\/\"]}]},{\"@type\":\"ImageObject\",\"inLanguage\":\"es\",\"@id\":\"https:\\\/\\\/autofans.com.ar\\\/index.php\\\/2024\\\/11\\\/12\\\/martin-zuppi-reelecto-presidente-de-stellantis-argentina\\\/#primaryimage\",\"url\":\"https:\\\/\\\/autofans.com.ar\\\/wp-content\\\/uploads\\\/2024\\\/11\\\/Martin-Zuppi-1.jpg\",\"contentUrl\":\"https:\\\/\\\/autofans.com.ar\\\/wp-content\\\/uploads\\\/2024\\\/11\\\/Martin-Zuppi-1.jpg\",\"width\":1000,\"height\":667,\"caption\":\"Mart\u00edn Zuppi\"},{\"@type\":\"BreadcrumbList\",\"@id\":\"https:\\\/\\\/autofans.com.ar\\\/index.php\\\/2024\\\/11\\\/12\\\/martin-zuppi-reelecto-presidente-de-stellantis-argentina\\\/#breadcrumb\",\"itemListElement\":[{\"@type\":\"ListItem\",\"position\":1,\"name\":\"Inicio\",\"item\":\"https:\\\/\\\/autofans.com.ar\\\/\"},{\"@type\":\"ListItem\",\"position\":2,\"name\":\"Mart\u00edn Zuppi, reelecto presidente de Stellantis Argentina\"}]},{\"@type\":\"WebSite\",\"@id\":\"https:\\\/\\\/autofans.com.ar\\\/#website\",\"url\":\"https:\\\/\\\/autofans.com.ar\\\/\",\"name\":\"\",\"description\":\"El multimedio referente de la industria automotriz\",\"potentialAction\":[{\"@type\":\"SearchAction\",\"target\":{\"@type\":\"EntryPoint\",\"urlTemplate\":\"https:\\\/\\\/autofans.com.ar\\\/?s={search_term_string}\"},\"query-input\":{\"@type\":\"PropertyValueSpecification\",\"valueRequired\":true,\"valueName\":\"search_term_string\"}}],\"inLanguage\":\"es\"},{\"@type\":\"Person\",\"@id\":\"https:\\\/\\\/autofans.com.ar\\\/#\\\/schema\\\/person\\\/4a8dda0b6df83ac3d6723e921274c2aa\",\"name\":\"Alejandro Gabriel Rosito\",\"image\":{\"@type\":\"ImageObject\",\"inLanguage\":\"es\",\"@id\":\"https:\\\/\\\/secure.gravatar.com\\\/avatar\\\/16c5dda1489adfc62618084dcbb91cffd879c374b13fe5dd8e44ed6733852c88?s=96&d=mm&r=g\",\"url\":\"https:\\\/\\\/secure.gravatar.com\\\/avatar\\\/16c5dda1489adfc62618084dcbb91cffd879c374b13fe5dd8e44ed6733852c88?s=96&d=mm&r=g\",\"contentUrl\":\"https:\\\/\\\/secure.gravatar.com\\\/avatar\\\/16c5dda1489adfc62618084dcbb91cffd879c374b13fe5dd8e44ed6733852c88?s=96&d=mm&r=g\",\"caption\":\"Alejandro Gabriel Rosito\"},\"url\":\"https:\\\/\\\/autofans.com.ar\\\/index.php\\\/author\\\/gabrielr\\\/\"}]}<\/script>\n<!-- \/ Yoast SEO plugin. -->","yoast_head_json":{"title":"Mart\u00edn Zuppi, reelecto presidente de Stellantis Argentina -","description":"Mart\u00edn Zuppi, actual Presidente de Stellantis Argentina, fue reelecto para continuar al frente de la Asociaci\u00f3n de F\u00e1bricas de Automotores...","robots":{"index":"index","follow":"follow","max-snippet":"max-snippet:-1","max-image-preview":"max-image-preview:large","max-video-preview":"max-video-preview:-1"},"canonical":"https:\/\/autofans.com.ar\/index.php\/2024\/11\/12\/martin-zuppi-reelecto-presidente-de-stellantis-argentina\/","og_locale":"es_ES","og_type":"article","og_title":"Mart\u00edn Zuppi, reelecto presidente de Stellantis Argentina -","og_description":"Mart\u00edn Zuppi, actual Presidente de Stellantis Argentina, fue reelecto para continuar al frente de la Asociaci\u00f3n de F\u00e1bricas de Automotores...","og_url":"https:\/\/autofans.com.ar\/index.php\/2024\/11\/12\/martin-zuppi-reelecto-presidente-de-stellantis-argentina\/","article_published_time":"2024-11-12T19:04:51+00:00","og_image":[{"url":"https:\/\/autofans.com.ar\/wp-content\/uploads\/2024\/11\/Martin-Zuppi-1.jpg","width":640,"height":427,"type":"image\/jpeg"}],"author":"Alejandro Gabriel Rosito","twitter_card":"summary_large_image","twitter_misc":{"Escrito por":"Alejandro Gabriel Rosito","Tiempo de lectura":"2 minutos"},"schema":{"@context":"https:\/\/schema.org","@graph":[{"@type":"Article","@id":"https:\/\/autofans.com.ar\/index.php\/2024\/11\/12\/martin-zuppi-reelecto-presidente-de-stellantis-argentina\/#article","isPartOf":{"@id":"https:\/\/autofans.com.ar\/index.php\/2024\/11\/12\/martin-zuppi-reelecto-presidente-de-stellantis-argentina\/"},"author":{"name":"Alejandro Gabriel Rosito","@id":"https:\/\/autofans.com.ar\/#\/schema\/person\/4a8dda0b6df83ac3d6723e921274c2aa"},"headline":"Mart\u00edn Zuppi, reelecto presidente de Stellantis Argentina","datePublished":"2024-11-12T19:04:51+00:00","mainEntityOfPage":{"@id":"https:\/\/autofans.com.ar\/index.php\/2024\/11\/12\/martin-zuppi-reelecto-presidente-de-stellantis-argentina\/"},"wordCount":368,"image":{"@id":"https:\/\/autofans.com.ar\/index.php\/2024\/11\/12\/martin-zuppi-reelecto-presidente-de-stellantis-argentina\/#primaryimage"},"thumbnailUrl":"https:\/\/autofans.com.ar\/wp-content\/uploads\/2024\/11\/Martin-Zuppi-1.jpg","keywords":["ADEFA","Asociaci\u00f3n de F\u00e1bricas de Automotores","automotrices argentinas","Mart\u00edn Zuppi","Presidente de ADEFA","Stellantis Argentina"],"articleSection":["EMPRESAS","NOTICIAS"],"inLanguage":"es"},{"@type":"WebPage","@id":"https:\/\/autofans.com.ar\/index.php\/2024\/11\/12\/martin-zuppi-reelecto-presidente-de-stellantis-argentina\/","url":"https:\/\/autofans.com.ar\/index.php\/2024\/11\/12\/martin-zuppi-reelecto-presidente-de-stellantis-argentina\/","name":"Mart\u00edn Zuppi, reelecto presidente de Stellantis Argentina -","isPartOf":{"@id":"https:\/\/autofans.com.ar\/#website"},"primaryImageOfPage":{"@id":"https:\/\/autofans.com.ar\/index.php\/2024\/11\/12\/martin-zuppi-reelecto-presidente-de-stellantis-argentina\/#primaryimage"},"image":{"@id":"https:\/\/autofans.com.ar\/index.php\/2024\/11\/12\/martin-zuppi-reelecto-presidente-de-stellantis-argentina\/#primaryimage"},"thumbnailUrl":"https:\/\/autofans.com.ar\/wp-content\/uploads\/2024\/11\/Martin-Zuppi-1.jpg","datePublished":"2024-11-12T19:04:51+00:00","author":{"@id":"https:\/\/autofans.com.ar\/#\/schema\/person\/4a8dda0b6df83ac3d6723e921274c2aa"},"description":"Mart\u00edn Zuppi, actual Presidente de Stellantis Argentina, fue reelecto para continuar al frente de la Asociaci\u00f3n de F\u00e1bricas de Automotores...","breadcrumb":{"@id":"https:\/\/autofans.com.ar\/index.php\/2024\/11\/12\/martin-zuppi-reelecto-presidente-de-stellantis-argentina\/#breadcrumb"},"inLanguage":"es","potentialAction":[{"@type":"ReadAction","target":["https:\/\/autofans.com.ar\/index.php\/2024\/11\/12\/martin-zuppi-reelecto-presidente-de-stellantis-argentina\/"]}]},{"@type":"ImageObject","inLanguage":"es","@id":"https:\/\/autofans.com.ar\/index.php\/2024\/11\/12\/martin-zuppi-reelecto-presidente-de-stellantis-argentina\/#primaryimage","url":"https:\/\/autofans.com.ar\/wp-content\/uploads\/2024\/11\/Martin-Zuppi-1.jpg","contentUrl":"https:\/\/autofans.com.ar\/wp-content\/uploads\/2024\/11\/Martin-Zuppi-1.jpg","width":1000,"height":667,"caption":"Mart\u00edn Zuppi"},{"@type":"BreadcrumbList","@id":"https:\/\/autofans.com.ar\/index.php\/2024\/11\/12\/martin-zuppi-reelecto-presidente-de-stellantis-argentina\/#breadcrumb","itemListElement":[{"@type":"ListItem","position":1,"name":"Inicio","item":"https:\/\/autofans.com.ar\/"},{"@type":"ListItem","position":2,"name":"Mart\u00edn Zuppi, reelecto presidente de Stellantis Argentina"}]},{"@type":"WebSite","@id":"https:\/\/autofans.com.ar\/#website","url":"https:\/\/autofans.com.ar\/","name":"","description":"El multimedio referente de la industria automotriz","potentialAction":[{"@type":"SearchAction","target":{"@type":"EntryPoint","urlTemplate":"https:\/\/autofans.com.ar\/?s={search_term_string}"},"query-input":{"@type":"PropertyValueSpecification","valueRequired":true,"valueName":"search_term_string"}}],"inLanguage":"es"},{"@type":"Person","@id":"https:\/\/autofans.com.ar\/#\/schema\/person\/4a8dda0b6df83ac3d6723e921274c2aa","name":"Alejandro Gabriel Rosito","image":{"@type":"ImageObject","inLanguage":"es","@id":"https:\/\/secure.gravatar.com\/avatar\/16c5dda1489adfc62618084dcbb91cffd879c374b13fe5dd8e44ed6733852c88?s=96&d=mm&r=g","url":"https:\/\/secure.gravatar.com\/avatar\/16c5dda1489adfc62618084dcbb91cffd879c374b13fe5dd8e44ed6733852c88?s=96&d=mm&r=g","contentUrl":"https:\/\/secure.gravatar.com\/avatar\/16c5dda1489adfc62618084dcbb91cffd879c374b13fe5dd8e44ed6733852c88?s=96&d=mm&r=g","caption":"Alejandro Gabriel Rosito"},"url":"https:\/\/autofans.com.ar\/index.php\/author\/gabrielr\/"}]}},"featured_image_urls":{"full":["https:\/\/autofans.com.ar\/wp-content\/uploads\/2024\/11\/Martin-Zuppi-1.jpg",1000,667,false],"thumbnail":["https:\/\/autofans.com.ar\/wp-content\/uploads\/2024\/11\/Martin-Zuppi-1-150x150.jpg",150,150,true],"medium":["https:\/\/autofans.com.ar\/wp-content\/uploads\/2024\/11\/Martin-Zuppi-1-300x200.jpg",300,200,true],"medium_large":["https:\/\/autofans.com.ar\/wp-content\/uploads\/2024\/11\/Martin-Zuppi-1-768x512.jpg",640,427,true],"large":["https:\/\/autofans.com.ar\/wp-content\/uploads\/2024\/11\/Martin-Zuppi-1.jpg",640,427,false],"1536x1536":["https:\/\/autofans.com.ar\/wp-content\/uploads\/2024\/11\/Martin-Zuppi-1.jpg",1000,667,false],"2048x2048":["https:\/\/autofans.com.ar\/wp-content\/uploads\/2024\/11\/Martin-Zuppi-1.jpg",1000,667,false],"covernews-featured":["https:\/\/autofans.com.ar\/wp-content\/uploads\/2024\/11\/Martin-Zuppi-1.jpg",1000,667,false],"covernews-medium":["https:\/\/autofans.com.ar\/wp-content\/uploads\/2024\/11\/Martin-Zuppi-1-540x340.jpg",540,340,true]},"author_info":{"display_name":"Alejandro Gabriel Rosito","author_link":"https:\/\/autofans.com.ar\/index.php\/author\/gabrielr\/"},"category_info":"<a href=\"https:\/\/autofans.com.ar\/index.php\/category\/noticias\/empresas\/\" rel=\"category tag\">EMPRESAS<\/a> <a href=\"https:\/\/autofans.com.ar\/index.php\/category\/noticias\/\" rel=\"category tag\">NOTICIAS<\/a>","tag_info":"NOTICIAS","comment_count":0,"_links":{"self":[{"href":"https:\/\/autofans.com.ar\/index.php\/wp-json\/wp\/v2\/posts\/9779","targetHints":{"allow":["GET"]}}],"collection":[{"href":"https:\/\/autofans.com.ar\/index.php\/wp-json\/wp\/v2\/posts"}],"about":[{"href":"https:\/\/autofans.com.ar\/index.php\/wp-json\/wp\/v2\/types\/post"}],"author":[{"embeddable":true,"href":"https:\/\/autofans.com.ar\/index.php\/wp-json\/wp\/v2\/users\/2"}],"replies":[{"embeddable":true,"href":"https:\/\/autofans.com.ar\/index.php\/wp-json\/wp\/v2\/comments?post=9779"}],"version-history":[{"count":2,"href":"https:\/\/autofans.com.ar\/index.php\/wp-json\/wp\/v2\/posts\/9779\/revisions"}],"predecessor-version":[{"id":9784,"href":"https:\/\/autofans.com.ar\/index.php\/wp-json\/wp\/v2\/posts\/9779\/revisions\/9784"}],"wp:featuredmedia":[{"embeddable":true,"href":"https:\/\/autofans.com.ar\/index.php\/wp-json\/wp\/v2\/media\/9783"}],"wp:attachment":[{"href":"https:\/\/autofans.com.ar\/index.php\/wp-json\/wp\/v2\/media?parent=9779"}],"wp:term":[{"taxonomy":"category","embeddable":true,"href":"https:\/\/autofans.com.ar\/index.php\/wp-json\/wp\/v2\/categories?post=9779"},{"taxonomy":"post_tag","embeddable":true,"href":"https:\/\/autofans.com.ar\/index.php\/wp-json\/wp\/v2\/tags?post=9779"}],"curies":[{"name":"wp","href":"https:\/\/api.w.org\/{rel}","templated":true}]}}