{"id":9785,"date":"2024-11-12T19:21:54","date_gmt":"2024-11-12T22:21:54","guid":{"rendered":"https:\/\/autofans.com.ar\/?p=9785"},"modified":"2024-11-12T19:21:54","modified_gmt":"2024-11-12T22:21:54","slug":"peugeot-406-el-taxi-frances-que-se-destaco-en-el-cine-de-accion","status":"publish","type":"post","link":"https:\/\/autofans.com.ar\/index.php\/2024\/11\/12\/peugeot-406-el-taxi-frances-que-se-destaco-en-el-cine-de-accion\/","title":{"rendered":"Peugeot 406, el taxi Franc\u00e9s que se destac\u00f3 en el Cine de Acci\u00f3n"},"content":{"rendered":"<p>Pocos imaginar\u00edan que un sed\u00e1n familiar como el Peugeot 406 se transformar\u00eda en el coraz\u00f3n de una de las sagas de acci\u00f3n de Francia. Sin embargo, en 1998, el estreno de la pel\u00edcula <em>Taxi<\/em>, dirigida por G\u00e9rard Pir\u00e8s y escrita en tiempo r\u00e9cord por Luc Besson, demostr\u00f3 que incluso un auto de calle puede protagonizar emocionantes secuencias de alta velocidad.<\/p>\n<p>&nbsp;<\/p>\n<h2>Daniel y su Peugeot 406: De Taxista a H\u00e9roe en las Calles de Marsella<\/h2>\n<p>&nbsp;<\/p>\n<p>En el filme, el personaje de Daniel (interpretado por Samy Nacery), un ex repartidor de pizzas en Marsella, se convierte en taxista. Su elecci\u00f3n de veh\u00edculo es un Peugeot 406, aparentemente com\u00fan, pero modificado para soportar maniobras extremas. Con su habilidad al volante, Daniel ofrece un servicio r\u00e1pido y emocionante que encanta a sus pasajeros y lo convierte en una leyenda de la ciudad.<\/p>\n<p>Todo parece ir sobre ruedas hasta que \u00c9milien Coutant-Kerbalec, un inspector de polic\u00eda con poca destreza al volante y enamorado de su compa\u00f1era Petra, toma el taxi de Daniel sin saber que se enfrenta a un conductor temerario. Tras una serie de persecuciones y maniobras ilegales, el inspector, que inicialmente buscaba detener a Daniel, decide colaborar con \u00e9l para capturar a una banda de ladrones, aprovechando las habilidades de Daniel y las modificaciones del Peugeot 406.<\/p>\n<p>&nbsp;<\/p>\n<p><img fetchpriority=\"high\" decoding=\"async\" class=\"aligncenter wp-image-9789 size-full\" src=\"https:\/\/autofans.com.ar\/wp-content\/uploads\/2024\/11\/taxi-2.jpg\" alt=\"Peugeot 406\" width=\"1000\" height=\"667\" srcset=\"https:\/\/autofans.com.ar\/wp-content\/uploads\/2024\/11\/taxi-2.jpg 1000w, https:\/\/autofans.com.ar\/wp-content\/uploads\/2024\/11\/taxi-2-300x200.jpg 300w, https:\/\/autofans.com.ar\/wp-content\/uploads\/2024\/11\/taxi-2-768x512.jpg 768w\" sizes=\"(max-width: 1000px) 100vw, 1000px\" \/><\/p>\n<p>&nbsp;<\/p>\n<h2>De Marsella al Mundo: El Fen\u00f3meno del Taxi 406 y su Legado en el Cine<\/h2>\n<p>&nbsp;<\/p>\n<p>La pel\u00edcula fue un \u00e9xito rotundo, recaudando m\u00e1s de 200 millones de d\u00f3lares y atrayendo a millones de espectadores en Francia. La popularidad del <em>Taxi<\/em> 406 dio pie a una saga de cinco pel\u00edculas, cada una con nuevas aventuras y mejoras al ic\u00f3nico auto, incluyendo una versi\u00f3n para nieve y hielo en <em>Taxi 3<\/em>. Adem\u00e1s, Peugeot lanz\u00f3 miniaturas de colecci\u00f3n del taxi de Daniel, consolidando el lugar del 406 en la cultura popular.<\/p>\n<p>La serie culmina con <em>Taxi 5<\/em> en 2008, con el Peugeot 407 como protagonista. Tambi\u00e9n se realiz\u00f3 un remake en Estados Unidos titulado <em>New York Taxi<\/em> en 2004, manteniendo vivo el legado de este peculiar taxi.<\/p>\n<p>&nbsp;<\/p>\n<p>&nbsp;<\/p>\n<p><i>Para enterarte de m\u00e1s novedades, no dejes de leer\u00a0<\/i><a href=\"https:\/\/autofans.thebrandsoup.com\/\"><i>nuestras notas<\/i><\/a><i>, de ver<\/i><b><i>\u00a0<\/i><\/b><a href=\"https:\/\/www.youtube.com\/channel\/UCgAC8UGHZYbT6P7PpmVnP7g\"><b><i>AUTOFANS TV<\/i><\/b><\/a><b><i>\u00a0<\/i><\/b><i>en nuestro\u00a0canal de Youtube. Adem\u00e1s seguinos en\u00a0<\/i><a href=\"https:\/\/www.instagram.com\/autofanstv\/\"><i>INSTAGRAM<\/i><\/a><i> y <\/i><a href=\"https:\/\/www.facebook.com\/autofansmas\/\"><i>FACEBOOK<\/i><\/a><i> para no perderte nada sobre las novedades del segmento automotor de Argentina y el mundo.<\/i><\/p>\n","protected":false},"excerpt":{"rendered":"<p>Pocos imaginar\u00edan que un sed\u00e1n familiar como el Peugeot 406 se transformar\u00eda en el coraz\u00f3n&#8230;<\/p>\n","protected":false},"author":2,"featured_media":9790,"comment_status":"closed","ping_status":"closed","sticky":false,"template":"","format":"standard","meta":{"footnotes":""},"categories":[6,16],"tags":[5296,5298,5292,5295,5293,5290,5291,5294,5297],"class_list":["post-9785","post","type-post","status-publish","format-standard","has-post-thumbnail","hentry","category-bizstyle","category-noticias","tag-auto-de-cine","tag-autos-en-el-cine","tag-cine-frances","tag-luc-besson","tag-peliculas-de-accion","tag-peugeot-406","tag-saga-taxi","tag-taxi-1998","tag-taxi-5"],"yoast_head":"<!-- This site is optimized with the Yoast SEO plugin v27.5 - https:\/\/yoast.com\/product\/yoast-seo-wordpress\/ -->\n<title>Peugeot 406, el taxi Franc\u00e9s que se destac\u00f3 en el Cine de Acci\u00f3n -<\/title>\n<meta name=\"description\" content=\"Pocos imaginar\u00edan que un sed\u00e1n familiar como el Peugeot 406 se transformar\u00eda en el coraz\u00f3n de una de las sagas de acci\u00f3n ic\u00f3nicas de Francia.\" \/>\n<meta name=\"robots\" content=\"index, follow, max-snippet:-1, max-image-preview:large, max-video-preview:-1\" \/>\n<link rel=\"canonical\" href=\"https:\/\/autofans.com.ar\/index.php\/2024\/11\/12\/peugeot-406-el-taxi-frances-que-se-destaco-en-el-cine-de-accion\/\" \/>\n<meta property=\"og:locale\" content=\"es_ES\" \/>\n<meta property=\"og:type\" content=\"article\" \/>\n<meta property=\"og:title\" content=\"Peugeot 406, el taxi Franc\u00e9s que se destac\u00f3 en el Cine de Acci\u00f3n -\" \/>\n<meta property=\"og:description\" content=\"Pocos imaginar\u00edan que un sed\u00e1n familiar como el Peugeot 406 se transformar\u00eda en el coraz\u00f3n de una de las sagas de acci\u00f3n ic\u00f3nicas de Francia.\" \/>\n<meta property=\"og:url\" content=\"https:\/\/autofans.com.ar\/index.php\/2024\/11\/12\/peugeot-406-el-taxi-frances-que-se-destaco-en-el-cine-de-accion\/\" \/>\n<meta property=\"article:published_time\" content=\"2024-11-12T22:21:54+00:00\" \/>\n<meta property=\"og:image\" content=\"https:\/\/autofans.com.ar\/wp-content\/uploads\/2024\/11\/taxi-1.jpg\" \/>\n\t<meta property=\"og:image:width\" content=\"640\" \/>\n\t<meta property=\"og:image:height\" content=\"427\" \/>\n\t<meta property=\"og:image:type\" content=\"image\/jpeg\" \/>\n<meta name=\"author\" content=\"Alejandro Gabriel Rosito\" \/>\n<meta name=\"twitter:card\" content=\"summary_large_image\" \/>\n<meta name=\"twitter:label1\" content=\"Escrito por\" \/>\n\t<meta name=\"twitter:data1\" content=\"Alejandro Gabriel Rosito\" \/>\n\t<meta name=\"twitter:label2\" content=\"Tiempo de lectura\" \/>\n\t<meta name=\"twitter:data2\" content=\"3 minutos\" \/>\n<script type=\"application\/ld+json\" class=\"yoast-schema-graph\">{\"@context\":\"https:\\\/\\\/schema.org\",\"@graph\":[{\"@type\":\"Article\",\"@id\":\"https:\\\/\\\/autofans.com.ar\\\/index.php\\\/2024\\\/11\\\/12\\\/peugeot-406-el-taxi-frances-que-se-destaco-en-el-cine-de-accion\\\/#article\",\"isPartOf\":{\"@id\":\"https:\\\/\\\/autofans.com.ar\\\/index.php\\\/2024\\\/11\\\/12\\\/peugeot-406-el-taxi-frances-que-se-destaco-en-el-cine-de-accion\\\/\"},\"author\":{\"name\":\"Alejandro Gabriel Rosito\",\"@id\":\"https:\\\/\\\/autofans.com.ar\\\/#\\\/schema\\\/person\\\/4a8dda0b6df83ac3d6723e921274c2aa\"},\"headline\":\"Peugeot 406, el taxi Franc\u00e9s que se destac\u00f3 en el Cine de Acci\u00f3n\",\"datePublished\":\"2024-11-12T22:21:54+00:00\",\"mainEntityOfPage\":{\"@id\":\"https:\\\/\\\/autofans.com.ar\\\/index.php\\\/2024\\\/11\\\/12\\\/peugeot-406-el-taxi-frances-que-se-destaco-en-el-cine-de-accion\\\/\"},\"wordCount\":414,\"image\":{\"@id\":\"https:\\\/\\\/autofans.com.ar\\\/index.php\\\/2024\\\/11\\\/12\\\/peugeot-406-el-taxi-frances-que-se-destaco-en-el-cine-de-accion\\\/#primaryimage\"},\"thumbnailUrl\":\"https:\\\/\\\/autofans.com.ar\\\/wp-content\\\/uploads\\\/2024\\\/11\\\/taxi-1.jpg\",\"keywords\":[\"auto de cine\",\"autos en el cine\",\"cine franc\u00e9s\",\"Luc Besson\",\"pel\u00edculas de acci\u00f3n\",\"Peugeot 406\",\"saga Taxi\",\"Taxi 1998\",\"Taxi 5\"],\"articleSection\":[\"BIZSTYLE\",\"NOTICIAS\"],\"inLanguage\":\"es\"},{\"@type\":\"WebPage\",\"@id\":\"https:\\\/\\\/autofans.com.ar\\\/index.php\\\/2024\\\/11\\\/12\\\/peugeot-406-el-taxi-frances-que-se-destaco-en-el-cine-de-accion\\\/\",\"url\":\"https:\\\/\\\/autofans.com.ar\\\/index.php\\\/2024\\\/11\\\/12\\\/peugeot-406-el-taxi-frances-que-se-destaco-en-el-cine-de-accion\\\/\",\"name\":\"Peugeot 406, el taxi Franc\u00e9s que se destac\u00f3 en el Cine de Acci\u00f3n -\",\"isPartOf\":{\"@id\":\"https:\\\/\\\/autofans.com.ar\\\/#website\"},\"primaryImageOfPage\":{\"@id\":\"https:\\\/\\\/autofans.com.ar\\\/index.php\\\/2024\\\/11\\\/12\\\/peugeot-406-el-taxi-frances-que-se-destaco-en-el-cine-de-accion\\\/#primaryimage\"},\"image\":{\"@id\":\"https:\\\/\\\/autofans.com.ar\\\/index.php\\\/2024\\\/11\\\/12\\\/peugeot-406-el-taxi-frances-que-se-destaco-en-el-cine-de-accion\\\/#primaryimage\"},\"thumbnailUrl\":\"https:\\\/\\\/autofans.com.ar\\\/wp-content\\\/uploads\\\/2024\\\/11\\\/taxi-1.jpg\",\"datePublished\":\"2024-11-12T22:21:54+00:00\",\"author\":{\"@id\":\"https:\\\/\\\/autofans.com.ar\\\/#\\\/schema\\\/person\\\/4a8dda0b6df83ac3d6723e921274c2aa\"},\"description\":\"Pocos imaginar\u00edan que un sed\u00e1n familiar como el Peugeot 406 se transformar\u00eda en el coraz\u00f3n de una de las sagas de acci\u00f3n ic\u00f3nicas de Francia.\",\"breadcrumb\":{\"@id\":\"https:\\\/\\\/autofans.com.ar\\\/index.php\\\/2024\\\/11\\\/12\\\/peugeot-406-el-taxi-frances-que-se-destaco-en-el-cine-de-accion\\\/#breadcrumb\"},\"inLanguage\":\"es\",\"potentialAction\":[{\"@type\":\"ReadAction\",\"target\":[\"https:\\\/\\\/autofans.com.ar\\\/index.php\\\/2024\\\/11\\\/12\\\/peugeot-406-el-taxi-frances-que-se-destaco-en-el-cine-de-accion\\\/\"]}]},{\"@type\":\"ImageObject\",\"inLanguage\":\"es\",\"@id\":\"https:\\\/\\\/autofans.com.ar\\\/index.php\\\/2024\\\/11\\\/12\\\/peugeot-406-el-taxi-frances-que-se-destaco-en-el-cine-de-accion\\\/#primaryimage\",\"url\":\"https:\\\/\\\/autofans.com.ar\\\/wp-content\\\/uploads\\\/2024\\\/11\\\/taxi-1.jpg\",\"contentUrl\":\"https:\\\/\\\/autofans.com.ar\\\/wp-content\\\/uploads\\\/2024\\\/11\\\/taxi-1.jpg\",\"width\":1000,\"height\":667,\"caption\":\"Peugeot 406\"},{\"@type\":\"BreadcrumbList\",\"@id\":\"https:\\\/\\\/autofans.com.ar\\\/index.php\\\/2024\\\/11\\\/12\\\/peugeot-406-el-taxi-frances-que-se-destaco-en-el-cine-de-accion\\\/#breadcrumb\",\"itemListElement\":[{\"@type\":\"ListItem\",\"position\":1,\"name\":\"Inicio\",\"item\":\"https:\\\/\\\/autofans.com.ar\\\/\"},{\"@type\":\"ListItem\",\"position\":2,\"name\":\"Peugeot 406, el taxi Franc\u00e9s que se destac\u00f3 en el Cine de Acci\u00f3n\"}]},{\"@type\":\"WebSite\",\"@id\":\"https:\\\/\\\/autofans.com.ar\\\/#website\",\"url\":\"https:\\\/\\\/autofans.com.ar\\\/\",\"name\":\"\",\"description\":\"El multimedio referente de la industria automotriz\",\"potentialAction\":[{\"@type\":\"SearchAction\",\"target\":{\"@type\":\"EntryPoint\",\"urlTemplate\":\"https:\\\/\\\/autofans.com.ar\\\/?s={search_term_string}\"},\"query-input\":{\"@type\":\"PropertyValueSpecification\",\"valueRequired\":true,\"valueName\":\"search_term_string\"}}],\"inLanguage\":\"es\"},{\"@type\":\"Person\",\"@id\":\"https:\\\/\\\/autofans.com.ar\\\/#\\\/schema\\\/person\\\/4a8dda0b6df83ac3d6723e921274c2aa\",\"name\":\"Alejandro Gabriel Rosito\",\"image\":{\"@type\":\"ImageObject\",\"inLanguage\":\"es\",\"@id\":\"https:\\\/\\\/secure.gravatar.com\\\/avatar\\\/16c5dda1489adfc62618084dcbb91cffd879c374b13fe5dd8e44ed6733852c88?s=96&d=mm&r=g\",\"url\":\"https:\\\/\\\/secure.gravatar.com\\\/avatar\\\/16c5dda1489adfc62618084dcbb91cffd879c374b13fe5dd8e44ed6733852c88?s=96&d=mm&r=g\",\"contentUrl\":\"https:\\\/\\\/secure.gravatar.com\\\/avatar\\\/16c5dda1489adfc62618084dcbb91cffd879c374b13fe5dd8e44ed6733852c88?s=96&d=mm&r=g\",\"caption\":\"Alejandro Gabriel Rosito\"},\"url\":\"https:\\\/\\\/autofans.com.ar\\\/index.php\\\/author\\\/gabrielr\\\/\"}]}<\/script>\n<!-- \/ Yoast SEO plugin. -->","yoast_head_json":{"title":"Peugeot 406, el taxi Franc\u00e9s que se destac\u00f3 en el Cine de Acci\u00f3n -","description":"Pocos imaginar\u00edan que un sed\u00e1n familiar como el Peugeot 406 se transformar\u00eda en el coraz\u00f3n de una de las sagas de acci\u00f3n ic\u00f3nicas de Francia.","robots":{"index":"index","follow":"follow","max-snippet":"max-snippet:-1","max-image-preview":"max-image-preview:large","max-video-preview":"max-video-preview:-1"},"canonical":"https:\/\/autofans.com.ar\/index.php\/2024\/11\/12\/peugeot-406-el-taxi-frances-que-se-destaco-en-el-cine-de-accion\/","og_locale":"es_ES","og_type":"article","og_title":"Peugeot 406, el taxi Franc\u00e9s que se destac\u00f3 en el Cine de Acci\u00f3n -","og_description":"Pocos imaginar\u00edan que un sed\u00e1n familiar como el Peugeot 406 se transformar\u00eda en el coraz\u00f3n de una de las sagas de acci\u00f3n ic\u00f3nicas de Francia.","og_url":"https:\/\/autofans.com.ar\/index.php\/2024\/11\/12\/peugeot-406-el-taxi-frances-que-se-destaco-en-el-cine-de-accion\/","article_published_time":"2024-11-12T22:21:54+00:00","og_image":[{"url":"https:\/\/autofans.com.ar\/wp-content\/uploads\/2024\/11\/taxi-1.jpg","width":640,"height":427,"type":"image\/jpeg"}],"author":"Alejandro Gabriel Rosito","twitter_card":"summary_large_image","twitter_misc":{"Escrito por":"Alejandro Gabriel Rosito","Tiempo de lectura":"3 minutos"},"schema":{"@context":"https:\/\/schema.org","@graph":[{"@type":"Article","@id":"https:\/\/autofans.com.ar\/index.php\/2024\/11\/12\/peugeot-406-el-taxi-frances-que-se-destaco-en-el-cine-de-accion\/#article","isPartOf":{"@id":"https:\/\/autofans.com.ar\/index.php\/2024\/11\/12\/peugeot-406-el-taxi-frances-que-se-destaco-en-el-cine-de-accion\/"},"author":{"name":"Alejandro Gabriel Rosito","@id":"https:\/\/autofans.com.ar\/#\/schema\/person\/4a8dda0b6df83ac3d6723e921274c2aa"},"headline":"Peugeot 406, el taxi Franc\u00e9s que se destac\u00f3 en el Cine de Acci\u00f3n","datePublished":"2024-11-12T22:21:54+00:00","mainEntityOfPage":{"@id":"https:\/\/autofans.com.ar\/index.php\/2024\/11\/12\/peugeot-406-el-taxi-frances-que-se-destaco-en-el-cine-de-accion\/"},"wordCount":414,"image":{"@id":"https:\/\/autofans.com.ar\/index.php\/2024\/11\/12\/peugeot-406-el-taxi-frances-que-se-destaco-en-el-cine-de-accion\/#primaryimage"},"thumbnailUrl":"https:\/\/autofans.com.ar\/wp-content\/uploads\/2024\/11\/taxi-1.jpg","keywords":["auto de cine","autos en el cine","cine franc\u00e9s","Luc Besson","pel\u00edculas de acci\u00f3n","Peugeot 406","saga Taxi","Taxi 1998","Taxi 5"],"articleSection":["BIZSTYLE","NOTICIAS"],"inLanguage":"es"},{"@type":"WebPage","@id":"https:\/\/autofans.com.ar\/index.php\/2024\/11\/12\/peugeot-406-el-taxi-frances-que-se-destaco-en-el-cine-de-accion\/","url":"https:\/\/autofans.com.ar\/index.php\/2024\/11\/12\/peugeot-406-el-taxi-frances-que-se-destaco-en-el-cine-de-accion\/","name":"Peugeot 406, el taxi Franc\u00e9s que se destac\u00f3 en el Cine de Acci\u00f3n -","isPartOf":{"@id":"https:\/\/autofans.com.ar\/#website"},"primaryImageOfPage":{"@id":"https:\/\/autofans.com.ar\/index.php\/2024\/11\/12\/peugeot-406-el-taxi-frances-que-se-destaco-en-el-cine-de-accion\/#primaryimage"},"image":{"@id":"https:\/\/autofans.com.ar\/index.php\/2024\/11\/12\/peugeot-406-el-taxi-frances-que-se-destaco-en-el-cine-de-accion\/#primaryimage"},"thumbnailUrl":"https:\/\/autofans.com.ar\/wp-content\/uploads\/2024\/11\/taxi-1.jpg","datePublished":"2024-11-12T22:21:54+00:00","author":{"@id":"https:\/\/autofans.com.ar\/#\/schema\/person\/4a8dda0b6df83ac3d6723e921274c2aa"},"description":"Pocos imaginar\u00edan que un sed\u00e1n familiar como el Peugeot 406 se transformar\u00eda en el coraz\u00f3n de una de las sagas de acci\u00f3n ic\u00f3nicas de Francia.","breadcrumb":{"@id":"https:\/\/autofans.com.ar\/index.php\/2024\/11\/12\/peugeot-406-el-taxi-frances-que-se-destaco-en-el-cine-de-accion\/#breadcrumb"},"inLanguage":"es","potentialAction":[{"@type":"ReadAction","target":["https:\/\/autofans.com.ar\/index.php\/2024\/11\/12\/peugeot-406-el-taxi-frances-que-se-destaco-en-el-cine-de-accion\/"]}]},{"@type":"ImageObject","inLanguage":"es","@id":"https:\/\/autofans.com.ar\/index.php\/2024\/11\/12\/peugeot-406-el-taxi-frances-que-se-destaco-en-el-cine-de-accion\/#primaryimage","url":"https:\/\/autofans.com.ar\/wp-content\/uploads\/2024\/11\/taxi-1.jpg","contentUrl":"https:\/\/autofans.com.ar\/wp-content\/uploads\/2024\/11\/taxi-1.jpg","width":1000,"height":667,"caption":"Peugeot 406"},{"@type":"BreadcrumbList","@id":"https:\/\/autofans.com.ar\/index.php\/2024\/11\/12\/peugeot-406-el-taxi-frances-que-se-destaco-en-el-cine-de-accion\/#breadcrumb","itemListElement":[{"@type":"ListItem","position":1,"name":"Inicio","item":"https:\/\/autofans.com.ar\/"},{"@type":"ListItem","position":2,"name":"Peugeot 406, el taxi Franc\u00e9s que se destac\u00f3 en el Cine de Acci\u00f3n"}]},{"@type":"WebSite","@id":"https:\/\/autofans.com.ar\/#website","url":"https:\/\/autofans.com.ar\/","name":"","description":"El multimedio referente de la industria automotriz","potentialAction":[{"@type":"SearchAction","target":{"@type":"EntryPoint","urlTemplate":"https:\/\/autofans.com.ar\/?s={search_term_string}"},"query-input":{"@type":"PropertyValueSpecification","valueRequired":true,"valueName":"search_term_string"}}],"inLanguage":"es"},{"@type":"Person","@id":"https:\/\/autofans.com.ar\/#\/schema\/person\/4a8dda0b6df83ac3d6723e921274c2aa","name":"Alejandro Gabriel Rosito","image":{"@type":"ImageObject","inLanguage":"es","@id":"https:\/\/secure.gravatar.com\/avatar\/16c5dda1489adfc62618084dcbb91cffd879c374b13fe5dd8e44ed6733852c88?s=96&d=mm&r=g","url":"https:\/\/secure.gravatar.com\/avatar\/16c5dda1489adfc62618084dcbb91cffd879c374b13fe5dd8e44ed6733852c88?s=96&d=mm&r=g","contentUrl":"https:\/\/secure.gravatar.com\/avatar\/16c5dda1489adfc62618084dcbb91cffd879c374b13fe5dd8e44ed6733852c88?s=96&d=mm&r=g","caption":"Alejandro Gabriel Rosito"},"url":"https:\/\/autofans.com.ar\/index.php\/author\/gabrielr\/"}]}},"featured_image_urls":{"full":["https:\/\/autofans.com.ar\/wp-content\/uploads\/2024\/11\/taxi-1.jpg",1000,667,false],"thumbnail":["https:\/\/autofans.com.ar\/wp-content\/uploads\/2024\/11\/taxi-1-150x150.jpg",150,150,true],"medium":["https:\/\/autofans.com.ar\/wp-content\/uploads\/2024\/11\/taxi-1-300x200.jpg",300,200,true],"medium_large":["https:\/\/autofans.com.ar\/wp-content\/uploads\/2024\/11\/taxi-1-768x512.jpg",640,427,true],"large":["https:\/\/autofans.com.ar\/wp-content\/uploads\/2024\/11\/taxi-1.jpg",640,427,false],"1536x1536":["https:\/\/autofans.com.ar\/wp-content\/uploads\/2024\/11\/taxi-1.jpg",1000,667,false],"2048x2048":["https:\/\/autofans.com.ar\/wp-content\/uploads\/2024\/11\/taxi-1.jpg",1000,667,false],"covernews-featured":["https:\/\/autofans.com.ar\/wp-content\/uploads\/2024\/11\/taxi-1.jpg",1000,667,false],"covernews-medium":["https:\/\/autofans.com.ar\/wp-content\/uploads\/2024\/11\/taxi-1-540x340.jpg",540,340,true]},"author_info":{"display_name":"Alejandro Gabriel Rosito","author_link":"https:\/\/autofans.com.ar\/index.php\/author\/gabrielr\/"},"category_info":"<a href=\"https:\/\/autofans.com.ar\/index.php\/category\/noticias\/bizstyle\/\" rel=\"category tag\">BIZSTYLE<\/a> <a href=\"https:\/\/autofans.com.ar\/index.php\/category\/noticias\/\" rel=\"category tag\">NOTICIAS<\/a>","tag_info":"NOTICIAS","comment_count":0,"_links":{"self":[{"href":"https:\/\/autofans.com.ar\/index.php\/wp-json\/wp\/v2\/posts\/9785","targetHints":{"allow":["GET"]}}],"collection":[{"href":"https:\/\/autofans.com.ar\/index.php\/wp-json\/wp\/v2\/posts"}],"about":[{"href":"https:\/\/autofans.com.ar\/index.php\/wp-json\/wp\/v2\/types\/post"}],"author":[{"embeddable":true,"href":"https:\/\/autofans.com.ar\/index.php\/wp-json\/wp\/v2\/users\/2"}],"replies":[{"embeddable":true,"href":"https:\/\/autofans.com.ar\/index.php\/wp-json\/wp\/v2\/comments?post=9785"}],"version-history":[{"count":3,"href":"https:\/\/autofans.com.ar\/index.php\/wp-json\/wp\/v2\/posts\/9785\/revisions"}],"predecessor-version":[{"id":9792,"href":"https:\/\/autofans.com.ar\/index.php\/wp-json\/wp\/v2\/posts\/9785\/revisions\/9792"}],"wp:featuredmedia":[{"embeddable":true,"href":"https:\/\/autofans.com.ar\/index.php\/wp-json\/wp\/v2\/media\/9790"}],"wp:attachment":[{"href":"https:\/\/autofans.com.ar\/index.php\/wp-json\/wp\/v2\/media?parent=9785"}],"wp:term":[{"taxonomy":"category","embeddable":true,"href":"https:\/\/autofans.com.ar\/index.php\/wp-json\/wp\/v2\/categories?post=9785"},{"taxonomy":"post_tag","embeddable":true,"href":"https:\/\/autofans.com.ar\/index.php\/wp-json\/wp\/v2\/tags?post=9785"}],"curies":[{"name":"wp","href":"https:\/\/api.w.org\/{rel}","templated":true}]}}