{"id":981,"date":"2023-03-21T19:44:08","date_gmt":"2023-03-21T22:44:08","guid":{"rendered":"https:\/\/autofans.com.ar\/?p=981"},"modified":"2023-03-21T19:44:08","modified_gmt":"2023-03-21T22:44:08","slug":"chevrolet-y-unicef-se-unen-por-la-educacion","status":"publish","type":"post","link":"https:\/\/autofans.com.ar\/index.php\/2023\/03\/21\/chevrolet-y-unicef-se-unen-por-la-educacion\/","title":{"rendered":"Chevrolet y UNICEF se unen por la educaci\u00f3n"},"content":{"rendered":"<p>El domingo 19 de marzo, Chevrolet particip\u00f3 en la 14\u00b0 edici\u00f3n de la Carrera de UNICEF por la Educaci\u00f3n. Tuvo lugar en los Bosques de Palermo, Buenos Aires. La carrera solidaria reuni\u00f3 a m\u00e1s de cinco mil personas que corrieron para apoyar los proyectos educativos de UNICEF en el pa\u00eds.<\/p>\n<p>&nbsp;<\/p>\n<p><img fetchpriority=\"high\" decoding=\"async\" class=\"aligncenter wp-image-983 size-full\" src=\"https:\/\/autofans.com.ar\/wp-content\/uploads\/2023\/03\/fotos-3-2-jpg.webp\" alt=\"Carrera Unicef\" width=\"1000\" height=\"667\" srcset=\"https:\/\/autofans.com.ar\/wp-content\/uploads\/2023\/03\/fotos-3-2-jpg.webp 1000w, https:\/\/autofans.com.ar\/wp-content\/uploads\/2023\/03\/fotos-3-2-300x200.webp 300w, https:\/\/autofans.com.ar\/wp-content\/uploads\/2023\/03\/fotos-3-2-768x512.webp 768w\" sizes=\"(max-width: 1000px) 100vw, 1000px\" \/><\/p>\n<p>Bajo el lema \u201cSumate para que m\u00e1s chicas y chicos aprendan en todo el pa\u00eds\u201d, la iniciativa busca garantizar el acceso a una educaci\u00f3n de calidad a trav\u00e9s de dos proyectos educativos desarrollados por UNICEF en Argentina. El primero, Secundarias rurales mediadas por Tecnolog\u00edas (SRTIC), busca garantizar el derecho a la educaci\u00f3n de miles de adolescentes que viven en parajes rurales dispersos a trav\u00e9s del uso de diversas tecnolog\u00edas. El segundo, PLaNEA, Nueva Escuela para Adolescentes, busca transformar la educaci\u00f3n secundaria a trav\u00e9s del desarrollo de innovadoras formas de ense\u00f1ar y aprender que garanticen condiciones de bienestar para estudiantes y docentes.<\/p>\n<p>&nbsp;<\/p>\n<p><img decoding=\"async\" class=\"aligncenter wp-image-984 size-full\" src=\"https:\/\/autofans.com.ar\/wp-content\/uploads\/2023\/03\/fotos-4-2-jpg.webp\" alt=\"Carrera Unicef\" width=\"1000\" height=\"667\" srcset=\"https:\/\/autofans.com.ar\/wp-content\/uploads\/2023\/03\/fotos-4-2-jpg.webp 1000w, https:\/\/autofans.com.ar\/wp-content\/uploads\/2023\/03\/fotos-4-2-300x200.webp 300w, https:\/\/autofans.com.ar\/wp-content\/uploads\/2023\/03\/fotos-4-2-768x512.webp 768w\" sizes=\"(max-width: 1000px) 100vw, 1000px\" \/><\/p>\n<p>Chevrolet ha sido un aliado clave de UNICEF en diversas iniciativas desde hace 19 a\u00f1os, entre ellas, la \u201c<a href=\"https:\/\/www.unicef.org\/argentina\/?language=es&amp;paquete=DRTV&amp;nota=GSBrand&amp;utm_medium=GS&amp;utm_source=DRTV&amp;utm_term=&amp;utm_content=&amp;utm_campaign=DRTV&amp;gclid=CjwKCAjwq-WgBhBMEiwAzKSH6OIe61KwenfCfZSPGWb9YBQ5bEGebh_PjuABaSylvVBNH4W0taQfERoCnGoQAvD_BwE\" target=\"_blank\" rel=\"noopener\">Carrera UNICEF por la Educaci\u00f3n<\/a>\u201d. \u201cEstamos orgullosos de haber podido acompa\u00f1ar un a\u00f1o m\u00e1s a UNICEF en la Carrera por la educaci\u00f3n; para nosotros UNICEF es un aliado clave con el que trabajamos en conjunto impulsando y promoviendo la educaci\u00f3n y un futuro m\u00e1s seguro para nuestras comunidades\u201d, afirm\u00f3 Leonardo Pomeranchik, Gerente de Asuntos P\u00fablicos de GM para Argentina, Uruguay y Paraguay.<\/p>\n<p>Adem\u00e1s, al finalizar cada una de las carreras, se realiz\u00f3 el sorteo de un <a href=\"https:\/\/www.chevrolet.com.ar\/autos-0km\/joy-hb-compacto\" target=\"_blank\" rel=\"noopener\">Chevrolet Joy 0KM<\/a> entre los corredores, resultando ganador uno de ellos.<\/p>\n<p>&nbsp;<\/p>\n<p><i>Para enterarte de m\u00e1s novedades, no dejes de leer\u00a0<\/i><a href=\"https:\/\/autofans.thebrandsoup.com\/\"><i>nuestras notas<\/i><\/a><i>, de ver<\/i><b><i>\u00a0<\/i><\/b><a href=\"https:\/\/www.youtube.com\/channel\/UCgAC8UGHZYbT6P7PpmVnP7g\"><b><i>AUTOFANS TV<\/i><\/b><\/a><b><i>\u00a0<\/i><\/b><i>en nuestro\u00a0canal de Youtube. Adem\u00e1s seguinos en\u00a0<\/i><a href=\"https:\/\/www.instagram.com\/autofanstv\/\"><i>INSTAGRAM<\/i><\/a><i> y <\/i><a href=\"https:\/\/www.facebook.com\/autofansmas\/\"><i>FACEBOOK<\/i><\/a><i> para no perderte nada sobre las novedades del segmento automotor de Argentina y el mundo.<\/i><\/p>\n","protected":false},"excerpt":{"rendered":"<p>El domingo 19 de marzo, Chevrolet particip\u00f3 en la 14\u00b0 edici\u00f3n de la Carrera de&#8230;<\/p>\n","protected":false},"author":2,"featured_media":982,"comment_status":"closed","ping_status":"closed","sticky":false,"template":"","format":"standard","meta":{"footnotes":""},"categories":[6,16],"tags":[38,425,422,272,273,428,424,429,427,426,423],"class_list":["post-981","post","type-post","status-publish","format-standard","has-post-thumbnail","hentry","category-bizstyle","category-noticias","tag-argentina","tag-bosques-de-palermo","tag-carrera-unicef","tag-chevrolet","tag-chevrolet-argentina","tag-chevrolet-joy","tag-educacion-de-calidad","tag-gm","tag-planea","tag-srtic","tag-unicef"],"yoast_head":"<!-- This site is optimized with the Yoast SEO plugin v27.5 - https:\/\/yoast.com\/product\/yoast-seo-wordpress\/ -->\n<title>Chevrolet y UNICEF se unen por la educaci\u00f3n -<\/title>\n<meta name=\"description\" content=\"El domingo 19 de marzo, Chevrolet particip\u00f3 en la 14\u00b0 edici\u00f3n de la Carrera de UNICEF por la Educaci\u00f3n. Tuvo lugar en los Bosques de Palermo\" \/>\n<meta name=\"robots\" content=\"index, follow, max-snippet:-1, max-image-preview:large, max-video-preview:-1\" \/>\n<link rel=\"canonical\" href=\"https:\/\/autofans.com.ar\/index.php\/2023\/03\/21\/chevrolet-y-unicef-se-unen-por-la-educacion\/\" \/>\n<meta property=\"og:locale\" content=\"es_ES\" \/>\n<meta property=\"og:type\" content=\"article\" \/>\n<meta property=\"og:title\" content=\"Chevrolet y UNICEF se unen por la educaci\u00f3n -\" \/>\n<meta property=\"og:description\" content=\"El domingo 19 de marzo, Chevrolet particip\u00f3 en la 14\u00b0 edici\u00f3n de la Carrera de UNICEF por la Educaci\u00f3n. Tuvo lugar en los Bosques de Palermo\" \/>\n<meta property=\"og:url\" content=\"https:\/\/autofans.com.ar\/index.php\/2023\/03\/21\/chevrolet-y-unicef-se-unen-por-la-educacion\/\" \/>\n<meta property=\"article:published_time\" content=\"2023-03-21T22:44:08+00:00\" \/>\n<meta property=\"og:image\" content=\"https:\/\/autofans.com.ar\/wp-content\/uploads\/2023\/03\/fotos-1-1-jpg.webp\" \/>\n\t<meta property=\"og:image:width\" content=\"1000\" \/>\n\t<meta property=\"og:image:height\" content=\"667\" \/>\n\t<meta property=\"og:image:type\" content=\"image\/jpeg\" \/>\n<meta name=\"author\" content=\"Alejandro Gabriel Rosito\" \/>\n<meta name=\"twitter:card\" content=\"summary_large_image\" \/>\n<meta name=\"twitter:label1\" content=\"Escrito por\" \/>\n\t<meta name=\"twitter:data1\" content=\"Alejandro Gabriel Rosito\" \/>\n\t<meta name=\"twitter:label2\" content=\"Tiempo de lectura\" \/>\n\t<meta name=\"twitter:data2\" content=\"2 minutos\" \/>\n<script type=\"application\/ld+json\" class=\"yoast-schema-graph\">{\"@context\":\"https:\\\/\\\/schema.org\",\"@graph\":[{\"@type\":\"Article\",\"@id\":\"https:\\\/\\\/autofans.com.ar\\\/index.php\\\/2023\\\/03\\\/21\\\/chevrolet-y-unicef-se-unen-por-la-educacion\\\/#article\",\"isPartOf\":{\"@id\":\"https:\\\/\\\/autofans.com.ar\\\/index.php\\\/2023\\\/03\\\/21\\\/chevrolet-y-unicef-se-unen-por-la-educacion\\\/\"},\"author\":{\"name\":\"Alejandro Gabriel Rosito\",\"@id\":\"https:\\\/\\\/autofans.com.ar\\\/#\\\/schema\\\/person\\\/4a8dda0b6df83ac3d6723e921274c2aa\"},\"headline\":\"Chevrolet y UNICEF se unen por la educaci\u00f3n\",\"datePublished\":\"2023-03-21T22:44:08+00:00\",\"mainEntityOfPage\":{\"@id\":\"https:\\\/\\\/autofans.com.ar\\\/index.php\\\/2023\\\/03\\\/21\\\/chevrolet-y-unicef-se-unen-por-la-educacion\\\/\"},\"wordCount\":333,\"image\":{\"@id\":\"https:\\\/\\\/autofans.com.ar\\\/index.php\\\/2023\\\/03\\\/21\\\/chevrolet-y-unicef-se-unen-por-la-educacion\\\/#primaryimage\"},\"thumbnailUrl\":\"https:\\\/\\\/autofans.com.ar\\\/wp-content\\\/uploads\\\/2023\\\/03\\\/fotos-1-1-jpg.webp\",\"keywords\":[\"Argentina\",\"Bosques de Palermo\",\"Carrera UNICEF\",\"Chevrolet\",\"Chevrolet argentina\",\"Chevrolet Joy\",\"educaci\u00f3n de calidad\",\"GM\",\"PLaNEA\",\"SRTIC\",\"UNICEF\"],\"articleSection\":[\"BIZSTYLE\",\"NOTICIAS\"],\"inLanguage\":\"es\"},{\"@type\":\"WebPage\",\"@id\":\"https:\\\/\\\/autofans.com.ar\\\/index.php\\\/2023\\\/03\\\/21\\\/chevrolet-y-unicef-se-unen-por-la-educacion\\\/\",\"url\":\"https:\\\/\\\/autofans.com.ar\\\/index.php\\\/2023\\\/03\\\/21\\\/chevrolet-y-unicef-se-unen-por-la-educacion\\\/\",\"name\":\"Chevrolet y UNICEF se unen por la educaci\u00f3n -\",\"isPartOf\":{\"@id\":\"https:\\\/\\\/autofans.com.ar\\\/#website\"},\"primaryImageOfPage\":{\"@id\":\"https:\\\/\\\/autofans.com.ar\\\/index.php\\\/2023\\\/03\\\/21\\\/chevrolet-y-unicef-se-unen-por-la-educacion\\\/#primaryimage\"},\"image\":{\"@id\":\"https:\\\/\\\/autofans.com.ar\\\/index.php\\\/2023\\\/03\\\/21\\\/chevrolet-y-unicef-se-unen-por-la-educacion\\\/#primaryimage\"},\"thumbnailUrl\":\"https:\\\/\\\/autofans.com.ar\\\/wp-content\\\/uploads\\\/2023\\\/03\\\/fotos-1-1-jpg.webp\",\"datePublished\":\"2023-03-21T22:44:08+00:00\",\"author\":{\"@id\":\"https:\\\/\\\/autofans.com.ar\\\/#\\\/schema\\\/person\\\/4a8dda0b6df83ac3d6723e921274c2aa\"},\"description\":\"El domingo 19 de marzo, Chevrolet particip\u00f3 en la 14\u00b0 edici\u00f3n de la Carrera de UNICEF por la Educaci\u00f3n. Tuvo lugar en los Bosques de Palermo\",\"breadcrumb\":{\"@id\":\"https:\\\/\\\/autofans.com.ar\\\/index.php\\\/2023\\\/03\\\/21\\\/chevrolet-y-unicef-se-unen-por-la-educacion\\\/#breadcrumb\"},\"inLanguage\":\"es\",\"potentialAction\":[{\"@type\":\"ReadAction\",\"target\":[\"https:\\\/\\\/autofans.com.ar\\\/index.php\\\/2023\\\/03\\\/21\\\/chevrolet-y-unicef-se-unen-por-la-educacion\\\/\"]}]},{\"@type\":\"ImageObject\",\"inLanguage\":\"es\",\"@id\":\"https:\\\/\\\/autofans.com.ar\\\/index.php\\\/2023\\\/03\\\/21\\\/chevrolet-y-unicef-se-unen-por-la-educacion\\\/#primaryimage\",\"url\":\"https:\\\/\\\/autofans.com.ar\\\/wp-content\\\/uploads\\\/2023\\\/03\\\/fotos-1-1-jpg.webp\",\"contentUrl\":\"https:\\\/\\\/autofans.com.ar\\\/wp-content\\\/uploads\\\/2023\\\/03\\\/fotos-1-1-jpg.webp\",\"width\":1000,\"height\":667,\"caption\":\"Carrera Unicef\"},{\"@type\":\"BreadcrumbList\",\"@id\":\"https:\\\/\\\/autofans.com.ar\\\/index.php\\\/2023\\\/03\\\/21\\\/chevrolet-y-unicef-se-unen-por-la-educacion\\\/#breadcrumb\",\"itemListElement\":[{\"@type\":\"ListItem\",\"position\":1,\"name\":\"Inicio\",\"item\":\"https:\\\/\\\/autofans.com.ar\\\/\"},{\"@type\":\"ListItem\",\"position\":2,\"name\":\"Chevrolet y UNICEF se unen por la educaci\u00f3n\"}]},{\"@type\":\"WebSite\",\"@id\":\"https:\\\/\\\/autofans.com.ar\\\/#website\",\"url\":\"https:\\\/\\\/autofans.com.ar\\\/\",\"name\":\"\",\"description\":\"El multimedio referente de la industria automotriz\",\"potentialAction\":[{\"@type\":\"SearchAction\",\"target\":{\"@type\":\"EntryPoint\",\"urlTemplate\":\"https:\\\/\\\/autofans.com.ar\\\/?s={search_term_string}\"},\"query-input\":{\"@type\":\"PropertyValueSpecification\",\"valueRequired\":true,\"valueName\":\"search_term_string\"}}],\"inLanguage\":\"es\"},{\"@type\":\"Person\",\"@id\":\"https:\\\/\\\/autofans.com.ar\\\/#\\\/schema\\\/person\\\/4a8dda0b6df83ac3d6723e921274c2aa\",\"name\":\"Alejandro Gabriel Rosito\",\"image\":{\"@type\":\"ImageObject\",\"inLanguage\":\"es\",\"@id\":\"https:\\\/\\\/secure.gravatar.com\\\/avatar\\\/16c5dda1489adfc62618084dcbb91cffd879c374b13fe5dd8e44ed6733852c88?s=96&d=mm&r=g\",\"url\":\"https:\\\/\\\/secure.gravatar.com\\\/avatar\\\/16c5dda1489adfc62618084dcbb91cffd879c374b13fe5dd8e44ed6733852c88?s=96&d=mm&r=g\",\"contentUrl\":\"https:\\\/\\\/secure.gravatar.com\\\/avatar\\\/16c5dda1489adfc62618084dcbb91cffd879c374b13fe5dd8e44ed6733852c88?s=96&d=mm&r=g\",\"caption\":\"Alejandro Gabriel Rosito\"},\"url\":\"https:\\\/\\\/autofans.com.ar\\\/index.php\\\/author\\\/gabrielr\\\/\"}]}<\/script>\n<!-- \/ Yoast SEO plugin. -->","yoast_head_json":{"title":"Chevrolet y UNICEF se unen por la educaci\u00f3n -","description":"El domingo 19 de marzo, Chevrolet particip\u00f3 en la 14\u00b0 edici\u00f3n de la Carrera de UNICEF por la Educaci\u00f3n. Tuvo lugar en los Bosques de Palermo","robots":{"index":"index","follow":"follow","max-snippet":"max-snippet:-1","max-image-preview":"max-image-preview:large","max-video-preview":"max-video-preview:-1"},"canonical":"https:\/\/autofans.com.ar\/index.php\/2023\/03\/21\/chevrolet-y-unicef-se-unen-por-la-educacion\/","og_locale":"es_ES","og_type":"article","og_title":"Chevrolet y UNICEF se unen por la educaci\u00f3n -","og_description":"El domingo 19 de marzo, Chevrolet particip\u00f3 en la 14\u00b0 edici\u00f3n de la Carrera de UNICEF por la Educaci\u00f3n. Tuvo lugar en los Bosques de Palermo","og_url":"https:\/\/autofans.com.ar\/index.php\/2023\/03\/21\/chevrolet-y-unicef-se-unen-por-la-educacion\/","article_published_time":"2023-03-21T22:44:08+00:00","og_image":[{"width":1000,"height":667,"url":"https:\/\/autofans.com.ar\/wp-content\/uploads\/2023\/03\/fotos-1-1-jpg.webp","type":"image\/jpeg"}],"author":"Alejandro Gabriel Rosito","twitter_card":"summary_large_image","twitter_misc":{"Escrito por":"Alejandro Gabriel Rosito","Tiempo de lectura":"2 minutos"},"schema":{"@context":"https:\/\/schema.org","@graph":[{"@type":"Article","@id":"https:\/\/autofans.com.ar\/index.php\/2023\/03\/21\/chevrolet-y-unicef-se-unen-por-la-educacion\/#article","isPartOf":{"@id":"https:\/\/autofans.com.ar\/index.php\/2023\/03\/21\/chevrolet-y-unicef-se-unen-por-la-educacion\/"},"author":{"name":"Alejandro Gabriel Rosito","@id":"https:\/\/autofans.com.ar\/#\/schema\/person\/4a8dda0b6df83ac3d6723e921274c2aa"},"headline":"Chevrolet y UNICEF se unen por la educaci\u00f3n","datePublished":"2023-03-21T22:44:08+00:00","mainEntityOfPage":{"@id":"https:\/\/autofans.com.ar\/index.php\/2023\/03\/21\/chevrolet-y-unicef-se-unen-por-la-educacion\/"},"wordCount":333,"image":{"@id":"https:\/\/autofans.com.ar\/index.php\/2023\/03\/21\/chevrolet-y-unicef-se-unen-por-la-educacion\/#primaryimage"},"thumbnailUrl":"https:\/\/autofans.com.ar\/wp-content\/uploads\/2023\/03\/fotos-1-1-jpg.webp","keywords":["Argentina","Bosques de Palermo","Carrera UNICEF","Chevrolet","Chevrolet argentina","Chevrolet Joy","educaci\u00f3n de calidad","GM","PLaNEA","SRTIC","UNICEF"],"articleSection":["BIZSTYLE","NOTICIAS"],"inLanguage":"es"},{"@type":"WebPage","@id":"https:\/\/autofans.com.ar\/index.php\/2023\/03\/21\/chevrolet-y-unicef-se-unen-por-la-educacion\/","url":"https:\/\/autofans.com.ar\/index.php\/2023\/03\/21\/chevrolet-y-unicef-se-unen-por-la-educacion\/","name":"Chevrolet y UNICEF se unen por la educaci\u00f3n -","isPartOf":{"@id":"https:\/\/autofans.com.ar\/#website"},"primaryImageOfPage":{"@id":"https:\/\/autofans.com.ar\/index.php\/2023\/03\/21\/chevrolet-y-unicef-se-unen-por-la-educacion\/#primaryimage"},"image":{"@id":"https:\/\/autofans.com.ar\/index.php\/2023\/03\/21\/chevrolet-y-unicef-se-unen-por-la-educacion\/#primaryimage"},"thumbnailUrl":"https:\/\/autofans.com.ar\/wp-content\/uploads\/2023\/03\/fotos-1-1-jpg.webp","datePublished":"2023-03-21T22:44:08+00:00","author":{"@id":"https:\/\/autofans.com.ar\/#\/schema\/person\/4a8dda0b6df83ac3d6723e921274c2aa"},"description":"El domingo 19 de marzo, Chevrolet particip\u00f3 en la 14\u00b0 edici\u00f3n de la Carrera de UNICEF por la Educaci\u00f3n. Tuvo lugar en los Bosques de Palermo","breadcrumb":{"@id":"https:\/\/autofans.com.ar\/index.php\/2023\/03\/21\/chevrolet-y-unicef-se-unen-por-la-educacion\/#breadcrumb"},"inLanguage":"es","potentialAction":[{"@type":"ReadAction","target":["https:\/\/autofans.com.ar\/index.php\/2023\/03\/21\/chevrolet-y-unicef-se-unen-por-la-educacion\/"]}]},{"@type":"ImageObject","inLanguage":"es","@id":"https:\/\/autofans.com.ar\/index.php\/2023\/03\/21\/chevrolet-y-unicef-se-unen-por-la-educacion\/#primaryimage","url":"https:\/\/autofans.com.ar\/wp-content\/uploads\/2023\/03\/fotos-1-1-jpg.webp","contentUrl":"https:\/\/autofans.com.ar\/wp-content\/uploads\/2023\/03\/fotos-1-1-jpg.webp","width":1000,"height":667,"caption":"Carrera Unicef"},{"@type":"BreadcrumbList","@id":"https:\/\/autofans.com.ar\/index.php\/2023\/03\/21\/chevrolet-y-unicef-se-unen-por-la-educacion\/#breadcrumb","itemListElement":[{"@type":"ListItem","position":1,"name":"Inicio","item":"https:\/\/autofans.com.ar\/"},{"@type":"ListItem","position":2,"name":"Chevrolet y UNICEF se unen por la educaci\u00f3n"}]},{"@type":"WebSite","@id":"https:\/\/autofans.com.ar\/#website","url":"https:\/\/autofans.com.ar\/","name":"","description":"El multimedio referente de la industria automotriz","potentialAction":[{"@type":"SearchAction","target":{"@type":"EntryPoint","urlTemplate":"https:\/\/autofans.com.ar\/?s={search_term_string}"},"query-input":{"@type":"PropertyValueSpecification","valueRequired":true,"valueName":"search_term_string"}}],"inLanguage":"es"},{"@type":"Person","@id":"https:\/\/autofans.com.ar\/#\/schema\/person\/4a8dda0b6df83ac3d6723e921274c2aa","name":"Alejandro Gabriel Rosito","image":{"@type":"ImageObject","inLanguage":"es","@id":"https:\/\/secure.gravatar.com\/avatar\/16c5dda1489adfc62618084dcbb91cffd879c374b13fe5dd8e44ed6733852c88?s=96&d=mm&r=g","url":"https:\/\/secure.gravatar.com\/avatar\/16c5dda1489adfc62618084dcbb91cffd879c374b13fe5dd8e44ed6733852c88?s=96&d=mm&r=g","contentUrl":"https:\/\/secure.gravatar.com\/avatar\/16c5dda1489adfc62618084dcbb91cffd879c374b13fe5dd8e44ed6733852c88?s=96&d=mm&r=g","caption":"Alejandro Gabriel Rosito"},"url":"https:\/\/autofans.com.ar\/index.php\/author\/gabrielr\/"}]}},"featured_image_urls":{"full":["https:\/\/autofans.com.ar\/wp-content\/uploads\/2023\/03\/fotos-1-1-jpg.webp",1000,667,false],"thumbnail":["https:\/\/autofans.com.ar\/wp-content\/uploads\/2023\/03\/fotos-1-1-150x150.webp",150,150,true],"medium":["https:\/\/autofans.com.ar\/wp-content\/uploads\/2023\/03\/fotos-1-1-300x200.webp",300,200,true],"medium_large":["https:\/\/autofans.com.ar\/wp-content\/uploads\/2023\/03\/fotos-1-1-768x512.webp",640,427,true],"large":["https:\/\/autofans.com.ar\/wp-content\/uploads\/2023\/03\/fotos-1-1-jpg.webp",640,427,false],"1536x1536":["https:\/\/autofans.com.ar\/wp-content\/uploads\/2023\/03\/fotos-1-1-jpg.webp",1000,667,false],"2048x2048":["https:\/\/autofans.com.ar\/wp-content\/uploads\/2023\/03\/fotos-1-1-jpg.webp",1000,667,false],"covernews-featured":["https:\/\/autofans.com.ar\/wp-content\/uploads\/2023\/03\/fotos-1-1-jpg.webp",1000,667,false],"covernews-medium":["https:\/\/autofans.com.ar\/wp-content\/uploads\/2023\/03\/fotos-1-1-540x340.webp",540,340,true]},"author_info":{"display_name":"Alejandro Gabriel Rosito","author_link":"https:\/\/autofans.com.ar\/index.php\/author\/gabrielr\/"},"category_info":"<a href=\"https:\/\/autofans.com.ar\/index.php\/category\/noticias\/bizstyle\/\" rel=\"category tag\">BIZSTYLE<\/a> <a href=\"https:\/\/autofans.com.ar\/index.php\/category\/noticias\/\" rel=\"category tag\">NOTICIAS<\/a>","tag_info":"NOTICIAS","comment_count":0,"_links":{"self":[{"href":"https:\/\/autofans.com.ar\/index.php\/wp-json\/wp\/v2\/posts\/981","targetHints":{"allow":["GET"]}}],"collection":[{"href":"https:\/\/autofans.com.ar\/index.php\/wp-json\/wp\/v2\/posts"}],"about":[{"href":"https:\/\/autofans.com.ar\/index.php\/wp-json\/wp\/v2\/types\/post"}],"author":[{"embeddable":true,"href":"https:\/\/autofans.com.ar\/index.php\/wp-json\/wp\/v2\/users\/2"}],"replies":[{"embeddable":true,"href":"https:\/\/autofans.com.ar\/index.php\/wp-json\/wp\/v2\/comments?post=981"}],"version-history":[{"count":2,"href":"https:\/\/autofans.com.ar\/index.php\/wp-json\/wp\/v2\/posts\/981\/revisions"}],"predecessor-version":[{"id":986,"href":"https:\/\/autofans.com.ar\/index.php\/wp-json\/wp\/v2\/posts\/981\/revisions\/986"}],"wp:featuredmedia":[{"embeddable":true,"href":"https:\/\/autofans.com.ar\/index.php\/wp-json\/wp\/v2\/media\/982"}],"wp:attachment":[{"href":"https:\/\/autofans.com.ar\/index.php\/wp-json\/wp\/v2\/media?parent=981"}],"wp:term":[{"taxonomy":"category","embeddable":true,"href":"https:\/\/autofans.com.ar\/index.php\/wp-json\/wp\/v2\/categories?post=981"},{"taxonomy":"post_tag","embeddable":true,"href":"https:\/\/autofans.com.ar\/index.php\/wp-json\/wp\/v2\/tags?post=981"}],"curies":[{"name":"wp","href":"https:\/\/api.w.org\/{rel}","templated":true}]}}