{"id":9811,"date":"2024-11-13T18:51:22","date_gmt":"2024-11-13T21:51:22","guid":{"rendered":"https:\/\/autofans.com.ar\/?p=9811"},"modified":"2024-11-13T18:51:22","modified_gmt":"2024-11-13T21:51:22","slug":"daimler-truck-nombra-a-puchert-como-ceo-de-mercedes-benz","status":"publish","type":"post","link":"https:\/\/autofans.com.ar\/index.php\/2024\/11\/13\/daimler-truck-nombra-a-puchert-como-ceo-de-mercedes-benz\/","title":{"rendered":"Daimler Truck nombra a Puchert como CEO de Mercedes-Benz"},"content":{"rendered":"<p>En una decisi\u00f3n clave para su liderazgo global, Daimler Truck AG nombr\u00f3 a Achim Puchert como nuevo CEO de Mercedes-Benz Camiones. A partir del 1 de diciembre de 2024, Puchert asumir\u00e1 tambi\u00e9n el rol de Miembro del Consejo de Administraci\u00f3n, cubriendo las regiones de Europa y Am\u00e9rica Latina hasta el 30 de noviembre de 2027. Su designaci\u00f3n reemplaza a Karin R\u00e5dstr\u00f6m, quien deja un legado importante en la compa\u00f1\u00eda.<\/p>\n<p>&nbsp;<\/p>\n<blockquote>\n<p style=\"text-align: center;\">Joe Kaeser, Presidente del Consejo de Supervisi\u00f3n del Grupo Daimler Truck AG: \u201cCon el nombramiento de Achim Puchert, el consejo de supervisi\u00f3n decide r\u00e1pidamente sobre la sucesi\u00f3n en la Direcci\u00f3n de Mercedes-Benz Camiones. Los criterios decisivos fueron el esp\u00edritu de equipo, la capacidad de liderazgo y la experiencia relevante en la reestructuraci\u00f3n y el desarrollo rentable de negocios. Achim Puchert re\u00fane todos estos atributos de manera convincente y lo ha demostrado especialmente en su actual puesto como CEO de Mercedes-Benz do Brasil. El Consejo de Supervisi\u00f3n est\u00e1 entisiasmado de trabajar con \u00e9l\u201d.<\/p>\n<\/blockquote>\n<p>&nbsp;<\/p>\n<h2><strong>Mercedes-Benz Camiones en manos de Puchert<\/strong><\/h2>\n<p>Puchert, de 45 a\u00f1os, tiene una trayectoria s\u00f3lida dentro de Daimler, donde comenz\u00f3 en 2002. Su recorrido profesional abarca roles en gesti\u00f3n de ventas, marketing, servicio al cliente y alianzas estrat\u00e9gicas. Como Vicepresidente Senior, lider\u00f3 proyectos internacionales y la expansi\u00f3n de operaciones de Mercedes-Benz Camiones, logrando establecer una red estrat\u00e9gica de plantas en diferentes continentes.<\/p>\n<p>&nbsp;<\/p>\n<p>&nbsp;<\/p>\n<figure id=\"attachment_9816\" aria-describedby=\"caption-attachment-9816\" style=\"width: 1000px\" class=\"wp-caption aligncenter\"><img fetchpriority=\"high\" decoding=\"async\" class=\"wp-image-9816 size-full\" src=\"https:\/\/autofans.com.ar\/wp-content\/uploads\/2024\/11\/michael-brecht.jpg\" alt=\"Puchert\" width=\"1000\" height=\"667\" srcset=\"https:\/\/autofans.com.ar\/wp-content\/uploads\/2024\/11\/michael-brecht.jpg 1000w, https:\/\/autofans.com.ar\/wp-content\/uploads\/2024\/11\/michael-brecht-300x200.jpg 300w, https:\/\/autofans.com.ar\/wp-content\/uploads\/2024\/11\/michael-brecht-768x512.jpg 768w\" sizes=\"(max-width: 1000px) 100vw, 1000px\" \/><figcaption id=\"caption-attachment-9816\" class=\"wp-caption-text\">Michael Brecht<\/figcaption><\/figure>\n<p>&nbsp;<\/p>\n<blockquote>\n<p style=\"text-align: center;\">Michael Brecht, Vicepresidente del Consejo de Supervisi\u00f3n y Presidente del Comit\u00e9 de Trabajo de Daimler Truck AG: \u201cNosotros, los del comit\u00e9 de trabajo, conocemos a Achim Puchert desde hace mucho tiempo por sus distintos cargos en la planta de W\u00f6rth y en Brasil, entre otros. Lo consideramos una muy buena elecci\u00f3n y apoyamos su nombramiento. Dados los desaf\u00edos que enfrenta Mercedes-Benz Camiones, esperamos involucrarnos desde el principio en la nueva direcci\u00f3n y que los intereses de los empleados y de los accionistas sean considerados\u201d.<\/p>\n<\/blockquote>\n<p>&nbsp;<\/p>\n<h2>Un futuro s\u00f3lido para Mercedes-Benz Camiones<\/h2>\n<p>Desde 2022, Puchert estuvo al frente de Mercedes-Benz do Brasil y Am\u00e9rica Latina, donde potenci\u00f3 el negocio de camiones y buses. Joe Kaeser, Presidente del Consejo de Supervisi\u00f3n de Daimler Truck, destac\u00f3 su estilo de liderazgo, basado en empoderar equipos y una visi\u00f3n centrada en la transformaci\u00f3n y reestructuraci\u00f3n, elementos clave para el futuro de Mercedes-Benz Camiones.<\/p>\n<p>&nbsp;<\/p>\n<figure id=\"attachment_9814\" aria-describedby=\"caption-attachment-9814\" style=\"width: 1000px\" class=\"wp-caption aligncenter\"><img decoding=\"async\" class=\"wp-image-9814 size-full\" src=\"https:\/\/autofans.com.ar\/wp-content\/uploads\/2024\/11\/mercedes-2-1.jpg\" alt=\"Puchert\" width=\"1000\" height=\"667\" srcset=\"https:\/\/autofans.com.ar\/wp-content\/uploads\/2024\/11\/mercedes-2-1.jpg 1000w, https:\/\/autofans.com.ar\/wp-content\/uploads\/2024\/11\/mercedes-2-1-300x200.jpg 300w, https:\/\/autofans.com.ar\/wp-content\/uploads\/2024\/11\/mercedes-2-1-768x512.jpg 768w\" sizes=\"(max-width: 1000px) 100vw, 1000px\" \/><figcaption id=\"caption-attachment-9814\" class=\"wp-caption-text\">Achim Puchert<\/figcaption><\/figure>\n<p>&nbsp;<\/p>\n<p>La sucesi\u00f3n de Achim Puchert en su cargo actual ser\u00e1 anunciada pr\u00f3ximamente. Daimler Truck conf\u00eda en que su liderazgo aportar\u00e1 estabilidad y crecimiento en mercados tan din\u00e1micos como el europeo y latinoamericano.<\/p>\n<p>&nbsp;<\/p>\n<blockquote>\n<p style=\"text-align: center;\">Karin R\u00e5dstr\u00f6m, Presidenta del Grupo Daimler AG: \u201cAchim Puchert es un estratega experimentado y experto en transformaci\u00f3n, pero a\u00fan m\u00e1s importante, Achim es un gerente que lidera a trav\u00e9s del empoderamiento, motivando a sus equipos a rendir al m\u00e1ximo. Ha demostrado de manera impresionante sus conocimientos y habilidades en su actual cargo como CEO de Mercedes-Benz do Brasil. En menos de tres a\u00f1os, ha trabajado con su equipo para recuperar un negocio que antes era desafiante y con m\u00e1rgenes inferiores al promedio. Espero trabajar con Achim en su nueva responsabilidad\u201d.<\/p>\n<\/blockquote>\n<p>&nbsp;<\/p>\n<p>&nbsp;<\/p>\n<p>&nbsp;<\/p>\n<p><i>Para enterarte de m\u00e1s novedades, no dejes de leer\u00a0<\/i><a href=\"https:\/\/autofans.thebrandsoup.com\/\"><i>nuestras notas<\/i><\/a><i>, de ver<\/i><b><i>\u00a0<\/i><\/b><a href=\"https:\/\/www.youtube.com\/channel\/UCgAC8UGHZYbT6P7PpmVnP7g\"><b><i>AUTOFANS TV<\/i><\/b><\/a><b><i>\u00a0<\/i><\/b><i>en nuestro\u00a0canal de Youtube. Adem\u00e1s seguinos en\u00a0<\/i><a href=\"https:\/\/www.instagram.com\/autofanstv\/\"><i>INSTAGRAM<\/i><\/a><i> y <\/i><a href=\"https:\/\/www.facebook.com\/autofansmas\/\"><i>FACEBOOK<\/i><\/a><i> para no perderte nada sobre las novedades del segmento automotor de Argentina y el mundo.<\/i><\/p>\n","protected":false},"excerpt":{"rendered":"<p>En una decisi\u00f3n clave para su liderazgo global, Daimler Truck AG nombr\u00f3 a Achim Puchert&#8230;<\/p>\n","protected":false},"author":2,"featured_media":9815,"comment_status":"closed","ping_status":"closed","sticky":false,"template":"","format":"standard","meta":{"footnotes":""},"categories":[292,16],"tags":[5306,5307,1220,2378,5308],"class_list":["post-9811","post","type-post","status-publish","format-standard","has-post-thumbnail","hentry","category-empresas","category-noticias","tag-achim-puchert","tag-ceo-de-daimler-truck","tag-daimler-truck-ag","tag-mercedes-benz-camiones","tag-mercedes-benz-europa-y-america-latina"],"yoast_head":"<!-- This site is optimized with the Yoast SEO plugin v27.5 - https:\/\/yoast.com\/product\/yoast-seo-wordpress\/ -->\n<title>Daimler Truck nombra a Puchert como CEO de Mercedes-Benz -<\/title>\n<meta name=\"description\" content=\"En una decisi\u00f3n clave para su liderazgo global, Daimler Truck AG nombr\u00f3 a Achim Puchert como nuevo CEO de Mercedes-Benz Camiones...\" \/>\n<meta name=\"robots\" content=\"index, follow, max-snippet:-1, max-image-preview:large, max-video-preview:-1\" \/>\n<link rel=\"canonical\" href=\"https:\/\/autofans.com.ar\/index.php\/2024\/11\/13\/daimler-truck-nombra-a-puchert-como-ceo-de-mercedes-benz\/\" \/>\n<meta property=\"og:locale\" content=\"es_ES\" \/>\n<meta property=\"og:type\" content=\"article\" \/>\n<meta property=\"og:title\" content=\"Daimler Truck nombra a Puchert como CEO de Mercedes-Benz -\" \/>\n<meta property=\"og:description\" content=\"En una decisi\u00f3n clave para su liderazgo global, Daimler Truck AG nombr\u00f3 a Achim Puchert como nuevo CEO de Mercedes-Benz Camiones...\" \/>\n<meta property=\"og:url\" content=\"https:\/\/autofans.com.ar\/index.php\/2024\/11\/13\/daimler-truck-nombra-a-puchert-como-ceo-de-mercedes-benz\/\" \/>\n<meta property=\"article:published_time\" content=\"2024-11-13T21:51:22+00:00\" \/>\n<meta property=\"og:image\" content=\"https:\/\/autofans.com.ar\/wp-content\/uploads\/2024\/11\/mercedes-1-1.jpg\" \/>\n\t<meta property=\"og:image:width\" content=\"1000\" \/>\n\t<meta property=\"og:image:height\" content=\"667\" \/>\n\t<meta property=\"og:image:type\" content=\"image\/jpeg\" \/>\n<meta name=\"author\" content=\"Alejandro Gabriel Rosito\" \/>\n<meta name=\"twitter:card\" content=\"summary_large_image\" \/>\n<meta name=\"twitter:label1\" content=\"Escrito por\" \/>\n\t<meta name=\"twitter:data1\" content=\"Alejandro Gabriel Rosito\" \/>\n\t<meta name=\"twitter:label2\" content=\"Tiempo de lectura\" \/>\n\t<meta name=\"twitter:data2\" content=\"2 minutos\" \/>\n<script type=\"application\/ld+json\" class=\"yoast-schema-graph\">{\"@context\":\"https:\\\/\\\/schema.org\",\"@graph\":[{\"@type\":\"Article\",\"@id\":\"https:\\\/\\\/autofans.com.ar\\\/index.php\\\/2024\\\/11\\\/13\\\/daimler-truck-nombra-a-puchert-como-ceo-de-mercedes-benz\\\/#article\",\"isPartOf\":{\"@id\":\"https:\\\/\\\/autofans.com.ar\\\/index.php\\\/2024\\\/11\\\/13\\\/daimler-truck-nombra-a-puchert-como-ceo-de-mercedes-benz\\\/\"},\"author\":{\"name\":\"Alejandro Gabriel Rosito\",\"@id\":\"https:\\\/\\\/autofans.com.ar\\\/#\\\/schema\\\/person\\\/4a8dda0b6df83ac3d6723e921274c2aa\"},\"headline\":\"Daimler Truck nombra a Puchert como CEO de Mercedes-Benz\",\"datePublished\":\"2024-11-13T21:51:22+00:00\",\"mainEntityOfPage\":{\"@id\":\"https:\\\/\\\/autofans.com.ar\\\/index.php\\\/2024\\\/11\\\/13\\\/daimler-truck-nombra-a-puchert-como-ceo-de-mercedes-benz\\\/\"},\"wordCount\":613,\"image\":{\"@id\":\"https:\\\/\\\/autofans.com.ar\\\/index.php\\\/2024\\\/11\\\/13\\\/daimler-truck-nombra-a-puchert-como-ceo-de-mercedes-benz\\\/#primaryimage\"},\"thumbnailUrl\":\"https:\\\/\\\/autofans.com.ar\\\/wp-content\\\/uploads\\\/2024\\\/11\\\/mercedes-1-1.jpg\",\"keywords\":[\"Achim Puchert\",\"CEO de Daimler Truck\",\"Daimler Truck AG\",\"Mercedes-Benz Camiones\",\"Mercedes-Benz Europa y Am\u00e9rica Latina\"],\"articleSection\":[\"EMPRESAS\",\"NOTICIAS\"],\"inLanguage\":\"es\"},{\"@type\":\"WebPage\",\"@id\":\"https:\\\/\\\/autofans.com.ar\\\/index.php\\\/2024\\\/11\\\/13\\\/daimler-truck-nombra-a-puchert-como-ceo-de-mercedes-benz\\\/\",\"url\":\"https:\\\/\\\/autofans.com.ar\\\/index.php\\\/2024\\\/11\\\/13\\\/daimler-truck-nombra-a-puchert-como-ceo-de-mercedes-benz\\\/\",\"name\":\"Daimler Truck nombra a Puchert como CEO de Mercedes-Benz -\",\"isPartOf\":{\"@id\":\"https:\\\/\\\/autofans.com.ar\\\/#website\"},\"primaryImageOfPage\":{\"@id\":\"https:\\\/\\\/autofans.com.ar\\\/index.php\\\/2024\\\/11\\\/13\\\/daimler-truck-nombra-a-puchert-como-ceo-de-mercedes-benz\\\/#primaryimage\"},\"image\":{\"@id\":\"https:\\\/\\\/autofans.com.ar\\\/index.php\\\/2024\\\/11\\\/13\\\/daimler-truck-nombra-a-puchert-como-ceo-de-mercedes-benz\\\/#primaryimage\"},\"thumbnailUrl\":\"https:\\\/\\\/autofans.com.ar\\\/wp-content\\\/uploads\\\/2024\\\/11\\\/mercedes-1-1.jpg\",\"datePublished\":\"2024-11-13T21:51:22+00:00\",\"author\":{\"@id\":\"https:\\\/\\\/autofans.com.ar\\\/#\\\/schema\\\/person\\\/4a8dda0b6df83ac3d6723e921274c2aa\"},\"description\":\"En una decisi\u00f3n clave para su liderazgo global, Daimler Truck AG nombr\u00f3 a Achim Puchert como nuevo CEO de Mercedes-Benz Camiones...\",\"breadcrumb\":{\"@id\":\"https:\\\/\\\/autofans.com.ar\\\/index.php\\\/2024\\\/11\\\/13\\\/daimler-truck-nombra-a-puchert-como-ceo-de-mercedes-benz\\\/#breadcrumb\"},\"inLanguage\":\"es\",\"potentialAction\":[{\"@type\":\"ReadAction\",\"target\":[\"https:\\\/\\\/autofans.com.ar\\\/index.php\\\/2024\\\/11\\\/13\\\/daimler-truck-nombra-a-puchert-como-ceo-de-mercedes-benz\\\/\"]}]},{\"@type\":\"ImageObject\",\"inLanguage\":\"es\",\"@id\":\"https:\\\/\\\/autofans.com.ar\\\/index.php\\\/2024\\\/11\\\/13\\\/daimler-truck-nombra-a-puchert-como-ceo-de-mercedes-benz\\\/#primaryimage\",\"url\":\"https:\\\/\\\/autofans.com.ar\\\/wp-content\\\/uploads\\\/2024\\\/11\\\/mercedes-1-1.jpg\",\"contentUrl\":\"https:\\\/\\\/autofans.com.ar\\\/wp-content\\\/uploads\\\/2024\\\/11\\\/mercedes-1-1.jpg\",\"width\":1000,\"height\":667,\"caption\":\"Puchert\"},{\"@type\":\"BreadcrumbList\",\"@id\":\"https:\\\/\\\/autofans.com.ar\\\/index.php\\\/2024\\\/11\\\/13\\\/daimler-truck-nombra-a-puchert-como-ceo-de-mercedes-benz\\\/#breadcrumb\",\"itemListElement\":[{\"@type\":\"ListItem\",\"position\":1,\"name\":\"Inicio\",\"item\":\"https:\\\/\\\/autofans.com.ar\\\/\"},{\"@type\":\"ListItem\",\"position\":2,\"name\":\"Daimler Truck nombra a Puchert como CEO de Mercedes-Benz\"}]},{\"@type\":\"WebSite\",\"@id\":\"https:\\\/\\\/autofans.com.ar\\\/#website\",\"url\":\"https:\\\/\\\/autofans.com.ar\\\/\",\"name\":\"\",\"description\":\"El multimedio referente de la industria automotriz\",\"potentialAction\":[{\"@type\":\"SearchAction\",\"target\":{\"@type\":\"EntryPoint\",\"urlTemplate\":\"https:\\\/\\\/autofans.com.ar\\\/?s={search_term_string}\"},\"query-input\":{\"@type\":\"PropertyValueSpecification\",\"valueRequired\":true,\"valueName\":\"search_term_string\"}}],\"inLanguage\":\"es\"},{\"@type\":\"Person\",\"@id\":\"https:\\\/\\\/autofans.com.ar\\\/#\\\/schema\\\/person\\\/4a8dda0b6df83ac3d6723e921274c2aa\",\"name\":\"Alejandro Gabriel Rosito\",\"image\":{\"@type\":\"ImageObject\",\"inLanguage\":\"es\",\"@id\":\"https:\\\/\\\/secure.gravatar.com\\\/avatar\\\/16c5dda1489adfc62618084dcbb91cffd879c374b13fe5dd8e44ed6733852c88?s=96&d=mm&r=g\",\"url\":\"https:\\\/\\\/secure.gravatar.com\\\/avatar\\\/16c5dda1489adfc62618084dcbb91cffd879c374b13fe5dd8e44ed6733852c88?s=96&d=mm&r=g\",\"contentUrl\":\"https:\\\/\\\/secure.gravatar.com\\\/avatar\\\/16c5dda1489adfc62618084dcbb91cffd879c374b13fe5dd8e44ed6733852c88?s=96&d=mm&r=g\",\"caption\":\"Alejandro Gabriel Rosito\"},\"url\":\"https:\\\/\\\/autofans.com.ar\\\/index.php\\\/author\\\/gabrielr\\\/\"}]}<\/script>\n<!-- \/ Yoast SEO plugin. -->","yoast_head_json":{"title":"Daimler Truck nombra a Puchert como CEO de Mercedes-Benz -","description":"En una decisi\u00f3n clave para su liderazgo global, Daimler Truck AG nombr\u00f3 a Achim Puchert como nuevo CEO de Mercedes-Benz Camiones...","robots":{"index":"index","follow":"follow","max-snippet":"max-snippet:-1","max-image-preview":"max-image-preview:large","max-video-preview":"max-video-preview:-1"},"canonical":"https:\/\/autofans.com.ar\/index.php\/2024\/11\/13\/daimler-truck-nombra-a-puchert-como-ceo-de-mercedes-benz\/","og_locale":"es_ES","og_type":"article","og_title":"Daimler Truck nombra a Puchert como CEO de Mercedes-Benz -","og_description":"En una decisi\u00f3n clave para su liderazgo global, Daimler Truck AG nombr\u00f3 a Achim Puchert como nuevo CEO de Mercedes-Benz Camiones...","og_url":"https:\/\/autofans.com.ar\/index.php\/2024\/11\/13\/daimler-truck-nombra-a-puchert-como-ceo-de-mercedes-benz\/","article_published_time":"2024-11-13T21:51:22+00:00","og_image":[{"width":1000,"height":667,"url":"https:\/\/autofans.com.ar\/wp-content\/uploads\/2024\/11\/mercedes-1-1.jpg","type":"image\/jpeg"}],"author":"Alejandro Gabriel Rosito","twitter_card":"summary_large_image","twitter_misc":{"Escrito por":"Alejandro Gabriel Rosito","Tiempo de lectura":"2 minutos"},"schema":{"@context":"https:\/\/schema.org","@graph":[{"@type":"Article","@id":"https:\/\/autofans.com.ar\/index.php\/2024\/11\/13\/daimler-truck-nombra-a-puchert-como-ceo-de-mercedes-benz\/#article","isPartOf":{"@id":"https:\/\/autofans.com.ar\/index.php\/2024\/11\/13\/daimler-truck-nombra-a-puchert-como-ceo-de-mercedes-benz\/"},"author":{"name":"Alejandro Gabriel Rosito","@id":"https:\/\/autofans.com.ar\/#\/schema\/person\/4a8dda0b6df83ac3d6723e921274c2aa"},"headline":"Daimler Truck nombra a Puchert como CEO de Mercedes-Benz","datePublished":"2024-11-13T21:51:22+00:00","mainEntityOfPage":{"@id":"https:\/\/autofans.com.ar\/index.php\/2024\/11\/13\/daimler-truck-nombra-a-puchert-como-ceo-de-mercedes-benz\/"},"wordCount":613,"image":{"@id":"https:\/\/autofans.com.ar\/index.php\/2024\/11\/13\/daimler-truck-nombra-a-puchert-como-ceo-de-mercedes-benz\/#primaryimage"},"thumbnailUrl":"https:\/\/autofans.com.ar\/wp-content\/uploads\/2024\/11\/mercedes-1-1.jpg","keywords":["Achim Puchert","CEO de Daimler Truck","Daimler Truck AG","Mercedes-Benz Camiones","Mercedes-Benz Europa y Am\u00e9rica Latina"],"articleSection":["EMPRESAS","NOTICIAS"],"inLanguage":"es"},{"@type":"WebPage","@id":"https:\/\/autofans.com.ar\/index.php\/2024\/11\/13\/daimler-truck-nombra-a-puchert-como-ceo-de-mercedes-benz\/","url":"https:\/\/autofans.com.ar\/index.php\/2024\/11\/13\/daimler-truck-nombra-a-puchert-como-ceo-de-mercedes-benz\/","name":"Daimler Truck nombra a Puchert como CEO de Mercedes-Benz -","isPartOf":{"@id":"https:\/\/autofans.com.ar\/#website"},"primaryImageOfPage":{"@id":"https:\/\/autofans.com.ar\/index.php\/2024\/11\/13\/daimler-truck-nombra-a-puchert-como-ceo-de-mercedes-benz\/#primaryimage"},"image":{"@id":"https:\/\/autofans.com.ar\/index.php\/2024\/11\/13\/daimler-truck-nombra-a-puchert-como-ceo-de-mercedes-benz\/#primaryimage"},"thumbnailUrl":"https:\/\/autofans.com.ar\/wp-content\/uploads\/2024\/11\/mercedes-1-1.jpg","datePublished":"2024-11-13T21:51:22+00:00","author":{"@id":"https:\/\/autofans.com.ar\/#\/schema\/person\/4a8dda0b6df83ac3d6723e921274c2aa"},"description":"En una decisi\u00f3n clave para su liderazgo global, Daimler Truck AG nombr\u00f3 a Achim Puchert como nuevo CEO de Mercedes-Benz Camiones...","breadcrumb":{"@id":"https:\/\/autofans.com.ar\/index.php\/2024\/11\/13\/daimler-truck-nombra-a-puchert-como-ceo-de-mercedes-benz\/#breadcrumb"},"inLanguage":"es","potentialAction":[{"@type":"ReadAction","target":["https:\/\/autofans.com.ar\/index.php\/2024\/11\/13\/daimler-truck-nombra-a-puchert-como-ceo-de-mercedes-benz\/"]}]},{"@type":"ImageObject","inLanguage":"es","@id":"https:\/\/autofans.com.ar\/index.php\/2024\/11\/13\/daimler-truck-nombra-a-puchert-como-ceo-de-mercedes-benz\/#primaryimage","url":"https:\/\/autofans.com.ar\/wp-content\/uploads\/2024\/11\/mercedes-1-1.jpg","contentUrl":"https:\/\/autofans.com.ar\/wp-content\/uploads\/2024\/11\/mercedes-1-1.jpg","width":1000,"height":667,"caption":"Puchert"},{"@type":"BreadcrumbList","@id":"https:\/\/autofans.com.ar\/index.php\/2024\/11\/13\/daimler-truck-nombra-a-puchert-como-ceo-de-mercedes-benz\/#breadcrumb","itemListElement":[{"@type":"ListItem","position":1,"name":"Inicio","item":"https:\/\/autofans.com.ar\/"},{"@type":"ListItem","position":2,"name":"Daimler Truck nombra a Puchert como CEO de Mercedes-Benz"}]},{"@type":"WebSite","@id":"https:\/\/autofans.com.ar\/#website","url":"https:\/\/autofans.com.ar\/","name":"","description":"El multimedio referente de la industria automotriz","potentialAction":[{"@type":"SearchAction","target":{"@type":"EntryPoint","urlTemplate":"https:\/\/autofans.com.ar\/?s={search_term_string}"},"query-input":{"@type":"PropertyValueSpecification","valueRequired":true,"valueName":"search_term_string"}}],"inLanguage":"es"},{"@type":"Person","@id":"https:\/\/autofans.com.ar\/#\/schema\/person\/4a8dda0b6df83ac3d6723e921274c2aa","name":"Alejandro Gabriel Rosito","image":{"@type":"ImageObject","inLanguage":"es","@id":"https:\/\/secure.gravatar.com\/avatar\/16c5dda1489adfc62618084dcbb91cffd879c374b13fe5dd8e44ed6733852c88?s=96&d=mm&r=g","url":"https:\/\/secure.gravatar.com\/avatar\/16c5dda1489adfc62618084dcbb91cffd879c374b13fe5dd8e44ed6733852c88?s=96&d=mm&r=g","contentUrl":"https:\/\/secure.gravatar.com\/avatar\/16c5dda1489adfc62618084dcbb91cffd879c374b13fe5dd8e44ed6733852c88?s=96&d=mm&r=g","caption":"Alejandro Gabriel Rosito"},"url":"https:\/\/autofans.com.ar\/index.php\/author\/gabrielr\/"}]}},"featured_image_urls":{"full":["https:\/\/autofans.com.ar\/wp-content\/uploads\/2024\/11\/mercedes-1-1.jpg",1000,667,false],"thumbnail":["https:\/\/autofans.com.ar\/wp-content\/uploads\/2024\/11\/mercedes-1-1-150x150.jpg",150,150,true],"medium":["https:\/\/autofans.com.ar\/wp-content\/uploads\/2024\/11\/mercedes-1-1-300x200.jpg",300,200,true],"medium_large":["https:\/\/autofans.com.ar\/wp-content\/uploads\/2024\/11\/mercedes-1-1-768x512.jpg",640,427,true],"large":["https:\/\/autofans.com.ar\/wp-content\/uploads\/2024\/11\/mercedes-1-1.jpg",640,427,false],"1536x1536":["https:\/\/autofans.com.ar\/wp-content\/uploads\/2024\/11\/mercedes-1-1.jpg",1000,667,false],"2048x2048":["https:\/\/autofans.com.ar\/wp-content\/uploads\/2024\/11\/mercedes-1-1.jpg",1000,667,false],"covernews-featured":["https:\/\/autofans.com.ar\/wp-content\/uploads\/2024\/11\/mercedes-1-1.jpg",1000,667,false],"covernews-medium":["https:\/\/autofans.com.ar\/wp-content\/uploads\/2024\/11\/mercedes-1-1-540x340.jpg",540,340,true]},"author_info":{"display_name":"Alejandro Gabriel Rosito","author_link":"https:\/\/autofans.com.ar\/index.php\/author\/gabrielr\/"},"category_info":"<a href=\"https:\/\/autofans.com.ar\/index.php\/category\/noticias\/empresas\/\" rel=\"category tag\">EMPRESAS<\/a> <a href=\"https:\/\/autofans.com.ar\/index.php\/category\/noticias\/\" rel=\"category tag\">NOTICIAS<\/a>","tag_info":"NOTICIAS","comment_count":0,"_links":{"self":[{"href":"https:\/\/autofans.com.ar\/index.php\/wp-json\/wp\/v2\/posts\/9811","targetHints":{"allow":["GET"]}}],"collection":[{"href":"https:\/\/autofans.com.ar\/index.php\/wp-json\/wp\/v2\/posts"}],"about":[{"href":"https:\/\/autofans.com.ar\/index.php\/wp-json\/wp\/v2\/types\/post"}],"author":[{"embeddable":true,"href":"https:\/\/autofans.com.ar\/index.php\/wp-json\/wp\/v2\/users\/2"}],"replies":[{"embeddable":true,"href":"https:\/\/autofans.com.ar\/index.php\/wp-json\/wp\/v2\/comments?post=9811"}],"version-history":[{"count":5,"href":"https:\/\/autofans.com.ar\/index.php\/wp-json\/wp\/v2\/posts\/9811\/revisions"}],"predecessor-version":[{"id":9819,"href":"https:\/\/autofans.com.ar\/index.php\/wp-json\/wp\/v2\/posts\/9811\/revisions\/9819"}],"wp:featuredmedia":[{"embeddable":true,"href":"https:\/\/autofans.com.ar\/index.php\/wp-json\/wp\/v2\/media\/9815"}],"wp:attachment":[{"href":"https:\/\/autofans.com.ar\/index.php\/wp-json\/wp\/v2\/media?parent=9811"}],"wp:term":[{"taxonomy":"category","embeddable":true,"href":"https:\/\/autofans.com.ar\/index.php\/wp-json\/wp\/v2\/categories?post=9811"},{"taxonomy":"post_tag","embeddable":true,"href":"https:\/\/autofans.com.ar\/index.php\/wp-json\/wp\/v2\/tags?post=9811"}],"curies":[{"name":"wp","href":"https:\/\/api.w.org\/{rel}","templated":true}]}}