{"id":9821,"date":"2024-11-13T20:00:49","date_gmt":"2024-11-13T23:00:49","guid":{"rendered":"https:\/\/autofans.com.ar\/?p=9821"},"modified":"2024-11-13T20:00:49","modified_gmt":"2024-11-13T23:00:49","slug":"autos-del-sur-celebra-20-anos-al-servicio-automotriz","status":"publish","type":"post","link":"https:\/\/autofans.com.ar\/index.php\/2024\/11\/13\/autos-del-sur-celebra-20-anos-al-servicio-automotriz\/","title":{"rendered":"Autos del Sur celebra 20 a\u00f1os al servicio automotriz"},"content":{"rendered":"<p>Desde su fundaci\u00f3n en 2004, Autos del Sur se ha convertido en una referencia del mercado automotriz en el sur del Gran Buenos Aires. Con una propuesta centrada en la calidad, innovaci\u00f3n y atenci\u00f3n personalizada. La concesionaria ha logrado fidelizar a clientes y consolidar una reputaci\u00f3n que abarca tres sucursales en Sarand\u00ed, Quilmes y Florencio Varela. Hoy, con un equipo de 70 colaboradores, Autos del Sur ofrece una experiencia completa que abarca desde el asesoramiento en la compra hasta servicios de mantenimiento y postventa.<\/p>\n<p>&nbsp;<\/p>\n<blockquote>\n<p style=\"text-align: center;\">Fundada por Eduardo Riverol con el objetivo de ofrecer un servicio de alta calidad y atenci\u00f3n personalizada, Autos del Sur ha sido testigo de la transformaci\u00f3n de la industria en los \u00faltimos 20 a\u00f1os. \u00abNuestro compromiso con la innovaci\u00f3n y la satisfacci\u00f3n del cliente ha sido fundamental para llegar hasta aqu\u00ed. Desde el primer d\u00eda, nuestro prop\u00f3sito fue convertirnos en una concesionaria de confianza para la comunidad local y, al mismo tiempo, evolucionar con las nuevas demandas y tecnolog\u00edas del sector\u00bb, afirma Santiago Triscali, CEO y director de Autos del Sur.<\/p>\n<\/blockquote>\n<p>&nbsp;<\/p>\n<h2>Autos del Sur &#8211; adaptaci\u00f3n a un mercado en evoluci\u00f3n<\/h2>\n<p>&nbsp;<\/p>\n<figure id=\"attachment_9827\" aria-describedby=\"caption-attachment-9827\" style=\"width: 1000px\" class=\"wp-caption aligncenter\"><img fetchpriority=\"high\" decoding=\"async\" class=\"wp-image-9827 size-full\" src=\"https:\/\/autofans.com.ar\/wp-content\/uploads\/2024\/11\/foto-1.jpg\" alt=\"Autos del Sur\" width=\"1000\" height=\"667\" srcset=\"https:\/\/autofans.com.ar\/wp-content\/uploads\/2024\/11\/foto-1.jpg 1000w, https:\/\/autofans.com.ar\/wp-content\/uploads\/2024\/11\/foto-1-300x200.jpg 300w, https:\/\/autofans.com.ar\/wp-content\/uploads\/2024\/11\/foto-1-768x512.jpg 768w\" sizes=\"(max-width: 1000px) 100vw, 1000px\" \/><figcaption id=\"caption-attachment-9827\" class=\"wp-caption-text\">Eduardo Riverol due\u00c3\u00b1o de Autos del Sur, Esteban Lamothe, Santiago Tricali director de Autos del Sur y Cami Homs<\/figcaption><\/figure>\n<p>&nbsp;<\/p>\n<p>En un contexto de constante cambio, la concesionaria ha sabido ajustarse a las nuevas preferencias del consumidor. Con una creciente demanda por pick ups 4&#215;4 y SUV, sus clientes buscan veh\u00edculos robustos y vers\u00e1tiles, ideales para el terreno y el uso cotidiano de empresas y particulares en Argentina. Autos del Sur tambi\u00e9n se est\u00e1 preparando para expandir su oferta de veh\u00edculos h\u00edbridos y el\u00e9ctricos, reflejando la tendencia hacia opciones m\u00e1s eficientes y sustentables, que han ganado popularidad en los \u00faltimos a\u00f1os.<\/p>\n<p>&nbsp;<\/p>\n<blockquote>\n<p style=\"text-align: center;\">Autos del Sur tambi\u00e9n mira al futuro con una clara estrategia de expansi\u00f3n en el mercado corporativo, atendiendo la creciente demanda de veh\u00edculos para flotas comerciales y ejecutivas. \u00abEl sector corporativo presenta una gran oportunidad para nosotros, ya que los clientes empresariales buscan veh\u00edculos que ofrezcan durabilidad y rendimiento\u00bb, asegura el director y CEO de la empresa, Santiago Triscali. A esto se suma la inversi\u00f3n en veh\u00edculos h\u00edbridos y el\u00e9ctricos, aline\u00e1ndose con una tendencia global hacia la sostenibilidad y la eficiencia energ\u00e9tica.<\/p>\n<\/blockquote>\n<p>&nbsp;<\/p>\n<h2>Celebraci\u00f3n de 20 a\u00f1os: un evento para mirar hacia el futuro<\/h2>\n<p>&nbsp;<\/p>\n<p><img decoding=\"async\" class=\"aligncenter wp-image-9824 size-full\" src=\"https:\/\/autofans.com.ar\/wp-content\/uploads\/2024\/11\/foto-4.jpg\" alt=\"Autos del Sur\" width=\"1000\" height=\"667\" srcset=\"https:\/\/autofans.com.ar\/wp-content\/uploads\/2024\/11\/foto-4.jpg 1000w, https:\/\/autofans.com.ar\/wp-content\/uploads\/2024\/11\/foto-4-300x200.jpg 300w, https:\/\/autofans.com.ar\/wp-content\/uploads\/2024\/11\/foto-4-768x512.jpg 768w\" sizes=\"(max-width: 1000px) 100vw, 1000px\" \/><\/p>\n<p>&nbsp;<\/p>\n<p>La celebraci\u00f3n de su 20\u00ba aniversario fue un momento especial para la concesionaria. El evento reuni\u00f3 a la comunidad en un d\u00eda lleno de actividades al aire libre, shows en vivo y una exhibici\u00f3n de modelos de \u00faltima tecnolog\u00eda. Esta jornada fue, adem\u00e1s, una oportunidad para la concesionaria de agradecer a los clientes, colaboradores y proveedores que han sido parte de su crecimiento. Con esta celebraci\u00f3n, Autos del Sur reafirma su compromiso con el mercado local y su mirada hacia un futuro sustentable y de innovaci\u00f3n continua.<\/p>\n<p>&nbsp;<\/p>\n<p>&nbsp;<\/p>\n<p><i>Para enterarte de m\u00e1s novedades, no dejes de leer\u00a0<\/i><a href=\"https:\/\/autofans.thebrandsoup.com\/\"><i>nuestras notas<\/i><\/a><i>, de ver<\/i><b><i>\u00a0<\/i><\/b><a href=\"https:\/\/www.youtube.com\/channel\/UCgAC8UGHZYbT6P7PpmVnP7g\"><b><i>AUTOFANS TV<\/i><\/b><\/a><b><i>\u00a0<\/i><\/b><i>en nuestro\u00a0canal de Youtube. Adem\u00e1s seguinos en\u00a0<\/i><a href=\"https:\/\/www.instagram.com\/autofanstv\/\"><i>INSTAGRAM<\/i><\/a><i> y <\/i><a href=\"https:\/\/www.facebook.com\/autofansmas\/\"><i>FACEBOOK<\/i><\/a><i> para no perderte nada sobre las novedades del segmento automotor de Argentina y el mundo.<\/i><\/p>\n","protected":false},"excerpt":{"rendered":"<p>Desde su fundaci\u00f3n en 2004, Autos del Sur se ha convertido en una referencia del&#8230;<\/p>\n","protected":false},"author":2,"featured_media":9825,"comment_status":"closed","ping_status":"closed","sticky":false,"template":"","format":"standard","meta":{"footnotes":""},"categories":[292,16],"tags":[5313,5309,5310,3907,5311,5314,5312,5315,359,3301],"class_list":["post-9821","post","type-post","status-publish","format-standard","has-post-thumbnail","hentry","category-empresas","category-noticias","tag-20-anos-autos-del-sur","tag-autos-del-sur","tag-concesionaria-autos-buenos-aires","tag-mercado-automotriz-argentina","tag-pick-ups-4x4","tag-postventa-autos","tag-suv-buenos-aires","tag-tecnologia-autos-argentina","tag-vehiculos-electricos","tag-vehiculos-hibridos"],"yoast_head":"<!-- This site is optimized with the Yoast SEO plugin v27.5 - https:\/\/yoast.com\/product\/yoast-seo-wordpress\/ -->\n<title>Autos del Sur celebra 20 a\u00f1os al servicio automotriz -<\/title>\n<meta name=\"description\" content=\"Desde su fundaci\u00f3n en 2004, Autos del Sur se ha convertido en una referencia del mercado automotriz en el sur del Gran Buenos Aires...\" \/>\n<meta name=\"robots\" content=\"index, follow, max-snippet:-1, max-image-preview:large, max-video-preview:-1\" \/>\n<link rel=\"canonical\" href=\"https:\/\/autofans.com.ar\/index.php\/2024\/11\/13\/autos-del-sur-celebra-20-anos-al-servicio-automotriz\/\" \/>\n<meta property=\"og:locale\" content=\"es_ES\" \/>\n<meta property=\"og:type\" content=\"article\" \/>\n<meta property=\"og:title\" content=\"Autos del Sur celebra 20 a\u00f1os al servicio automotriz -\" \/>\n<meta property=\"og:description\" content=\"Desde su fundaci\u00f3n en 2004, Autos del Sur se ha convertido en una referencia del mercado automotriz en el sur del Gran Buenos Aires...\" \/>\n<meta property=\"og:url\" content=\"https:\/\/autofans.com.ar\/index.php\/2024\/11\/13\/autos-del-sur-celebra-20-anos-al-servicio-automotriz\/\" \/>\n<meta property=\"article:published_time\" content=\"2024-11-13T23:00:49+00:00\" \/>\n<meta property=\"og:image\" content=\"https:\/\/autofans.com.ar\/wp-content\/uploads\/2024\/11\/foto-3.jpg\" \/>\n\t<meta property=\"og:image:width\" content=\"1000\" \/>\n\t<meta property=\"og:image:height\" content=\"667\" \/>\n\t<meta property=\"og:image:type\" content=\"image\/jpeg\" \/>\n<meta name=\"author\" content=\"Alejandro Gabriel Rosito\" \/>\n<meta name=\"twitter:card\" content=\"summary_large_image\" \/>\n<meta name=\"twitter:label1\" content=\"Escrito por\" \/>\n\t<meta name=\"twitter:data1\" content=\"Alejandro Gabriel Rosito\" \/>\n\t<meta name=\"twitter:label2\" content=\"Tiempo de lectura\" \/>\n\t<meta name=\"twitter:data2\" content=\"3 minutos\" \/>\n<script type=\"application\/ld+json\" class=\"yoast-schema-graph\">{\"@context\":\"https:\\\/\\\/schema.org\",\"@graph\":[{\"@type\":\"Article\",\"@id\":\"https:\\\/\\\/autofans.com.ar\\\/index.php\\\/2024\\\/11\\\/13\\\/autos-del-sur-celebra-20-anos-al-servicio-automotriz\\\/#article\",\"isPartOf\":{\"@id\":\"https:\\\/\\\/autofans.com.ar\\\/index.php\\\/2024\\\/11\\\/13\\\/autos-del-sur-celebra-20-anos-al-servicio-automotriz\\\/\"},\"author\":{\"name\":\"Alejandro Gabriel Rosito\",\"@id\":\"https:\\\/\\\/autofans.com.ar\\\/#\\\/schema\\\/person\\\/4a8dda0b6df83ac3d6723e921274c2aa\"},\"headline\":\"Autos del Sur celebra 20 a\u00f1os al servicio automotriz\",\"datePublished\":\"2024-11-13T23:00:49+00:00\",\"mainEntityOfPage\":{\"@id\":\"https:\\\/\\\/autofans.com.ar\\\/index.php\\\/2024\\\/11\\\/13\\\/autos-del-sur-celebra-20-anos-al-servicio-automotriz\\\/\"},\"wordCount\":571,\"image\":{\"@id\":\"https:\\\/\\\/autofans.com.ar\\\/index.php\\\/2024\\\/11\\\/13\\\/autos-del-sur-celebra-20-anos-al-servicio-automotriz\\\/#primaryimage\"},\"thumbnailUrl\":\"https:\\\/\\\/autofans.com.ar\\\/wp-content\\\/uploads\\\/2024\\\/11\\\/foto-3.jpg\",\"keywords\":[\"20 a\u00f1os Autos del Sur\",\"Autos del Sur\",\"concesionaria autos Buenos Aires\",\"mercado automotriz Argentina\",\"pick ups 4x4\",\"postventa autos\",\"SUV Buenos Aires\",\"tecnolog\u00eda autos Argentina\",\"veh\u00edculos el\u00e9ctricos\",\"veh\u00edculos h\u00edbridos\"],\"articleSection\":[\"EMPRESAS\",\"NOTICIAS\"],\"inLanguage\":\"es\"},{\"@type\":\"WebPage\",\"@id\":\"https:\\\/\\\/autofans.com.ar\\\/index.php\\\/2024\\\/11\\\/13\\\/autos-del-sur-celebra-20-anos-al-servicio-automotriz\\\/\",\"url\":\"https:\\\/\\\/autofans.com.ar\\\/index.php\\\/2024\\\/11\\\/13\\\/autos-del-sur-celebra-20-anos-al-servicio-automotriz\\\/\",\"name\":\"Autos del Sur celebra 20 a\u00f1os al servicio automotriz -\",\"isPartOf\":{\"@id\":\"https:\\\/\\\/autofans.com.ar\\\/#website\"},\"primaryImageOfPage\":{\"@id\":\"https:\\\/\\\/autofans.com.ar\\\/index.php\\\/2024\\\/11\\\/13\\\/autos-del-sur-celebra-20-anos-al-servicio-automotriz\\\/#primaryimage\"},\"image\":{\"@id\":\"https:\\\/\\\/autofans.com.ar\\\/index.php\\\/2024\\\/11\\\/13\\\/autos-del-sur-celebra-20-anos-al-servicio-automotriz\\\/#primaryimage\"},\"thumbnailUrl\":\"https:\\\/\\\/autofans.com.ar\\\/wp-content\\\/uploads\\\/2024\\\/11\\\/foto-3.jpg\",\"datePublished\":\"2024-11-13T23:00:49+00:00\",\"author\":{\"@id\":\"https:\\\/\\\/autofans.com.ar\\\/#\\\/schema\\\/person\\\/4a8dda0b6df83ac3d6723e921274c2aa\"},\"description\":\"Desde su fundaci\u00f3n en 2004, Autos del Sur se ha convertido en una referencia del mercado automotriz en el sur del Gran Buenos Aires...\",\"breadcrumb\":{\"@id\":\"https:\\\/\\\/autofans.com.ar\\\/index.php\\\/2024\\\/11\\\/13\\\/autos-del-sur-celebra-20-anos-al-servicio-automotriz\\\/#breadcrumb\"},\"inLanguage\":\"es\",\"potentialAction\":[{\"@type\":\"ReadAction\",\"target\":[\"https:\\\/\\\/autofans.com.ar\\\/index.php\\\/2024\\\/11\\\/13\\\/autos-del-sur-celebra-20-anos-al-servicio-automotriz\\\/\"]}]},{\"@type\":\"ImageObject\",\"inLanguage\":\"es\",\"@id\":\"https:\\\/\\\/autofans.com.ar\\\/index.php\\\/2024\\\/11\\\/13\\\/autos-del-sur-celebra-20-anos-al-servicio-automotriz\\\/#primaryimage\",\"url\":\"https:\\\/\\\/autofans.com.ar\\\/wp-content\\\/uploads\\\/2024\\\/11\\\/foto-3.jpg\",\"contentUrl\":\"https:\\\/\\\/autofans.com.ar\\\/wp-content\\\/uploads\\\/2024\\\/11\\\/foto-3.jpg\",\"width\":1000,\"height\":667,\"caption\":\"Autos del Sur\"},{\"@type\":\"BreadcrumbList\",\"@id\":\"https:\\\/\\\/autofans.com.ar\\\/index.php\\\/2024\\\/11\\\/13\\\/autos-del-sur-celebra-20-anos-al-servicio-automotriz\\\/#breadcrumb\",\"itemListElement\":[{\"@type\":\"ListItem\",\"position\":1,\"name\":\"Inicio\",\"item\":\"https:\\\/\\\/autofans.com.ar\\\/\"},{\"@type\":\"ListItem\",\"position\":2,\"name\":\"Autos del Sur celebra 20 a\u00f1os al servicio automotriz\"}]},{\"@type\":\"WebSite\",\"@id\":\"https:\\\/\\\/autofans.com.ar\\\/#website\",\"url\":\"https:\\\/\\\/autofans.com.ar\\\/\",\"name\":\"\",\"description\":\"El multimedio referente de la industria automotriz\",\"potentialAction\":[{\"@type\":\"SearchAction\",\"target\":{\"@type\":\"EntryPoint\",\"urlTemplate\":\"https:\\\/\\\/autofans.com.ar\\\/?s={search_term_string}\"},\"query-input\":{\"@type\":\"PropertyValueSpecification\",\"valueRequired\":true,\"valueName\":\"search_term_string\"}}],\"inLanguage\":\"es\"},{\"@type\":\"Person\",\"@id\":\"https:\\\/\\\/autofans.com.ar\\\/#\\\/schema\\\/person\\\/4a8dda0b6df83ac3d6723e921274c2aa\",\"name\":\"Alejandro Gabriel Rosito\",\"image\":{\"@type\":\"ImageObject\",\"inLanguage\":\"es\",\"@id\":\"https:\\\/\\\/secure.gravatar.com\\\/avatar\\\/16c5dda1489adfc62618084dcbb91cffd879c374b13fe5dd8e44ed6733852c88?s=96&d=mm&r=g\",\"url\":\"https:\\\/\\\/secure.gravatar.com\\\/avatar\\\/16c5dda1489adfc62618084dcbb91cffd879c374b13fe5dd8e44ed6733852c88?s=96&d=mm&r=g\",\"contentUrl\":\"https:\\\/\\\/secure.gravatar.com\\\/avatar\\\/16c5dda1489adfc62618084dcbb91cffd879c374b13fe5dd8e44ed6733852c88?s=96&d=mm&r=g\",\"caption\":\"Alejandro Gabriel Rosito\"},\"url\":\"https:\\\/\\\/autofans.com.ar\\\/index.php\\\/author\\\/gabrielr\\\/\"}]}<\/script>\n<!-- \/ Yoast SEO plugin. -->","yoast_head_json":{"title":"Autos del Sur celebra 20 a\u00f1os al servicio automotriz -","description":"Desde su fundaci\u00f3n en 2004, Autos del Sur se ha convertido en una referencia del mercado automotriz en el sur del Gran Buenos Aires...","robots":{"index":"index","follow":"follow","max-snippet":"max-snippet:-1","max-image-preview":"max-image-preview:large","max-video-preview":"max-video-preview:-1"},"canonical":"https:\/\/autofans.com.ar\/index.php\/2024\/11\/13\/autos-del-sur-celebra-20-anos-al-servicio-automotriz\/","og_locale":"es_ES","og_type":"article","og_title":"Autos del Sur celebra 20 a\u00f1os al servicio automotriz -","og_description":"Desde su fundaci\u00f3n en 2004, Autos del Sur se ha convertido en una referencia del mercado automotriz en el sur del Gran Buenos Aires...","og_url":"https:\/\/autofans.com.ar\/index.php\/2024\/11\/13\/autos-del-sur-celebra-20-anos-al-servicio-automotriz\/","article_published_time":"2024-11-13T23:00:49+00:00","og_image":[{"width":1000,"height":667,"url":"https:\/\/autofans.com.ar\/wp-content\/uploads\/2024\/11\/foto-3.jpg","type":"image\/jpeg"}],"author":"Alejandro Gabriel Rosito","twitter_card":"summary_large_image","twitter_misc":{"Escrito por":"Alejandro Gabriel Rosito","Tiempo de lectura":"3 minutos"},"schema":{"@context":"https:\/\/schema.org","@graph":[{"@type":"Article","@id":"https:\/\/autofans.com.ar\/index.php\/2024\/11\/13\/autos-del-sur-celebra-20-anos-al-servicio-automotriz\/#article","isPartOf":{"@id":"https:\/\/autofans.com.ar\/index.php\/2024\/11\/13\/autos-del-sur-celebra-20-anos-al-servicio-automotriz\/"},"author":{"name":"Alejandro Gabriel Rosito","@id":"https:\/\/autofans.com.ar\/#\/schema\/person\/4a8dda0b6df83ac3d6723e921274c2aa"},"headline":"Autos del Sur celebra 20 a\u00f1os al servicio automotriz","datePublished":"2024-11-13T23:00:49+00:00","mainEntityOfPage":{"@id":"https:\/\/autofans.com.ar\/index.php\/2024\/11\/13\/autos-del-sur-celebra-20-anos-al-servicio-automotriz\/"},"wordCount":571,"image":{"@id":"https:\/\/autofans.com.ar\/index.php\/2024\/11\/13\/autos-del-sur-celebra-20-anos-al-servicio-automotriz\/#primaryimage"},"thumbnailUrl":"https:\/\/autofans.com.ar\/wp-content\/uploads\/2024\/11\/foto-3.jpg","keywords":["20 a\u00f1os Autos del Sur","Autos del Sur","concesionaria autos Buenos Aires","mercado automotriz Argentina","pick ups 4x4","postventa autos","SUV Buenos Aires","tecnolog\u00eda autos Argentina","veh\u00edculos el\u00e9ctricos","veh\u00edculos h\u00edbridos"],"articleSection":["EMPRESAS","NOTICIAS"],"inLanguage":"es"},{"@type":"WebPage","@id":"https:\/\/autofans.com.ar\/index.php\/2024\/11\/13\/autos-del-sur-celebra-20-anos-al-servicio-automotriz\/","url":"https:\/\/autofans.com.ar\/index.php\/2024\/11\/13\/autos-del-sur-celebra-20-anos-al-servicio-automotriz\/","name":"Autos del Sur celebra 20 a\u00f1os al servicio automotriz -","isPartOf":{"@id":"https:\/\/autofans.com.ar\/#website"},"primaryImageOfPage":{"@id":"https:\/\/autofans.com.ar\/index.php\/2024\/11\/13\/autos-del-sur-celebra-20-anos-al-servicio-automotriz\/#primaryimage"},"image":{"@id":"https:\/\/autofans.com.ar\/index.php\/2024\/11\/13\/autos-del-sur-celebra-20-anos-al-servicio-automotriz\/#primaryimage"},"thumbnailUrl":"https:\/\/autofans.com.ar\/wp-content\/uploads\/2024\/11\/foto-3.jpg","datePublished":"2024-11-13T23:00:49+00:00","author":{"@id":"https:\/\/autofans.com.ar\/#\/schema\/person\/4a8dda0b6df83ac3d6723e921274c2aa"},"description":"Desde su fundaci\u00f3n en 2004, Autos del Sur se ha convertido en una referencia del mercado automotriz en el sur del Gran Buenos Aires...","breadcrumb":{"@id":"https:\/\/autofans.com.ar\/index.php\/2024\/11\/13\/autos-del-sur-celebra-20-anos-al-servicio-automotriz\/#breadcrumb"},"inLanguage":"es","potentialAction":[{"@type":"ReadAction","target":["https:\/\/autofans.com.ar\/index.php\/2024\/11\/13\/autos-del-sur-celebra-20-anos-al-servicio-automotriz\/"]}]},{"@type":"ImageObject","inLanguage":"es","@id":"https:\/\/autofans.com.ar\/index.php\/2024\/11\/13\/autos-del-sur-celebra-20-anos-al-servicio-automotriz\/#primaryimage","url":"https:\/\/autofans.com.ar\/wp-content\/uploads\/2024\/11\/foto-3.jpg","contentUrl":"https:\/\/autofans.com.ar\/wp-content\/uploads\/2024\/11\/foto-3.jpg","width":1000,"height":667,"caption":"Autos del Sur"},{"@type":"BreadcrumbList","@id":"https:\/\/autofans.com.ar\/index.php\/2024\/11\/13\/autos-del-sur-celebra-20-anos-al-servicio-automotriz\/#breadcrumb","itemListElement":[{"@type":"ListItem","position":1,"name":"Inicio","item":"https:\/\/autofans.com.ar\/"},{"@type":"ListItem","position":2,"name":"Autos del Sur celebra 20 a\u00f1os al servicio automotriz"}]},{"@type":"WebSite","@id":"https:\/\/autofans.com.ar\/#website","url":"https:\/\/autofans.com.ar\/","name":"","description":"El multimedio referente de la industria automotriz","potentialAction":[{"@type":"SearchAction","target":{"@type":"EntryPoint","urlTemplate":"https:\/\/autofans.com.ar\/?s={search_term_string}"},"query-input":{"@type":"PropertyValueSpecification","valueRequired":true,"valueName":"search_term_string"}}],"inLanguage":"es"},{"@type":"Person","@id":"https:\/\/autofans.com.ar\/#\/schema\/person\/4a8dda0b6df83ac3d6723e921274c2aa","name":"Alejandro Gabriel Rosito","image":{"@type":"ImageObject","inLanguage":"es","@id":"https:\/\/secure.gravatar.com\/avatar\/16c5dda1489adfc62618084dcbb91cffd879c374b13fe5dd8e44ed6733852c88?s=96&d=mm&r=g","url":"https:\/\/secure.gravatar.com\/avatar\/16c5dda1489adfc62618084dcbb91cffd879c374b13fe5dd8e44ed6733852c88?s=96&d=mm&r=g","contentUrl":"https:\/\/secure.gravatar.com\/avatar\/16c5dda1489adfc62618084dcbb91cffd879c374b13fe5dd8e44ed6733852c88?s=96&d=mm&r=g","caption":"Alejandro Gabriel Rosito"},"url":"https:\/\/autofans.com.ar\/index.php\/author\/gabrielr\/"}]}},"featured_image_urls":{"full":["https:\/\/autofans.com.ar\/wp-content\/uploads\/2024\/11\/foto-3.jpg",1000,667,false],"thumbnail":["https:\/\/autofans.com.ar\/wp-content\/uploads\/2024\/11\/foto-3-150x150.jpg",150,150,true],"medium":["https:\/\/autofans.com.ar\/wp-content\/uploads\/2024\/11\/foto-3-300x200.jpg",300,200,true],"medium_large":["https:\/\/autofans.com.ar\/wp-content\/uploads\/2024\/11\/foto-3-768x512.jpg",640,427,true],"large":["https:\/\/autofans.com.ar\/wp-content\/uploads\/2024\/11\/foto-3.jpg",640,427,false],"1536x1536":["https:\/\/autofans.com.ar\/wp-content\/uploads\/2024\/11\/foto-3.jpg",1000,667,false],"2048x2048":["https:\/\/autofans.com.ar\/wp-content\/uploads\/2024\/11\/foto-3.jpg",1000,667,false],"covernews-featured":["https:\/\/autofans.com.ar\/wp-content\/uploads\/2024\/11\/foto-3.jpg",1000,667,false],"covernews-medium":["https:\/\/autofans.com.ar\/wp-content\/uploads\/2024\/11\/foto-3-540x340.jpg",540,340,true]},"author_info":{"display_name":"Alejandro Gabriel Rosito","author_link":"https:\/\/autofans.com.ar\/index.php\/author\/gabrielr\/"},"category_info":"<a href=\"https:\/\/autofans.com.ar\/index.php\/category\/noticias\/empresas\/\" rel=\"category tag\">EMPRESAS<\/a> <a href=\"https:\/\/autofans.com.ar\/index.php\/category\/noticias\/\" rel=\"category tag\">NOTICIAS<\/a>","tag_info":"NOTICIAS","comment_count":0,"_links":{"self":[{"href":"https:\/\/autofans.com.ar\/index.php\/wp-json\/wp\/v2\/posts\/9821","targetHints":{"allow":["GET"]}}],"collection":[{"href":"https:\/\/autofans.com.ar\/index.php\/wp-json\/wp\/v2\/posts"}],"about":[{"href":"https:\/\/autofans.com.ar\/index.php\/wp-json\/wp\/v2\/types\/post"}],"author":[{"embeddable":true,"href":"https:\/\/autofans.com.ar\/index.php\/wp-json\/wp\/v2\/users\/2"}],"replies":[{"embeddable":true,"href":"https:\/\/autofans.com.ar\/index.php\/wp-json\/wp\/v2\/comments?post=9821"}],"version-history":[{"count":4,"href":"https:\/\/autofans.com.ar\/index.php\/wp-json\/wp\/v2\/posts\/9821\/revisions"}],"predecessor-version":[{"id":9829,"href":"https:\/\/autofans.com.ar\/index.php\/wp-json\/wp\/v2\/posts\/9821\/revisions\/9829"}],"wp:featuredmedia":[{"embeddable":true,"href":"https:\/\/autofans.com.ar\/index.php\/wp-json\/wp\/v2\/media\/9825"}],"wp:attachment":[{"href":"https:\/\/autofans.com.ar\/index.php\/wp-json\/wp\/v2\/media?parent=9821"}],"wp:term":[{"taxonomy":"category","embeddable":true,"href":"https:\/\/autofans.com.ar\/index.php\/wp-json\/wp\/v2\/categories?post=9821"},{"taxonomy":"post_tag","embeddable":true,"href":"https:\/\/autofans.com.ar\/index.php\/wp-json\/wp\/v2\/tags?post=9821"}],"curies":[{"name":"wp","href":"https:\/\/api.w.org\/{rel}","templated":true}]}}