{"id":9846,"date":"2024-11-15T14:51:45","date_gmt":"2024-11-15T17:51:45","guid":{"rendered":"https:\/\/autofans.com.ar\/?p=9846"},"modified":"2024-11-15T14:51:45","modified_gmt":"2024-11-15T17:51:45","slug":"nuevo-citroen-basalt-plan-de-ahorro-y-preventa-en-argentina","status":"publish","type":"post","link":"https:\/\/autofans.com.ar\/index.php\/2024\/11\/15\/nuevo-citroen-basalt-plan-de-ahorro-y-preventa-en-argentina\/","title":{"rendered":"Nuevo Citro\u00ebn Basalt, plan de Ahorro y preventa en Argentina"},"content":{"rendered":"<p>Citro\u00ebn Argentina avanza en el lanzamiento del Nuevo Citro\u00ebn Basalt, un SUV que se posiciona como el tercer modelo del Proyecto C-Cubo. Desde hoy, ya es posible suscribirse a su Plan de Ahorro o reservarlo mediante preventa, a trav\u00e9s de la red de concesionarios oficiales en todo el pa\u00eds.<\/p>\n<p>&nbsp;<\/p>\n<h2>Cuotas bajas y adjudicaci\u00f3n asegurada<\/h2>\n<p>&nbsp;<\/p>\n<div id='gallery-1' class='gallery galleryid-9846 gallery-columns-2 gallery-size-full'><figure class='gallery-item'>\n\t\t\t<div class='gallery-icon landscape'>\n\t\t\t\t<a href='https:\/\/autofans.com.ar\/index.php\/2024\/11\/15\/nuevo-citroen-basalt-plan-de-ahorro-y-preventa-en-argentina\/citroen-basalt-2\/'><img loading=\"lazy\" width=\"1000\" height=\"667\" src=\"https:\/\/autofans.com.ar\/wp-content\/uploads\/2024\/11\/citroen-basalt-2.jpg\" class=\"attachment-full size-full\" alt=\"Citro\u00ebn Basalt\" srcset=\"https:\/\/autofans.com.ar\/wp-content\/uploads\/2024\/11\/citroen-basalt-2.jpg 1000w, https:\/\/autofans.com.ar\/wp-content\/uploads\/2024\/11\/citroen-basalt-2-300x200.jpg 300w, https:\/\/autofans.com.ar\/wp-content\/uploads\/2024\/11\/citroen-basalt-2-768x512.jpg 768w\" sizes=\"auto, (max-width: 1000px) 100vw, 1000px\" loading=\"lazy\" decoding=\"async\" \/><\/a>\n\t\t\t<\/div><\/figure><figure class='gallery-item'>\n\t\t\t<div class='gallery-icon landscape'>\n\t\t\t\t<a href='https:\/\/autofans.com.ar\/index.php\/2024\/11\/15\/nuevo-citroen-basalt-plan-de-ahorro-y-preventa-en-argentina\/citroen-basalt-3\/'><img loading=\"lazy\" width=\"1000\" height=\"667\" src=\"https:\/\/autofans.com.ar\/wp-content\/uploads\/2024\/11\/citroen-basalt-3.jpg\" class=\"attachment-full size-full\" alt=\"Citro\u00ebn Basalt\" srcset=\"https:\/\/autofans.com.ar\/wp-content\/uploads\/2024\/11\/citroen-basalt-3.jpg 1000w, https:\/\/autofans.com.ar\/wp-content\/uploads\/2024\/11\/citroen-basalt-3-300x200.jpg 300w, https:\/\/autofans.com.ar\/wp-content\/uploads\/2024\/11\/citroen-basalt-3-768x512.jpg 768w\" sizes=\"auto, (max-width: 1000px) 100vw, 1000px\" loading=\"lazy\" decoding=\"async\" \/><\/a>\n\t\t\t<\/div><\/figure>\n\t\t<\/div>\n\n<p>&nbsp;<\/p>\n<p>El plan de ahorro del Basalt ofrece un esquema de 84 cuotas 70\/30, con una adjudicaci\u00f3n asegurada en las cuotas 6, 9 y 12, mediante la licitaci\u00f3n de al menos el 30% de la al\u00edcuota extraordinaria. La primera cuota tiene un valor de AR$180.049, posicion\u00e1ndolo como el SUV con la cuota m\u00e1s accesible del mercado.<\/p>\n<ul>\n<li>Modelo de ahorro: Basalt VTI Live PK<\/li>\n<li>Precio del modelo: AR$23.280.000<\/li>\n<li>Diferimientos comerciales: Reducci\u00f3n del 20% en cuotas 1 a 12 y del 10% en cuotas 13 a 18, recuperables entre las cuotas 25 y 72.<\/li>\n<\/ul>\n<p>&nbsp;<\/p>\n<h2>Citro\u00ebn Basalt en el Summer Car Show<\/h2>\n<p>Como promoci\u00f3n especial, quienes adquieran el Basalt antes de su lanzamiento oficial obtendr\u00e1n un seguro todo riesgo al precio de terceros completos durante los primeros 6 meses, con opciones en La Caja y La Segunda.<\/p>\n<p>&nbsp;<\/p>\n<p><img fetchpriority=\"high\" decoding=\"async\" class=\"aligncenter wp-image-9849 size-full\" src=\"https:\/\/autofans.com.ar\/wp-content\/uploads\/2024\/11\/citroen-basalt-4.jpg\" alt=\"Citro\u00ebn Basalt\" width=\"1000\" height=\"667\" srcset=\"https:\/\/autofans.com.ar\/wp-content\/uploads\/2024\/11\/citroen-basalt-4.jpg 1000w, https:\/\/autofans.com.ar\/wp-content\/uploads\/2024\/11\/citroen-basalt-4-300x200.jpg 300w, https:\/\/autofans.com.ar\/wp-content\/uploads\/2024\/11\/citroen-basalt-4-768x512.jpg 768w\" sizes=\"(max-width: 1000px) 100vw, 1000px\" \/><\/p>\n<p>&nbsp;<\/p>\n<p>Adem\u00e1s del Plan de Ahorro, es posible reservar el veh\u00edculo mediante el canal tradicional en los concesionarios oficiales. Este modelo estar\u00e1 disponible para el p\u00fablico durante el Summer Car Show de la Costa Argentina, un evento donde se podr\u00e1 conocer en detalle el dise\u00f1o, el confort y la robustez del nuevo SUV.<\/p>\n<p>El Citro\u00ebn Basalt refleja el compromiso de la marca con la innovaci\u00f3n y las necesidades del mercado local. Con su dise\u00f1o atractivo y su amplio confort interior, busca destacarse en el competitivo segmento de los B-SUV.<\/p>\n<p>Para m\u00e1s informaci\u00f3n sobre suscripci\u00f3n o reserva, se puede visitar el sitio web oficial de Citro\u00ebn Plan.<\/p>\n<p>&nbsp;<\/p>\n<p>&nbsp;<\/p>\n<p><i>Para enterarte de m\u00e1s novedades, no dejes de leer\u00a0<\/i><a href=\"https:\/\/autofans.thebrandsoup.com\/\"><i>nuestras notas<\/i><\/a><i>, de ver<\/i><b><i>\u00a0<\/i><\/b><a href=\"https:\/\/www.youtube.com\/channel\/UCgAC8UGHZYbT6P7PpmVnP7g\"><b><i>AUTOFANS TV<\/i><\/b><\/a><b><i>\u00a0<\/i><\/b><i>en nuestro\u00a0canal de Youtube. Adem\u00e1s seguinos en\u00a0<\/i><a href=\"https:\/\/www.instagram.com\/autofanstv\/\"><i>INSTAGRAM<\/i><\/a><i> y <\/i><a href=\"https:\/\/www.facebook.com\/autofansmas\/\"><i>FACEBOOK<\/i><\/a><i> para no perderte nada sobre las novedades del segmento automotor de Argentina y el mundo.<\/i><\/p>\n","protected":false},"excerpt":{"rendered":"<p>Citro\u00ebn Argentina avanza en el lanzamiento del Nuevo Citro\u00ebn Basalt, un SUV que se posiciona&#8230;<\/p>\n","protected":false},"author":2,"featured_media":9852,"comment_status":"closed","ping_status":"closed","sticky":false,"template":"","format":"standard","meta":{"footnotes":""},"categories":[8,1],"tags":[5014,5335,5336,5331,5332,5334,5333],"class_list":["post-9846","post","type-post","status-publish","format-standard","has-post-thumbnail","hentry","category-autos-y-suv","category-lanzamientos","tag-citroen-basalt","tag-citroen-basalt-caracteristicas","tag-citroen-basalt-precio","tag-plan-de-ahorro-suv","tag-preventa-citroen-argentina","tag-proyecto-c-cubo","tag-suv-accesible"],"yoast_head":"<!-- This site is optimized with the Yoast SEO plugin v27.5 - https:\/\/yoast.com\/product\/yoast-seo-wordpress\/ -->\n<title>Nuevo Citro\u00ebn Basalt, plan de Ahorro y preventa en Argentina -<\/title>\n<meta name=\"description\" content=\"Citro\u00ebn Argentina avanza en el lanzamiento del Nuevo Citro\u00ebn Basalt, un SUV que se posiciona como el tercer modelo del Proyecto C-Cubo...\" \/>\n<meta name=\"robots\" content=\"index, follow, max-snippet:-1, max-image-preview:large, max-video-preview:-1\" \/>\n<link rel=\"canonical\" href=\"https:\/\/autofans.com.ar\/index.php\/2024\/11\/15\/nuevo-citroen-basalt-plan-de-ahorro-y-preventa-en-argentina\/\" \/>\n<meta property=\"og:locale\" content=\"es_ES\" \/>\n<meta property=\"og:type\" content=\"article\" \/>\n<meta property=\"og:title\" content=\"Nuevo Citro\u00ebn Basalt, plan de Ahorro y preventa en Argentina -\" \/>\n<meta property=\"og:description\" content=\"Citro\u00ebn Argentina avanza en el lanzamiento del Nuevo Citro\u00ebn Basalt, un SUV que se posiciona como el tercer modelo del Proyecto C-Cubo...\" \/>\n<meta property=\"og:url\" content=\"https:\/\/autofans.com.ar\/index.php\/2024\/11\/15\/nuevo-citroen-basalt-plan-de-ahorro-y-preventa-en-argentina\/\" \/>\n<meta property=\"article:published_time\" content=\"2024-11-15T17:51:45+00:00\" \/>\n<meta property=\"og:image\" content=\"https:\/\/autofans.com.ar\/wp-content\/uploads\/2024\/11\/citroen-basalt-1.jpg\" \/>\n\t<meta property=\"og:image:width\" content=\"1000\" \/>\n\t<meta property=\"og:image:height\" content=\"667\" \/>\n\t<meta property=\"og:image:type\" content=\"image\/jpeg\" \/>\n<meta name=\"author\" content=\"Alejandro Gabriel Rosito\" \/>\n<meta name=\"twitter:card\" content=\"summary_large_image\" \/>\n<meta name=\"twitter:label1\" content=\"Escrito por\" \/>\n\t<meta name=\"twitter:data1\" content=\"Alejandro Gabriel Rosito\" \/>\n\t<meta name=\"twitter:label2\" content=\"Tiempo de lectura\" \/>\n\t<meta name=\"twitter:data2\" content=\"2 minutos\" \/>\n<script type=\"application\/ld+json\" class=\"yoast-schema-graph\">{\"@context\":\"https:\\\/\\\/schema.org\",\"@graph\":[{\"@type\":\"Article\",\"@id\":\"https:\\\/\\\/autofans.com.ar\\\/index.php\\\/2024\\\/11\\\/15\\\/nuevo-citroen-basalt-plan-de-ahorro-y-preventa-en-argentina\\\/#article\",\"isPartOf\":{\"@id\":\"https:\\\/\\\/autofans.com.ar\\\/index.php\\\/2024\\\/11\\\/15\\\/nuevo-citroen-basalt-plan-de-ahorro-y-preventa-en-argentina\\\/\"},\"author\":{\"name\":\"Alejandro Gabriel Rosito\",\"@id\":\"https:\\\/\\\/autofans.com.ar\\\/#\\\/schema\\\/person\\\/4a8dda0b6df83ac3d6723e921274c2aa\"},\"headline\":\"Nuevo Citro\u00ebn Basalt, plan de Ahorro y preventa en Argentina\",\"datePublished\":\"2024-11-15T17:51:45+00:00\",\"mainEntityOfPage\":{\"@id\":\"https:\\\/\\\/autofans.com.ar\\\/index.php\\\/2024\\\/11\\\/15\\\/nuevo-citroen-basalt-plan-de-ahorro-y-preventa-en-argentina\\\/\"},\"wordCount\":369,\"image\":{\"@id\":\"https:\\\/\\\/autofans.com.ar\\\/index.php\\\/2024\\\/11\\\/15\\\/nuevo-citroen-basalt-plan-de-ahorro-y-preventa-en-argentina\\\/#primaryimage\"},\"thumbnailUrl\":\"https:\\\/\\\/autofans.com.ar\\\/wp-content\\\/uploads\\\/2024\\\/11\\\/citroen-basalt-1.jpg\",\"keywords\":[\"Citro\u00ebn Basalt\",\"Citro\u00ebn Basalt caracter\u00edsticas\",\"Citro\u00ebn Basalt precio\",\"Plan de Ahorro SUV\",\"preventa Citro\u00ebn Argentina\",\"Proyecto C-Cubo\",\"SUV accesible\"],\"articleSection\":[\"Autos y SUV\",\"LANZAMIENTOS\"],\"inLanguage\":\"es\"},{\"@type\":\"WebPage\",\"@id\":\"https:\\\/\\\/autofans.com.ar\\\/index.php\\\/2024\\\/11\\\/15\\\/nuevo-citroen-basalt-plan-de-ahorro-y-preventa-en-argentina\\\/\",\"url\":\"https:\\\/\\\/autofans.com.ar\\\/index.php\\\/2024\\\/11\\\/15\\\/nuevo-citroen-basalt-plan-de-ahorro-y-preventa-en-argentina\\\/\",\"name\":\"Nuevo Citro\u00ebn Basalt, plan de Ahorro y preventa en Argentina -\",\"isPartOf\":{\"@id\":\"https:\\\/\\\/autofans.com.ar\\\/#website\"},\"primaryImageOfPage\":{\"@id\":\"https:\\\/\\\/autofans.com.ar\\\/index.php\\\/2024\\\/11\\\/15\\\/nuevo-citroen-basalt-plan-de-ahorro-y-preventa-en-argentina\\\/#primaryimage\"},\"image\":{\"@id\":\"https:\\\/\\\/autofans.com.ar\\\/index.php\\\/2024\\\/11\\\/15\\\/nuevo-citroen-basalt-plan-de-ahorro-y-preventa-en-argentina\\\/#primaryimage\"},\"thumbnailUrl\":\"https:\\\/\\\/autofans.com.ar\\\/wp-content\\\/uploads\\\/2024\\\/11\\\/citroen-basalt-1.jpg\",\"datePublished\":\"2024-11-15T17:51:45+00:00\",\"author\":{\"@id\":\"https:\\\/\\\/autofans.com.ar\\\/#\\\/schema\\\/person\\\/4a8dda0b6df83ac3d6723e921274c2aa\"},\"description\":\"Citro\u00ebn Argentina avanza en el lanzamiento del Nuevo Citro\u00ebn Basalt, un SUV que se posiciona como el tercer modelo del Proyecto C-Cubo...\",\"breadcrumb\":{\"@id\":\"https:\\\/\\\/autofans.com.ar\\\/index.php\\\/2024\\\/11\\\/15\\\/nuevo-citroen-basalt-plan-de-ahorro-y-preventa-en-argentina\\\/#breadcrumb\"},\"inLanguage\":\"es\",\"potentialAction\":[{\"@type\":\"ReadAction\",\"target\":[\"https:\\\/\\\/autofans.com.ar\\\/index.php\\\/2024\\\/11\\\/15\\\/nuevo-citroen-basalt-plan-de-ahorro-y-preventa-en-argentina\\\/\"]}]},{\"@type\":\"ImageObject\",\"inLanguage\":\"es\",\"@id\":\"https:\\\/\\\/autofans.com.ar\\\/index.php\\\/2024\\\/11\\\/15\\\/nuevo-citroen-basalt-plan-de-ahorro-y-preventa-en-argentina\\\/#primaryimage\",\"url\":\"https:\\\/\\\/autofans.com.ar\\\/wp-content\\\/uploads\\\/2024\\\/11\\\/citroen-basalt-1.jpg\",\"contentUrl\":\"https:\\\/\\\/autofans.com.ar\\\/wp-content\\\/uploads\\\/2024\\\/11\\\/citroen-basalt-1.jpg\",\"width\":1000,\"height\":667,\"caption\":\"Citro\u00ebn Basalt\"},{\"@type\":\"BreadcrumbList\",\"@id\":\"https:\\\/\\\/autofans.com.ar\\\/index.php\\\/2024\\\/11\\\/15\\\/nuevo-citroen-basalt-plan-de-ahorro-y-preventa-en-argentina\\\/#breadcrumb\",\"itemListElement\":[{\"@type\":\"ListItem\",\"position\":1,\"name\":\"Inicio\",\"item\":\"https:\\\/\\\/autofans.com.ar\\\/\"},{\"@type\":\"ListItem\",\"position\":2,\"name\":\"Nuevo Citro\u00ebn Basalt, plan de Ahorro y preventa en Argentina\"}]},{\"@type\":\"WebSite\",\"@id\":\"https:\\\/\\\/autofans.com.ar\\\/#website\",\"url\":\"https:\\\/\\\/autofans.com.ar\\\/\",\"name\":\"\",\"description\":\"El multimedio referente de la industria automotriz\",\"potentialAction\":[{\"@type\":\"SearchAction\",\"target\":{\"@type\":\"EntryPoint\",\"urlTemplate\":\"https:\\\/\\\/autofans.com.ar\\\/?s={search_term_string}\"},\"query-input\":{\"@type\":\"PropertyValueSpecification\",\"valueRequired\":true,\"valueName\":\"search_term_string\"}}],\"inLanguage\":\"es\"},{\"@type\":\"Person\",\"@id\":\"https:\\\/\\\/autofans.com.ar\\\/#\\\/schema\\\/person\\\/4a8dda0b6df83ac3d6723e921274c2aa\",\"name\":\"Alejandro Gabriel Rosito\",\"image\":{\"@type\":\"ImageObject\",\"inLanguage\":\"es\",\"@id\":\"https:\\\/\\\/secure.gravatar.com\\\/avatar\\\/16c5dda1489adfc62618084dcbb91cffd879c374b13fe5dd8e44ed6733852c88?s=96&d=mm&r=g\",\"url\":\"https:\\\/\\\/secure.gravatar.com\\\/avatar\\\/16c5dda1489adfc62618084dcbb91cffd879c374b13fe5dd8e44ed6733852c88?s=96&d=mm&r=g\",\"contentUrl\":\"https:\\\/\\\/secure.gravatar.com\\\/avatar\\\/16c5dda1489adfc62618084dcbb91cffd879c374b13fe5dd8e44ed6733852c88?s=96&d=mm&r=g\",\"caption\":\"Alejandro Gabriel Rosito\"},\"url\":\"https:\\\/\\\/autofans.com.ar\\\/index.php\\\/author\\\/gabrielr\\\/\"}]}<\/script>\n<!-- \/ Yoast SEO plugin. -->","yoast_head_json":{"title":"Nuevo Citro\u00ebn Basalt, plan de Ahorro y preventa en Argentina -","description":"Citro\u00ebn Argentina avanza en el lanzamiento del Nuevo Citro\u00ebn Basalt, un SUV que se posiciona como el tercer modelo del Proyecto C-Cubo...","robots":{"index":"index","follow":"follow","max-snippet":"max-snippet:-1","max-image-preview":"max-image-preview:large","max-video-preview":"max-video-preview:-1"},"canonical":"https:\/\/autofans.com.ar\/index.php\/2024\/11\/15\/nuevo-citroen-basalt-plan-de-ahorro-y-preventa-en-argentina\/","og_locale":"es_ES","og_type":"article","og_title":"Nuevo Citro\u00ebn Basalt, plan de Ahorro y preventa en Argentina -","og_description":"Citro\u00ebn Argentina avanza en el lanzamiento del Nuevo Citro\u00ebn Basalt, un SUV que se posiciona como el tercer modelo del Proyecto C-Cubo...","og_url":"https:\/\/autofans.com.ar\/index.php\/2024\/11\/15\/nuevo-citroen-basalt-plan-de-ahorro-y-preventa-en-argentina\/","article_published_time":"2024-11-15T17:51:45+00:00","og_image":[{"width":1000,"height":667,"url":"https:\/\/autofans.com.ar\/wp-content\/uploads\/2024\/11\/citroen-basalt-1.jpg","type":"image\/jpeg"}],"author":"Alejandro Gabriel Rosito","twitter_card":"summary_large_image","twitter_misc":{"Escrito por":"Alejandro Gabriel Rosito","Tiempo de lectura":"2 minutos"},"schema":{"@context":"https:\/\/schema.org","@graph":[{"@type":"Article","@id":"https:\/\/autofans.com.ar\/index.php\/2024\/11\/15\/nuevo-citroen-basalt-plan-de-ahorro-y-preventa-en-argentina\/#article","isPartOf":{"@id":"https:\/\/autofans.com.ar\/index.php\/2024\/11\/15\/nuevo-citroen-basalt-plan-de-ahorro-y-preventa-en-argentina\/"},"author":{"name":"Alejandro Gabriel Rosito","@id":"https:\/\/autofans.com.ar\/#\/schema\/person\/4a8dda0b6df83ac3d6723e921274c2aa"},"headline":"Nuevo Citro\u00ebn Basalt, plan de Ahorro y preventa en Argentina","datePublished":"2024-11-15T17:51:45+00:00","mainEntityOfPage":{"@id":"https:\/\/autofans.com.ar\/index.php\/2024\/11\/15\/nuevo-citroen-basalt-plan-de-ahorro-y-preventa-en-argentina\/"},"wordCount":369,"image":{"@id":"https:\/\/autofans.com.ar\/index.php\/2024\/11\/15\/nuevo-citroen-basalt-plan-de-ahorro-y-preventa-en-argentina\/#primaryimage"},"thumbnailUrl":"https:\/\/autofans.com.ar\/wp-content\/uploads\/2024\/11\/citroen-basalt-1.jpg","keywords":["Citro\u00ebn Basalt","Citro\u00ebn Basalt caracter\u00edsticas","Citro\u00ebn Basalt precio","Plan de Ahorro SUV","preventa Citro\u00ebn Argentina","Proyecto C-Cubo","SUV accesible"],"articleSection":["Autos y SUV","LANZAMIENTOS"],"inLanguage":"es"},{"@type":"WebPage","@id":"https:\/\/autofans.com.ar\/index.php\/2024\/11\/15\/nuevo-citroen-basalt-plan-de-ahorro-y-preventa-en-argentina\/","url":"https:\/\/autofans.com.ar\/index.php\/2024\/11\/15\/nuevo-citroen-basalt-plan-de-ahorro-y-preventa-en-argentina\/","name":"Nuevo Citro\u00ebn Basalt, plan de Ahorro y preventa en Argentina -","isPartOf":{"@id":"https:\/\/autofans.com.ar\/#website"},"primaryImageOfPage":{"@id":"https:\/\/autofans.com.ar\/index.php\/2024\/11\/15\/nuevo-citroen-basalt-plan-de-ahorro-y-preventa-en-argentina\/#primaryimage"},"image":{"@id":"https:\/\/autofans.com.ar\/index.php\/2024\/11\/15\/nuevo-citroen-basalt-plan-de-ahorro-y-preventa-en-argentina\/#primaryimage"},"thumbnailUrl":"https:\/\/autofans.com.ar\/wp-content\/uploads\/2024\/11\/citroen-basalt-1.jpg","datePublished":"2024-11-15T17:51:45+00:00","author":{"@id":"https:\/\/autofans.com.ar\/#\/schema\/person\/4a8dda0b6df83ac3d6723e921274c2aa"},"description":"Citro\u00ebn Argentina avanza en el lanzamiento del Nuevo Citro\u00ebn Basalt, un SUV que se posiciona como el tercer modelo del Proyecto C-Cubo...","breadcrumb":{"@id":"https:\/\/autofans.com.ar\/index.php\/2024\/11\/15\/nuevo-citroen-basalt-plan-de-ahorro-y-preventa-en-argentina\/#breadcrumb"},"inLanguage":"es","potentialAction":[{"@type":"ReadAction","target":["https:\/\/autofans.com.ar\/index.php\/2024\/11\/15\/nuevo-citroen-basalt-plan-de-ahorro-y-preventa-en-argentina\/"]}]},{"@type":"ImageObject","inLanguage":"es","@id":"https:\/\/autofans.com.ar\/index.php\/2024\/11\/15\/nuevo-citroen-basalt-plan-de-ahorro-y-preventa-en-argentina\/#primaryimage","url":"https:\/\/autofans.com.ar\/wp-content\/uploads\/2024\/11\/citroen-basalt-1.jpg","contentUrl":"https:\/\/autofans.com.ar\/wp-content\/uploads\/2024\/11\/citroen-basalt-1.jpg","width":1000,"height":667,"caption":"Citro\u00ebn Basalt"},{"@type":"BreadcrumbList","@id":"https:\/\/autofans.com.ar\/index.php\/2024\/11\/15\/nuevo-citroen-basalt-plan-de-ahorro-y-preventa-en-argentina\/#breadcrumb","itemListElement":[{"@type":"ListItem","position":1,"name":"Inicio","item":"https:\/\/autofans.com.ar\/"},{"@type":"ListItem","position":2,"name":"Nuevo Citro\u00ebn Basalt, plan de Ahorro y preventa en Argentina"}]},{"@type":"WebSite","@id":"https:\/\/autofans.com.ar\/#website","url":"https:\/\/autofans.com.ar\/","name":"","description":"El multimedio referente de la industria automotriz","potentialAction":[{"@type":"SearchAction","target":{"@type":"EntryPoint","urlTemplate":"https:\/\/autofans.com.ar\/?s={search_term_string}"},"query-input":{"@type":"PropertyValueSpecification","valueRequired":true,"valueName":"search_term_string"}}],"inLanguage":"es"},{"@type":"Person","@id":"https:\/\/autofans.com.ar\/#\/schema\/person\/4a8dda0b6df83ac3d6723e921274c2aa","name":"Alejandro Gabriel Rosito","image":{"@type":"ImageObject","inLanguage":"es","@id":"https:\/\/secure.gravatar.com\/avatar\/16c5dda1489adfc62618084dcbb91cffd879c374b13fe5dd8e44ed6733852c88?s=96&d=mm&r=g","url":"https:\/\/secure.gravatar.com\/avatar\/16c5dda1489adfc62618084dcbb91cffd879c374b13fe5dd8e44ed6733852c88?s=96&d=mm&r=g","contentUrl":"https:\/\/secure.gravatar.com\/avatar\/16c5dda1489adfc62618084dcbb91cffd879c374b13fe5dd8e44ed6733852c88?s=96&d=mm&r=g","caption":"Alejandro Gabriel Rosito"},"url":"https:\/\/autofans.com.ar\/index.php\/author\/gabrielr\/"}]}},"featured_image_urls":{"full":["https:\/\/autofans.com.ar\/wp-content\/uploads\/2024\/11\/citroen-basalt-1.jpg",1000,667,false],"thumbnail":["https:\/\/autofans.com.ar\/wp-content\/uploads\/2024\/11\/citroen-basalt-1-150x150.jpg",150,150,true],"medium":["https:\/\/autofans.com.ar\/wp-content\/uploads\/2024\/11\/citroen-basalt-1-300x200.jpg",300,200,true],"medium_large":["https:\/\/autofans.com.ar\/wp-content\/uploads\/2024\/11\/citroen-basalt-1-768x512.jpg",640,427,true],"large":["https:\/\/autofans.com.ar\/wp-content\/uploads\/2024\/11\/citroen-basalt-1.jpg",640,427,false],"1536x1536":["https:\/\/autofans.com.ar\/wp-content\/uploads\/2024\/11\/citroen-basalt-1.jpg",1000,667,false],"2048x2048":["https:\/\/autofans.com.ar\/wp-content\/uploads\/2024\/11\/citroen-basalt-1.jpg",1000,667,false],"covernews-featured":["https:\/\/autofans.com.ar\/wp-content\/uploads\/2024\/11\/citroen-basalt-1.jpg",1000,667,false],"covernews-medium":["https:\/\/autofans.com.ar\/wp-content\/uploads\/2024\/11\/citroen-basalt-1-540x340.jpg",540,340,true]},"author_info":{"display_name":"Alejandro Gabriel Rosito","author_link":"https:\/\/autofans.com.ar\/index.php\/author\/gabrielr\/"},"category_info":"<a href=\"https:\/\/autofans.com.ar\/index.php\/category\/lanzamientos\/autos-y-suv\/\" rel=\"category tag\">Autos y SUV<\/a> <a href=\"https:\/\/autofans.com.ar\/index.php\/category\/lanzamientos\/\" rel=\"category tag\">LANZAMIENTOS<\/a>","tag_info":"LANZAMIENTOS","comment_count":0,"_links":{"self":[{"href":"https:\/\/autofans.com.ar\/index.php\/wp-json\/wp\/v2\/posts\/9846","targetHints":{"allow":["GET"]}}],"collection":[{"href":"https:\/\/autofans.com.ar\/index.php\/wp-json\/wp\/v2\/posts"}],"about":[{"href":"https:\/\/autofans.com.ar\/index.php\/wp-json\/wp\/v2\/types\/post"}],"author":[{"embeddable":true,"href":"https:\/\/autofans.com.ar\/index.php\/wp-json\/wp\/v2\/users\/2"}],"replies":[{"embeddable":true,"href":"https:\/\/autofans.com.ar\/index.php\/wp-json\/wp\/v2\/comments?post=9846"}],"version-history":[{"count":3,"href":"https:\/\/autofans.com.ar\/index.php\/wp-json\/wp\/v2\/posts\/9846\/revisions"}],"predecessor-version":[{"id":9854,"href":"https:\/\/autofans.com.ar\/index.php\/wp-json\/wp\/v2\/posts\/9846\/revisions\/9854"}],"wp:featuredmedia":[{"embeddable":true,"href":"https:\/\/autofans.com.ar\/index.php\/wp-json\/wp\/v2\/media\/9852"}],"wp:attachment":[{"href":"https:\/\/autofans.com.ar\/index.php\/wp-json\/wp\/v2\/media?parent=9846"}],"wp:term":[{"taxonomy":"category","embeddable":true,"href":"https:\/\/autofans.com.ar\/index.php\/wp-json\/wp\/v2\/categories?post=9846"},{"taxonomy":"post_tag","embeddable":true,"href":"https:\/\/autofans.com.ar\/index.php\/wp-json\/wp\/v2\/tags?post=9846"}],"curies":[{"name":"wp","href":"https:\/\/api.w.org\/{rel}","templated":true}]}}