{"id":9948,"date":"2024-11-21T20:29:05","date_gmt":"2024-11-21T23:29:05","guid":{"rendered":"https:\/\/autofans.com.ar\/?p=9948"},"modified":"2024-11-21T20:29:05","modified_gmt":"2024-11-21T23:29:05","slug":"iveco-group-y-cordoba-juntos-por-el-futuro-laboral-de-los-jovenes","status":"publish","type":"post","link":"https:\/\/autofans.com.ar\/index.php\/2024\/11\/21\/iveco-group-y-cordoba-juntos-por-el-futuro-laboral-de-los-jovenes\/","title":{"rendered":"IVECO Group y C\u00f3rdoba juntos por el futuro laboral de los j\u00f3venes"},"content":{"rendered":"<p>En una apuesta por el desarrollo educativo y laboral, Iveco Group firm\u00f3 un convenio de cooperaci\u00f3n con el Ministerio de Educaci\u00f3n de la provincia de C\u00f3rdoba. Este acuerdo permitir\u00e1 a estudiantes de escuelas secundarias p\u00fablicas acceder a pasant\u00edas educativas en las plantas de IVECO y FPT Industrial a partir de 2025.<\/p>\n<p>&nbsp;<\/p>\n<blockquote>\n<p style=\"text-align: center;\">C\u00e9sar Parpal, HR Country de Iveco Group Argentina expres\u00f3 que \u201cesta iniciativa no solo les brindar\u00e1 una valiosa experiencia laboral a los j\u00f3venes estudiantes, sino que tambi\u00e9n refuerza el compromiso de Iveco Group con la formaci\u00f3n de futuros profesionales y el desarrollo de la comunidad. Invertir en el aprendizaje pr\u00e1ctico es clave para el crecimiento y para fortalecer los lazos entre el sector productivo y la educaci\u00f3n\u00bb.<\/p>\n<\/blockquote>\n<p>&nbsp;<\/p>\n<h2>IVECO y el Gobierno de C\u00f3rdoba presentan convenio educativo<\/h2>\n<p>El convenio, parte del Plan de Desarrollo Provincial, fue presentado el 19 de noviembre de 2024 en la planta de IVECO, con la participaci\u00f3n de representantes del Gobierno de C\u00f3rdoba y del grupo automotriz. Entre los asistentes estuvieron C\u00e9sar Parpal, responsable de Recursos Humanos de Iveco Group Argentina; Horacio Ademar Ferreyra, Ministro de Educaci\u00f3n; Andrea Silvana Fessia, directora general de Educaci\u00f3n Secundaria, y Luis Ariel Cifuentes, coordinador del \u00c1rea de Pasant\u00edas.<\/p>\n<p>&nbsp;<\/p>\n<p><img fetchpriority=\"high\" decoding=\"async\" class=\"aligncenter wp-image-9949 size-full\" src=\"https:\/\/autofans.com.ar\/wp-content\/uploads\/2024\/11\/iveco-3-1.jpg\" alt=\"IVECO Group\" width=\"1000\" height=\"667\" srcset=\"https:\/\/autofans.com.ar\/wp-content\/uploads\/2024\/11\/iveco-3-1.jpg 1000w, https:\/\/autofans.com.ar\/wp-content\/uploads\/2024\/11\/iveco-3-1-300x200.jpg 300w, https:\/\/autofans.com.ar\/wp-content\/uploads\/2024\/11\/iveco-3-1-768x512.jpg 768w\" sizes=\"(max-width: 1000px) 100vw, 1000px\" \/><\/p>\n<p>&nbsp;<\/p>\n<p>El programa \u201cRuta Hacia el Futuro\u201d busca facilitar el acceso al empleo formal y fomentar el desarrollo personal y profesional de los j\u00f3venes. Los estudiantes de 6\u00b0 a\u00f1o de secundarias orientadas y 7\u00b0 a\u00f1o de escuelas t\u00e9cnicas tendr\u00e1n la oportunidad de realizar pr\u00e1cticas en \u00e1reas administrativas, comerciales, de econom\u00eda circular y en las l\u00edneas de producci\u00f3n de camiones y motores.<\/p>\n<p>&nbsp;<\/p>\n<blockquote>\n<p style=\"text-align: center;\">\u201cPara nosotros, esta iniciativa es una excelente oportunidad para integrar a los j\u00f3venes estudiantes al mundo laboral y brindarles la posibilidad de adquirir experiencia pr\u00e1ctica en un entorno profesional. Estamos muy orgullosos de ser parte de este proyecto que contribuye al desarrollo profesional de las futuras generaciones\u201d, a\u00f1adi\u00f3 Parpal.<\/p>\n<\/blockquote>\n<p>&nbsp;<\/p>\n<h2>IVECO Group &#8211; capacitaciones previas<\/h2>\n<p>Antes de iniciar las pasant\u00edas, los estudiantes ya comenzaron a participar en actividades formativas. En las instalaciones de IVECO, recibieron talleres sobre valores corporativos, derecho laboral, huella digital y privacidad de datos, dictados por expertos del Estudio Mitrani, Caballero &amp; Ruiz Moreno. Adem\u00e1s, el equipo de Recursos Humanos de Iveco Group ofreci\u00f3 un taller de empleabilidad, donde aprendieron a armar un CV profesional y a optimizar su perfil de LinkedIn.<\/p>\n<p>&nbsp;<\/p>\n<p><img decoding=\"async\" class=\"aligncenter wp-image-9950 size-full\" src=\"https:\/\/autofans.com.ar\/wp-content\/uploads\/2024\/11\/iveco-2-1.jpg\" alt=\"IVECO Group\" width=\"1000\" height=\"667\" srcset=\"https:\/\/autofans.com.ar\/wp-content\/uploads\/2024\/11\/iveco-2-1.jpg 1000w, https:\/\/autofans.com.ar\/wp-content\/uploads\/2024\/11\/iveco-2-1-300x200.jpg 300w, https:\/\/autofans.com.ar\/wp-content\/uploads\/2024\/11\/iveco-2-1-768x512.jpg 768w\" sizes=\"(max-width: 1000px) 100vw, 1000px\" \/><\/p>\n<p>&nbsp;<\/p>\n<p>Este convenio no solo brinda una experiencia educativa valiosa, sino que tambi\u00e9n acerca a los j\u00f3venes al mundo laboral, promoviendo su inserci\u00f3n en un mercado competitivo y din\u00e1mico.<\/p>\n<p>&nbsp;<\/p>\n<blockquote>\n<p style=\"text-align: center;\">Carolina Bula, Directora de Asuntos Legales para Iveco Group en Am\u00e9rica Latina y una de las personas responsables de llevar adelante Ruta Hacia el Futuro, coment\u00f3 al respecto de la iniciativa que \u201cestoy muy orgullosa de haber hecho realidad este convenio con el Ministerio de Educaci\u00f3n. Esta iniciativa abre una puerta invaluable para que los j\u00f3venes estudiantes se acerquen al mundo profesional, mientras que nos permite a nosotros contribuir activamente en su formaci\u00f3n\u201d.<\/p>\n<\/blockquote>\n<p>&nbsp;<\/p>\n<p>&nbsp;<\/p>\n<p>&nbsp;<\/p>\n<p><i>Para enterarte de m\u00e1s novedades, no dejes de leer\u00a0<\/i><a href=\"https:\/\/autofans.thebrandsoup.com\/\"><i>nuestras notas<\/i><\/a><i>, de ver<\/i><b><i>\u00a0<\/i><\/b><a href=\"https:\/\/www.youtube.com\/channel\/UCgAC8UGHZYbT6P7PpmVnP7g\"><b><i>AUTOFANS TV<\/i><\/b><\/a><b><i>\u00a0<\/i><\/b><i>en nuestro\u00a0canal de Youtube. Adem\u00e1s seguinos en\u00a0<\/i><a href=\"https:\/\/www.instagram.com\/autofanstv\/\"><i>INSTAGRAM<\/i><\/a><i> y <\/i><a href=\"https:\/\/www.facebook.com\/autofansmas\/\"><i>FACEBOOK<\/i><\/a><i> para no perderte nada sobre las novedades del segmento automotor de Argentina y el mundo.<\/i><\/p>\n","protected":false},"excerpt":{"rendered":"<p>En una apuesta por el desarrollo educativo y laboral, Iveco Group firm\u00f3 un convenio de&#8230;<\/p>\n","protected":false},"author":2,"featured_media":9951,"comment_status":"closed","ping_status":"closed","sticky":false,"template":"","format":"standard","meta":{"footnotes":""},"categories":[292,16],"tags":[5390,654,5388,5389,5385,5387,5386],"class_list":["post-9948","post","type-post","status-publish","format-standard","has-post-thumbnail","hentry","category-empresas","category-noticias","tag-formacion-laboral-estudiantes","tag-iveco","tag-jovenes-empleo-cordoba","tag-ministerio-de-educacion-cordoba","tag-pasantias-educativas-cordoba","tag-practicas-formativas","tag-ruta-hacia-el-futuro"],"yoast_head":"<!-- This site is optimized with the Yoast SEO plugin v27.5 - https:\/\/yoast.com\/product\/yoast-seo-wordpress\/ -->\n<title>IVECO Group y C\u00f3rdoba juntos por el futuro laboral de los j\u00f3venes -<\/title>\n<meta name=\"description\" content=\"A trav\u00e9s del programa Ruta Hacia el Futuro, estudiantes secundarios acceder\u00e1n a pr\u00e1cticas formativas en las plantas de IVECO y FPT Industrial\" \/>\n<meta name=\"robots\" content=\"index, follow, max-snippet:-1, max-image-preview:large, max-video-preview:-1\" \/>\n<link rel=\"canonical\" href=\"https:\/\/autofans.com.ar\/index.php\/2024\/11\/21\/iveco-group-y-cordoba-juntos-por-el-futuro-laboral-de-los-jovenes\/\" \/>\n<meta property=\"og:locale\" content=\"es_ES\" \/>\n<meta property=\"og:type\" content=\"article\" \/>\n<meta property=\"og:title\" content=\"IVECO Group y C\u00f3rdoba juntos por el futuro laboral de los j\u00f3venes -\" \/>\n<meta property=\"og:description\" content=\"A trav\u00e9s del programa Ruta Hacia el Futuro, estudiantes secundarios acceder\u00e1n a pr\u00e1cticas formativas en las plantas de IVECO y FPT Industrial\" \/>\n<meta property=\"og:url\" content=\"https:\/\/autofans.com.ar\/index.php\/2024\/11\/21\/iveco-group-y-cordoba-juntos-por-el-futuro-laboral-de-los-jovenes\/\" \/>\n<meta property=\"article:published_time\" content=\"2024-11-21T23:29:05+00:00\" \/>\n<meta property=\"og:image\" content=\"https:\/\/autofans.com.ar\/wp-content\/uploads\/2024\/11\/IVECO-1-1.jpg\" \/>\n\t<meta property=\"og:image:width\" content=\"1000\" \/>\n\t<meta property=\"og:image:height\" content=\"667\" \/>\n\t<meta property=\"og:image:type\" content=\"image\/jpeg\" \/>\n<meta name=\"author\" content=\"Alejandro Gabriel Rosito\" \/>\n<meta name=\"twitter:card\" content=\"summary_large_image\" \/>\n<meta name=\"twitter:label1\" content=\"Escrito por\" \/>\n\t<meta name=\"twitter:data1\" content=\"Alejandro Gabriel Rosito\" \/>\n\t<meta name=\"twitter:label2\" content=\"Tiempo de lectura\" \/>\n\t<meta name=\"twitter:data2\" content=\"3 minutos\" \/>\n<script type=\"application\/ld+json\" class=\"yoast-schema-graph\">{\"@context\":\"https:\\\/\\\/schema.org\",\"@graph\":[{\"@type\":\"Article\",\"@id\":\"https:\\\/\\\/autofans.com.ar\\\/index.php\\\/2024\\\/11\\\/21\\\/iveco-group-y-cordoba-juntos-por-el-futuro-laboral-de-los-jovenes\\\/#article\",\"isPartOf\":{\"@id\":\"https:\\\/\\\/autofans.com.ar\\\/index.php\\\/2024\\\/11\\\/21\\\/iveco-group-y-cordoba-juntos-por-el-futuro-laboral-de-los-jovenes\\\/\"},\"author\":{\"name\":\"Alejandro Gabriel Rosito\",\"@id\":\"https:\\\/\\\/autofans.com.ar\\\/#\\\/schema\\\/person\\\/4a8dda0b6df83ac3d6723e921274c2aa\"},\"headline\":\"IVECO Group y C\u00f3rdoba juntos por el futuro laboral de los j\u00f3venes\",\"datePublished\":\"2024-11-21T23:29:05+00:00\",\"mainEntityOfPage\":{\"@id\":\"https:\\\/\\\/autofans.com.ar\\\/index.php\\\/2024\\\/11\\\/21\\\/iveco-group-y-cordoba-juntos-por-el-futuro-laboral-de-los-jovenes\\\/\"},\"wordCount\":587,\"image\":{\"@id\":\"https:\\\/\\\/autofans.com.ar\\\/index.php\\\/2024\\\/11\\\/21\\\/iveco-group-y-cordoba-juntos-por-el-futuro-laboral-de-los-jovenes\\\/#primaryimage\"},\"thumbnailUrl\":\"https:\\\/\\\/autofans.com.ar\\\/wp-content\\\/uploads\\\/2024\\\/11\\\/IVECO-1-1.jpg\",\"keywords\":[\"formaci\u00f3n laboral estudiantes\",\"IVECO\",\"j\u00f3venes empleo C\u00f3rdoba\",\"Ministerio de Educaci\u00f3n C\u00f3rdoba\",\"pasant\u00edas educativas C\u00f3rdoba\",\"pr\u00e1cticas formativas\",\"Ruta Hacia el Futuro\"],\"articleSection\":[\"EMPRESAS\",\"NOTICIAS\"],\"inLanguage\":\"es\"},{\"@type\":\"WebPage\",\"@id\":\"https:\\\/\\\/autofans.com.ar\\\/index.php\\\/2024\\\/11\\\/21\\\/iveco-group-y-cordoba-juntos-por-el-futuro-laboral-de-los-jovenes\\\/\",\"url\":\"https:\\\/\\\/autofans.com.ar\\\/index.php\\\/2024\\\/11\\\/21\\\/iveco-group-y-cordoba-juntos-por-el-futuro-laboral-de-los-jovenes\\\/\",\"name\":\"IVECO Group y C\u00f3rdoba juntos por el futuro laboral de los j\u00f3venes -\",\"isPartOf\":{\"@id\":\"https:\\\/\\\/autofans.com.ar\\\/#website\"},\"primaryImageOfPage\":{\"@id\":\"https:\\\/\\\/autofans.com.ar\\\/index.php\\\/2024\\\/11\\\/21\\\/iveco-group-y-cordoba-juntos-por-el-futuro-laboral-de-los-jovenes\\\/#primaryimage\"},\"image\":{\"@id\":\"https:\\\/\\\/autofans.com.ar\\\/index.php\\\/2024\\\/11\\\/21\\\/iveco-group-y-cordoba-juntos-por-el-futuro-laboral-de-los-jovenes\\\/#primaryimage\"},\"thumbnailUrl\":\"https:\\\/\\\/autofans.com.ar\\\/wp-content\\\/uploads\\\/2024\\\/11\\\/IVECO-1-1.jpg\",\"datePublished\":\"2024-11-21T23:29:05+00:00\",\"author\":{\"@id\":\"https:\\\/\\\/autofans.com.ar\\\/#\\\/schema\\\/person\\\/4a8dda0b6df83ac3d6723e921274c2aa\"},\"description\":\"A trav\u00e9s del programa Ruta Hacia el Futuro, estudiantes secundarios acceder\u00e1n a pr\u00e1cticas formativas en las plantas de IVECO y FPT Industrial\",\"breadcrumb\":{\"@id\":\"https:\\\/\\\/autofans.com.ar\\\/index.php\\\/2024\\\/11\\\/21\\\/iveco-group-y-cordoba-juntos-por-el-futuro-laboral-de-los-jovenes\\\/#breadcrumb\"},\"inLanguage\":\"es\",\"potentialAction\":[{\"@type\":\"ReadAction\",\"target\":[\"https:\\\/\\\/autofans.com.ar\\\/index.php\\\/2024\\\/11\\\/21\\\/iveco-group-y-cordoba-juntos-por-el-futuro-laboral-de-los-jovenes\\\/\"]}]},{\"@type\":\"ImageObject\",\"inLanguage\":\"es\",\"@id\":\"https:\\\/\\\/autofans.com.ar\\\/index.php\\\/2024\\\/11\\\/21\\\/iveco-group-y-cordoba-juntos-por-el-futuro-laboral-de-los-jovenes\\\/#primaryimage\",\"url\":\"https:\\\/\\\/autofans.com.ar\\\/wp-content\\\/uploads\\\/2024\\\/11\\\/IVECO-1-1.jpg\",\"contentUrl\":\"https:\\\/\\\/autofans.com.ar\\\/wp-content\\\/uploads\\\/2024\\\/11\\\/IVECO-1-1.jpg\",\"width\":1000,\"height\":667,\"caption\":\"IVECO Group\"},{\"@type\":\"BreadcrumbList\",\"@id\":\"https:\\\/\\\/autofans.com.ar\\\/index.php\\\/2024\\\/11\\\/21\\\/iveco-group-y-cordoba-juntos-por-el-futuro-laboral-de-los-jovenes\\\/#breadcrumb\",\"itemListElement\":[{\"@type\":\"ListItem\",\"position\":1,\"name\":\"Inicio\",\"item\":\"https:\\\/\\\/autofans.com.ar\\\/\"},{\"@type\":\"ListItem\",\"position\":2,\"name\":\"IVECO Group y C\u00f3rdoba juntos por el futuro laboral de los j\u00f3venes\"}]},{\"@type\":\"WebSite\",\"@id\":\"https:\\\/\\\/autofans.com.ar\\\/#website\",\"url\":\"https:\\\/\\\/autofans.com.ar\\\/\",\"name\":\"\",\"description\":\"El multimedio referente de la industria automotriz\",\"potentialAction\":[{\"@type\":\"SearchAction\",\"target\":{\"@type\":\"EntryPoint\",\"urlTemplate\":\"https:\\\/\\\/autofans.com.ar\\\/?s={search_term_string}\"},\"query-input\":{\"@type\":\"PropertyValueSpecification\",\"valueRequired\":true,\"valueName\":\"search_term_string\"}}],\"inLanguage\":\"es\"},{\"@type\":\"Person\",\"@id\":\"https:\\\/\\\/autofans.com.ar\\\/#\\\/schema\\\/person\\\/4a8dda0b6df83ac3d6723e921274c2aa\",\"name\":\"Alejandro Gabriel Rosito\",\"image\":{\"@type\":\"ImageObject\",\"inLanguage\":\"es\",\"@id\":\"https:\\\/\\\/secure.gravatar.com\\\/avatar\\\/16c5dda1489adfc62618084dcbb91cffd879c374b13fe5dd8e44ed6733852c88?s=96&d=mm&r=g\",\"url\":\"https:\\\/\\\/secure.gravatar.com\\\/avatar\\\/16c5dda1489adfc62618084dcbb91cffd879c374b13fe5dd8e44ed6733852c88?s=96&d=mm&r=g\",\"contentUrl\":\"https:\\\/\\\/secure.gravatar.com\\\/avatar\\\/16c5dda1489adfc62618084dcbb91cffd879c374b13fe5dd8e44ed6733852c88?s=96&d=mm&r=g\",\"caption\":\"Alejandro Gabriel Rosito\"},\"url\":\"https:\\\/\\\/autofans.com.ar\\\/index.php\\\/author\\\/gabrielr\\\/\"}]}<\/script>\n<!-- \/ Yoast SEO plugin. -->","yoast_head_json":{"title":"IVECO Group y C\u00f3rdoba juntos por el futuro laboral de los j\u00f3venes -","description":"A trav\u00e9s del programa Ruta Hacia el Futuro, estudiantes secundarios acceder\u00e1n a pr\u00e1cticas formativas en las plantas de IVECO y FPT Industrial","robots":{"index":"index","follow":"follow","max-snippet":"max-snippet:-1","max-image-preview":"max-image-preview:large","max-video-preview":"max-video-preview:-1"},"canonical":"https:\/\/autofans.com.ar\/index.php\/2024\/11\/21\/iveco-group-y-cordoba-juntos-por-el-futuro-laboral-de-los-jovenes\/","og_locale":"es_ES","og_type":"article","og_title":"IVECO Group y C\u00f3rdoba juntos por el futuro laboral de los j\u00f3venes -","og_description":"A trav\u00e9s del programa Ruta Hacia el Futuro, estudiantes secundarios acceder\u00e1n a pr\u00e1cticas formativas en las plantas de IVECO y FPT Industrial","og_url":"https:\/\/autofans.com.ar\/index.php\/2024\/11\/21\/iveco-group-y-cordoba-juntos-por-el-futuro-laboral-de-los-jovenes\/","article_published_time":"2024-11-21T23:29:05+00:00","og_image":[{"width":1000,"height":667,"url":"https:\/\/autofans.com.ar\/wp-content\/uploads\/2024\/11\/IVECO-1-1.jpg","type":"image\/jpeg"}],"author":"Alejandro Gabriel Rosito","twitter_card":"summary_large_image","twitter_misc":{"Escrito por":"Alejandro Gabriel Rosito","Tiempo de lectura":"3 minutos"},"schema":{"@context":"https:\/\/schema.org","@graph":[{"@type":"Article","@id":"https:\/\/autofans.com.ar\/index.php\/2024\/11\/21\/iveco-group-y-cordoba-juntos-por-el-futuro-laboral-de-los-jovenes\/#article","isPartOf":{"@id":"https:\/\/autofans.com.ar\/index.php\/2024\/11\/21\/iveco-group-y-cordoba-juntos-por-el-futuro-laboral-de-los-jovenes\/"},"author":{"name":"Alejandro Gabriel Rosito","@id":"https:\/\/autofans.com.ar\/#\/schema\/person\/4a8dda0b6df83ac3d6723e921274c2aa"},"headline":"IVECO Group y C\u00f3rdoba juntos por el futuro laboral de los j\u00f3venes","datePublished":"2024-11-21T23:29:05+00:00","mainEntityOfPage":{"@id":"https:\/\/autofans.com.ar\/index.php\/2024\/11\/21\/iveco-group-y-cordoba-juntos-por-el-futuro-laboral-de-los-jovenes\/"},"wordCount":587,"image":{"@id":"https:\/\/autofans.com.ar\/index.php\/2024\/11\/21\/iveco-group-y-cordoba-juntos-por-el-futuro-laboral-de-los-jovenes\/#primaryimage"},"thumbnailUrl":"https:\/\/autofans.com.ar\/wp-content\/uploads\/2024\/11\/IVECO-1-1.jpg","keywords":["formaci\u00f3n laboral estudiantes","IVECO","j\u00f3venes empleo C\u00f3rdoba","Ministerio de Educaci\u00f3n C\u00f3rdoba","pasant\u00edas educativas C\u00f3rdoba","pr\u00e1cticas formativas","Ruta Hacia el Futuro"],"articleSection":["EMPRESAS","NOTICIAS"],"inLanguage":"es"},{"@type":"WebPage","@id":"https:\/\/autofans.com.ar\/index.php\/2024\/11\/21\/iveco-group-y-cordoba-juntos-por-el-futuro-laboral-de-los-jovenes\/","url":"https:\/\/autofans.com.ar\/index.php\/2024\/11\/21\/iveco-group-y-cordoba-juntos-por-el-futuro-laboral-de-los-jovenes\/","name":"IVECO Group y C\u00f3rdoba juntos por el futuro laboral de los j\u00f3venes -","isPartOf":{"@id":"https:\/\/autofans.com.ar\/#website"},"primaryImageOfPage":{"@id":"https:\/\/autofans.com.ar\/index.php\/2024\/11\/21\/iveco-group-y-cordoba-juntos-por-el-futuro-laboral-de-los-jovenes\/#primaryimage"},"image":{"@id":"https:\/\/autofans.com.ar\/index.php\/2024\/11\/21\/iveco-group-y-cordoba-juntos-por-el-futuro-laboral-de-los-jovenes\/#primaryimage"},"thumbnailUrl":"https:\/\/autofans.com.ar\/wp-content\/uploads\/2024\/11\/IVECO-1-1.jpg","datePublished":"2024-11-21T23:29:05+00:00","author":{"@id":"https:\/\/autofans.com.ar\/#\/schema\/person\/4a8dda0b6df83ac3d6723e921274c2aa"},"description":"A trav\u00e9s del programa Ruta Hacia el Futuro, estudiantes secundarios acceder\u00e1n a pr\u00e1cticas formativas en las plantas de IVECO y FPT Industrial","breadcrumb":{"@id":"https:\/\/autofans.com.ar\/index.php\/2024\/11\/21\/iveco-group-y-cordoba-juntos-por-el-futuro-laboral-de-los-jovenes\/#breadcrumb"},"inLanguage":"es","potentialAction":[{"@type":"ReadAction","target":["https:\/\/autofans.com.ar\/index.php\/2024\/11\/21\/iveco-group-y-cordoba-juntos-por-el-futuro-laboral-de-los-jovenes\/"]}]},{"@type":"ImageObject","inLanguage":"es","@id":"https:\/\/autofans.com.ar\/index.php\/2024\/11\/21\/iveco-group-y-cordoba-juntos-por-el-futuro-laboral-de-los-jovenes\/#primaryimage","url":"https:\/\/autofans.com.ar\/wp-content\/uploads\/2024\/11\/IVECO-1-1.jpg","contentUrl":"https:\/\/autofans.com.ar\/wp-content\/uploads\/2024\/11\/IVECO-1-1.jpg","width":1000,"height":667,"caption":"IVECO Group"},{"@type":"BreadcrumbList","@id":"https:\/\/autofans.com.ar\/index.php\/2024\/11\/21\/iveco-group-y-cordoba-juntos-por-el-futuro-laboral-de-los-jovenes\/#breadcrumb","itemListElement":[{"@type":"ListItem","position":1,"name":"Inicio","item":"https:\/\/autofans.com.ar\/"},{"@type":"ListItem","position":2,"name":"IVECO Group y C\u00f3rdoba juntos por el futuro laboral de los j\u00f3venes"}]},{"@type":"WebSite","@id":"https:\/\/autofans.com.ar\/#website","url":"https:\/\/autofans.com.ar\/","name":"","description":"El multimedio referente de la industria automotriz","potentialAction":[{"@type":"SearchAction","target":{"@type":"EntryPoint","urlTemplate":"https:\/\/autofans.com.ar\/?s={search_term_string}"},"query-input":{"@type":"PropertyValueSpecification","valueRequired":true,"valueName":"search_term_string"}}],"inLanguage":"es"},{"@type":"Person","@id":"https:\/\/autofans.com.ar\/#\/schema\/person\/4a8dda0b6df83ac3d6723e921274c2aa","name":"Alejandro Gabriel Rosito","image":{"@type":"ImageObject","inLanguage":"es","@id":"https:\/\/secure.gravatar.com\/avatar\/16c5dda1489adfc62618084dcbb91cffd879c374b13fe5dd8e44ed6733852c88?s=96&d=mm&r=g","url":"https:\/\/secure.gravatar.com\/avatar\/16c5dda1489adfc62618084dcbb91cffd879c374b13fe5dd8e44ed6733852c88?s=96&d=mm&r=g","contentUrl":"https:\/\/secure.gravatar.com\/avatar\/16c5dda1489adfc62618084dcbb91cffd879c374b13fe5dd8e44ed6733852c88?s=96&d=mm&r=g","caption":"Alejandro Gabriel Rosito"},"url":"https:\/\/autofans.com.ar\/index.php\/author\/gabrielr\/"}]}},"featured_image_urls":{"full":["https:\/\/autofans.com.ar\/wp-content\/uploads\/2024\/11\/IVECO-1-1.jpg",1000,667,false],"thumbnail":["https:\/\/autofans.com.ar\/wp-content\/uploads\/2024\/11\/IVECO-1-1-150x150.jpg",150,150,true],"medium":["https:\/\/autofans.com.ar\/wp-content\/uploads\/2024\/11\/IVECO-1-1-300x200.jpg",300,200,true],"medium_large":["https:\/\/autofans.com.ar\/wp-content\/uploads\/2024\/11\/IVECO-1-1-768x512.jpg",640,427,true],"large":["https:\/\/autofans.com.ar\/wp-content\/uploads\/2024\/11\/IVECO-1-1.jpg",640,427,false],"1536x1536":["https:\/\/autofans.com.ar\/wp-content\/uploads\/2024\/11\/IVECO-1-1.jpg",1000,667,false],"2048x2048":["https:\/\/autofans.com.ar\/wp-content\/uploads\/2024\/11\/IVECO-1-1.jpg",1000,667,false],"covernews-featured":["https:\/\/autofans.com.ar\/wp-content\/uploads\/2024\/11\/IVECO-1-1.jpg",1000,667,false],"covernews-medium":["https:\/\/autofans.com.ar\/wp-content\/uploads\/2024\/11\/IVECO-1-1-540x340.jpg",540,340,true]},"author_info":{"display_name":"Alejandro Gabriel Rosito","author_link":"https:\/\/autofans.com.ar\/index.php\/author\/gabrielr\/"},"category_info":"<a href=\"https:\/\/autofans.com.ar\/index.php\/category\/noticias\/empresas\/\" rel=\"category tag\">EMPRESAS<\/a> <a href=\"https:\/\/autofans.com.ar\/index.php\/category\/noticias\/\" rel=\"category tag\">NOTICIAS<\/a>","tag_info":"NOTICIAS","comment_count":0,"_links":{"self":[{"href":"https:\/\/autofans.com.ar\/index.php\/wp-json\/wp\/v2\/posts\/9948","targetHints":{"allow":["GET"]}}],"collection":[{"href":"https:\/\/autofans.com.ar\/index.php\/wp-json\/wp\/v2\/posts"}],"about":[{"href":"https:\/\/autofans.com.ar\/index.php\/wp-json\/wp\/v2\/types\/post"}],"author":[{"embeddable":true,"href":"https:\/\/autofans.com.ar\/index.php\/wp-json\/wp\/v2\/users\/2"}],"replies":[{"embeddable":true,"href":"https:\/\/autofans.com.ar\/index.php\/wp-json\/wp\/v2\/comments?post=9948"}],"version-history":[{"count":3,"href":"https:\/\/autofans.com.ar\/index.php\/wp-json\/wp\/v2\/posts\/9948\/revisions"}],"predecessor-version":[{"id":9954,"href":"https:\/\/autofans.com.ar\/index.php\/wp-json\/wp\/v2\/posts\/9948\/revisions\/9954"}],"wp:featuredmedia":[{"embeddable":true,"href":"https:\/\/autofans.com.ar\/index.php\/wp-json\/wp\/v2\/media\/9951"}],"wp:attachment":[{"href":"https:\/\/autofans.com.ar\/index.php\/wp-json\/wp\/v2\/media?parent=9948"}],"wp:term":[{"taxonomy":"category","embeddable":true,"href":"https:\/\/autofans.com.ar\/index.php\/wp-json\/wp\/v2\/categories?post=9948"},{"taxonomy":"post_tag","embeddable":true,"href":"https:\/\/autofans.com.ar\/index.php\/wp-json\/wp\/v2\/tags?post=9948"}],"curies":[{"name":"wp","href":"https:\/\/api.w.org\/{rel}","templated":true}]}}