{"id":9955,"date":"2024-11-22T14:39:51","date_gmt":"2024-11-22T17:39:51","guid":{"rendered":"https:\/\/autofans.com.ar\/?p=9955"},"modified":"2024-11-22T14:39:51","modified_gmt":"2024-11-22T17:39:51","slug":"tributo-del-aca-a-los-veteranos-de-malvinas-en-el-dia-de-la-soberania-nacional","status":"publish","type":"post","link":"https:\/\/autofans.com.ar\/index.php\/2024\/11\/22\/tributo-del-aca-a-los-veteranos-de-malvinas-en-el-dia-de-la-soberania-nacional\/","title":{"rendered":"Tributo del ACA a los Veteranos de Malvinas en el D\u00eda de la Soberan\u00eda Nacional"},"content":{"rendered":"<p>Este mi\u00e9rcoles 20 de noviembre, en el marco del D\u00eda de la Soberan\u00eda Nacional, la sede central del Autom\u00f3vil Club Argentino (ACA) fue escenario de un sentido homenaje a los Veteranos de la Guerra de Malvinas. En el acto participaron m\u00e1s de 70 excombatientes pertenecientes al Ej\u00e9rcito, la Armada y la Fuerza A\u00e9rea, junto a representantes de estas instituciones y del Ministerio de Defensa de la Naci\u00f3n.<\/p>\n<p>&nbsp;<\/p>\n<blockquote>\n<p style=\"text-align: center;\">El presidente del ACA, C\u00e9sar Carman asegur\u00f3 que para el Autom\u00f3vil Club Argentino \u2013que fue fundamental en el apoyo log\u00edstico al esfuerzo b\u00e9lico durante el Conflicto-, homenajear a los Veteranos es un deber: \u201cNos lo impone la generosa sangre derramada por nuestros h\u00e9roes. Han estado a la altura del ejemplo que nos legaron los ilustres hombres de nuestra historia\u201d, se\u00f1al\u00f3. Y agreg\u00f3: \u201cDar cumplimiento a esta obligaci\u00f3n es el homenaje m\u00e1s apropiado que podamos rendir a su entra\u00f1able memoria\u201d.<\/p>\n<\/blockquote>\n<p>&nbsp;<\/p>\n<h2>H\u00e9roes de Malvinas &#8211; reflexiones y homenajes en una ceremonia patri\u00f3tica<\/h2>\n<p>&nbsp;<\/p>\n<p><img fetchpriority=\"high\" decoding=\"async\" class=\"aligncenter wp-image-9959 size-full\" src=\"https:\/\/autofans.com.ar\/wp-content\/uploads\/2024\/11\/aca-4.jpg\" alt=\"ACA\" width=\"1000\" height=\"667\" srcset=\"https:\/\/autofans.com.ar\/wp-content\/uploads\/2024\/11\/aca-4.jpg 1000w, https:\/\/autofans.com.ar\/wp-content\/uploads\/2024\/11\/aca-4-300x200.jpg 300w, https:\/\/autofans.com.ar\/wp-content\/uploads\/2024\/11\/aca-4-768x512.jpg 768w\" sizes=\"(max-width: 1000px) 100vw, 1000px\" \/><\/p>\n<p>&nbsp;<\/p>\n<p>La ceremonia incluy\u00f3 palabras de seis veteranos que compartieron sus experiencias y reflexiones con el p\u00fablico, que adem\u00e1s estaba compuesto por socios, trabajadores del Club y familiares. Entre los momentos m\u00e1s destacados, Horacio Mir Gonz\u00e1lez y Jos\u00e9 Pascual, de la Fuerza A\u00e9rea, recordaron el compromiso y la uni\u00f3n que los sostuvo durante el conflicto. Por su parte, Sergio Baz\u00e1n y Waldemar Aquino, de la Armada, rindieron homenaje a los compa\u00f1eros que perdieron la vida. Finalmente, H\u00e9ctor Tesey y Daniel Enrique Gonz\u00e1lez Deibe, del Ej\u00e9rcito, reafirmaron la soberan\u00eda argentina sobre las Islas Malvinas.<\/p>\n<p>&nbsp;<\/p>\n<blockquote>\n<p style=\"text-align: center;\">Asimismo, subray\u00f3 el honor que siente al compartir la ceremonia con los h\u00e9roes de Malvinas: \u201cLas palabras no alcanzan para manifestarles nuestra gratitud. Nuestra Casa tiene y tendr\u00e1 siempre las puertas abiertas para todos los que lucharon por las Islas. Son nuestros h\u00e9roes por sus cualidades, sus haza\u00f1as y su valent\u00eda\u201d, dijo.<\/p>\n<\/blockquote>\n<p>&nbsp;<\/p>\n<h2>El ACA rinde tributo a los h\u00e9roes de Malvinas con m\u00fasica y gratitud<\/h2>\n<p>El presidente del ACA, C\u00e9sar Carman, lider\u00f3 la iniciativa y propuso institucionalizar este homenaje como parte del calendario patri\u00f3tico del Club, con la intenci\u00f3n de replicarlo en distintas sedes del pa\u00eds. Durante su discurso, destac\u00f3 el sacrificio y valent\u00eda de los veteranos, quienes estuvieron dispuestos a dar su vida por la patria.<\/p>\n<p>&nbsp;<\/p>\n<div id='gallery-1' class='gallery galleryid-9955 gallery-columns-2 gallery-size-full'><figure class='gallery-item'>\n\t\t\t<div class='gallery-icon landscape'>\n\t\t\t\t<a href='https:\/\/autofans.com.ar\/index.php\/2024\/11\/22\/tributo-del-aca-a-los-veteranos-de-malvinas-en-el-dia-de-la-soberania-nacional\/aca-2-3\/'><img loading=\"lazy\" width=\"1000\" height=\"667\" src=\"https:\/\/autofans.com.ar\/wp-content\/uploads\/2024\/11\/aca-2.jpg\" class=\"attachment-full size-full\" alt=\"ACA\" srcset=\"https:\/\/autofans.com.ar\/wp-content\/uploads\/2024\/11\/aca-2.jpg 1000w, https:\/\/autofans.com.ar\/wp-content\/uploads\/2024\/11\/aca-2-300x200.jpg 300w, https:\/\/autofans.com.ar\/wp-content\/uploads\/2024\/11\/aca-2-768x512.jpg 768w\" sizes=\"auto, (max-width: 1000px) 100vw, 1000px\" loading=\"lazy\" decoding=\"async\" \/><\/a>\n\t\t\t<\/div><\/figure><figure class='gallery-item'>\n\t\t\t<div class='gallery-icon landscape'>\n\t\t\t\t<a href='https:\/\/autofans.com.ar\/index.php\/2024\/11\/22\/tributo-del-aca-a-los-veteranos-de-malvinas-en-el-dia-de-la-soberania-nacional\/aca-3-2\/'><img loading=\"lazy\" width=\"1000\" height=\"667\" src=\"https:\/\/autofans.com.ar\/wp-content\/uploads\/2024\/11\/aca-3.jpg\" class=\"attachment-full size-full\" alt=\"ACA\" srcset=\"https:\/\/autofans.com.ar\/wp-content\/uploads\/2024\/11\/aca-3.jpg 1000w, https:\/\/autofans.com.ar\/wp-content\/uploads\/2024\/11\/aca-3-300x200.jpg 300w, https:\/\/autofans.com.ar\/wp-content\/uploads\/2024\/11\/aca-3-768x512.jpg 768w\" sizes=\"auto, (max-width: 1000px) 100vw, 1000px\" loading=\"lazy\" decoding=\"async\" \/><\/a>\n\t\t\t<\/div><\/figure>\n\t\t<\/div>\n\n<p>&nbsp;<\/p>\n<p>La ceremonia cont\u00f3 con la participaci\u00f3n de la Banda Militar del Regimiento de Infanter\u00eda 1 Patricios, que aport\u00f3 un marco musical a la jornada. Este homenaje fue un acto de reconocimiento y gratitud hacia quienes defendieron la soberan\u00eda nacional.<\/p>\n<p>&nbsp;<\/p>\n<p>&nbsp;<\/p>\n<p>&nbsp;<\/p>\n<p><i>Para enterarte de m\u00e1s novedades, no dejes de leer\u00a0<\/i><a href=\"https:\/\/autofans.thebrandsoup.com\/\"><i>nuestras notas<\/i><\/a><i>, de ver<\/i><b><i>\u00a0<\/i><\/b><a href=\"https:\/\/www.youtube.com\/channel\/UCgAC8UGHZYbT6P7PpmVnP7g\"><b><i>AUTOFANS TV<\/i><\/b><\/a><b><i>\u00a0<\/i><\/b><i>en nuestro\u00a0canal de Youtube. Adem\u00e1s seguinos en\u00a0<\/i><a href=\"https:\/\/www.instagram.com\/autofanstv\/\"><i>INSTAGRAM<\/i><\/a><i> y <\/i><a href=\"https:\/\/www.facebook.com\/autofansmas\/\"><i>FACEBOOK<\/i><\/a><i> para no perderte nada sobre las novedades del segmento automotor de Argentina y el mundo.<\/i><\/p>\n","protected":false},"excerpt":{"rendered":"<p>Este mi\u00e9rcoles 20 de noviembre, en el marco del D\u00eda de la Soberan\u00eda Nacional, la&#8230;<\/p>\n","protected":false},"author":2,"featured_media":9962,"comment_status":"closed","ping_status":"closed","sticky":false,"template":"","format":"standard","meta":{"footnotes":""},"categories":[6,16],"tags":[2103,5392,5393,5394,5391],"class_list":["post-9955","post","type-post","status-publish","format-standard","has-post-thumbnail","hentry","category-bizstyle","category-noticias","tag-automovil-club-argentino","tag-dia-de-la-soberania-nacional","tag-homenaje-a-heroes","tag-malvinas-argentinas","tag-veteranos-de-malvinas"],"yoast_head":"<!-- This site is optimized with the Yoast SEO plugin v27.5 - https:\/\/yoast.com\/product\/yoast-seo-wordpress\/ -->\n<title>Tributo del ACA a los Veteranos de Malvinas en el D\u00eda de la Soberan\u00eda Nacional -<\/title>\n<meta name=\"description\" content=\"En el D\u00eda de la Soberan\u00eda Nacional, el (ACA) fue escenario de un sentido homenaje a los Veteranos de la Guerra de Malvinas...\" \/>\n<meta name=\"robots\" content=\"index, follow, max-snippet:-1, max-image-preview:large, max-video-preview:-1\" \/>\n<link rel=\"canonical\" href=\"https:\/\/autofans.com.ar\/index.php\/2024\/11\/22\/tributo-del-aca-a-los-veteranos-de-malvinas-en-el-dia-de-la-soberania-nacional\/\" \/>\n<meta property=\"og:locale\" content=\"es_ES\" \/>\n<meta property=\"og:type\" content=\"article\" \/>\n<meta property=\"og:title\" content=\"Tributo del ACA a los Veteranos de Malvinas en el D\u00eda de la Soberan\u00eda Nacional -\" \/>\n<meta property=\"og:description\" content=\"En el D\u00eda de la Soberan\u00eda Nacional, el (ACA) fue escenario de un sentido homenaje a los Veteranos de la Guerra de Malvinas...\" \/>\n<meta property=\"og:url\" content=\"https:\/\/autofans.com.ar\/index.php\/2024\/11\/22\/tributo-del-aca-a-los-veteranos-de-malvinas-en-el-dia-de-la-soberania-nacional\/\" \/>\n<meta property=\"article:published_time\" content=\"2024-11-22T17:39:51+00:00\" \/>\n<meta property=\"og:image\" content=\"https:\/\/autofans.com.ar\/wp-content\/uploads\/2024\/11\/aca-1.jpg\" \/>\n\t<meta property=\"og:image:width\" content=\"1000\" \/>\n\t<meta property=\"og:image:height\" content=\"667\" \/>\n\t<meta property=\"og:image:type\" content=\"image\/jpeg\" \/>\n<meta name=\"author\" content=\"Alejandro Gabriel Rosito\" \/>\n<meta name=\"twitter:card\" content=\"summary_large_image\" \/>\n<meta name=\"twitter:label1\" content=\"Escrito por\" \/>\n\t<meta name=\"twitter:data1\" content=\"Alejandro Gabriel Rosito\" \/>\n\t<meta name=\"twitter:label2\" content=\"Tiempo de lectura\" \/>\n\t<meta name=\"twitter:data2\" content=\"2 minutos\" \/>\n<script type=\"application\/ld+json\" class=\"yoast-schema-graph\">{\"@context\":\"https:\\\/\\\/schema.org\",\"@graph\":[{\"@type\":\"Article\",\"@id\":\"https:\\\/\\\/autofans.com.ar\\\/index.php\\\/2024\\\/11\\\/22\\\/tributo-del-aca-a-los-veteranos-de-malvinas-en-el-dia-de-la-soberania-nacional\\\/#article\",\"isPartOf\":{\"@id\":\"https:\\\/\\\/autofans.com.ar\\\/index.php\\\/2024\\\/11\\\/22\\\/tributo-del-aca-a-los-veteranos-de-malvinas-en-el-dia-de-la-soberania-nacional\\\/\"},\"author\":{\"name\":\"Alejandro Gabriel Rosito\",\"@id\":\"https:\\\/\\\/autofans.com.ar\\\/#\\\/schema\\\/person\\\/4a8dda0b6df83ac3d6723e921274c2aa\"},\"headline\":\"Tributo del ACA a los Veteranos de Malvinas en el D\u00eda de la Soberan\u00eda Nacional\",\"datePublished\":\"2024-11-22T17:39:51+00:00\",\"mainEntityOfPage\":{\"@id\":\"https:\\\/\\\/autofans.com.ar\\\/index.php\\\/2024\\\/11\\\/22\\\/tributo-del-aca-a-los-veteranos-de-malvinas-en-el-dia-de-la-soberania-nacional\\\/\"},\"wordCount\":523,\"image\":{\"@id\":\"https:\\\/\\\/autofans.com.ar\\\/index.php\\\/2024\\\/11\\\/22\\\/tributo-del-aca-a-los-veteranos-de-malvinas-en-el-dia-de-la-soberania-nacional\\\/#primaryimage\"},\"thumbnailUrl\":\"https:\\\/\\\/autofans.com.ar\\\/wp-content\\\/uploads\\\/2024\\\/11\\\/aca-1.jpg\",\"keywords\":[\"Automovil Club Argentino\",\"D\u00eda de la Soberan\u00eda Nacional\",\"homenaje a h\u00e9roes\",\"Malvinas Argentinas\",\"Veteranos de Malvinas\"],\"articleSection\":[\"BIZSTYLE\",\"NOTICIAS\"],\"inLanguage\":\"es\"},{\"@type\":\"WebPage\",\"@id\":\"https:\\\/\\\/autofans.com.ar\\\/index.php\\\/2024\\\/11\\\/22\\\/tributo-del-aca-a-los-veteranos-de-malvinas-en-el-dia-de-la-soberania-nacional\\\/\",\"url\":\"https:\\\/\\\/autofans.com.ar\\\/index.php\\\/2024\\\/11\\\/22\\\/tributo-del-aca-a-los-veteranos-de-malvinas-en-el-dia-de-la-soberania-nacional\\\/\",\"name\":\"Tributo del ACA a los Veteranos de Malvinas en el D\u00eda de la Soberan\u00eda Nacional -\",\"isPartOf\":{\"@id\":\"https:\\\/\\\/autofans.com.ar\\\/#website\"},\"primaryImageOfPage\":{\"@id\":\"https:\\\/\\\/autofans.com.ar\\\/index.php\\\/2024\\\/11\\\/22\\\/tributo-del-aca-a-los-veteranos-de-malvinas-en-el-dia-de-la-soberania-nacional\\\/#primaryimage\"},\"image\":{\"@id\":\"https:\\\/\\\/autofans.com.ar\\\/index.php\\\/2024\\\/11\\\/22\\\/tributo-del-aca-a-los-veteranos-de-malvinas-en-el-dia-de-la-soberania-nacional\\\/#primaryimage\"},\"thumbnailUrl\":\"https:\\\/\\\/autofans.com.ar\\\/wp-content\\\/uploads\\\/2024\\\/11\\\/aca-1.jpg\",\"datePublished\":\"2024-11-22T17:39:51+00:00\",\"author\":{\"@id\":\"https:\\\/\\\/autofans.com.ar\\\/#\\\/schema\\\/person\\\/4a8dda0b6df83ac3d6723e921274c2aa\"},\"description\":\"En el D\u00eda de la Soberan\u00eda Nacional, el (ACA) fue escenario de un sentido homenaje a los Veteranos de la Guerra de Malvinas...\",\"breadcrumb\":{\"@id\":\"https:\\\/\\\/autofans.com.ar\\\/index.php\\\/2024\\\/11\\\/22\\\/tributo-del-aca-a-los-veteranos-de-malvinas-en-el-dia-de-la-soberania-nacional\\\/#breadcrumb\"},\"inLanguage\":\"es\",\"potentialAction\":[{\"@type\":\"ReadAction\",\"target\":[\"https:\\\/\\\/autofans.com.ar\\\/index.php\\\/2024\\\/11\\\/22\\\/tributo-del-aca-a-los-veteranos-de-malvinas-en-el-dia-de-la-soberania-nacional\\\/\"]}]},{\"@type\":\"ImageObject\",\"inLanguage\":\"es\",\"@id\":\"https:\\\/\\\/autofans.com.ar\\\/index.php\\\/2024\\\/11\\\/22\\\/tributo-del-aca-a-los-veteranos-de-malvinas-en-el-dia-de-la-soberania-nacional\\\/#primaryimage\",\"url\":\"https:\\\/\\\/autofans.com.ar\\\/wp-content\\\/uploads\\\/2024\\\/11\\\/aca-1.jpg\",\"contentUrl\":\"https:\\\/\\\/autofans.com.ar\\\/wp-content\\\/uploads\\\/2024\\\/11\\\/aca-1.jpg\",\"width\":1000,\"height\":667,\"caption\":\"ACA\"},{\"@type\":\"BreadcrumbList\",\"@id\":\"https:\\\/\\\/autofans.com.ar\\\/index.php\\\/2024\\\/11\\\/22\\\/tributo-del-aca-a-los-veteranos-de-malvinas-en-el-dia-de-la-soberania-nacional\\\/#breadcrumb\",\"itemListElement\":[{\"@type\":\"ListItem\",\"position\":1,\"name\":\"Inicio\",\"item\":\"https:\\\/\\\/autofans.com.ar\\\/\"},{\"@type\":\"ListItem\",\"position\":2,\"name\":\"Tributo del ACA a los Veteranos de Malvinas en el D\u00eda de la Soberan\u00eda Nacional\"}]},{\"@type\":\"WebSite\",\"@id\":\"https:\\\/\\\/autofans.com.ar\\\/#website\",\"url\":\"https:\\\/\\\/autofans.com.ar\\\/\",\"name\":\"\",\"description\":\"El multimedio referente de la industria automotriz\",\"potentialAction\":[{\"@type\":\"SearchAction\",\"target\":{\"@type\":\"EntryPoint\",\"urlTemplate\":\"https:\\\/\\\/autofans.com.ar\\\/?s={search_term_string}\"},\"query-input\":{\"@type\":\"PropertyValueSpecification\",\"valueRequired\":true,\"valueName\":\"search_term_string\"}}],\"inLanguage\":\"es\"},{\"@type\":\"Person\",\"@id\":\"https:\\\/\\\/autofans.com.ar\\\/#\\\/schema\\\/person\\\/4a8dda0b6df83ac3d6723e921274c2aa\",\"name\":\"Alejandro Gabriel Rosito\",\"image\":{\"@type\":\"ImageObject\",\"inLanguage\":\"es\",\"@id\":\"https:\\\/\\\/secure.gravatar.com\\\/avatar\\\/16c5dda1489adfc62618084dcbb91cffd879c374b13fe5dd8e44ed6733852c88?s=96&d=mm&r=g\",\"url\":\"https:\\\/\\\/secure.gravatar.com\\\/avatar\\\/16c5dda1489adfc62618084dcbb91cffd879c374b13fe5dd8e44ed6733852c88?s=96&d=mm&r=g\",\"contentUrl\":\"https:\\\/\\\/secure.gravatar.com\\\/avatar\\\/16c5dda1489adfc62618084dcbb91cffd879c374b13fe5dd8e44ed6733852c88?s=96&d=mm&r=g\",\"caption\":\"Alejandro Gabriel Rosito\"},\"url\":\"https:\\\/\\\/autofans.com.ar\\\/index.php\\\/author\\\/gabrielr\\\/\"}]}<\/script>\n<!-- \/ Yoast SEO plugin. -->","yoast_head_json":{"title":"Tributo del ACA a los Veteranos de Malvinas en el D\u00eda de la Soberan\u00eda Nacional -","description":"En el D\u00eda de la Soberan\u00eda Nacional, el (ACA) fue escenario de un sentido homenaje a los Veteranos de la Guerra de Malvinas...","robots":{"index":"index","follow":"follow","max-snippet":"max-snippet:-1","max-image-preview":"max-image-preview:large","max-video-preview":"max-video-preview:-1"},"canonical":"https:\/\/autofans.com.ar\/index.php\/2024\/11\/22\/tributo-del-aca-a-los-veteranos-de-malvinas-en-el-dia-de-la-soberania-nacional\/","og_locale":"es_ES","og_type":"article","og_title":"Tributo del ACA a los Veteranos de Malvinas en el D\u00eda de la Soberan\u00eda Nacional -","og_description":"En el D\u00eda de la Soberan\u00eda Nacional, el (ACA) fue escenario de un sentido homenaje a los Veteranos de la Guerra de Malvinas...","og_url":"https:\/\/autofans.com.ar\/index.php\/2024\/11\/22\/tributo-del-aca-a-los-veteranos-de-malvinas-en-el-dia-de-la-soberania-nacional\/","article_published_time":"2024-11-22T17:39:51+00:00","og_image":[{"width":1000,"height":667,"url":"https:\/\/autofans.com.ar\/wp-content\/uploads\/2024\/11\/aca-1.jpg","type":"image\/jpeg"}],"author":"Alejandro Gabriel Rosito","twitter_card":"summary_large_image","twitter_misc":{"Escrito por":"Alejandro Gabriel Rosito","Tiempo de lectura":"2 minutos"},"schema":{"@context":"https:\/\/schema.org","@graph":[{"@type":"Article","@id":"https:\/\/autofans.com.ar\/index.php\/2024\/11\/22\/tributo-del-aca-a-los-veteranos-de-malvinas-en-el-dia-de-la-soberania-nacional\/#article","isPartOf":{"@id":"https:\/\/autofans.com.ar\/index.php\/2024\/11\/22\/tributo-del-aca-a-los-veteranos-de-malvinas-en-el-dia-de-la-soberania-nacional\/"},"author":{"name":"Alejandro Gabriel Rosito","@id":"https:\/\/autofans.com.ar\/#\/schema\/person\/4a8dda0b6df83ac3d6723e921274c2aa"},"headline":"Tributo del ACA a los Veteranos de Malvinas en el D\u00eda de la Soberan\u00eda Nacional","datePublished":"2024-11-22T17:39:51+00:00","mainEntityOfPage":{"@id":"https:\/\/autofans.com.ar\/index.php\/2024\/11\/22\/tributo-del-aca-a-los-veteranos-de-malvinas-en-el-dia-de-la-soberania-nacional\/"},"wordCount":523,"image":{"@id":"https:\/\/autofans.com.ar\/index.php\/2024\/11\/22\/tributo-del-aca-a-los-veteranos-de-malvinas-en-el-dia-de-la-soberania-nacional\/#primaryimage"},"thumbnailUrl":"https:\/\/autofans.com.ar\/wp-content\/uploads\/2024\/11\/aca-1.jpg","keywords":["Automovil Club Argentino","D\u00eda de la Soberan\u00eda Nacional","homenaje a h\u00e9roes","Malvinas Argentinas","Veteranos de Malvinas"],"articleSection":["BIZSTYLE","NOTICIAS"],"inLanguage":"es"},{"@type":"WebPage","@id":"https:\/\/autofans.com.ar\/index.php\/2024\/11\/22\/tributo-del-aca-a-los-veteranos-de-malvinas-en-el-dia-de-la-soberania-nacional\/","url":"https:\/\/autofans.com.ar\/index.php\/2024\/11\/22\/tributo-del-aca-a-los-veteranos-de-malvinas-en-el-dia-de-la-soberania-nacional\/","name":"Tributo del ACA a los Veteranos de Malvinas en el D\u00eda de la Soberan\u00eda Nacional -","isPartOf":{"@id":"https:\/\/autofans.com.ar\/#website"},"primaryImageOfPage":{"@id":"https:\/\/autofans.com.ar\/index.php\/2024\/11\/22\/tributo-del-aca-a-los-veteranos-de-malvinas-en-el-dia-de-la-soberania-nacional\/#primaryimage"},"image":{"@id":"https:\/\/autofans.com.ar\/index.php\/2024\/11\/22\/tributo-del-aca-a-los-veteranos-de-malvinas-en-el-dia-de-la-soberania-nacional\/#primaryimage"},"thumbnailUrl":"https:\/\/autofans.com.ar\/wp-content\/uploads\/2024\/11\/aca-1.jpg","datePublished":"2024-11-22T17:39:51+00:00","author":{"@id":"https:\/\/autofans.com.ar\/#\/schema\/person\/4a8dda0b6df83ac3d6723e921274c2aa"},"description":"En el D\u00eda de la Soberan\u00eda Nacional, el (ACA) fue escenario de un sentido homenaje a los Veteranos de la Guerra de Malvinas...","breadcrumb":{"@id":"https:\/\/autofans.com.ar\/index.php\/2024\/11\/22\/tributo-del-aca-a-los-veteranos-de-malvinas-en-el-dia-de-la-soberania-nacional\/#breadcrumb"},"inLanguage":"es","potentialAction":[{"@type":"ReadAction","target":["https:\/\/autofans.com.ar\/index.php\/2024\/11\/22\/tributo-del-aca-a-los-veteranos-de-malvinas-en-el-dia-de-la-soberania-nacional\/"]}]},{"@type":"ImageObject","inLanguage":"es","@id":"https:\/\/autofans.com.ar\/index.php\/2024\/11\/22\/tributo-del-aca-a-los-veteranos-de-malvinas-en-el-dia-de-la-soberania-nacional\/#primaryimage","url":"https:\/\/autofans.com.ar\/wp-content\/uploads\/2024\/11\/aca-1.jpg","contentUrl":"https:\/\/autofans.com.ar\/wp-content\/uploads\/2024\/11\/aca-1.jpg","width":1000,"height":667,"caption":"ACA"},{"@type":"BreadcrumbList","@id":"https:\/\/autofans.com.ar\/index.php\/2024\/11\/22\/tributo-del-aca-a-los-veteranos-de-malvinas-en-el-dia-de-la-soberania-nacional\/#breadcrumb","itemListElement":[{"@type":"ListItem","position":1,"name":"Inicio","item":"https:\/\/autofans.com.ar\/"},{"@type":"ListItem","position":2,"name":"Tributo del ACA a los Veteranos de Malvinas en el D\u00eda de la Soberan\u00eda Nacional"}]},{"@type":"WebSite","@id":"https:\/\/autofans.com.ar\/#website","url":"https:\/\/autofans.com.ar\/","name":"","description":"El multimedio referente de la industria automotriz","potentialAction":[{"@type":"SearchAction","target":{"@type":"EntryPoint","urlTemplate":"https:\/\/autofans.com.ar\/?s={search_term_string}"},"query-input":{"@type":"PropertyValueSpecification","valueRequired":true,"valueName":"search_term_string"}}],"inLanguage":"es"},{"@type":"Person","@id":"https:\/\/autofans.com.ar\/#\/schema\/person\/4a8dda0b6df83ac3d6723e921274c2aa","name":"Alejandro Gabriel Rosito","image":{"@type":"ImageObject","inLanguage":"es","@id":"https:\/\/secure.gravatar.com\/avatar\/16c5dda1489adfc62618084dcbb91cffd879c374b13fe5dd8e44ed6733852c88?s=96&d=mm&r=g","url":"https:\/\/secure.gravatar.com\/avatar\/16c5dda1489adfc62618084dcbb91cffd879c374b13fe5dd8e44ed6733852c88?s=96&d=mm&r=g","contentUrl":"https:\/\/secure.gravatar.com\/avatar\/16c5dda1489adfc62618084dcbb91cffd879c374b13fe5dd8e44ed6733852c88?s=96&d=mm&r=g","caption":"Alejandro Gabriel Rosito"},"url":"https:\/\/autofans.com.ar\/index.php\/author\/gabrielr\/"}]}},"featured_image_urls":{"full":["https:\/\/autofans.com.ar\/wp-content\/uploads\/2024\/11\/aca-1.jpg",1000,667,false],"thumbnail":["https:\/\/autofans.com.ar\/wp-content\/uploads\/2024\/11\/aca-1-150x150.jpg",150,150,true],"medium":["https:\/\/autofans.com.ar\/wp-content\/uploads\/2024\/11\/aca-1-300x200.jpg",300,200,true],"medium_large":["https:\/\/autofans.com.ar\/wp-content\/uploads\/2024\/11\/aca-1-768x512.jpg",640,427,true],"large":["https:\/\/autofans.com.ar\/wp-content\/uploads\/2024\/11\/aca-1.jpg",640,427,false],"1536x1536":["https:\/\/autofans.com.ar\/wp-content\/uploads\/2024\/11\/aca-1.jpg",1000,667,false],"2048x2048":["https:\/\/autofans.com.ar\/wp-content\/uploads\/2024\/11\/aca-1.jpg",1000,667,false],"covernews-featured":["https:\/\/autofans.com.ar\/wp-content\/uploads\/2024\/11\/aca-1.jpg",1000,667,false],"covernews-medium":["https:\/\/autofans.com.ar\/wp-content\/uploads\/2024\/11\/aca-1-540x340.jpg",540,340,true]},"author_info":{"display_name":"Alejandro Gabriel Rosito","author_link":"https:\/\/autofans.com.ar\/index.php\/author\/gabrielr\/"},"category_info":"<a href=\"https:\/\/autofans.com.ar\/index.php\/category\/noticias\/bizstyle\/\" rel=\"category tag\">BIZSTYLE<\/a> <a href=\"https:\/\/autofans.com.ar\/index.php\/category\/noticias\/\" rel=\"category tag\">NOTICIAS<\/a>","tag_info":"NOTICIAS","comment_count":0,"_links":{"self":[{"href":"https:\/\/autofans.com.ar\/index.php\/wp-json\/wp\/v2\/posts\/9955","targetHints":{"allow":["GET"]}}],"collection":[{"href":"https:\/\/autofans.com.ar\/index.php\/wp-json\/wp\/v2\/posts"}],"about":[{"href":"https:\/\/autofans.com.ar\/index.php\/wp-json\/wp\/v2\/types\/post"}],"author":[{"embeddable":true,"href":"https:\/\/autofans.com.ar\/index.php\/wp-json\/wp\/v2\/users\/2"}],"replies":[{"embeddable":true,"href":"https:\/\/autofans.com.ar\/index.php\/wp-json\/wp\/v2\/comments?post=9955"}],"version-history":[{"count":4,"href":"https:\/\/autofans.com.ar\/index.php\/wp-json\/wp\/v2\/posts\/9955\/revisions"}],"predecessor-version":[{"id":9963,"href":"https:\/\/autofans.com.ar\/index.php\/wp-json\/wp\/v2\/posts\/9955\/revisions\/9963"}],"wp:featuredmedia":[{"embeddable":true,"href":"https:\/\/autofans.com.ar\/index.php\/wp-json\/wp\/v2\/media\/9962"}],"wp:attachment":[{"href":"https:\/\/autofans.com.ar\/index.php\/wp-json\/wp\/v2\/media?parent=9955"}],"wp:term":[{"taxonomy":"category","embeddable":true,"href":"https:\/\/autofans.com.ar\/index.php\/wp-json\/wp\/v2\/categories?post=9955"},{"taxonomy":"post_tag","embeddable":true,"href":"https:\/\/autofans.com.ar\/index.php\/wp-json\/wp\/v2\/tags?post=9955"}],"curies":[{"name":"wp","href":"https:\/\/api.w.org\/{rel}","templated":true}]}}